{"id":214295,"date":"2024-05-21T19:38:00","date_gmt":"2024-05-21T19:38:00","guid":{"rendered":"https:\/\/www.webdo.tn\/fr\/blog\/kais-saied-une-retraite-digne-et-de-nouvelles-visions-pour-les-fonds-sociaux\/214295\/"},"modified":"2024-05-21T19:38:00","modified_gmt":"2024-05-21T19:38:00","slug":"kais-saied-une-retraite-digne-et-de-nouvelles-visions-pour-les-fonds-sociaux","status":"publish","type":"post","link":"https:\/\/www.webdo.tn\/fr\/actualite\/national\/kais-saied-une-retraite-digne-et-de-nouvelles-visions-pour-les-fonds-sociaux\/214295\/","title":{"rendered":"Kais Saied : \u00ab\u00a0Une retraite digne et de nouvelles visions pour les fonds sociaux\u00a0\u00bb"},"content":{"rendered":"<p>Le Pr\u00e9sident de la R\u00e9publique, Ka\u00efs Sa\u00efed, a re\u00e7u le ministre des affaires sociales, Malek Zahi, ce mardi 21 mai 2024 au Palais de Carthage, afin d&rsquo;\u00e9voquer certaines sujets sociaux importants, selon un communiqu\u00e9 publi\u00e9 par la Pr\u00e9sidence de la R\u00e9publique.<\/p>\n<p>\t\t\t\t\t\t\t\t\tLe chef de l&rsquo;Etat a ainsi\u00a0\u00e9voqu\u00e9 la n\u00e9cessit\u00e9 de r\u00e9gler la situation des travailleurs journaliers et des retrait\u00e9s qui ont consacr\u00e9 des d\u00e9cennies \u00e0 leur travail sans que personne ne pr\u00eate attention \u00e0 eux aujourd&rsquo;hui, ce qui est une injustice flagrante qui ne peut pas perdurer. En ce sens, l&rsquo;augmentation des salaires doit \u00eatre automatique, estime Kais Saied,\u00a0tout comme l&rsquo;ajustement automatique des pensions. Il a soulign\u00e9 que les travailleurs ont droit \u00e0 des salaires justes tout comme les retrait\u00e9s ont droit \u00e0 des pensions justes qui pr\u00e9servent leur honneur et leur dignit\u00e9.<\/p>\n<p>Kais Saied a \u00e9galement abord\u00e9 avec son ministre les avanc\u00e9es du\u00a0nouveau cadre l\u00e9gislatif dont la mise en place devrait\u00a0rompre avec l&rsquo;h\u00e9ritage juridique h\u00e9rit\u00e9 par le pays\u00a0et devenu obsol\u00e8te, en plus de la corruption, de l&rsquo;injustice, de la partialit\u00e9 et de l&rsquo;exclusion.\u00a0<\/p>\n<p>Enfin,\u00a0la n\u00e9cessit\u00e9 de repenser le soutien aux fonds sociaux en \u00e9laborant des approches diff\u00e9rentes et des visions nouvelles qui permettent non seulement d&rsquo;atteindre un \u00e9quilibre financier, mais aussi de r\u00e9aliser les objectifs l\u00e9gitimes pour lesquels ils ont \u00e9t\u00e9 cr\u00e9\u00e9s, a \u00e9t\u00e9 au centre de l&rsquo;entrevue.<\/p>\n","protected":false},"excerpt":{"rendered":"<p>Le Pr\u00e9sident de la R\u00e9publique, Ka\u00efs Sa\u00efed, a re\u00e7u le ministre des affaires sociales, Malek Zahi, ce mardi 21 mai 2024 au Palais de Carthage, afin d&rsquo;\u00e9voquer cert&#8230;<\/p>\n","protected":false},"author":3169,"featured_media":247338,"comment_status":"open","ping_status":"closed","sticky":false,"template":"","format":"standard","meta":{"footnotes":""},"categories":[44],"tags":[4644,6459,2614,6458,6245],"class_list":["post-214295","post","type-post","status-publish","format-standard","has-post-thumbnail","hentry","category-national","tag-affaires-sociales","tag-fonds-sociaux","tag-kais-saied","tag-malek-zahi","tag-retraite"],"yoast_head":"<!-- This site is optimized with the Yoast SEO Premium plugin v27.5 (Yoast SEO v27.5) - https:\/\/yoast.com\/product\/yoast-seo-premium-wordpress\/ -->\n<title>Kais Saied : Une retraite digne et de nouvelles visions pour les fonds sociaux<\/title>\n<meta name=\"description\" content=\"Le Pr\u00e9sident de la R\u00e9publique, Ka\u00efs Sa\u00efed, a re\u00e7u le ministre des affaires sociales, Malek Zahi, ce mardi 21 mai 2024 au Palais de Carthage, afin d&#039;\u00e9voquer cert...\" \/>\n<link rel=\"canonical\" href=\"https:\/\/www.webdo.tn\/fr\/actualite\/national\/kais-saied-une-retraite-digne-et-de-nouvelles-visions-pour-les-fonds-sociaux\/214295\/\" \/>\n<meta property=\"og:locale\" content=\"fr_FR\" \/>\n<meta property=\"og:type\" content=\"article\" \/>\n<meta property=\"og:title\" content=\"Kais Saied : &quot;Une retraite digne et de nouvelles visions pour les fonds sociaux&quot;\" \/>\n<meta property=\"og:description\" content=\"Le Pr\u00e9sident de la R\u00e9publique, Ka\u00efs Sa\u00efed, a re\u00e7u le ministre des affaires sociales, Malek Zahi, ce mardi 21 mai 2024 au Palais de Carthage, afin d&#039;\u00e9voquer cert...\" \/>\n<meta property=\"og:url\" content=\"https:\/\/www.webdo.tn\/fr\/actualite\/national\/kais-saied-une-retraite-digne-et-de-nouvelles-visions-pour-les-fonds-sociaux\/214295\/\" \/>\n<meta property=\"og:site_name\" content=\"webdo\" \/>\n<meta property=\"article:publisher\" content=\"https:\/\/www.facebook.com\/webdotn\" \/>\n<meta property=\"article:published_time\" content=\"2024-05-21T19:38:00+00:00\" \/>\n<meta property=\"og:image\" content=\"https:\/\/www.webdo.tn\/fr\/wp-content\/uploads\/2024\/05\/c6986f0d3b9fc655478e3ac088ec2fb0.webp\" \/>\n\t<meta property=\"og:image:width\" content=\"750\" \/>\n\t<meta property=\"og:image:height\" content=\"400\" \/>\n\t<meta property=\"og:image:type\" content=\"image\/webp\" \/>\n<meta name=\"author\" content=\"Webdo\" \/>\n<meta name=\"twitter:card\" content=\"summary_large_image\" \/>\n<meta name=\"twitter:creator\" content=\"@webdo_tn\" \/>\n<meta name=\"twitter:site\" content=\"@webdo_tn\" \/>\n<meta name=\"twitter:label1\" content=\"\u00c9crit par\" \/>\n\t<meta name=\"twitter:data1\" content=\"Webdo\" \/>\n\t<meta name=\"twitter:label2\" content=\"Dur\u00e9e de lecture estim\u00e9e\" \/>\n\t<meta name=\"twitter:data2\" content=\"1 minute\" \/>\n<script type=\"application\/ld+json\" class=\"yoast-schema-graph\">{\"@context\":\"https:\\\/\\\/schema.org\",\"@graph\":[{\"@type\":\"NewsArticle\",\"@id\":\"https:\\\/\\\/www.webdo.tn\\\/fr\\\/actualite\\\/national\\\/kais-saied-une-retraite-digne-et-de-nouvelles-visions-pour-les-fonds-sociaux\\\/214295\\\/#article\",\"isPartOf\":{\"@id\":\"https:\\\/\\\/www.webdo.tn\\\/fr\\\/actualite\\\/national\\\/kais-saied-une-retraite-digne-et-de-nouvelles-visions-pour-les-fonds-sociaux\\\/214295\\\/\"},\"author\":{\"name\":\"Webdo\",\"@id\":\"https:\\\/\\\/www.webdo.tn\\\/fr\\\/#\\\/schema\\\/person\\\/1f4e491e0907b413d61089e8eb573acc\"},\"headline\":\"Kais Saied : \u00ab\u00a0Une retraite digne et de nouvelles visions pour les fonds sociaux\u00a0\u00bb\",\"datePublished\":\"2024-05-21T19:38:00+00:00\",\"mainEntityOfPage\":{\"@id\":\"https:\\\/\\\/www.webdo.tn\\\/fr\\\/actualite\\\/national\\\/kais-saied-une-retraite-digne-et-de-nouvelles-visions-pour-les-fonds-sociaux\\\/214295\\\/\"},\"wordCount\":266,\"commentCount\":0,\"publisher\":{\"@id\":\"https:\\\/\\\/www.webdo.tn\\\/fr\\\/#organization\"},\"image\":{\"@id\":\"https:\\\/\\\/www.webdo.tn\\\/fr\\\/actualite\\\/national\\\/kais-saied-une-retraite-digne-et-de-nouvelles-visions-pour-les-fonds-sociaux\\\/214295\\\/#primaryimage\"},\"thumbnailUrl\":\"https:\\\/\\\/www.webdo.tn\\\/fr\\\/wp-content\\\/uploads\\\/2024\\\/05\\\/c6986f0d3b9fc655478e3ac088ec2fb0.webp\",\"keywords\":[\"affaires sociales\",\"fonds sociaux\",\"Kais Saied\",\"malek zahi\",\"retraite\"],\"articleSection\":[\"National\"],\"inLanguage\":\"fr-FR\"},{\"@type\":\"WebPage\",\"@id\":\"https:\\\/\\\/www.webdo.tn\\\/fr\\\/actualite\\\/national\\\/kais-saied-une-retraite-digne-et-de-nouvelles-visions-pour-les-fonds-sociaux\\\/214295\\\/\",\"url\":\"https:\\\/\\\/www.webdo.tn\\\/fr\\\/actualite\\\/national\\\/kais-saied-une-retraite-digne-et-de-nouvelles-visions-pour-les-fonds-sociaux\\\/214295\\\/\",\"name\":\"Kais Saied : Une retraite digne et de nouvelles visions pour les fonds sociaux\",\"isPartOf\":{\"@id\":\"https:\\\/\\\/www.webdo.tn\\\/fr\\\/#website\"},\"primaryImageOfPage\":{\"@id\":\"https:\\\/\\\/www.webdo.tn\\\/fr\\\/actualite\\\/national\\\/kais-saied-une-retraite-digne-et-de-nouvelles-visions-pour-les-fonds-sociaux\\\/214295\\\/#primaryimage\"},\"image\":{\"@id\":\"https:\\\/\\\/www.webdo.tn\\\/fr\\\/actualite\\\/national\\\/kais-saied-une-retraite-digne-et-de-nouvelles-visions-pour-les-fonds-sociaux\\\/214295\\\/#primaryimage\"},\"thumbnailUrl\":\"https:\\\/\\\/www.webdo.tn\\\/fr\\\/wp-content\\\/uploads\\\/2024\\\/05\\\/c6986f0d3b9fc655478e3ac088ec2fb0.webp\",\"datePublished\":\"2024-05-21T19:38:00+00:00\",\"description\":\"Le Pr\u00e9sident de la R\u00e9publique, Ka\u00efs Sa\u00efed, a re\u00e7u le ministre des affaires sociales, Malek Zahi, ce mardi 21 mai 2024 au Palais de Carthage, afin d'\u00e9voquer cert...\",\"breadcrumb\":{\"@id\":\"https:\\\/\\\/www.webdo.tn\\\/fr\\\/actualite\\\/national\\\/kais-saied-une-retraite-digne-et-de-nouvelles-visions-pour-les-fonds-sociaux\\\/214295\\\/#breadcrumb\"},\"inLanguage\":\"fr-FR\",\"potentialAction\":[{\"@type\":\"ReadAction\",\"target\":[\"https:\\\/\\\/www.webdo.tn\\\/fr\\\/actualite\\\/national\\\/kais-saied-une-retraite-digne-et-de-nouvelles-visions-pour-les-fonds-sociaux\\\/214295\\\/\"]}]},{\"@type\":\"ImageObject\",\"inLanguage\":\"fr-FR\",\"@id\":\"https:\\\/\\\/www.webdo.tn\\\/fr\\\/actualite\\\/national\\\/kais-saied-une-retraite-digne-et-de-nouvelles-visions-pour-les-fonds-sociaux\\\/214295\\\/#primaryimage\",\"url\":\"https:\\\/\\\/www.webdo.tn\\\/fr\\\/wp-content\\\/uploads\\\/2024\\\/05\\\/c6986f0d3b9fc655478e3ac088ec2fb0.webp\",\"contentUrl\":\"https:\\\/\\\/www.webdo.tn\\\/fr\\\/wp-content\\\/uploads\\\/2024\\\/05\\\/c6986f0d3b9fc655478e3ac088ec2fb0.webp\",\"width\":750,\"height\":400,\"caption\":\"Kais Saied : \\\"Une retraite digne et de nouvelles visions pour les fonds sociaux\\\"\"},{\"@type\":\"BreadcrumbList\",\"@id\":\"https:\\\/\\\/www.webdo.tn\\\/fr\\\/actualite\\\/national\\\/kais-saied-une-retraite-digne-et-de-nouvelles-visions-pour-les-fonds-sociaux\\\/214295\\\/#breadcrumb\",\"itemListElement\":[{\"@type\":\"ListItem\",\"position\":1,\"name\":\"Accueil\",\"item\":\"https:\\\/\\\/www.webdo.tn\\\/fr\\\/\"},{\"@type\":\"ListItem\",\"position\":2,\"name\":\"Kais Saied : &#8220;Une retraite digne et de nouvelles visions pour les fonds sociaux&#8221;\"}]},{\"@type\":\"WebSite\",\"@id\":\"https:\\\/\\\/www.webdo.tn\\\/fr\\\/#website\",\"url\":\"https:\\\/\\\/www.webdo.tn\\\/fr\\\/\",\"name\":\"webdo\",\"description\":\"Tunisie - News en Tunisie et \u00e0 l&#039;international sur Webdo.tn\",\"publisher\":{\"@id\":\"https:\\\/\\\/www.webdo.tn\\\/fr\\\/#organization\"},\"potentialAction\":[{\"@type\":\"SearchAction\",\"target\":{\"@type\":\"EntryPoint\",\"urlTemplate\":\"https:\\\/\\\/www.webdo.tn\\\/fr\\\/?s={search_term_string}\"},\"query-input\":{\"@type\":\"PropertyValueSpecification\",\"valueRequired\":true,\"valueName\":\"search_term_string\"}}],\"inLanguage\":\"fr-FR\"},{\"@type\":\"Organization\",\"@id\":\"https:\\\/\\\/www.webdo.tn\\\/fr\\\/#organization\",\"name\":\"Webdo\",\"alternateName\":\"Webdo.tn\",\"url\":\"https:\\\/\\\/www.webdo.tn\\\/fr\\\/\",\"logo\":{\"@type\":\"ImageObject\",\"inLanguage\":\"fr-FR\",\"@id\":\"https:\\\/\\\/www.webdo.tn\\\/fr\\\/#\\\/schema\\\/logo\\\/image\\\/\",\"url\":\"https:\\\/\\\/www.webdo.tn\\\/fr\\\/wp-content\\\/uploads\\\/2025\\\/06\\\/Webdo-Tunisie_168377.jpg\",\"contentUrl\":\"https:\\\/\\\/www.webdo.tn\\\/fr\\\/wp-content\\\/uploads\\\/2025\\\/06\\\/Webdo-Tunisie_168377.jpg\",\"width\":301,\"height\":301,\"caption\":\"Webdo\"},\"image\":{\"@id\":\"https:\\\/\\\/www.webdo.tn\\\/fr\\\/#\\\/schema\\\/logo\\\/image\\\/\"},\"sameAs\":[\"https:\\\/\\\/www.facebook.com\\\/webdotn\",\"https:\\\/\\\/x.com\\\/webdo_tn\"],\"description\":\"Webdo est un m\u00e9dia num\u00e9rique tunisien fond\u00e9 en 2010, sp\u00e9cialis\u00e9 dans l\u2019actualit\u00e9 nationale et internationale, l\u2019\u00e9conomie, la soci\u00e9t\u00e9 et les analyses politiques. Le site s\u2019adresse \u00e0 un large public francophone et couvre l\u2019information tunisienne en temps r\u00e9el.\",\"email\":\"redac@webdo.tn\",\"legalName\":\"YNJ SARL\",\"foundingDate\":\"2010-09-06\",\"numberOfEmployees\":{\"@type\":\"QuantitativeValue\",\"minValue\":\"11\",\"maxValue\":\"50\"}},{\"@type\":\"Person\",\"@id\":\"https:\\\/\\\/www.webdo.tn\\\/fr\\\/#\\\/schema\\\/person\\\/1f4e491e0907b413d61089e8eb573acc\",\"name\":\"Webdo\",\"image\":{\"@type\":\"ImageObject\",\"inLanguage\":\"fr-FR\",\"@id\":\"https:\\\/\\\/secure.gravatar.com\\\/avatar\\\/de97aeec1bb80978a9dbb127e47dfc88aaacb2f3c29aac907d8d3222e3495d49?s=96&d=mm&r=g\",\"url\":\"https:\\\/\\\/secure.gravatar.com\\\/avatar\\\/de97aeec1bb80978a9dbb127e47dfc88aaacb2f3c29aac907d8d3222e3495d49?s=96&d=mm&r=g\",\"contentUrl\":\"https:\\\/\\\/secure.gravatar.com\\\/avatar\\\/de97aeec1bb80978a9dbb127e47dfc88aaacb2f3c29aac907d8d3222e3495d49?s=96&d=mm&r=g\",\"caption\":\"Webdo\"},\"url\":\"https:\\\/\\\/www.webdo.tn\\\/fr\\\/actualite\\\/author\\\/webdo\\\/\"}]}<\/script>\n<!-- \/ Yoast SEO Premium plugin. -->","yoast_head_json":{"title":"Kais Saied : Une retraite digne et de nouvelles visions pour les fonds sociaux","description":"Le Pr\u00e9sident de la R\u00e9publique, Ka\u00efs Sa\u00efed, a re\u00e7u le ministre des affaires sociales, Malek Zahi, ce mardi 21 mai 2024 au Palais de Carthage, afin d'\u00e9voquer cert...","canonical":"https:\/\/www.webdo.tn\/fr\/actualite\/national\/kais-saied-une-retraite-digne-et-de-nouvelles-visions-pour-les-fonds-sociaux\/214295\/","og_locale":"fr_FR","og_type":"article","og_title":"Kais Saied : \"Une retraite digne et de nouvelles visions pour les fonds sociaux\"","og_description":"Le Pr\u00e9sident de la R\u00e9publique, Ka\u00efs Sa\u00efed, a re\u00e7u le ministre des affaires sociales, Malek Zahi, ce mardi 21 mai 2024 au Palais de Carthage, afin d'\u00e9voquer cert...","og_url":"https:\/\/www.webdo.tn\/fr\/actualite\/national\/kais-saied-une-retraite-digne-et-de-nouvelles-visions-pour-les-fonds-sociaux\/214295\/","og_site_name":"webdo","article_publisher":"https:\/\/www.facebook.com\/webdotn","article_published_time":"2024-05-21T19:38:00+00:00","og_image":[{"width":750,"height":400,"url":"https:\/\/www.webdo.tn\/fr\/wp-content\/uploads\/2024\/05\/c6986f0d3b9fc655478e3ac088ec2fb0.webp","type":"image\/webp"}],"author":"Webdo","twitter_card":"summary_large_image","twitter_creator":"@webdo_tn","twitter_site":"@webdo_tn","twitter_misc":{"\u00c9crit par":"Webdo","Dur\u00e9e de lecture estim\u00e9e":"1 minute"},"schema":{"@context":"https:\/\/schema.org","@graph":[{"@type":"NewsArticle","@id":"https:\/\/www.webdo.tn\/fr\/actualite\/national\/kais-saied-une-retraite-digne-et-de-nouvelles-visions-pour-les-fonds-sociaux\/214295\/#article","isPartOf":{"@id":"https:\/\/www.webdo.tn\/fr\/actualite\/national\/kais-saied-une-retraite-digne-et-de-nouvelles-visions-pour-les-fonds-sociaux\/214295\/"},"author":{"name":"Webdo","@id":"https:\/\/www.webdo.tn\/fr\/#\/schema\/person\/1f4e491e0907b413d61089e8eb573acc"},"headline":"Kais Saied : \u00ab\u00a0Une retraite digne et de nouvelles visions pour les fonds sociaux\u00a0\u00bb","datePublished":"2024-05-21T19:38:00+00:00","mainEntityOfPage":{"@id":"https:\/\/www.webdo.tn\/fr\/actualite\/national\/kais-saied-une-retraite-digne-et-de-nouvelles-visions-pour-les-fonds-sociaux\/214295\/"},"wordCount":266,"commentCount":0,"publisher":{"@id":"https:\/\/www.webdo.tn\/fr\/#organization"},"image":{"@id":"https:\/\/www.webdo.tn\/fr\/actualite\/national\/kais-saied-une-retraite-digne-et-de-nouvelles-visions-pour-les-fonds-sociaux\/214295\/#primaryimage"},"thumbnailUrl":"https:\/\/www.webdo.tn\/fr\/wp-content\/uploads\/2024\/05\/c6986f0d3b9fc655478e3ac088ec2fb0.webp","keywords":["affaires sociales","fonds sociaux","Kais Saied","malek zahi","retraite"],"articleSection":["National"],"inLanguage":"fr-FR"},{"@type":"WebPage","@id":"https:\/\/www.webdo.tn\/fr\/actualite\/national\/kais-saied-une-retraite-digne-et-de-nouvelles-visions-pour-les-fonds-sociaux\/214295\/","url":"https:\/\/www.webdo.tn\/fr\/actualite\/national\/kais-saied-une-retraite-digne-et-de-nouvelles-visions-pour-les-fonds-sociaux\/214295\/","name":"Kais Saied : Une retraite digne et de nouvelles visions pour les fonds sociaux","isPartOf":{"@id":"https:\/\/www.webdo.tn\/fr\/#website"},"primaryImageOfPage":{"@id":"https:\/\/www.webdo.tn\/fr\/actualite\/national\/kais-saied-une-retraite-digne-et-de-nouvelles-visions-pour-les-fonds-sociaux\/214295\/#primaryimage"},"image":{"@id":"https:\/\/www.webdo.tn\/fr\/actualite\/national\/kais-saied-une-retraite-digne-et-de-nouvelles-visions-pour-les-fonds-sociaux\/214295\/#primaryimage"},"thumbnailUrl":"https:\/\/www.webdo.tn\/fr\/wp-content\/uploads\/2024\/05\/c6986f0d3b9fc655478e3ac088ec2fb0.webp","datePublished":"2024-05-21T19:38:00+00:00","description":"Le Pr\u00e9sident de la R\u00e9publique, Ka\u00efs Sa\u00efed, a re\u00e7u le ministre des affaires sociales, Malek Zahi, ce mardi 21 mai 2024 au Palais de Carthage, afin d'\u00e9voquer cert...","breadcrumb":{"@id":"https:\/\/www.webdo.tn\/fr\/actualite\/national\/kais-saied-une-retraite-digne-et-de-nouvelles-visions-pour-les-fonds-sociaux\/214295\/#breadcrumb"},"inLanguage":"fr-FR","potentialAction":[{"@type":"ReadAction","target":["https:\/\/www.webdo.tn\/fr\/actualite\/national\/kais-saied-une-retraite-digne-et-de-nouvelles-visions-pour-les-fonds-sociaux\/214295\/"]}]},{"@type":"ImageObject","inLanguage":"fr-FR","@id":"https:\/\/www.webdo.tn\/fr\/actualite\/national\/kais-saied-une-retraite-digne-et-de-nouvelles-visions-pour-les-fonds-sociaux\/214295\/#primaryimage","url":"https:\/\/www.webdo.tn\/fr\/wp-content\/uploads\/2024\/05\/c6986f0d3b9fc655478e3ac088ec2fb0.webp","contentUrl":"https:\/\/www.webdo.tn\/fr\/wp-content\/uploads\/2024\/05\/c6986f0d3b9fc655478e3ac088ec2fb0.webp","width":750,"height":400,"caption":"Kais Saied : \"Une retraite digne et de nouvelles visions pour les fonds sociaux\""},{"@type":"BreadcrumbList","@id":"https:\/\/www.webdo.tn\/fr\/actualite\/national\/kais-saied-une-retraite-digne-et-de-nouvelles-visions-pour-les-fonds-sociaux\/214295\/#breadcrumb","itemListElement":[{"@type":"ListItem","position":1,"name":"Accueil","item":"https:\/\/www.webdo.tn\/fr\/"},{"@type":"ListItem","position":2,"name":"Kais Saied : &#8220;Une retraite digne et de nouvelles visions pour les fonds sociaux&#8221;"}]},{"@type":"WebSite","@id":"https:\/\/www.webdo.tn\/fr\/#website","url":"https:\/\/www.webdo.tn\/fr\/","name":"webdo","description":"Tunisie - News en Tunisie et \u00e0 l&#039;international sur Webdo.tn","publisher":{"@id":"https:\/\/www.webdo.tn\/fr\/#organization"},"potentialAction":[{"@type":"SearchAction","target":{"@type":"EntryPoint","urlTemplate":"https:\/\/www.webdo.tn\/fr\/?s={search_term_string}"},"query-input":{"@type":"PropertyValueSpecification","valueRequired":true,"valueName":"search_term_string"}}],"inLanguage":"fr-FR"},{"@type":"Organization","@id":"https:\/\/www.webdo.tn\/fr\/#organization","name":"Webdo","alternateName":"Webdo.tn","url":"https:\/\/www.webdo.tn\/fr\/","logo":{"@type":"ImageObject","inLanguage":"fr-FR","@id":"https:\/\/www.webdo.tn\/fr\/#\/schema\/logo\/image\/","url":"https:\/\/www.webdo.tn\/fr\/wp-content\/uploads\/2025\/06\/Webdo-Tunisie_168377.jpg","contentUrl":"https:\/\/www.webdo.tn\/fr\/wp-content\/uploads\/2025\/06\/Webdo-Tunisie_168377.jpg","width":301,"height":301,"caption":"Webdo"},"image":{"@id":"https:\/\/www.webdo.tn\/fr\/#\/schema\/logo\/image\/"},"sameAs":["https:\/\/www.facebook.com\/webdotn","https:\/\/x.com\/webdo_tn"],"description":"Webdo est un m\u00e9dia num\u00e9rique tunisien fond\u00e9 en 2010, sp\u00e9cialis\u00e9 dans l\u2019actualit\u00e9 nationale et internationale, l\u2019\u00e9conomie, la soci\u00e9t\u00e9 et les analyses politiques. Le site s\u2019adresse \u00e0 un large public francophone et couvre l\u2019information tunisienne en temps r\u00e9el.","email":"redac@webdo.tn","legalName":"YNJ SARL","foundingDate":"2010-09-06","numberOfEmployees":{"@type":"QuantitativeValue","minValue":"11","maxValue":"50"}},{"@type":"Person","@id":"https:\/\/www.webdo.tn\/fr\/#\/schema\/person\/1f4e491e0907b413d61089e8eb573acc","name":"Webdo","image":{"@type":"ImageObject","inLanguage":"fr-FR","@id":"https:\/\/secure.gravatar.com\/avatar\/de97aeec1bb80978a9dbb127e47dfc88aaacb2f3c29aac907d8d3222e3495d49?s=96&d=mm&r=g","url":"https:\/\/secure.gravatar.com\/avatar\/de97aeec1bb80978a9dbb127e47dfc88aaacb2f3c29aac907d8d3222e3495d49?s=96&d=mm&r=g","contentUrl":"https:\/\/secure.gravatar.com\/avatar\/de97aeec1bb80978a9dbb127e47dfc88aaacb2f3c29aac907d8d3222e3495d49?s=96&d=mm&r=g","caption":"Webdo"},"url":"https:\/\/www.webdo.tn\/fr\/actualite\/author\/webdo\/"}]}},"_links":{"self":[{"href":"https:\/\/www.webdo.tn\/fr\/wp-json\/wp\/v2\/posts\/214295","targetHints":{"allow":["GET"]}}],"collection":[{"href":"https:\/\/www.webdo.tn\/fr\/wp-json\/wp\/v2\/posts"}],"about":[{"href":"https:\/\/www.webdo.tn\/fr\/wp-json\/wp\/v2\/types\/post"}],"author":[{"embeddable":true,"href":"https:\/\/www.webdo.tn\/fr\/wp-json\/wp\/v2\/users\/3169"}],"replies":[{"embeddable":true,"href":"https:\/\/www.webdo.tn\/fr\/wp-json\/wp\/v2\/comments?post=214295"}],"version-history":[{"count":0,"href":"https:\/\/www.webdo.tn\/fr\/wp-json\/wp\/v2\/posts\/214295\/revisions"}],"wp:featuredmedia":[{"embeddable":true,"href":"https:\/\/www.webdo.tn\/fr\/wp-json\/wp\/v2\/media\/247338"}],"wp:attachment":[{"href":"https:\/\/www.webdo.tn\/fr\/wp-json\/wp\/v2\/media?parent=214295"}],"wp:term":[{"taxonomy":"category","embeddable":true,"href":"https:\/\/www.webdo.tn\/fr\/wp-json\/wp\/v2\/categories?post=214295"},{"taxonomy":"post_tag","embeddable":true,"href":"https:\/\/www.webdo.tn\/fr\/wp-json\/wp\/v2\/tags?post=214295"}],"curies":[{"name":"wp","href":"https:\/\/api.w.org\/{rel}","templated":true}]}}