{"id":214286,"date":"2024-05-21T14:16:00","date_gmt":"2024-05-21T14:16:00","guid":{"rendered":"https:\/\/www.webdo.tn\/fr\/blog\/le-snjt-appelle-a-se-rassembler-en-soutien-a-borhen-bssaies-et-mourad-zeghidi\/214286\/"},"modified":"2025-05-20T21:50:26","modified_gmt":"2025-05-20T21:50:26","slug":"le-snjt-appelle-a-se-rassembler-en-soutien-a-borhen-bssaies-et-mourad-zeghidi","status":"publish","type":"post","link":"https:\/\/www.webdo.tn\/fr\/actualite\/national\/le-snjt-appelle-a-se-rassembler-en-soutien-a-borhen-bssaies-et-mourad-zeghidi\/214286\/","title":{"rendered":"Le SNJT appelle \u00e0 se rassembler en soutien \u00e0 Borhen Bssaies et Mourad Zeghidi"},"content":{"rendered":"<p>C\u2019est demain, mercredi 22 mai 2024, que les audiences des journalistes Borhen Bssaies et Mourad Zeghidi doivent avoir lieu dans le cadre des accusations port\u00e9es contre eux.<\/p>\n<p>\t\t\t\t\t\t\t\t\tLe juge d&rsquo;instruction du tribunal de premi\u00e8re instance de Tunis 1 a d\u00e9cid\u00e9, le 15 mai dernier, d&rsquo;\u00e9mettre des mandats de d\u00e9p\u00f4t \u00e0 l\u2019encontre des deux journalistes Borhen Bssaies et Mourad Zeghidi, leur audience \u00e9tant fix\u00e9e \u00e0 demain, mercredi 22 mai 2024.<\/p>\n<p>A ce titre, le Syndicat national des journalistes tunisiens (SNJT) a appel\u00e9, aujourd\u2019hui dans un communiqu\u00e9 publi\u00e9 sur sa page Facebook, \u00e0 un rassemblement de soutien aux deux journalistes.<\/p>\n<p>Le communiqu\u00e9 publi\u00e9 sur la page Facebook du SNJT appelle \u00e0 lib\u00e9rer les deux journalistes, arr\u00eat\u00e9s le 11 mai dernier. On leur reproche des d\u00e9clarations m\u00e9diatiques et des statuts sur les r\u00e9seaux sociaux, certains datant de 2020 et pouvant porter atteinte au pr\u00e9sident de la R\u00e9publique. Ils sont poursuivis en vertu du D\u00e9cret-loi 54.<\/p>\n<p>Le SNJT appelle ainsi \u00ab\u00a0tous les journalistes et toutes les forces libres d\u00e9fendant la libert\u00e9 d&rsquo;expression et de la presse \u00e0 participer au rassemblement devant le tribunal de premi\u00e8re instance de Tunis demain, mercredi 22 mai 2024, \u00e0 partir de dix heures du matin, en m\u00eame temps que le proc\u00e8s des journalistes Mourad Zeghidi et Borhen Bessaies devant la huiti\u00e8me chambre du tribunal de premi\u00e8re instance de Tunis\u00a0\u00bb, souligne le communiqu\u00e9.<\/p>\n","protected":false},"excerpt":{"rendered":"<p>C\u2019est demain, mercredi 22 mai 2024, que les audiences des journalistes Borhen Bssaies et Mourad Zeghidi doivent avoir lieu dans le cadre des accusations port\u00e9es&#8230;<\/p>\n","protected":false},"author":3162,"featured_media":247333,"comment_status":"open","ping_status":"closed","sticky":false,"template":"","format":"standard","meta":{"footnotes":""},"categories":[44],"tags":[6449,6450,2886,4868,6448,2608],"class_list":["post-214286","post","type-post","status-publish","format-standard","has-post-thumbnail","hentry","category-national","tag-borhen-bssaies","tag-decet-loi-54","tag-mandat-de-depot","tag-mourad-zeghidi","tag-mourad-zghidi","tag-tunisie"],"yoast_head":"<!-- This site is optimized with the Yoast SEO Premium plugin v27.5 (Yoast SEO v27.5) - https:\/\/yoast.com\/product\/yoast-seo-premium-wordpress\/ -->\n<title>Le SNJT appelle \u00e0 se rassembler en soutien \u00e0 Borhen Bssaies et Mourad Zeghidi<\/title>\n<meta name=\"description\" content=\"C\u2019est demain, mercredi 22 mai 2024, que les audiences des journalistes Borhen Bssaies et Mourad Zeghidi doivent avoir lieu dans le cadre des accusations port\u00e9es...\" \/>\n<link rel=\"canonical\" href=\"https:\/\/www.webdo.tn\/fr\/actualite\/national\/le-snjt-appelle-a-se-rassembler-en-soutien-a-borhen-bssaies-et-mourad-zeghidi\/214286\/\" \/>\n<meta property=\"og:locale\" content=\"fr_FR\" \/>\n<meta property=\"og:type\" content=\"article\" \/>\n<meta property=\"og:title\" content=\"Le SNJT appelle \u00e0 se rassembler en soutien \u00e0 Borhen Bssaies et Mourad Zeghidi\" \/>\n<meta property=\"og:description\" content=\"C\u2019est demain, mercredi 22 mai 2024, que les audiences des journalistes Borhen Bssaies et Mourad Zeghidi doivent avoir lieu dans le cadre des accusations port\u00e9es...\" \/>\n<meta property=\"og:url\" content=\"https:\/\/www.webdo.tn\/fr\/actualite\/national\/le-snjt-appelle-a-se-rassembler-en-soutien-a-borhen-bssaies-et-mourad-zeghidi\/214286\/\" \/>\n<meta property=\"og:site_name\" content=\"webdo\" \/>\n<meta property=\"article:publisher\" content=\"https:\/\/www.facebook.com\/webdotn\" \/>\n<meta property=\"article:published_time\" content=\"2024-05-21T14:16:00+00:00\" \/>\n<meta property=\"article:modified_time\" content=\"2025-05-20T21:50:26+00:00\" \/>\n<meta property=\"og:image\" content=\"https:\/\/www.webdo.tn\/fr\/wp-content\/uploads\/2024\/05\/690c840131bd42c104e888742fcb1380.webp\" \/>\n\t<meta property=\"og:image:width\" content=\"750\" \/>\n\t<meta property=\"og:image:height\" content=\"400\" \/>\n\t<meta property=\"og:image:type\" content=\"image\/webp\" \/>\n<meta name=\"author\" content=\"MC\" \/>\n<meta name=\"twitter:card\" content=\"summary_large_image\" \/>\n<meta name=\"twitter:creator\" content=\"@webdo_tn\" \/>\n<meta name=\"twitter:site\" content=\"@webdo_tn\" \/>\n<meta name=\"twitter:label1\" content=\"\u00c9crit par\" \/>\n\t<meta name=\"twitter:data1\" content=\"MC\" \/>\n\t<meta name=\"twitter:label2\" content=\"Dur\u00e9e de lecture estim\u00e9e\" \/>\n\t<meta name=\"twitter:data2\" content=\"1 minute\" \/>\n<script type=\"application\/ld+json\" class=\"yoast-schema-graph\">{\"@context\":\"https:\\\/\\\/schema.org\",\"@graph\":[{\"@type\":\"NewsArticle\",\"@id\":\"https:\\\/\\\/www.webdo.tn\\\/fr\\\/actualite\\\/national\\\/le-snjt-appelle-a-se-rassembler-en-soutien-a-borhen-bssaies-et-mourad-zeghidi\\\/214286\\\/#article\",\"isPartOf\":{\"@id\":\"https:\\\/\\\/www.webdo.tn\\\/fr\\\/actualite\\\/national\\\/le-snjt-appelle-a-se-rassembler-en-soutien-a-borhen-bssaies-et-mourad-zeghidi\\\/214286\\\/\"},\"author\":{\"name\":\"MC\",\"@id\":\"https:\\\/\\\/www.webdo.tn\\\/fr\\\/#\\\/schema\\\/person\\\/2c4929cbf5a809e3bd38617c6ce150f6\"},\"headline\":\"Le SNJT appelle \u00e0 se rassembler en soutien \u00e0 Borhen Bssaies et Mourad Zeghidi\",\"datePublished\":\"2024-05-21T14:16:00+00:00\",\"dateModified\":\"2025-05-20T21:50:26+00:00\",\"mainEntityOfPage\":{\"@id\":\"https:\\\/\\\/www.webdo.tn\\\/fr\\\/actualite\\\/national\\\/le-snjt-appelle-a-se-rassembler-en-soutien-a-borhen-bssaies-et-mourad-zeghidi\\\/214286\\\/\"},\"wordCount\":245,\"commentCount\":0,\"publisher\":{\"@id\":\"https:\\\/\\\/www.webdo.tn\\\/fr\\\/#organization\"},\"image\":{\"@id\":\"https:\\\/\\\/www.webdo.tn\\\/fr\\\/actualite\\\/national\\\/le-snjt-appelle-a-se-rassembler-en-soutien-a-borhen-bssaies-et-mourad-zeghidi\\\/214286\\\/#primaryimage\"},\"thumbnailUrl\":\"https:\\\/\\\/www.webdo.tn\\\/fr\\\/wp-content\\\/uploads\\\/2024\\\/05\\\/690c840131bd42c104e888742fcb1380.webp\",\"keywords\":[\"borhen bssaies\",\"d\u00e9cet-loi 54\",\"mandat de d\u00e9p\u00f4t\",\"Mourad Zeghidi\",\"Mourad Zghidi\",\"Tunisie\"],\"articleSection\":[\"National\"],\"inLanguage\":\"fr-FR\"},{\"@type\":\"WebPage\",\"@id\":\"https:\\\/\\\/www.webdo.tn\\\/fr\\\/actualite\\\/national\\\/le-snjt-appelle-a-se-rassembler-en-soutien-a-borhen-bssaies-et-mourad-zeghidi\\\/214286\\\/\",\"url\":\"https:\\\/\\\/www.webdo.tn\\\/fr\\\/actualite\\\/national\\\/le-snjt-appelle-a-se-rassembler-en-soutien-a-borhen-bssaies-et-mourad-zeghidi\\\/214286\\\/\",\"name\":\"Le SNJT appelle \u00e0 se rassembler en soutien \u00e0 Borhen Bssaies et Mourad Zeghidi\",\"isPartOf\":{\"@id\":\"https:\\\/\\\/www.webdo.tn\\\/fr\\\/#website\"},\"primaryImageOfPage\":{\"@id\":\"https:\\\/\\\/www.webdo.tn\\\/fr\\\/actualite\\\/national\\\/le-snjt-appelle-a-se-rassembler-en-soutien-a-borhen-bssaies-et-mourad-zeghidi\\\/214286\\\/#primaryimage\"},\"image\":{\"@id\":\"https:\\\/\\\/www.webdo.tn\\\/fr\\\/actualite\\\/national\\\/le-snjt-appelle-a-se-rassembler-en-soutien-a-borhen-bssaies-et-mourad-zeghidi\\\/214286\\\/#primaryimage\"},\"thumbnailUrl\":\"https:\\\/\\\/www.webdo.tn\\\/fr\\\/wp-content\\\/uploads\\\/2024\\\/05\\\/690c840131bd42c104e888742fcb1380.webp\",\"datePublished\":\"2024-05-21T14:16:00+00:00\",\"dateModified\":\"2025-05-20T21:50:26+00:00\",\"description\":\"C\u2019est demain, mercredi 22 mai 2024, que les audiences des journalistes Borhen Bssaies et Mourad Zeghidi doivent avoir lieu dans le cadre des accusations port\u00e9es...\",\"breadcrumb\":{\"@id\":\"https:\\\/\\\/www.webdo.tn\\\/fr\\\/actualite\\\/national\\\/le-snjt-appelle-a-se-rassembler-en-soutien-a-borhen-bssaies-et-mourad-zeghidi\\\/214286\\\/#breadcrumb\"},\"inLanguage\":\"fr-FR\",\"potentialAction\":[{\"@type\":\"ReadAction\",\"target\":[\"https:\\\/\\\/www.webdo.tn\\\/fr\\\/actualite\\\/national\\\/le-snjt-appelle-a-se-rassembler-en-soutien-a-borhen-bssaies-et-mourad-zeghidi\\\/214286\\\/\"]}]},{\"@type\":\"ImageObject\",\"inLanguage\":\"fr-FR\",\"@id\":\"https:\\\/\\\/www.webdo.tn\\\/fr\\\/actualite\\\/national\\\/le-snjt-appelle-a-se-rassembler-en-soutien-a-borhen-bssaies-et-mourad-zeghidi\\\/214286\\\/#primaryimage\",\"url\":\"https:\\\/\\\/www.webdo.tn\\\/fr\\\/wp-content\\\/uploads\\\/2024\\\/05\\\/690c840131bd42c104e888742fcb1380.webp\",\"contentUrl\":\"https:\\\/\\\/www.webdo.tn\\\/fr\\\/wp-content\\\/uploads\\\/2024\\\/05\\\/690c840131bd42c104e888742fcb1380.webp\",\"width\":750,\"height\":400,\"caption\":\"Le SNJT appelle \u00e0 se rassembler en soutien \u00e0 Borhen Bssaies et Mourad Zeghidi\"},{\"@type\":\"BreadcrumbList\",\"@id\":\"https:\\\/\\\/www.webdo.tn\\\/fr\\\/actualite\\\/national\\\/le-snjt-appelle-a-se-rassembler-en-soutien-a-borhen-bssaies-et-mourad-zeghidi\\\/214286\\\/#breadcrumb\",\"itemListElement\":[{\"@type\":\"ListItem\",\"position\":1,\"name\":\"Accueil\",\"item\":\"https:\\\/\\\/www.webdo.tn\\\/fr\\\/\"},{\"@type\":\"ListItem\",\"position\":2,\"name\":\"Le SNJT appelle \u00e0 se rassembler en soutien \u00e0 Borhen Bssaies et Mourad Zeghidi\"}]},{\"@type\":\"WebSite\",\"@id\":\"https:\\\/\\\/www.webdo.tn\\\/fr\\\/#website\",\"url\":\"https:\\\/\\\/www.webdo.tn\\\/fr\\\/\",\"name\":\"webdo\",\"description\":\"Tunisie - News en Tunisie et \u00e0 l&#039;international sur Webdo.tn\",\"publisher\":{\"@id\":\"https:\\\/\\\/www.webdo.tn\\\/fr\\\/#organization\"},\"potentialAction\":[{\"@type\":\"SearchAction\",\"target\":{\"@type\":\"EntryPoint\",\"urlTemplate\":\"https:\\\/\\\/www.webdo.tn\\\/fr\\\/?s={search_term_string}\"},\"query-input\":{\"@type\":\"PropertyValueSpecification\",\"valueRequired\":true,\"valueName\":\"search_term_string\"}}],\"inLanguage\":\"fr-FR\"},{\"@type\":\"Organization\",\"@id\":\"https:\\\/\\\/www.webdo.tn\\\/fr\\\/#organization\",\"name\":\"Webdo\",\"alternateName\":\"Webdo.tn\",\"url\":\"https:\\\/\\\/www.webdo.tn\\\/fr\\\/\",\"logo\":{\"@type\":\"ImageObject\",\"inLanguage\":\"fr-FR\",\"@id\":\"https:\\\/\\\/www.webdo.tn\\\/fr\\\/#\\\/schema\\\/logo\\\/image\\\/\",\"url\":\"https:\\\/\\\/www.webdo.tn\\\/fr\\\/wp-content\\\/uploads\\\/2025\\\/06\\\/Webdo-Tunisie_168377.jpg\",\"contentUrl\":\"https:\\\/\\\/www.webdo.tn\\\/fr\\\/wp-content\\\/uploads\\\/2025\\\/06\\\/Webdo-Tunisie_168377.jpg\",\"width\":301,\"height\":301,\"caption\":\"Webdo\"},\"image\":{\"@id\":\"https:\\\/\\\/www.webdo.tn\\\/fr\\\/#\\\/schema\\\/logo\\\/image\\\/\"},\"sameAs\":[\"https:\\\/\\\/www.facebook.com\\\/webdotn\",\"https:\\\/\\\/x.com\\\/webdo_tn\"],\"description\":\"Webdo est un m\u00e9dia num\u00e9rique tunisien fond\u00e9 en 2010, sp\u00e9cialis\u00e9 dans l\u2019actualit\u00e9 nationale et internationale, l\u2019\u00e9conomie, la soci\u00e9t\u00e9 et les analyses politiques. Le site s\u2019adresse \u00e0 un large public francophone et couvre l\u2019information tunisienne en temps r\u00e9el.\",\"email\":\"redac@webdo.tn\",\"legalName\":\"YNJ SARL\",\"foundingDate\":\"2010-09-06\",\"numberOfEmployees\":{\"@type\":\"QuantitativeValue\",\"minValue\":\"11\",\"maxValue\":\"50\"}},{\"@type\":\"Person\",\"@id\":\"https:\\\/\\\/www.webdo.tn\\\/fr\\\/#\\\/schema\\\/person\\\/2c4929cbf5a809e3bd38617c6ce150f6\",\"name\":\"MC\",\"image\":{\"@type\":\"ImageObject\",\"inLanguage\":\"fr-FR\",\"@id\":\"https:\\\/\\\/secure.gravatar.com\\\/avatar\\\/a545bbb6f84efdd5553dbbc2895e3ca8f1d12c5215e00a041c9670b54aa9b18a?s=96&d=mm&r=g\",\"url\":\"https:\\\/\\\/secure.gravatar.com\\\/avatar\\\/a545bbb6f84efdd5553dbbc2895e3ca8f1d12c5215e00a041c9670b54aa9b18a?s=96&d=mm&r=g\",\"contentUrl\":\"https:\\\/\\\/secure.gravatar.com\\\/avatar\\\/a545bbb6f84efdd5553dbbc2895e3ca8f1d12c5215e00a041c9670b54aa9b18a?s=96&d=mm&r=g\",\"caption\":\"MC\"},\"url\":\"https:\\\/\\\/www.webdo.tn\\\/fr\\\/actualite\\\/author\\\/mc\\\/\"}]}<\/script>\n<!-- \/ Yoast SEO Premium plugin. -->","yoast_head_json":{"title":"Le SNJT appelle \u00e0 se rassembler en soutien \u00e0 Borhen Bssaies et Mourad Zeghidi","description":"C\u2019est demain, mercredi 22 mai 2024, que les audiences des journalistes Borhen Bssaies et Mourad Zeghidi doivent avoir lieu dans le cadre des accusations port\u00e9es...","canonical":"https:\/\/www.webdo.tn\/fr\/actualite\/national\/le-snjt-appelle-a-se-rassembler-en-soutien-a-borhen-bssaies-et-mourad-zeghidi\/214286\/","og_locale":"fr_FR","og_type":"article","og_title":"Le SNJT appelle \u00e0 se rassembler en soutien \u00e0 Borhen Bssaies et Mourad Zeghidi","og_description":"C\u2019est demain, mercredi 22 mai 2024, que les audiences des journalistes Borhen Bssaies et Mourad Zeghidi doivent avoir lieu dans le cadre des accusations port\u00e9es...","og_url":"https:\/\/www.webdo.tn\/fr\/actualite\/national\/le-snjt-appelle-a-se-rassembler-en-soutien-a-borhen-bssaies-et-mourad-zeghidi\/214286\/","og_site_name":"webdo","article_publisher":"https:\/\/www.facebook.com\/webdotn","article_published_time":"2024-05-21T14:16:00+00:00","article_modified_time":"2025-05-20T21:50:26+00:00","og_image":[{"width":750,"height":400,"url":"https:\/\/www.webdo.tn\/fr\/wp-content\/uploads\/2024\/05\/690c840131bd42c104e888742fcb1380.webp","type":"image\/webp"}],"author":"MC","twitter_card":"summary_large_image","twitter_creator":"@webdo_tn","twitter_site":"@webdo_tn","twitter_misc":{"\u00c9crit par":"MC","Dur\u00e9e de lecture estim\u00e9e":"1 minute"},"schema":{"@context":"https:\/\/schema.org","@graph":[{"@type":"NewsArticle","@id":"https:\/\/www.webdo.tn\/fr\/actualite\/national\/le-snjt-appelle-a-se-rassembler-en-soutien-a-borhen-bssaies-et-mourad-zeghidi\/214286\/#article","isPartOf":{"@id":"https:\/\/www.webdo.tn\/fr\/actualite\/national\/le-snjt-appelle-a-se-rassembler-en-soutien-a-borhen-bssaies-et-mourad-zeghidi\/214286\/"},"author":{"name":"MC","@id":"https:\/\/www.webdo.tn\/fr\/#\/schema\/person\/2c4929cbf5a809e3bd38617c6ce150f6"},"headline":"Le SNJT appelle \u00e0 se rassembler en soutien \u00e0 Borhen Bssaies et Mourad Zeghidi","datePublished":"2024-05-21T14:16:00+00:00","dateModified":"2025-05-20T21:50:26+00:00","mainEntityOfPage":{"@id":"https:\/\/www.webdo.tn\/fr\/actualite\/national\/le-snjt-appelle-a-se-rassembler-en-soutien-a-borhen-bssaies-et-mourad-zeghidi\/214286\/"},"wordCount":245,"commentCount":0,"publisher":{"@id":"https:\/\/www.webdo.tn\/fr\/#organization"},"image":{"@id":"https:\/\/www.webdo.tn\/fr\/actualite\/national\/le-snjt-appelle-a-se-rassembler-en-soutien-a-borhen-bssaies-et-mourad-zeghidi\/214286\/#primaryimage"},"thumbnailUrl":"https:\/\/www.webdo.tn\/fr\/wp-content\/uploads\/2024\/05\/690c840131bd42c104e888742fcb1380.webp","keywords":["borhen bssaies","d\u00e9cet-loi 54","mandat de d\u00e9p\u00f4t","Mourad Zeghidi","Mourad Zghidi","Tunisie"],"articleSection":["National"],"inLanguage":"fr-FR"},{"@type":"WebPage","@id":"https:\/\/www.webdo.tn\/fr\/actualite\/national\/le-snjt-appelle-a-se-rassembler-en-soutien-a-borhen-bssaies-et-mourad-zeghidi\/214286\/","url":"https:\/\/www.webdo.tn\/fr\/actualite\/national\/le-snjt-appelle-a-se-rassembler-en-soutien-a-borhen-bssaies-et-mourad-zeghidi\/214286\/","name":"Le SNJT appelle \u00e0 se rassembler en soutien \u00e0 Borhen Bssaies et Mourad Zeghidi","isPartOf":{"@id":"https:\/\/www.webdo.tn\/fr\/#website"},"primaryImageOfPage":{"@id":"https:\/\/www.webdo.tn\/fr\/actualite\/national\/le-snjt-appelle-a-se-rassembler-en-soutien-a-borhen-bssaies-et-mourad-zeghidi\/214286\/#primaryimage"},"image":{"@id":"https:\/\/www.webdo.tn\/fr\/actualite\/national\/le-snjt-appelle-a-se-rassembler-en-soutien-a-borhen-bssaies-et-mourad-zeghidi\/214286\/#primaryimage"},"thumbnailUrl":"https:\/\/www.webdo.tn\/fr\/wp-content\/uploads\/2024\/05\/690c840131bd42c104e888742fcb1380.webp","datePublished":"2024-05-21T14:16:00+00:00","dateModified":"2025-05-20T21:50:26+00:00","description":"C\u2019est demain, mercredi 22 mai 2024, que les audiences des journalistes Borhen Bssaies et Mourad Zeghidi doivent avoir lieu dans le cadre des accusations port\u00e9es...","breadcrumb":{"@id":"https:\/\/www.webdo.tn\/fr\/actualite\/national\/le-snjt-appelle-a-se-rassembler-en-soutien-a-borhen-bssaies-et-mourad-zeghidi\/214286\/#breadcrumb"},"inLanguage":"fr-FR","potentialAction":[{"@type":"ReadAction","target":["https:\/\/www.webdo.tn\/fr\/actualite\/national\/le-snjt-appelle-a-se-rassembler-en-soutien-a-borhen-bssaies-et-mourad-zeghidi\/214286\/"]}]},{"@type":"ImageObject","inLanguage":"fr-FR","@id":"https:\/\/www.webdo.tn\/fr\/actualite\/national\/le-snjt-appelle-a-se-rassembler-en-soutien-a-borhen-bssaies-et-mourad-zeghidi\/214286\/#primaryimage","url":"https:\/\/www.webdo.tn\/fr\/wp-content\/uploads\/2024\/05\/690c840131bd42c104e888742fcb1380.webp","contentUrl":"https:\/\/www.webdo.tn\/fr\/wp-content\/uploads\/2024\/05\/690c840131bd42c104e888742fcb1380.webp","width":750,"height":400,"caption":"Le SNJT appelle \u00e0 se rassembler en soutien \u00e0 Borhen Bssaies et Mourad Zeghidi"},{"@type":"BreadcrumbList","@id":"https:\/\/www.webdo.tn\/fr\/actualite\/national\/le-snjt-appelle-a-se-rassembler-en-soutien-a-borhen-bssaies-et-mourad-zeghidi\/214286\/#breadcrumb","itemListElement":[{"@type":"ListItem","position":1,"name":"Accueil","item":"https:\/\/www.webdo.tn\/fr\/"},{"@type":"ListItem","position":2,"name":"Le SNJT appelle \u00e0 se rassembler en soutien \u00e0 Borhen Bssaies et Mourad Zeghidi"}]},{"@type":"WebSite","@id":"https:\/\/www.webdo.tn\/fr\/#website","url":"https:\/\/www.webdo.tn\/fr\/","name":"webdo","description":"Tunisie - News en Tunisie et \u00e0 l&#039;international sur Webdo.tn","publisher":{"@id":"https:\/\/www.webdo.tn\/fr\/#organization"},"potentialAction":[{"@type":"SearchAction","target":{"@type":"EntryPoint","urlTemplate":"https:\/\/www.webdo.tn\/fr\/?s={search_term_string}"},"query-input":{"@type":"PropertyValueSpecification","valueRequired":true,"valueName":"search_term_string"}}],"inLanguage":"fr-FR"},{"@type":"Organization","@id":"https:\/\/www.webdo.tn\/fr\/#organization","name":"Webdo","alternateName":"Webdo.tn","url":"https:\/\/www.webdo.tn\/fr\/","logo":{"@type":"ImageObject","inLanguage":"fr-FR","@id":"https:\/\/www.webdo.tn\/fr\/#\/schema\/logo\/image\/","url":"https:\/\/www.webdo.tn\/fr\/wp-content\/uploads\/2025\/06\/Webdo-Tunisie_168377.jpg","contentUrl":"https:\/\/www.webdo.tn\/fr\/wp-content\/uploads\/2025\/06\/Webdo-Tunisie_168377.jpg","width":301,"height":301,"caption":"Webdo"},"image":{"@id":"https:\/\/www.webdo.tn\/fr\/#\/schema\/logo\/image\/"},"sameAs":["https:\/\/www.facebook.com\/webdotn","https:\/\/x.com\/webdo_tn"],"description":"Webdo est un m\u00e9dia num\u00e9rique tunisien fond\u00e9 en 2010, sp\u00e9cialis\u00e9 dans l\u2019actualit\u00e9 nationale et internationale, l\u2019\u00e9conomie, la soci\u00e9t\u00e9 et les analyses politiques. Le site s\u2019adresse \u00e0 un large public francophone et couvre l\u2019information tunisienne en temps r\u00e9el.","email":"redac@webdo.tn","legalName":"YNJ SARL","foundingDate":"2010-09-06","numberOfEmployees":{"@type":"QuantitativeValue","minValue":"11","maxValue":"50"}},{"@type":"Person","@id":"https:\/\/www.webdo.tn\/fr\/#\/schema\/person\/2c4929cbf5a809e3bd38617c6ce150f6","name":"MC","image":{"@type":"ImageObject","inLanguage":"fr-FR","@id":"https:\/\/secure.gravatar.com\/avatar\/a545bbb6f84efdd5553dbbc2895e3ca8f1d12c5215e00a041c9670b54aa9b18a?s=96&d=mm&r=g","url":"https:\/\/secure.gravatar.com\/avatar\/a545bbb6f84efdd5553dbbc2895e3ca8f1d12c5215e00a041c9670b54aa9b18a?s=96&d=mm&r=g","contentUrl":"https:\/\/secure.gravatar.com\/avatar\/a545bbb6f84efdd5553dbbc2895e3ca8f1d12c5215e00a041c9670b54aa9b18a?s=96&d=mm&r=g","caption":"MC"},"url":"https:\/\/www.webdo.tn\/fr\/actualite\/author\/mc\/"}]}},"_links":{"self":[{"href":"https:\/\/www.webdo.tn\/fr\/wp-json\/wp\/v2\/posts\/214286","targetHints":{"allow":["GET"]}}],"collection":[{"href":"https:\/\/www.webdo.tn\/fr\/wp-json\/wp\/v2\/posts"}],"about":[{"href":"https:\/\/www.webdo.tn\/fr\/wp-json\/wp\/v2\/types\/post"}],"author":[{"embeddable":true,"href":"https:\/\/www.webdo.tn\/fr\/wp-json\/wp\/v2\/users\/3162"}],"replies":[{"embeddable":true,"href":"https:\/\/www.webdo.tn\/fr\/wp-json\/wp\/v2\/comments?post=214286"}],"version-history":[{"count":0,"href":"https:\/\/www.webdo.tn\/fr\/wp-json\/wp\/v2\/posts\/214286\/revisions"}],"wp:featuredmedia":[{"embeddable":true,"href":"https:\/\/www.webdo.tn\/fr\/wp-json\/wp\/v2\/media\/247333"}],"wp:attachment":[{"href":"https:\/\/www.webdo.tn\/fr\/wp-json\/wp\/v2\/media?parent=214286"}],"wp:term":[{"taxonomy":"category","embeddable":true,"href":"https:\/\/www.webdo.tn\/fr\/wp-json\/wp\/v2\/categories?post=214286"},{"taxonomy":"post_tag","embeddable":true,"href":"https:\/\/www.webdo.tn\/fr\/wp-json\/wp\/v2\/tags?post=214286"}],"curies":[{"name":"wp","href":"https:\/\/api.w.org\/{rel}","templated":true}]}}