{"id":214256,"date":"2024-05-20T10:12:00","date_gmt":"2024-05-20T10:12:00","guid":{"rendered":"https:\/\/www.webdo.tn\/fr\/blog\/tunisie-sonia-dahmani-aujourd-hui-devant-la-justice\/214256\/"},"modified":"2025-06-04T18:08:38","modified_gmt":"2025-06-04T18:08:38","slug":"tunisie-sonia-dahmani-aujourd-hui-devant-la-justice-2","status":"publish","type":"post","link":"https:\/\/www.webdo.tn\/fr\/actualite\/national\/tunisie-sonia-dahmani-aujourd-hui-devant-la-justice-2\/214256\/","title":{"rendered":"Tunisie : Sonia Dahmani, aujourd\u2019hui devant la justice"},"content":{"rendered":"<p>C\u2019est aujourd\u2019hui, lundi 20 mai 2024, que l\u2019avocate et chroniqueuse Sonia Dahmani compara\u00eet devant la justice pour l\u2019examen de l\u2019une des trois affaires pour lesquelles elle est poursuivie.<\/p>\n<p> Le parquet pr\u00e8s le Tribunal de premi\u00e8re instance de Tunis avait d\u00e9cid\u00e9, mercredi dernier, de reporter \u00e0 aujourd\u2019hui, l\u2019examen dans l\u2019une des trois affaires pour lesquelles est poursuivie l\u2019avocate et chroniqueuse Sonia Dahmani.<\/p>\n<p>Cette premi\u00e8re affaire concerne ses r\u00e9centes d\u00e9clarations sur la cha\u00eene Carthage+, et qui tombent sous le coup du D\u00e9cret-loi 54.<\/p>\n<p>Sonia Dahmani avait suscit\u00e9 une vive controverse le 8 mai dernier, apr\u00e8s ses d\u00e9clarations sur le plateau de l&rsquo;\u00e9mission \u00ab\u00a0Donya Zina\u00a0\u00bb sur la cha\u00eene Carthage+, lorsqu&rsquo;elle a abord\u00e9 la question des migrants en Tunisie.<\/p>\n<p>L&rsquo;animateur de l&rsquo;\u00e9mission, Borhen Bssais, lui a pos\u00e9 la question : \u00ab\u00a0Que veulent-ils conqu\u00e9rir en Tunisie ?\u00a0\u00bb. Elle a alors r\u00e9pondu : \u00ab\u00a0Qu&rsquo;est-ce qu&rsquo;il y a de si g\u00e9nial \u00e0 conqu\u00e9rir dans ce pays que la moiti\u00e9 des jeunes veulent quitter ?\u00a0\u00bb.<\/p>\n<p>Une deuxi\u00e8me affaire concerne des d\u00e9clarations ant\u00e9rieures, alors que dans une troisi\u00e8me affaire, elle est poursuivie par le minist\u00e8re de la Justice et plus pr\u00e9cis\u00e9ment par le Comit\u00e9 g\u00e9n\u00e9ral des prisons et de la r\u00e9\u00e9ducation conform\u00e9ment aux dispositions du d\u00e9cret 54 pour des propos tenus \u00e0 l&rsquo;antenne et pour \u00ab\u00a0diffusion de fausses nouvelles et de fausses informations dans le but de nuire \u00e0 la s\u00e9curit\u00e9 publique et de diffamer et d&rsquo;inciter autrui\u00a0\u00bb.<\/p>\n","protected":false},"excerpt":{"rendered":"<p>Le parquet pr\u00e8s le Tribunal de premi\u00e8re instance de Tunis avait d\u00e9cid\u00e9, mercredi dernier, de reporter \u00e0 aujourd\u2019hui, l\u2019examen dans l\u2019une des trois affaires pour&#8230;<\/p>\n","protected":false},"author":3162,"featured_media":247349,"comment_status":"open","ping_status":"closed","sticky":false,"template":"","format":"standard","meta":{"footnotes":""},"categories":[44],"tags":[4841,2619,3313,2608],"class_list":["post-214256","post","type-post","status-publish","format-standard","has-post-thumbnail","hentry","category-national","tag-decret-loi-54","tag-justice","tag-sonia-dahmani","tag-tunisie"],"yoast_head":"<!-- This site is optimized with the Yoast SEO Premium plugin v27.4 (Yoast SEO v27.5) - https:\/\/yoast.com\/product\/yoast-seo-premium-wordpress\/ -->\n<title>Tunisie : Sonia Dahmani, aujourd\u2019hui devant la justice<\/title>\n<meta name=\"description\" content=\"Le parquet pr\u00e8s le Tribunal de premi\u00e8re instance de Tunis avait d\u00e9cid\u00e9, mercredi dernier, de reporter \u00e0 aujourd\u2019hui, l\u2019examen dans l\u2019une des trois affaires pour...\" \/>\n<link rel=\"canonical\" href=\"https:\/\/www.webdo.tn\/fr\/actualite\/national\/tunisie-sonia-dahmani-aujourd-hui-devant-la-justice-2\/214256\/\" \/>\n<meta property=\"og:locale\" content=\"fr_FR\" \/>\n<meta property=\"og:type\" content=\"article\" \/>\n<meta property=\"og:title\" content=\"Tunisie : Sonia Dahmani, aujourd\u2019hui devant la justice\" \/>\n<meta property=\"og:description\" content=\"Le parquet pr\u00e8s le Tribunal de premi\u00e8re instance de Tunis avait d\u00e9cid\u00e9, mercredi dernier, de reporter \u00e0 aujourd\u2019hui, l\u2019examen dans l\u2019une des trois affaires pour...\" \/>\n<meta property=\"og:url\" content=\"https:\/\/www.webdo.tn\/fr\/actualite\/national\/tunisie-sonia-dahmani-aujourd-hui-devant-la-justice-2\/214256\/\" \/>\n<meta property=\"og:site_name\" content=\"webdo\" \/>\n<meta property=\"article:publisher\" content=\"https:\/\/www.facebook.com\/webdotn\" \/>\n<meta property=\"article:published_time\" content=\"2024-05-20T10:12:00+00:00\" \/>\n<meta property=\"article:modified_time\" content=\"2025-06-04T18:08:38+00:00\" \/>\n<meta property=\"og:image\" content=\"https:\/\/www.webdo.tn\/fr\/wp-content\/uploads\/2024\/05\/58659f1806741c71467e1d38701c4b6e.webp\" \/>\n\t<meta property=\"og:image:width\" content=\"750\" \/>\n\t<meta property=\"og:image:height\" content=\"400\" \/>\n\t<meta property=\"og:image:type\" content=\"image\/webp\" \/>\n<meta name=\"author\" content=\"MC\" \/>\n<meta name=\"twitter:card\" content=\"summary_large_image\" \/>\n<meta name=\"twitter:creator\" content=\"@webdo_tn\" \/>\n<meta name=\"twitter:site\" content=\"@webdo_tn\" \/>\n<meta name=\"twitter:label1\" content=\"\u00c9crit par\" \/>\n\t<meta name=\"twitter:data1\" content=\"MC\" \/>\n\t<meta name=\"twitter:label2\" content=\"Dur\u00e9e de lecture estim\u00e9e\" \/>\n\t<meta name=\"twitter:data2\" content=\"1 minute\" \/>\n<script type=\"application\/ld+json\" class=\"yoast-schema-graph\">{\"@context\":\"https:\\\/\\\/schema.org\",\"@graph\":[{\"@type\":\"NewsArticle\",\"@id\":\"https:\\\/\\\/www.webdo.tn\\\/fr\\\/actualite\\\/national\\\/tunisie-sonia-dahmani-aujourd-hui-devant-la-justice-2\\\/214256\\\/#article\",\"isPartOf\":{\"@id\":\"https:\\\/\\\/www.webdo.tn\\\/fr\\\/actualite\\\/national\\\/tunisie-sonia-dahmani-aujourd-hui-devant-la-justice-2\\\/214256\\\/\"},\"author\":{\"name\":\"MC\",\"@id\":\"https:\\\/\\\/www.webdo.tn\\\/fr\\\/#\\\/schema\\\/person\\\/2c4929cbf5a809e3bd38617c6ce150f6\"},\"headline\":\"Tunisie : Sonia Dahmani, aujourd\u2019hui devant la justice\",\"datePublished\":\"2024-05-20T10:12:00+00:00\",\"dateModified\":\"2025-06-04T18:08:38+00:00\",\"mainEntityOfPage\":{\"@id\":\"https:\\\/\\\/www.webdo.tn\\\/fr\\\/actualite\\\/national\\\/tunisie-sonia-dahmani-aujourd-hui-devant-la-justice-2\\\/214256\\\/\"},\"wordCount\":270,\"commentCount\":0,\"publisher\":{\"@id\":\"https:\\\/\\\/www.webdo.tn\\\/fr\\\/#organization\"},\"image\":{\"@id\":\"https:\\\/\\\/www.webdo.tn\\\/fr\\\/actualite\\\/national\\\/tunisie-sonia-dahmani-aujourd-hui-devant-la-justice-2\\\/214256\\\/#primaryimage\"},\"thumbnailUrl\":\"https:\\\/\\\/www.webdo.tn\\\/fr\\\/wp-content\\\/uploads\\\/2024\\\/05\\\/58659f1806741c71467e1d38701c4b6e.webp\",\"keywords\":[\"d\u00e9cret-loi 54\",\"justice\",\"sonia dahmani\",\"Tunisie\"],\"articleSection\":[\"National\"],\"inLanguage\":\"fr-FR\"},{\"@type\":\"WebPage\",\"@id\":\"https:\\\/\\\/www.webdo.tn\\\/fr\\\/actualite\\\/national\\\/tunisie-sonia-dahmani-aujourd-hui-devant-la-justice-2\\\/214256\\\/\",\"url\":\"https:\\\/\\\/www.webdo.tn\\\/fr\\\/actualite\\\/national\\\/tunisie-sonia-dahmani-aujourd-hui-devant-la-justice-2\\\/214256\\\/\",\"name\":\"Tunisie : Sonia Dahmani, aujourd\u2019hui devant la justice\",\"isPartOf\":{\"@id\":\"https:\\\/\\\/www.webdo.tn\\\/fr\\\/#website\"},\"primaryImageOfPage\":{\"@id\":\"https:\\\/\\\/www.webdo.tn\\\/fr\\\/actualite\\\/national\\\/tunisie-sonia-dahmani-aujourd-hui-devant-la-justice-2\\\/214256\\\/#primaryimage\"},\"image\":{\"@id\":\"https:\\\/\\\/www.webdo.tn\\\/fr\\\/actualite\\\/national\\\/tunisie-sonia-dahmani-aujourd-hui-devant-la-justice-2\\\/214256\\\/#primaryimage\"},\"thumbnailUrl\":\"https:\\\/\\\/www.webdo.tn\\\/fr\\\/wp-content\\\/uploads\\\/2024\\\/05\\\/58659f1806741c71467e1d38701c4b6e.webp\",\"datePublished\":\"2024-05-20T10:12:00+00:00\",\"dateModified\":\"2025-06-04T18:08:38+00:00\",\"description\":\"Le parquet pr\u00e8s le Tribunal de premi\u00e8re instance de Tunis avait d\u00e9cid\u00e9, mercredi dernier, de reporter \u00e0 aujourd\u2019hui, l\u2019examen dans l\u2019une des trois affaires pour...\",\"breadcrumb\":{\"@id\":\"https:\\\/\\\/www.webdo.tn\\\/fr\\\/actualite\\\/national\\\/tunisie-sonia-dahmani-aujourd-hui-devant-la-justice-2\\\/214256\\\/#breadcrumb\"},\"inLanguage\":\"fr-FR\",\"potentialAction\":[{\"@type\":\"ReadAction\",\"target\":[\"https:\\\/\\\/www.webdo.tn\\\/fr\\\/actualite\\\/national\\\/tunisie-sonia-dahmani-aujourd-hui-devant-la-justice-2\\\/214256\\\/\"]}]},{\"@type\":\"ImageObject\",\"inLanguage\":\"fr-FR\",\"@id\":\"https:\\\/\\\/www.webdo.tn\\\/fr\\\/actualite\\\/national\\\/tunisie-sonia-dahmani-aujourd-hui-devant-la-justice-2\\\/214256\\\/#primaryimage\",\"url\":\"https:\\\/\\\/www.webdo.tn\\\/fr\\\/wp-content\\\/uploads\\\/2024\\\/05\\\/58659f1806741c71467e1d38701c4b6e.webp\",\"contentUrl\":\"https:\\\/\\\/www.webdo.tn\\\/fr\\\/wp-content\\\/uploads\\\/2024\\\/05\\\/58659f1806741c71467e1d38701c4b6e.webp\",\"width\":750,\"height\":400,\"caption\":\"Tunisie : Sonia Dahmani, aujourd\u2019hui devant la justice\"},{\"@type\":\"BreadcrumbList\",\"@id\":\"https:\\\/\\\/www.webdo.tn\\\/fr\\\/actualite\\\/national\\\/tunisie-sonia-dahmani-aujourd-hui-devant-la-justice-2\\\/214256\\\/#breadcrumb\",\"itemListElement\":[{\"@type\":\"ListItem\",\"position\":1,\"name\":\"Accueil\",\"item\":\"https:\\\/\\\/www.webdo.tn\\\/fr\\\/\"},{\"@type\":\"ListItem\",\"position\":2,\"name\":\"Tunisie : Sonia Dahmani, aujourd\u2019hui devant la justice\"}]},{\"@type\":\"WebSite\",\"@id\":\"https:\\\/\\\/www.webdo.tn\\\/fr\\\/#website\",\"url\":\"https:\\\/\\\/www.webdo.tn\\\/fr\\\/\",\"name\":\"webdo\",\"description\":\"Tunisie - News en Tunisie et \u00e0 l&#039;international sur Webdo.tn\",\"publisher\":{\"@id\":\"https:\\\/\\\/www.webdo.tn\\\/fr\\\/#organization\"},\"potentialAction\":[{\"@type\":\"SearchAction\",\"target\":{\"@type\":\"EntryPoint\",\"urlTemplate\":\"https:\\\/\\\/www.webdo.tn\\\/fr\\\/?s={search_term_string}\"},\"query-input\":{\"@type\":\"PropertyValueSpecification\",\"valueRequired\":true,\"valueName\":\"search_term_string\"}}],\"inLanguage\":\"fr-FR\"},{\"@type\":\"Organization\",\"@id\":\"https:\\\/\\\/www.webdo.tn\\\/fr\\\/#organization\",\"name\":\"Webdo\",\"alternateName\":\"Webdo.tn\",\"url\":\"https:\\\/\\\/www.webdo.tn\\\/fr\\\/\",\"logo\":{\"@type\":\"ImageObject\",\"inLanguage\":\"fr-FR\",\"@id\":\"https:\\\/\\\/www.webdo.tn\\\/fr\\\/#\\\/schema\\\/logo\\\/image\\\/\",\"url\":\"https:\\\/\\\/www.webdo.tn\\\/fr\\\/wp-content\\\/uploads\\\/2025\\\/06\\\/Webdo-Tunisie_168377.jpg\",\"contentUrl\":\"https:\\\/\\\/www.webdo.tn\\\/fr\\\/wp-content\\\/uploads\\\/2025\\\/06\\\/Webdo-Tunisie_168377.jpg\",\"width\":301,\"height\":301,\"caption\":\"Webdo\"},\"image\":{\"@id\":\"https:\\\/\\\/www.webdo.tn\\\/fr\\\/#\\\/schema\\\/logo\\\/image\\\/\"},\"sameAs\":[\"https:\\\/\\\/www.facebook.com\\\/webdotn\",\"https:\\\/\\\/x.com\\\/webdo_tn\"],\"description\":\"Webdo est un m\u00e9dia num\u00e9rique tunisien fond\u00e9 en 2010, sp\u00e9cialis\u00e9 dans l\u2019actualit\u00e9 nationale et internationale, l\u2019\u00e9conomie, la soci\u00e9t\u00e9 et les analyses politiques. Le site s\u2019adresse \u00e0 un large public francophone et couvre l\u2019information tunisienne en temps r\u00e9el.\",\"email\":\"redac@webdo.tn\",\"legalName\":\"YNJ SARL\",\"foundingDate\":\"2010-09-06\",\"numberOfEmployees\":{\"@type\":\"QuantitativeValue\",\"minValue\":\"11\",\"maxValue\":\"50\"}},{\"@type\":\"Person\",\"@id\":\"https:\\\/\\\/www.webdo.tn\\\/fr\\\/#\\\/schema\\\/person\\\/2c4929cbf5a809e3bd38617c6ce150f6\",\"name\":\"MC\",\"image\":{\"@type\":\"ImageObject\",\"inLanguage\":\"fr-FR\",\"@id\":\"https:\\\/\\\/secure.gravatar.com\\\/avatar\\\/a545bbb6f84efdd5553dbbc2895e3ca8f1d12c5215e00a041c9670b54aa9b18a?s=96&d=mm&r=g\",\"url\":\"https:\\\/\\\/secure.gravatar.com\\\/avatar\\\/a545bbb6f84efdd5553dbbc2895e3ca8f1d12c5215e00a041c9670b54aa9b18a?s=96&d=mm&r=g\",\"contentUrl\":\"https:\\\/\\\/secure.gravatar.com\\\/avatar\\\/a545bbb6f84efdd5553dbbc2895e3ca8f1d12c5215e00a041c9670b54aa9b18a?s=96&d=mm&r=g\",\"caption\":\"MC\"},\"url\":\"https:\\\/\\\/www.webdo.tn\\\/fr\\\/actualite\\\/author\\\/mc\\\/\"}]}<\/script>\n<!-- \/ Yoast SEO Premium plugin. -->","yoast_head_json":{"title":"Tunisie : Sonia Dahmani, aujourd\u2019hui devant la justice","description":"Le parquet pr\u00e8s le Tribunal de premi\u00e8re instance de Tunis avait d\u00e9cid\u00e9, mercredi dernier, de reporter \u00e0 aujourd\u2019hui, l\u2019examen dans l\u2019une des trois affaires pour...","canonical":"https:\/\/www.webdo.tn\/fr\/actualite\/national\/tunisie-sonia-dahmani-aujourd-hui-devant-la-justice-2\/214256\/","og_locale":"fr_FR","og_type":"article","og_title":"Tunisie : Sonia Dahmani, aujourd\u2019hui devant la justice","og_description":"Le parquet pr\u00e8s le Tribunal de premi\u00e8re instance de Tunis avait d\u00e9cid\u00e9, mercredi dernier, de reporter \u00e0 aujourd\u2019hui, l\u2019examen dans l\u2019une des trois affaires pour...","og_url":"https:\/\/www.webdo.tn\/fr\/actualite\/national\/tunisie-sonia-dahmani-aujourd-hui-devant-la-justice-2\/214256\/","og_site_name":"webdo","article_publisher":"https:\/\/www.facebook.com\/webdotn","article_published_time":"2024-05-20T10:12:00+00:00","article_modified_time":"2025-06-04T18:08:38+00:00","og_image":[{"width":750,"height":400,"url":"https:\/\/www.webdo.tn\/fr\/wp-content\/uploads\/2024\/05\/58659f1806741c71467e1d38701c4b6e.webp","type":"image\/webp"}],"author":"MC","twitter_card":"summary_large_image","twitter_creator":"@webdo_tn","twitter_site":"@webdo_tn","twitter_misc":{"\u00c9crit par":"MC","Dur\u00e9e de lecture estim\u00e9e":"1 minute"},"schema":{"@context":"https:\/\/schema.org","@graph":[{"@type":"NewsArticle","@id":"https:\/\/www.webdo.tn\/fr\/actualite\/national\/tunisie-sonia-dahmani-aujourd-hui-devant-la-justice-2\/214256\/#article","isPartOf":{"@id":"https:\/\/www.webdo.tn\/fr\/actualite\/national\/tunisie-sonia-dahmani-aujourd-hui-devant-la-justice-2\/214256\/"},"author":{"name":"MC","@id":"https:\/\/www.webdo.tn\/fr\/#\/schema\/person\/2c4929cbf5a809e3bd38617c6ce150f6"},"headline":"Tunisie : Sonia Dahmani, aujourd\u2019hui devant la justice","datePublished":"2024-05-20T10:12:00+00:00","dateModified":"2025-06-04T18:08:38+00:00","mainEntityOfPage":{"@id":"https:\/\/www.webdo.tn\/fr\/actualite\/national\/tunisie-sonia-dahmani-aujourd-hui-devant-la-justice-2\/214256\/"},"wordCount":270,"commentCount":0,"publisher":{"@id":"https:\/\/www.webdo.tn\/fr\/#organization"},"image":{"@id":"https:\/\/www.webdo.tn\/fr\/actualite\/national\/tunisie-sonia-dahmani-aujourd-hui-devant-la-justice-2\/214256\/#primaryimage"},"thumbnailUrl":"https:\/\/www.webdo.tn\/fr\/wp-content\/uploads\/2024\/05\/58659f1806741c71467e1d38701c4b6e.webp","keywords":["d\u00e9cret-loi 54","justice","sonia dahmani","Tunisie"],"articleSection":["National"],"inLanguage":"fr-FR"},{"@type":"WebPage","@id":"https:\/\/www.webdo.tn\/fr\/actualite\/national\/tunisie-sonia-dahmani-aujourd-hui-devant-la-justice-2\/214256\/","url":"https:\/\/www.webdo.tn\/fr\/actualite\/national\/tunisie-sonia-dahmani-aujourd-hui-devant-la-justice-2\/214256\/","name":"Tunisie : Sonia Dahmani, aujourd\u2019hui devant la justice","isPartOf":{"@id":"https:\/\/www.webdo.tn\/fr\/#website"},"primaryImageOfPage":{"@id":"https:\/\/www.webdo.tn\/fr\/actualite\/national\/tunisie-sonia-dahmani-aujourd-hui-devant-la-justice-2\/214256\/#primaryimage"},"image":{"@id":"https:\/\/www.webdo.tn\/fr\/actualite\/national\/tunisie-sonia-dahmani-aujourd-hui-devant-la-justice-2\/214256\/#primaryimage"},"thumbnailUrl":"https:\/\/www.webdo.tn\/fr\/wp-content\/uploads\/2024\/05\/58659f1806741c71467e1d38701c4b6e.webp","datePublished":"2024-05-20T10:12:00+00:00","dateModified":"2025-06-04T18:08:38+00:00","description":"Le parquet pr\u00e8s le Tribunal de premi\u00e8re instance de Tunis avait d\u00e9cid\u00e9, mercredi dernier, de reporter \u00e0 aujourd\u2019hui, l\u2019examen dans l\u2019une des trois affaires pour...","breadcrumb":{"@id":"https:\/\/www.webdo.tn\/fr\/actualite\/national\/tunisie-sonia-dahmani-aujourd-hui-devant-la-justice-2\/214256\/#breadcrumb"},"inLanguage":"fr-FR","potentialAction":[{"@type":"ReadAction","target":["https:\/\/www.webdo.tn\/fr\/actualite\/national\/tunisie-sonia-dahmani-aujourd-hui-devant-la-justice-2\/214256\/"]}]},{"@type":"ImageObject","inLanguage":"fr-FR","@id":"https:\/\/www.webdo.tn\/fr\/actualite\/national\/tunisie-sonia-dahmani-aujourd-hui-devant-la-justice-2\/214256\/#primaryimage","url":"https:\/\/www.webdo.tn\/fr\/wp-content\/uploads\/2024\/05\/58659f1806741c71467e1d38701c4b6e.webp","contentUrl":"https:\/\/www.webdo.tn\/fr\/wp-content\/uploads\/2024\/05\/58659f1806741c71467e1d38701c4b6e.webp","width":750,"height":400,"caption":"Tunisie : Sonia Dahmani, aujourd\u2019hui devant la justice"},{"@type":"BreadcrumbList","@id":"https:\/\/www.webdo.tn\/fr\/actualite\/national\/tunisie-sonia-dahmani-aujourd-hui-devant-la-justice-2\/214256\/#breadcrumb","itemListElement":[{"@type":"ListItem","position":1,"name":"Accueil","item":"https:\/\/www.webdo.tn\/fr\/"},{"@type":"ListItem","position":2,"name":"Tunisie : Sonia Dahmani, aujourd\u2019hui devant la justice"}]},{"@type":"WebSite","@id":"https:\/\/www.webdo.tn\/fr\/#website","url":"https:\/\/www.webdo.tn\/fr\/","name":"webdo","description":"Tunisie - News en Tunisie et \u00e0 l&#039;international sur Webdo.tn","publisher":{"@id":"https:\/\/www.webdo.tn\/fr\/#organization"},"potentialAction":[{"@type":"SearchAction","target":{"@type":"EntryPoint","urlTemplate":"https:\/\/www.webdo.tn\/fr\/?s={search_term_string}"},"query-input":{"@type":"PropertyValueSpecification","valueRequired":true,"valueName":"search_term_string"}}],"inLanguage":"fr-FR"},{"@type":"Organization","@id":"https:\/\/www.webdo.tn\/fr\/#organization","name":"Webdo","alternateName":"Webdo.tn","url":"https:\/\/www.webdo.tn\/fr\/","logo":{"@type":"ImageObject","inLanguage":"fr-FR","@id":"https:\/\/www.webdo.tn\/fr\/#\/schema\/logo\/image\/","url":"https:\/\/www.webdo.tn\/fr\/wp-content\/uploads\/2025\/06\/Webdo-Tunisie_168377.jpg","contentUrl":"https:\/\/www.webdo.tn\/fr\/wp-content\/uploads\/2025\/06\/Webdo-Tunisie_168377.jpg","width":301,"height":301,"caption":"Webdo"},"image":{"@id":"https:\/\/www.webdo.tn\/fr\/#\/schema\/logo\/image\/"},"sameAs":["https:\/\/www.facebook.com\/webdotn","https:\/\/x.com\/webdo_tn"],"description":"Webdo est un m\u00e9dia num\u00e9rique tunisien fond\u00e9 en 2010, sp\u00e9cialis\u00e9 dans l\u2019actualit\u00e9 nationale et internationale, l\u2019\u00e9conomie, la soci\u00e9t\u00e9 et les analyses politiques. Le site s\u2019adresse \u00e0 un large public francophone et couvre l\u2019information tunisienne en temps r\u00e9el.","email":"redac@webdo.tn","legalName":"YNJ SARL","foundingDate":"2010-09-06","numberOfEmployees":{"@type":"QuantitativeValue","minValue":"11","maxValue":"50"}},{"@type":"Person","@id":"https:\/\/www.webdo.tn\/fr\/#\/schema\/person\/2c4929cbf5a809e3bd38617c6ce150f6","name":"MC","image":{"@type":"ImageObject","inLanguage":"fr-FR","@id":"https:\/\/secure.gravatar.com\/avatar\/a545bbb6f84efdd5553dbbc2895e3ca8f1d12c5215e00a041c9670b54aa9b18a?s=96&d=mm&r=g","url":"https:\/\/secure.gravatar.com\/avatar\/a545bbb6f84efdd5553dbbc2895e3ca8f1d12c5215e00a041c9670b54aa9b18a?s=96&d=mm&r=g","contentUrl":"https:\/\/secure.gravatar.com\/avatar\/a545bbb6f84efdd5553dbbc2895e3ca8f1d12c5215e00a041c9670b54aa9b18a?s=96&d=mm&r=g","caption":"MC"},"url":"https:\/\/www.webdo.tn\/fr\/actualite\/author\/mc\/"}]}},"_links":{"self":[{"href":"https:\/\/www.webdo.tn\/fr\/wp-json\/wp\/v2\/posts\/214256","targetHints":{"allow":["GET"]}}],"collection":[{"href":"https:\/\/www.webdo.tn\/fr\/wp-json\/wp\/v2\/posts"}],"about":[{"href":"https:\/\/www.webdo.tn\/fr\/wp-json\/wp\/v2\/types\/post"}],"author":[{"embeddable":true,"href":"https:\/\/www.webdo.tn\/fr\/wp-json\/wp\/v2\/users\/3162"}],"replies":[{"embeddable":true,"href":"https:\/\/www.webdo.tn\/fr\/wp-json\/wp\/v2\/comments?post=214256"}],"version-history":[{"count":0,"href":"https:\/\/www.webdo.tn\/fr\/wp-json\/wp\/v2\/posts\/214256\/revisions"}],"wp:featuredmedia":[{"embeddable":true,"href":"https:\/\/www.webdo.tn\/fr\/wp-json\/wp\/v2\/media\/247349"}],"wp:attachment":[{"href":"https:\/\/www.webdo.tn\/fr\/wp-json\/wp\/v2\/media?parent=214256"}],"wp:term":[{"taxonomy":"category","embeddable":true,"href":"https:\/\/www.webdo.tn\/fr\/wp-json\/wp\/v2\/categories?post=214256"},{"taxonomy":"post_tag","embeddable":true,"href":"https:\/\/www.webdo.tn\/fr\/wp-json\/wp\/v2\/tags?post=214256"}],"curies":[{"name":"wp","href":"https:\/\/api.w.org\/{rel}","templated":true}]}}