{"id":214251,"date":"2024-05-20T08:49:00","date_gmt":"2024-05-20T08:49:00","guid":{"rendered":"https:\/\/www.webdo.tn\/fr\/blog\/des-vols-militaires-russes-a-djerba-inquietants-selon-la-repubblica\/214251\/"},"modified":"2025-05-20T22:31:43","modified_gmt":"2025-05-20T22:31:43","slug":"des-vols-militaires-russes-a-djerba-inquietants-selon-la-repubblica","status":"publish","type":"post","link":"https:\/\/www.webdo.tn\/fr\/actualite\/national\/des-vols-militaires-russes-a-djerba-inquietants-selon-la-repubblica\/214251\/","title":{"rendered":"Des vols militaires russes \u00e0 Djerba, selon La Repubblica"},"content":{"rendered":"<p>Dans son \u00e9dition de dimanche 19 mai 2024, La Repubblica rapporte que des vols militaires russes atterrissant \u00e0 Djerba soul\u00e8vent l&rsquo;inqui\u00e9tude. La nature exacte de ces activit\u00e9s a\u00e9riennes &#8211; logistique ou autre &#8211; demeure floue, mais les craintes qu&rsquo;elles suscitent sont r\u00e9elles selon le quotidien italien.\u00a0<\/p>\n<p>\t\t\t\t\t\t\t\t\tCit\u00e9 par La Repubblica depuis New York, un porte-parole du D\u00e9partement d&rsquo;\u00c9tat am\u00e9ricain exprime cette pr\u00e9occupation : \u00ab\u00a0Nous restons pr\u00e9occup\u00e9s par les activit\u00e9s du groupe Wagner et celles soutenues par la Russie sur le continent africain, qui alimentent les conflits et encouragent l&rsquo;immigration irr\u00e9guli\u00e8re, y compris vers la Tunisie\u00a0\u00bb.<\/p>\n<p>Moscou \u00e9tend d\u00e9j\u00e0 son emprise en Libye, a nou\u00e9 une alliance avec l&rsquo;Alg\u00e9rie, et a remplac\u00e9 la pr\u00e9sence militaire am\u00e9ricaine au Niger et au Tchad, tandis que la France se retire du Mali et du Burkina Faso. Une implantation russe en Tunisie parach\u00e8verait la p\u00e9n\u00e9tration de Moscou dans toute la r\u00e9gion, ajoute La Repubblica.<\/p>\n<p>Pour l&rsquo;Italie, la question tunisienne est une pr\u00e9occupation majeure. Plus proche nation d&rsquo;Afrique du Nord de ses c\u00f4tes, la Tunisie est un important point de d\u00e9part des embarcations de migrants vers la Sicile. La Premi\u00e8re ministre Meloni s&rsquo;est personnellement investie pour contenir ce ph\u00e9nom\u00e8ne, effectuant quatre visites et concluant des accords avec le pr\u00e9sident Kais Saied dans le cadre du \u00ab\u00a0Plan Mattei\u00a0\u00bb.<\/p>\n<p>Mais La Repubblica s&rsquo;interroge : la Tunisie \u00ab\u00a0a-t-elle d\u00e9cid\u00e9 de changer de camp en s&rsquo;ouvrant \u00e0 Poutine ? Ou fait-elle pression sur l&rsquo;Occident en laissant entendre qu&rsquo;elle est pr\u00eate \u00e0 rejoindre la nouvelle coalition du Sud que la Russie et la Chine cherchent \u00e0 former pour d\u00e9stabiliser l&rsquo;ordre mondial et affaiblir le leadership am\u00e9ricain ?\u00a0\u00bb<\/p>\n","protected":false},"excerpt":{"rendered":"<p>Des vols militaires russes \u00e0 Djerba suscitent l&rsquo;inqui\u00e9tude.  Des pr\u00e9occupations sont exprim\u00e9es quant \u00e0 leur nature et leurs implications, notamment par un porte&#8230;<\/p>\n","protected":false},"author":3169,"featured_media":247347,"comment_status":"open","ping_status":"closed","sticky":false,"template":"","format":"standard","meta":{"footnotes":""},"categories":[44],"tags":[3696,6447,3279,3299,2608],"class_list":["post-214251","post","type-post","status-publish","format-standard","has-post-thumbnail","hentry","category-national","tag-djerba","tag-la-repubblica","tag-libye","tag-russie","tag-tunisie"],"yoast_head":"<!-- This site is optimized with the Yoast SEO Premium plugin v27.5 (Yoast SEO v27.5) - https:\/\/yoast.com\/product\/yoast-seo-premium-wordpress\/ -->\n<title>Des vols militaires russes \u00e0 Djerba, selon La Repubblica<\/title>\n<meta name=\"description\" content=\"Des vols militaires russes \u00e0 Djerba suscitent l&#039;inqui\u00e9tude. Des pr\u00e9occupations sont exprim\u00e9es quant \u00e0 leur nature et leurs implications, notamment par un porte...\" \/>\n<link rel=\"canonical\" href=\"https:\/\/www.webdo.tn\/fr\/actualite\/national\/des-vols-militaires-russes-a-djerba-inquietants-selon-la-repubblica\/214251\/\" \/>\n<meta property=\"og:locale\" content=\"fr_FR\" \/>\n<meta property=\"og:type\" content=\"article\" \/>\n<meta property=\"og:title\" content=\"Des vols militaires russes \u00e0 Djerba, selon La Repubblica\" \/>\n<meta property=\"og:description\" content=\"Des vols militaires russes \u00e0 Djerba suscitent l&#039;inqui\u00e9tude. Des pr\u00e9occupations sont exprim\u00e9es quant \u00e0 leur nature et leurs implications, notamment par un porte...\" \/>\n<meta property=\"og:url\" content=\"https:\/\/www.webdo.tn\/fr\/actualite\/national\/des-vols-militaires-russes-a-djerba-inquietants-selon-la-repubblica\/214251\/\" \/>\n<meta property=\"og:site_name\" content=\"webdo\" \/>\n<meta property=\"article:publisher\" content=\"https:\/\/www.facebook.com\/webdotn\" \/>\n<meta property=\"article:published_time\" content=\"2024-05-20T08:49:00+00:00\" \/>\n<meta property=\"article:modified_time\" content=\"2025-05-20T22:31:43+00:00\" \/>\n<meta property=\"og:image\" content=\"https:\/\/www.webdo.tn\/fr\/wp-content\/uploads\/2024\/05\/15ff6abfda2e0e147c63977a45ab6d42.webp\" \/>\n\t<meta property=\"og:image:width\" content=\"750\" \/>\n\t<meta property=\"og:image:height\" content=\"400\" \/>\n\t<meta property=\"og:image:type\" content=\"image\/webp\" \/>\n<meta name=\"author\" content=\"Webdo\" \/>\n<meta name=\"twitter:card\" content=\"summary_large_image\" \/>\n<meta name=\"twitter:creator\" content=\"@webdo_tn\" \/>\n<meta name=\"twitter:site\" content=\"@webdo_tn\" \/>\n<meta name=\"twitter:label1\" content=\"\u00c9crit par\" \/>\n\t<meta name=\"twitter:data1\" content=\"Webdo\" \/>\n\t<meta name=\"twitter:label2\" content=\"Dur\u00e9e de lecture estim\u00e9e\" \/>\n\t<meta name=\"twitter:data2\" content=\"1 minute\" \/>\n<script type=\"application\/ld+json\" class=\"yoast-schema-graph\">{\"@context\":\"https:\\\/\\\/schema.org\",\"@graph\":[{\"@type\":\"NewsArticle\",\"@id\":\"https:\\\/\\\/www.webdo.tn\\\/fr\\\/actualite\\\/national\\\/des-vols-militaires-russes-a-djerba-inquietants-selon-la-repubblica\\\/214251\\\/#article\",\"isPartOf\":{\"@id\":\"https:\\\/\\\/www.webdo.tn\\\/fr\\\/actualite\\\/national\\\/des-vols-militaires-russes-a-djerba-inquietants-selon-la-repubblica\\\/214251\\\/\"},\"author\":{\"name\":\"Webdo\",\"@id\":\"https:\\\/\\\/www.webdo.tn\\\/fr\\\/#\\\/schema\\\/person\\\/1f4e491e0907b413d61089e8eb573acc\"},\"headline\":\"Des vols militaires russes \u00e0 Djerba, selon La Repubblica\",\"datePublished\":\"2024-05-20T08:49:00+00:00\",\"dateModified\":\"2025-05-20T22:31:43+00:00\",\"mainEntityOfPage\":{\"@id\":\"https:\\\/\\\/www.webdo.tn\\\/fr\\\/actualite\\\/national\\\/des-vols-militaires-russes-a-djerba-inquietants-selon-la-repubblica\\\/214251\\\/\"},\"wordCount\":309,\"commentCount\":0,\"publisher\":{\"@id\":\"https:\\\/\\\/www.webdo.tn\\\/fr\\\/#organization\"},\"image\":{\"@id\":\"https:\\\/\\\/www.webdo.tn\\\/fr\\\/actualite\\\/national\\\/des-vols-militaires-russes-a-djerba-inquietants-selon-la-repubblica\\\/214251\\\/#primaryimage\"},\"thumbnailUrl\":\"https:\\\/\\\/www.webdo.tn\\\/fr\\\/wp-content\\\/uploads\\\/2024\\\/05\\\/15ff6abfda2e0e147c63977a45ab6d42.webp\",\"keywords\":[\"djerba\",\"La Repubblica\",\"Libye\",\"Russie\",\"Tunisie\"],\"articleSection\":[\"National\"],\"inLanguage\":\"fr-FR\"},{\"@type\":\"WebPage\",\"@id\":\"https:\\\/\\\/www.webdo.tn\\\/fr\\\/actualite\\\/national\\\/des-vols-militaires-russes-a-djerba-inquietants-selon-la-repubblica\\\/214251\\\/\",\"url\":\"https:\\\/\\\/www.webdo.tn\\\/fr\\\/actualite\\\/national\\\/des-vols-militaires-russes-a-djerba-inquietants-selon-la-repubblica\\\/214251\\\/\",\"name\":\"Des vols militaires russes \u00e0 Djerba, selon La Repubblica\",\"isPartOf\":{\"@id\":\"https:\\\/\\\/www.webdo.tn\\\/fr\\\/#website\"},\"primaryImageOfPage\":{\"@id\":\"https:\\\/\\\/www.webdo.tn\\\/fr\\\/actualite\\\/national\\\/des-vols-militaires-russes-a-djerba-inquietants-selon-la-repubblica\\\/214251\\\/#primaryimage\"},\"image\":{\"@id\":\"https:\\\/\\\/www.webdo.tn\\\/fr\\\/actualite\\\/national\\\/des-vols-militaires-russes-a-djerba-inquietants-selon-la-repubblica\\\/214251\\\/#primaryimage\"},\"thumbnailUrl\":\"https:\\\/\\\/www.webdo.tn\\\/fr\\\/wp-content\\\/uploads\\\/2024\\\/05\\\/15ff6abfda2e0e147c63977a45ab6d42.webp\",\"datePublished\":\"2024-05-20T08:49:00+00:00\",\"dateModified\":\"2025-05-20T22:31:43+00:00\",\"description\":\"Des vols militaires russes \u00e0 Djerba suscitent l'inqui\u00e9tude. Des pr\u00e9occupations sont exprim\u00e9es quant \u00e0 leur nature et leurs implications, notamment par un porte...\",\"breadcrumb\":{\"@id\":\"https:\\\/\\\/www.webdo.tn\\\/fr\\\/actualite\\\/national\\\/des-vols-militaires-russes-a-djerba-inquietants-selon-la-repubblica\\\/214251\\\/#breadcrumb\"},\"inLanguage\":\"fr-FR\",\"potentialAction\":[{\"@type\":\"ReadAction\",\"target\":[\"https:\\\/\\\/www.webdo.tn\\\/fr\\\/actualite\\\/national\\\/des-vols-militaires-russes-a-djerba-inquietants-selon-la-repubblica\\\/214251\\\/\"]}]},{\"@type\":\"ImageObject\",\"inLanguage\":\"fr-FR\",\"@id\":\"https:\\\/\\\/www.webdo.tn\\\/fr\\\/actualite\\\/national\\\/des-vols-militaires-russes-a-djerba-inquietants-selon-la-repubblica\\\/214251\\\/#primaryimage\",\"url\":\"https:\\\/\\\/www.webdo.tn\\\/fr\\\/wp-content\\\/uploads\\\/2024\\\/05\\\/15ff6abfda2e0e147c63977a45ab6d42.webp\",\"contentUrl\":\"https:\\\/\\\/www.webdo.tn\\\/fr\\\/wp-content\\\/uploads\\\/2024\\\/05\\\/15ff6abfda2e0e147c63977a45ab6d42.webp\",\"width\":750,\"height\":400,\"caption\":\"Des vols militaires russes \u00e0 Djerba, selon La Repubblica\"},{\"@type\":\"BreadcrumbList\",\"@id\":\"https:\\\/\\\/www.webdo.tn\\\/fr\\\/actualite\\\/national\\\/des-vols-militaires-russes-a-djerba-inquietants-selon-la-repubblica\\\/214251\\\/#breadcrumb\",\"itemListElement\":[{\"@type\":\"ListItem\",\"position\":1,\"name\":\"Accueil\",\"item\":\"https:\\\/\\\/www.webdo.tn\\\/fr\\\/\"},{\"@type\":\"ListItem\",\"position\":2,\"name\":\"Des vols militaires russes \u00e0 Djerba, selon La Repubblica\"}]},{\"@type\":\"WebSite\",\"@id\":\"https:\\\/\\\/www.webdo.tn\\\/fr\\\/#website\",\"url\":\"https:\\\/\\\/www.webdo.tn\\\/fr\\\/\",\"name\":\"webdo\",\"description\":\"Tunisie - News en Tunisie et \u00e0 l&#039;international sur Webdo.tn\",\"publisher\":{\"@id\":\"https:\\\/\\\/www.webdo.tn\\\/fr\\\/#organization\"},\"potentialAction\":[{\"@type\":\"SearchAction\",\"target\":{\"@type\":\"EntryPoint\",\"urlTemplate\":\"https:\\\/\\\/www.webdo.tn\\\/fr\\\/?s={search_term_string}\"},\"query-input\":{\"@type\":\"PropertyValueSpecification\",\"valueRequired\":true,\"valueName\":\"search_term_string\"}}],\"inLanguage\":\"fr-FR\"},{\"@type\":\"Organization\",\"@id\":\"https:\\\/\\\/www.webdo.tn\\\/fr\\\/#organization\",\"name\":\"Webdo\",\"alternateName\":\"Webdo.tn\",\"url\":\"https:\\\/\\\/www.webdo.tn\\\/fr\\\/\",\"logo\":{\"@type\":\"ImageObject\",\"inLanguage\":\"fr-FR\",\"@id\":\"https:\\\/\\\/www.webdo.tn\\\/fr\\\/#\\\/schema\\\/logo\\\/image\\\/\",\"url\":\"https:\\\/\\\/www.webdo.tn\\\/fr\\\/wp-content\\\/uploads\\\/2025\\\/06\\\/Webdo-Tunisie_168377.jpg\",\"contentUrl\":\"https:\\\/\\\/www.webdo.tn\\\/fr\\\/wp-content\\\/uploads\\\/2025\\\/06\\\/Webdo-Tunisie_168377.jpg\",\"width\":301,\"height\":301,\"caption\":\"Webdo\"},\"image\":{\"@id\":\"https:\\\/\\\/www.webdo.tn\\\/fr\\\/#\\\/schema\\\/logo\\\/image\\\/\"},\"sameAs\":[\"https:\\\/\\\/www.facebook.com\\\/webdotn\",\"https:\\\/\\\/x.com\\\/webdo_tn\"],\"description\":\"Webdo est un m\u00e9dia num\u00e9rique tunisien fond\u00e9 en 2010, sp\u00e9cialis\u00e9 dans l\u2019actualit\u00e9 nationale et internationale, l\u2019\u00e9conomie, la soci\u00e9t\u00e9 et les analyses politiques. Le site s\u2019adresse \u00e0 un large public francophone et couvre l\u2019information tunisienne en temps r\u00e9el.\",\"email\":\"redac@webdo.tn\",\"legalName\":\"YNJ SARL\",\"foundingDate\":\"2010-09-06\",\"numberOfEmployees\":{\"@type\":\"QuantitativeValue\",\"minValue\":\"11\",\"maxValue\":\"50\"}},{\"@type\":\"Person\",\"@id\":\"https:\\\/\\\/www.webdo.tn\\\/fr\\\/#\\\/schema\\\/person\\\/1f4e491e0907b413d61089e8eb573acc\",\"name\":\"Webdo\",\"image\":{\"@type\":\"ImageObject\",\"inLanguage\":\"fr-FR\",\"@id\":\"https:\\\/\\\/secure.gravatar.com\\\/avatar\\\/de97aeec1bb80978a9dbb127e47dfc88aaacb2f3c29aac907d8d3222e3495d49?s=96&d=mm&r=g\",\"url\":\"https:\\\/\\\/secure.gravatar.com\\\/avatar\\\/de97aeec1bb80978a9dbb127e47dfc88aaacb2f3c29aac907d8d3222e3495d49?s=96&d=mm&r=g\",\"contentUrl\":\"https:\\\/\\\/secure.gravatar.com\\\/avatar\\\/de97aeec1bb80978a9dbb127e47dfc88aaacb2f3c29aac907d8d3222e3495d49?s=96&d=mm&r=g\",\"caption\":\"Webdo\"},\"url\":\"https:\\\/\\\/www.webdo.tn\\\/fr\\\/actualite\\\/author\\\/webdo\\\/\"}]}<\/script>\n<!-- \/ Yoast SEO Premium plugin. -->","yoast_head_json":{"title":"Des vols militaires russes \u00e0 Djerba, selon La Repubblica","description":"Des vols militaires russes \u00e0 Djerba suscitent l'inqui\u00e9tude. Des pr\u00e9occupations sont exprim\u00e9es quant \u00e0 leur nature et leurs implications, notamment par un porte...","canonical":"https:\/\/www.webdo.tn\/fr\/actualite\/national\/des-vols-militaires-russes-a-djerba-inquietants-selon-la-repubblica\/214251\/","og_locale":"fr_FR","og_type":"article","og_title":"Des vols militaires russes \u00e0 Djerba, selon La Repubblica","og_description":"Des vols militaires russes \u00e0 Djerba suscitent l'inqui\u00e9tude. Des pr\u00e9occupations sont exprim\u00e9es quant \u00e0 leur nature et leurs implications, notamment par un porte...","og_url":"https:\/\/www.webdo.tn\/fr\/actualite\/national\/des-vols-militaires-russes-a-djerba-inquietants-selon-la-repubblica\/214251\/","og_site_name":"webdo","article_publisher":"https:\/\/www.facebook.com\/webdotn","article_published_time":"2024-05-20T08:49:00+00:00","article_modified_time":"2025-05-20T22:31:43+00:00","og_image":[{"width":750,"height":400,"url":"https:\/\/www.webdo.tn\/fr\/wp-content\/uploads\/2024\/05\/15ff6abfda2e0e147c63977a45ab6d42.webp","type":"image\/webp"}],"author":"Webdo","twitter_card":"summary_large_image","twitter_creator":"@webdo_tn","twitter_site":"@webdo_tn","twitter_misc":{"\u00c9crit par":"Webdo","Dur\u00e9e de lecture estim\u00e9e":"1 minute"},"schema":{"@context":"https:\/\/schema.org","@graph":[{"@type":"NewsArticle","@id":"https:\/\/www.webdo.tn\/fr\/actualite\/national\/des-vols-militaires-russes-a-djerba-inquietants-selon-la-repubblica\/214251\/#article","isPartOf":{"@id":"https:\/\/www.webdo.tn\/fr\/actualite\/national\/des-vols-militaires-russes-a-djerba-inquietants-selon-la-repubblica\/214251\/"},"author":{"name":"Webdo","@id":"https:\/\/www.webdo.tn\/fr\/#\/schema\/person\/1f4e491e0907b413d61089e8eb573acc"},"headline":"Des vols militaires russes \u00e0 Djerba, selon La Repubblica","datePublished":"2024-05-20T08:49:00+00:00","dateModified":"2025-05-20T22:31:43+00:00","mainEntityOfPage":{"@id":"https:\/\/www.webdo.tn\/fr\/actualite\/national\/des-vols-militaires-russes-a-djerba-inquietants-selon-la-repubblica\/214251\/"},"wordCount":309,"commentCount":0,"publisher":{"@id":"https:\/\/www.webdo.tn\/fr\/#organization"},"image":{"@id":"https:\/\/www.webdo.tn\/fr\/actualite\/national\/des-vols-militaires-russes-a-djerba-inquietants-selon-la-repubblica\/214251\/#primaryimage"},"thumbnailUrl":"https:\/\/www.webdo.tn\/fr\/wp-content\/uploads\/2024\/05\/15ff6abfda2e0e147c63977a45ab6d42.webp","keywords":["djerba","La Repubblica","Libye","Russie","Tunisie"],"articleSection":["National"],"inLanguage":"fr-FR"},{"@type":"WebPage","@id":"https:\/\/www.webdo.tn\/fr\/actualite\/national\/des-vols-militaires-russes-a-djerba-inquietants-selon-la-repubblica\/214251\/","url":"https:\/\/www.webdo.tn\/fr\/actualite\/national\/des-vols-militaires-russes-a-djerba-inquietants-selon-la-repubblica\/214251\/","name":"Des vols militaires russes \u00e0 Djerba, selon La Repubblica","isPartOf":{"@id":"https:\/\/www.webdo.tn\/fr\/#website"},"primaryImageOfPage":{"@id":"https:\/\/www.webdo.tn\/fr\/actualite\/national\/des-vols-militaires-russes-a-djerba-inquietants-selon-la-repubblica\/214251\/#primaryimage"},"image":{"@id":"https:\/\/www.webdo.tn\/fr\/actualite\/national\/des-vols-militaires-russes-a-djerba-inquietants-selon-la-repubblica\/214251\/#primaryimage"},"thumbnailUrl":"https:\/\/www.webdo.tn\/fr\/wp-content\/uploads\/2024\/05\/15ff6abfda2e0e147c63977a45ab6d42.webp","datePublished":"2024-05-20T08:49:00+00:00","dateModified":"2025-05-20T22:31:43+00:00","description":"Des vols militaires russes \u00e0 Djerba suscitent l'inqui\u00e9tude. Des pr\u00e9occupations sont exprim\u00e9es quant \u00e0 leur nature et leurs implications, notamment par un porte...","breadcrumb":{"@id":"https:\/\/www.webdo.tn\/fr\/actualite\/national\/des-vols-militaires-russes-a-djerba-inquietants-selon-la-repubblica\/214251\/#breadcrumb"},"inLanguage":"fr-FR","potentialAction":[{"@type":"ReadAction","target":["https:\/\/www.webdo.tn\/fr\/actualite\/national\/des-vols-militaires-russes-a-djerba-inquietants-selon-la-repubblica\/214251\/"]}]},{"@type":"ImageObject","inLanguage":"fr-FR","@id":"https:\/\/www.webdo.tn\/fr\/actualite\/national\/des-vols-militaires-russes-a-djerba-inquietants-selon-la-repubblica\/214251\/#primaryimage","url":"https:\/\/www.webdo.tn\/fr\/wp-content\/uploads\/2024\/05\/15ff6abfda2e0e147c63977a45ab6d42.webp","contentUrl":"https:\/\/www.webdo.tn\/fr\/wp-content\/uploads\/2024\/05\/15ff6abfda2e0e147c63977a45ab6d42.webp","width":750,"height":400,"caption":"Des vols militaires russes \u00e0 Djerba, selon La Repubblica"},{"@type":"BreadcrumbList","@id":"https:\/\/www.webdo.tn\/fr\/actualite\/national\/des-vols-militaires-russes-a-djerba-inquietants-selon-la-repubblica\/214251\/#breadcrumb","itemListElement":[{"@type":"ListItem","position":1,"name":"Accueil","item":"https:\/\/www.webdo.tn\/fr\/"},{"@type":"ListItem","position":2,"name":"Des vols militaires russes \u00e0 Djerba, selon La Repubblica"}]},{"@type":"WebSite","@id":"https:\/\/www.webdo.tn\/fr\/#website","url":"https:\/\/www.webdo.tn\/fr\/","name":"webdo","description":"Tunisie - News en Tunisie et \u00e0 l&#039;international sur Webdo.tn","publisher":{"@id":"https:\/\/www.webdo.tn\/fr\/#organization"},"potentialAction":[{"@type":"SearchAction","target":{"@type":"EntryPoint","urlTemplate":"https:\/\/www.webdo.tn\/fr\/?s={search_term_string}"},"query-input":{"@type":"PropertyValueSpecification","valueRequired":true,"valueName":"search_term_string"}}],"inLanguage":"fr-FR"},{"@type":"Organization","@id":"https:\/\/www.webdo.tn\/fr\/#organization","name":"Webdo","alternateName":"Webdo.tn","url":"https:\/\/www.webdo.tn\/fr\/","logo":{"@type":"ImageObject","inLanguage":"fr-FR","@id":"https:\/\/www.webdo.tn\/fr\/#\/schema\/logo\/image\/","url":"https:\/\/www.webdo.tn\/fr\/wp-content\/uploads\/2025\/06\/Webdo-Tunisie_168377.jpg","contentUrl":"https:\/\/www.webdo.tn\/fr\/wp-content\/uploads\/2025\/06\/Webdo-Tunisie_168377.jpg","width":301,"height":301,"caption":"Webdo"},"image":{"@id":"https:\/\/www.webdo.tn\/fr\/#\/schema\/logo\/image\/"},"sameAs":["https:\/\/www.facebook.com\/webdotn","https:\/\/x.com\/webdo_tn"],"description":"Webdo est un m\u00e9dia num\u00e9rique tunisien fond\u00e9 en 2010, sp\u00e9cialis\u00e9 dans l\u2019actualit\u00e9 nationale et internationale, l\u2019\u00e9conomie, la soci\u00e9t\u00e9 et les analyses politiques. Le site s\u2019adresse \u00e0 un large public francophone et couvre l\u2019information tunisienne en temps r\u00e9el.","email":"redac@webdo.tn","legalName":"YNJ SARL","foundingDate":"2010-09-06","numberOfEmployees":{"@type":"QuantitativeValue","minValue":"11","maxValue":"50"}},{"@type":"Person","@id":"https:\/\/www.webdo.tn\/fr\/#\/schema\/person\/1f4e491e0907b413d61089e8eb573acc","name":"Webdo","image":{"@type":"ImageObject","inLanguage":"fr-FR","@id":"https:\/\/secure.gravatar.com\/avatar\/de97aeec1bb80978a9dbb127e47dfc88aaacb2f3c29aac907d8d3222e3495d49?s=96&d=mm&r=g","url":"https:\/\/secure.gravatar.com\/avatar\/de97aeec1bb80978a9dbb127e47dfc88aaacb2f3c29aac907d8d3222e3495d49?s=96&d=mm&r=g","contentUrl":"https:\/\/secure.gravatar.com\/avatar\/de97aeec1bb80978a9dbb127e47dfc88aaacb2f3c29aac907d8d3222e3495d49?s=96&d=mm&r=g","caption":"Webdo"},"url":"https:\/\/www.webdo.tn\/fr\/actualite\/author\/webdo\/"}]}},"_links":{"self":[{"href":"https:\/\/www.webdo.tn\/fr\/wp-json\/wp\/v2\/posts\/214251","targetHints":{"allow":["GET"]}}],"collection":[{"href":"https:\/\/www.webdo.tn\/fr\/wp-json\/wp\/v2\/posts"}],"about":[{"href":"https:\/\/www.webdo.tn\/fr\/wp-json\/wp\/v2\/types\/post"}],"author":[{"embeddable":true,"href":"https:\/\/www.webdo.tn\/fr\/wp-json\/wp\/v2\/users\/3169"}],"replies":[{"embeddable":true,"href":"https:\/\/www.webdo.tn\/fr\/wp-json\/wp\/v2\/comments?post=214251"}],"version-history":[{"count":0,"href":"https:\/\/www.webdo.tn\/fr\/wp-json\/wp\/v2\/posts\/214251\/revisions"}],"wp:featuredmedia":[{"embeddable":true,"href":"https:\/\/www.webdo.tn\/fr\/wp-json\/wp\/v2\/media\/247347"}],"wp:attachment":[{"href":"https:\/\/www.webdo.tn\/fr\/wp-json\/wp\/v2\/media?parent=214251"}],"wp:term":[{"taxonomy":"category","embeddable":true,"href":"https:\/\/www.webdo.tn\/fr\/wp-json\/wp\/v2\/categories?post=214251"},{"taxonomy":"post_tag","embeddable":true,"href":"https:\/\/www.webdo.tn\/fr\/wp-json\/wp\/v2\/tags?post=214251"}],"curies":[{"name":"wp","href":"https:\/\/api.w.org\/{rel}","templated":true}]}}