{"id":214229,"date":"2024-05-18T06:50:00","date_gmt":"2024-05-18T06:50:00","guid":{"rendered":"https:\/\/www.webdo.tn\/fr\/blog\/cannes-2024-3\/214229\/"},"modified":"2025-05-21T08:55:48","modified_gmt":"2025-05-21T08:55:48","slug":"cannes-2024-3","status":"publish","type":"post","link":"https:\/\/www.webdo.tn\/fr\/actualite\/culture\/cannes-2024-3\/214229\/","title":{"rendered":"Cannes 2024 \u2013 \u00ab\u00a0La Jeune femme \u00e0 l\u2019aiguille\u00a0\u00bb de Magnus Von Horn : Un plaidoyer sombre et perturbant pour les droits des femmes"},"content":{"rendered":"<div class=\"single-body entry-content typography-copy\" itemprop=\"articleBody\">\n<p style=\"font-weight: bold; text-align: justify\">\n\t\t\t\t\t\t\t\t\tCannes 2024 \u2013 \u00ab\u00a0La Jeune femme \u00e0 l\u2019aiguille\u00a0\u00bb de Magnus Von Horn : Un plaidoyer sombre et perturbant pour les droits des femmes\n\t\t\t\t\t\t\t\t<\/p>\n<div class=\"coprs\" style=\"text-align: center\"><\/div>\n<div class=\"coprs\" style=\"text-align: justify\">\n<p><span><span>Apr\u00e8s <em>Le Lendemain (The Here After<\/em>), pr\u00e9sent\u00e9 en avant-premi\u00e8re \u00e0 la Quinzaine des Cin\u00e9astes en 2015, puis <em>Sweat<\/em>, en S\u00e9lection officielle au Festival de Cannes en 2020, le r\u00e9alisateur su\u00e9dois Magnus Von Horn revient \u00e0 Cannes avec <em>Pigen Med N\u00e5len (La Jeune femme \u00e0 l\u2019aiguille)<\/em>, un nouveau long m\u00e9trage, cette fois-ci en langue danoise. <\/span><\/span><\/p>\n<p><span><span>En lice pour la Palme d\u2019or, le Su\u00e9dois exp\u00e9rimente une nouvelle approche artistique avec un film d\u2019\u00e9poque. Inspir\u00e9 d\u2019une histoire vraie, celle du meurtre le plus controvers\u00e9 de l\u2019histoire du Danemark et v\u00e9ritable traumatisme national, le film raconte l\u2019histoire de Karoline, une jeune ouvri\u00e8re luttant pour survivre dans le Copenhague de 1918. Lorsque cette derni\u00e8re tombe enceinte, elle fait la rencontre de Dagmar, une femme qui dirige une agence d\u2019adoption clandestine. Karoline accepte tout d\u2019abord de lui donner son b\u00e9b\u00e9 pour le faire adopter et ensuite un r\u00f4le de nourrice \u00e0 ses c\u00f4t\u00e9s.<\/span><\/span><\/p>\n<p><span><span>La vie de Karoline est marqu\u00e9e par la mis\u00e8re et la d\u00e9tresse. Couturi\u00e8re dans une usine de textile reconvertie dans la fabrication d\u2019uniformes, elle se bat quotidiennement pour joindre les deux bouts. La guerre s\u00e9vit en Europe et Karoline, sans nouvelles de son mari pr\u00e9sum\u00e9 mort au combat, se retrouve dans une situation d\u00e9sesp\u00e9r\u00e9e. Expuls\u00e9e par son propri\u00e9taire, elle est oblig\u00e9e d\u2019habiter dans un taudis sordide, sale et sans eau courante. Et en plus, pour ajouter \u00e0 ses malheurs, elle tombe enceinte apr\u00e8s avoir \u00e9t\u00e9 abus\u00e9e par son patron, qui lui avait promis le mariage mais qui l\u2019avait abandonn\u00e9e par la suite. Le film plonge le spectateur dans un Copenhague de 1918 sombre et d\u00e9nu\u00e9 d\u2019espoir, o\u00f9 la mis\u00e8re est omnipr\u00e9sente.<\/span><\/span><\/p>\n<p><span><span>Le film est tourn\u00e9 en noir et blanc, accentuant la noirceur de la crasse, des \u00e9v\u00e9nements morbides et de la d\u00e9tresse humaine. Von Horn pousse les spectateurs \u00e0 faire face \u00e0 cette r\u00e9alit\u00e9 sombre, certains pourraient y voir du voyeurisme, mais la d\u00e9marche semble \u00eatre une volont\u00e9 de confronter l\u2019audience \u00e0 une \u00e9poque brutalement r\u00e9aliste.<\/span><\/span><\/p>\n<p><span><span>Un aspect du film m&rsquo;a personnellement particuli\u00e8rement interpell\u00e9e. Le film se d\u00e9roule dans un pays nordique, \u00e0 la fin de la Premi\u00e8re Guerre mondiale, une p\u00e9riode marqu\u00e9e par des conditions de vie extr\u00eamement difficiles pour les classes ouvri\u00e8res. Ces gens travaillent sans aucun avantage social, dans la pr\u00e9carit\u00e9 la plus totale, ex\u00e9cutant des travaux durs et vivant dans la mis\u00e8re et la crasse. Les rues sont boueuses, l\u2019eau courante n\u2019existe pas encore et l\u2019hygi\u00e8ne est quasi inexistante. Aujourd\u2019hui, ces pays nordiques sont des exemples de d\u00e9veloppement, mais le film nous montre une r\u00e9alit\u00e9 tr\u00e8s diff\u00e9rente au d\u00e9but du XXe si\u00e8cle.<\/span><\/span><\/p>\n<p><span><span>Pour moi, la question qui se pose est : comment ces pays nordiques ont-ils pu se d\u00e9velopper \u00e0 ce point en \u00e0 peine un si\u00e8cle ? \u00c0 quel moment exact a eu lieu ce basculement vers le progr\u00e8s ? Et pourquoi dans une grande partie des pays arabes, ce basculement n\u2019a pas eu lieu ? Il me semble que la cr\u00e9ation d&rsquo;institutions d\u2019aide sociale, le vote de lois progressistes, comme les lois sur la contraception et l&rsquo;avortement, en se d\u00e9barrassant des pr\u00e9jug\u00e9s et id\u00e9es conservatrices ou religieuses, ont certainement jou\u00e9 un r\u00f4le crucial dans ce d\u00e9veloppement rapide.<\/span><\/span><\/p>\n<p>\u00a0<\/p>\n<p><img decoding=\"async\" alt=\"\" height=\"718\" src=\"\/assets\/uploads\/images\/\/Neila\/la-jeune-femme-a-l-aiguille-affiche-provisoire.jpg\" width=\"500\"><\/p>\n<p>\u00a0<\/p>\n<p><span><span>Inspir\u00e9 d\u2019une histoire vraie, le film traite d\u2019une femme qui a tu\u00e9 plusieurs dizaines de nourrissons. C\u2019est \u00e9galement une plaidoirie pour la contraception et l\u2019avortement. Il y a un si\u00e8cle, les femmes n\u2019avaient aucun droit, se faisant \u00ab\u00a0engrosser\u00a0\u00bb \u00e0 tout moment et devant se d\u00e9brouiller seules pour avorter ou \u00e9lever leurs enfants non d\u00e9sir\u00e9s. Le discours de la meurtri\u00e8re au tribunal est choquant mais r\u00e9aliste pour son \u00e9poque. Que faire de tous ces b\u00e9b\u00e9s qui naissaient malgr\u00e9 la volont\u00e9 de leurs m\u00e8res ? Qui pour s\u2019en occuper\u00a0? Comment les \u00e9lever ? Comment les nourrir\u00a0?<\/span><\/span><\/p>\n<p><span><span>Personnellement, le film m\u2019a perturb\u00e9e. En lisant le synopsis, j\u2019avais compris qu\u2019il \u00e9tait inspir\u00e9 d\u2019une histoire vraie d\u2019une femme ayant tu\u00e9 plusieurs nourrissons. Je m\u2019attendais donc \u00e0 un film retra\u00e7ant la vie de cette femme, ses crimes, \u00e9ventuellement son proc\u00e8s, et les raisons de ses actes. Lorsque le film a commenc\u00e9 \u00e0 raconter l\u2019histoire de Karoline, j\u2019ai cru qu\u2019elle \u00e9tait l\u2019assassin et que le film expliquait son cheminement vers le meurtre. Mais finalement, ce n\u2019\u00e9tait pas elle. Pourquoi donc le r\u00e9alisateur nous raconte-t-il l\u2019histoire de Karoline alors qu\u2019elle n\u2019est pas la tueuse ? Voulait-il nous expliquer le contexte de l\u2019\u00e9poque, en 1918, sans contraception, avec l\u2019avortement interdit, et une \u00e9norme pr\u00e9carit\u00e9 pour tous, mais surtout pour les femmes ?<\/span><\/span><\/p>\n<p><span><span>C\u2019est en effet ce que je pense. Le r\u00e9alisateur \u00e9tait bien plus int\u00e9ress\u00e9 par toutes ces femmes qui doivent lutter pour vivre, qui doivent travailler durement, et qui parfois ont du mal \u00e0 s\u2019occuper d\u2019elles-m\u00eames. Ce qui les pousse parfois \u00e0 commettre des actes graves lorsqu\u2019elles se retrouvent enceintes contre leur propre volont\u00e9. C\u2019est peut-\u00eatre plus int\u00e9ressant que le cas particulier de cette femme tueuse, qui n\u2019aurait pas pu commettre tous ces meurtres si les femmes n\u2019\u00e9taient pas aussi d\u00e9sesp\u00e9r\u00e9es et n\u2019avaient pas eu recours \u00e0 elle.<\/span><\/span><\/p>\n<p><span><span><em>La Jeune femme \u00e0 l\u2019aiguille<\/em> est un plaidoyer puissant pour le droit \u00e0 l\u2019avortement. Il montre que sans ce droit, des femmes peuvent \u00eatre pouss\u00e9es \u00e0 des actes extr\u00eames, elles peuvent essayer de se faire avorter dans des conditions dangereuses pour elles et pour les b\u00e9b\u00e9s (comme a voulu le faire Karoline avec son aiguille \u00e0 tricoter), elles peuvent avoir des b\u00e9b\u00e9s et les abandonner au coin d\u2019une rue, devant une \u00e9glise\u2026 ou m\u00eame dans une poubelle. Ce qui arrive encore souvent dans les pays qui interdisent l\u2019avortement.<\/span><\/span><\/p>\n<p><span><span>Pourquoi aujourd\u2019hui encore certains pays interdisent-ils l\u2019avortement ? Pourquoi la l\u00e9gislation dans la plupart des pays arabes reste-t-elle r\u00e9trograde \u00e0 ce sujet ? Pourquoi dans certains pays o\u00f9 l\u2019avortement est l\u00e9gal, certains veulent-ils revenir en arri\u00e8re ? Pourquoi certains pays qui avaient l\u00e9galis\u00e9 le droit \u00e0 l&rsquo;avortement, l&rsquo;ont ensuite interdit?\u00a0Le film illustre les cons\u00e9quences dramatiques de l\u2019interdiction de l\u2019avortement, offrant une r\u00e9flexion profonde sur les droits des femmes et les progr\u00e8s sociaux n\u00e9cessaires pour \u00e9viter de telles trag\u00e9dies.<\/span><\/span><\/p>\n<p><span><span><em>La Jeune femme \u00e0 l\u2019aiguille<\/em> est un film sombre, perturbant et profond\u00e9ment humain qui interroge notre histoire et nos progr\u00e8s sociaux. Il m\u00e9rite une r\u00e9flexion et un d\u00e9bat sur les droits des femmes et la capacit\u00e9 de nos soci\u00e9t\u00e9s \u00e0 prot\u00e9ger les plus vuln\u00e9rables. Un grand bravo \u00e0 l\u2019actrice Vic Carmen Sonne qui a tr\u00e8s bien jou\u00e9 son r\u00f4le de Karoline.<\/span><\/span><\/p>\n<p><span><span><strong>Ne\u00efla Driss<\/strong><\/span><\/span><\/p>\n<p><img decoding=\"async\" alt=\"\" height=\"320\" src=\"\/assets\/uploads\/images\/\/Neila\/CANNES%202024_SIGNATURES_WEB_800X160_1.jpeg\" width=\"1600\"><\/p>\n<p>\n\u00a0<\/p>\n<\/p><\/div>\n<div class=\"coprs\" style=\"text-align: center\"><\/div><\/div>\n","protected":false},"excerpt":{"rendered":"<p>Cannes 2024 \u2013 \u00ab\u00a0La Jeune femme \u00e0 l\u2019aiguille\u00a0\u00bb de Magnus Von Horn : Un plaidoyer sombre et perturbant pour les droits des femmes<\/p>\n","protected":false},"author":3164,"featured_media":247362,"comment_status":"open","ping_status":"closed","sticky":false,"template":"","format":"standard","meta":{"footnotes":""},"categories":[2594],"tags":[4180,2628,2627,2655,6485],"class_list":["post-214229","post","type-post","status-publish","format-standard","has-post-thumbnail","hentry","category-culture","tag-cannes-2024","tag-festival","tag-festival-de-cannes","tag-film","tag-la-jeune-femme-a-laiguille"],"yoast_head":"<!-- This site is optimized with the Yoast SEO Premium plugin v27.4 (Yoast SEO v27.4) - https:\/\/yoast.com\/product\/yoast-seo-premium-wordpress\/ -->\n<title>Cannes 2024 \u2013 \u00ab\u00a0La Jeune femme \u00e0 l\u2019aiguille\u00a0\u00bb de Magnus Von Horn : Un plaidoyer sombre et perturbant pour les droits des femmes<\/title>\n<meta name=\"description\" content=\"Cannes 2024 \u2013 \u00ab\u00a0La Jeune femme \u00e0 l\u2019aiguille\u00a0\u00bb de Magnus Von Horn : Un plaidoyer sombre et perturbant pour les droits des femmes\" \/>\n<link rel=\"canonical\" href=\"https:\/\/www.webdo.tn\/fr\/actualite\/culture\/cannes-2024-3\/214229\/\" \/>\n<meta property=\"og:locale\" content=\"fr_FR\" \/>\n<meta property=\"og:type\" content=\"article\" \/>\n<meta property=\"og:title\" content=\"Cannes 2024 \u2013 \u00ab\u00a0La Jeune femme \u00e0 l\u2019aiguille\u00a0\u00bb de Magnus Von Horn : Un plaidoyer sombre et perturbant pour les droits des femmes\" \/>\n<meta property=\"og:description\" content=\"Cannes 2024 \u2013 \u00ab\u00a0La Jeune femme \u00e0 l\u2019aiguille\u00a0\u00bb de Magnus Von Horn : Un plaidoyer sombre et perturbant pour les droits des femmes\" \/>\n<meta property=\"og:url\" content=\"https:\/\/www.webdo.tn\/fr\/actualite\/culture\/cannes-2024-3\/214229\/\" \/>\n<meta property=\"og:site_name\" content=\"webdo\" \/>\n<meta property=\"article:publisher\" content=\"https:\/\/www.facebook.com\/webdotn\" \/>\n<meta property=\"article:author\" content=\"https:\/\/www.facebook.com\/massir.destiniii\/\" \/>\n<meta property=\"article:published_time\" content=\"2024-05-18T06:50:00+00:00\" \/>\n<meta property=\"article:modified_time\" content=\"2025-05-21T08:55:48+00:00\" \/>\n<meta property=\"og:image\" content=\"https:\/\/www.webdo.tn\/fr\/wp-content\/uploads\/2024\/05\/a305c19ad78f4d72280ece5f2e64ef55.webp\" \/>\n\t<meta property=\"og:image:width\" content=\"638\" \/>\n\t<meta property=\"og:image:height\" content=\"340\" \/>\n\t<meta property=\"og:image:type\" content=\"image\/webp\" \/>\n<meta name=\"author\" content=\"Ne\u00efla DRISS\" \/>\n<meta name=\"twitter:card\" content=\"summary_large_image\" \/>\n<meta name=\"twitter:creator\" content=\"@https:\/\/x.com\/MassirDestin\" \/>\n<meta name=\"twitter:site\" content=\"@webdo_tn\" \/>\n<meta name=\"twitter:label1\" content=\"\u00c9crit par\" \/>\n\t<meta name=\"twitter:data1\" content=\"Ne\u00efla DRISS\" \/>\n\t<meta name=\"twitter:label2\" content=\"Dur\u00e9e de lecture estim\u00e9e\" \/>\n\t<meta name=\"twitter:data2\" content=\"6 minutes\" \/>\n<script type=\"application\/ld+json\" class=\"yoast-schema-graph\">{\"@context\":\"https:\\\/\\\/schema.org\",\"@graph\":[{\"@type\":\"NewsArticle\",\"@id\":\"https:\\\/\\\/www.webdo.tn\\\/fr\\\/actualite\\\/culture\\\/cannes-2024-3\\\/214229\\\/#article\",\"isPartOf\":{\"@id\":\"https:\\\/\\\/www.webdo.tn\\\/fr\\\/actualite\\\/culture\\\/cannes-2024-3\\\/214229\\\/\"},\"author\":{\"name\":\"Ne\u00efla DRISS\",\"@id\":\"https:\\\/\\\/www.webdo.tn\\\/fr\\\/#\\\/schema\\\/person\\\/60d5ba619ed3f58783b0dc82b7dada80\"},\"headline\":\"Cannes 2024 \u2013 \u00ab\u00a0La Jeune femme \u00e0 l\u2019aiguille\u00a0\u00bb de Magnus Von Horn : Un plaidoyer sombre et perturbant pour les droits des femmes\",\"datePublished\":\"2024-05-18T06:50:00+00:00\",\"dateModified\":\"2025-05-21T08:55:48+00:00\",\"mainEntityOfPage\":{\"@id\":\"https:\\\/\\\/www.webdo.tn\\\/fr\\\/actualite\\\/culture\\\/cannes-2024-3\\\/214229\\\/\"},\"wordCount\":1232,\"commentCount\":0,\"publisher\":{\"@id\":\"https:\\\/\\\/www.webdo.tn\\\/fr\\\/#organization\"},\"image\":{\"@id\":\"https:\\\/\\\/www.webdo.tn\\\/fr\\\/actualite\\\/culture\\\/cannes-2024-3\\\/214229\\\/#primaryimage\"},\"thumbnailUrl\":\"https:\\\/\\\/www.webdo.tn\\\/fr\\\/wp-content\\\/uploads\\\/2024\\\/05\\\/a305c19ad78f4d72280ece5f2e64ef55.webp\",\"keywords\":[\"Cannes 2024\",\"Festival\",\"Festival de Cannes\",\"Film\",\"La jeune femme \u00e0 l'aiguille\"],\"articleSection\":[\"Culture\"],\"inLanguage\":\"fr-FR\"},{\"@type\":\"WebPage\",\"@id\":\"https:\\\/\\\/www.webdo.tn\\\/fr\\\/actualite\\\/culture\\\/cannes-2024-3\\\/214229\\\/\",\"url\":\"https:\\\/\\\/www.webdo.tn\\\/fr\\\/actualite\\\/culture\\\/cannes-2024-3\\\/214229\\\/\",\"name\":\"Cannes 2024 \u2013 \u00ab\u00a0La Jeune femme \u00e0 l\u2019aiguille\u00a0\u00bb de Magnus Von Horn : Un plaidoyer sombre et perturbant pour les droits des femmes\",\"isPartOf\":{\"@id\":\"https:\\\/\\\/www.webdo.tn\\\/fr\\\/#website\"},\"primaryImageOfPage\":{\"@id\":\"https:\\\/\\\/www.webdo.tn\\\/fr\\\/actualite\\\/culture\\\/cannes-2024-3\\\/214229\\\/#primaryimage\"},\"image\":{\"@id\":\"https:\\\/\\\/www.webdo.tn\\\/fr\\\/actualite\\\/culture\\\/cannes-2024-3\\\/214229\\\/#primaryimage\"},\"thumbnailUrl\":\"https:\\\/\\\/www.webdo.tn\\\/fr\\\/wp-content\\\/uploads\\\/2024\\\/05\\\/a305c19ad78f4d72280ece5f2e64ef55.webp\",\"datePublished\":\"2024-05-18T06:50:00+00:00\",\"dateModified\":\"2025-05-21T08:55:48+00:00\",\"description\":\"Cannes 2024 \u2013 \u00ab\u00a0La Jeune femme \u00e0 l\u2019aiguille\u00a0\u00bb de Magnus Von Horn : Un plaidoyer sombre et perturbant pour les droits des femmes\",\"breadcrumb\":{\"@id\":\"https:\\\/\\\/www.webdo.tn\\\/fr\\\/actualite\\\/culture\\\/cannes-2024-3\\\/214229\\\/#breadcrumb\"},\"inLanguage\":\"fr-FR\",\"potentialAction\":[{\"@type\":\"ReadAction\",\"target\":[\"https:\\\/\\\/www.webdo.tn\\\/fr\\\/actualite\\\/culture\\\/cannes-2024-3\\\/214229\\\/\"]}]},{\"@type\":\"ImageObject\",\"inLanguage\":\"fr-FR\",\"@id\":\"https:\\\/\\\/www.webdo.tn\\\/fr\\\/actualite\\\/culture\\\/cannes-2024-3\\\/214229\\\/#primaryimage\",\"url\":\"https:\\\/\\\/www.webdo.tn\\\/fr\\\/wp-content\\\/uploads\\\/2024\\\/05\\\/a305c19ad78f4d72280ece5f2e64ef55.webp\",\"contentUrl\":\"https:\\\/\\\/www.webdo.tn\\\/fr\\\/wp-content\\\/uploads\\\/2024\\\/05\\\/a305c19ad78f4d72280ece5f2e64ef55.webp\",\"width\":638,\"height\":340,\"caption\":\"Cannes 2024 \u2013 \u00ab\u00a0La Jeune femme \u00e0 l\u2019aiguille\u00a0\u00bb de Magnus Von Horn : Un plaidoyer sombre et perturbant pour les droits des femmes\"},{\"@type\":\"BreadcrumbList\",\"@id\":\"https:\\\/\\\/www.webdo.tn\\\/fr\\\/actualite\\\/culture\\\/cannes-2024-3\\\/214229\\\/#breadcrumb\",\"itemListElement\":[{\"@type\":\"ListItem\",\"position\":1,\"name\":\"Accueil\",\"item\":\"https:\\\/\\\/www.webdo.tn\\\/fr\\\/\"},{\"@type\":\"ListItem\",\"position\":2,\"name\":\"Cannes 2024 \u2013 \u00ab\u00a0La Jeune femme \u00e0 l\u2019aiguille\u00a0\u00bb de Magnus Von Horn : Un plaidoyer sombre et perturbant pour les droits des femmes\"}]},{\"@type\":\"WebSite\",\"@id\":\"https:\\\/\\\/www.webdo.tn\\\/fr\\\/#website\",\"url\":\"https:\\\/\\\/www.webdo.tn\\\/fr\\\/\",\"name\":\"webdo\",\"description\":\"Tunisie - News en Tunisie et \u00e0 l&#039;international sur Webdo.tn\",\"publisher\":{\"@id\":\"https:\\\/\\\/www.webdo.tn\\\/fr\\\/#organization\"},\"potentialAction\":[{\"@type\":\"SearchAction\",\"target\":{\"@type\":\"EntryPoint\",\"urlTemplate\":\"https:\\\/\\\/www.webdo.tn\\\/fr\\\/?s={search_term_string}\"},\"query-input\":{\"@type\":\"PropertyValueSpecification\",\"valueRequired\":true,\"valueName\":\"search_term_string\"}}],\"inLanguage\":\"fr-FR\"},{\"@type\":\"Organization\",\"@id\":\"https:\\\/\\\/www.webdo.tn\\\/fr\\\/#organization\",\"name\":\"Webdo\",\"alternateName\":\"Webdo.tn\",\"url\":\"https:\\\/\\\/www.webdo.tn\\\/fr\\\/\",\"logo\":{\"@type\":\"ImageObject\",\"inLanguage\":\"fr-FR\",\"@id\":\"https:\\\/\\\/www.webdo.tn\\\/fr\\\/#\\\/schema\\\/logo\\\/image\\\/\",\"url\":\"https:\\\/\\\/www.webdo.tn\\\/fr\\\/wp-content\\\/uploads\\\/2025\\\/06\\\/Webdo-Tunisie_168377.jpg\",\"contentUrl\":\"https:\\\/\\\/www.webdo.tn\\\/fr\\\/wp-content\\\/uploads\\\/2025\\\/06\\\/Webdo-Tunisie_168377.jpg\",\"width\":301,\"height\":301,\"caption\":\"Webdo\"},\"image\":{\"@id\":\"https:\\\/\\\/www.webdo.tn\\\/fr\\\/#\\\/schema\\\/logo\\\/image\\\/\"},\"sameAs\":[\"https:\\\/\\\/www.facebook.com\\\/webdotn\",\"https:\\\/\\\/x.com\\\/webdo_tn\"],\"description\":\"Webdo est un m\u00e9dia num\u00e9rique tunisien fond\u00e9 en 2010, sp\u00e9cialis\u00e9 dans l\u2019actualit\u00e9 nationale et internationale, l\u2019\u00e9conomie, la soci\u00e9t\u00e9 et les analyses politiques. Le site s\u2019adresse \u00e0 un large public francophone et couvre l\u2019information tunisienne en temps r\u00e9el.\",\"email\":\"redac@webdo.tn\",\"legalName\":\"YNJ SARL\",\"foundingDate\":\"2010-09-06\",\"numberOfEmployees\":{\"@type\":\"QuantitativeValue\",\"minValue\":\"11\",\"maxValue\":\"50\"}},{\"@type\":\"Person\",\"@id\":\"https:\\\/\\\/www.webdo.tn\\\/fr\\\/#\\\/schema\\\/person\\\/60d5ba619ed3f58783b0dc82b7dada80\",\"name\":\"Ne\u00efla DRISS\",\"image\":{\"@type\":\"ImageObject\",\"inLanguage\":\"fr-FR\",\"@id\":\"https:\\\/\\\/www.webdo.tn\\\/fr\\\/wp-content\\\/uploads\\\/2026\\\/04\\\/neila-driss_avatar-96x96.jpg\",\"url\":\"https:\\\/\\\/www.webdo.tn\\\/fr\\\/wp-content\\\/uploads\\\/2026\\\/04\\\/neila-driss_avatar-96x96.jpg\",\"contentUrl\":\"https:\\\/\\\/www.webdo.tn\\\/fr\\\/wp-content\\\/uploads\\\/2026\\\/04\\\/neila-driss_avatar-96x96.jpg\",\"caption\":\"Ne\u00efla DRISS\"},\"description\":\"Ne\u00efla Driss est juriste, journaliste culturelle et critique de cin\u00e9ma tunisienne. Titulaire d\u2019un DEA en droit priv\u00e9 de l\u2019Universit\u00e9 Paris II et d\u2019un DESS de l\u2019IHEC Carthage, elle d\u00e9bute sa carri\u00e8re comme juriste sp\u00e9cialis\u00e9e en gestion de patrimoine immobilier. Elle s\u2019oriente ensuite vers l\u2019\u00e9criture en ligne, o\u00f9 elle se distingue d\u00e8s 2006 aux Tunisia Blog Awards, avant de se consacrer au journalisme culturel, avec une sp\u00e9cialisation dans la critique cin\u00e9matographique. Elle couvre r\u00e9guli\u00e8rement les grands festivals internationaux, notamment le Festival de Cannes, les Journ\u00e9es Cin\u00e9matographiques de Carthage et le Festival du film du Caire. Membre de l\u2019ATPCC et de la FIPRESCI, elle participe \u00e0 des jurys et initiatives internationales de critique. Depuis 2024, elle est \u00e9lectrice internationale aux Golden Globes. Facebook : https:\\\/\\\/www.facebook.com\\\/massir.destiniii\\\/ X : https:\\\/\\\/x.com\\\/MassirDestin\",\"sameAs\":[\"https:\\\/\\\/www.facebook.com\\\/massir.destiniii\\\/\",\"https:\\\/\\\/www.instagram.com\\\/neila.driss\\\/?hl=fr\",\"https:\\\/\\\/www.linkedin.com\\\/in\\\/neila-driss-22606a80\\\/\",\"https:\\\/\\\/x.com\\\/https:\\\/\\\/x.com\\\/MassirDestin\"],\"knowsAbout\":[\"Cin\u00e9ma international\",\"critique cin\u00e9matographique\",\"festivals de cin\u00e9ma\",\"journalisme culturel\"],\"knowsLanguage\":[\"Fran\u00e7ais\",\"Arabe\",\"Anglais\"],\"jobTitle\":\"Journaliste culturelle et critique de cin\u00e9ma\",\"worksFor\":\"Webdo\",\"url\":\"https:\\\/\\\/www.webdo.tn\\\/fr\\\/actualite\\\/author\\\/neila-driss\\\/\"}]}<\/script>\n<!-- \/ Yoast SEO Premium plugin. -->","yoast_head_json":{"title":"Cannes 2024 \u2013 \u00ab\u00a0La Jeune femme \u00e0 l\u2019aiguille\u00a0\u00bb de Magnus Von Horn : Un plaidoyer sombre et perturbant pour les droits des femmes","description":"Cannes 2024 \u2013 \u00ab\u00a0La Jeune femme \u00e0 l\u2019aiguille\u00a0\u00bb de Magnus Von Horn : Un plaidoyer sombre et perturbant pour les droits des femmes","canonical":"https:\/\/www.webdo.tn\/fr\/actualite\/culture\/cannes-2024-3\/214229\/","og_locale":"fr_FR","og_type":"article","og_title":"Cannes 2024 \u2013 \u00ab\u00a0La Jeune femme \u00e0 l\u2019aiguille\u00a0\u00bb de Magnus Von Horn : Un plaidoyer sombre et perturbant pour les droits des femmes","og_description":"Cannes 2024 \u2013 \u00ab\u00a0La Jeune femme \u00e0 l\u2019aiguille\u00a0\u00bb de Magnus Von Horn : Un plaidoyer sombre et perturbant pour les droits des femmes","og_url":"https:\/\/www.webdo.tn\/fr\/actualite\/culture\/cannes-2024-3\/214229\/","og_site_name":"webdo","article_publisher":"https:\/\/www.facebook.com\/webdotn","article_author":"https:\/\/www.facebook.com\/massir.destiniii\/","article_published_time":"2024-05-18T06:50:00+00:00","article_modified_time":"2025-05-21T08:55:48+00:00","og_image":[{"width":638,"height":340,"url":"https:\/\/www.webdo.tn\/fr\/wp-content\/uploads\/2024\/05\/a305c19ad78f4d72280ece5f2e64ef55.webp","type":"image\/webp"}],"author":"Ne\u00efla DRISS","twitter_card":"summary_large_image","twitter_creator":"@https:\/\/x.com\/MassirDestin","twitter_site":"@webdo_tn","twitter_misc":{"\u00c9crit par":"Ne\u00efla DRISS","Dur\u00e9e de lecture estim\u00e9e":"6 minutes"},"schema":{"@context":"https:\/\/schema.org","@graph":[{"@type":"NewsArticle","@id":"https:\/\/www.webdo.tn\/fr\/actualite\/culture\/cannes-2024-3\/214229\/#article","isPartOf":{"@id":"https:\/\/www.webdo.tn\/fr\/actualite\/culture\/cannes-2024-3\/214229\/"},"author":{"name":"Ne\u00efla DRISS","@id":"https:\/\/www.webdo.tn\/fr\/#\/schema\/person\/60d5ba619ed3f58783b0dc82b7dada80"},"headline":"Cannes 2024 \u2013 \u00ab\u00a0La Jeune femme \u00e0 l\u2019aiguille\u00a0\u00bb de Magnus Von Horn : Un plaidoyer sombre et perturbant pour les droits des femmes","datePublished":"2024-05-18T06:50:00+00:00","dateModified":"2025-05-21T08:55:48+00:00","mainEntityOfPage":{"@id":"https:\/\/www.webdo.tn\/fr\/actualite\/culture\/cannes-2024-3\/214229\/"},"wordCount":1232,"commentCount":0,"publisher":{"@id":"https:\/\/www.webdo.tn\/fr\/#organization"},"image":{"@id":"https:\/\/www.webdo.tn\/fr\/actualite\/culture\/cannes-2024-3\/214229\/#primaryimage"},"thumbnailUrl":"https:\/\/www.webdo.tn\/fr\/wp-content\/uploads\/2024\/05\/a305c19ad78f4d72280ece5f2e64ef55.webp","keywords":["Cannes 2024","Festival","Festival de Cannes","Film","La jeune femme \u00e0 l'aiguille"],"articleSection":["Culture"],"inLanguage":"fr-FR"},{"@type":"WebPage","@id":"https:\/\/www.webdo.tn\/fr\/actualite\/culture\/cannes-2024-3\/214229\/","url":"https:\/\/www.webdo.tn\/fr\/actualite\/culture\/cannes-2024-3\/214229\/","name":"Cannes 2024 \u2013 \u00ab\u00a0La Jeune femme \u00e0 l\u2019aiguille\u00a0\u00bb de Magnus Von Horn : Un plaidoyer sombre et perturbant pour les droits des femmes","isPartOf":{"@id":"https:\/\/www.webdo.tn\/fr\/#website"},"primaryImageOfPage":{"@id":"https:\/\/www.webdo.tn\/fr\/actualite\/culture\/cannes-2024-3\/214229\/#primaryimage"},"image":{"@id":"https:\/\/www.webdo.tn\/fr\/actualite\/culture\/cannes-2024-3\/214229\/#primaryimage"},"thumbnailUrl":"https:\/\/www.webdo.tn\/fr\/wp-content\/uploads\/2024\/05\/a305c19ad78f4d72280ece5f2e64ef55.webp","datePublished":"2024-05-18T06:50:00+00:00","dateModified":"2025-05-21T08:55:48+00:00","description":"Cannes 2024 \u2013 \u00ab\u00a0La Jeune femme \u00e0 l\u2019aiguille\u00a0\u00bb de Magnus Von Horn : Un plaidoyer sombre et perturbant pour les droits des femmes","breadcrumb":{"@id":"https:\/\/www.webdo.tn\/fr\/actualite\/culture\/cannes-2024-3\/214229\/#breadcrumb"},"inLanguage":"fr-FR","potentialAction":[{"@type":"ReadAction","target":["https:\/\/www.webdo.tn\/fr\/actualite\/culture\/cannes-2024-3\/214229\/"]}]},{"@type":"ImageObject","inLanguage":"fr-FR","@id":"https:\/\/www.webdo.tn\/fr\/actualite\/culture\/cannes-2024-3\/214229\/#primaryimage","url":"https:\/\/www.webdo.tn\/fr\/wp-content\/uploads\/2024\/05\/a305c19ad78f4d72280ece5f2e64ef55.webp","contentUrl":"https:\/\/www.webdo.tn\/fr\/wp-content\/uploads\/2024\/05\/a305c19ad78f4d72280ece5f2e64ef55.webp","width":638,"height":340,"caption":"Cannes 2024 \u2013 \u00ab\u00a0La Jeune femme \u00e0 l\u2019aiguille\u00a0\u00bb de Magnus Von Horn : Un plaidoyer sombre et perturbant pour les droits des femmes"},{"@type":"BreadcrumbList","@id":"https:\/\/www.webdo.tn\/fr\/actualite\/culture\/cannes-2024-3\/214229\/#breadcrumb","itemListElement":[{"@type":"ListItem","position":1,"name":"Accueil","item":"https:\/\/www.webdo.tn\/fr\/"},{"@type":"ListItem","position":2,"name":"Cannes 2024 \u2013 \u00ab\u00a0La Jeune femme \u00e0 l\u2019aiguille\u00a0\u00bb de Magnus Von Horn : Un plaidoyer sombre et perturbant pour les droits des femmes"}]},{"@type":"WebSite","@id":"https:\/\/www.webdo.tn\/fr\/#website","url":"https:\/\/www.webdo.tn\/fr\/","name":"webdo","description":"Tunisie - News en Tunisie et \u00e0 l&#039;international sur Webdo.tn","publisher":{"@id":"https:\/\/www.webdo.tn\/fr\/#organization"},"potentialAction":[{"@type":"SearchAction","target":{"@type":"EntryPoint","urlTemplate":"https:\/\/www.webdo.tn\/fr\/?s={search_term_string}"},"query-input":{"@type":"PropertyValueSpecification","valueRequired":true,"valueName":"search_term_string"}}],"inLanguage":"fr-FR"},{"@type":"Organization","@id":"https:\/\/www.webdo.tn\/fr\/#organization","name":"Webdo","alternateName":"Webdo.tn","url":"https:\/\/www.webdo.tn\/fr\/","logo":{"@type":"ImageObject","inLanguage":"fr-FR","@id":"https:\/\/www.webdo.tn\/fr\/#\/schema\/logo\/image\/","url":"https:\/\/www.webdo.tn\/fr\/wp-content\/uploads\/2025\/06\/Webdo-Tunisie_168377.jpg","contentUrl":"https:\/\/www.webdo.tn\/fr\/wp-content\/uploads\/2025\/06\/Webdo-Tunisie_168377.jpg","width":301,"height":301,"caption":"Webdo"},"image":{"@id":"https:\/\/www.webdo.tn\/fr\/#\/schema\/logo\/image\/"},"sameAs":["https:\/\/www.facebook.com\/webdotn","https:\/\/x.com\/webdo_tn"],"description":"Webdo est un m\u00e9dia num\u00e9rique tunisien fond\u00e9 en 2010, sp\u00e9cialis\u00e9 dans l\u2019actualit\u00e9 nationale et internationale, l\u2019\u00e9conomie, la soci\u00e9t\u00e9 et les analyses politiques. Le site s\u2019adresse \u00e0 un large public francophone et couvre l\u2019information tunisienne en temps r\u00e9el.","email":"redac@webdo.tn","legalName":"YNJ SARL","foundingDate":"2010-09-06","numberOfEmployees":{"@type":"QuantitativeValue","minValue":"11","maxValue":"50"}},{"@type":"Person","@id":"https:\/\/www.webdo.tn\/fr\/#\/schema\/person\/60d5ba619ed3f58783b0dc82b7dada80","name":"Ne\u00efla DRISS","image":{"@type":"ImageObject","inLanguage":"fr-FR","@id":"https:\/\/www.webdo.tn\/fr\/wp-content\/uploads\/2026\/04\/neila-driss_avatar-96x96.jpg","url":"https:\/\/www.webdo.tn\/fr\/wp-content\/uploads\/2026\/04\/neila-driss_avatar-96x96.jpg","contentUrl":"https:\/\/www.webdo.tn\/fr\/wp-content\/uploads\/2026\/04\/neila-driss_avatar-96x96.jpg","caption":"Ne\u00efla DRISS"},"description":"Ne\u00efla Driss est juriste, journaliste culturelle et critique de cin\u00e9ma tunisienne. Titulaire d\u2019un DEA en droit priv\u00e9 de l\u2019Universit\u00e9 Paris II et d\u2019un DESS de l\u2019IHEC Carthage, elle d\u00e9bute sa carri\u00e8re comme juriste sp\u00e9cialis\u00e9e en gestion de patrimoine immobilier. Elle s\u2019oriente ensuite vers l\u2019\u00e9criture en ligne, o\u00f9 elle se distingue d\u00e8s 2006 aux Tunisia Blog Awards, avant de se consacrer au journalisme culturel, avec une sp\u00e9cialisation dans la critique cin\u00e9matographique. Elle couvre r\u00e9guli\u00e8rement les grands festivals internationaux, notamment le Festival de Cannes, les Journ\u00e9es Cin\u00e9matographiques de Carthage et le Festival du film du Caire. Membre de l\u2019ATPCC et de la FIPRESCI, elle participe \u00e0 des jurys et initiatives internationales de critique. Depuis 2024, elle est \u00e9lectrice internationale aux Golden Globes. Facebook : https:\/\/www.facebook.com\/massir.destiniii\/ X : https:\/\/x.com\/MassirDestin","sameAs":["https:\/\/www.facebook.com\/massir.destiniii\/","https:\/\/www.instagram.com\/neila.driss\/?hl=fr","https:\/\/www.linkedin.com\/in\/neila-driss-22606a80\/","https:\/\/x.com\/https:\/\/x.com\/MassirDestin"],"knowsAbout":["Cin\u00e9ma international","critique cin\u00e9matographique","festivals de cin\u00e9ma","journalisme culturel"],"knowsLanguage":["Fran\u00e7ais","Arabe","Anglais"],"jobTitle":"Journaliste culturelle et critique de cin\u00e9ma","worksFor":"Webdo","url":"https:\/\/www.webdo.tn\/fr\/actualite\/author\/neila-driss\/"}]}},"_links":{"self":[{"href":"https:\/\/www.webdo.tn\/fr\/wp-json\/wp\/v2\/posts\/214229","targetHints":{"allow":["GET"]}}],"collection":[{"href":"https:\/\/www.webdo.tn\/fr\/wp-json\/wp\/v2\/posts"}],"about":[{"href":"https:\/\/www.webdo.tn\/fr\/wp-json\/wp\/v2\/types\/post"}],"author":[{"embeddable":true,"href":"https:\/\/www.webdo.tn\/fr\/wp-json\/wp\/v2\/users\/3164"}],"replies":[{"embeddable":true,"href":"https:\/\/www.webdo.tn\/fr\/wp-json\/wp\/v2\/comments?post=214229"}],"version-history":[{"count":0,"href":"https:\/\/www.webdo.tn\/fr\/wp-json\/wp\/v2\/posts\/214229\/revisions"}],"wp:featuredmedia":[{"embeddable":true,"href":"https:\/\/www.webdo.tn\/fr\/wp-json\/wp\/v2\/media\/247362"}],"wp:attachment":[{"href":"https:\/\/www.webdo.tn\/fr\/wp-json\/wp\/v2\/media?parent=214229"}],"wp:term":[{"taxonomy":"category","embeddable":true,"href":"https:\/\/www.webdo.tn\/fr\/wp-json\/wp\/v2\/categories?post=214229"},{"taxonomy":"post_tag","embeddable":true,"href":"https:\/\/www.webdo.tn\/fr\/wp-json\/wp\/v2\/tags?post=214229"}],"curies":[{"name":"wp","href":"https:\/\/api.w.org\/{rel}","templated":true}]}}