{"id":214218,"date":"2024-05-17T13:28:00","date_gmt":"2024-05-17T13:28:00","guid":{"rendered":"https:\/\/www.webdo.tn\/fr\/blog\/cannes-2024-une-celebration-du-cinema-et-de-l-engagement\/214218\/"},"modified":"2025-05-21T08:55:46","modified_gmt":"2025-05-21T08:55:46","slug":"cannes-2024-une-celebration-du-cinema-et-de-l-engagement","status":"publish","type":"post","link":"https:\/\/www.webdo.tn\/fr\/actualite\/culture\/cannes-2024-une-celebration-du-cinema-et-de-l-engagement\/214218\/","title":{"rendered":"Cannes 2024 : Une c\u00e9l\u00e9bration du cin\u00e9ma et de l&rsquo;engagement"},"content":{"rendered":"<div class=\"single-body entry-content typography-copy\" itemprop=\"articleBody\">\n<p style=\"font-weight: bold; text-align: justify\">\n\t\t\t\t\t\t\t\t\tCannes 2024 : Une c\u00e9l\u00e9bration du cin\u00e9ma et de l&rsquo;engagement\n\t\t\t\t\t\t\t\t<\/p>\n<div class=\"coprs\" style=\"text-align: center\"><\/div>\n<div class=\"coprs\" style=\"text-align: justify\">\n<p><span><span>La 77\u00e8me \u00e9dition du Festival de Cannes, qui se d\u00e9roule du 14 au 25 mai 2024, a d\u00e9but\u00e9 il y a quatre jours, plongeant la Croisette dans une effervescence contagieuse. Avec 35 000 accr\u00e9ditations et une myriade d&rsquo;invit\u00e9s, plusieurs dizaines de films dans chaque section, dont certains tr\u00e8s attendus, cette \u00e9dition promet d&rsquo;\u00eatre riche en \u00e9motions et en d\u00e9couvertes cin\u00e9matographiques. Les stars affluent en grand nombre, qu&rsquo;elles soient l\u00e0 pour des films ou simplement pour c\u00e9l\u00e9brer le cin\u00e9ma. Parmi les personnalit\u00e9s pr\u00e9sentes, on compte Francis Ford Coppola, <a href=\"https:\/\/www.webdo.tn\/fr\/actualite\/culture\/cannes-classics-2024-faye-un-hommage-emouvant-a-une-icone-du-cinema\/214193\">Faye Dunaway<\/a>, Richard Gere, L\u00e9a Seydoux, Adam Driver, et George Lucas, entre autres.<\/span><\/span><\/p>\n<p><span><span><strong><a href=\"https:\/\/www.webdo.tn\/fr\/actualite\/culture\/cannes-2024-ceremonie-d-ouverture\/214159\">Une c\u00e9r\u00e9monie d\u2019ouverture sous le signe de l&rsquo;engagement<\/a><\/strong><\/span><\/span><\/p>\n<p><span><span>La c\u00e9r\u00e9monie d&rsquo;ouverture, anim\u00e9e par l&rsquo;actrice fran\u00e7aise Camille Cottin, a \u00e9t\u00e9 un moment fort de cette \u00e9dition. Son discours, alliant po\u00e9sie et \u00e9motion, a su captiver l&rsquo;audience, les transportant dans un \u00ab\u00a0Vortex cannois\u00a0\u00bb o\u00f9 se m\u00ealent passion, dialogue et diversit\u00e9 culturelle. Camille Cottin a brill\u00e9 par son charisme et son \u00e9l\u00e9gance, marquant les esprits avec un discours poignant qui a abord\u00e9 des enjeux cruciaux, tels que la lutte contre le harc\u00e8lement sexuel dans l&rsquo;industrie cin\u00e9matographique. Elle a soulign\u00e9 l&rsquo;importance de continuer \u00e0 lutter contre ces comportements, un message appuy\u00e9 par le festival qui a mis en place une cellule d&rsquo;\u00e9coute pour les victimes, et projet\u00e9 le court m\u00e9trage <em>Moi aussi<\/em> de Judith Godr\u00e8che. Ce dernier a \u00e9t\u00e9 pr\u00e9sent\u00e9 lors de la c\u00e9r\u00e9monie d&rsquo;ouverture de la section Un Certain Regard et au cin\u00e9ma de la plage, accessible librement au public, r\u00e9affirmant ainsi l\u2019engagement du festival.<\/span><\/span><\/p>\n<p><span><span>Le film d&rsquo;ouverture, <em>Le deuxi\u00e8me acte<\/em> de Quentin Dupieux, a offert une r\u00e9flexion sur le cin\u00e9ma et son avenir, explorant ces th\u00e8mes \u00e0 travers le rire et l&rsquo;autod\u00e9rision. Cette \u0153uvre propose une auto-critique incisive du cin\u00e9ma et des artistes, naviguant entre les s\u00e9quences de tournage et le making-of, cr\u00e9ant un flou constant entre r\u00e9alit\u00e9 et fiction. \u00c0 Cannes, le film a suscit\u00e9 des r\u00e9actions contrast\u00e9es : certains l&rsquo;ont ador\u00e9, d&rsquo;autres l&rsquo;ont d\u00e9test\u00e9. Bien que d\u00e9routant pour certains, le film incarne parfaitement l&rsquo;engagement du festival envers un cin\u00e9ma qui n&rsquo;h\u00e9site pas \u00e0 se questionner et \u00e0 se renouveler.<\/span><\/span><\/p>\n<p><span><span><strong>Meryl Streep, la star de la Croisette<\/strong><\/span><\/span><\/p>\n<p><span><span>Meryl Streep, ic\u00f4ne incontest\u00e9e du cin\u00e9ma, a fait un retour triomphal sur la Croisette, 35 ans apr\u00e8s son Prix d\u2019interpr\u00e9tation pour <em>Un cri dans la nuit<\/em> (1988). <a href=\"https:\/\/www.webdo.tn\/fr\/actualite\/culture\/cannes-2024-une-palme-d-or-d-honneur-pour-meryl-streep\/213940\">L&rsquo;actrice am\u00e9ricaine a re\u00e7u la Palme d&rsquo;Or d&rsquo;Honneur, rejoignant ainsi des l\u00e9gendes telles que Jeanne Moreau, Catherine Deneuve et Jodie Foster.<\/a> Cette distinction marque une reconnaissance de son exceptionnelle contribution au cin\u00e9ma et a \u00e9t\u00e9 c\u00e9l\u00e9br\u00e9e avec une \u00e9motion palpable par les invit\u00e9s et par Juliette Binoche qui lui a remis son troph\u00e9e. Meryl Streep, apparaissant telle une d\u00e9esse dans une \u00e9l\u00e9gante robe blanche, a re\u00e7u cette r\u00e9compense sous des applaudissements nourris, symbolisant le respect et l&rsquo;admiration que lui portent ses pairs ainsi que le public du monde entier.<\/span><\/span><\/p>\n<p><span><span><strong>Une comp\u00e9tition riche en talents<\/strong><\/span><\/span><\/p>\n<p><span><span>Cette ann\u00e9e, <a href=\"https:\/\/www.webdo.tn\/fr\/actualite\/culture\/cannes-2024-synopsis-des-films-en-competition-officielle-longs-metrages\/214056\">21 films sont en comp\u00e9tition officielle,<\/a> dont seulement quatre r\u00e9alis\u00e9s par des femmes, un chiffre encore trop bas. Parmi les r\u00e9alisateurs en lice, on note le retour, apr\u00e8s 45 ans d&rsquo;absence, de Francis Ford Coppola avec<em> Megalopolis<\/em>, ainsi que la pr\u00e9sence de r\u00e9alisateurs r\u00e9guliers du festival comme le br\u00e9silien Karim A\u00efnouz avec <em>Motel Destino<\/em>, David Cronenberg avec <em>Les Linceuils<\/em> et l&rsquo;iranien <a href=\"https:\/\/www.webdo.tn\/fr\/actualite\/culture\/le-cineaste-rebelle-mohammad-rasoulof-quitte-l-iran-en-secret-pour-l-europe-sera-t-il-a-cannes\/214144\">Mohammad Rasoulof avec <em>The Seed of the Sacred Fig<\/em><\/a>. Ce dernier, r\u00e9cemment condamn\u00e9 \u00e0 huit ans de prison en Iran, des coups de fouet et \u00e0 la confiscation de tous ses biens, a r\u00e9ussi \u00e0 quitter le pays clandestinement et pourrait surprendre le public en apparaissant \u00e0 Cannes. Sa derni\u00e8re \u0153uvre est en comp\u00e9tition officielle, marquant ainsi un moment poignant de r\u00e9sistance et de pers\u00e9v\u00e9rance face \u00e0 l&rsquo;oppression.<\/span><\/span><\/p>\n<p><span><span>Qui remportera la Palme d&rsquo;Or? On verra ce qu&rsquo;en d\u00e9cidera <a href=\"https:\/\/www.webdo.tn\/fr\/actualite\/culture\/cannes-2024-decouvrez-les-membres-du-jury-preside-par-greta-gerwig\/213872\">le jury, pr\u00e9sid\u00e9 par Greta Gerwig<\/a> et compos\u00e9 d&rsquo;Ebru Ceylan, Lily Gladstone, Eva Green, Nadine Labaki, Juan Antonio Bayona, Pierfrancesco Favino, Kore-eda Hirokazu et Omar Sy, un groupe qui symbolise la diversit\u00e9 et l&rsquo;excellence du cin\u00e9ma mondial.<\/span><\/span><\/p>\n<p><span><span><strong>Un Certain Regard : La vitrine de la diversit\u00e9<\/strong><\/span><\/span><\/p>\n<p><span><span>La section Un Certain Regard se distingue par son r\u00f4le de tremplin pour les jeunes talents et les voix singuli\u00e8res. Cette ann\u00e9e, <a href=\"https:\/\/www.webdo.tn\/fr\/actualite\/culture\/cannes-2024-synopsis-des-films-de-la-section-un-certain-regard\/214127\">dix-huit films, dont huit premiers films, composent cette s\u00e9lection.<\/a> La diversit\u00e9 culturelle y est mise \u00e0 l&rsquo;honneur, avec des r\u00e9cits venant des quatre coins du monde. Cette ann\u00e9e marque une premi\u00e8re historique avec la s\u00e9lection d&rsquo;un film saoudien, <em>Norah<\/em> de Tawfik Alzaidi, illustrant la volont\u00e9 croissante du pays de promouvoir le cin\u00e9ma arabe sur la sc\u00e8ne internationale.<\/span><\/span><\/p>\n<p><span><span><strong>Le cin\u00e9ma arabe en retrait, l&rsquo;Inde \u00e0 l&rsquo;honneur<\/strong><\/span><\/span><\/p>\n<p><span><span>Pour cette 77\u00e8me \u00e9dition, on constate une quasi-absence du cin\u00e9ma arabe dans les diff\u00e9rentes sections du festival, \u00e0 l&rsquo;exception de rares films, comme <em>Everybody Loves Tounda<\/em> du r\u00e9alisateur marocain Nabil Ayouch, projet\u00e9 hors comp\u00e9tition. <a href=\"https:\/\/www.webdo.tn\/fr\/actualite\/culture\/cannes-2024-une-celebration-du-cinema-indien\/213996\">Par contre, le cin\u00e9ma indien brille cette ann\u00e9e. Avec des films pr\u00e9sents dans presque toutes les sections, y compris en comp\u00e9tition officielle, l&rsquo;Inde marque un retour triomphal \u00e0 Cannes,<\/a> une premi\u00e8re depuis 1994 avec le film <em>All We Imagine As Light<\/em> de Payal Kapadia. Ce focus sur le cin\u00e9ma indien d\u00e9montre la richesse et la diversit\u00e9 de cette industrie cin\u00e9matographique souvent m\u00e9connue en dehors de ses fronti\u00e8res. On a d&rsquo;ailleurs remarqu\u00e9 sur le tapis rouge, la pr\u00e9sence de stars indiennes, \u00e0 l&rsquo;instar de l&rsquo;actrice Aishwarya Rai Bachchan.<\/span><\/span><\/p>\n<p><span><span><strong>Une c\u00e9l\u00e9bration du patrimoine cin\u00e9matographique<\/strong><\/span><\/span><\/p>\n<p><span><span><a href=\"https:\/\/www.webdo.tn\/fr\/actualite\/culture\/cannes-classics-2024-celebration-du-cinema-et-de-son-histoire\/213840\">La section Cannes Classics f\u00eate cette ann\u00e9e son 20\u00e8me anniversaire,<\/a> c\u00e9l\u00e9brant le patrimoine cin\u00e9matographique mondial avec des films restaur\u00e9s et des documentaires captivants. Cette section, d\u00e9di\u00e9e \u00e0 la m\u00e9moire et \u00e0 l&rsquo;histoire du cin\u00e9ma, propose une s\u00e9lection \u00e9clectique de films restaur\u00e9s, des documentaires captivants et des \u00e9v\u00e9nements sp\u00e9ciaux. Parmi les moments forts, on peut citer la projection du film <em>Napol\u00e9on vu par Abel Gance,<\/em> ainsi que <em>Manthan<\/em> du r\u00e9alisateur indien Shyam Benegal. Des hommages sp\u00e9ciaux seront \u00e9galement rendus \u00e0 des ic\u00f4nes du cin\u00e9ma telles que <a href=\"https:\/\/www.webdo.tn\/fr\/actualite\/culture\/cannes-classics-2024-faye-un-hommage-emouvant-a-une-icone-du-cinema\/214193\">Faye Dunaway<\/a> et Elizabeth Taylor, c\u00e9l\u00e9brant leur l\u00e9gendaire carri\u00e8re.<\/span><\/span><\/p>\n<p><span><span>La 77\u00e8me \u00e9dition du Festival de Cannes s&rsquo;annonce m\u00e9morable, m\u00e9langeant glamour, engagement et c\u00e9l\u00e9bration de l&rsquo;art cin\u00e9matographique dans toute sa diversit\u00e9. Les regards sont maintenant tourn\u00e9s vers la Croisette, attendant de voir quels films et quels talents se d\u00e9marqueront et marqueront l&rsquo;histoire du cin\u00e9ma. Cette ann\u00e9e, plus que jamais, le Festival de Cannes confirme son r\u00f4le de vitrine mondiale pour la cr\u00e9ativit\u00e9 et l&rsquo;innovation cin\u00e9matographiques, tout en r\u00e9affirmant son engagement envers des causes sociales cruciales.<\/span><\/span><\/p>\n<p><span><span><strong><span>Ne\u00efla Driss<\/span><\/strong><\/span><\/span><\/p>\n<p><img decoding=\"async\" alt=\"\" src=\"\/assets\/uploads\/images\/\/Neila\/CANNES%202024_SIGNATURES_WEB_800X160_1.jpeg\"><\/p>\n<p>\u00a0<\/p>\n<\/p><\/div>\n<div class=\"coprs\" style=\"text-align: center\"><\/div><\/div>\n","protected":false},"excerpt":{"rendered":"<p>Cannes 2024 : Une c\u00e9l\u00e9bration du cin\u00e9ma et de l&rsquo;engagement<\/p>\n","protected":false},"author":3164,"featured_media":247355,"comment_status":"open","ping_status":"closed","sticky":false,"template":"","format":"standard","meta":{"footnotes":""},"categories":[2594],"tags":[4180,2626,2628,2627],"class_list":["post-214218","post","type-post","status-publish","format-standard","has-post-thumbnail","hentry","category-culture","tag-cannes-2024","tag-cinema","tag-festival","tag-festival-de-cannes"],"yoast_head":"<!-- This site is optimized with the Yoast SEO Premium plugin v27.4 (Yoast SEO v27.4) - https:\/\/yoast.com\/product\/yoast-seo-premium-wordpress\/ -->\n<title>Cannes 2024 : Une c\u00e9l\u00e9bration du cin\u00e9ma et de l&#039;engagement<\/title>\n<meta name=\"description\" content=\"Cannes 2024 : Une c\u00e9l\u00e9bration du cin\u00e9ma et de l&#039;engagement\" \/>\n<link rel=\"canonical\" href=\"https:\/\/www.webdo.tn\/fr\/actualite\/culture\/cannes-2024-une-celebration-du-cinema-et-de-l-engagement\/214218\/\" \/>\n<meta property=\"og:locale\" content=\"fr_FR\" \/>\n<meta property=\"og:type\" content=\"article\" \/>\n<meta property=\"og:title\" content=\"Cannes 2024 : Une c\u00e9l\u00e9bration du cin\u00e9ma et de l&#039;engagement\" \/>\n<meta property=\"og:description\" content=\"Cannes 2024 : Une c\u00e9l\u00e9bration du cin\u00e9ma et de l&#039;engagement\" \/>\n<meta property=\"og:url\" content=\"https:\/\/www.webdo.tn\/fr\/actualite\/culture\/cannes-2024-une-celebration-du-cinema-et-de-l-engagement\/214218\/\" \/>\n<meta property=\"og:site_name\" content=\"webdo\" \/>\n<meta property=\"article:publisher\" content=\"https:\/\/www.facebook.com\/webdotn\" \/>\n<meta property=\"article:author\" content=\"https:\/\/www.facebook.com\/massir.destiniii\/\" \/>\n<meta property=\"article:published_time\" content=\"2024-05-17T13:28:00+00:00\" \/>\n<meta property=\"article:modified_time\" content=\"2025-05-21T08:55:46+00:00\" \/>\n<meta property=\"og:image\" content=\"https:\/\/www.webdo.tn\/fr\/wp-content\/uploads\/2024\/05\/64fce29aac52477e6fd3061b237bb21f.webp\" \/>\n\t<meta property=\"og:image:width\" content=\"750\" \/>\n\t<meta property=\"og:image:height\" content=\"400\" \/>\n\t<meta property=\"og:image:type\" content=\"image\/webp\" \/>\n<meta name=\"author\" content=\"Ne\u00efla DRISS\" \/>\n<meta name=\"twitter:card\" content=\"summary_large_image\" \/>\n<meta name=\"twitter:creator\" content=\"@https:\/\/x.com\/MassirDestin\" \/>\n<meta name=\"twitter:site\" content=\"@webdo_tn\" \/>\n<meta name=\"twitter:label1\" content=\"\u00c9crit par\" \/>\n\t<meta name=\"twitter:data1\" content=\"Ne\u00efla DRISS\" \/>\n\t<meta name=\"twitter:label2\" content=\"Dur\u00e9e de lecture estim\u00e9e\" \/>\n\t<meta name=\"twitter:data2\" content=\"6 minutes\" \/>\n<script type=\"application\/ld+json\" class=\"yoast-schema-graph\">{\"@context\":\"https:\\\/\\\/schema.org\",\"@graph\":[{\"@type\":\"NewsArticle\",\"@id\":\"https:\\\/\\\/www.webdo.tn\\\/fr\\\/actualite\\\/culture\\\/cannes-2024-une-celebration-du-cinema-et-de-l-engagement\\\/214218\\\/#article\",\"isPartOf\":{\"@id\":\"https:\\\/\\\/www.webdo.tn\\\/fr\\\/actualite\\\/culture\\\/cannes-2024-une-celebration-du-cinema-et-de-l-engagement\\\/214218\\\/\"},\"author\":{\"name\":\"Ne\u00efla DRISS\",\"@id\":\"https:\\\/\\\/www.webdo.tn\\\/fr\\\/#\\\/schema\\\/person\\\/60d5ba619ed3f58783b0dc82b7dada80\"},\"headline\":\"Cannes 2024 : Une c\u00e9l\u00e9bration du cin\u00e9ma et de l&rsquo;engagement\",\"datePublished\":\"2024-05-17T13:28:00+00:00\",\"dateModified\":\"2025-05-21T08:55:46+00:00\",\"mainEntityOfPage\":{\"@id\":\"https:\\\/\\\/www.webdo.tn\\\/fr\\\/actualite\\\/culture\\\/cannes-2024-une-celebration-du-cinema-et-de-l-engagement\\\/214218\\\/\"},\"wordCount\":1240,\"commentCount\":0,\"publisher\":{\"@id\":\"https:\\\/\\\/www.webdo.tn\\\/fr\\\/#organization\"},\"image\":{\"@id\":\"https:\\\/\\\/www.webdo.tn\\\/fr\\\/actualite\\\/culture\\\/cannes-2024-une-celebration-du-cinema-et-de-l-engagement\\\/214218\\\/#primaryimage\"},\"thumbnailUrl\":\"https:\\\/\\\/www.webdo.tn\\\/fr\\\/wp-content\\\/uploads\\\/2024\\\/05\\\/64fce29aac52477e6fd3061b237bb21f.webp\",\"keywords\":[\"Cannes 2024\",\"Cin\u00e9ma\",\"Festival\",\"Festival de Cannes\"],\"articleSection\":[\"Culture\"],\"inLanguage\":\"fr-FR\"},{\"@type\":\"WebPage\",\"@id\":\"https:\\\/\\\/www.webdo.tn\\\/fr\\\/actualite\\\/culture\\\/cannes-2024-une-celebration-du-cinema-et-de-l-engagement\\\/214218\\\/\",\"url\":\"https:\\\/\\\/www.webdo.tn\\\/fr\\\/actualite\\\/culture\\\/cannes-2024-une-celebration-du-cinema-et-de-l-engagement\\\/214218\\\/\",\"name\":\"Cannes 2024 : Une c\u00e9l\u00e9bration du cin\u00e9ma et de l'engagement\",\"isPartOf\":{\"@id\":\"https:\\\/\\\/www.webdo.tn\\\/fr\\\/#website\"},\"primaryImageOfPage\":{\"@id\":\"https:\\\/\\\/www.webdo.tn\\\/fr\\\/actualite\\\/culture\\\/cannes-2024-une-celebration-du-cinema-et-de-l-engagement\\\/214218\\\/#primaryimage\"},\"image\":{\"@id\":\"https:\\\/\\\/www.webdo.tn\\\/fr\\\/actualite\\\/culture\\\/cannes-2024-une-celebration-du-cinema-et-de-l-engagement\\\/214218\\\/#primaryimage\"},\"thumbnailUrl\":\"https:\\\/\\\/www.webdo.tn\\\/fr\\\/wp-content\\\/uploads\\\/2024\\\/05\\\/64fce29aac52477e6fd3061b237bb21f.webp\",\"datePublished\":\"2024-05-17T13:28:00+00:00\",\"dateModified\":\"2025-05-21T08:55:46+00:00\",\"description\":\"Cannes 2024 : Une c\u00e9l\u00e9bration du cin\u00e9ma et de l'engagement\",\"breadcrumb\":{\"@id\":\"https:\\\/\\\/www.webdo.tn\\\/fr\\\/actualite\\\/culture\\\/cannes-2024-une-celebration-du-cinema-et-de-l-engagement\\\/214218\\\/#breadcrumb\"},\"inLanguage\":\"fr-FR\",\"potentialAction\":[{\"@type\":\"ReadAction\",\"target\":[\"https:\\\/\\\/www.webdo.tn\\\/fr\\\/actualite\\\/culture\\\/cannes-2024-une-celebration-du-cinema-et-de-l-engagement\\\/214218\\\/\"]}]},{\"@type\":\"ImageObject\",\"inLanguage\":\"fr-FR\",\"@id\":\"https:\\\/\\\/www.webdo.tn\\\/fr\\\/actualite\\\/culture\\\/cannes-2024-une-celebration-du-cinema-et-de-l-engagement\\\/214218\\\/#primaryimage\",\"url\":\"https:\\\/\\\/www.webdo.tn\\\/fr\\\/wp-content\\\/uploads\\\/2024\\\/05\\\/64fce29aac52477e6fd3061b237bb21f.webp\",\"contentUrl\":\"https:\\\/\\\/www.webdo.tn\\\/fr\\\/wp-content\\\/uploads\\\/2024\\\/05\\\/64fce29aac52477e6fd3061b237bb21f.webp\",\"width\":750,\"height\":400,\"caption\":\"Cannes 2024 : Une c\u00e9l\u00e9bration du cin\u00e9ma et de l'engagement\"},{\"@type\":\"BreadcrumbList\",\"@id\":\"https:\\\/\\\/www.webdo.tn\\\/fr\\\/actualite\\\/culture\\\/cannes-2024-une-celebration-du-cinema-et-de-l-engagement\\\/214218\\\/#breadcrumb\",\"itemListElement\":[{\"@type\":\"ListItem\",\"position\":1,\"name\":\"Accueil\",\"item\":\"https:\\\/\\\/www.webdo.tn\\\/fr\\\/\"},{\"@type\":\"ListItem\",\"position\":2,\"name\":\"Cannes 2024 : Une c\u00e9l\u00e9bration du cin\u00e9ma et de l&rsquo;engagement\"}]},{\"@type\":\"WebSite\",\"@id\":\"https:\\\/\\\/www.webdo.tn\\\/fr\\\/#website\",\"url\":\"https:\\\/\\\/www.webdo.tn\\\/fr\\\/\",\"name\":\"webdo\",\"description\":\"Tunisie - News en Tunisie et \u00e0 l&#039;international sur Webdo.tn\",\"publisher\":{\"@id\":\"https:\\\/\\\/www.webdo.tn\\\/fr\\\/#organization\"},\"potentialAction\":[{\"@type\":\"SearchAction\",\"target\":{\"@type\":\"EntryPoint\",\"urlTemplate\":\"https:\\\/\\\/www.webdo.tn\\\/fr\\\/?s={search_term_string}\"},\"query-input\":{\"@type\":\"PropertyValueSpecification\",\"valueRequired\":true,\"valueName\":\"search_term_string\"}}],\"inLanguage\":\"fr-FR\"},{\"@type\":\"Organization\",\"@id\":\"https:\\\/\\\/www.webdo.tn\\\/fr\\\/#organization\",\"name\":\"Webdo\",\"alternateName\":\"Webdo.tn\",\"url\":\"https:\\\/\\\/www.webdo.tn\\\/fr\\\/\",\"logo\":{\"@type\":\"ImageObject\",\"inLanguage\":\"fr-FR\",\"@id\":\"https:\\\/\\\/www.webdo.tn\\\/fr\\\/#\\\/schema\\\/logo\\\/image\\\/\",\"url\":\"https:\\\/\\\/www.webdo.tn\\\/fr\\\/wp-content\\\/uploads\\\/2025\\\/06\\\/Webdo-Tunisie_168377.jpg\",\"contentUrl\":\"https:\\\/\\\/www.webdo.tn\\\/fr\\\/wp-content\\\/uploads\\\/2025\\\/06\\\/Webdo-Tunisie_168377.jpg\",\"width\":301,\"height\":301,\"caption\":\"Webdo\"},\"image\":{\"@id\":\"https:\\\/\\\/www.webdo.tn\\\/fr\\\/#\\\/schema\\\/logo\\\/image\\\/\"},\"sameAs\":[\"https:\\\/\\\/www.facebook.com\\\/webdotn\",\"https:\\\/\\\/x.com\\\/webdo_tn\"],\"description\":\"Webdo est un m\u00e9dia num\u00e9rique tunisien fond\u00e9 en 2010, sp\u00e9cialis\u00e9 dans l\u2019actualit\u00e9 nationale et internationale, l\u2019\u00e9conomie, la soci\u00e9t\u00e9 et les analyses politiques. Le site s\u2019adresse \u00e0 un large public francophone et couvre l\u2019information tunisienne en temps r\u00e9el.\",\"email\":\"redac@webdo.tn\",\"legalName\":\"YNJ SARL\",\"foundingDate\":\"2010-09-06\",\"numberOfEmployees\":{\"@type\":\"QuantitativeValue\",\"minValue\":\"11\",\"maxValue\":\"50\"}},{\"@type\":\"Person\",\"@id\":\"https:\\\/\\\/www.webdo.tn\\\/fr\\\/#\\\/schema\\\/person\\\/60d5ba619ed3f58783b0dc82b7dada80\",\"name\":\"Ne\u00efla DRISS\",\"image\":{\"@type\":\"ImageObject\",\"inLanguage\":\"fr-FR\",\"@id\":\"https:\\\/\\\/www.webdo.tn\\\/fr\\\/wp-content\\\/uploads\\\/2026\\\/04\\\/neila-driss_avatar-96x96.jpg\",\"url\":\"https:\\\/\\\/www.webdo.tn\\\/fr\\\/wp-content\\\/uploads\\\/2026\\\/04\\\/neila-driss_avatar-96x96.jpg\",\"contentUrl\":\"https:\\\/\\\/www.webdo.tn\\\/fr\\\/wp-content\\\/uploads\\\/2026\\\/04\\\/neila-driss_avatar-96x96.jpg\",\"caption\":\"Ne\u00efla DRISS\"},\"description\":\"Ne\u00efla Driss est juriste, journaliste culturelle et critique de cin\u00e9ma tunisienne. Titulaire d\u2019un DEA en droit priv\u00e9 de l\u2019Universit\u00e9 Paris II et d\u2019un DESS de l\u2019IHEC Carthage, elle d\u00e9bute sa carri\u00e8re comme juriste sp\u00e9cialis\u00e9e en gestion de patrimoine immobilier. Elle s\u2019oriente ensuite vers l\u2019\u00e9criture en ligne, o\u00f9 elle se distingue d\u00e8s 2006 aux Tunisia Blog Awards, avant de se consacrer au journalisme culturel, avec une sp\u00e9cialisation dans la critique cin\u00e9matographique. Elle couvre r\u00e9guli\u00e8rement les grands festivals internationaux, notamment le Festival de Cannes, les Journ\u00e9es Cin\u00e9matographiques de Carthage et le Festival du film du Caire. Membre de l\u2019ATPCC et de la FIPRESCI, elle participe \u00e0 des jurys et initiatives internationales de critique. Depuis 2024, elle est \u00e9lectrice internationale aux Golden Globes. Facebook : https:\\\/\\\/www.facebook.com\\\/massir.destiniii\\\/ X : https:\\\/\\\/x.com\\\/MassirDestin\",\"sameAs\":[\"https:\\\/\\\/www.facebook.com\\\/massir.destiniii\\\/\",\"https:\\\/\\\/www.instagram.com\\\/neila.driss\\\/?hl=fr\",\"https:\\\/\\\/www.linkedin.com\\\/in\\\/neila-driss-22606a80\\\/\",\"https:\\\/\\\/x.com\\\/https:\\\/\\\/x.com\\\/MassirDestin\"],\"knowsAbout\":[\"Cin\u00e9ma international\",\"critique cin\u00e9matographique\",\"festivals de cin\u00e9ma\",\"journalisme culturel\"],\"knowsLanguage\":[\"Fran\u00e7ais\",\"Arabe\",\"Anglais\"],\"jobTitle\":\"Journaliste culturelle et critique de cin\u00e9ma\",\"worksFor\":\"Webdo\",\"url\":\"https:\\\/\\\/www.webdo.tn\\\/fr\\\/actualite\\\/author\\\/neila-driss\\\/\"}]}<\/script>\n<!-- \/ Yoast SEO Premium plugin. -->","yoast_head_json":{"title":"Cannes 2024 : Une c\u00e9l\u00e9bration du cin\u00e9ma et de l'engagement","description":"Cannes 2024 : Une c\u00e9l\u00e9bration du cin\u00e9ma et de l'engagement","canonical":"https:\/\/www.webdo.tn\/fr\/actualite\/culture\/cannes-2024-une-celebration-du-cinema-et-de-l-engagement\/214218\/","og_locale":"fr_FR","og_type":"article","og_title":"Cannes 2024 : Une c\u00e9l\u00e9bration du cin\u00e9ma et de l'engagement","og_description":"Cannes 2024 : Une c\u00e9l\u00e9bration du cin\u00e9ma et de l'engagement","og_url":"https:\/\/www.webdo.tn\/fr\/actualite\/culture\/cannes-2024-une-celebration-du-cinema-et-de-l-engagement\/214218\/","og_site_name":"webdo","article_publisher":"https:\/\/www.facebook.com\/webdotn","article_author":"https:\/\/www.facebook.com\/massir.destiniii\/","article_published_time":"2024-05-17T13:28:00+00:00","article_modified_time":"2025-05-21T08:55:46+00:00","og_image":[{"width":750,"height":400,"url":"https:\/\/www.webdo.tn\/fr\/wp-content\/uploads\/2024\/05\/64fce29aac52477e6fd3061b237bb21f.webp","type":"image\/webp"}],"author":"Ne\u00efla DRISS","twitter_card":"summary_large_image","twitter_creator":"@https:\/\/x.com\/MassirDestin","twitter_site":"@webdo_tn","twitter_misc":{"\u00c9crit par":"Ne\u00efla DRISS","Dur\u00e9e de lecture estim\u00e9e":"6 minutes"},"schema":{"@context":"https:\/\/schema.org","@graph":[{"@type":"NewsArticle","@id":"https:\/\/www.webdo.tn\/fr\/actualite\/culture\/cannes-2024-une-celebration-du-cinema-et-de-l-engagement\/214218\/#article","isPartOf":{"@id":"https:\/\/www.webdo.tn\/fr\/actualite\/culture\/cannes-2024-une-celebration-du-cinema-et-de-l-engagement\/214218\/"},"author":{"name":"Ne\u00efla DRISS","@id":"https:\/\/www.webdo.tn\/fr\/#\/schema\/person\/60d5ba619ed3f58783b0dc82b7dada80"},"headline":"Cannes 2024 : Une c\u00e9l\u00e9bration du cin\u00e9ma et de l&rsquo;engagement","datePublished":"2024-05-17T13:28:00+00:00","dateModified":"2025-05-21T08:55:46+00:00","mainEntityOfPage":{"@id":"https:\/\/www.webdo.tn\/fr\/actualite\/culture\/cannes-2024-une-celebration-du-cinema-et-de-l-engagement\/214218\/"},"wordCount":1240,"commentCount":0,"publisher":{"@id":"https:\/\/www.webdo.tn\/fr\/#organization"},"image":{"@id":"https:\/\/www.webdo.tn\/fr\/actualite\/culture\/cannes-2024-une-celebration-du-cinema-et-de-l-engagement\/214218\/#primaryimage"},"thumbnailUrl":"https:\/\/www.webdo.tn\/fr\/wp-content\/uploads\/2024\/05\/64fce29aac52477e6fd3061b237bb21f.webp","keywords":["Cannes 2024","Cin\u00e9ma","Festival","Festival de Cannes"],"articleSection":["Culture"],"inLanguage":"fr-FR"},{"@type":"WebPage","@id":"https:\/\/www.webdo.tn\/fr\/actualite\/culture\/cannes-2024-une-celebration-du-cinema-et-de-l-engagement\/214218\/","url":"https:\/\/www.webdo.tn\/fr\/actualite\/culture\/cannes-2024-une-celebration-du-cinema-et-de-l-engagement\/214218\/","name":"Cannes 2024 : Une c\u00e9l\u00e9bration du cin\u00e9ma et de l'engagement","isPartOf":{"@id":"https:\/\/www.webdo.tn\/fr\/#website"},"primaryImageOfPage":{"@id":"https:\/\/www.webdo.tn\/fr\/actualite\/culture\/cannes-2024-une-celebration-du-cinema-et-de-l-engagement\/214218\/#primaryimage"},"image":{"@id":"https:\/\/www.webdo.tn\/fr\/actualite\/culture\/cannes-2024-une-celebration-du-cinema-et-de-l-engagement\/214218\/#primaryimage"},"thumbnailUrl":"https:\/\/www.webdo.tn\/fr\/wp-content\/uploads\/2024\/05\/64fce29aac52477e6fd3061b237bb21f.webp","datePublished":"2024-05-17T13:28:00+00:00","dateModified":"2025-05-21T08:55:46+00:00","description":"Cannes 2024 : Une c\u00e9l\u00e9bration du cin\u00e9ma et de l'engagement","breadcrumb":{"@id":"https:\/\/www.webdo.tn\/fr\/actualite\/culture\/cannes-2024-une-celebration-du-cinema-et-de-l-engagement\/214218\/#breadcrumb"},"inLanguage":"fr-FR","potentialAction":[{"@type":"ReadAction","target":["https:\/\/www.webdo.tn\/fr\/actualite\/culture\/cannes-2024-une-celebration-du-cinema-et-de-l-engagement\/214218\/"]}]},{"@type":"ImageObject","inLanguage":"fr-FR","@id":"https:\/\/www.webdo.tn\/fr\/actualite\/culture\/cannes-2024-une-celebration-du-cinema-et-de-l-engagement\/214218\/#primaryimage","url":"https:\/\/www.webdo.tn\/fr\/wp-content\/uploads\/2024\/05\/64fce29aac52477e6fd3061b237bb21f.webp","contentUrl":"https:\/\/www.webdo.tn\/fr\/wp-content\/uploads\/2024\/05\/64fce29aac52477e6fd3061b237bb21f.webp","width":750,"height":400,"caption":"Cannes 2024 : Une c\u00e9l\u00e9bration du cin\u00e9ma et de l'engagement"},{"@type":"BreadcrumbList","@id":"https:\/\/www.webdo.tn\/fr\/actualite\/culture\/cannes-2024-une-celebration-du-cinema-et-de-l-engagement\/214218\/#breadcrumb","itemListElement":[{"@type":"ListItem","position":1,"name":"Accueil","item":"https:\/\/www.webdo.tn\/fr\/"},{"@type":"ListItem","position":2,"name":"Cannes 2024 : Une c\u00e9l\u00e9bration du cin\u00e9ma et de l&rsquo;engagement"}]},{"@type":"WebSite","@id":"https:\/\/www.webdo.tn\/fr\/#website","url":"https:\/\/www.webdo.tn\/fr\/","name":"webdo","description":"Tunisie - News en Tunisie et \u00e0 l&#039;international sur Webdo.tn","publisher":{"@id":"https:\/\/www.webdo.tn\/fr\/#organization"},"potentialAction":[{"@type":"SearchAction","target":{"@type":"EntryPoint","urlTemplate":"https:\/\/www.webdo.tn\/fr\/?s={search_term_string}"},"query-input":{"@type":"PropertyValueSpecification","valueRequired":true,"valueName":"search_term_string"}}],"inLanguage":"fr-FR"},{"@type":"Organization","@id":"https:\/\/www.webdo.tn\/fr\/#organization","name":"Webdo","alternateName":"Webdo.tn","url":"https:\/\/www.webdo.tn\/fr\/","logo":{"@type":"ImageObject","inLanguage":"fr-FR","@id":"https:\/\/www.webdo.tn\/fr\/#\/schema\/logo\/image\/","url":"https:\/\/www.webdo.tn\/fr\/wp-content\/uploads\/2025\/06\/Webdo-Tunisie_168377.jpg","contentUrl":"https:\/\/www.webdo.tn\/fr\/wp-content\/uploads\/2025\/06\/Webdo-Tunisie_168377.jpg","width":301,"height":301,"caption":"Webdo"},"image":{"@id":"https:\/\/www.webdo.tn\/fr\/#\/schema\/logo\/image\/"},"sameAs":["https:\/\/www.facebook.com\/webdotn","https:\/\/x.com\/webdo_tn"],"description":"Webdo est un m\u00e9dia num\u00e9rique tunisien fond\u00e9 en 2010, sp\u00e9cialis\u00e9 dans l\u2019actualit\u00e9 nationale et internationale, l\u2019\u00e9conomie, la soci\u00e9t\u00e9 et les analyses politiques. Le site s\u2019adresse \u00e0 un large public francophone et couvre l\u2019information tunisienne en temps r\u00e9el.","email":"redac@webdo.tn","legalName":"YNJ SARL","foundingDate":"2010-09-06","numberOfEmployees":{"@type":"QuantitativeValue","minValue":"11","maxValue":"50"}},{"@type":"Person","@id":"https:\/\/www.webdo.tn\/fr\/#\/schema\/person\/60d5ba619ed3f58783b0dc82b7dada80","name":"Ne\u00efla DRISS","image":{"@type":"ImageObject","inLanguage":"fr-FR","@id":"https:\/\/www.webdo.tn\/fr\/wp-content\/uploads\/2026\/04\/neila-driss_avatar-96x96.jpg","url":"https:\/\/www.webdo.tn\/fr\/wp-content\/uploads\/2026\/04\/neila-driss_avatar-96x96.jpg","contentUrl":"https:\/\/www.webdo.tn\/fr\/wp-content\/uploads\/2026\/04\/neila-driss_avatar-96x96.jpg","caption":"Ne\u00efla DRISS"},"description":"Ne\u00efla Driss est juriste, journaliste culturelle et critique de cin\u00e9ma tunisienne. Titulaire d\u2019un DEA en droit priv\u00e9 de l\u2019Universit\u00e9 Paris II et d\u2019un DESS de l\u2019IHEC Carthage, elle d\u00e9bute sa carri\u00e8re comme juriste sp\u00e9cialis\u00e9e en gestion de patrimoine immobilier. Elle s\u2019oriente ensuite vers l\u2019\u00e9criture en ligne, o\u00f9 elle se distingue d\u00e8s 2006 aux Tunisia Blog Awards, avant de se consacrer au journalisme culturel, avec une sp\u00e9cialisation dans la critique cin\u00e9matographique. Elle couvre r\u00e9guli\u00e8rement les grands festivals internationaux, notamment le Festival de Cannes, les Journ\u00e9es Cin\u00e9matographiques de Carthage et le Festival du film du Caire. Membre de l\u2019ATPCC et de la FIPRESCI, elle participe \u00e0 des jurys et initiatives internationales de critique. Depuis 2024, elle est \u00e9lectrice internationale aux Golden Globes. Facebook : https:\/\/www.facebook.com\/massir.destiniii\/ X : https:\/\/x.com\/MassirDestin","sameAs":["https:\/\/www.facebook.com\/massir.destiniii\/","https:\/\/www.instagram.com\/neila.driss\/?hl=fr","https:\/\/www.linkedin.com\/in\/neila-driss-22606a80\/","https:\/\/x.com\/https:\/\/x.com\/MassirDestin"],"knowsAbout":["Cin\u00e9ma international","critique cin\u00e9matographique","festivals de cin\u00e9ma","journalisme culturel"],"knowsLanguage":["Fran\u00e7ais","Arabe","Anglais"],"jobTitle":"Journaliste culturelle et critique de cin\u00e9ma","worksFor":"Webdo","url":"https:\/\/www.webdo.tn\/fr\/actualite\/author\/neila-driss\/"}]}},"_links":{"self":[{"href":"https:\/\/www.webdo.tn\/fr\/wp-json\/wp\/v2\/posts\/214218","targetHints":{"allow":["GET"]}}],"collection":[{"href":"https:\/\/www.webdo.tn\/fr\/wp-json\/wp\/v2\/posts"}],"about":[{"href":"https:\/\/www.webdo.tn\/fr\/wp-json\/wp\/v2\/types\/post"}],"author":[{"embeddable":true,"href":"https:\/\/www.webdo.tn\/fr\/wp-json\/wp\/v2\/users\/3164"}],"replies":[{"embeddable":true,"href":"https:\/\/www.webdo.tn\/fr\/wp-json\/wp\/v2\/comments?post=214218"}],"version-history":[{"count":0,"href":"https:\/\/www.webdo.tn\/fr\/wp-json\/wp\/v2\/posts\/214218\/revisions"}],"wp:featuredmedia":[{"embeddable":true,"href":"https:\/\/www.webdo.tn\/fr\/wp-json\/wp\/v2\/media\/247355"}],"wp:attachment":[{"href":"https:\/\/www.webdo.tn\/fr\/wp-json\/wp\/v2\/media?parent=214218"}],"wp:term":[{"taxonomy":"category","embeddable":true,"href":"https:\/\/www.webdo.tn\/fr\/wp-json\/wp\/v2\/categories?post=214218"},{"taxonomy":"post_tag","embeddable":true,"href":"https:\/\/www.webdo.tn\/fr\/wp-json\/wp\/v2\/tags?post=214218"}],"curies":[{"name":"wp","href":"https:\/\/api.w.org\/{rel}","templated":true}]}}