{"id":214215,"date":"2024-05-17T10:32:00","date_gmt":"2024-05-17T10:32:00","guid":{"rendered":"https:\/\/www.webdo.tn\/fr\/blog\/tunisie-mandat-de-depot-contre-l-activiste-houssem-hajlaoui\/214215\/"},"modified":"2025-05-20T21:50:31","modified_gmt":"2025-05-20T21:50:31","slug":"tunisie-mandat-de-depot-contre-l-activiste-houssem-hajlaoui","status":"publish","type":"post","link":"https:\/\/www.webdo.tn\/fr\/actualite\/national\/tunisie-mandat-de-depot-contre-l-activiste-houssem-hajlaoui\/214215\/","title":{"rendered":"Tunisie : Mandat de d\u00e9p\u00f4t \u00e0 l&rsquo;encontre de l\u2019activiste Houssem Hajlaoui"},"content":{"rendered":"<p>L&rsquo;activiste Houssem Hajlaoui a \u00e9t\u00e9 arr\u00eat\u00e9, ce jeudi 16 mai 2024, et un mandat de d\u00e9p\u00f4t a \u00e9t\u00e9 \u00e9mis \u00e0 son encontre. Il a \u00e9t\u00e9 incarc\u00e9r\u00e9 \u00e0 la prison civile de Mornaguia.<\/p>\n<p>\t\t\t\t\t\t\t\t\tL\u2019activiste Houssem Hajlaoui, a \u00e9t\u00e9 arr\u00eat\u00e9 hier soir avant d\u2019\u00eatre d\u00e9f\u00e9r\u00e9 devant la chambre correctionnelle du tribunal de premi\u00e8re instance de Tunis o\u00f9 un mandat de d\u00e9p\u00f4t a \u00e9t\u00e9 \u00e9mis \u00e0 son encontre pour des publications sur les r\u00e9seaux sociaux, a rapport\u00e9 son \u00e9pouse Awatef Chariek dans un message publi\u00e9 sur sa page Facebook.<\/p>\n<p>Houssem Hajlaoui a \u00e9t\u00e9 incarc\u00e9r\u00e9 \u00e0 la prison civile de Mornaguia et son audience a \u00e9t\u00e9 fix\u00e9e \u00e0 jeudi 23 mai 2024. Son \u00e9pouse a ajout\u00e9 que Houssem Hajlaoui a \u00e9t\u00e9 interrog\u00e9 et d\u00e9f\u00e9r\u00e9 sans la pr\u00e9sence de ses avocats.<\/p>\n","protected":false},"excerpt":{"rendered":"<p>L\u2019activiste Houssem Hajlaoui, a \u00e9t\u00e9 arr\u00eat\u00e9 hier soir avant d\u2019\u00eatre d\u00e9f\u00e9r\u00e9 devant la chambre correctionnelle du tribunal de premi\u00e8re instance de Tunis o\u00f9 un manda&#8230;<\/p>\n","protected":false},"author":3162,"featured_media":247356,"comment_status":"open","ping_status":"closed","sticky":false,"template":"","format":"standard","meta":{"footnotes":""},"categories":[44],"tags":[6441,2886,2836,2608],"class_list":["post-214215","post","type-post","status-publish","format-standard","has-post-thumbnail","hentry","category-national","tag-houssem-hajlaoui","tag-mandat-de-depot","tag-reseaux-sociaux","tag-tunisie"],"yoast_head":"<!-- This site is optimized with the Yoast SEO Premium plugin v27.5 (Yoast SEO v27.5) - https:\/\/yoast.com\/product\/yoast-seo-premium-wordpress\/ -->\n<title>Tunisie : Mandat de d\u00e9p\u00f4t \u00e0 l&#039;encontre de l\u2019activiste Houssem Hajlaoui<\/title>\n<meta name=\"description\" content=\"L\u2019activiste Houssem Hajlaoui, a \u00e9t\u00e9 arr\u00eat\u00e9 hier soir avant d\u2019\u00eatre d\u00e9f\u00e9r\u00e9 devant la chambre correctionnelle du tribunal de premi\u00e8re instance de Tunis o\u00f9 un manda...\" \/>\n<link rel=\"canonical\" href=\"https:\/\/www.webdo.tn\/fr\/actualite\/national\/tunisie-mandat-de-depot-contre-l-activiste-houssem-hajlaoui\/214215\/\" \/>\n<meta property=\"og:locale\" content=\"fr_FR\" \/>\n<meta property=\"og:type\" content=\"article\" \/>\n<meta property=\"og:title\" content=\"Tunisie : Mandat de d\u00e9p\u00f4t \u00e0 l&#039;encontre de l\u2019activiste Houssem Hajlaoui\" \/>\n<meta property=\"og:description\" content=\"L\u2019activiste Houssem Hajlaoui, a \u00e9t\u00e9 arr\u00eat\u00e9 hier soir avant d\u2019\u00eatre d\u00e9f\u00e9r\u00e9 devant la chambre correctionnelle du tribunal de premi\u00e8re instance de Tunis o\u00f9 un manda...\" \/>\n<meta property=\"og:url\" content=\"https:\/\/www.webdo.tn\/fr\/actualite\/national\/tunisie-mandat-de-depot-contre-l-activiste-houssem-hajlaoui\/214215\/\" \/>\n<meta property=\"og:site_name\" content=\"webdo\" \/>\n<meta property=\"article:publisher\" content=\"https:\/\/www.facebook.com\/webdotn\" \/>\n<meta property=\"article:published_time\" content=\"2024-05-17T10:32:00+00:00\" \/>\n<meta property=\"article:modified_time\" content=\"2025-05-20T21:50:31+00:00\" \/>\n<meta property=\"og:image\" content=\"https:\/\/www.webdo.tn\/fr\/wp-content\/uploads\/2024\/05\/a0e2b238cd58234534758c6a81e46e25.webp\" \/>\n\t<meta property=\"og:image:width\" content=\"750\" \/>\n\t<meta property=\"og:image:height\" content=\"400\" \/>\n\t<meta property=\"og:image:type\" content=\"image\/webp\" \/>\n<meta name=\"author\" content=\"MC\" \/>\n<meta name=\"twitter:card\" content=\"summary_large_image\" \/>\n<meta name=\"twitter:creator\" content=\"@webdo_tn\" \/>\n<meta name=\"twitter:site\" content=\"@webdo_tn\" \/>\n<meta name=\"twitter:label1\" content=\"\u00c9crit par\" \/>\n\t<meta name=\"twitter:data1\" content=\"MC\" \/>\n\t<meta name=\"twitter:label2\" content=\"Dur\u00e9e de lecture estim\u00e9e\" \/>\n\t<meta name=\"twitter:data2\" content=\"1 minute\" \/>\n<script type=\"application\/ld+json\" class=\"yoast-schema-graph\">{\"@context\":\"https:\\\/\\\/schema.org\",\"@graph\":[{\"@type\":\"NewsArticle\",\"@id\":\"https:\\\/\\\/www.webdo.tn\\\/fr\\\/actualite\\\/national\\\/tunisie-mandat-de-depot-contre-l-activiste-houssem-hajlaoui\\\/214215\\\/#article\",\"isPartOf\":{\"@id\":\"https:\\\/\\\/www.webdo.tn\\\/fr\\\/actualite\\\/national\\\/tunisie-mandat-de-depot-contre-l-activiste-houssem-hajlaoui\\\/214215\\\/\"},\"author\":{\"name\":\"MC\",\"@id\":\"https:\\\/\\\/www.webdo.tn\\\/fr\\\/#\\\/schema\\\/person\\\/2c4929cbf5a809e3bd38617c6ce150f6\"},\"headline\":\"Tunisie : Mandat de d\u00e9p\u00f4t \u00e0 l&rsquo;encontre de l\u2019activiste Houssem Hajlaoui\",\"datePublished\":\"2024-05-17T10:32:00+00:00\",\"dateModified\":\"2025-05-20T21:50:31+00:00\",\"mainEntityOfPage\":{\"@id\":\"https:\\\/\\\/www.webdo.tn\\\/fr\\\/actualite\\\/national\\\/tunisie-mandat-de-depot-contre-l-activiste-houssem-hajlaoui\\\/214215\\\/\"},\"wordCount\":149,\"commentCount\":0,\"publisher\":{\"@id\":\"https:\\\/\\\/www.webdo.tn\\\/fr\\\/#organization\"},\"image\":{\"@id\":\"https:\\\/\\\/www.webdo.tn\\\/fr\\\/actualite\\\/national\\\/tunisie-mandat-de-depot-contre-l-activiste-houssem-hajlaoui\\\/214215\\\/#primaryimage\"},\"thumbnailUrl\":\"https:\\\/\\\/www.webdo.tn\\\/fr\\\/wp-content\\\/uploads\\\/2024\\\/05\\\/a0e2b238cd58234534758c6a81e46e25.webp\",\"keywords\":[\"Houssem Hajlaoui\",\"mandat de d\u00e9p\u00f4t\",\"r\u00e9seaux sociaux\",\"Tunisie\"],\"articleSection\":[\"National\"],\"inLanguage\":\"fr-FR\"},{\"@type\":\"WebPage\",\"@id\":\"https:\\\/\\\/www.webdo.tn\\\/fr\\\/actualite\\\/national\\\/tunisie-mandat-de-depot-contre-l-activiste-houssem-hajlaoui\\\/214215\\\/\",\"url\":\"https:\\\/\\\/www.webdo.tn\\\/fr\\\/actualite\\\/national\\\/tunisie-mandat-de-depot-contre-l-activiste-houssem-hajlaoui\\\/214215\\\/\",\"name\":\"Tunisie : Mandat de d\u00e9p\u00f4t \u00e0 l'encontre de l\u2019activiste Houssem Hajlaoui\",\"isPartOf\":{\"@id\":\"https:\\\/\\\/www.webdo.tn\\\/fr\\\/#website\"},\"primaryImageOfPage\":{\"@id\":\"https:\\\/\\\/www.webdo.tn\\\/fr\\\/actualite\\\/national\\\/tunisie-mandat-de-depot-contre-l-activiste-houssem-hajlaoui\\\/214215\\\/#primaryimage\"},\"image\":{\"@id\":\"https:\\\/\\\/www.webdo.tn\\\/fr\\\/actualite\\\/national\\\/tunisie-mandat-de-depot-contre-l-activiste-houssem-hajlaoui\\\/214215\\\/#primaryimage\"},\"thumbnailUrl\":\"https:\\\/\\\/www.webdo.tn\\\/fr\\\/wp-content\\\/uploads\\\/2024\\\/05\\\/a0e2b238cd58234534758c6a81e46e25.webp\",\"datePublished\":\"2024-05-17T10:32:00+00:00\",\"dateModified\":\"2025-05-20T21:50:31+00:00\",\"description\":\"L\u2019activiste Houssem Hajlaoui, a \u00e9t\u00e9 arr\u00eat\u00e9 hier soir avant d\u2019\u00eatre d\u00e9f\u00e9r\u00e9 devant la chambre correctionnelle du tribunal de premi\u00e8re instance de Tunis o\u00f9 un manda...\",\"breadcrumb\":{\"@id\":\"https:\\\/\\\/www.webdo.tn\\\/fr\\\/actualite\\\/national\\\/tunisie-mandat-de-depot-contre-l-activiste-houssem-hajlaoui\\\/214215\\\/#breadcrumb\"},\"inLanguage\":\"fr-FR\",\"potentialAction\":[{\"@type\":\"ReadAction\",\"target\":[\"https:\\\/\\\/www.webdo.tn\\\/fr\\\/actualite\\\/national\\\/tunisie-mandat-de-depot-contre-l-activiste-houssem-hajlaoui\\\/214215\\\/\"]}]},{\"@type\":\"ImageObject\",\"inLanguage\":\"fr-FR\",\"@id\":\"https:\\\/\\\/www.webdo.tn\\\/fr\\\/actualite\\\/national\\\/tunisie-mandat-de-depot-contre-l-activiste-houssem-hajlaoui\\\/214215\\\/#primaryimage\",\"url\":\"https:\\\/\\\/www.webdo.tn\\\/fr\\\/wp-content\\\/uploads\\\/2024\\\/05\\\/a0e2b238cd58234534758c6a81e46e25.webp\",\"contentUrl\":\"https:\\\/\\\/www.webdo.tn\\\/fr\\\/wp-content\\\/uploads\\\/2024\\\/05\\\/a0e2b238cd58234534758c6a81e46e25.webp\",\"width\":750,\"height\":400,\"caption\":\"Tunisie : Mandat de d\u00e9p\u00f4t \u00e0 l'encontre de l\u2019activiste Houssem Hajlaoui\"},{\"@type\":\"BreadcrumbList\",\"@id\":\"https:\\\/\\\/www.webdo.tn\\\/fr\\\/actualite\\\/national\\\/tunisie-mandat-de-depot-contre-l-activiste-houssem-hajlaoui\\\/214215\\\/#breadcrumb\",\"itemListElement\":[{\"@type\":\"ListItem\",\"position\":1,\"name\":\"Accueil\",\"item\":\"https:\\\/\\\/www.webdo.tn\\\/fr\\\/\"},{\"@type\":\"ListItem\",\"position\":2,\"name\":\"Tunisie : Mandat de d\u00e9p\u00f4t \u00e0 l&#8217;encontre de l\u2019activiste Houssem Hajlaoui\"}]},{\"@type\":\"WebSite\",\"@id\":\"https:\\\/\\\/www.webdo.tn\\\/fr\\\/#website\",\"url\":\"https:\\\/\\\/www.webdo.tn\\\/fr\\\/\",\"name\":\"webdo\",\"description\":\"Tunisie - News en Tunisie et \u00e0 l&#039;international sur Webdo.tn\",\"publisher\":{\"@id\":\"https:\\\/\\\/www.webdo.tn\\\/fr\\\/#organization\"},\"potentialAction\":[{\"@type\":\"SearchAction\",\"target\":{\"@type\":\"EntryPoint\",\"urlTemplate\":\"https:\\\/\\\/www.webdo.tn\\\/fr\\\/?s={search_term_string}\"},\"query-input\":{\"@type\":\"PropertyValueSpecification\",\"valueRequired\":true,\"valueName\":\"search_term_string\"}}],\"inLanguage\":\"fr-FR\"},{\"@type\":\"Organization\",\"@id\":\"https:\\\/\\\/www.webdo.tn\\\/fr\\\/#organization\",\"name\":\"Webdo\",\"alternateName\":\"Webdo.tn\",\"url\":\"https:\\\/\\\/www.webdo.tn\\\/fr\\\/\",\"logo\":{\"@type\":\"ImageObject\",\"inLanguage\":\"fr-FR\",\"@id\":\"https:\\\/\\\/www.webdo.tn\\\/fr\\\/#\\\/schema\\\/logo\\\/image\\\/\",\"url\":\"https:\\\/\\\/www.webdo.tn\\\/fr\\\/wp-content\\\/uploads\\\/2025\\\/06\\\/Webdo-Tunisie_168377.jpg\",\"contentUrl\":\"https:\\\/\\\/www.webdo.tn\\\/fr\\\/wp-content\\\/uploads\\\/2025\\\/06\\\/Webdo-Tunisie_168377.jpg\",\"width\":301,\"height\":301,\"caption\":\"Webdo\"},\"image\":{\"@id\":\"https:\\\/\\\/www.webdo.tn\\\/fr\\\/#\\\/schema\\\/logo\\\/image\\\/\"},\"sameAs\":[\"https:\\\/\\\/www.facebook.com\\\/webdotn\",\"https:\\\/\\\/x.com\\\/webdo_tn\"],\"description\":\"Webdo est un m\u00e9dia num\u00e9rique tunisien fond\u00e9 en 2010, sp\u00e9cialis\u00e9 dans l\u2019actualit\u00e9 nationale et internationale, l\u2019\u00e9conomie, la soci\u00e9t\u00e9 et les analyses politiques. Le site s\u2019adresse \u00e0 un large public francophone et couvre l\u2019information tunisienne en temps r\u00e9el.\",\"email\":\"redac@webdo.tn\",\"legalName\":\"YNJ SARL\",\"foundingDate\":\"2010-09-06\",\"numberOfEmployees\":{\"@type\":\"QuantitativeValue\",\"minValue\":\"11\",\"maxValue\":\"50\"}},{\"@type\":\"Person\",\"@id\":\"https:\\\/\\\/www.webdo.tn\\\/fr\\\/#\\\/schema\\\/person\\\/2c4929cbf5a809e3bd38617c6ce150f6\",\"name\":\"MC\",\"image\":{\"@type\":\"ImageObject\",\"inLanguage\":\"fr-FR\",\"@id\":\"https:\\\/\\\/secure.gravatar.com\\\/avatar\\\/a545bbb6f84efdd5553dbbc2895e3ca8f1d12c5215e00a041c9670b54aa9b18a?s=96&d=mm&r=g\",\"url\":\"https:\\\/\\\/secure.gravatar.com\\\/avatar\\\/a545bbb6f84efdd5553dbbc2895e3ca8f1d12c5215e00a041c9670b54aa9b18a?s=96&d=mm&r=g\",\"contentUrl\":\"https:\\\/\\\/secure.gravatar.com\\\/avatar\\\/a545bbb6f84efdd5553dbbc2895e3ca8f1d12c5215e00a041c9670b54aa9b18a?s=96&d=mm&r=g\",\"caption\":\"MC\"},\"url\":\"https:\\\/\\\/www.webdo.tn\\\/fr\\\/actualite\\\/author\\\/mc\\\/\"}]}<\/script>\n<!-- \/ Yoast SEO Premium plugin. -->","yoast_head_json":{"title":"Tunisie : Mandat de d\u00e9p\u00f4t \u00e0 l'encontre de l\u2019activiste Houssem Hajlaoui","description":"L\u2019activiste Houssem Hajlaoui, a \u00e9t\u00e9 arr\u00eat\u00e9 hier soir avant d\u2019\u00eatre d\u00e9f\u00e9r\u00e9 devant la chambre correctionnelle du tribunal de premi\u00e8re instance de Tunis o\u00f9 un manda...","canonical":"https:\/\/www.webdo.tn\/fr\/actualite\/national\/tunisie-mandat-de-depot-contre-l-activiste-houssem-hajlaoui\/214215\/","og_locale":"fr_FR","og_type":"article","og_title":"Tunisie : Mandat de d\u00e9p\u00f4t \u00e0 l'encontre de l\u2019activiste Houssem Hajlaoui","og_description":"L\u2019activiste Houssem Hajlaoui, a \u00e9t\u00e9 arr\u00eat\u00e9 hier soir avant d\u2019\u00eatre d\u00e9f\u00e9r\u00e9 devant la chambre correctionnelle du tribunal de premi\u00e8re instance de Tunis o\u00f9 un manda...","og_url":"https:\/\/www.webdo.tn\/fr\/actualite\/national\/tunisie-mandat-de-depot-contre-l-activiste-houssem-hajlaoui\/214215\/","og_site_name":"webdo","article_publisher":"https:\/\/www.facebook.com\/webdotn","article_published_time":"2024-05-17T10:32:00+00:00","article_modified_time":"2025-05-20T21:50:31+00:00","og_image":[{"width":750,"height":400,"url":"https:\/\/www.webdo.tn\/fr\/wp-content\/uploads\/2024\/05\/a0e2b238cd58234534758c6a81e46e25.webp","type":"image\/webp"}],"author":"MC","twitter_card":"summary_large_image","twitter_creator":"@webdo_tn","twitter_site":"@webdo_tn","twitter_misc":{"\u00c9crit par":"MC","Dur\u00e9e de lecture estim\u00e9e":"1 minute"},"schema":{"@context":"https:\/\/schema.org","@graph":[{"@type":"NewsArticle","@id":"https:\/\/www.webdo.tn\/fr\/actualite\/national\/tunisie-mandat-de-depot-contre-l-activiste-houssem-hajlaoui\/214215\/#article","isPartOf":{"@id":"https:\/\/www.webdo.tn\/fr\/actualite\/national\/tunisie-mandat-de-depot-contre-l-activiste-houssem-hajlaoui\/214215\/"},"author":{"name":"MC","@id":"https:\/\/www.webdo.tn\/fr\/#\/schema\/person\/2c4929cbf5a809e3bd38617c6ce150f6"},"headline":"Tunisie : Mandat de d\u00e9p\u00f4t \u00e0 l&rsquo;encontre de l\u2019activiste Houssem Hajlaoui","datePublished":"2024-05-17T10:32:00+00:00","dateModified":"2025-05-20T21:50:31+00:00","mainEntityOfPage":{"@id":"https:\/\/www.webdo.tn\/fr\/actualite\/national\/tunisie-mandat-de-depot-contre-l-activiste-houssem-hajlaoui\/214215\/"},"wordCount":149,"commentCount":0,"publisher":{"@id":"https:\/\/www.webdo.tn\/fr\/#organization"},"image":{"@id":"https:\/\/www.webdo.tn\/fr\/actualite\/national\/tunisie-mandat-de-depot-contre-l-activiste-houssem-hajlaoui\/214215\/#primaryimage"},"thumbnailUrl":"https:\/\/www.webdo.tn\/fr\/wp-content\/uploads\/2024\/05\/a0e2b238cd58234534758c6a81e46e25.webp","keywords":["Houssem Hajlaoui","mandat de d\u00e9p\u00f4t","r\u00e9seaux sociaux","Tunisie"],"articleSection":["National"],"inLanguage":"fr-FR"},{"@type":"WebPage","@id":"https:\/\/www.webdo.tn\/fr\/actualite\/national\/tunisie-mandat-de-depot-contre-l-activiste-houssem-hajlaoui\/214215\/","url":"https:\/\/www.webdo.tn\/fr\/actualite\/national\/tunisie-mandat-de-depot-contre-l-activiste-houssem-hajlaoui\/214215\/","name":"Tunisie : Mandat de d\u00e9p\u00f4t \u00e0 l'encontre de l\u2019activiste Houssem Hajlaoui","isPartOf":{"@id":"https:\/\/www.webdo.tn\/fr\/#website"},"primaryImageOfPage":{"@id":"https:\/\/www.webdo.tn\/fr\/actualite\/national\/tunisie-mandat-de-depot-contre-l-activiste-houssem-hajlaoui\/214215\/#primaryimage"},"image":{"@id":"https:\/\/www.webdo.tn\/fr\/actualite\/national\/tunisie-mandat-de-depot-contre-l-activiste-houssem-hajlaoui\/214215\/#primaryimage"},"thumbnailUrl":"https:\/\/www.webdo.tn\/fr\/wp-content\/uploads\/2024\/05\/a0e2b238cd58234534758c6a81e46e25.webp","datePublished":"2024-05-17T10:32:00+00:00","dateModified":"2025-05-20T21:50:31+00:00","description":"L\u2019activiste Houssem Hajlaoui, a \u00e9t\u00e9 arr\u00eat\u00e9 hier soir avant d\u2019\u00eatre d\u00e9f\u00e9r\u00e9 devant la chambre correctionnelle du tribunal de premi\u00e8re instance de Tunis o\u00f9 un manda...","breadcrumb":{"@id":"https:\/\/www.webdo.tn\/fr\/actualite\/national\/tunisie-mandat-de-depot-contre-l-activiste-houssem-hajlaoui\/214215\/#breadcrumb"},"inLanguage":"fr-FR","potentialAction":[{"@type":"ReadAction","target":["https:\/\/www.webdo.tn\/fr\/actualite\/national\/tunisie-mandat-de-depot-contre-l-activiste-houssem-hajlaoui\/214215\/"]}]},{"@type":"ImageObject","inLanguage":"fr-FR","@id":"https:\/\/www.webdo.tn\/fr\/actualite\/national\/tunisie-mandat-de-depot-contre-l-activiste-houssem-hajlaoui\/214215\/#primaryimage","url":"https:\/\/www.webdo.tn\/fr\/wp-content\/uploads\/2024\/05\/a0e2b238cd58234534758c6a81e46e25.webp","contentUrl":"https:\/\/www.webdo.tn\/fr\/wp-content\/uploads\/2024\/05\/a0e2b238cd58234534758c6a81e46e25.webp","width":750,"height":400,"caption":"Tunisie : Mandat de d\u00e9p\u00f4t \u00e0 l'encontre de l\u2019activiste Houssem Hajlaoui"},{"@type":"BreadcrumbList","@id":"https:\/\/www.webdo.tn\/fr\/actualite\/national\/tunisie-mandat-de-depot-contre-l-activiste-houssem-hajlaoui\/214215\/#breadcrumb","itemListElement":[{"@type":"ListItem","position":1,"name":"Accueil","item":"https:\/\/www.webdo.tn\/fr\/"},{"@type":"ListItem","position":2,"name":"Tunisie : Mandat de d\u00e9p\u00f4t \u00e0 l&#8217;encontre de l\u2019activiste Houssem Hajlaoui"}]},{"@type":"WebSite","@id":"https:\/\/www.webdo.tn\/fr\/#website","url":"https:\/\/www.webdo.tn\/fr\/","name":"webdo","description":"Tunisie - News en Tunisie et \u00e0 l&#039;international sur Webdo.tn","publisher":{"@id":"https:\/\/www.webdo.tn\/fr\/#organization"},"potentialAction":[{"@type":"SearchAction","target":{"@type":"EntryPoint","urlTemplate":"https:\/\/www.webdo.tn\/fr\/?s={search_term_string}"},"query-input":{"@type":"PropertyValueSpecification","valueRequired":true,"valueName":"search_term_string"}}],"inLanguage":"fr-FR"},{"@type":"Organization","@id":"https:\/\/www.webdo.tn\/fr\/#organization","name":"Webdo","alternateName":"Webdo.tn","url":"https:\/\/www.webdo.tn\/fr\/","logo":{"@type":"ImageObject","inLanguage":"fr-FR","@id":"https:\/\/www.webdo.tn\/fr\/#\/schema\/logo\/image\/","url":"https:\/\/www.webdo.tn\/fr\/wp-content\/uploads\/2025\/06\/Webdo-Tunisie_168377.jpg","contentUrl":"https:\/\/www.webdo.tn\/fr\/wp-content\/uploads\/2025\/06\/Webdo-Tunisie_168377.jpg","width":301,"height":301,"caption":"Webdo"},"image":{"@id":"https:\/\/www.webdo.tn\/fr\/#\/schema\/logo\/image\/"},"sameAs":["https:\/\/www.facebook.com\/webdotn","https:\/\/x.com\/webdo_tn"],"description":"Webdo est un m\u00e9dia num\u00e9rique tunisien fond\u00e9 en 2010, sp\u00e9cialis\u00e9 dans l\u2019actualit\u00e9 nationale et internationale, l\u2019\u00e9conomie, la soci\u00e9t\u00e9 et les analyses politiques. Le site s\u2019adresse \u00e0 un large public francophone et couvre l\u2019information tunisienne en temps r\u00e9el.","email":"redac@webdo.tn","legalName":"YNJ SARL","foundingDate":"2010-09-06","numberOfEmployees":{"@type":"QuantitativeValue","minValue":"11","maxValue":"50"}},{"@type":"Person","@id":"https:\/\/www.webdo.tn\/fr\/#\/schema\/person\/2c4929cbf5a809e3bd38617c6ce150f6","name":"MC","image":{"@type":"ImageObject","inLanguage":"fr-FR","@id":"https:\/\/secure.gravatar.com\/avatar\/a545bbb6f84efdd5553dbbc2895e3ca8f1d12c5215e00a041c9670b54aa9b18a?s=96&d=mm&r=g","url":"https:\/\/secure.gravatar.com\/avatar\/a545bbb6f84efdd5553dbbc2895e3ca8f1d12c5215e00a041c9670b54aa9b18a?s=96&d=mm&r=g","contentUrl":"https:\/\/secure.gravatar.com\/avatar\/a545bbb6f84efdd5553dbbc2895e3ca8f1d12c5215e00a041c9670b54aa9b18a?s=96&d=mm&r=g","caption":"MC"},"url":"https:\/\/www.webdo.tn\/fr\/actualite\/author\/mc\/"}]}},"_links":{"self":[{"href":"https:\/\/www.webdo.tn\/fr\/wp-json\/wp\/v2\/posts\/214215","targetHints":{"allow":["GET"]}}],"collection":[{"href":"https:\/\/www.webdo.tn\/fr\/wp-json\/wp\/v2\/posts"}],"about":[{"href":"https:\/\/www.webdo.tn\/fr\/wp-json\/wp\/v2\/types\/post"}],"author":[{"embeddable":true,"href":"https:\/\/www.webdo.tn\/fr\/wp-json\/wp\/v2\/users\/3162"}],"replies":[{"embeddable":true,"href":"https:\/\/www.webdo.tn\/fr\/wp-json\/wp\/v2\/comments?post=214215"}],"version-history":[{"count":0,"href":"https:\/\/www.webdo.tn\/fr\/wp-json\/wp\/v2\/posts\/214215\/revisions"}],"wp:featuredmedia":[{"embeddable":true,"href":"https:\/\/www.webdo.tn\/fr\/wp-json\/wp\/v2\/media\/247356"}],"wp:attachment":[{"href":"https:\/\/www.webdo.tn\/fr\/wp-json\/wp\/v2\/media?parent=214215"}],"wp:term":[{"taxonomy":"category","embeddable":true,"href":"https:\/\/www.webdo.tn\/fr\/wp-json\/wp\/v2\/categories?post=214215"},{"taxonomy":"post_tag","embeddable":true,"href":"https:\/\/www.webdo.tn\/fr\/wp-json\/wp\/v2\/tags?post=214215"}],"curies":[{"name":"wp","href":"https:\/\/api.w.org\/{rel}","templated":true}]}}