{"id":214193,"date":"2024-05-16T09:34:00","date_gmt":"2024-05-16T09:34:00","guid":{"rendered":"https:\/\/www.webdo.tn\/fr\/blog\/cannes-classics-2024-faye-un-hommage-emouvant-a-une-icone-du-cinema\/214193\/"},"modified":"2025-05-21T08:55:49","modified_gmt":"2025-05-21T08:55:49","slug":"cannes-classics-2024-faye-un-hommage-emouvant-a-une-icone-du-cinema","status":"publish","type":"post","link":"https:\/\/www.webdo.tn\/fr\/actualite\/culture\/cannes-classics-2024-faye-un-hommage-emouvant-a-une-icone-du-cinema\/214193\/","title":{"rendered":"Cannes Classics 2024 &#8211; \u00ab\u00a0Faye\u00a0\u00bb : Un hommage \u00e9mouvant \u00e0 une ic\u00f4ne du cin\u00e9ma"},"content":{"rendered":"<div class=\"single-body entry-content typography-copy\" itemprop=\"articleBody\">\n<p style=\"font-weight: bold; text-align: justify\">\n\t\t\t\t\t\t\t\t\tCannes Classics 2024 &#8211; \u00ab\u00a0Faye\u00a0\u00bb : Un hommage \u00e9mouvant \u00e0 une ic\u00f4ne du cin\u00e9ma\n\t\t\t\t\t\t\t\t<\/p>\n<div class=\"coprs\" style=\"text-align: center\"><\/div>\n<div class=\"coprs\" style=\"text-align: justify\">\n<p><span><span>Lors de cette \u00e9dition de Cannes Classics, j&rsquo;ai eu le bonheur d&rsquo;assister \u00e0 la projection du documentaire <em>Faye<\/em>, r\u00e9alis\u00e9 par Laurent Bouzereau. Ce film, consacr\u00e9 \u00e0 la carri\u00e8re et \u00e0 la vie personnelle de Faye Dunaway, ic\u00f4ne du cin\u00e9ma, a \u00e9t\u00e9 un v\u00e9ritable \u00e9v\u00e9nement, d&rsquo;autant plus que l&rsquo;actrice elle-m\u00eame \u00e9tait pr\u00e9sente, accompagn\u00e9e du r\u00e9alisateur et de son fils. <\/span><\/span><\/p>\n<p><iframe allowfullscreen=\"true\" frameborder=\"0\" height=\"314\" scrolling=\"no\" src=\"https:\/\/www.facebook.com\/plugins\/video.php?height=314&amp;href=https%3A%2F%2Fwww.facebook.com%2Fmassir.destiniii%2Fvideos%2F773932611539979%2F&amp;show_text=false&amp;width=560&amp;t=0\" width=\"560\"><\/iframe><\/p>\n<p>\u00a0<\/p>\n<p><span><span><strong>Un voyage \u00e0 travers une carri\u00e8re illustre<\/strong><\/span><\/span><\/p>\n<p><span><span><em>Faye<\/em> est un long m\u00e9trage documentaire qui plonge au c\u0153ur de la vie et de la carri\u00e8re de Faye Dunaway. L&rsquo;actrice, oscaris\u00e9e pour son r\u00f4le dans <em>Network <\/em>(1976), revisite ses triomphes \u00e0 travers des \u0153uvres embl\u00e9matiques. Elle partage \u00e9galement son point de vue sur le film controvers\u00e9 <em>Maman Tr\u00e8s Ch\u00e8re<\/em> (1981), qu&rsquo;elle consid\u00e8re comme un tournant difficile de sa carri\u00e8re.<\/span><\/span><\/p>\n<p><span><span>Le film s\u2019ouvre sur la c\u00e9l\u00e8bre photographie de Terry O\u2019Neill, o\u00f9 Faye Dunaway est assise au bord de la piscine au lendemain de sa victoire aux Oscars. Cette photo iconique avait \u00e9t\u00e9 prise le matin o\u00f9 elle avait re\u00e7u l\u2019Oscar pour <em>Network<\/em>, exactement 45 ans avant le premier jour de tournage de ce documentaire. Elle appara\u00eet souvent tout au long du film, symbolisant \u00e0 la fois le sommet de sa carri\u00e8re et les d\u00e9fis qui ont suivi.<\/span><\/span><\/p>\n<p>\u00a0<\/p>\n<p><img decoding=\"async\" alt=\"\" height=\"1200\" src=\"\/assets\/uploads\/images\/\/Neila\/Cannes%202024%20Faye%20.jpeg\" width=\"924\"><\/p>\n<p>\u00a0<\/p>\n<p><span><span><strong>Des t\u00e9moignages pr\u00e9cieux<\/strong><\/span><\/span><\/p>\n<p><span><span>Le documentaire est enrichi par les t\u00e9moignages de proches et de coll\u00e8gues de l&rsquo;actrice. Son fils, Liam, ainsi que des figures du cin\u00e9ma telles que Sharon Stone, Mickey Rourke et James Gray, apportent leurs perspectives et leurs souvenirs. Ces interventions ajoutent des couches de compr\u00e9hension \u00e0 la complexit\u00e9 de l&rsquo;actrice, \u00e0 la fois en tant que professionnelle et en tant qu&rsquo;individu.<\/span><\/span><\/p>\n<p><span><span><strong>L&rsquo;\u00e9volution des r\u00f4les f\u00e9minins et l&rsquo;histoire du cin\u00e9ma<\/strong><\/span><\/span><\/p>\n<p><span><span>Aborder la carri\u00e8re de Faye Dunaway, c\u2019est aussi \u00e9clairer tout un pan de l\u2019histoire du cin\u00e9ma. Ce cin\u00e9ma qu\u2019elle repr\u00e9sente commence probablement avec <em>Bonnie &amp; Clyde<\/em> (1967), puis avec des films comme <em>L\u2019Affaire Thomas Crown<\/em> (1968), <em>Chinatown<\/em> (1974) et bien s\u00fbr<em> Network<\/em>. Ces films embl\u00e9matiques faisaient partie de ce qu&rsquo;on appelle le \u00ab\u00a0Nouvel Hollywood\u00a0\u00bb, une \u00e9poque o\u00f9 l&rsquo;industrie cin\u00e9matographique changeait radicalement. Faye s\u2019est retrouv\u00e9e au c\u0153ur de ce nouveau cin\u00e9ma am\u00e9ricain, incarnant des personnages forts et ind\u00e9pendants qui ont d\u00e9fi\u00e9 les st\u00e9r\u00e9otypes traditionnels.<\/span><\/span><\/p>\n<p><span><span>Pour les gens de ma g\u00e9n\u00e9ration, ces films repr\u00e9sentent \u00e9galement une partie de notre jeunesse. Nous avions tous \u00e9t\u00e9 \u00e9merveill\u00e9s par <em>Bonnie et Clyde<\/em>, par <em>L&rsquo;Affaire Thomas Crown<\/em> et par les intrigues complexes de <em>Chinatown<\/em>. Ils font partie de notre m\u00e9moire collective, des rep\u00e8res culturels qui ont marqu\u00e9 notre perception du cin\u00e9ma et de la soci\u00e9t\u00e9.\u00a0Faye a aussi \u00e9t\u00e9, ce qu\u2019on appellerait aujourd&rsquo;hui, une \u00ab\u00a0influenceuse\u00a0\u00bb. Elle avait sa propre personnalit\u00e9 et devenait un exemple pour ses admiratrices, qui essayaient de l&rsquo;imiter et d&rsquo;adopter le style vestimentaire de ses personnages, surtout celui de Bonnie.<\/span><\/span><\/p>\n<p>\u00a0<\/p>\n<div>\n<figure class=\"image\"><img decoding=\"async\" alt=\"\" height=\"793\" src=\"\/assets\/uploads\/images\/\/Neila\/Cannes%202024%20Faye%20Bonnie%20et%20Clyde.jpeg\" width=\"620\"><figcaption><em>Faye Dunaway en Bonnie<\/em><\/figcaption><\/figure>\n<\/div>\n<p>\u00a0<\/p>\n<p><span><span><strong>L&rsquo;importance de la m\u00e9moire cin\u00e9matographique<\/strong><\/span><\/span><\/p>\n<p><span><span>La pr\u00e9sentation de <em>Faye<\/em> \u00e0 Cannes Classics s&rsquo;inscrit dans une d\u00e9marche de pr\u00e9servation et de promotion de l&rsquo;histoire du cin\u00e9ma. Cette section du festival, <a href=\"https:\/\/www.webdo.tn\/fr\/actualite\/culture\/cannes-classics-2024-celebration-du-cinema-et-de-son-histoire\/213840\">qui f\u00eate son 20<sup>\u00e8me<\/sup> anniversaire<\/a>, joue un r\u00f4le crucial en ramenant \u00e0 la vie des \u0153uvres anciennes \u00e0 travers des versions restaur\u00e9es et en mettant en lumi\u00e8re des figures embl\u00e9matiques du septi\u00e8me art. En c\u00e9l\u00e9brant Faye Dunaway, le festival rappelle non seulement l&rsquo;importance de son travail mais aussi celle de la m\u00e9moire collective du cin\u00e9ma.<\/span><\/span><\/p>\n<p><span><span>Cette mission de pr\u00e9servation est essentielle, car elle permet aux jeunes g\u00e9n\u00e9rations de d\u00e9couvrir des films et des artistes qui ont fa\u00e7onn\u00e9 l&rsquo;histoire du cin\u00e9ma. La carri\u00e8re de Faye Dunaway est un exemple parfait de l&rsquo;\u00e9volution des r\u00f4les f\u00e9minins au cin\u00e9ma, passant de simples figures d&rsquo;\u00e9pouses et de m\u00e8res \u00e0 des personnages ind\u00e9pendants et complexes. Son parcours refl\u00e8te \u00e9galement les changements sociaux et culturels des derni\u00e8res d\u00e9cennies.<\/span><\/span><\/p>\n<p><span><span><strong>Une soir\u00e9e m\u00e9morable<\/strong><\/span><\/span><\/p>\n<p><span><span>La pr\u00e9sence de Faye Dunaway \u00e0 la projection a ajout\u00e9 une dimension particuli\u00e8re \u00e0 l&rsquo;\u00e9v\u00e9nement. Le public a eu l&rsquo;occasion de la voir en personne, de ressentir son \u00e9motion et son engagement, et de mieux comprendre l&rsquo;impact de ses contributions au cin\u00e9ma. Le r\u00e9alisateur Laurent Bouzereau a su capter l&rsquo;essence de cette grande actrice, offrant au public un regard intime et respectueux sur sa vie et sa carri\u00e8re.<\/span><\/span><\/p>\n<p><span><span>La soir\u00e9e a \u00e9t\u00e9 marqu\u00e9e par des moments d&rsquo;\u00e9motion intense, notamment lorsque Faye Dunaway a pris la parole pour remercier le public. Sa sinc\u00e9rit\u00e9 et sa passion pour son m\u00e9tier ont touch\u00e9 profond\u00e9ment les spectateurs, rendant cette projection encore plus m\u00e9morable.<\/span><\/span><\/p>\n<p>\u00a0<\/p>\n<div>\n<figure class=\"image\"><img decoding=\"async\" alt=\"\" height=\"562\" src=\"\/assets\/uploads\/images\/\/Neila\/Cannes%202024%20Faye%20L'affaire%20Thomas%20Crown.jpeg\" width=\"1000\"><figcaption><em>Faye Dunaway dans \u00ab\u00a0L&rsquo;affaire Thomas Crown\u00a0\u00bb<\/em><\/figcaption><\/figure>\n<\/div>\n<p>\u00a0<\/p>\n<p><span><span><strong>Un t\u00e9moignage puissant et inspirant<\/strong><\/span><\/span><\/p>\n<p><span><span><em>Faye<\/em> est bien plus qu&rsquo;un simple documentaire, c&rsquo;est un hommage sinc\u00e8re et poignant \u00e0 une actrice dont le talent et la d\u00e9termination ont marqu\u00e9 l&rsquo;histoire du cin\u00e9ma. Le film offre une r\u00e9flexion profonde sur les d\u00e9fis personnels et professionnels que Faye Dunaway a surmont\u00e9s, et sur la mani\u00e8re dont elle a su utiliser ces exp\u00e9riences pour enrichir ses performances \u00e0 l&rsquo;\u00e9cran.<\/span><\/span><\/p>\n<p><span><span>La projection de ce film \u00e0 Cannes Classics souligne l&rsquo;importance de la m\u00e9moire cin\u00e9matographique et de la pr\u00e9servation des \u0153uvres et des artistes qui ont fa\u00e7onn\u00e9 cet art. En honorant Faye Dunaway, le festival c\u00e9l\u00e8bre non seulement une carri\u00e8re extraordinaire, mais aussi l&rsquo;h\u00e9ritage culturel et artistique qu&rsquo;elle laisse derri\u00e8re elle. C&rsquo;est un rappel puissant de la mani\u00e8re dont le cin\u00e9ma peut capturer l&rsquo;essence de l&rsquo;humanit\u00e9 et transmettre des histoires et des \u00e9motions \u00e0 travers les g\u00e9n\u00e9rations.<\/span><\/span><\/p>\n<p>\u00a0<\/p>\n<div>\n<figure class=\"image\"><img decoding=\"async\" alt=\"\" height=\"1043\" src=\"\/assets\/uploads\/images\/\/Neila\/Cannes%202024%20Affiche%20Faye%20a%CC%80%20Cannes%202011.jpeg\" width=\"800\"><figcaption><em>Faye Dunaway, h\u00e9ro\u00efne de l&rsquo;affiche du 64\u00e8me Festival de Cannes<\/em><\/figcaption><\/figure>\n<\/div>\n<p>\u00a0<\/p>\n<p><span><span><em>Faye<\/em> est une \u0153uvre qui va au-del\u00e0 du simple documentaire biographique. C&rsquo;est une r\u00e9flexion sur l&rsquo;\u00e9volution du cin\u00e9ma, sur les r\u00f4les des femmes \u00e0 l&rsquo;\u00e9cran, et sur la capacit\u00e9 de l&rsquo;art \u00e0 capturer et \u00e0 transformer la r\u00e9alit\u00e9. La projection de ce film \u00e0 Cannes Classics illustre \u00e0 quel point le cin\u00e9ma peut toucher, inspirer et unir des personnes \u00e0 travers le temps et l&rsquo;espace. Un v\u00e9ritable hommage \u00e0 l&rsquo;h\u00e9ritage ind\u00e9l\u00e9bile de Faye Dunaway, une l\u00e9gende vivante du cin\u00e9ma.<\/span><\/span><\/p>\n<p><span><span><strong><span>Ne\u00efla Driss<\/span><\/strong><\/span><\/span><\/p>\n<p><img decoding=\"async\" alt=\"\" height=\"320\" src=\"\/assets\/uploads\/images\/\/Neila\/CANNES%202024_SIGNATURES_WEB_800X160_1.jpeg\" width=\"1600\"><\/p>\n<p>\u00a0<\/p>\n<\/p><\/div>\n<div class=\"coprs\" style=\"text-align: center\"><\/div><\/div>\n","protected":false},"excerpt":{"rendered":"<p>Cannes Classics 2024 &#8211;  Faye  : Un hommage \u00e9mouvant \u00e0 une ic\u00f4ne du cin\u00e9ma<\/p>\n","protected":false},"author":3164,"featured_media":247381,"comment_status":"open","ping_status":"closed","sticky":false,"template":"","format":"standard","meta":{"footnotes":""},"categories":[2594],"tags":[4180,6482,6504,2627],"class_list":["post-214193","post","type-post","status-publish","format-standard","has-post-thumbnail","hentry","category-culture","tag-cannes-2024","tag-cannes-classics","tag-faye-dunaway","tag-festival-de-cannes"],"yoast_head":"<!-- This site is optimized with the Yoast SEO Premium plugin v27.4 (Yoast SEO v27.4) - https:\/\/yoast.com\/product\/yoast-seo-premium-wordpress\/ -->\n<title>Cannes Classics 2024 - Faye : Un hommage \u00e9mouvant \u00e0 une ic\u00f4ne du cin\u00e9ma<\/title>\n<meta name=\"description\" content=\"Cannes Classics 2024 - Faye : Un hommage \u00e9mouvant \u00e0 une ic\u00f4ne du cin\u00e9ma\" \/>\n<link rel=\"canonical\" href=\"https:\/\/www.webdo.tn\/fr\/actualite\/culture\/cannes-classics-2024-faye-un-hommage-emouvant-a-une-icone-du-cinema\/214193\/\" \/>\n<meta property=\"og:locale\" content=\"fr_FR\" \/>\n<meta property=\"og:type\" content=\"article\" \/>\n<meta property=\"og:title\" content=\"Cannes Classics 2024 - &quot;Faye&quot; : Un hommage \u00e9mouvant \u00e0 une ic\u00f4ne du cin\u00e9ma\" \/>\n<meta property=\"og:description\" content=\"Cannes Classics 2024 - Faye : Un hommage \u00e9mouvant \u00e0 une ic\u00f4ne du cin\u00e9ma\" \/>\n<meta property=\"og:url\" content=\"https:\/\/www.webdo.tn\/fr\/actualite\/culture\/cannes-classics-2024-faye-un-hommage-emouvant-a-une-icone-du-cinema\/214193\/\" \/>\n<meta property=\"og:site_name\" content=\"webdo\" \/>\n<meta property=\"article:publisher\" content=\"https:\/\/www.facebook.com\/webdotn\" \/>\n<meta property=\"article:author\" content=\"https:\/\/www.facebook.com\/massir.destiniii\/\" \/>\n<meta property=\"article:published_time\" content=\"2024-05-16T09:34:00+00:00\" \/>\n<meta property=\"article:modified_time\" content=\"2025-05-21T08:55:49+00:00\" \/>\n<meta property=\"og:image\" content=\"https:\/\/www.webdo.tn\/fr\/wp-content\/uploads\/2024\/05\/44baeead84b8713e8e05299c5c54baed.webp\" \/>\n\t<meta property=\"og:image:width\" content=\"750\" \/>\n\t<meta property=\"og:image:height\" content=\"400\" \/>\n\t<meta property=\"og:image:type\" content=\"image\/webp\" \/>\n<meta name=\"author\" content=\"Ne\u00efla DRISS\" \/>\n<meta name=\"twitter:card\" content=\"summary_large_image\" \/>\n<meta name=\"twitter:creator\" content=\"@https:\/\/x.com\/MassirDestin\" \/>\n<meta name=\"twitter:site\" content=\"@webdo_tn\" \/>\n<meta name=\"twitter:label1\" content=\"\u00c9crit par\" \/>\n\t<meta name=\"twitter:data1\" content=\"Ne\u00efla DRISS\" \/>\n\t<meta name=\"twitter:label2\" content=\"Dur\u00e9e de lecture estim\u00e9e\" \/>\n\t<meta name=\"twitter:data2\" content=\"5 minutes\" \/>\n<script type=\"application\/ld+json\" class=\"yoast-schema-graph\">{\"@context\":\"https:\\\/\\\/schema.org\",\"@graph\":[{\"@type\":\"NewsArticle\",\"@id\":\"https:\\\/\\\/www.webdo.tn\\\/fr\\\/actualite\\\/culture\\\/cannes-classics-2024-faye-un-hommage-emouvant-a-une-icone-du-cinema\\\/214193\\\/#article\",\"isPartOf\":{\"@id\":\"https:\\\/\\\/www.webdo.tn\\\/fr\\\/actualite\\\/culture\\\/cannes-classics-2024-faye-un-hommage-emouvant-a-une-icone-du-cinema\\\/214193\\\/\"},\"author\":{\"name\":\"Ne\u00efla DRISS\",\"@id\":\"https:\\\/\\\/www.webdo.tn\\\/fr\\\/#\\\/schema\\\/person\\\/60d5ba619ed3f58783b0dc82b7dada80\"},\"headline\":\"Cannes Classics 2024 &#8211; \u00ab\u00a0Faye\u00a0\u00bb : Un hommage \u00e9mouvant \u00e0 une ic\u00f4ne du cin\u00e9ma\",\"datePublished\":\"2024-05-16T09:34:00+00:00\",\"dateModified\":\"2025-05-21T08:55:49+00:00\",\"mainEntityOfPage\":{\"@id\":\"https:\\\/\\\/www.webdo.tn\\\/fr\\\/actualite\\\/culture\\\/cannes-classics-2024-faye-un-hommage-emouvant-a-une-icone-du-cinema\\\/214193\\\/\"},\"wordCount\":1148,\"commentCount\":0,\"publisher\":{\"@id\":\"https:\\\/\\\/www.webdo.tn\\\/fr\\\/#organization\"},\"image\":{\"@id\":\"https:\\\/\\\/www.webdo.tn\\\/fr\\\/actualite\\\/culture\\\/cannes-classics-2024-faye-un-hommage-emouvant-a-une-icone-du-cinema\\\/214193\\\/#primaryimage\"},\"thumbnailUrl\":\"https:\\\/\\\/www.webdo.tn\\\/fr\\\/wp-content\\\/uploads\\\/2024\\\/05\\\/44baeead84b8713e8e05299c5c54baed.webp\",\"keywords\":[\"Cannes 2024\",\"Cannes Classics\",\"Faye Dunaway\",\"Festival de Cannes\"],\"articleSection\":[\"Culture\"],\"inLanguage\":\"fr-FR\"},{\"@type\":\"WebPage\",\"@id\":\"https:\\\/\\\/www.webdo.tn\\\/fr\\\/actualite\\\/culture\\\/cannes-classics-2024-faye-un-hommage-emouvant-a-une-icone-du-cinema\\\/214193\\\/\",\"url\":\"https:\\\/\\\/www.webdo.tn\\\/fr\\\/actualite\\\/culture\\\/cannes-classics-2024-faye-un-hommage-emouvant-a-une-icone-du-cinema\\\/214193\\\/\",\"name\":\"Cannes Classics 2024 - Faye : Un hommage \u00e9mouvant \u00e0 une ic\u00f4ne du cin\u00e9ma\",\"isPartOf\":{\"@id\":\"https:\\\/\\\/www.webdo.tn\\\/fr\\\/#website\"},\"primaryImageOfPage\":{\"@id\":\"https:\\\/\\\/www.webdo.tn\\\/fr\\\/actualite\\\/culture\\\/cannes-classics-2024-faye-un-hommage-emouvant-a-une-icone-du-cinema\\\/214193\\\/#primaryimage\"},\"image\":{\"@id\":\"https:\\\/\\\/www.webdo.tn\\\/fr\\\/actualite\\\/culture\\\/cannes-classics-2024-faye-un-hommage-emouvant-a-une-icone-du-cinema\\\/214193\\\/#primaryimage\"},\"thumbnailUrl\":\"https:\\\/\\\/www.webdo.tn\\\/fr\\\/wp-content\\\/uploads\\\/2024\\\/05\\\/44baeead84b8713e8e05299c5c54baed.webp\",\"datePublished\":\"2024-05-16T09:34:00+00:00\",\"dateModified\":\"2025-05-21T08:55:49+00:00\",\"description\":\"Cannes Classics 2024 - Faye : Un hommage \u00e9mouvant \u00e0 une ic\u00f4ne du cin\u00e9ma\",\"breadcrumb\":{\"@id\":\"https:\\\/\\\/www.webdo.tn\\\/fr\\\/actualite\\\/culture\\\/cannes-classics-2024-faye-un-hommage-emouvant-a-une-icone-du-cinema\\\/214193\\\/#breadcrumb\"},\"inLanguage\":\"fr-FR\",\"potentialAction\":[{\"@type\":\"ReadAction\",\"target\":[\"https:\\\/\\\/www.webdo.tn\\\/fr\\\/actualite\\\/culture\\\/cannes-classics-2024-faye-un-hommage-emouvant-a-une-icone-du-cinema\\\/214193\\\/\"]}]},{\"@type\":\"ImageObject\",\"inLanguage\":\"fr-FR\",\"@id\":\"https:\\\/\\\/www.webdo.tn\\\/fr\\\/actualite\\\/culture\\\/cannes-classics-2024-faye-un-hommage-emouvant-a-une-icone-du-cinema\\\/214193\\\/#primaryimage\",\"url\":\"https:\\\/\\\/www.webdo.tn\\\/fr\\\/wp-content\\\/uploads\\\/2024\\\/05\\\/44baeead84b8713e8e05299c5c54baed.webp\",\"contentUrl\":\"https:\\\/\\\/www.webdo.tn\\\/fr\\\/wp-content\\\/uploads\\\/2024\\\/05\\\/44baeead84b8713e8e05299c5c54baed.webp\",\"width\":750,\"height\":400,\"caption\":\"Cannes Classics 2024 - \\\"Faye\\\" : Un hommage \u00e9mouvant \u00e0 une ic\u00f4ne du cin\u00e9ma\"},{\"@type\":\"BreadcrumbList\",\"@id\":\"https:\\\/\\\/www.webdo.tn\\\/fr\\\/actualite\\\/culture\\\/cannes-classics-2024-faye-un-hommage-emouvant-a-une-icone-du-cinema\\\/214193\\\/#breadcrumb\",\"itemListElement\":[{\"@type\":\"ListItem\",\"position\":1,\"name\":\"Accueil\",\"item\":\"https:\\\/\\\/www.webdo.tn\\\/fr\\\/\"},{\"@type\":\"ListItem\",\"position\":2,\"name\":\"Cannes Classics 2024 &#8211; \u00ab\u00a0Faye\u00a0\u00bb : Un hommage \u00e9mouvant \u00e0 une ic\u00f4ne du cin\u00e9ma\"}]},{\"@type\":\"WebSite\",\"@id\":\"https:\\\/\\\/www.webdo.tn\\\/fr\\\/#website\",\"url\":\"https:\\\/\\\/www.webdo.tn\\\/fr\\\/\",\"name\":\"webdo\",\"description\":\"Tunisie - News en Tunisie et \u00e0 l&#039;international sur Webdo.tn\",\"publisher\":{\"@id\":\"https:\\\/\\\/www.webdo.tn\\\/fr\\\/#organization\"},\"potentialAction\":[{\"@type\":\"SearchAction\",\"target\":{\"@type\":\"EntryPoint\",\"urlTemplate\":\"https:\\\/\\\/www.webdo.tn\\\/fr\\\/?s={search_term_string}\"},\"query-input\":{\"@type\":\"PropertyValueSpecification\",\"valueRequired\":true,\"valueName\":\"search_term_string\"}}],\"inLanguage\":\"fr-FR\"},{\"@type\":\"Organization\",\"@id\":\"https:\\\/\\\/www.webdo.tn\\\/fr\\\/#organization\",\"name\":\"Webdo\",\"alternateName\":\"Webdo.tn\",\"url\":\"https:\\\/\\\/www.webdo.tn\\\/fr\\\/\",\"logo\":{\"@type\":\"ImageObject\",\"inLanguage\":\"fr-FR\",\"@id\":\"https:\\\/\\\/www.webdo.tn\\\/fr\\\/#\\\/schema\\\/logo\\\/image\\\/\",\"url\":\"https:\\\/\\\/www.webdo.tn\\\/fr\\\/wp-content\\\/uploads\\\/2025\\\/06\\\/Webdo-Tunisie_168377.jpg\",\"contentUrl\":\"https:\\\/\\\/www.webdo.tn\\\/fr\\\/wp-content\\\/uploads\\\/2025\\\/06\\\/Webdo-Tunisie_168377.jpg\",\"width\":301,\"height\":301,\"caption\":\"Webdo\"},\"image\":{\"@id\":\"https:\\\/\\\/www.webdo.tn\\\/fr\\\/#\\\/schema\\\/logo\\\/image\\\/\"},\"sameAs\":[\"https:\\\/\\\/www.facebook.com\\\/webdotn\",\"https:\\\/\\\/x.com\\\/webdo_tn\"],\"description\":\"Webdo est un m\u00e9dia num\u00e9rique tunisien fond\u00e9 en 2010, sp\u00e9cialis\u00e9 dans l\u2019actualit\u00e9 nationale et internationale, l\u2019\u00e9conomie, la soci\u00e9t\u00e9 et les analyses politiques. Le site s\u2019adresse \u00e0 un large public francophone et couvre l\u2019information tunisienne en temps r\u00e9el.\",\"email\":\"redac@webdo.tn\",\"legalName\":\"YNJ SARL\",\"foundingDate\":\"2010-09-06\",\"numberOfEmployees\":{\"@type\":\"QuantitativeValue\",\"minValue\":\"11\",\"maxValue\":\"50\"}},{\"@type\":\"Person\",\"@id\":\"https:\\\/\\\/www.webdo.tn\\\/fr\\\/#\\\/schema\\\/person\\\/60d5ba619ed3f58783b0dc82b7dada80\",\"name\":\"Ne\u00efla DRISS\",\"image\":{\"@type\":\"ImageObject\",\"inLanguage\":\"fr-FR\",\"@id\":\"https:\\\/\\\/www.webdo.tn\\\/fr\\\/wp-content\\\/uploads\\\/2026\\\/04\\\/neila-driss_avatar-96x96.jpg\",\"url\":\"https:\\\/\\\/www.webdo.tn\\\/fr\\\/wp-content\\\/uploads\\\/2026\\\/04\\\/neila-driss_avatar-96x96.jpg\",\"contentUrl\":\"https:\\\/\\\/www.webdo.tn\\\/fr\\\/wp-content\\\/uploads\\\/2026\\\/04\\\/neila-driss_avatar-96x96.jpg\",\"caption\":\"Ne\u00efla DRISS\"},\"description\":\"Ne\u00efla Driss est juriste, journaliste culturelle et critique de cin\u00e9ma tunisienne. Titulaire d\u2019un DEA en droit priv\u00e9 de l\u2019Universit\u00e9 Paris II et d\u2019un DESS de l\u2019IHEC Carthage, elle d\u00e9bute sa carri\u00e8re comme juriste sp\u00e9cialis\u00e9e en gestion de patrimoine immobilier. Elle s\u2019oriente ensuite vers l\u2019\u00e9criture en ligne, o\u00f9 elle se distingue d\u00e8s 2006 aux Tunisia Blog Awards, avant de se consacrer au journalisme culturel, avec une sp\u00e9cialisation dans la critique cin\u00e9matographique. Elle couvre r\u00e9guli\u00e8rement les grands festivals internationaux, notamment le Festival de Cannes, les Journ\u00e9es Cin\u00e9matographiques de Carthage et le Festival du film du Caire. Membre de l\u2019ATPCC et de la FIPRESCI, elle participe \u00e0 des jurys et initiatives internationales de critique. Depuis 2024, elle est \u00e9lectrice internationale aux Golden Globes. Facebook : https:\\\/\\\/www.facebook.com\\\/massir.destiniii\\\/ X : https:\\\/\\\/x.com\\\/MassirDestin\",\"sameAs\":[\"https:\\\/\\\/www.facebook.com\\\/massir.destiniii\\\/\",\"https:\\\/\\\/www.instagram.com\\\/neila.driss\\\/?hl=fr\",\"https:\\\/\\\/www.linkedin.com\\\/in\\\/neila-driss-22606a80\\\/\",\"https:\\\/\\\/x.com\\\/https:\\\/\\\/x.com\\\/MassirDestin\"],\"knowsAbout\":[\"Cin\u00e9ma international\",\"critique cin\u00e9matographique\",\"festivals de cin\u00e9ma\",\"journalisme culturel\"],\"knowsLanguage\":[\"Fran\u00e7ais\",\"Arabe\",\"Anglais\"],\"jobTitle\":\"Journaliste culturelle et critique de cin\u00e9ma\",\"worksFor\":\"Webdo\",\"url\":\"https:\\\/\\\/www.webdo.tn\\\/fr\\\/actualite\\\/author\\\/neila-driss\\\/\"}]}<\/script>\n<!-- \/ Yoast SEO Premium plugin. -->","yoast_head_json":{"title":"Cannes Classics 2024 - Faye : Un hommage \u00e9mouvant \u00e0 une ic\u00f4ne du cin\u00e9ma","description":"Cannes Classics 2024 - Faye : Un hommage \u00e9mouvant \u00e0 une ic\u00f4ne du cin\u00e9ma","canonical":"https:\/\/www.webdo.tn\/fr\/actualite\/culture\/cannes-classics-2024-faye-un-hommage-emouvant-a-une-icone-du-cinema\/214193\/","og_locale":"fr_FR","og_type":"article","og_title":"Cannes Classics 2024 - \"Faye\" : Un hommage \u00e9mouvant \u00e0 une ic\u00f4ne du cin\u00e9ma","og_description":"Cannes Classics 2024 - Faye : Un hommage \u00e9mouvant \u00e0 une ic\u00f4ne du cin\u00e9ma","og_url":"https:\/\/www.webdo.tn\/fr\/actualite\/culture\/cannes-classics-2024-faye-un-hommage-emouvant-a-une-icone-du-cinema\/214193\/","og_site_name":"webdo","article_publisher":"https:\/\/www.facebook.com\/webdotn","article_author":"https:\/\/www.facebook.com\/massir.destiniii\/","article_published_time":"2024-05-16T09:34:00+00:00","article_modified_time":"2025-05-21T08:55:49+00:00","og_image":[{"width":750,"height":400,"url":"https:\/\/www.webdo.tn\/fr\/wp-content\/uploads\/2024\/05\/44baeead84b8713e8e05299c5c54baed.webp","type":"image\/webp"}],"author":"Ne\u00efla DRISS","twitter_card":"summary_large_image","twitter_creator":"@https:\/\/x.com\/MassirDestin","twitter_site":"@webdo_tn","twitter_misc":{"\u00c9crit par":"Ne\u00efla DRISS","Dur\u00e9e de lecture estim\u00e9e":"5 minutes"},"schema":{"@context":"https:\/\/schema.org","@graph":[{"@type":"NewsArticle","@id":"https:\/\/www.webdo.tn\/fr\/actualite\/culture\/cannes-classics-2024-faye-un-hommage-emouvant-a-une-icone-du-cinema\/214193\/#article","isPartOf":{"@id":"https:\/\/www.webdo.tn\/fr\/actualite\/culture\/cannes-classics-2024-faye-un-hommage-emouvant-a-une-icone-du-cinema\/214193\/"},"author":{"name":"Ne\u00efla DRISS","@id":"https:\/\/www.webdo.tn\/fr\/#\/schema\/person\/60d5ba619ed3f58783b0dc82b7dada80"},"headline":"Cannes Classics 2024 &#8211; \u00ab\u00a0Faye\u00a0\u00bb : Un hommage \u00e9mouvant \u00e0 une ic\u00f4ne du cin\u00e9ma","datePublished":"2024-05-16T09:34:00+00:00","dateModified":"2025-05-21T08:55:49+00:00","mainEntityOfPage":{"@id":"https:\/\/www.webdo.tn\/fr\/actualite\/culture\/cannes-classics-2024-faye-un-hommage-emouvant-a-une-icone-du-cinema\/214193\/"},"wordCount":1148,"commentCount":0,"publisher":{"@id":"https:\/\/www.webdo.tn\/fr\/#organization"},"image":{"@id":"https:\/\/www.webdo.tn\/fr\/actualite\/culture\/cannes-classics-2024-faye-un-hommage-emouvant-a-une-icone-du-cinema\/214193\/#primaryimage"},"thumbnailUrl":"https:\/\/www.webdo.tn\/fr\/wp-content\/uploads\/2024\/05\/44baeead84b8713e8e05299c5c54baed.webp","keywords":["Cannes 2024","Cannes Classics","Faye Dunaway","Festival de Cannes"],"articleSection":["Culture"],"inLanguage":"fr-FR"},{"@type":"WebPage","@id":"https:\/\/www.webdo.tn\/fr\/actualite\/culture\/cannes-classics-2024-faye-un-hommage-emouvant-a-une-icone-du-cinema\/214193\/","url":"https:\/\/www.webdo.tn\/fr\/actualite\/culture\/cannes-classics-2024-faye-un-hommage-emouvant-a-une-icone-du-cinema\/214193\/","name":"Cannes Classics 2024 - Faye : Un hommage \u00e9mouvant \u00e0 une ic\u00f4ne du cin\u00e9ma","isPartOf":{"@id":"https:\/\/www.webdo.tn\/fr\/#website"},"primaryImageOfPage":{"@id":"https:\/\/www.webdo.tn\/fr\/actualite\/culture\/cannes-classics-2024-faye-un-hommage-emouvant-a-une-icone-du-cinema\/214193\/#primaryimage"},"image":{"@id":"https:\/\/www.webdo.tn\/fr\/actualite\/culture\/cannes-classics-2024-faye-un-hommage-emouvant-a-une-icone-du-cinema\/214193\/#primaryimage"},"thumbnailUrl":"https:\/\/www.webdo.tn\/fr\/wp-content\/uploads\/2024\/05\/44baeead84b8713e8e05299c5c54baed.webp","datePublished":"2024-05-16T09:34:00+00:00","dateModified":"2025-05-21T08:55:49+00:00","description":"Cannes Classics 2024 - Faye : Un hommage \u00e9mouvant \u00e0 une ic\u00f4ne du cin\u00e9ma","breadcrumb":{"@id":"https:\/\/www.webdo.tn\/fr\/actualite\/culture\/cannes-classics-2024-faye-un-hommage-emouvant-a-une-icone-du-cinema\/214193\/#breadcrumb"},"inLanguage":"fr-FR","potentialAction":[{"@type":"ReadAction","target":["https:\/\/www.webdo.tn\/fr\/actualite\/culture\/cannes-classics-2024-faye-un-hommage-emouvant-a-une-icone-du-cinema\/214193\/"]}]},{"@type":"ImageObject","inLanguage":"fr-FR","@id":"https:\/\/www.webdo.tn\/fr\/actualite\/culture\/cannes-classics-2024-faye-un-hommage-emouvant-a-une-icone-du-cinema\/214193\/#primaryimage","url":"https:\/\/www.webdo.tn\/fr\/wp-content\/uploads\/2024\/05\/44baeead84b8713e8e05299c5c54baed.webp","contentUrl":"https:\/\/www.webdo.tn\/fr\/wp-content\/uploads\/2024\/05\/44baeead84b8713e8e05299c5c54baed.webp","width":750,"height":400,"caption":"Cannes Classics 2024 - \"Faye\" : Un hommage \u00e9mouvant \u00e0 une ic\u00f4ne du cin\u00e9ma"},{"@type":"BreadcrumbList","@id":"https:\/\/www.webdo.tn\/fr\/actualite\/culture\/cannes-classics-2024-faye-un-hommage-emouvant-a-une-icone-du-cinema\/214193\/#breadcrumb","itemListElement":[{"@type":"ListItem","position":1,"name":"Accueil","item":"https:\/\/www.webdo.tn\/fr\/"},{"@type":"ListItem","position":2,"name":"Cannes Classics 2024 &#8211; \u00ab\u00a0Faye\u00a0\u00bb : Un hommage \u00e9mouvant \u00e0 une ic\u00f4ne du cin\u00e9ma"}]},{"@type":"WebSite","@id":"https:\/\/www.webdo.tn\/fr\/#website","url":"https:\/\/www.webdo.tn\/fr\/","name":"webdo","description":"Tunisie - News en Tunisie et \u00e0 l&#039;international sur Webdo.tn","publisher":{"@id":"https:\/\/www.webdo.tn\/fr\/#organization"},"potentialAction":[{"@type":"SearchAction","target":{"@type":"EntryPoint","urlTemplate":"https:\/\/www.webdo.tn\/fr\/?s={search_term_string}"},"query-input":{"@type":"PropertyValueSpecification","valueRequired":true,"valueName":"search_term_string"}}],"inLanguage":"fr-FR"},{"@type":"Organization","@id":"https:\/\/www.webdo.tn\/fr\/#organization","name":"Webdo","alternateName":"Webdo.tn","url":"https:\/\/www.webdo.tn\/fr\/","logo":{"@type":"ImageObject","inLanguage":"fr-FR","@id":"https:\/\/www.webdo.tn\/fr\/#\/schema\/logo\/image\/","url":"https:\/\/www.webdo.tn\/fr\/wp-content\/uploads\/2025\/06\/Webdo-Tunisie_168377.jpg","contentUrl":"https:\/\/www.webdo.tn\/fr\/wp-content\/uploads\/2025\/06\/Webdo-Tunisie_168377.jpg","width":301,"height":301,"caption":"Webdo"},"image":{"@id":"https:\/\/www.webdo.tn\/fr\/#\/schema\/logo\/image\/"},"sameAs":["https:\/\/www.facebook.com\/webdotn","https:\/\/x.com\/webdo_tn"],"description":"Webdo est un m\u00e9dia num\u00e9rique tunisien fond\u00e9 en 2010, sp\u00e9cialis\u00e9 dans l\u2019actualit\u00e9 nationale et internationale, l\u2019\u00e9conomie, la soci\u00e9t\u00e9 et les analyses politiques. Le site s\u2019adresse \u00e0 un large public francophone et couvre l\u2019information tunisienne en temps r\u00e9el.","email":"redac@webdo.tn","legalName":"YNJ SARL","foundingDate":"2010-09-06","numberOfEmployees":{"@type":"QuantitativeValue","minValue":"11","maxValue":"50"}},{"@type":"Person","@id":"https:\/\/www.webdo.tn\/fr\/#\/schema\/person\/60d5ba619ed3f58783b0dc82b7dada80","name":"Ne\u00efla DRISS","image":{"@type":"ImageObject","inLanguage":"fr-FR","@id":"https:\/\/www.webdo.tn\/fr\/wp-content\/uploads\/2026\/04\/neila-driss_avatar-96x96.jpg","url":"https:\/\/www.webdo.tn\/fr\/wp-content\/uploads\/2026\/04\/neila-driss_avatar-96x96.jpg","contentUrl":"https:\/\/www.webdo.tn\/fr\/wp-content\/uploads\/2026\/04\/neila-driss_avatar-96x96.jpg","caption":"Ne\u00efla DRISS"},"description":"Ne\u00efla Driss est juriste, journaliste culturelle et critique de cin\u00e9ma tunisienne. Titulaire d\u2019un DEA en droit priv\u00e9 de l\u2019Universit\u00e9 Paris II et d\u2019un DESS de l\u2019IHEC Carthage, elle d\u00e9bute sa carri\u00e8re comme juriste sp\u00e9cialis\u00e9e en gestion de patrimoine immobilier. Elle s\u2019oriente ensuite vers l\u2019\u00e9criture en ligne, o\u00f9 elle se distingue d\u00e8s 2006 aux Tunisia Blog Awards, avant de se consacrer au journalisme culturel, avec une sp\u00e9cialisation dans la critique cin\u00e9matographique. Elle couvre r\u00e9guli\u00e8rement les grands festivals internationaux, notamment le Festival de Cannes, les Journ\u00e9es Cin\u00e9matographiques de Carthage et le Festival du film du Caire. Membre de l\u2019ATPCC et de la FIPRESCI, elle participe \u00e0 des jurys et initiatives internationales de critique. Depuis 2024, elle est \u00e9lectrice internationale aux Golden Globes. Facebook : https:\/\/www.facebook.com\/massir.destiniii\/ X : https:\/\/x.com\/MassirDestin","sameAs":["https:\/\/www.facebook.com\/massir.destiniii\/","https:\/\/www.instagram.com\/neila.driss\/?hl=fr","https:\/\/www.linkedin.com\/in\/neila-driss-22606a80\/","https:\/\/x.com\/https:\/\/x.com\/MassirDestin"],"knowsAbout":["Cin\u00e9ma international","critique cin\u00e9matographique","festivals de cin\u00e9ma","journalisme culturel"],"knowsLanguage":["Fran\u00e7ais","Arabe","Anglais"],"jobTitle":"Journaliste culturelle et critique de cin\u00e9ma","worksFor":"Webdo","url":"https:\/\/www.webdo.tn\/fr\/actualite\/author\/neila-driss\/"}]}},"_links":{"self":[{"href":"https:\/\/www.webdo.tn\/fr\/wp-json\/wp\/v2\/posts\/214193","targetHints":{"allow":["GET"]}}],"collection":[{"href":"https:\/\/www.webdo.tn\/fr\/wp-json\/wp\/v2\/posts"}],"about":[{"href":"https:\/\/www.webdo.tn\/fr\/wp-json\/wp\/v2\/types\/post"}],"author":[{"embeddable":true,"href":"https:\/\/www.webdo.tn\/fr\/wp-json\/wp\/v2\/users\/3164"}],"replies":[{"embeddable":true,"href":"https:\/\/www.webdo.tn\/fr\/wp-json\/wp\/v2\/comments?post=214193"}],"version-history":[{"count":0,"href":"https:\/\/www.webdo.tn\/fr\/wp-json\/wp\/v2\/posts\/214193\/revisions"}],"wp:featuredmedia":[{"embeddable":true,"href":"https:\/\/www.webdo.tn\/fr\/wp-json\/wp\/v2\/media\/247381"}],"wp:attachment":[{"href":"https:\/\/www.webdo.tn\/fr\/wp-json\/wp\/v2\/media?parent=214193"}],"wp:term":[{"taxonomy":"category","embeddable":true,"href":"https:\/\/www.webdo.tn\/fr\/wp-json\/wp\/v2\/categories?post=214193"},{"taxonomy":"post_tag","embeddable":true,"href":"https:\/\/www.webdo.tn\/fr\/wp-json\/wp\/v2\/tags?post=214193"}],"curies":[{"name":"wp","href":"https:\/\/api.w.org\/{rel}","templated":true}]}}