{"id":214188,"date":"2024-05-16T06:13:00","date_gmt":"2024-05-16T06:13:00","guid":{"rendered":"https:\/\/www.webdo.tn\/fr\/blog\/kais-saied-met-en-garde-contre-les-ingerences-exterieures\/214188\/"},"modified":"2025-05-20T22:31:46","modified_gmt":"2025-05-20T22:31:46","slug":"kais-saied-met-en-garde-contre-les-ingerences-exterieures","status":"publish","type":"post","link":"https:\/\/www.webdo.tn\/fr\/actualite\/national\/kais-saied-met-en-garde-contre-les-ingerences-exterieures\/214188\/","title":{"rendered":"Ka\u00efs Sa\u00efed met en garde contre les ing\u00e9rences ext\u00e9rieures"},"content":{"rendered":"<p>Le mercredi 15 mai 2024, le Pr\u00e9sident de la R\u00e9publique, Ka\u00efs Sa\u00efed, a re\u00e7u au Palais de Carthage M. Munir Ben Rejiba, Secr\u00e9taire d&rsquo;\u00c9tat aupr\u00e8s du Ministre des Affaires \u00c9trang\u00e8res, de l&rsquo;Immigration et des Tunisiens \u00e0 l&rsquo;\u00c9tranger, et l&rsquo;a charg\u00e9 de convoquer un certain nombre d&rsquo;ambassadeurs \u00e9trangers accr\u00e9dit\u00e9s dans notre pays pour leur notifier la protestation de la Tunisie contre l&rsquo;ing\u00e9rence \u00e9trang\u00e8re dans ses affaires int\u00e9rieures.<\/p>\n<p>\t\t\t\t\t\t\t\t\tM. Ben Rejiba a en effet \u00e9t\u00e9 charg\u00e9 de convoquer dans les plus brefs d\u00e9lais les ambassadeurs des pays \u00e9trangers accr\u00e9dit\u00e9s en Tunisie, ainsi que les repr\u00e9sentants d&rsquo;organisations internationales pr\u00e9sentes sur le territoire. L&rsquo;objectif? Leur notifier solennellement la protestation ferme de la Tunisie face aux ing\u00e9rences ext\u00e9rieures r\u00e9centes dans les affaires int\u00e9rieures du pays.<\/p>\n<p>Lors de cette r\u00e9union au sommet, le Pr\u00e9sident Sa\u00efed a rappel\u00e9 un principe fondamental inscrit dans le pr\u00e9ambule m\u00eame de la Constitution tunisienne: le peuple tunisien refuse cat\u00e9goriquement toute ing\u00e9rence ext\u00e9rieure dans la conduite de ses affaires nationales. Une souverainet\u00e9 intangible que Ka\u00efs Sa\u00efed a tenu \u00e0 r\u00e9affirmer avec force.<\/p>\n<p>Dans des propos fermes, le Chef de l&rsquo;\u00c9tat a d\u00e9nonc\u00e9 les \u00ab\u00a0ing\u00e9rences flagrantes et inacceptables\u00a0\u00bb commises selon lui par certaines nations et organisations \u00e9trang\u00e8res. Il a insist\u00e9 sur l&rsquo;attachement ind\u00e9fectible de la Tunisie \u00e0 son ind\u00e9pendance et \u00e0 sa souverainet\u00e9, soulignant que la Tunisie elle-m\u00eame ne s&rsquo;ing\u00e9rait jamais dans les affaires int\u00e9rieures d&rsquo;autres pays.<\/p>\n<p>Le Pr\u00e9sident n&rsquo;a pas manqu\u00e9 de fustiger les atteintes aux libert\u00e9s d&rsquo;expression subies, selon lui, par des opposants emprisonn\u00e9s ou priv\u00e9s de leurs dipl\u00f4mes pour avoir d\u00e9nonc\u00e9 les guerres men\u00e9es contre le peuple palestinien. Une r\u00e9f\u00e9rence au sort r\u00e9serv\u00e9 \u00e0 certains militants pro-palestiniens dans diverses nations \u00e9trang\u00e8res.<\/p>\n<p>Ka\u00efs Sa\u00efed a martel\u00e9 que la Tunisie, pays souverain, ne troublait la qui\u00e9tude de personne et n&rsquo;entendait pas se laisser dicter sa conduite par des puissances \u00e9trang\u00e8res, quelles qu&rsquo;elles soient. Appelant \u00e0 l&rsquo;application des lois, il a lanc\u00e9 une mise en garde cinglante contre ceux qui choisiraient \u00ab\u00a0la trahison et l&rsquo;agression\u00a0\u00bb envers l&rsquo;\u00c9tat tunisien.<\/p>\n","protected":false},"excerpt":{"rendered":"<p>Pr\u00e9sident Ka\u00efs Sa\u00efed a charg\u00e9 pour convoquer les ambassadeurs \u00e9trangers pour protester contre les ing\u00e9rences ext\u00e9rieures dans les affaires internes de la Tunisi&#8230;<\/p>\n","protected":false},"author":3169,"featured_media":247377,"comment_status":"open","ping_status":"closed","sticky":false,"template":"","format":"standard","meta":{"footnotes":""},"categories":[44],"tags":[5121,2990,6499,6500,2608],"class_list":["post-214188","post","type-post","status-publish","format-standard","has-post-thumbnail","hentry","category-national","tag-ambassadeurs","tag-diplomatie","tag-ingerences","tag-souverainete-nationale","tag-tunisie"],"yoast_head":"<!-- This site is optimized with the Yoast SEO Premium plugin v27.5 (Yoast SEO v27.5) - https:\/\/yoast.com\/product\/yoast-seo-premium-wordpress\/ -->\n<title>Ka\u00efs Sa\u00efed met en garde contre les ing\u00e9rences ext\u00e9rieures<\/title>\n<meta name=\"description\" content=\"Pr\u00e9sident Ka\u00efs Sa\u00efed a charg\u00e9 pour convoquer les ambassadeurs \u00e9trangers pour protester contre les ing\u00e9rences ext\u00e9rieures dans les affaires internes de la Tunisi...\" \/>\n<link rel=\"canonical\" href=\"https:\/\/www.webdo.tn\/fr\/actualite\/national\/kais-saied-met-en-garde-contre-les-ingerences-exterieures\/214188\/\" \/>\n<meta property=\"og:locale\" content=\"fr_FR\" \/>\n<meta property=\"og:type\" content=\"article\" \/>\n<meta property=\"og:title\" content=\"Ka\u00efs Sa\u00efed met en garde contre les ing\u00e9rences ext\u00e9rieures\" \/>\n<meta property=\"og:description\" content=\"Pr\u00e9sident Ka\u00efs Sa\u00efed a charg\u00e9 pour convoquer les ambassadeurs \u00e9trangers pour protester contre les ing\u00e9rences ext\u00e9rieures dans les affaires internes de la Tunisi...\" \/>\n<meta property=\"og:url\" content=\"https:\/\/www.webdo.tn\/fr\/actualite\/national\/kais-saied-met-en-garde-contre-les-ingerences-exterieures\/214188\/\" \/>\n<meta property=\"og:site_name\" content=\"webdo\" \/>\n<meta property=\"article:publisher\" content=\"https:\/\/www.facebook.com\/webdotn\" \/>\n<meta property=\"article:published_time\" content=\"2024-05-16T06:13:00+00:00\" \/>\n<meta property=\"article:modified_time\" content=\"2025-05-20T22:31:46+00:00\" \/>\n<meta property=\"og:image\" content=\"https:\/\/www.webdo.tn\/fr\/wp-content\/uploads\/2024\/05\/183867af1ae10bc25c212e13bf514080.webp\" \/>\n\t<meta property=\"og:image:width\" content=\"750\" \/>\n\t<meta property=\"og:image:height\" content=\"400\" \/>\n\t<meta property=\"og:image:type\" content=\"image\/webp\" \/>\n<meta name=\"author\" content=\"Webdo\" \/>\n<meta name=\"twitter:card\" content=\"summary_large_image\" \/>\n<meta name=\"twitter:creator\" content=\"@webdo_tn\" \/>\n<meta name=\"twitter:site\" content=\"@webdo_tn\" \/>\n<meta name=\"twitter:label1\" content=\"\u00c9crit par\" \/>\n\t<meta name=\"twitter:data1\" content=\"Webdo\" \/>\n\t<meta name=\"twitter:label2\" content=\"Dur\u00e9e de lecture estim\u00e9e\" \/>\n\t<meta name=\"twitter:data2\" content=\"2 minutes\" \/>\n<script type=\"application\/ld+json\" class=\"yoast-schema-graph\">{\"@context\":\"https:\\\/\\\/schema.org\",\"@graph\":[{\"@type\":\"NewsArticle\",\"@id\":\"https:\\\/\\\/www.webdo.tn\\\/fr\\\/actualite\\\/national\\\/kais-saied-met-en-garde-contre-les-ingerences-exterieures\\\/214188\\\/#article\",\"isPartOf\":{\"@id\":\"https:\\\/\\\/www.webdo.tn\\\/fr\\\/actualite\\\/national\\\/kais-saied-met-en-garde-contre-les-ingerences-exterieures\\\/214188\\\/\"},\"author\":{\"name\":\"Webdo\",\"@id\":\"https:\\\/\\\/www.webdo.tn\\\/fr\\\/#\\\/schema\\\/person\\\/1f4e491e0907b413d61089e8eb573acc\"},\"headline\":\"Ka\u00efs Sa\u00efed met en garde contre les ing\u00e9rences ext\u00e9rieures\",\"datePublished\":\"2024-05-16T06:13:00+00:00\",\"dateModified\":\"2025-05-20T22:31:46+00:00\",\"mainEntityOfPage\":{\"@id\":\"https:\\\/\\\/www.webdo.tn\\\/fr\\\/actualite\\\/national\\\/kais-saied-met-en-garde-contre-les-ingerences-exterieures\\\/214188\\\/\"},\"wordCount\":405,\"commentCount\":0,\"publisher\":{\"@id\":\"https:\\\/\\\/www.webdo.tn\\\/fr\\\/#organization\"},\"image\":{\"@id\":\"https:\\\/\\\/www.webdo.tn\\\/fr\\\/actualite\\\/national\\\/kais-saied-met-en-garde-contre-les-ingerences-exterieures\\\/214188\\\/#primaryimage\"},\"thumbnailUrl\":\"https:\\\/\\\/www.webdo.tn\\\/fr\\\/wp-content\\\/uploads\\\/2024\\\/05\\\/183867af1ae10bc25c212e13bf514080.webp\",\"keywords\":[\"ambassadeurs\",\"Diplomatie\",\"ing\u00e9rences\",\"Souverainet\u00e9 Nationale\",\"Tunisie\"],\"articleSection\":[\"National\"],\"inLanguage\":\"fr-FR\"},{\"@type\":\"WebPage\",\"@id\":\"https:\\\/\\\/www.webdo.tn\\\/fr\\\/actualite\\\/national\\\/kais-saied-met-en-garde-contre-les-ingerences-exterieures\\\/214188\\\/\",\"url\":\"https:\\\/\\\/www.webdo.tn\\\/fr\\\/actualite\\\/national\\\/kais-saied-met-en-garde-contre-les-ingerences-exterieures\\\/214188\\\/\",\"name\":\"Ka\u00efs Sa\u00efed met en garde contre les ing\u00e9rences ext\u00e9rieures\",\"isPartOf\":{\"@id\":\"https:\\\/\\\/www.webdo.tn\\\/fr\\\/#website\"},\"primaryImageOfPage\":{\"@id\":\"https:\\\/\\\/www.webdo.tn\\\/fr\\\/actualite\\\/national\\\/kais-saied-met-en-garde-contre-les-ingerences-exterieures\\\/214188\\\/#primaryimage\"},\"image\":{\"@id\":\"https:\\\/\\\/www.webdo.tn\\\/fr\\\/actualite\\\/national\\\/kais-saied-met-en-garde-contre-les-ingerences-exterieures\\\/214188\\\/#primaryimage\"},\"thumbnailUrl\":\"https:\\\/\\\/www.webdo.tn\\\/fr\\\/wp-content\\\/uploads\\\/2024\\\/05\\\/183867af1ae10bc25c212e13bf514080.webp\",\"datePublished\":\"2024-05-16T06:13:00+00:00\",\"dateModified\":\"2025-05-20T22:31:46+00:00\",\"description\":\"Pr\u00e9sident Ka\u00efs Sa\u00efed a charg\u00e9 pour convoquer les ambassadeurs \u00e9trangers pour protester contre les ing\u00e9rences ext\u00e9rieures dans les affaires internes de la Tunisi...\",\"breadcrumb\":{\"@id\":\"https:\\\/\\\/www.webdo.tn\\\/fr\\\/actualite\\\/national\\\/kais-saied-met-en-garde-contre-les-ingerences-exterieures\\\/214188\\\/#breadcrumb\"},\"inLanguage\":\"fr-FR\",\"potentialAction\":[{\"@type\":\"ReadAction\",\"target\":[\"https:\\\/\\\/www.webdo.tn\\\/fr\\\/actualite\\\/national\\\/kais-saied-met-en-garde-contre-les-ingerences-exterieures\\\/214188\\\/\"]}]},{\"@type\":\"ImageObject\",\"inLanguage\":\"fr-FR\",\"@id\":\"https:\\\/\\\/www.webdo.tn\\\/fr\\\/actualite\\\/national\\\/kais-saied-met-en-garde-contre-les-ingerences-exterieures\\\/214188\\\/#primaryimage\",\"url\":\"https:\\\/\\\/www.webdo.tn\\\/fr\\\/wp-content\\\/uploads\\\/2024\\\/05\\\/183867af1ae10bc25c212e13bf514080.webp\",\"contentUrl\":\"https:\\\/\\\/www.webdo.tn\\\/fr\\\/wp-content\\\/uploads\\\/2024\\\/05\\\/183867af1ae10bc25c212e13bf514080.webp\",\"width\":750,\"height\":400,\"caption\":\"Ka\u00efs Sa\u00efed met en garde contre les ing\u00e9rences ext\u00e9rieures\"},{\"@type\":\"BreadcrumbList\",\"@id\":\"https:\\\/\\\/www.webdo.tn\\\/fr\\\/actualite\\\/national\\\/kais-saied-met-en-garde-contre-les-ingerences-exterieures\\\/214188\\\/#breadcrumb\",\"itemListElement\":[{\"@type\":\"ListItem\",\"position\":1,\"name\":\"Accueil\",\"item\":\"https:\\\/\\\/www.webdo.tn\\\/fr\\\/\"},{\"@type\":\"ListItem\",\"position\":2,\"name\":\"Ka\u00efs Sa\u00efed met en garde contre les ing\u00e9rences ext\u00e9rieures\"}]},{\"@type\":\"WebSite\",\"@id\":\"https:\\\/\\\/www.webdo.tn\\\/fr\\\/#website\",\"url\":\"https:\\\/\\\/www.webdo.tn\\\/fr\\\/\",\"name\":\"webdo\",\"description\":\"Tunisie - News en Tunisie et \u00e0 l&#039;international sur Webdo.tn\",\"publisher\":{\"@id\":\"https:\\\/\\\/www.webdo.tn\\\/fr\\\/#organization\"},\"potentialAction\":[{\"@type\":\"SearchAction\",\"target\":{\"@type\":\"EntryPoint\",\"urlTemplate\":\"https:\\\/\\\/www.webdo.tn\\\/fr\\\/?s={search_term_string}\"},\"query-input\":{\"@type\":\"PropertyValueSpecification\",\"valueRequired\":true,\"valueName\":\"search_term_string\"}}],\"inLanguage\":\"fr-FR\"},{\"@type\":\"Organization\",\"@id\":\"https:\\\/\\\/www.webdo.tn\\\/fr\\\/#organization\",\"name\":\"Webdo\",\"alternateName\":\"Webdo.tn\",\"url\":\"https:\\\/\\\/www.webdo.tn\\\/fr\\\/\",\"logo\":{\"@type\":\"ImageObject\",\"inLanguage\":\"fr-FR\",\"@id\":\"https:\\\/\\\/www.webdo.tn\\\/fr\\\/#\\\/schema\\\/logo\\\/image\\\/\",\"url\":\"https:\\\/\\\/www.webdo.tn\\\/fr\\\/wp-content\\\/uploads\\\/2025\\\/06\\\/Webdo-Tunisie_168377.jpg\",\"contentUrl\":\"https:\\\/\\\/www.webdo.tn\\\/fr\\\/wp-content\\\/uploads\\\/2025\\\/06\\\/Webdo-Tunisie_168377.jpg\",\"width\":301,\"height\":301,\"caption\":\"Webdo\"},\"image\":{\"@id\":\"https:\\\/\\\/www.webdo.tn\\\/fr\\\/#\\\/schema\\\/logo\\\/image\\\/\"},\"sameAs\":[\"https:\\\/\\\/www.facebook.com\\\/webdotn\",\"https:\\\/\\\/x.com\\\/webdo_tn\"],\"description\":\"Webdo est un m\u00e9dia num\u00e9rique tunisien fond\u00e9 en 2010, sp\u00e9cialis\u00e9 dans l\u2019actualit\u00e9 nationale et internationale, l\u2019\u00e9conomie, la soci\u00e9t\u00e9 et les analyses politiques. Le site s\u2019adresse \u00e0 un large public francophone et couvre l\u2019information tunisienne en temps r\u00e9el.\",\"email\":\"redac@webdo.tn\",\"legalName\":\"YNJ SARL\",\"foundingDate\":\"2010-09-06\",\"numberOfEmployees\":{\"@type\":\"QuantitativeValue\",\"minValue\":\"11\",\"maxValue\":\"50\"}},{\"@type\":\"Person\",\"@id\":\"https:\\\/\\\/www.webdo.tn\\\/fr\\\/#\\\/schema\\\/person\\\/1f4e491e0907b413d61089e8eb573acc\",\"name\":\"Webdo\",\"image\":{\"@type\":\"ImageObject\",\"inLanguage\":\"fr-FR\",\"@id\":\"https:\\\/\\\/secure.gravatar.com\\\/avatar\\\/de97aeec1bb80978a9dbb127e47dfc88aaacb2f3c29aac907d8d3222e3495d49?s=96&d=mm&r=g\",\"url\":\"https:\\\/\\\/secure.gravatar.com\\\/avatar\\\/de97aeec1bb80978a9dbb127e47dfc88aaacb2f3c29aac907d8d3222e3495d49?s=96&d=mm&r=g\",\"contentUrl\":\"https:\\\/\\\/secure.gravatar.com\\\/avatar\\\/de97aeec1bb80978a9dbb127e47dfc88aaacb2f3c29aac907d8d3222e3495d49?s=96&d=mm&r=g\",\"caption\":\"Webdo\"},\"url\":\"https:\\\/\\\/www.webdo.tn\\\/fr\\\/actualite\\\/author\\\/webdo\\\/\"}]}<\/script>\n<!-- \/ Yoast SEO Premium plugin. -->","yoast_head_json":{"title":"Ka\u00efs Sa\u00efed met en garde contre les ing\u00e9rences ext\u00e9rieures","description":"Pr\u00e9sident Ka\u00efs Sa\u00efed a charg\u00e9 pour convoquer les ambassadeurs \u00e9trangers pour protester contre les ing\u00e9rences ext\u00e9rieures dans les affaires internes de la Tunisi...","canonical":"https:\/\/www.webdo.tn\/fr\/actualite\/national\/kais-saied-met-en-garde-contre-les-ingerences-exterieures\/214188\/","og_locale":"fr_FR","og_type":"article","og_title":"Ka\u00efs Sa\u00efed met en garde contre les ing\u00e9rences ext\u00e9rieures","og_description":"Pr\u00e9sident Ka\u00efs Sa\u00efed a charg\u00e9 pour convoquer les ambassadeurs \u00e9trangers pour protester contre les ing\u00e9rences ext\u00e9rieures dans les affaires internes de la Tunisi...","og_url":"https:\/\/www.webdo.tn\/fr\/actualite\/national\/kais-saied-met-en-garde-contre-les-ingerences-exterieures\/214188\/","og_site_name":"webdo","article_publisher":"https:\/\/www.facebook.com\/webdotn","article_published_time":"2024-05-16T06:13:00+00:00","article_modified_time":"2025-05-20T22:31:46+00:00","og_image":[{"width":750,"height":400,"url":"https:\/\/www.webdo.tn\/fr\/wp-content\/uploads\/2024\/05\/183867af1ae10bc25c212e13bf514080.webp","type":"image\/webp"}],"author":"Webdo","twitter_card":"summary_large_image","twitter_creator":"@webdo_tn","twitter_site":"@webdo_tn","twitter_misc":{"\u00c9crit par":"Webdo","Dur\u00e9e de lecture estim\u00e9e":"2 minutes"},"schema":{"@context":"https:\/\/schema.org","@graph":[{"@type":"NewsArticle","@id":"https:\/\/www.webdo.tn\/fr\/actualite\/national\/kais-saied-met-en-garde-contre-les-ingerences-exterieures\/214188\/#article","isPartOf":{"@id":"https:\/\/www.webdo.tn\/fr\/actualite\/national\/kais-saied-met-en-garde-contre-les-ingerences-exterieures\/214188\/"},"author":{"name":"Webdo","@id":"https:\/\/www.webdo.tn\/fr\/#\/schema\/person\/1f4e491e0907b413d61089e8eb573acc"},"headline":"Ka\u00efs Sa\u00efed met en garde contre les ing\u00e9rences ext\u00e9rieures","datePublished":"2024-05-16T06:13:00+00:00","dateModified":"2025-05-20T22:31:46+00:00","mainEntityOfPage":{"@id":"https:\/\/www.webdo.tn\/fr\/actualite\/national\/kais-saied-met-en-garde-contre-les-ingerences-exterieures\/214188\/"},"wordCount":405,"commentCount":0,"publisher":{"@id":"https:\/\/www.webdo.tn\/fr\/#organization"},"image":{"@id":"https:\/\/www.webdo.tn\/fr\/actualite\/national\/kais-saied-met-en-garde-contre-les-ingerences-exterieures\/214188\/#primaryimage"},"thumbnailUrl":"https:\/\/www.webdo.tn\/fr\/wp-content\/uploads\/2024\/05\/183867af1ae10bc25c212e13bf514080.webp","keywords":["ambassadeurs","Diplomatie","ing\u00e9rences","Souverainet\u00e9 Nationale","Tunisie"],"articleSection":["National"],"inLanguage":"fr-FR"},{"@type":"WebPage","@id":"https:\/\/www.webdo.tn\/fr\/actualite\/national\/kais-saied-met-en-garde-contre-les-ingerences-exterieures\/214188\/","url":"https:\/\/www.webdo.tn\/fr\/actualite\/national\/kais-saied-met-en-garde-contre-les-ingerences-exterieures\/214188\/","name":"Ka\u00efs Sa\u00efed met en garde contre les ing\u00e9rences ext\u00e9rieures","isPartOf":{"@id":"https:\/\/www.webdo.tn\/fr\/#website"},"primaryImageOfPage":{"@id":"https:\/\/www.webdo.tn\/fr\/actualite\/national\/kais-saied-met-en-garde-contre-les-ingerences-exterieures\/214188\/#primaryimage"},"image":{"@id":"https:\/\/www.webdo.tn\/fr\/actualite\/national\/kais-saied-met-en-garde-contre-les-ingerences-exterieures\/214188\/#primaryimage"},"thumbnailUrl":"https:\/\/www.webdo.tn\/fr\/wp-content\/uploads\/2024\/05\/183867af1ae10bc25c212e13bf514080.webp","datePublished":"2024-05-16T06:13:00+00:00","dateModified":"2025-05-20T22:31:46+00:00","description":"Pr\u00e9sident Ka\u00efs Sa\u00efed a charg\u00e9 pour convoquer les ambassadeurs \u00e9trangers pour protester contre les ing\u00e9rences ext\u00e9rieures dans les affaires internes de la Tunisi...","breadcrumb":{"@id":"https:\/\/www.webdo.tn\/fr\/actualite\/national\/kais-saied-met-en-garde-contre-les-ingerences-exterieures\/214188\/#breadcrumb"},"inLanguage":"fr-FR","potentialAction":[{"@type":"ReadAction","target":["https:\/\/www.webdo.tn\/fr\/actualite\/national\/kais-saied-met-en-garde-contre-les-ingerences-exterieures\/214188\/"]}]},{"@type":"ImageObject","inLanguage":"fr-FR","@id":"https:\/\/www.webdo.tn\/fr\/actualite\/national\/kais-saied-met-en-garde-contre-les-ingerences-exterieures\/214188\/#primaryimage","url":"https:\/\/www.webdo.tn\/fr\/wp-content\/uploads\/2024\/05\/183867af1ae10bc25c212e13bf514080.webp","contentUrl":"https:\/\/www.webdo.tn\/fr\/wp-content\/uploads\/2024\/05\/183867af1ae10bc25c212e13bf514080.webp","width":750,"height":400,"caption":"Ka\u00efs Sa\u00efed met en garde contre les ing\u00e9rences ext\u00e9rieures"},{"@type":"BreadcrumbList","@id":"https:\/\/www.webdo.tn\/fr\/actualite\/national\/kais-saied-met-en-garde-contre-les-ingerences-exterieures\/214188\/#breadcrumb","itemListElement":[{"@type":"ListItem","position":1,"name":"Accueil","item":"https:\/\/www.webdo.tn\/fr\/"},{"@type":"ListItem","position":2,"name":"Ka\u00efs Sa\u00efed met en garde contre les ing\u00e9rences ext\u00e9rieures"}]},{"@type":"WebSite","@id":"https:\/\/www.webdo.tn\/fr\/#website","url":"https:\/\/www.webdo.tn\/fr\/","name":"webdo","description":"Tunisie - News en Tunisie et \u00e0 l&#039;international sur Webdo.tn","publisher":{"@id":"https:\/\/www.webdo.tn\/fr\/#organization"},"potentialAction":[{"@type":"SearchAction","target":{"@type":"EntryPoint","urlTemplate":"https:\/\/www.webdo.tn\/fr\/?s={search_term_string}"},"query-input":{"@type":"PropertyValueSpecification","valueRequired":true,"valueName":"search_term_string"}}],"inLanguage":"fr-FR"},{"@type":"Organization","@id":"https:\/\/www.webdo.tn\/fr\/#organization","name":"Webdo","alternateName":"Webdo.tn","url":"https:\/\/www.webdo.tn\/fr\/","logo":{"@type":"ImageObject","inLanguage":"fr-FR","@id":"https:\/\/www.webdo.tn\/fr\/#\/schema\/logo\/image\/","url":"https:\/\/www.webdo.tn\/fr\/wp-content\/uploads\/2025\/06\/Webdo-Tunisie_168377.jpg","contentUrl":"https:\/\/www.webdo.tn\/fr\/wp-content\/uploads\/2025\/06\/Webdo-Tunisie_168377.jpg","width":301,"height":301,"caption":"Webdo"},"image":{"@id":"https:\/\/www.webdo.tn\/fr\/#\/schema\/logo\/image\/"},"sameAs":["https:\/\/www.facebook.com\/webdotn","https:\/\/x.com\/webdo_tn"],"description":"Webdo est un m\u00e9dia num\u00e9rique tunisien fond\u00e9 en 2010, sp\u00e9cialis\u00e9 dans l\u2019actualit\u00e9 nationale et internationale, l\u2019\u00e9conomie, la soci\u00e9t\u00e9 et les analyses politiques. Le site s\u2019adresse \u00e0 un large public francophone et couvre l\u2019information tunisienne en temps r\u00e9el.","email":"redac@webdo.tn","legalName":"YNJ SARL","foundingDate":"2010-09-06","numberOfEmployees":{"@type":"QuantitativeValue","minValue":"11","maxValue":"50"}},{"@type":"Person","@id":"https:\/\/www.webdo.tn\/fr\/#\/schema\/person\/1f4e491e0907b413d61089e8eb573acc","name":"Webdo","image":{"@type":"ImageObject","inLanguage":"fr-FR","@id":"https:\/\/secure.gravatar.com\/avatar\/de97aeec1bb80978a9dbb127e47dfc88aaacb2f3c29aac907d8d3222e3495d49?s=96&d=mm&r=g","url":"https:\/\/secure.gravatar.com\/avatar\/de97aeec1bb80978a9dbb127e47dfc88aaacb2f3c29aac907d8d3222e3495d49?s=96&d=mm&r=g","contentUrl":"https:\/\/secure.gravatar.com\/avatar\/de97aeec1bb80978a9dbb127e47dfc88aaacb2f3c29aac907d8d3222e3495d49?s=96&d=mm&r=g","caption":"Webdo"},"url":"https:\/\/www.webdo.tn\/fr\/actualite\/author\/webdo\/"}]}},"_links":{"self":[{"href":"https:\/\/www.webdo.tn\/fr\/wp-json\/wp\/v2\/posts\/214188","targetHints":{"allow":["GET"]}}],"collection":[{"href":"https:\/\/www.webdo.tn\/fr\/wp-json\/wp\/v2\/posts"}],"about":[{"href":"https:\/\/www.webdo.tn\/fr\/wp-json\/wp\/v2\/types\/post"}],"author":[{"embeddable":true,"href":"https:\/\/www.webdo.tn\/fr\/wp-json\/wp\/v2\/users\/3169"}],"replies":[{"embeddable":true,"href":"https:\/\/www.webdo.tn\/fr\/wp-json\/wp\/v2\/comments?post=214188"}],"version-history":[{"count":0,"href":"https:\/\/www.webdo.tn\/fr\/wp-json\/wp\/v2\/posts\/214188\/revisions"}],"wp:featuredmedia":[{"embeddable":true,"href":"https:\/\/www.webdo.tn\/fr\/wp-json\/wp\/v2\/media\/247377"}],"wp:attachment":[{"href":"https:\/\/www.webdo.tn\/fr\/wp-json\/wp\/v2\/media?parent=214188"}],"wp:term":[{"taxonomy":"category","embeddable":true,"href":"https:\/\/www.webdo.tn\/fr\/wp-json\/wp\/v2\/categories?post=214188"},{"taxonomy":"post_tag","embeddable":true,"href":"https:\/\/www.webdo.tn\/fr\/wp-json\/wp\/v2\/tags?post=214188"}],"curies":[{"name":"wp","href":"https:\/\/api.w.org\/{rel}","templated":true}]}}