{"id":214186,"date":"2024-05-15T23:57:00","date_gmt":"2024-05-15T23:57:00","guid":{"rendered":"https:\/\/www.webdo.tn\/fr\/blog\/tunisie-l-avocat-mehdi-zagrouba-transporte-d-urgence-a-l-hopital\/214186\/"},"modified":"2025-05-20T21:50:39","modified_gmt":"2025-05-20T21:50:39","slug":"tunisie-l-avocat-mehdi-zagrouba-transporte-d-urgence-a-l-hopital","status":"publish","type":"post","link":"https:\/\/www.webdo.tn\/fr\/actualite\/national\/tunisie-l-avocat-mehdi-zagrouba-transporte-d-urgence-a-l-hopital\/214186\/","title":{"rendered":"Tunisie : L\u2019avocat Mehdi Zagrouba transport\u00e9 d\u2019urgence \u00e0 l\u2019h\u00f4pital"},"content":{"rendered":"<p>L\u2019avocat Mehdi Zagrouba, arr\u00eat\u00e9 lundi 13 mai \u00e0 la Maison de l\u2019Avocat, a comparu aujourd\u2019hui devant le juge d\u2019instruction. Son audience a \u00e9t\u00e9 interrompue lorsqu\u2019il a \u00e9t\u00e9 victime d\u2019un malaise et transport\u00e9 d\u2019urgence \u00e0 l\u2019h\u00f4pital.<\/p>\n<p>\t\t\t\t\t\t\t\t\tArr\u00eat\u00e9 lundi \u00e0 la Maison de l\u2019Avocat, l\u2019avocat Mehdi Zagrouba a comparu, ce mercredi 15 mai 2024 devant le juge d\u2019instruction, mais son audience a \u00e9t\u00e9 interrompue. En effet, Mehdi Zagrouba a \u00e9t\u00e9 victime d\u2019un malaise.<\/p>\n<p>Une ambulance a \u00e9t\u00e9 appel\u00e9e en urgence pour le transporter \u00e0 l&rsquo;h\u00f4pital afin qu\u2019il re\u00e7oive des soins alors qu\u2019il n\u2019\u00e9tait plus en mesure de s\u2019exprimer, a rapport\u00e9 l&rsquo;avocat Boubakar Thabet \u00e0 l\u2019agence TAP.<\/p>\n<p>L\u2019audition de Mehdi Zagrouba a \u00e9t\u00e9 ensuite interrompue pour son transfert \u00e0 l&rsquo;h\u00f4pital. Ses avocats ont m\u00eame demand\u00e9 un examen pour constater des traces de violence. Apr\u00e8s son audience, qui a \u00e9t\u00e9 interrompue suite \u00e0 un malaise, le parquet a \u00e9mis un mandat de d\u00e9p\u00f4t \u00e0 son encontre.<\/p>\n<p>Boubaker Thabet a ajout\u00e9, que le parquet g\u00e9n\u00e9ral a d\u00e9cid\u00e9 d&rsquo;ouvrir trois d&rsquo;enqu\u00eate contre son client, dont deux li\u00e9es \u00e0 un outrage \u00e0 un fonctionnaire public dans l\u2019exercice de ses fonctions, et de violence physique et verbale contre deux agents s\u00e9curitaires et ce, \u00e0 la suite d\u2019une altercation avec eux au palais de justice au cours de la manifestation des avocats.<\/p>\n<p>La troisi\u00e8me affaire est li\u00e9e \u00e0 l&rsquo;agression d&rsquo;un agent de s\u00e9curit\u00e9 lors d&rsquo;une descente des forces de l&rsquo;ordre au si\u00e8ge de la Maison de l&rsquo;Avocat, lundi soir lors de son arrestation.<\/p>\n","protected":false},"excerpt":{"rendered":"<p>Arr\u00eat\u00e9 lundi \u00e0 la Maison de l\u2019Avocat, l\u2019avocat Mehdi Zagrouba a comparu, ce mercredi 15 mai 2024 devant le juge d\u2019instruction, mais son audience a \u00e9t\u00e9 interromp&#8230;<\/p>\n","protected":false},"author":3162,"featured_media":247376,"comment_status":"open","ping_status":"closed","sticky":false,"template":"","format":"standard","meta":{"footnotes":""},"categories":[44],"tags":[2858,6498,2886,6343,2608],"class_list":["post-214186","post","type-post","status-publish","format-standard","has-post-thumbnail","hentry","category-national","tag-hopital","tag-malaise","tag-mandat-de-depot","tag-mehdi-zagrouba","tag-tunisie"],"yoast_head":"<!-- This site is optimized with the Yoast SEO Premium plugin v27.5 (Yoast SEO v27.5) - https:\/\/yoast.com\/product\/yoast-seo-premium-wordpress\/ -->\n<title>Tunisie : L\u2019avocat Mehdi Zagrouba transport\u00e9 d\u2019urgence \u00e0 l\u2019h\u00f4pital<\/title>\n<meta name=\"description\" content=\"Arr\u00eat\u00e9 lundi \u00e0 la Maison de l\u2019Avocat, l\u2019avocat Mehdi Zagrouba a comparu, ce mercredi 15 mai 2024 devant le juge d\u2019instruction, mais son audience a \u00e9t\u00e9 interromp...\" \/>\n<link rel=\"canonical\" href=\"https:\/\/www.webdo.tn\/fr\/actualite\/national\/tunisie-l-avocat-mehdi-zagrouba-transporte-d-urgence-a-l-hopital\/214186\/\" \/>\n<meta property=\"og:locale\" content=\"fr_FR\" \/>\n<meta property=\"og:type\" content=\"article\" \/>\n<meta property=\"og:title\" content=\"Tunisie : L\u2019avocat Mehdi Zagrouba transport\u00e9 d\u2019urgence \u00e0 l\u2019h\u00f4pital\" \/>\n<meta property=\"og:description\" content=\"Arr\u00eat\u00e9 lundi \u00e0 la Maison de l\u2019Avocat, l\u2019avocat Mehdi Zagrouba a comparu, ce mercredi 15 mai 2024 devant le juge d\u2019instruction, mais son audience a \u00e9t\u00e9 interromp...\" \/>\n<meta property=\"og:url\" content=\"https:\/\/www.webdo.tn\/fr\/actualite\/national\/tunisie-l-avocat-mehdi-zagrouba-transporte-d-urgence-a-l-hopital\/214186\/\" \/>\n<meta property=\"og:site_name\" content=\"webdo\" \/>\n<meta property=\"article:publisher\" content=\"https:\/\/www.facebook.com\/webdotn\" \/>\n<meta property=\"article:published_time\" content=\"2024-05-15T23:57:00+00:00\" \/>\n<meta property=\"article:modified_time\" content=\"2025-05-20T21:50:39+00:00\" \/>\n<meta property=\"og:image\" content=\"https:\/\/www.webdo.tn\/fr\/wp-content\/uploads\/2024\/05\/2b7000923b6b63afec03493176cd2802.webp\" \/>\n\t<meta property=\"og:image:width\" content=\"750\" \/>\n\t<meta property=\"og:image:height\" content=\"400\" \/>\n\t<meta property=\"og:image:type\" content=\"image\/webp\" \/>\n<meta name=\"author\" content=\"MC\" \/>\n<meta name=\"twitter:card\" content=\"summary_large_image\" \/>\n<meta name=\"twitter:creator\" content=\"@webdo_tn\" \/>\n<meta name=\"twitter:site\" content=\"@webdo_tn\" \/>\n<meta name=\"twitter:label1\" content=\"\u00c9crit par\" \/>\n\t<meta name=\"twitter:data1\" content=\"MC\" \/>\n\t<meta name=\"twitter:label2\" content=\"Dur\u00e9e de lecture estim\u00e9e\" \/>\n\t<meta name=\"twitter:data2\" content=\"1 minute\" \/>\n<script type=\"application\/ld+json\" class=\"yoast-schema-graph\">{\"@context\":\"https:\\\/\\\/schema.org\",\"@graph\":[{\"@type\":\"NewsArticle\",\"@id\":\"https:\\\/\\\/www.webdo.tn\\\/fr\\\/actualite\\\/national\\\/tunisie-l-avocat-mehdi-zagrouba-transporte-d-urgence-a-l-hopital\\\/214186\\\/#article\",\"isPartOf\":{\"@id\":\"https:\\\/\\\/www.webdo.tn\\\/fr\\\/actualite\\\/national\\\/tunisie-l-avocat-mehdi-zagrouba-transporte-d-urgence-a-l-hopital\\\/214186\\\/\"},\"author\":{\"name\":\"MC\",\"@id\":\"https:\\\/\\\/www.webdo.tn\\\/fr\\\/#\\\/schema\\\/person\\\/2c4929cbf5a809e3bd38617c6ce150f6\"},\"headline\":\"Tunisie : L\u2019avocat Mehdi Zagrouba transport\u00e9 d\u2019urgence \u00e0 l\u2019h\u00f4pital\",\"datePublished\":\"2024-05-15T23:57:00+00:00\",\"dateModified\":\"2025-05-20T21:50:39+00:00\",\"mainEntityOfPage\":{\"@id\":\"https:\\\/\\\/www.webdo.tn\\\/fr\\\/actualite\\\/national\\\/tunisie-l-avocat-mehdi-zagrouba-transporte-d-urgence-a-l-hopital\\\/214186\\\/\"},\"wordCount\":291,\"commentCount\":0,\"publisher\":{\"@id\":\"https:\\\/\\\/www.webdo.tn\\\/fr\\\/#organization\"},\"image\":{\"@id\":\"https:\\\/\\\/www.webdo.tn\\\/fr\\\/actualite\\\/national\\\/tunisie-l-avocat-mehdi-zagrouba-transporte-d-urgence-a-l-hopital\\\/214186\\\/#primaryimage\"},\"thumbnailUrl\":\"https:\\\/\\\/www.webdo.tn\\\/fr\\\/wp-content\\\/uploads\\\/2024\\\/05\\\/2b7000923b6b63afec03493176cd2802.webp\",\"keywords\":[\"H\u00f4pital\",\"malaise\",\"mandat de d\u00e9p\u00f4t\",\"mehdi zagrouba\",\"Tunisie\"],\"articleSection\":[\"National\"],\"inLanguage\":\"fr-FR\"},{\"@type\":\"WebPage\",\"@id\":\"https:\\\/\\\/www.webdo.tn\\\/fr\\\/actualite\\\/national\\\/tunisie-l-avocat-mehdi-zagrouba-transporte-d-urgence-a-l-hopital\\\/214186\\\/\",\"url\":\"https:\\\/\\\/www.webdo.tn\\\/fr\\\/actualite\\\/national\\\/tunisie-l-avocat-mehdi-zagrouba-transporte-d-urgence-a-l-hopital\\\/214186\\\/\",\"name\":\"Tunisie : L\u2019avocat Mehdi Zagrouba transport\u00e9 d\u2019urgence \u00e0 l\u2019h\u00f4pital\",\"isPartOf\":{\"@id\":\"https:\\\/\\\/www.webdo.tn\\\/fr\\\/#website\"},\"primaryImageOfPage\":{\"@id\":\"https:\\\/\\\/www.webdo.tn\\\/fr\\\/actualite\\\/national\\\/tunisie-l-avocat-mehdi-zagrouba-transporte-d-urgence-a-l-hopital\\\/214186\\\/#primaryimage\"},\"image\":{\"@id\":\"https:\\\/\\\/www.webdo.tn\\\/fr\\\/actualite\\\/national\\\/tunisie-l-avocat-mehdi-zagrouba-transporte-d-urgence-a-l-hopital\\\/214186\\\/#primaryimage\"},\"thumbnailUrl\":\"https:\\\/\\\/www.webdo.tn\\\/fr\\\/wp-content\\\/uploads\\\/2024\\\/05\\\/2b7000923b6b63afec03493176cd2802.webp\",\"datePublished\":\"2024-05-15T23:57:00+00:00\",\"dateModified\":\"2025-05-20T21:50:39+00:00\",\"description\":\"Arr\u00eat\u00e9 lundi \u00e0 la Maison de l\u2019Avocat, l\u2019avocat Mehdi Zagrouba a comparu, ce mercredi 15 mai 2024 devant le juge d\u2019instruction, mais son audience a \u00e9t\u00e9 interromp...\",\"breadcrumb\":{\"@id\":\"https:\\\/\\\/www.webdo.tn\\\/fr\\\/actualite\\\/national\\\/tunisie-l-avocat-mehdi-zagrouba-transporte-d-urgence-a-l-hopital\\\/214186\\\/#breadcrumb\"},\"inLanguage\":\"fr-FR\",\"potentialAction\":[{\"@type\":\"ReadAction\",\"target\":[\"https:\\\/\\\/www.webdo.tn\\\/fr\\\/actualite\\\/national\\\/tunisie-l-avocat-mehdi-zagrouba-transporte-d-urgence-a-l-hopital\\\/214186\\\/\"]}]},{\"@type\":\"ImageObject\",\"inLanguage\":\"fr-FR\",\"@id\":\"https:\\\/\\\/www.webdo.tn\\\/fr\\\/actualite\\\/national\\\/tunisie-l-avocat-mehdi-zagrouba-transporte-d-urgence-a-l-hopital\\\/214186\\\/#primaryimage\",\"url\":\"https:\\\/\\\/www.webdo.tn\\\/fr\\\/wp-content\\\/uploads\\\/2024\\\/05\\\/2b7000923b6b63afec03493176cd2802.webp\",\"contentUrl\":\"https:\\\/\\\/www.webdo.tn\\\/fr\\\/wp-content\\\/uploads\\\/2024\\\/05\\\/2b7000923b6b63afec03493176cd2802.webp\",\"width\":750,\"height\":400,\"caption\":\"Tunisie : L\u2019avocat Mehdi Zagrouba transport\u00e9 d\u2019urgence \u00e0 l\u2019h\u00f4pital\"},{\"@type\":\"BreadcrumbList\",\"@id\":\"https:\\\/\\\/www.webdo.tn\\\/fr\\\/actualite\\\/national\\\/tunisie-l-avocat-mehdi-zagrouba-transporte-d-urgence-a-l-hopital\\\/214186\\\/#breadcrumb\",\"itemListElement\":[{\"@type\":\"ListItem\",\"position\":1,\"name\":\"Accueil\",\"item\":\"https:\\\/\\\/www.webdo.tn\\\/fr\\\/\"},{\"@type\":\"ListItem\",\"position\":2,\"name\":\"Tunisie : L\u2019avocat Mehdi Zagrouba transport\u00e9 d\u2019urgence \u00e0 l\u2019h\u00f4pital\"}]},{\"@type\":\"WebSite\",\"@id\":\"https:\\\/\\\/www.webdo.tn\\\/fr\\\/#website\",\"url\":\"https:\\\/\\\/www.webdo.tn\\\/fr\\\/\",\"name\":\"webdo\",\"description\":\"Tunisie - News en Tunisie et \u00e0 l&#039;international sur Webdo.tn\",\"publisher\":{\"@id\":\"https:\\\/\\\/www.webdo.tn\\\/fr\\\/#organization\"},\"potentialAction\":[{\"@type\":\"SearchAction\",\"target\":{\"@type\":\"EntryPoint\",\"urlTemplate\":\"https:\\\/\\\/www.webdo.tn\\\/fr\\\/?s={search_term_string}\"},\"query-input\":{\"@type\":\"PropertyValueSpecification\",\"valueRequired\":true,\"valueName\":\"search_term_string\"}}],\"inLanguage\":\"fr-FR\"},{\"@type\":\"Organization\",\"@id\":\"https:\\\/\\\/www.webdo.tn\\\/fr\\\/#organization\",\"name\":\"Webdo\",\"alternateName\":\"Webdo.tn\",\"url\":\"https:\\\/\\\/www.webdo.tn\\\/fr\\\/\",\"logo\":{\"@type\":\"ImageObject\",\"inLanguage\":\"fr-FR\",\"@id\":\"https:\\\/\\\/www.webdo.tn\\\/fr\\\/#\\\/schema\\\/logo\\\/image\\\/\",\"url\":\"https:\\\/\\\/www.webdo.tn\\\/fr\\\/wp-content\\\/uploads\\\/2025\\\/06\\\/Webdo-Tunisie_168377.jpg\",\"contentUrl\":\"https:\\\/\\\/www.webdo.tn\\\/fr\\\/wp-content\\\/uploads\\\/2025\\\/06\\\/Webdo-Tunisie_168377.jpg\",\"width\":301,\"height\":301,\"caption\":\"Webdo\"},\"image\":{\"@id\":\"https:\\\/\\\/www.webdo.tn\\\/fr\\\/#\\\/schema\\\/logo\\\/image\\\/\"},\"sameAs\":[\"https:\\\/\\\/www.facebook.com\\\/webdotn\",\"https:\\\/\\\/x.com\\\/webdo_tn\"],\"description\":\"Webdo est un m\u00e9dia num\u00e9rique tunisien fond\u00e9 en 2010, sp\u00e9cialis\u00e9 dans l\u2019actualit\u00e9 nationale et internationale, l\u2019\u00e9conomie, la soci\u00e9t\u00e9 et les analyses politiques. Le site s\u2019adresse \u00e0 un large public francophone et couvre l\u2019information tunisienne en temps r\u00e9el.\",\"email\":\"redac@webdo.tn\",\"legalName\":\"YNJ SARL\",\"foundingDate\":\"2010-09-06\",\"numberOfEmployees\":{\"@type\":\"QuantitativeValue\",\"minValue\":\"11\",\"maxValue\":\"50\"}},{\"@type\":\"Person\",\"@id\":\"https:\\\/\\\/www.webdo.tn\\\/fr\\\/#\\\/schema\\\/person\\\/2c4929cbf5a809e3bd38617c6ce150f6\",\"name\":\"MC\",\"image\":{\"@type\":\"ImageObject\",\"inLanguage\":\"fr-FR\",\"@id\":\"https:\\\/\\\/secure.gravatar.com\\\/avatar\\\/a545bbb6f84efdd5553dbbc2895e3ca8f1d12c5215e00a041c9670b54aa9b18a?s=96&d=mm&r=g\",\"url\":\"https:\\\/\\\/secure.gravatar.com\\\/avatar\\\/a545bbb6f84efdd5553dbbc2895e3ca8f1d12c5215e00a041c9670b54aa9b18a?s=96&d=mm&r=g\",\"contentUrl\":\"https:\\\/\\\/secure.gravatar.com\\\/avatar\\\/a545bbb6f84efdd5553dbbc2895e3ca8f1d12c5215e00a041c9670b54aa9b18a?s=96&d=mm&r=g\",\"caption\":\"MC\"},\"url\":\"https:\\\/\\\/www.webdo.tn\\\/fr\\\/actualite\\\/author\\\/mc\\\/\"}]}<\/script>\n<!-- \/ Yoast SEO Premium plugin. -->","yoast_head_json":{"title":"Tunisie : L\u2019avocat Mehdi Zagrouba transport\u00e9 d\u2019urgence \u00e0 l\u2019h\u00f4pital","description":"Arr\u00eat\u00e9 lundi \u00e0 la Maison de l\u2019Avocat, l\u2019avocat Mehdi Zagrouba a comparu, ce mercredi 15 mai 2024 devant le juge d\u2019instruction, mais son audience a \u00e9t\u00e9 interromp...","canonical":"https:\/\/www.webdo.tn\/fr\/actualite\/national\/tunisie-l-avocat-mehdi-zagrouba-transporte-d-urgence-a-l-hopital\/214186\/","og_locale":"fr_FR","og_type":"article","og_title":"Tunisie : L\u2019avocat Mehdi Zagrouba transport\u00e9 d\u2019urgence \u00e0 l\u2019h\u00f4pital","og_description":"Arr\u00eat\u00e9 lundi \u00e0 la Maison de l\u2019Avocat, l\u2019avocat Mehdi Zagrouba a comparu, ce mercredi 15 mai 2024 devant le juge d\u2019instruction, mais son audience a \u00e9t\u00e9 interromp...","og_url":"https:\/\/www.webdo.tn\/fr\/actualite\/national\/tunisie-l-avocat-mehdi-zagrouba-transporte-d-urgence-a-l-hopital\/214186\/","og_site_name":"webdo","article_publisher":"https:\/\/www.facebook.com\/webdotn","article_published_time":"2024-05-15T23:57:00+00:00","article_modified_time":"2025-05-20T21:50:39+00:00","og_image":[{"width":750,"height":400,"url":"https:\/\/www.webdo.tn\/fr\/wp-content\/uploads\/2024\/05\/2b7000923b6b63afec03493176cd2802.webp","type":"image\/webp"}],"author":"MC","twitter_card":"summary_large_image","twitter_creator":"@webdo_tn","twitter_site":"@webdo_tn","twitter_misc":{"\u00c9crit par":"MC","Dur\u00e9e de lecture estim\u00e9e":"1 minute"},"schema":{"@context":"https:\/\/schema.org","@graph":[{"@type":"NewsArticle","@id":"https:\/\/www.webdo.tn\/fr\/actualite\/national\/tunisie-l-avocat-mehdi-zagrouba-transporte-d-urgence-a-l-hopital\/214186\/#article","isPartOf":{"@id":"https:\/\/www.webdo.tn\/fr\/actualite\/national\/tunisie-l-avocat-mehdi-zagrouba-transporte-d-urgence-a-l-hopital\/214186\/"},"author":{"name":"MC","@id":"https:\/\/www.webdo.tn\/fr\/#\/schema\/person\/2c4929cbf5a809e3bd38617c6ce150f6"},"headline":"Tunisie : L\u2019avocat Mehdi Zagrouba transport\u00e9 d\u2019urgence \u00e0 l\u2019h\u00f4pital","datePublished":"2024-05-15T23:57:00+00:00","dateModified":"2025-05-20T21:50:39+00:00","mainEntityOfPage":{"@id":"https:\/\/www.webdo.tn\/fr\/actualite\/national\/tunisie-l-avocat-mehdi-zagrouba-transporte-d-urgence-a-l-hopital\/214186\/"},"wordCount":291,"commentCount":0,"publisher":{"@id":"https:\/\/www.webdo.tn\/fr\/#organization"},"image":{"@id":"https:\/\/www.webdo.tn\/fr\/actualite\/national\/tunisie-l-avocat-mehdi-zagrouba-transporte-d-urgence-a-l-hopital\/214186\/#primaryimage"},"thumbnailUrl":"https:\/\/www.webdo.tn\/fr\/wp-content\/uploads\/2024\/05\/2b7000923b6b63afec03493176cd2802.webp","keywords":["H\u00f4pital","malaise","mandat de d\u00e9p\u00f4t","mehdi zagrouba","Tunisie"],"articleSection":["National"],"inLanguage":"fr-FR"},{"@type":"WebPage","@id":"https:\/\/www.webdo.tn\/fr\/actualite\/national\/tunisie-l-avocat-mehdi-zagrouba-transporte-d-urgence-a-l-hopital\/214186\/","url":"https:\/\/www.webdo.tn\/fr\/actualite\/national\/tunisie-l-avocat-mehdi-zagrouba-transporte-d-urgence-a-l-hopital\/214186\/","name":"Tunisie : L\u2019avocat Mehdi Zagrouba transport\u00e9 d\u2019urgence \u00e0 l\u2019h\u00f4pital","isPartOf":{"@id":"https:\/\/www.webdo.tn\/fr\/#website"},"primaryImageOfPage":{"@id":"https:\/\/www.webdo.tn\/fr\/actualite\/national\/tunisie-l-avocat-mehdi-zagrouba-transporte-d-urgence-a-l-hopital\/214186\/#primaryimage"},"image":{"@id":"https:\/\/www.webdo.tn\/fr\/actualite\/national\/tunisie-l-avocat-mehdi-zagrouba-transporte-d-urgence-a-l-hopital\/214186\/#primaryimage"},"thumbnailUrl":"https:\/\/www.webdo.tn\/fr\/wp-content\/uploads\/2024\/05\/2b7000923b6b63afec03493176cd2802.webp","datePublished":"2024-05-15T23:57:00+00:00","dateModified":"2025-05-20T21:50:39+00:00","description":"Arr\u00eat\u00e9 lundi \u00e0 la Maison de l\u2019Avocat, l\u2019avocat Mehdi Zagrouba a comparu, ce mercredi 15 mai 2024 devant le juge d\u2019instruction, mais son audience a \u00e9t\u00e9 interromp...","breadcrumb":{"@id":"https:\/\/www.webdo.tn\/fr\/actualite\/national\/tunisie-l-avocat-mehdi-zagrouba-transporte-d-urgence-a-l-hopital\/214186\/#breadcrumb"},"inLanguage":"fr-FR","potentialAction":[{"@type":"ReadAction","target":["https:\/\/www.webdo.tn\/fr\/actualite\/national\/tunisie-l-avocat-mehdi-zagrouba-transporte-d-urgence-a-l-hopital\/214186\/"]}]},{"@type":"ImageObject","inLanguage":"fr-FR","@id":"https:\/\/www.webdo.tn\/fr\/actualite\/national\/tunisie-l-avocat-mehdi-zagrouba-transporte-d-urgence-a-l-hopital\/214186\/#primaryimage","url":"https:\/\/www.webdo.tn\/fr\/wp-content\/uploads\/2024\/05\/2b7000923b6b63afec03493176cd2802.webp","contentUrl":"https:\/\/www.webdo.tn\/fr\/wp-content\/uploads\/2024\/05\/2b7000923b6b63afec03493176cd2802.webp","width":750,"height":400,"caption":"Tunisie : L\u2019avocat Mehdi Zagrouba transport\u00e9 d\u2019urgence \u00e0 l\u2019h\u00f4pital"},{"@type":"BreadcrumbList","@id":"https:\/\/www.webdo.tn\/fr\/actualite\/national\/tunisie-l-avocat-mehdi-zagrouba-transporte-d-urgence-a-l-hopital\/214186\/#breadcrumb","itemListElement":[{"@type":"ListItem","position":1,"name":"Accueil","item":"https:\/\/www.webdo.tn\/fr\/"},{"@type":"ListItem","position":2,"name":"Tunisie : L\u2019avocat Mehdi Zagrouba transport\u00e9 d\u2019urgence \u00e0 l\u2019h\u00f4pital"}]},{"@type":"WebSite","@id":"https:\/\/www.webdo.tn\/fr\/#website","url":"https:\/\/www.webdo.tn\/fr\/","name":"webdo","description":"Tunisie - News en Tunisie et \u00e0 l&#039;international sur Webdo.tn","publisher":{"@id":"https:\/\/www.webdo.tn\/fr\/#organization"},"potentialAction":[{"@type":"SearchAction","target":{"@type":"EntryPoint","urlTemplate":"https:\/\/www.webdo.tn\/fr\/?s={search_term_string}"},"query-input":{"@type":"PropertyValueSpecification","valueRequired":true,"valueName":"search_term_string"}}],"inLanguage":"fr-FR"},{"@type":"Organization","@id":"https:\/\/www.webdo.tn\/fr\/#organization","name":"Webdo","alternateName":"Webdo.tn","url":"https:\/\/www.webdo.tn\/fr\/","logo":{"@type":"ImageObject","inLanguage":"fr-FR","@id":"https:\/\/www.webdo.tn\/fr\/#\/schema\/logo\/image\/","url":"https:\/\/www.webdo.tn\/fr\/wp-content\/uploads\/2025\/06\/Webdo-Tunisie_168377.jpg","contentUrl":"https:\/\/www.webdo.tn\/fr\/wp-content\/uploads\/2025\/06\/Webdo-Tunisie_168377.jpg","width":301,"height":301,"caption":"Webdo"},"image":{"@id":"https:\/\/www.webdo.tn\/fr\/#\/schema\/logo\/image\/"},"sameAs":["https:\/\/www.facebook.com\/webdotn","https:\/\/x.com\/webdo_tn"],"description":"Webdo est un m\u00e9dia num\u00e9rique tunisien fond\u00e9 en 2010, sp\u00e9cialis\u00e9 dans l\u2019actualit\u00e9 nationale et internationale, l\u2019\u00e9conomie, la soci\u00e9t\u00e9 et les analyses politiques. Le site s\u2019adresse \u00e0 un large public francophone et couvre l\u2019information tunisienne en temps r\u00e9el.","email":"redac@webdo.tn","legalName":"YNJ SARL","foundingDate":"2010-09-06","numberOfEmployees":{"@type":"QuantitativeValue","minValue":"11","maxValue":"50"}},{"@type":"Person","@id":"https:\/\/www.webdo.tn\/fr\/#\/schema\/person\/2c4929cbf5a809e3bd38617c6ce150f6","name":"MC","image":{"@type":"ImageObject","inLanguage":"fr-FR","@id":"https:\/\/secure.gravatar.com\/avatar\/a545bbb6f84efdd5553dbbc2895e3ca8f1d12c5215e00a041c9670b54aa9b18a?s=96&d=mm&r=g","url":"https:\/\/secure.gravatar.com\/avatar\/a545bbb6f84efdd5553dbbc2895e3ca8f1d12c5215e00a041c9670b54aa9b18a?s=96&d=mm&r=g","contentUrl":"https:\/\/secure.gravatar.com\/avatar\/a545bbb6f84efdd5553dbbc2895e3ca8f1d12c5215e00a041c9670b54aa9b18a?s=96&d=mm&r=g","caption":"MC"},"url":"https:\/\/www.webdo.tn\/fr\/actualite\/author\/mc\/"}]}},"_links":{"self":[{"href":"https:\/\/www.webdo.tn\/fr\/wp-json\/wp\/v2\/posts\/214186","targetHints":{"allow":["GET"]}}],"collection":[{"href":"https:\/\/www.webdo.tn\/fr\/wp-json\/wp\/v2\/posts"}],"about":[{"href":"https:\/\/www.webdo.tn\/fr\/wp-json\/wp\/v2\/types\/post"}],"author":[{"embeddable":true,"href":"https:\/\/www.webdo.tn\/fr\/wp-json\/wp\/v2\/users\/3162"}],"replies":[{"embeddable":true,"href":"https:\/\/www.webdo.tn\/fr\/wp-json\/wp\/v2\/comments?post=214186"}],"version-history":[{"count":0,"href":"https:\/\/www.webdo.tn\/fr\/wp-json\/wp\/v2\/posts\/214186\/revisions"}],"wp:featuredmedia":[{"embeddable":true,"href":"https:\/\/www.webdo.tn\/fr\/wp-json\/wp\/v2\/media\/247376"}],"wp:attachment":[{"href":"https:\/\/www.webdo.tn\/fr\/wp-json\/wp\/v2\/media?parent=214186"}],"wp:term":[{"taxonomy":"category","embeddable":true,"href":"https:\/\/www.webdo.tn\/fr\/wp-json\/wp\/v2\/categories?post=214186"},{"taxonomy":"post_tag","embeddable":true,"href":"https:\/\/www.webdo.tn\/fr\/wp-json\/wp\/v2\/tags?post=214186"}],"curies":[{"name":"wp","href":"https:\/\/api.w.org\/{rel}","templated":true}]}}