{"id":214185,"date":"2024-05-15T22:38:00","date_gmt":"2024-05-15T22:38:00","guid":{"rendered":"https:\/\/www.webdo.tn\/fr\/blog\/sfax-plusieurs-blesses-apres-des-affrontements-entre-migrants\/214185\/"},"modified":"2025-05-20T21:50:39","modified_gmt":"2025-05-20T21:50:39","slug":"sfax-plusieurs-blesses-apres-des-affrontements-entre-migrants","status":"publish","type":"post","link":"https:\/\/www.webdo.tn\/fr\/actualite\/national\/sfax-plusieurs-blesses-apres-des-affrontements-entre-migrants\/214185\/","title":{"rendered":"Sfax : Plusieurs bless\u00e9s apr\u00e8s des affrontements entre migrants"},"content":{"rendered":"<p>Des affrontements ont \u00e9clat\u00e9 dans la soir\u00e9e de mercredi 15 mai, entre des migrants subsahariens, faisant plusieurs bless\u00e9s \u00e0 Al-Hamaizia de la d\u00e9l\u00e9gation d\u2019Al-Amra dans le gouvernorat de Sfax.<\/p>\n<p>\t\t\t\t\t\t\t\t\tDes affrontements ont \u00e9clat\u00e9 entre des migrants subsahariens, dans la soir\u00e9e de mercredi 15 mai, \u00e0 Al-Hamaizia de la d\u00e9l\u00e9gation d\u2019Al-Amra dans le gouvernorat de Sfax.<\/p>\n<p>Ces actes de violence ont fait plusieurs bless\u00e9s parmi ces migrants subsahariens dont certains ont d\u00fb \u00eatre transf\u00e9r\u00e9s au CHU Habib Bourguiba de Sfax.<\/p>\n<p>Le premier d\u00e9l\u00e9gu\u00e9 de Sfax, Mohamed Nafti Kdouda a indiqu\u00e9 \u00e0 Mosa\u00efque FM que la situation est d\u00e9sormais sous contr\u00f4le apr\u00e8s l\u2019intervention des forces de s\u00e9curit\u00e9, pr\u00e9cisant que des arrestations ont eu lieu parmi les bellig\u00e9rants et qu\u2019une enqu\u00eate a \u00e9t\u00e9 ouverte.<\/p>\n","protected":false},"excerpt":{"rendered":"<p>Des affrontements ont \u00e9clat\u00e9 entre des migrants subsahariens, dans la soir\u00e9e de mercredi 15 mai, \u00e0 Al-Hamaizia de la d\u00e9l\u00e9gation d\u2019Al-Amra dans le gouvernorat de&#8230;<\/p>\n","protected":false},"author":3162,"featured_media":247375,"comment_status":"open","ping_status":"closed","sticky":false,"template":"","format":"standard","meta":{"footnotes":""},"categories":[44],"tags":[3496,2894,2675],"class_list":["post-214185","post","type-post","status-publish","format-standard","has-post-thumbnail","hentry","category-national","tag-affrontements","tag-migrants","tag-sfax"],"yoast_head":"<!-- This site is optimized with the Yoast SEO Premium plugin v27.4 (Yoast SEO v27.4) - https:\/\/yoast.com\/product\/yoast-seo-premium-wordpress\/ -->\n<title>Sfax : Plusieurs bless\u00e9s apr\u00e8s des affrontements entre migrants<\/title>\n<meta name=\"description\" content=\"Des affrontements ont \u00e9clat\u00e9 entre des migrants subsahariens, dans la soir\u00e9e de mercredi 15 mai, \u00e0 Al-Hamaizia de la d\u00e9l\u00e9gation d\u2019Al-Amra dans le gouvernorat de...\" \/>\n<link rel=\"canonical\" href=\"https:\/\/www.webdo.tn\/fr\/actualite\/national\/sfax-plusieurs-blesses-apres-des-affrontements-entre-migrants\/214185\/\" \/>\n<meta property=\"og:locale\" content=\"fr_FR\" \/>\n<meta property=\"og:type\" content=\"article\" \/>\n<meta property=\"og:title\" content=\"Sfax : Plusieurs bless\u00e9s apr\u00e8s des affrontements entre migrants\" \/>\n<meta property=\"og:description\" content=\"Des affrontements ont \u00e9clat\u00e9 entre des migrants subsahariens, dans la soir\u00e9e de mercredi 15 mai, \u00e0 Al-Hamaizia de la d\u00e9l\u00e9gation d\u2019Al-Amra dans le gouvernorat de...\" \/>\n<meta property=\"og:url\" content=\"https:\/\/www.webdo.tn\/fr\/actualite\/national\/sfax-plusieurs-blesses-apres-des-affrontements-entre-migrants\/214185\/\" \/>\n<meta property=\"og:site_name\" content=\"webdo\" \/>\n<meta property=\"article:publisher\" content=\"https:\/\/www.facebook.com\/webdotn\" \/>\n<meta property=\"article:published_time\" content=\"2024-05-15T22:38:00+00:00\" \/>\n<meta property=\"article:modified_time\" content=\"2025-05-20T21:50:39+00:00\" \/>\n<meta property=\"og:image\" content=\"https:\/\/www.webdo.tn\/fr\/wp-content\/uploads\/2024\/05\/c181df0dea2cb1a07c6856e3707b8f69.webp\" \/>\n\t<meta property=\"og:image:width\" content=\"750\" \/>\n\t<meta property=\"og:image:height\" content=\"400\" \/>\n\t<meta property=\"og:image:type\" content=\"image\/webp\" \/>\n<meta name=\"author\" content=\"MC\" \/>\n<meta name=\"twitter:card\" content=\"summary_large_image\" \/>\n<meta name=\"twitter:creator\" content=\"@webdo_tn\" \/>\n<meta name=\"twitter:site\" content=\"@webdo_tn\" \/>\n<meta name=\"twitter:label1\" content=\"\u00c9crit par\" \/>\n\t<meta name=\"twitter:data1\" content=\"MC\" \/>\n\t<meta name=\"twitter:label2\" content=\"Dur\u00e9e de lecture estim\u00e9e\" \/>\n\t<meta name=\"twitter:data2\" content=\"1 minute\" \/>\n<script type=\"application\/ld+json\" class=\"yoast-schema-graph\">{\"@context\":\"https:\\\/\\\/schema.org\",\"@graph\":[{\"@type\":\"NewsArticle\",\"@id\":\"https:\\\/\\\/www.webdo.tn\\\/fr\\\/actualite\\\/national\\\/sfax-plusieurs-blesses-apres-des-affrontements-entre-migrants\\\/214185\\\/#article\",\"isPartOf\":{\"@id\":\"https:\\\/\\\/www.webdo.tn\\\/fr\\\/actualite\\\/national\\\/sfax-plusieurs-blesses-apres-des-affrontements-entre-migrants\\\/214185\\\/\"},\"author\":{\"name\":\"MC\",\"@id\":\"https:\\\/\\\/www.webdo.tn\\\/fr\\\/#\\\/schema\\\/person\\\/2c4929cbf5a809e3bd38617c6ce150f6\"},\"headline\":\"Sfax : Plusieurs bless\u00e9s apr\u00e8s des affrontements entre migrants\",\"datePublished\":\"2024-05-15T22:38:00+00:00\",\"dateModified\":\"2025-05-20T21:50:39+00:00\",\"mainEntityOfPage\":{\"@id\":\"https:\\\/\\\/www.webdo.tn\\\/fr\\\/actualite\\\/national\\\/sfax-plusieurs-blesses-apres-des-affrontements-entre-migrants\\\/214185\\\/\"},\"wordCount\":150,\"commentCount\":0,\"publisher\":{\"@id\":\"https:\\\/\\\/www.webdo.tn\\\/fr\\\/#organization\"},\"image\":{\"@id\":\"https:\\\/\\\/www.webdo.tn\\\/fr\\\/actualite\\\/national\\\/sfax-plusieurs-blesses-apres-des-affrontements-entre-migrants\\\/214185\\\/#primaryimage\"},\"thumbnailUrl\":\"https:\\\/\\\/www.webdo.tn\\\/fr\\\/wp-content\\\/uploads\\\/2024\\\/05\\\/c181df0dea2cb1a07c6856e3707b8f69.webp\",\"keywords\":[\"Affrontements\",\"migrants\",\"Sfax\"],\"articleSection\":[\"National\"],\"inLanguage\":\"fr-FR\"},{\"@type\":\"WebPage\",\"@id\":\"https:\\\/\\\/www.webdo.tn\\\/fr\\\/actualite\\\/national\\\/sfax-plusieurs-blesses-apres-des-affrontements-entre-migrants\\\/214185\\\/\",\"url\":\"https:\\\/\\\/www.webdo.tn\\\/fr\\\/actualite\\\/national\\\/sfax-plusieurs-blesses-apres-des-affrontements-entre-migrants\\\/214185\\\/\",\"name\":\"Sfax : Plusieurs bless\u00e9s apr\u00e8s des affrontements entre migrants\",\"isPartOf\":{\"@id\":\"https:\\\/\\\/www.webdo.tn\\\/fr\\\/#website\"},\"primaryImageOfPage\":{\"@id\":\"https:\\\/\\\/www.webdo.tn\\\/fr\\\/actualite\\\/national\\\/sfax-plusieurs-blesses-apres-des-affrontements-entre-migrants\\\/214185\\\/#primaryimage\"},\"image\":{\"@id\":\"https:\\\/\\\/www.webdo.tn\\\/fr\\\/actualite\\\/national\\\/sfax-plusieurs-blesses-apres-des-affrontements-entre-migrants\\\/214185\\\/#primaryimage\"},\"thumbnailUrl\":\"https:\\\/\\\/www.webdo.tn\\\/fr\\\/wp-content\\\/uploads\\\/2024\\\/05\\\/c181df0dea2cb1a07c6856e3707b8f69.webp\",\"datePublished\":\"2024-05-15T22:38:00+00:00\",\"dateModified\":\"2025-05-20T21:50:39+00:00\",\"description\":\"Des affrontements ont \u00e9clat\u00e9 entre des migrants subsahariens, dans la soir\u00e9e de mercredi 15 mai, \u00e0 Al-Hamaizia de la d\u00e9l\u00e9gation d\u2019Al-Amra dans le gouvernorat de...\",\"breadcrumb\":{\"@id\":\"https:\\\/\\\/www.webdo.tn\\\/fr\\\/actualite\\\/national\\\/sfax-plusieurs-blesses-apres-des-affrontements-entre-migrants\\\/214185\\\/#breadcrumb\"},\"inLanguage\":\"fr-FR\",\"potentialAction\":[{\"@type\":\"ReadAction\",\"target\":[\"https:\\\/\\\/www.webdo.tn\\\/fr\\\/actualite\\\/national\\\/sfax-plusieurs-blesses-apres-des-affrontements-entre-migrants\\\/214185\\\/\"]}]},{\"@type\":\"ImageObject\",\"inLanguage\":\"fr-FR\",\"@id\":\"https:\\\/\\\/www.webdo.tn\\\/fr\\\/actualite\\\/national\\\/sfax-plusieurs-blesses-apres-des-affrontements-entre-migrants\\\/214185\\\/#primaryimage\",\"url\":\"https:\\\/\\\/www.webdo.tn\\\/fr\\\/wp-content\\\/uploads\\\/2024\\\/05\\\/c181df0dea2cb1a07c6856e3707b8f69.webp\",\"contentUrl\":\"https:\\\/\\\/www.webdo.tn\\\/fr\\\/wp-content\\\/uploads\\\/2024\\\/05\\\/c181df0dea2cb1a07c6856e3707b8f69.webp\",\"width\":750,\"height\":400,\"caption\":\"Sfax : Plusieurs bless\u00e9s apr\u00e8s des affrontements entre migrants\"},{\"@type\":\"BreadcrumbList\",\"@id\":\"https:\\\/\\\/www.webdo.tn\\\/fr\\\/actualite\\\/national\\\/sfax-plusieurs-blesses-apres-des-affrontements-entre-migrants\\\/214185\\\/#breadcrumb\",\"itemListElement\":[{\"@type\":\"ListItem\",\"position\":1,\"name\":\"Accueil\",\"item\":\"https:\\\/\\\/www.webdo.tn\\\/fr\\\/\"},{\"@type\":\"ListItem\",\"position\":2,\"name\":\"Sfax : Plusieurs bless\u00e9s apr\u00e8s des affrontements entre migrants\"}]},{\"@type\":\"WebSite\",\"@id\":\"https:\\\/\\\/www.webdo.tn\\\/fr\\\/#website\",\"url\":\"https:\\\/\\\/www.webdo.tn\\\/fr\\\/\",\"name\":\"webdo\",\"description\":\"Tunisie - News en Tunisie et \u00e0 l&#039;international sur Webdo.tn\",\"publisher\":{\"@id\":\"https:\\\/\\\/www.webdo.tn\\\/fr\\\/#organization\"},\"potentialAction\":[{\"@type\":\"SearchAction\",\"target\":{\"@type\":\"EntryPoint\",\"urlTemplate\":\"https:\\\/\\\/www.webdo.tn\\\/fr\\\/?s={search_term_string}\"},\"query-input\":{\"@type\":\"PropertyValueSpecification\",\"valueRequired\":true,\"valueName\":\"search_term_string\"}}],\"inLanguage\":\"fr-FR\"},{\"@type\":\"Organization\",\"@id\":\"https:\\\/\\\/www.webdo.tn\\\/fr\\\/#organization\",\"name\":\"Webdo\",\"alternateName\":\"Webdo.tn\",\"url\":\"https:\\\/\\\/www.webdo.tn\\\/fr\\\/\",\"logo\":{\"@type\":\"ImageObject\",\"inLanguage\":\"fr-FR\",\"@id\":\"https:\\\/\\\/www.webdo.tn\\\/fr\\\/#\\\/schema\\\/logo\\\/image\\\/\",\"url\":\"https:\\\/\\\/www.webdo.tn\\\/fr\\\/wp-content\\\/uploads\\\/2025\\\/06\\\/Webdo-Tunisie_168377.jpg\",\"contentUrl\":\"https:\\\/\\\/www.webdo.tn\\\/fr\\\/wp-content\\\/uploads\\\/2025\\\/06\\\/Webdo-Tunisie_168377.jpg\",\"width\":301,\"height\":301,\"caption\":\"Webdo\"},\"image\":{\"@id\":\"https:\\\/\\\/www.webdo.tn\\\/fr\\\/#\\\/schema\\\/logo\\\/image\\\/\"},\"sameAs\":[\"https:\\\/\\\/www.facebook.com\\\/webdotn\",\"https:\\\/\\\/x.com\\\/webdo_tn\"],\"description\":\"Webdo est un m\u00e9dia num\u00e9rique tunisien fond\u00e9 en 2010, sp\u00e9cialis\u00e9 dans l\u2019actualit\u00e9 nationale et internationale, l\u2019\u00e9conomie, la soci\u00e9t\u00e9 et les analyses politiques. Le site s\u2019adresse \u00e0 un large public francophone et couvre l\u2019information tunisienne en temps r\u00e9el.\",\"email\":\"redac@webdo.tn\",\"legalName\":\"YNJ SARL\",\"foundingDate\":\"2010-09-06\",\"numberOfEmployees\":{\"@type\":\"QuantitativeValue\",\"minValue\":\"11\",\"maxValue\":\"50\"}},{\"@type\":\"Person\",\"@id\":\"https:\\\/\\\/www.webdo.tn\\\/fr\\\/#\\\/schema\\\/person\\\/2c4929cbf5a809e3bd38617c6ce150f6\",\"name\":\"MC\",\"image\":{\"@type\":\"ImageObject\",\"inLanguage\":\"fr-FR\",\"@id\":\"https:\\\/\\\/secure.gravatar.com\\\/avatar\\\/a545bbb6f84efdd5553dbbc2895e3ca8f1d12c5215e00a041c9670b54aa9b18a?s=96&d=mm&r=g\",\"url\":\"https:\\\/\\\/secure.gravatar.com\\\/avatar\\\/a545bbb6f84efdd5553dbbc2895e3ca8f1d12c5215e00a041c9670b54aa9b18a?s=96&d=mm&r=g\",\"contentUrl\":\"https:\\\/\\\/secure.gravatar.com\\\/avatar\\\/a545bbb6f84efdd5553dbbc2895e3ca8f1d12c5215e00a041c9670b54aa9b18a?s=96&d=mm&r=g\",\"caption\":\"MC\"},\"url\":\"https:\\\/\\\/www.webdo.tn\\\/fr\\\/actualite\\\/author\\\/mc\\\/\"}]}<\/script>\n<!-- \/ Yoast SEO Premium plugin. -->","yoast_head_json":{"title":"Sfax : Plusieurs bless\u00e9s apr\u00e8s des affrontements entre migrants","description":"Des affrontements ont \u00e9clat\u00e9 entre des migrants subsahariens, dans la soir\u00e9e de mercredi 15 mai, \u00e0 Al-Hamaizia de la d\u00e9l\u00e9gation d\u2019Al-Amra dans le gouvernorat de...","canonical":"https:\/\/www.webdo.tn\/fr\/actualite\/national\/sfax-plusieurs-blesses-apres-des-affrontements-entre-migrants\/214185\/","og_locale":"fr_FR","og_type":"article","og_title":"Sfax : Plusieurs bless\u00e9s apr\u00e8s des affrontements entre migrants","og_description":"Des affrontements ont \u00e9clat\u00e9 entre des migrants subsahariens, dans la soir\u00e9e de mercredi 15 mai, \u00e0 Al-Hamaizia de la d\u00e9l\u00e9gation d\u2019Al-Amra dans le gouvernorat de...","og_url":"https:\/\/www.webdo.tn\/fr\/actualite\/national\/sfax-plusieurs-blesses-apres-des-affrontements-entre-migrants\/214185\/","og_site_name":"webdo","article_publisher":"https:\/\/www.facebook.com\/webdotn","article_published_time":"2024-05-15T22:38:00+00:00","article_modified_time":"2025-05-20T21:50:39+00:00","og_image":[{"width":750,"height":400,"url":"https:\/\/www.webdo.tn\/fr\/wp-content\/uploads\/2024\/05\/c181df0dea2cb1a07c6856e3707b8f69.webp","type":"image\/webp"}],"author":"MC","twitter_card":"summary_large_image","twitter_creator":"@webdo_tn","twitter_site":"@webdo_tn","twitter_misc":{"\u00c9crit par":"MC","Dur\u00e9e de lecture estim\u00e9e":"1 minute"},"schema":{"@context":"https:\/\/schema.org","@graph":[{"@type":"NewsArticle","@id":"https:\/\/www.webdo.tn\/fr\/actualite\/national\/sfax-plusieurs-blesses-apres-des-affrontements-entre-migrants\/214185\/#article","isPartOf":{"@id":"https:\/\/www.webdo.tn\/fr\/actualite\/national\/sfax-plusieurs-blesses-apres-des-affrontements-entre-migrants\/214185\/"},"author":{"name":"MC","@id":"https:\/\/www.webdo.tn\/fr\/#\/schema\/person\/2c4929cbf5a809e3bd38617c6ce150f6"},"headline":"Sfax : Plusieurs bless\u00e9s apr\u00e8s des affrontements entre migrants","datePublished":"2024-05-15T22:38:00+00:00","dateModified":"2025-05-20T21:50:39+00:00","mainEntityOfPage":{"@id":"https:\/\/www.webdo.tn\/fr\/actualite\/national\/sfax-plusieurs-blesses-apres-des-affrontements-entre-migrants\/214185\/"},"wordCount":150,"commentCount":0,"publisher":{"@id":"https:\/\/www.webdo.tn\/fr\/#organization"},"image":{"@id":"https:\/\/www.webdo.tn\/fr\/actualite\/national\/sfax-plusieurs-blesses-apres-des-affrontements-entre-migrants\/214185\/#primaryimage"},"thumbnailUrl":"https:\/\/www.webdo.tn\/fr\/wp-content\/uploads\/2024\/05\/c181df0dea2cb1a07c6856e3707b8f69.webp","keywords":["Affrontements","migrants","Sfax"],"articleSection":["National"],"inLanguage":"fr-FR"},{"@type":"WebPage","@id":"https:\/\/www.webdo.tn\/fr\/actualite\/national\/sfax-plusieurs-blesses-apres-des-affrontements-entre-migrants\/214185\/","url":"https:\/\/www.webdo.tn\/fr\/actualite\/national\/sfax-plusieurs-blesses-apres-des-affrontements-entre-migrants\/214185\/","name":"Sfax : Plusieurs bless\u00e9s apr\u00e8s des affrontements entre migrants","isPartOf":{"@id":"https:\/\/www.webdo.tn\/fr\/#website"},"primaryImageOfPage":{"@id":"https:\/\/www.webdo.tn\/fr\/actualite\/national\/sfax-plusieurs-blesses-apres-des-affrontements-entre-migrants\/214185\/#primaryimage"},"image":{"@id":"https:\/\/www.webdo.tn\/fr\/actualite\/national\/sfax-plusieurs-blesses-apres-des-affrontements-entre-migrants\/214185\/#primaryimage"},"thumbnailUrl":"https:\/\/www.webdo.tn\/fr\/wp-content\/uploads\/2024\/05\/c181df0dea2cb1a07c6856e3707b8f69.webp","datePublished":"2024-05-15T22:38:00+00:00","dateModified":"2025-05-20T21:50:39+00:00","description":"Des affrontements ont \u00e9clat\u00e9 entre des migrants subsahariens, dans la soir\u00e9e de mercredi 15 mai, \u00e0 Al-Hamaizia de la d\u00e9l\u00e9gation d\u2019Al-Amra dans le gouvernorat de...","breadcrumb":{"@id":"https:\/\/www.webdo.tn\/fr\/actualite\/national\/sfax-plusieurs-blesses-apres-des-affrontements-entre-migrants\/214185\/#breadcrumb"},"inLanguage":"fr-FR","potentialAction":[{"@type":"ReadAction","target":["https:\/\/www.webdo.tn\/fr\/actualite\/national\/sfax-plusieurs-blesses-apres-des-affrontements-entre-migrants\/214185\/"]}]},{"@type":"ImageObject","inLanguage":"fr-FR","@id":"https:\/\/www.webdo.tn\/fr\/actualite\/national\/sfax-plusieurs-blesses-apres-des-affrontements-entre-migrants\/214185\/#primaryimage","url":"https:\/\/www.webdo.tn\/fr\/wp-content\/uploads\/2024\/05\/c181df0dea2cb1a07c6856e3707b8f69.webp","contentUrl":"https:\/\/www.webdo.tn\/fr\/wp-content\/uploads\/2024\/05\/c181df0dea2cb1a07c6856e3707b8f69.webp","width":750,"height":400,"caption":"Sfax : Plusieurs bless\u00e9s apr\u00e8s des affrontements entre migrants"},{"@type":"BreadcrumbList","@id":"https:\/\/www.webdo.tn\/fr\/actualite\/national\/sfax-plusieurs-blesses-apres-des-affrontements-entre-migrants\/214185\/#breadcrumb","itemListElement":[{"@type":"ListItem","position":1,"name":"Accueil","item":"https:\/\/www.webdo.tn\/fr\/"},{"@type":"ListItem","position":2,"name":"Sfax : Plusieurs bless\u00e9s apr\u00e8s des affrontements entre migrants"}]},{"@type":"WebSite","@id":"https:\/\/www.webdo.tn\/fr\/#website","url":"https:\/\/www.webdo.tn\/fr\/","name":"webdo","description":"Tunisie - News en Tunisie et \u00e0 l&#039;international sur Webdo.tn","publisher":{"@id":"https:\/\/www.webdo.tn\/fr\/#organization"},"potentialAction":[{"@type":"SearchAction","target":{"@type":"EntryPoint","urlTemplate":"https:\/\/www.webdo.tn\/fr\/?s={search_term_string}"},"query-input":{"@type":"PropertyValueSpecification","valueRequired":true,"valueName":"search_term_string"}}],"inLanguage":"fr-FR"},{"@type":"Organization","@id":"https:\/\/www.webdo.tn\/fr\/#organization","name":"Webdo","alternateName":"Webdo.tn","url":"https:\/\/www.webdo.tn\/fr\/","logo":{"@type":"ImageObject","inLanguage":"fr-FR","@id":"https:\/\/www.webdo.tn\/fr\/#\/schema\/logo\/image\/","url":"https:\/\/www.webdo.tn\/fr\/wp-content\/uploads\/2025\/06\/Webdo-Tunisie_168377.jpg","contentUrl":"https:\/\/www.webdo.tn\/fr\/wp-content\/uploads\/2025\/06\/Webdo-Tunisie_168377.jpg","width":301,"height":301,"caption":"Webdo"},"image":{"@id":"https:\/\/www.webdo.tn\/fr\/#\/schema\/logo\/image\/"},"sameAs":["https:\/\/www.facebook.com\/webdotn","https:\/\/x.com\/webdo_tn"],"description":"Webdo est un m\u00e9dia num\u00e9rique tunisien fond\u00e9 en 2010, sp\u00e9cialis\u00e9 dans l\u2019actualit\u00e9 nationale et internationale, l\u2019\u00e9conomie, la soci\u00e9t\u00e9 et les analyses politiques. Le site s\u2019adresse \u00e0 un large public francophone et couvre l\u2019information tunisienne en temps r\u00e9el.","email":"redac@webdo.tn","legalName":"YNJ SARL","foundingDate":"2010-09-06","numberOfEmployees":{"@type":"QuantitativeValue","minValue":"11","maxValue":"50"}},{"@type":"Person","@id":"https:\/\/www.webdo.tn\/fr\/#\/schema\/person\/2c4929cbf5a809e3bd38617c6ce150f6","name":"MC","image":{"@type":"ImageObject","inLanguage":"fr-FR","@id":"https:\/\/secure.gravatar.com\/avatar\/a545bbb6f84efdd5553dbbc2895e3ca8f1d12c5215e00a041c9670b54aa9b18a?s=96&d=mm&r=g","url":"https:\/\/secure.gravatar.com\/avatar\/a545bbb6f84efdd5553dbbc2895e3ca8f1d12c5215e00a041c9670b54aa9b18a?s=96&d=mm&r=g","contentUrl":"https:\/\/secure.gravatar.com\/avatar\/a545bbb6f84efdd5553dbbc2895e3ca8f1d12c5215e00a041c9670b54aa9b18a?s=96&d=mm&r=g","caption":"MC"},"url":"https:\/\/www.webdo.tn\/fr\/actualite\/author\/mc\/"}]}},"_links":{"self":[{"href":"https:\/\/www.webdo.tn\/fr\/wp-json\/wp\/v2\/posts\/214185","targetHints":{"allow":["GET"]}}],"collection":[{"href":"https:\/\/www.webdo.tn\/fr\/wp-json\/wp\/v2\/posts"}],"about":[{"href":"https:\/\/www.webdo.tn\/fr\/wp-json\/wp\/v2\/types\/post"}],"author":[{"embeddable":true,"href":"https:\/\/www.webdo.tn\/fr\/wp-json\/wp\/v2\/users\/3162"}],"replies":[{"embeddable":true,"href":"https:\/\/www.webdo.tn\/fr\/wp-json\/wp\/v2\/comments?post=214185"}],"version-history":[{"count":0,"href":"https:\/\/www.webdo.tn\/fr\/wp-json\/wp\/v2\/posts\/214185\/revisions"}],"wp:featuredmedia":[{"embeddable":true,"href":"https:\/\/www.webdo.tn\/fr\/wp-json\/wp\/v2\/media\/247375"}],"wp:attachment":[{"href":"https:\/\/www.webdo.tn\/fr\/wp-json\/wp\/v2\/media?parent=214185"}],"wp:term":[{"taxonomy":"category","embeddable":true,"href":"https:\/\/www.webdo.tn\/fr\/wp-json\/wp\/v2\/categories?post=214185"},{"taxonomy":"post_tag","embeddable":true,"href":"https:\/\/www.webdo.tn\/fr\/wp-json\/wp\/v2\/tags?post=214185"}],"curies":[{"name":"wp","href":"https:\/\/api.w.org\/{rel}","templated":true}]}}