{"id":214184,"date":"2024-05-15T22:25:00","date_gmt":"2024-05-15T22:25:00","guid":{"rendered":"https:\/\/www.webdo.tn\/fr\/blog\/tunisie-mandat-de-depot-a-l-encontre-de-mehdi-zagrouba\/214184\/"},"modified":"2025-05-20T21:50:38","modified_gmt":"2025-05-20T21:50:38","slug":"tunisie-mandat-de-depot-a-l-encontre-de-mehdi-zagrouba","status":"publish","type":"post","link":"https:\/\/www.webdo.tn\/fr\/actualite\/national\/tunisie-mandat-de-depot-a-l-encontre-de-mehdi-zagrouba\/214184\/","title":{"rendered":"Tunisie : Mandat de d\u00e9p\u00f4t \u00e0 l\u2019encontre de Mehdi Zagrouba"},"content":{"rendered":"<p>Arr\u00eat\u00e9 lundi 13 mai \u00e0 la Maison de l\u2019Avocat, l\u2019avocat Mehdi Zagrouba a comparu, ce mercredi 15 mai 2024. Le juge d\u2019instruction a \u00e9mis un mandat de d\u00e9p\u00f4t \u00e0 son encontre.<\/p>\n<p>\t\t\t\t\t\t\t\t\tL\u2019avocat Mehdi Zagrouba, arr\u00eat\u00e9 lundi dernier \u00e0 la Maison de l\u2019Avocat, a comparu, ce mercredi 15 mai 2024, devant le juge d\u2019instruction. Apr\u00e8s son audience, qui a \u00e9t\u00e9 interrompue suite \u00e0 un malaise de Mehdi Zagrouba, le parquet pr\u00e8s le Tribunal de premi\u00e8re instance de Tunis a \u00e9mis un mandat de d\u00e9p\u00f4t \u00e0 son encontre.<\/p>\n<p>Mehdi Zagrouba a \u00e9t\u00e9 arr\u00eat\u00e9 suite \u00e0 l\u2019assaut d\u2019une unit\u00e9 s\u00e9curitaire \u00e0 la Maison de l&rsquo;Avocat, suscitant une vague de tensions. Selon l\u2019avocate Kalthoum Kennou, pr\u00e9sente sur les lieux, Mehdi Zagrouba a \u00e9t\u00e9 attaqu\u00e9 par un groupe d&rsquo;une quinzaine d&rsquo;hommes qui l&rsquo;ont tra\u00een\u00e9 sur le sol.<\/p>\n<p>Mehdi Zagrouba a \u00e9t\u00e9 arr\u00eat\u00e9 pour outrage \u00e0 un fonctionnaire public dans l\u2019exercice de ses fonctions, et de violence physique et verbale contre deux agents s\u00e9curitaires et ce, \u00e0 la suite d\u2019une altercation avec eux au palais de justice au cours de la manifestation des avocats.<\/p>\n","protected":false},"excerpt":{"rendered":"<p>L\u2019avocat Mehdi Zagrouba, arr\u00eat\u00e9 lundi dernier \u00e0 la Maison de l\u2019Avocat, a comparu, ce mercredi 15 mai 2024, devant le juge d\u2019instruction. Apr\u00e8s son audience, qui&#8230;<\/p>\n","protected":false},"author":3162,"featured_media":247374,"comment_status":"open","ping_status":"closed","sticky":false,"template":"","format":"standard","meta":{"footnotes":""},"categories":[44],"tags":[3042,2886,6343],"class_list":["post-214184","post","type-post","status-publish","format-standard","has-post-thumbnail","hentry","category-national","tag-avocat","tag-mandat-de-depot","tag-mehdi-zagrouba"],"yoast_head":"<!-- This site is optimized with the Yoast SEO Premium plugin v27.5 (Yoast SEO v27.5) - https:\/\/yoast.com\/product\/yoast-seo-premium-wordpress\/ -->\n<title>Tunisie : Mandat de d\u00e9p\u00f4t \u00e0 l\u2019encontre de Mehdi Zagrouba<\/title>\n<meta name=\"description\" content=\"L\u2019avocat Mehdi Zagrouba, arr\u00eat\u00e9 lundi dernier \u00e0 la Maison de l\u2019Avocat, a comparu, ce mercredi 15 mai 2024, devant le juge d\u2019instruction. Apr\u00e8s son audience, qui...\" \/>\n<link rel=\"canonical\" href=\"https:\/\/www.webdo.tn\/fr\/actualite\/national\/tunisie-mandat-de-depot-a-l-encontre-de-mehdi-zagrouba\/214184\/\" \/>\n<meta property=\"og:locale\" content=\"fr_FR\" \/>\n<meta property=\"og:type\" content=\"article\" \/>\n<meta property=\"og:title\" content=\"Tunisie : Mandat de d\u00e9p\u00f4t \u00e0 l\u2019encontre de Mehdi Zagrouba\" \/>\n<meta property=\"og:description\" content=\"L\u2019avocat Mehdi Zagrouba, arr\u00eat\u00e9 lundi dernier \u00e0 la Maison de l\u2019Avocat, a comparu, ce mercredi 15 mai 2024, devant le juge d\u2019instruction. Apr\u00e8s son audience, qui...\" \/>\n<meta property=\"og:url\" content=\"https:\/\/www.webdo.tn\/fr\/actualite\/national\/tunisie-mandat-de-depot-a-l-encontre-de-mehdi-zagrouba\/214184\/\" \/>\n<meta property=\"og:site_name\" content=\"webdo\" \/>\n<meta property=\"article:publisher\" content=\"https:\/\/www.facebook.com\/webdotn\" \/>\n<meta property=\"article:published_time\" content=\"2024-05-15T22:25:00+00:00\" \/>\n<meta property=\"article:modified_time\" content=\"2025-05-20T21:50:38+00:00\" \/>\n<meta property=\"og:image\" content=\"https:\/\/www.webdo.tn\/fr\/wp-content\/uploads\/2024\/05\/b705bdc1cf9496c57dee49210f5143ca.webp\" \/>\n\t<meta property=\"og:image:width\" content=\"750\" \/>\n\t<meta property=\"og:image:height\" content=\"400\" \/>\n\t<meta property=\"og:image:type\" content=\"image\/webp\" \/>\n<meta name=\"author\" content=\"MC\" \/>\n<meta name=\"twitter:card\" content=\"summary_large_image\" \/>\n<meta name=\"twitter:creator\" content=\"@webdo_tn\" \/>\n<meta name=\"twitter:site\" content=\"@webdo_tn\" \/>\n<meta name=\"twitter:label1\" content=\"\u00c9crit par\" \/>\n\t<meta name=\"twitter:data1\" content=\"MC\" \/>\n\t<meta name=\"twitter:label2\" content=\"Dur\u00e9e de lecture estim\u00e9e\" \/>\n\t<meta name=\"twitter:data2\" content=\"1 minute\" \/>\n<script type=\"application\/ld+json\" class=\"yoast-schema-graph\">{\"@context\":\"https:\\\/\\\/schema.org\",\"@graph\":[{\"@type\":\"NewsArticle\",\"@id\":\"https:\\\/\\\/www.webdo.tn\\\/fr\\\/actualite\\\/national\\\/tunisie-mandat-de-depot-a-l-encontre-de-mehdi-zagrouba\\\/214184\\\/#article\",\"isPartOf\":{\"@id\":\"https:\\\/\\\/www.webdo.tn\\\/fr\\\/actualite\\\/national\\\/tunisie-mandat-de-depot-a-l-encontre-de-mehdi-zagrouba\\\/214184\\\/\"},\"author\":{\"name\":\"MC\",\"@id\":\"https:\\\/\\\/www.webdo.tn\\\/fr\\\/#\\\/schema\\\/person\\\/2c4929cbf5a809e3bd38617c6ce150f6\"},\"headline\":\"Tunisie : Mandat de d\u00e9p\u00f4t \u00e0 l\u2019encontre de Mehdi Zagrouba\",\"datePublished\":\"2024-05-15T22:25:00+00:00\",\"dateModified\":\"2025-05-20T21:50:38+00:00\",\"mainEntityOfPage\":{\"@id\":\"https:\\\/\\\/www.webdo.tn\\\/fr\\\/actualite\\\/national\\\/tunisie-mandat-de-depot-a-l-encontre-de-mehdi-zagrouba\\\/214184\\\/\"},\"wordCount\":205,\"commentCount\":0,\"publisher\":{\"@id\":\"https:\\\/\\\/www.webdo.tn\\\/fr\\\/#organization\"},\"image\":{\"@id\":\"https:\\\/\\\/www.webdo.tn\\\/fr\\\/actualite\\\/national\\\/tunisie-mandat-de-depot-a-l-encontre-de-mehdi-zagrouba\\\/214184\\\/#primaryimage\"},\"thumbnailUrl\":\"https:\\\/\\\/www.webdo.tn\\\/fr\\\/wp-content\\\/uploads\\\/2024\\\/05\\\/b705bdc1cf9496c57dee49210f5143ca.webp\",\"keywords\":[\"avocat\",\"mandat de d\u00e9p\u00f4t\",\"mehdi zagrouba\"],\"articleSection\":[\"National\"],\"inLanguage\":\"fr-FR\"},{\"@type\":\"WebPage\",\"@id\":\"https:\\\/\\\/www.webdo.tn\\\/fr\\\/actualite\\\/national\\\/tunisie-mandat-de-depot-a-l-encontre-de-mehdi-zagrouba\\\/214184\\\/\",\"url\":\"https:\\\/\\\/www.webdo.tn\\\/fr\\\/actualite\\\/national\\\/tunisie-mandat-de-depot-a-l-encontre-de-mehdi-zagrouba\\\/214184\\\/\",\"name\":\"Tunisie : Mandat de d\u00e9p\u00f4t \u00e0 l\u2019encontre de Mehdi Zagrouba\",\"isPartOf\":{\"@id\":\"https:\\\/\\\/www.webdo.tn\\\/fr\\\/#website\"},\"primaryImageOfPage\":{\"@id\":\"https:\\\/\\\/www.webdo.tn\\\/fr\\\/actualite\\\/national\\\/tunisie-mandat-de-depot-a-l-encontre-de-mehdi-zagrouba\\\/214184\\\/#primaryimage\"},\"image\":{\"@id\":\"https:\\\/\\\/www.webdo.tn\\\/fr\\\/actualite\\\/national\\\/tunisie-mandat-de-depot-a-l-encontre-de-mehdi-zagrouba\\\/214184\\\/#primaryimage\"},\"thumbnailUrl\":\"https:\\\/\\\/www.webdo.tn\\\/fr\\\/wp-content\\\/uploads\\\/2024\\\/05\\\/b705bdc1cf9496c57dee49210f5143ca.webp\",\"datePublished\":\"2024-05-15T22:25:00+00:00\",\"dateModified\":\"2025-05-20T21:50:38+00:00\",\"description\":\"L\u2019avocat Mehdi Zagrouba, arr\u00eat\u00e9 lundi dernier \u00e0 la Maison de l\u2019Avocat, a comparu, ce mercredi 15 mai 2024, devant le juge d\u2019instruction. Apr\u00e8s son audience, qui...\",\"breadcrumb\":{\"@id\":\"https:\\\/\\\/www.webdo.tn\\\/fr\\\/actualite\\\/national\\\/tunisie-mandat-de-depot-a-l-encontre-de-mehdi-zagrouba\\\/214184\\\/#breadcrumb\"},\"inLanguage\":\"fr-FR\",\"potentialAction\":[{\"@type\":\"ReadAction\",\"target\":[\"https:\\\/\\\/www.webdo.tn\\\/fr\\\/actualite\\\/national\\\/tunisie-mandat-de-depot-a-l-encontre-de-mehdi-zagrouba\\\/214184\\\/\"]}]},{\"@type\":\"ImageObject\",\"inLanguage\":\"fr-FR\",\"@id\":\"https:\\\/\\\/www.webdo.tn\\\/fr\\\/actualite\\\/national\\\/tunisie-mandat-de-depot-a-l-encontre-de-mehdi-zagrouba\\\/214184\\\/#primaryimage\",\"url\":\"https:\\\/\\\/www.webdo.tn\\\/fr\\\/wp-content\\\/uploads\\\/2024\\\/05\\\/b705bdc1cf9496c57dee49210f5143ca.webp\",\"contentUrl\":\"https:\\\/\\\/www.webdo.tn\\\/fr\\\/wp-content\\\/uploads\\\/2024\\\/05\\\/b705bdc1cf9496c57dee49210f5143ca.webp\",\"width\":750,\"height\":400,\"caption\":\"Tunisie : Mandat de d\u00e9p\u00f4t \u00e0 l\u2019encontre de Mehdi Zagrouba\"},{\"@type\":\"BreadcrumbList\",\"@id\":\"https:\\\/\\\/www.webdo.tn\\\/fr\\\/actualite\\\/national\\\/tunisie-mandat-de-depot-a-l-encontre-de-mehdi-zagrouba\\\/214184\\\/#breadcrumb\",\"itemListElement\":[{\"@type\":\"ListItem\",\"position\":1,\"name\":\"Accueil\",\"item\":\"https:\\\/\\\/www.webdo.tn\\\/fr\\\/\"},{\"@type\":\"ListItem\",\"position\":2,\"name\":\"Tunisie : Mandat de d\u00e9p\u00f4t \u00e0 l\u2019encontre de Mehdi Zagrouba\"}]},{\"@type\":\"WebSite\",\"@id\":\"https:\\\/\\\/www.webdo.tn\\\/fr\\\/#website\",\"url\":\"https:\\\/\\\/www.webdo.tn\\\/fr\\\/\",\"name\":\"webdo\",\"description\":\"Tunisie - News en Tunisie et \u00e0 l&#039;international sur Webdo.tn\",\"publisher\":{\"@id\":\"https:\\\/\\\/www.webdo.tn\\\/fr\\\/#organization\"},\"potentialAction\":[{\"@type\":\"SearchAction\",\"target\":{\"@type\":\"EntryPoint\",\"urlTemplate\":\"https:\\\/\\\/www.webdo.tn\\\/fr\\\/?s={search_term_string}\"},\"query-input\":{\"@type\":\"PropertyValueSpecification\",\"valueRequired\":true,\"valueName\":\"search_term_string\"}}],\"inLanguage\":\"fr-FR\"},{\"@type\":\"Organization\",\"@id\":\"https:\\\/\\\/www.webdo.tn\\\/fr\\\/#organization\",\"name\":\"Webdo\",\"alternateName\":\"Webdo.tn\",\"url\":\"https:\\\/\\\/www.webdo.tn\\\/fr\\\/\",\"logo\":{\"@type\":\"ImageObject\",\"inLanguage\":\"fr-FR\",\"@id\":\"https:\\\/\\\/www.webdo.tn\\\/fr\\\/#\\\/schema\\\/logo\\\/image\\\/\",\"url\":\"https:\\\/\\\/www.webdo.tn\\\/fr\\\/wp-content\\\/uploads\\\/2025\\\/06\\\/Webdo-Tunisie_168377.jpg\",\"contentUrl\":\"https:\\\/\\\/www.webdo.tn\\\/fr\\\/wp-content\\\/uploads\\\/2025\\\/06\\\/Webdo-Tunisie_168377.jpg\",\"width\":301,\"height\":301,\"caption\":\"Webdo\"},\"image\":{\"@id\":\"https:\\\/\\\/www.webdo.tn\\\/fr\\\/#\\\/schema\\\/logo\\\/image\\\/\"},\"sameAs\":[\"https:\\\/\\\/www.facebook.com\\\/webdotn\",\"https:\\\/\\\/x.com\\\/webdo_tn\"],\"description\":\"Webdo est un m\u00e9dia num\u00e9rique tunisien fond\u00e9 en 2010, sp\u00e9cialis\u00e9 dans l\u2019actualit\u00e9 nationale et internationale, l\u2019\u00e9conomie, la soci\u00e9t\u00e9 et les analyses politiques. Le site s\u2019adresse \u00e0 un large public francophone et couvre l\u2019information tunisienne en temps r\u00e9el.\",\"email\":\"redac@webdo.tn\",\"legalName\":\"YNJ SARL\",\"foundingDate\":\"2010-09-06\",\"numberOfEmployees\":{\"@type\":\"QuantitativeValue\",\"minValue\":\"11\",\"maxValue\":\"50\"}},{\"@type\":\"Person\",\"@id\":\"https:\\\/\\\/www.webdo.tn\\\/fr\\\/#\\\/schema\\\/person\\\/2c4929cbf5a809e3bd38617c6ce150f6\",\"name\":\"MC\",\"image\":{\"@type\":\"ImageObject\",\"inLanguage\":\"fr-FR\",\"@id\":\"https:\\\/\\\/secure.gravatar.com\\\/avatar\\\/a545bbb6f84efdd5553dbbc2895e3ca8f1d12c5215e00a041c9670b54aa9b18a?s=96&d=mm&r=g\",\"url\":\"https:\\\/\\\/secure.gravatar.com\\\/avatar\\\/a545bbb6f84efdd5553dbbc2895e3ca8f1d12c5215e00a041c9670b54aa9b18a?s=96&d=mm&r=g\",\"contentUrl\":\"https:\\\/\\\/secure.gravatar.com\\\/avatar\\\/a545bbb6f84efdd5553dbbc2895e3ca8f1d12c5215e00a041c9670b54aa9b18a?s=96&d=mm&r=g\",\"caption\":\"MC\"},\"url\":\"https:\\\/\\\/www.webdo.tn\\\/fr\\\/actualite\\\/author\\\/mc\\\/\"}]}<\/script>\n<!-- \/ Yoast SEO Premium plugin. -->","yoast_head_json":{"title":"Tunisie : Mandat de d\u00e9p\u00f4t \u00e0 l\u2019encontre de Mehdi Zagrouba","description":"L\u2019avocat Mehdi Zagrouba, arr\u00eat\u00e9 lundi dernier \u00e0 la Maison de l\u2019Avocat, a comparu, ce mercredi 15 mai 2024, devant le juge d\u2019instruction. Apr\u00e8s son audience, qui...","canonical":"https:\/\/www.webdo.tn\/fr\/actualite\/national\/tunisie-mandat-de-depot-a-l-encontre-de-mehdi-zagrouba\/214184\/","og_locale":"fr_FR","og_type":"article","og_title":"Tunisie : Mandat de d\u00e9p\u00f4t \u00e0 l\u2019encontre de Mehdi Zagrouba","og_description":"L\u2019avocat Mehdi Zagrouba, arr\u00eat\u00e9 lundi dernier \u00e0 la Maison de l\u2019Avocat, a comparu, ce mercredi 15 mai 2024, devant le juge d\u2019instruction. Apr\u00e8s son audience, qui...","og_url":"https:\/\/www.webdo.tn\/fr\/actualite\/national\/tunisie-mandat-de-depot-a-l-encontre-de-mehdi-zagrouba\/214184\/","og_site_name":"webdo","article_publisher":"https:\/\/www.facebook.com\/webdotn","article_published_time":"2024-05-15T22:25:00+00:00","article_modified_time":"2025-05-20T21:50:38+00:00","og_image":[{"width":750,"height":400,"url":"https:\/\/www.webdo.tn\/fr\/wp-content\/uploads\/2024\/05\/b705bdc1cf9496c57dee49210f5143ca.webp","type":"image\/webp"}],"author":"MC","twitter_card":"summary_large_image","twitter_creator":"@webdo_tn","twitter_site":"@webdo_tn","twitter_misc":{"\u00c9crit par":"MC","Dur\u00e9e de lecture estim\u00e9e":"1 minute"},"schema":{"@context":"https:\/\/schema.org","@graph":[{"@type":"NewsArticle","@id":"https:\/\/www.webdo.tn\/fr\/actualite\/national\/tunisie-mandat-de-depot-a-l-encontre-de-mehdi-zagrouba\/214184\/#article","isPartOf":{"@id":"https:\/\/www.webdo.tn\/fr\/actualite\/national\/tunisie-mandat-de-depot-a-l-encontre-de-mehdi-zagrouba\/214184\/"},"author":{"name":"MC","@id":"https:\/\/www.webdo.tn\/fr\/#\/schema\/person\/2c4929cbf5a809e3bd38617c6ce150f6"},"headline":"Tunisie : Mandat de d\u00e9p\u00f4t \u00e0 l\u2019encontre de Mehdi Zagrouba","datePublished":"2024-05-15T22:25:00+00:00","dateModified":"2025-05-20T21:50:38+00:00","mainEntityOfPage":{"@id":"https:\/\/www.webdo.tn\/fr\/actualite\/national\/tunisie-mandat-de-depot-a-l-encontre-de-mehdi-zagrouba\/214184\/"},"wordCount":205,"commentCount":0,"publisher":{"@id":"https:\/\/www.webdo.tn\/fr\/#organization"},"image":{"@id":"https:\/\/www.webdo.tn\/fr\/actualite\/national\/tunisie-mandat-de-depot-a-l-encontre-de-mehdi-zagrouba\/214184\/#primaryimage"},"thumbnailUrl":"https:\/\/www.webdo.tn\/fr\/wp-content\/uploads\/2024\/05\/b705bdc1cf9496c57dee49210f5143ca.webp","keywords":["avocat","mandat de d\u00e9p\u00f4t","mehdi zagrouba"],"articleSection":["National"],"inLanguage":"fr-FR"},{"@type":"WebPage","@id":"https:\/\/www.webdo.tn\/fr\/actualite\/national\/tunisie-mandat-de-depot-a-l-encontre-de-mehdi-zagrouba\/214184\/","url":"https:\/\/www.webdo.tn\/fr\/actualite\/national\/tunisie-mandat-de-depot-a-l-encontre-de-mehdi-zagrouba\/214184\/","name":"Tunisie : Mandat de d\u00e9p\u00f4t \u00e0 l\u2019encontre de Mehdi Zagrouba","isPartOf":{"@id":"https:\/\/www.webdo.tn\/fr\/#website"},"primaryImageOfPage":{"@id":"https:\/\/www.webdo.tn\/fr\/actualite\/national\/tunisie-mandat-de-depot-a-l-encontre-de-mehdi-zagrouba\/214184\/#primaryimage"},"image":{"@id":"https:\/\/www.webdo.tn\/fr\/actualite\/national\/tunisie-mandat-de-depot-a-l-encontre-de-mehdi-zagrouba\/214184\/#primaryimage"},"thumbnailUrl":"https:\/\/www.webdo.tn\/fr\/wp-content\/uploads\/2024\/05\/b705bdc1cf9496c57dee49210f5143ca.webp","datePublished":"2024-05-15T22:25:00+00:00","dateModified":"2025-05-20T21:50:38+00:00","description":"L\u2019avocat Mehdi Zagrouba, arr\u00eat\u00e9 lundi dernier \u00e0 la Maison de l\u2019Avocat, a comparu, ce mercredi 15 mai 2024, devant le juge d\u2019instruction. Apr\u00e8s son audience, qui...","breadcrumb":{"@id":"https:\/\/www.webdo.tn\/fr\/actualite\/national\/tunisie-mandat-de-depot-a-l-encontre-de-mehdi-zagrouba\/214184\/#breadcrumb"},"inLanguage":"fr-FR","potentialAction":[{"@type":"ReadAction","target":["https:\/\/www.webdo.tn\/fr\/actualite\/national\/tunisie-mandat-de-depot-a-l-encontre-de-mehdi-zagrouba\/214184\/"]}]},{"@type":"ImageObject","inLanguage":"fr-FR","@id":"https:\/\/www.webdo.tn\/fr\/actualite\/national\/tunisie-mandat-de-depot-a-l-encontre-de-mehdi-zagrouba\/214184\/#primaryimage","url":"https:\/\/www.webdo.tn\/fr\/wp-content\/uploads\/2024\/05\/b705bdc1cf9496c57dee49210f5143ca.webp","contentUrl":"https:\/\/www.webdo.tn\/fr\/wp-content\/uploads\/2024\/05\/b705bdc1cf9496c57dee49210f5143ca.webp","width":750,"height":400,"caption":"Tunisie : Mandat de d\u00e9p\u00f4t \u00e0 l\u2019encontre de Mehdi Zagrouba"},{"@type":"BreadcrumbList","@id":"https:\/\/www.webdo.tn\/fr\/actualite\/national\/tunisie-mandat-de-depot-a-l-encontre-de-mehdi-zagrouba\/214184\/#breadcrumb","itemListElement":[{"@type":"ListItem","position":1,"name":"Accueil","item":"https:\/\/www.webdo.tn\/fr\/"},{"@type":"ListItem","position":2,"name":"Tunisie : Mandat de d\u00e9p\u00f4t \u00e0 l\u2019encontre de Mehdi Zagrouba"}]},{"@type":"WebSite","@id":"https:\/\/www.webdo.tn\/fr\/#website","url":"https:\/\/www.webdo.tn\/fr\/","name":"webdo","description":"Tunisie - News en Tunisie et \u00e0 l&#039;international sur Webdo.tn","publisher":{"@id":"https:\/\/www.webdo.tn\/fr\/#organization"},"potentialAction":[{"@type":"SearchAction","target":{"@type":"EntryPoint","urlTemplate":"https:\/\/www.webdo.tn\/fr\/?s={search_term_string}"},"query-input":{"@type":"PropertyValueSpecification","valueRequired":true,"valueName":"search_term_string"}}],"inLanguage":"fr-FR"},{"@type":"Organization","@id":"https:\/\/www.webdo.tn\/fr\/#organization","name":"Webdo","alternateName":"Webdo.tn","url":"https:\/\/www.webdo.tn\/fr\/","logo":{"@type":"ImageObject","inLanguage":"fr-FR","@id":"https:\/\/www.webdo.tn\/fr\/#\/schema\/logo\/image\/","url":"https:\/\/www.webdo.tn\/fr\/wp-content\/uploads\/2025\/06\/Webdo-Tunisie_168377.jpg","contentUrl":"https:\/\/www.webdo.tn\/fr\/wp-content\/uploads\/2025\/06\/Webdo-Tunisie_168377.jpg","width":301,"height":301,"caption":"Webdo"},"image":{"@id":"https:\/\/www.webdo.tn\/fr\/#\/schema\/logo\/image\/"},"sameAs":["https:\/\/www.facebook.com\/webdotn","https:\/\/x.com\/webdo_tn"],"description":"Webdo est un m\u00e9dia num\u00e9rique tunisien fond\u00e9 en 2010, sp\u00e9cialis\u00e9 dans l\u2019actualit\u00e9 nationale et internationale, l\u2019\u00e9conomie, la soci\u00e9t\u00e9 et les analyses politiques. Le site s\u2019adresse \u00e0 un large public francophone et couvre l\u2019information tunisienne en temps r\u00e9el.","email":"redac@webdo.tn","legalName":"YNJ SARL","foundingDate":"2010-09-06","numberOfEmployees":{"@type":"QuantitativeValue","minValue":"11","maxValue":"50"}},{"@type":"Person","@id":"https:\/\/www.webdo.tn\/fr\/#\/schema\/person\/2c4929cbf5a809e3bd38617c6ce150f6","name":"MC","image":{"@type":"ImageObject","inLanguage":"fr-FR","@id":"https:\/\/secure.gravatar.com\/avatar\/a545bbb6f84efdd5553dbbc2895e3ca8f1d12c5215e00a041c9670b54aa9b18a?s=96&d=mm&r=g","url":"https:\/\/secure.gravatar.com\/avatar\/a545bbb6f84efdd5553dbbc2895e3ca8f1d12c5215e00a041c9670b54aa9b18a?s=96&d=mm&r=g","contentUrl":"https:\/\/secure.gravatar.com\/avatar\/a545bbb6f84efdd5553dbbc2895e3ca8f1d12c5215e00a041c9670b54aa9b18a?s=96&d=mm&r=g","caption":"MC"},"url":"https:\/\/www.webdo.tn\/fr\/actualite\/author\/mc\/"}]}},"_links":{"self":[{"href":"https:\/\/www.webdo.tn\/fr\/wp-json\/wp\/v2\/posts\/214184","targetHints":{"allow":["GET"]}}],"collection":[{"href":"https:\/\/www.webdo.tn\/fr\/wp-json\/wp\/v2\/posts"}],"about":[{"href":"https:\/\/www.webdo.tn\/fr\/wp-json\/wp\/v2\/types\/post"}],"author":[{"embeddable":true,"href":"https:\/\/www.webdo.tn\/fr\/wp-json\/wp\/v2\/users\/3162"}],"replies":[{"embeddable":true,"href":"https:\/\/www.webdo.tn\/fr\/wp-json\/wp\/v2\/comments?post=214184"}],"version-history":[{"count":0,"href":"https:\/\/www.webdo.tn\/fr\/wp-json\/wp\/v2\/posts\/214184\/revisions"}],"wp:featuredmedia":[{"embeddable":true,"href":"https:\/\/www.webdo.tn\/fr\/wp-json\/wp\/v2\/media\/247374"}],"wp:attachment":[{"href":"https:\/\/www.webdo.tn\/fr\/wp-json\/wp\/v2\/media?parent=214184"}],"wp:term":[{"taxonomy":"category","embeddable":true,"href":"https:\/\/www.webdo.tn\/fr\/wp-json\/wp\/v2\/categories?post=214184"},{"taxonomy":"post_tag","embeddable":true,"href":"https:\/\/www.webdo.tn\/fr\/wp-json\/wp\/v2\/tags?post=214184"}],"curies":[{"name":"wp","href":"https:\/\/api.w.org\/{rel}","templated":true}]}}