{"id":214183,"date":"2024-05-15T20:56:00","date_gmt":"2024-05-15T20:56:00","guid":{"rendered":"https:\/\/www.webdo.tn\/fr\/blog\/arrestations-en-tunisie-la-reaction-de-washington\/214183\/"},"modified":"2025-05-20T21:50:37","modified_gmt":"2025-05-20T21:50:37","slug":"arrestations-en-tunisie-la-reaction-de-washington","status":"publish","type":"post","link":"https:\/\/www.webdo.tn\/fr\/actualite\/national\/arrestations-en-tunisie-la-reaction-de-washington\/214183\/","title":{"rendered":"Arrestations en Tunisie : La r\u00e9action de Washington\u2026"},"content":{"rendered":"<p>Apr\u00e8s la France et l\u2019Union europ\u00e9enne, au tour des Etats-Unis de r\u00e9agir aux r\u00e9centes arrestations en Tunisie dont notamment celles de Sonia Dahmani, Borhen Bssaies et Mourad Zghidi.<\/p>\n<p>\t\t\t\t\t\t\t\t\tLors de la conf\u00e9rence de presse quotidienne du D\u00e9partement d\u2019Etat, tenue mardi 14 mai 2024, Vedant Patel, porte-parole adjoint principal du D\u00e9partement d&rsquo;\u00c9tat US, est revenu sur les arrestations de l\u2019avocate Sonia Dahmani et des journalistes Borhen Bssaies et Mourad Zghidi en r\u00e9ponse aux questions des journalistes.<\/p>\n<p>Patel a \u00e9voqu\u00e9 des \u00ab\u00a0rapports selon lesquels des entit\u00e9s du gouvernement tunisien ont p\u00e9n\u00e9tr\u00e9 dans la Maison de l\u2019Avocat et ont arr\u00eat\u00e9 un certain nombre de personnalit\u00e9s des m\u00e9dias et d\u00e9tenu des repr\u00e9sentants de la soci\u00e9t\u00e9 civile au cours des derniers jours\u00a0\u00bb.<\/p>\n<p>\u00ab\u00a0Les \u00c9tats-Unis s\u2019engagent directement avec le gouvernement tunisien \u00e0 tous les niveaux pour soutenir les droits de l&rsquo;Homme, y compris la libert\u00e9 d&rsquo;expression en Tunisie\u00a0\u00bb, a-t-il dit, pr\u00e9cisant que \u00ab\u00a0ce type d\u2019action est incompatible avec ce que Washington consid\u00e8re comme des droits universels explicitement garantis dans la constitution tunisienne, et nous l\u2019avons dit clairement \u00e0 tous les niveaux\u00a0\u00bb.<\/p>\n<p>Pour rappel, Sonia Dahmani a \u00e9t\u00e9 arr\u00eat\u00e9e dans la soir\u00e9e de samedi 11 mai. Faisant l\u2019objet d\u2019un mandat d\u2019amener, elle a \u00e9t\u00e9 interpell\u00e9e suite \u00e0 un assaut des agents des forces de l\u2019ordre \u00e0 la Maison de l\u2019Avocat.<\/p>\n<p>Elle a fait l\u2019objet, lundi d\u2019un mandat de d\u00e9p\u00f4t et est poursuivie dans trois affaires distinctes toutes en rapport avec le D\u00e9cret-loi 54. Sa premi\u00e8re audience est fix\u00e9e au 20 mai prochain.<\/p>\n<p>Le 11 mai \u00e9galement, les deux journalistes Mourad Zghidi et Borhen Bssaies ont \u00e9t\u00e9 interrog\u00e9s avant d\u2019\u00eatre plac\u00e9s en garde \u00e0 vue. Aujourd\u2019hui, ils ont fait l\u2019objet d\u2019un mandat de d\u00e9p\u00f4t et leur audience est fix\u00e9e au 22 mai prochain alors qu\u2019ils sont poursuivis pour des d\u00e9clarations m\u00e9diatiques et des statuts sur les r\u00e9seaux sociaux, certains datant de 2020 et pouvant porter atteinte au pr\u00e9sident de la R\u00e9publique.<\/p>\n","protected":false},"excerpt":{"rendered":"<p>Apr\u00e8s la France et l\u2019Union europ\u00e9enne, au tour des Etats-Unis de r\u00e9agir aux r\u00e9centes arrestations en Tunisie dont notamment celles de Sonia Dahmani, Borhen Bssa&#8230;<\/p>\n","protected":false},"author":3162,"featured_media":247373,"comment_status":"open","ping_status":"closed","sticky":false,"template":"","format":"standard","meta":{"footnotes":""},"categories":[44],"tags":[6449,3035,2758,2886,6448,3313],"class_list":["post-214183","post","type-post","status-publish","format-standard","has-post-thumbnail","hentry","category-national","tag-borhen-bssaies","tag-etats-unis","tag-journalistes","tag-mandat-de-depot","tag-mourad-zghidi","tag-sonia-dahmani"],"yoast_head":"<!-- This site is optimized with the Yoast SEO Premium plugin v27.5 (Yoast SEO v27.5) - https:\/\/yoast.com\/product\/yoast-seo-premium-wordpress\/ -->\n<title>Arrestations en Tunisie : La r\u00e9action de Washington\u2026<\/title>\n<meta name=\"description\" content=\"Apr\u00e8s la France et l\u2019Union europ\u00e9enne, au tour des Etats-Unis de r\u00e9agir aux r\u00e9centes arrestations en Tunisie dont notamment celles de Sonia Dahmani, Borhen Bssa...\" \/>\n<link rel=\"canonical\" href=\"https:\/\/www.webdo.tn\/fr\/actualite\/national\/arrestations-en-tunisie-la-reaction-de-washington\/214183\/\" \/>\n<meta property=\"og:locale\" content=\"fr_FR\" \/>\n<meta property=\"og:type\" content=\"article\" \/>\n<meta property=\"og:title\" content=\"Arrestations en Tunisie : La r\u00e9action de Washington\u2026\" \/>\n<meta property=\"og:description\" content=\"Apr\u00e8s la France et l\u2019Union europ\u00e9enne, au tour des Etats-Unis de r\u00e9agir aux r\u00e9centes arrestations en Tunisie dont notamment celles de Sonia Dahmani, Borhen Bssa...\" \/>\n<meta property=\"og:url\" content=\"https:\/\/www.webdo.tn\/fr\/actualite\/national\/arrestations-en-tunisie-la-reaction-de-washington\/214183\/\" \/>\n<meta property=\"og:site_name\" content=\"webdo\" \/>\n<meta property=\"article:publisher\" content=\"https:\/\/www.facebook.com\/webdotn\" \/>\n<meta property=\"article:published_time\" content=\"2024-05-15T20:56:00+00:00\" \/>\n<meta property=\"article:modified_time\" content=\"2025-05-20T21:50:37+00:00\" \/>\n<meta property=\"og:image\" content=\"https:\/\/www.webdo.tn\/fr\/wp-content\/uploads\/2024\/05\/55a863c0e7888a26afda4b0968cf6146.webp\" \/>\n\t<meta property=\"og:image:width\" content=\"750\" \/>\n\t<meta property=\"og:image:height\" content=\"400\" \/>\n\t<meta property=\"og:image:type\" content=\"image\/webp\" \/>\n<meta name=\"author\" content=\"MC\" \/>\n<meta name=\"twitter:card\" content=\"summary_large_image\" \/>\n<meta name=\"twitter:creator\" content=\"@webdo_tn\" \/>\n<meta name=\"twitter:site\" content=\"@webdo_tn\" \/>\n<meta name=\"twitter:label1\" content=\"\u00c9crit par\" \/>\n\t<meta name=\"twitter:data1\" content=\"MC\" \/>\n\t<meta name=\"twitter:label2\" content=\"Dur\u00e9e de lecture estim\u00e9e\" \/>\n\t<meta name=\"twitter:data2\" content=\"2 minutes\" \/>\n<script type=\"application\/ld+json\" class=\"yoast-schema-graph\">{\"@context\":\"https:\\\/\\\/schema.org\",\"@graph\":[{\"@type\":\"NewsArticle\",\"@id\":\"https:\\\/\\\/www.webdo.tn\\\/fr\\\/actualite\\\/national\\\/arrestations-en-tunisie-la-reaction-de-washington\\\/214183\\\/#article\",\"isPartOf\":{\"@id\":\"https:\\\/\\\/www.webdo.tn\\\/fr\\\/actualite\\\/national\\\/arrestations-en-tunisie-la-reaction-de-washington\\\/214183\\\/\"},\"author\":{\"name\":\"MC\",\"@id\":\"https:\\\/\\\/www.webdo.tn\\\/fr\\\/#\\\/schema\\\/person\\\/2c4929cbf5a809e3bd38617c6ce150f6\"},\"headline\":\"Arrestations en Tunisie : La r\u00e9action de Washington\u2026\",\"datePublished\":\"2024-05-15T20:56:00+00:00\",\"dateModified\":\"2025-05-20T21:50:37+00:00\",\"mainEntityOfPage\":{\"@id\":\"https:\\\/\\\/www.webdo.tn\\\/fr\\\/actualite\\\/national\\\/arrestations-en-tunisie-la-reaction-de-washington\\\/214183\\\/\"},\"wordCount\":368,\"commentCount\":0,\"publisher\":{\"@id\":\"https:\\\/\\\/www.webdo.tn\\\/fr\\\/#organization\"},\"image\":{\"@id\":\"https:\\\/\\\/www.webdo.tn\\\/fr\\\/actualite\\\/national\\\/arrestations-en-tunisie-la-reaction-de-washington\\\/214183\\\/#primaryimage\"},\"thumbnailUrl\":\"https:\\\/\\\/www.webdo.tn\\\/fr\\\/wp-content\\\/uploads\\\/2024\\\/05\\\/55a863c0e7888a26afda4b0968cf6146.webp\",\"keywords\":[\"borhen bssaies\",\"Etats-Unis\",\"Journalistes\",\"mandat de d\u00e9p\u00f4t\",\"Mourad Zghidi\",\"sonia dahmani\"],\"articleSection\":[\"National\"],\"inLanguage\":\"fr-FR\"},{\"@type\":\"WebPage\",\"@id\":\"https:\\\/\\\/www.webdo.tn\\\/fr\\\/actualite\\\/national\\\/arrestations-en-tunisie-la-reaction-de-washington\\\/214183\\\/\",\"url\":\"https:\\\/\\\/www.webdo.tn\\\/fr\\\/actualite\\\/national\\\/arrestations-en-tunisie-la-reaction-de-washington\\\/214183\\\/\",\"name\":\"Arrestations en Tunisie : La r\u00e9action de Washington\u2026\",\"isPartOf\":{\"@id\":\"https:\\\/\\\/www.webdo.tn\\\/fr\\\/#website\"},\"primaryImageOfPage\":{\"@id\":\"https:\\\/\\\/www.webdo.tn\\\/fr\\\/actualite\\\/national\\\/arrestations-en-tunisie-la-reaction-de-washington\\\/214183\\\/#primaryimage\"},\"image\":{\"@id\":\"https:\\\/\\\/www.webdo.tn\\\/fr\\\/actualite\\\/national\\\/arrestations-en-tunisie-la-reaction-de-washington\\\/214183\\\/#primaryimage\"},\"thumbnailUrl\":\"https:\\\/\\\/www.webdo.tn\\\/fr\\\/wp-content\\\/uploads\\\/2024\\\/05\\\/55a863c0e7888a26afda4b0968cf6146.webp\",\"datePublished\":\"2024-05-15T20:56:00+00:00\",\"dateModified\":\"2025-05-20T21:50:37+00:00\",\"description\":\"Apr\u00e8s la France et l\u2019Union europ\u00e9enne, au tour des Etats-Unis de r\u00e9agir aux r\u00e9centes arrestations en Tunisie dont notamment celles de Sonia Dahmani, Borhen Bssa...\",\"breadcrumb\":{\"@id\":\"https:\\\/\\\/www.webdo.tn\\\/fr\\\/actualite\\\/national\\\/arrestations-en-tunisie-la-reaction-de-washington\\\/214183\\\/#breadcrumb\"},\"inLanguage\":\"fr-FR\",\"potentialAction\":[{\"@type\":\"ReadAction\",\"target\":[\"https:\\\/\\\/www.webdo.tn\\\/fr\\\/actualite\\\/national\\\/arrestations-en-tunisie-la-reaction-de-washington\\\/214183\\\/\"]}]},{\"@type\":\"ImageObject\",\"inLanguage\":\"fr-FR\",\"@id\":\"https:\\\/\\\/www.webdo.tn\\\/fr\\\/actualite\\\/national\\\/arrestations-en-tunisie-la-reaction-de-washington\\\/214183\\\/#primaryimage\",\"url\":\"https:\\\/\\\/www.webdo.tn\\\/fr\\\/wp-content\\\/uploads\\\/2024\\\/05\\\/55a863c0e7888a26afda4b0968cf6146.webp\",\"contentUrl\":\"https:\\\/\\\/www.webdo.tn\\\/fr\\\/wp-content\\\/uploads\\\/2024\\\/05\\\/55a863c0e7888a26afda4b0968cf6146.webp\",\"width\":750,\"height\":400,\"caption\":\"Arrestations en Tunisie : La r\u00e9action de Washington\u2026\"},{\"@type\":\"BreadcrumbList\",\"@id\":\"https:\\\/\\\/www.webdo.tn\\\/fr\\\/actualite\\\/national\\\/arrestations-en-tunisie-la-reaction-de-washington\\\/214183\\\/#breadcrumb\",\"itemListElement\":[{\"@type\":\"ListItem\",\"position\":1,\"name\":\"Accueil\",\"item\":\"https:\\\/\\\/www.webdo.tn\\\/fr\\\/\"},{\"@type\":\"ListItem\",\"position\":2,\"name\":\"Arrestations en Tunisie : La r\u00e9action de Washington\u2026\"}]},{\"@type\":\"WebSite\",\"@id\":\"https:\\\/\\\/www.webdo.tn\\\/fr\\\/#website\",\"url\":\"https:\\\/\\\/www.webdo.tn\\\/fr\\\/\",\"name\":\"webdo\",\"description\":\"Tunisie - News en Tunisie et \u00e0 l&#039;international sur Webdo.tn\",\"publisher\":{\"@id\":\"https:\\\/\\\/www.webdo.tn\\\/fr\\\/#organization\"},\"potentialAction\":[{\"@type\":\"SearchAction\",\"target\":{\"@type\":\"EntryPoint\",\"urlTemplate\":\"https:\\\/\\\/www.webdo.tn\\\/fr\\\/?s={search_term_string}\"},\"query-input\":{\"@type\":\"PropertyValueSpecification\",\"valueRequired\":true,\"valueName\":\"search_term_string\"}}],\"inLanguage\":\"fr-FR\"},{\"@type\":\"Organization\",\"@id\":\"https:\\\/\\\/www.webdo.tn\\\/fr\\\/#organization\",\"name\":\"Webdo\",\"alternateName\":\"Webdo.tn\",\"url\":\"https:\\\/\\\/www.webdo.tn\\\/fr\\\/\",\"logo\":{\"@type\":\"ImageObject\",\"inLanguage\":\"fr-FR\",\"@id\":\"https:\\\/\\\/www.webdo.tn\\\/fr\\\/#\\\/schema\\\/logo\\\/image\\\/\",\"url\":\"https:\\\/\\\/www.webdo.tn\\\/fr\\\/wp-content\\\/uploads\\\/2025\\\/06\\\/Webdo-Tunisie_168377.jpg\",\"contentUrl\":\"https:\\\/\\\/www.webdo.tn\\\/fr\\\/wp-content\\\/uploads\\\/2025\\\/06\\\/Webdo-Tunisie_168377.jpg\",\"width\":301,\"height\":301,\"caption\":\"Webdo\"},\"image\":{\"@id\":\"https:\\\/\\\/www.webdo.tn\\\/fr\\\/#\\\/schema\\\/logo\\\/image\\\/\"},\"sameAs\":[\"https:\\\/\\\/www.facebook.com\\\/webdotn\",\"https:\\\/\\\/x.com\\\/webdo_tn\"],\"description\":\"Webdo est un m\u00e9dia num\u00e9rique tunisien fond\u00e9 en 2010, sp\u00e9cialis\u00e9 dans l\u2019actualit\u00e9 nationale et internationale, l\u2019\u00e9conomie, la soci\u00e9t\u00e9 et les analyses politiques. Le site s\u2019adresse \u00e0 un large public francophone et couvre l\u2019information tunisienne en temps r\u00e9el.\",\"email\":\"redac@webdo.tn\",\"legalName\":\"YNJ SARL\",\"foundingDate\":\"2010-09-06\",\"numberOfEmployees\":{\"@type\":\"QuantitativeValue\",\"minValue\":\"11\",\"maxValue\":\"50\"}},{\"@type\":\"Person\",\"@id\":\"https:\\\/\\\/www.webdo.tn\\\/fr\\\/#\\\/schema\\\/person\\\/2c4929cbf5a809e3bd38617c6ce150f6\",\"name\":\"MC\",\"image\":{\"@type\":\"ImageObject\",\"inLanguage\":\"fr-FR\",\"@id\":\"https:\\\/\\\/secure.gravatar.com\\\/avatar\\\/a545bbb6f84efdd5553dbbc2895e3ca8f1d12c5215e00a041c9670b54aa9b18a?s=96&d=mm&r=g\",\"url\":\"https:\\\/\\\/secure.gravatar.com\\\/avatar\\\/a545bbb6f84efdd5553dbbc2895e3ca8f1d12c5215e00a041c9670b54aa9b18a?s=96&d=mm&r=g\",\"contentUrl\":\"https:\\\/\\\/secure.gravatar.com\\\/avatar\\\/a545bbb6f84efdd5553dbbc2895e3ca8f1d12c5215e00a041c9670b54aa9b18a?s=96&d=mm&r=g\",\"caption\":\"MC\"},\"url\":\"https:\\\/\\\/www.webdo.tn\\\/fr\\\/actualite\\\/author\\\/mc\\\/\"}]}<\/script>\n<!-- \/ Yoast SEO Premium plugin. -->","yoast_head_json":{"title":"Arrestations en Tunisie : La r\u00e9action de Washington\u2026","description":"Apr\u00e8s la France et l\u2019Union europ\u00e9enne, au tour des Etats-Unis de r\u00e9agir aux r\u00e9centes arrestations en Tunisie dont notamment celles de Sonia Dahmani, Borhen Bssa...","canonical":"https:\/\/www.webdo.tn\/fr\/actualite\/national\/arrestations-en-tunisie-la-reaction-de-washington\/214183\/","og_locale":"fr_FR","og_type":"article","og_title":"Arrestations en Tunisie : La r\u00e9action de Washington\u2026","og_description":"Apr\u00e8s la France et l\u2019Union europ\u00e9enne, au tour des Etats-Unis de r\u00e9agir aux r\u00e9centes arrestations en Tunisie dont notamment celles de Sonia Dahmani, Borhen Bssa...","og_url":"https:\/\/www.webdo.tn\/fr\/actualite\/national\/arrestations-en-tunisie-la-reaction-de-washington\/214183\/","og_site_name":"webdo","article_publisher":"https:\/\/www.facebook.com\/webdotn","article_published_time":"2024-05-15T20:56:00+00:00","article_modified_time":"2025-05-20T21:50:37+00:00","og_image":[{"width":750,"height":400,"url":"https:\/\/www.webdo.tn\/fr\/wp-content\/uploads\/2024\/05\/55a863c0e7888a26afda4b0968cf6146.webp","type":"image\/webp"}],"author":"MC","twitter_card":"summary_large_image","twitter_creator":"@webdo_tn","twitter_site":"@webdo_tn","twitter_misc":{"\u00c9crit par":"MC","Dur\u00e9e de lecture estim\u00e9e":"2 minutes"},"schema":{"@context":"https:\/\/schema.org","@graph":[{"@type":"NewsArticle","@id":"https:\/\/www.webdo.tn\/fr\/actualite\/national\/arrestations-en-tunisie-la-reaction-de-washington\/214183\/#article","isPartOf":{"@id":"https:\/\/www.webdo.tn\/fr\/actualite\/national\/arrestations-en-tunisie-la-reaction-de-washington\/214183\/"},"author":{"name":"MC","@id":"https:\/\/www.webdo.tn\/fr\/#\/schema\/person\/2c4929cbf5a809e3bd38617c6ce150f6"},"headline":"Arrestations en Tunisie : La r\u00e9action de Washington\u2026","datePublished":"2024-05-15T20:56:00+00:00","dateModified":"2025-05-20T21:50:37+00:00","mainEntityOfPage":{"@id":"https:\/\/www.webdo.tn\/fr\/actualite\/national\/arrestations-en-tunisie-la-reaction-de-washington\/214183\/"},"wordCount":368,"commentCount":0,"publisher":{"@id":"https:\/\/www.webdo.tn\/fr\/#organization"},"image":{"@id":"https:\/\/www.webdo.tn\/fr\/actualite\/national\/arrestations-en-tunisie-la-reaction-de-washington\/214183\/#primaryimage"},"thumbnailUrl":"https:\/\/www.webdo.tn\/fr\/wp-content\/uploads\/2024\/05\/55a863c0e7888a26afda4b0968cf6146.webp","keywords":["borhen bssaies","Etats-Unis","Journalistes","mandat de d\u00e9p\u00f4t","Mourad Zghidi","sonia dahmani"],"articleSection":["National"],"inLanguage":"fr-FR"},{"@type":"WebPage","@id":"https:\/\/www.webdo.tn\/fr\/actualite\/national\/arrestations-en-tunisie-la-reaction-de-washington\/214183\/","url":"https:\/\/www.webdo.tn\/fr\/actualite\/national\/arrestations-en-tunisie-la-reaction-de-washington\/214183\/","name":"Arrestations en Tunisie : La r\u00e9action de Washington\u2026","isPartOf":{"@id":"https:\/\/www.webdo.tn\/fr\/#website"},"primaryImageOfPage":{"@id":"https:\/\/www.webdo.tn\/fr\/actualite\/national\/arrestations-en-tunisie-la-reaction-de-washington\/214183\/#primaryimage"},"image":{"@id":"https:\/\/www.webdo.tn\/fr\/actualite\/national\/arrestations-en-tunisie-la-reaction-de-washington\/214183\/#primaryimage"},"thumbnailUrl":"https:\/\/www.webdo.tn\/fr\/wp-content\/uploads\/2024\/05\/55a863c0e7888a26afda4b0968cf6146.webp","datePublished":"2024-05-15T20:56:00+00:00","dateModified":"2025-05-20T21:50:37+00:00","description":"Apr\u00e8s la France et l\u2019Union europ\u00e9enne, au tour des Etats-Unis de r\u00e9agir aux r\u00e9centes arrestations en Tunisie dont notamment celles de Sonia Dahmani, Borhen Bssa...","breadcrumb":{"@id":"https:\/\/www.webdo.tn\/fr\/actualite\/national\/arrestations-en-tunisie-la-reaction-de-washington\/214183\/#breadcrumb"},"inLanguage":"fr-FR","potentialAction":[{"@type":"ReadAction","target":["https:\/\/www.webdo.tn\/fr\/actualite\/national\/arrestations-en-tunisie-la-reaction-de-washington\/214183\/"]}]},{"@type":"ImageObject","inLanguage":"fr-FR","@id":"https:\/\/www.webdo.tn\/fr\/actualite\/national\/arrestations-en-tunisie-la-reaction-de-washington\/214183\/#primaryimage","url":"https:\/\/www.webdo.tn\/fr\/wp-content\/uploads\/2024\/05\/55a863c0e7888a26afda4b0968cf6146.webp","contentUrl":"https:\/\/www.webdo.tn\/fr\/wp-content\/uploads\/2024\/05\/55a863c0e7888a26afda4b0968cf6146.webp","width":750,"height":400,"caption":"Arrestations en Tunisie : La r\u00e9action de Washington\u2026"},{"@type":"BreadcrumbList","@id":"https:\/\/www.webdo.tn\/fr\/actualite\/national\/arrestations-en-tunisie-la-reaction-de-washington\/214183\/#breadcrumb","itemListElement":[{"@type":"ListItem","position":1,"name":"Accueil","item":"https:\/\/www.webdo.tn\/fr\/"},{"@type":"ListItem","position":2,"name":"Arrestations en Tunisie : La r\u00e9action de Washington\u2026"}]},{"@type":"WebSite","@id":"https:\/\/www.webdo.tn\/fr\/#website","url":"https:\/\/www.webdo.tn\/fr\/","name":"webdo","description":"Tunisie - News en Tunisie et \u00e0 l&#039;international sur Webdo.tn","publisher":{"@id":"https:\/\/www.webdo.tn\/fr\/#organization"},"potentialAction":[{"@type":"SearchAction","target":{"@type":"EntryPoint","urlTemplate":"https:\/\/www.webdo.tn\/fr\/?s={search_term_string}"},"query-input":{"@type":"PropertyValueSpecification","valueRequired":true,"valueName":"search_term_string"}}],"inLanguage":"fr-FR"},{"@type":"Organization","@id":"https:\/\/www.webdo.tn\/fr\/#organization","name":"Webdo","alternateName":"Webdo.tn","url":"https:\/\/www.webdo.tn\/fr\/","logo":{"@type":"ImageObject","inLanguage":"fr-FR","@id":"https:\/\/www.webdo.tn\/fr\/#\/schema\/logo\/image\/","url":"https:\/\/www.webdo.tn\/fr\/wp-content\/uploads\/2025\/06\/Webdo-Tunisie_168377.jpg","contentUrl":"https:\/\/www.webdo.tn\/fr\/wp-content\/uploads\/2025\/06\/Webdo-Tunisie_168377.jpg","width":301,"height":301,"caption":"Webdo"},"image":{"@id":"https:\/\/www.webdo.tn\/fr\/#\/schema\/logo\/image\/"},"sameAs":["https:\/\/www.facebook.com\/webdotn","https:\/\/x.com\/webdo_tn"],"description":"Webdo est un m\u00e9dia num\u00e9rique tunisien fond\u00e9 en 2010, sp\u00e9cialis\u00e9 dans l\u2019actualit\u00e9 nationale et internationale, l\u2019\u00e9conomie, la soci\u00e9t\u00e9 et les analyses politiques. Le site s\u2019adresse \u00e0 un large public francophone et couvre l\u2019information tunisienne en temps r\u00e9el.","email":"redac@webdo.tn","legalName":"YNJ SARL","foundingDate":"2010-09-06","numberOfEmployees":{"@type":"QuantitativeValue","minValue":"11","maxValue":"50"}},{"@type":"Person","@id":"https:\/\/www.webdo.tn\/fr\/#\/schema\/person\/2c4929cbf5a809e3bd38617c6ce150f6","name":"MC","image":{"@type":"ImageObject","inLanguage":"fr-FR","@id":"https:\/\/secure.gravatar.com\/avatar\/a545bbb6f84efdd5553dbbc2895e3ca8f1d12c5215e00a041c9670b54aa9b18a?s=96&d=mm&r=g","url":"https:\/\/secure.gravatar.com\/avatar\/a545bbb6f84efdd5553dbbc2895e3ca8f1d12c5215e00a041c9670b54aa9b18a?s=96&d=mm&r=g","contentUrl":"https:\/\/secure.gravatar.com\/avatar\/a545bbb6f84efdd5553dbbc2895e3ca8f1d12c5215e00a041c9670b54aa9b18a?s=96&d=mm&r=g","caption":"MC"},"url":"https:\/\/www.webdo.tn\/fr\/actualite\/author\/mc\/"}]}},"_links":{"self":[{"href":"https:\/\/www.webdo.tn\/fr\/wp-json\/wp\/v2\/posts\/214183","targetHints":{"allow":["GET"]}}],"collection":[{"href":"https:\/\/www.webdo.tn\/fr\/wp-json\/wp\/v2\/posts"}],"about":[{"href":"https:\/\/www.webdo.tn\/fr\/wp-json\/wp\/v2\/types\/post"}],"author":[{"embeddable":true,"href":"https:\/\/www.webdo.tn\/fr\/wp-json\/wp\/v2\/users\/3162"}],"replies":[{"embeddable":true,"href":"https:\/\/www.webdo.tn\/fr\/wp-json\/wp\/v2\/comments?post=214183"}],"version-history":[{"count":0,"href":"https:\/\/www.webdo.tn\/fr\/wp-json\/wp\/v2\/posts\/214183\/revisions"}],"wp:featuredmedia":[{"embeddable":true,"href":"https:\/\/www.webdo.tn\/fr\/wp-json\/wp\/v2\/media\/247373"}],"wp:attachment":[{"href":"https:\/\/www.webdo.tn\/fr\/wp-json\/wp\/v2\/media?parent=214183"}],"wp:term":[{"taxonomy":"category","embeddable":true,"href":"https:\/\/www.webdo.tn\/fr\/wp-json\/wp\/v2\/categories?post=214183"},{"taxonomy":"post_tag","embeddable":true,"href":"https:\/\/www.webdo.tn\/fr\/wp-json\/wp\/v2\/tags?post=214183"}],"curies":[{"name":"wp","href":"https:\/\/api.w.org\/{rel}","templated":true}]}}