{"id":214180,"date":"2024-05-15T16:25:00","date_gmt":"2024-05-15T16:25:00","guid":{"rendered":"https:\/\/www.webdo.tn\/fr\/blog\/tunisie-le-snjt-reaffirme-son-rejet-du-decret-54\/214180\/"},"modified":"2025-05-20T21:50:37","modified_gmt":"2025-05-20T21:50:37","slug":"tunisie-le-snjt-reaffirme-son-rejet-du-decret-54","status":"publish","type":"post","link":"https:\/\/www.webdo.tn\/fr\/actualite\/national\/tunisie-le-snjt-reaffirme-son-rejet-du-decret-54\/214180\/","title":{"rendered":"Tunisie : Le SNJT r\u00e9affirme son rejet du D\u00e9cret 54"},"content":{"rendered":"<p>Le Syndicat National des Journalistes tunisiens (SNJT) a r\u00e9affirm\u00e9, dans un communiqu\u00e9 publi\u00e9 ce mercredi 15 mai 2024, son rejet du D\u00e9cret-loi 54 de l\u2019ann\u00e9e 2022 tout en exprimant son soutien inconditionnel aux journalistes Mourad Zghidi et Borhane Bsaies, ainsi qu&rsquo;\u00e0 l&rsquo;avocate et journaliste Sonia Dahmani, ainsi qu\u2019\u00e0 tous les journalistes et professionnels des m\u00e9dias autoris\u00e9s \u00e0 exercer en Tunisie.<\/p>\n<p>\t\t\t\t\t\t\t\t\tDans son communiqu\u00e9, le SNJT a appel\u00e9 \u00e0 l\u2019arr\u00eat de toutes les poursuites \u00e0 l\u2019encontre des journalistes et r\u00e9affirm\u00e9 son rejet cat\u00e9gorique de la poursuite des journalistes, des professionnels des m\u00e9dias, et des activistes en vertu du d\u00e9cret n\u00b054 de l\u2019ann\u00e9e 2022 sur la lutte contre les crimes informatiques.<\/p>\n<p>Le syndicat estime par ailleurs que le D\u00e9cret 54 est incompatibilit\u00e9 avec la Constitution tunisienne et les conventions internationales auxquelles la Tunisie a adh\u00e9r\u00e9 et plaide ainsi pour son annulation.<\/p>\n<p>Ce communiqu\u00e9 a \u00e9t\u00e9 publi\u00e9 en r\u00e9action \u00e0 la d\u00e9cision du parquet pr\u00e8s le tribunal de premi\u00e8re instance de Tunis d\u2019\u00e9mettre des mandats de d\u00e9p\u00f4t \u00e0 l&rsquo;encontre des journalistes Borhen Bssaies et Mourad Zghidi, pour des accusations en vertu de l&rsquo;article 24 du d\u00e9cret num\u00e9ro 54. Sonia Dahmani est \u00e9galement poursuivie dans trois affaires qui tombent sous le coup du D\u00e9cret-loi 54.<\/p>\n<p>Compos\u00e9 de 38 articles, le d\u00e9cret-loi n\u00b02022-54 du 13 septembre 2022 porte notamment sur la lutte contre les infractions se rapportant aux syst\u00e8mes d&rsquo;information et de communication.<\/p>\n","protected":false},"excerpt":{"rendered":"<p>Dans son communiqu\u00e9, le SNJT a appel\u00e9 \u00e0 l\u2019arr\u00eat de toutes les poursuites \u00e0 l\u2019encontre des journalistes et r\u00e9affirm\u00e9 son rejet cat\u00e9gorique de la poursuite des jo&#8230;<\/p>\n","protected":false},"author":3162,"featured_media":247372,"comment_status":"open","ping_status":"closed","sticky":false,"template":"","format":"standard","meta":{"footnotes":""},"categories":[44],"tags":[6449,3284,2758,2886,6448,2759,3313],"class_list":["post-214180","post","type-post","status-publish","format-standard","has-post-thumbnail","hentry","category-national","tag-borhen-bssaies","tag-decret-54","tag-journalistes","tag-mandat-de-depot","tag-mourad-zghidi","tag-snjt","tag-sonia-dahmani"],"yoast_head":"<!-- This site is optimized with the Yoast SEO Premium plugin v27.5 (Yoast SEO v27.5) - https:\/\/yoast.com\/product\/yoast-seo-premium-wordpress\/ -->\n<title>Tunisie : Le SNJT r\u00e9affirme son rejet du D\u00e9cret 54<\/title>\n<meta name=\"description\" content=\"Dans son communiqu\u00e9, le SNJT a appel\u00e9 \u00e0 l\u2019arr\u00eat de toutes les poursuites \u00e0 l\u2019encontre des journalistes et r\u00e9affirm\u00e9 son rejet cat\u00e9gorique de la poursuite des jo...\" \/>\n<link rel=\"canonical\" href=\"https:\/\/www.webdo.tn\/fr\/actualite\/national\/tunisie-le-snjt-reaffirme-son-rejet-du-decret-54\/214180\/\" \/>\n<meta property=\"og:locale\" content=\"fr_FR\" \/>\n<meta property=\"og:type\" content=\"article\" \/>\n<meta property=\"og:title\" content=\"Tunisie : Le SNJT r\u00e9affirme son rejet du D\u00e9cret 54\" \/>\n<meta property=\"og:description\" content=\"Dans son communiqu\u00e9, le SNJT a appel\u00e9 \u00e0 l\u2019arr\u00eat de toutes les poursuites \u00e0 l\u2019encontre des journalistes et r\u00e9affirm\u00e9 son rejet cat\u00e9gorique de la poursuite des jo...\" \/>\n<meta property=\"og:url\" content=\"https:\/\/www.webdo.tn\/fr\/actualite\/national\/tunisie-le-snjt-reaffirme-son-rejet-du-decret-54\/214180\/\" \/>\n<meta property=\"og:site_name\" content=\"webdo\" \/>\n<meta property=\"article:publisher\" content=\"https:\/\/www.facebook.com\/webdotn\" \/>\n<meta property=\"article:published_time\" content=\"2024-05-15T16:25:00+00:00\" \/>\n<meta property=\"article:modified_time\" content=\"2025-05-20T21:50:37+00:00\" \/>\n<meta property=\"og:image\" content=\"https:\/\/www.webdo.tn\/fr\/wp-content\/uploads\/2024\/05\/f764d8bfcebe2372e9be3bd55e0fbb9f.webp\" \/>\n\t<meta property=\"og:image:width\" content=\"750\" \/>\n\t<meta property=\"og:image:height\" content=\"400\" \/>\n\t<meta property=\"og:image:type\" content=\"image\/webp\" \/>\n<meta name=\"author\" content=\"MC\" \/>\n<meta name=\"twitter:card\" content=\"summary_large_image\" \/>\n<meta name=\"twitter:creator\" content=\"@webdo_tn\" \/>\n<meta name=\"twitter:site\" content=\"@webdo_tn\" \/>\n<meta name=\"twitter:label1\" content=\"\u00c9crit par\" \/>\n\t<meta name=\"twitter:data1\" content=\"MC\" \/>\n\t<meta name=\"twitter:label2\" content=\"Dur\u00e9e de lecture estim\u00e9e\" \/>\n\t<meta name=\"twitter:data2\" content=\"1 minute\" \/>\n<script type=\"application\/ld+json\" class=\"yoast-schema-graph\">{\"@context\":\"https:\\\/\\\/schema.org\",\"@graph\":[{\"@type\":\"NewsArticle\",\"@id\":\"https:\\\/\\\/www.webdo.tn\\\/fr\\\/actualite\\\/national\\\/tunisie-le-snjt-reaffirme-son-rejet-du-decret-54\\\/214180\\\/#article\",\"isPartOf\":{\"@id\":\"https:\\\/\\\/www.webdo.tn\\\/fr\\\/actualite\\\/national\\\/tunisie-le-snjt-reaffirme-son-rejet-du-decret-54\\\/214180\\\/\"},\"author\":{\"name\":\"MC\",\"@id\":\"https:\\\/\\\/www.webdo.tn\\\/fr\\\/#\\\/schema\\\/person\\\/2c4929cbf5a809e3bd38617c6ce150f6\"},\"headline\":\"Tunisie : Le SNJT r\u00e9affirme son rejet du D\u00e9cret 54\",\"datePublished\":\"2024-05-15T16:25:00+00:00\",\"dateModified\":\"2025-05-20T21:50:37+00:00\",\"mainEntityOfPage\":{\"@id\":\"https:\\\/\\\/www.webdo.tn\\\/fr\\\/actualite\\\/national\\\/tunisie-le-snjt-reaffirme-son-rejet-du-decret-54\\\/214180\\\/\"},\"wordCount\":255,\"commentCount\":0,\"publisher\":{\"@id\":\"https:\\\/\\\/www.webdo.tn\\\/fr\\\/#organization\"},\"image\":{\"@id\":\"https:\\\/\\\/www.webdo.tn\\\/fr\\\/actualite\\\/national\\\/tunisie-le-snjt-reaffirme-son-rejet-du-decret-54\\\/214180\\\/#primaryimage\"},\"thumbnailUrl\":\"https:\\\/\\\/www.webdo.tn\\\/fr\\\/wp-content\\\/uploads\\\/2024\\\/05\\\/f764d8bfcebe2372e9be3bd55e0fbb9f.webp\",\"keywords\":[\"borhen bssaies\",\"d\u00e9cret 54\",\"Journalistes\",\"mandat de d\u00e9p\u00f4t\",\"Mourad Zghidi\",\"snjt\",\"sonia dahmani\"],\"articleSection\":[\"National\"],\"inLanguage\":\"fr-FR\"},{\"@type\":\"WebPage\",\"@id\":\"https:\\\/\\\/www.webdo.tn\\\/fr\\\/actualite\\\/national\\\/tunisie-le-snjt-reaffirme-son-rejet-du-decret-54\\\/214180\\\/\",\"url\":\"https:\\\/\\\/www.webdo.tn\\\/fr\\\/actualite\\\/national\\\/tunisie-le-snjt-reaffirme-son-rejet-du-decret-54\\\/214180\\\/\",\"name\":\"Tunisie : Le SNJT r\u00e9affirme son rejet du D\u00e9cret 54\",\"isPartOf\":{\"@id\":\"https:\\\/\\\/www.webdo.tn\\\/fr\\\/#website\"},\"primaryImageOfPage\":{\"@id\":\"https:\\\/\\\/www.webdo.tn\\\/fr\\\/actualite\\\/national\\\/tunisie-le-snjt-reaffirme-son-rejet-du-decret-54\\\/214180\\\/#primaryimage\"},\"image\":{\"@id\":\"https:\\\/\\\/www.webdo.tn\\\/fr\\\/actualite\\\/national\\\/tunisie-le-snjt-reaffirme-son-rejet-du-decret-54\\\/214180\\\/#primaryimage\"},\"thumbnailUrl\":\"https:\\\/\\\/www.webdo.tn\\\/fr\\\/wp-content\\\/uploads\\\/2024\\\/05\\\/f764d8bfcebe2372e9be3bd55e0fbb9f.webp\",\"datePublished\":\"2024-05-15T16:25:00+00:00\",\"dateModified\":\"2025-05-20T21:50:37+00:00\",\"description\":\"Dans son communiqu\u00e9, le SNJT a appel\u00e9 \u00e0 l\u2019arr\u00eat de toutes les poursuites \u00e0 l\u2019encontre des journalistes et r\u00e9affirm\u00e9 son rejet cat\u00e9gorique de la poursuite des jo...\",\"breadcrumb\":{\"@id\":\"https:\\\/\\\/www.webdo.tn\\\/fr\\\/actualite\\\/national\\\/tunisie-le-snjt-reaffirme-son-rejet-du-decret-54\\\/214180\\\/#breadcrumb\"},\"inLanguage\":\"fr-FR\",\"potentialAction\":[{\"@type\":\"ReadAction\",\"target\":[\"https:\\\/\\\/www.webdo.tn\\\/fr\\\/actualite\\\/national\\\/tunisie-le-snjt-reaffirme-son-rejet-du-decret-54\\\/214180\\\/\"]}]},{\"@type\":\"ImageObject\",\"inLanguage\":\"fr-FR\",\"@id\":\"https:\\\/\\\/www.webdo.tn\\\/fr\\\/actualite\\\/national\\\/tunisie-le-snjt-reaffirme-son-rejet-du-decret-54\\\/214180\\\/#primaryimage\",\"url\":\"https:\\\/\\\/www.webdo.tn\\\/fr\\\/wp-content\\\/uploads\\\/2024\\\/05\\\/f764d8bfcebe2372e9be3bd55e0fbb9f.webp\",\"contentUrl\":\"https:\\\/\\\/www.webdo.tn\\\/fr\\\/wp-content\\\/uploads\\\/2024\\\/05\\\/f764d8bfcebe2372e9be3bd55e0fbb9f.webp\",\"width\":750,\"height\":400,\"caption\":\"Tunisie : Le SNJT r\u00e9affirme son rejet du D\u00e9cret 54\"},{\"@type\":\"BreadcrumbList\",\"@id\":\"https:\\\/\\\/www.webdo.tn\\\/fr\\\/actualite\\\/national\\\/tunisie-le-snjt-reaffirme-son-rejet-du-decret-54\\\/214180\\\/#breadcrumb\",\"itemListElement\":[{\"@type\":\"ListItem\",\"position\":1,\"name\":\"Accueil\",\"item\":\"https:\\\/\\\/www.webdo.tn\\\/fr\\\/\"},{\"@type\":\"ListItem\",\"position\":2,\"name\":\"Tunisie : Le SNJT r\u00e9affirme son rejet du D\u00e9cret 54\"}]},{\"@type\":\"WebSite\",\"@id\":\"https:\\\/\\\/www.webdo.tn\\\/fr\\\/#website\",\"url\":\"https:\\\/\\\/www.webdo.tn\\\/fr\\\/\",\"name\":\"webdo\",\"description\":\"Tunisie - News en Tunisie et \u00e0 l&#039;international sur Webdo.tn\",\"publisher\":{\"@id\":\"https:\\\/\\\/www.webdo.tn\\\/fr\\\/#organization\"},\"potentialAction\":[{\"@type\":\"SearchAction\",\"target\":{\"@type\":\"EntryPoint\",\"urlTemplate\":\"https:\\\/\\\/www.webdo.tn\\\/fr\\\/?s={search_term_string}\"},\"query-input\":{\"@type\":\"PropertyValueSpecification\",\"valueRequired\":true,\"valueName\":\"search_term_string\"}}],\"inLanguage\":\"fr-FR\"},{\"@type\":\"Organization\",\"@id\":\"https:\\\/\\\/www.webdo.tn\\\/fr\\\/#organization\",\"name\":\"Webdo\",\"alternateName\":\"Webdo.tn\",\"url\":\"https:\\\/\\\/www.webdo.tn\\\/fr\\\/\",\"logo\":{\"@type\":\"ImageObject\",\"inLanguage\":\"fr-FR\",\"@id\":\"https:\\\/\\\/www.webdo.tn\\\/fr\\\/#\\\/schema\\\/logo\\\/image\\\/\",\"url\":\"https:\\\/\\\/www.webdo.tn\\\/fr\\\/wp-content\\\/uploads\\\/2025\\\/06\\\/Webdo-Tunisie_168377.jpg\",\"contentUrl\":\"https:\\\/\\\/www.webdo.tn\\\/fr\\\/wp-content\\\/uploads\\\/2025\\\/06\\\/Webdo-Tunisie_168377.jpg\",\"width\":301,\"height\":301,\"caption\":\"Webdo\"},\"image\":{\"@id\":\"https:\\\/\\\/www.webdo.tn\\\/fr\\\/#\\\/schema\\\/logo\\\/image\\\/\"},\"sameAs\":[\"https:\\\/\\\/www.facebook.com\\\/webdotn\",\"https:\\\/\\\/x.com\\\/webdo_tn\"],\"description\":\"Webdo est un m\u00e9dia num\u00e9rique tunisien fond\u00e9 en 2010, sp\u00e9cialis\u00e9 dans l\u2019actualit\u00e9 nationale et internationale, l\u2019\u00e9conomie, la soci\u00e9t\u00e9 et les analyses politiques. Le site s\u2019adresse \u00e0 un large public francophone et couvre l\u2019information tunisienne en temps r\u00e9el.\",\"email\":\"redac@webdo.tn\",\"legalName\":\"YNJ SARL\",\"foundingDate\":\"2010-09-06\",\"numberOfEmployees\":{\"@type\":\"QuantitativeValue\",\"minValue\":\"11\",\"maxValue\":\"50\"}},{\"@type\":\"Person\",\"@id\":\"https:\\\/\\\/www.webdo.tn\\\/fr\\\/#\\\/schema\\\/person\\\/2c4929cbf5a809e3bd38617c6ce150f6\",\"name\":\"MC\",\"image\":{\"@type\":\"ImageObject\",\"inLanguage\":\"fr-FR\",\"@id\":\"https:\\\/\\\/secure.gravatar.com\\\/avatar\\\/a545bbb6f84efdd5553dbbc2895e3ca8f1d12c5215e00a041c9670b54aa9b18a?s=96&d=mm&r=g\",\"url\":\"https:\\\/\\\/secure.gravatar.com\\\/avatar\\\/a545bbb6f84efdd5553dbbc2895e3ca8f1d12c5215e00a041c9670b54aa9b18a?s=96&d=mm&r=g\",\"contentUrl\":\"https:\\\/\\\/secure.gravatar.com\\\/avatar\\\/a545bbb6f84efdd5553dbbc2895e3ca8f1d12c5215e00a041c9670b54aa9b18a?s=96&d=mm&r=g\",\"caption\":\"MC\"},\"url\":\"https:\\\/\\\/www.webdo.tn\\\/fr\\\/actualite\\\/author\\\/mc\\\/\"}]}<\/script>\n<!-- \/ Yoast SEO Premium plugin. -->","yoast_head_json":{"title":"Tunisie : Le SNJT r\u00e9affirme son rejet du D\u00e9cret 54","description":"Dans son communiqu\u00e9, le SNJT a appel\u00e9 \u00e0 l\u2019arr\u00eat de toutes les poursuites \u00e0 l\u2019encontre des journalistes et r\u00e9affirm\u00e9 son rejet cat\u00e9gorique de la poursuite des jo...","canonical":"https:\/\/www.webdo.tn\/fr\/actualite\/national\/tunisie-le-snjt-reaffirme-son-rejet-du-decret-54\/214180\/","og_locale":"fr_FR","og_type":"article","og_title":"Tunisie : Le SNJT r\u00e9affirme son rejet du D\u00e9cret 54","og_description":"Dans son communiqu\u00e9, le SNJT a appel\u00e9 \u00e0 l\u2019arr\u00eat de toutes les poursuites \u00e0 l\u2019encontre des journalistes et r\u00e9affirm\u00e9 son rejet cat\u00e9gorique de la poursuite des jo...","og_url":"https:\/\/www.webdo.tn\/fr\/actualite\/national\/tunisie-le-snjt-reaffirme-son-rejet-du-decret-54\/214180\/","og_site_name":"webdo","article_publisher":"https:\/\/www.facebook.com\/webdotn","article_published_time":"2024-05-15T16:25:00+00:00","article_modified_time":"2025-05-20T21:50:37+00:00","og_image":[{"width":750,"height":400,"url":"https:\/\/www.webdo.tn\/fr\/wp-content\/uploads\/2024\/05\/f764d8bfcebe2372e9be3bd55e0fbb9f.webp","type":"image\/webp"}],"author":"MC","twitter_card":"summary_large_image","twitter_creator":"@webdo_tn","twitter_site":"@webdo_tn","twitter_misc":{"\u00c9crit par":"MC","Dur\u00e9e de lecture estim\u00e9e":"1 minute"},"schema":{"@context":"https:\/\/schema.org","@graph":[{"@type":"NewsArticle","@id":"https:\/\/www.webdo.tn\/fr\/actualite\/national\/tunisie-le-snjt-reaffirme-son-rejet-du-decret-54\/214180\/#article","isPartOf":{"@id":"https:\/\/www.webdo.tn\/fr\/actualite\/national\/tunisie-le-snjt-reaffirme-son-rejet-du-decret-54\/214180\/"},"author":{"name":"MC","@id":"https:\/\/www.webdo.tn\/fr\/#\/schema\/person\/2c4929cbf5a809e3bd38617c6ce150f6"},"headline":"Tunisie : Le SNJT r\u00e9affirme son rejet du D\u00e9cret 54","datePublished":"2024-05-15T16:25:00+00:00","dateModified":"2025-05-20T21:50:37+00:00","mainEntityOfPage":{"@id":"https:\/\/www.webdo.tn\/fr\/actualite\/national\/tunisie-le-snjt-reaffirme-son-rejet-du-decret-54\/214180\/"},"wordCount":255,"commentCount":0,"publisher":{"@id":"https:\/\/www.webdo.tn\/fr\/#organization"},"image":{"@id":"https:\/\/www.webdo.tn\/fr\/actualite\/national\/tunisie-le-snjt-reaffirme-son-rejet-du-decret-54\/214180\/#primaryimage"},"thumbnailUrl":"https:\/\/www.webdo.tn\/fr\/wp-content\/uploads\/2024\/05\/f764d8bfcebe2372e9be3bd55e0fbb9f.webp","keywords":["borhen bssaies","d\u00e9cret 54","Journalistes","mandat de d\u00e9p\u00f4t","Mourad Zghidi","snjt","sonia dahmani"],"articleSection":["National"],"inLanguage":"fr-FR"},{"@type":"WebPage","@id":"https:\/\/www.webdo.tn\/fr\/actualite\/national\/tunisie-le-snjt-reaffirme-son-rejet-du-decret-54\/214180\/","url":"https:\/\/www.webdo.tn\/fr\/actualite\/national\/tunisie-le-snjt-reaffirme-son-rejet-du-decret-54\/214180\/","name":"Tunisie : Le SNJT r\u00e9affirme son rejet du D\u00e9cret 54","isPartOf":{"@id":"https:\/\/www.webdo.tn\/fr\/#website"},"primaryImageOfPage":{"@id":"https:\/\/www.webdo.tn\/fr\/actualite\/national\/tunisie-le-snjt-reaffirme-son-rejet-du-decret-54\/214180\/#primaryimage"},"image":{"@id":"https:\/\/www.webdo.tn\/fr\/actualite\/national\/tunisie-le-snjt-reaffirme-son-rejet-du-decret-54\/214180\/#primaryimage"},"thumbnailUrl":"https:\/\/www.webdo.tn\/fr\/wp-content\/uploads\/2024\/05\/f764d8bfcebe2372e9be3bd55e0fbb9f.webp","datePublished":"2024-05-15T16:25:00+00:00","dateModified":"2025-05-20T21:50:37+00:00","description":"Dans son communiqu\u00e9, le SNJT a appel\u00e9 \u00e0 l\u2019arr\u00eat de toutes les poursuites \u00e0 l\u2019encontre des journalistes et r\u00e9affirm\u00e9 son rejet cat\u00e9gorique de la poursuite des jo...","breadcrumb":{"@id":"https:\/\/www.webdo.tn\/fr\/actualite\/national\/tunisie-le-snjt-reaffirme-son-rejet-du-decret-54\/214180\/#breadcrumb"},"inLanguage":"fr-FR","potentialAction":[{"@type":"ReadAction","target":["https:\/\/www.webdo.tn\/fr\/actualite\/national\/tunisie-le-snjt-reaffirme-son-rejet-du-decret-54\/214180\/"]}]},{"@type":"ImageObject","inLanguage":"fr-FR","@id":"https:\/\/www.webdo.tn\/fr\/actualite\/national\/tunisie-le-snjt-reaffirme-son-rejet-du-decret-54\/214180\/#primaryimage","url":"https:\/\/www.webdo.tn\/fr\/wp-content\/uploads\/2024\/05\/f764d8bfcebe2372e9be3bd55e0fbb9f.webp","contentUrl":"https:\/\/www.webdo.tn\/fr\/wp-content\/uploads\/2024\/05\/f764d8bfcebe2372e9be3bd55e0fbb9f.webp","width":750,"height":400,"caption":"Tunisie : Le SNJT r\u00e9affirme son rejet du D\u00e9cret 54"},{"@type":"BreadcrumbList","@id":"https:\/\/www.webdo.tn\/fr\/actualite\/national\/tunisie-le-snjt-reaffirme-son-rejet-du-decret-54\/214180\/#breadcrumb","itemListElement":[{"@type":"ListItem","position":1,"name":"Accueil","item":"https:\/\/www.webdo.tn\/fr\/"},{"@type":"ListItem","position":2,"name":"Tunisie : Le SNJT r\u00e9affirme son rejet du D\u00e9cret 54"}]},{"@type":"WebSite","@id":"https:\/\/www.webdo.tn\/fr\/#website","url":"https:\/\/www.webdo.tn\/fr\/","name":"webdo","description":"Tunisie - News en Tunisie et \u00e0 l&#039;international sur Webdo.tn","publisher":{"@id":"https:\/\/www.webdo.tn\/fr\/#organization"},"potentialAction":[{"@type":"SearchAction","target":{"@type":"EntryPoint","urlTemplate":"https:\/\/www.webdo.tn\/fr\/?s={search_term_string}"},"query-input":{"@type":"PropertyValueSpecification","valueRequired":true,"valueName":"search_term_string"}}],"inLanguage":"fr-FR"},{"@type":"Organization","@id":"https:\/\/www.webdo.tn\/fr\/#organization","name":"Webdo","alternateName":"Webdo.tn","url":"https:\/\/www.webdo.tn\/fr\/","logo":{"@type":"ImageObject","inLanguage":"fr-FR","@id":"https:\/\/www.webdo.tn\/fr\/#\/schema\/logo\/image\/","url":"https:\/\/www.webdo.tn\/fr\/wp-content\/uploads\/2025\/06\/Webdo-Tunisie_168377.jpg","contentUrl":"https:\/\/www.webdo.tn\/fr\/wp-content\/uploads\/2025\/06\/Webdo-Tunisie_168377.jpg","width":301,"height":301,"caption":"Webdo"},"image":{"@id":"https:\/\/www.webdo.tn\/fr\/#\/schema\/logo\/image\/"},"sameAs":["https:\/\/www.facebook.com\/webdotn","https:\/\/x.com\/webdo_tn"],"description":"Webdo est un m\u00e9dia num\u00e9rique tunisien fond\u00e9 en 2010, sp\u00e9cialis\u00e9 dans l\u2019actualit\u00e9 nationale et internationale, l\u2019\u00e9conomie, la soci\u00e9t\u00e9 et les analyses politiques. Le site s\u2019adresse \u00e0 un large public francophone et couvre l\u2019information tunisienne en temps r\u00e9el.","email":"redac@webdo.tn","legalName":"YNJ SARL","foundingDate":"2010-09-06","numberOfEmployees":{"@type":"QuantitativeValue","minValue":"11","maxValue":"50"}},{"@type":"Person","@id":"https:\/\/www.webdo.tn\/fr\/#\/schema\/person\/2c4929cbf5a809e3bd38617c6ce150f6","name":"MC","image":{"@type":"ImageObject","inLanguage":"fr-FR","@id":"https:\/\/secure.gravatar.com\/avatar\/a545bbb6f84efdd5553dbbc2895e3ca8f1d12c5215e00a041c9670b54aa9b18a?s=96&d=mm&r=g","url":"https:\/\/secure.gravatar.com\/avatar\/a545bbb6f84efdd5553dbbc2895e3ca8f1d12c5215e00a041c9670b54aa9b18a?s=96&d=mm&r=g","contentUrl":"https:\/\/secure.gravatar.com\/avatar\/a545bbb6f84efdd5553dbbc2895e3ca8f1d12c5215e00a041c9670b54aa9b18a?s=96&d=mm&r=g","caption":"MC"},"url":"https:\/\/www.webdo.tn\/fr\/actualite\/author\/mc\/"}]}},"_links":{"self":[{"href":"https:\/\/www.webdo.tn\/fr\/wp-json\/wp\/v2\/posts\/214180","targetHints":{"allow":["GET"]}}],"collection":[{"href":"https:\/\/www.webdo.tn\/fr\/wp-json\/wp\/v2\/posts"}],"about":[{"href":"https:\/\/www.webdo.tn\/fr\/wp-json\/wp\/v2\/types\/post"}],"author":[{"embeddable":true,"href":"https:\/\/www.webdo.tn\/fr\/wp-json\/wp\/v2\/users\/3162"}],"replies":[{"embeddable":true,"href":"https:\/\/www.webdo.tn\/fr\/wp-json\/wp\/v2\/comments?post=214180"}],"version-history":[{"count":0,"href":"https:\/\/www.webdo.tn\/fr\/wp-json\/wp\/v2\/posts\/214180\/revisions"}],"wp:featuredmedia":[{"embeddable":true,"href":"https:\/\/www.webdo.tn\/fr\/wp-json\/wp\/v2\/media\/247372"}],"wp:attachment":[{"href":"https:\/\/www.webdo.tn\/fr\/wp-json\/wp\/v2\/media?parent=214180"}],"wp:term":[{"taxonomy":"category","embeddable":true,"href":"https:\/\/www.webdo.tn\/fr\/wp-json\/wp\/v2\/categories?post=214180"},{"taxonomy":"post_tag","embeddable":true,"href":"https:\/\/www.webdo.tn\/fr\/wp-json\/wp\/v2\/tags?post=214180"}],"curies":[{"name":"wp","href":"https:\/\/api.w.org\/{rel}","templated":true}]}}