{"id":214179,"date":"2024-05-15T15:37:00","date_gmt":"2024-05-15T15:37:00","guid":{"rendered":"https:\/\/www.webdo.tn\/fr\/blog\/la-television-tunisienne-ouvre-une-enquete-en-marge-du-match-est-ess\/214179\/"},"modified":"2025-05-20T21:50:36","modified_gmt":"2025-05-20T21:50:36","slug":"la-television-tunisienne-ouvre-une-enquete-en-marge-du-match-est-ess","status":"publish","type":"post","link":"https:\/\/www.webdo.tn\/fr\/actualite\/sport\/la-television-tunisienne-ouvre-une-enquete-en-marge-du-match-est-ess\/214179\/","title":{"rendered":"La T\u00e9l\u00e9vision tunisienne ouvre une enqu\u00eate apr\u00e8s la bourde du match EST-ESS"},"content":{"rendered":"<p>La T\u00e9l\u00e9vision nationale a ouvert une enqu\u00eate interne en marge du match qui a oppos\u00e9 dimanche dernier l\u2019EST \u00e0 l\u2019ESS.<\/p>\n<p>\t\t\t\t\t\t\t\t\tLa T\u00e9l\u00e9vision nationale a ouvert une enqu\u00eate interne en marge du match qui a oppos\u00e9 dimanche 12 mai 2024 l\u2019Esp\u00e9rance ST \u00e0 l\u2019Etoile Sportive du Sahel dans le cadre de la 7\u00e8me journ\u00e9e du play-off et qui a \u00e9t\u00e9 retransmis en direct sur Watania 1.<\/p>\n<p>Cette enqu\u00eate a \u00e9t\u00e9 ouverte suite au passage, lors de la retransmission, d&rsquo;un plan inappropri\u00e9 du partie du public \u00ab\u00a0sang et or\u00a0\u00bb lan\u00e7ant des gestes obsc\u00e8nes \u00e0 la cam\u00e9ra.<\/p>\n<p>Dans un communiqu\u00e9 rendu public, ce mercredi 15 mai 2024, la T\u00e9l\u00e9vision tunisienne a pr\u00e9sent\u00e9 ses excuses et inform\u00e9 ses t\u00e9l\u00e9spectateurs avoir men\u00e9 une enqu\u00eate interne pour r\u00e9v\u00e9ler les circonstances de l&rsquo;incident.<\/p>\n<p>Elle a indiqu\u00e9 que les responsabilit\u00e9s ont \u00e9t\u00e9 identifi\u00e9es et que des mesures administratives seront prises \u00e0 l&rsquo;encontre de ceux qui sont responsables de la diffusion de ce plan.<\/p>\n","protected":false},"excerpt":{"rendered":"<p>La T\u00e9l\u00e9vision nationale a ouvert une enqu\u00eate interne en marge du match qui a oppos\u00e9 dimanche 12 mai 2024 l\u2019Esp\u00e9rance ST \u00e0 l\u2019Etoile Sportive du Sahel dans le cad&#8230;<\/p>\n","protected":false},"author":3162,"featured_media":247370,"comment_status":"open","ping_status":"closed","sticky":false,"template":"","format":"standard","meta":{"footnotes":""},"categories":[2593],"tags":[3202,6243,2801,4515],"class_list":["post-214179","post","type-post","status-publish","format-standard","has-post-thumbnail","hentry","category-sport","tag-enquete","tag-match","tag-retransmission-tv","tag-television-nationale"],"yoast_head":"<!-- This site is optimized with the Yoast SEO Premium plugin v27.5 (Yoast SEO v27.5) - https:\/\/yoast.com\/product\/yoast-seo-premium-wordpress\/ -->\n<title>La T\u00e9l\u00e9vision tunisienne ouvre une enqu\u00eate apr\u00e8s la bourde du match EST-ESS<\/title>\n<meta name=\"description\" content=\"La T\u00e9l\u00e9vision nationale a ouvert une enqu\u00eate interne en marge du match qui a oppos\u00e9 dimanche 12 mai 2024 l\u2019Esp\u00e9rance ST \u00e0 l\u2019Etoile Sportive du Sahel dans le cad...\" \/>\n<link rel=\"canonical\" href=\"https:\/\/www.webdo.tn\/fr\/actualite\/sport\/la-television-tunisienne-ouvre-une-enquete-en-marge-du-match-est-ess\/214179\/\" \/>\n<meta property=\"og:locale\" content=\"fr_FR\" \/>\n<meta property=\"og:type\" content=\"article\" \/>\n<meta property=\"og:title\" content=\"La T\u00e9l\u00e9vision tunisienne ouvre une enqu\u00eate apr\u00e8s la bourde du match EST-ESS\" \/>\n<meta property=\"og:description\" content=\"La T\u00e9l\u00e9vision nationale a ouvert une enqu\u00eate interne en marge du match qui a oppos\u00e9 dimanche 12 mai 2024 l\u2019Esp\u00e9rance ST \u00e0 l\u2019Etoile Sportive du Sahel dans le cad...\" \/>\n<meta property=\"og:url\" content=\"https:\/\/www.webdo.tn\/fr\/actualite\/sport\/la-television-tunisienne-ouvre-une-enquete-en-marge-du-match-est-ess\/214179\/\" \/>\n<meta property=\"og:site_name\" content=\"webdo\" \/>\n<meta property=\"article:publisher\" content=\"https:\/\/www.facebook.com\/webdotn\" \/>\n<meta property=\"article:published_time\" content=\"2024-05-15T15:37:00+00:00\" \/>\n<meta property=\"article:modified_time\" content=\"2025-05-20T21:50:36+00:00\" \/>\n<meta property=\"og:image\" content=\"https:\/\/www.webdo.tn\/fr\/wp-content\/uploads\/2024\/05\/d8109e90d313e01160ae6182e4906b2c.webp\" \/>\n\t<meta property=\"og:image:width\" content=\"750\" \/>\n\t<meta property=\"og:image:height\" content=\"400\" \/>\n\t<meta property=\"og:image:type\" content=\"image\/webp\" \/>\n<meta name=\"author\" content=\"MC\" \/>\n<meta name=\"twitter:card\" content=\"summary_large_image\" \/>\n<meta name=\"twitter:creator\" content=\"@webdo_tn\" \/>\n<meta name=\"twitter:site\" content=\"@webdo_tn\" \/>\n<meta name=\"twitter:label1\" content=\"\u00c9crit par\" \/>\n\t<meta name=\"twitter:data1\" content=\"MC\" \/>\n\t<meta name=\"twitter:label2\" content=\"Dur\u00e9e de lecture estim\u00e9e\" \/>\n\t<meta name=\"twitter:data2\" content=\"1 minute\" \/>\n<script type=\"application\/ld+json\" class=\"yoast-schema-graph\">{\"@context\":\"https:\\\/\\\/schema.org\",\"@graph\":[{\"@type\":\"NewsArticle\",\"@id\":\"https:\\\/\\\/www.webdo.tn\\\/fr\\\/actualite\\\/sport\\\/la-television-tunisienne-ouvre-une-enquete-en-marge-du-match-est-ess\\\/214179\\\/#article\",\"isPartOf\":{\"@id\":\"https:\\\/\\\/www.webdo.tn\\\/fr\\\/actualite\\\/sport\\\/la-television-tunisienne-ouvre-une-enquete-en-marge-du-match-est-ess\\\/214179\\\/\"},\"author\":{\"name\":\"MC\",\"@id\":\"https:\\\/\\\/www.webdo.tn\\\/fr\\\/#\\\/schema\\\/person\\\/2c4929cbf5a809e3bd38617c6ce150f6\"},\"headline\":\"La T\u00e9l\u00e9vision tunisienne ouvre une enqu\u00eate apr\u00e8s la bourde du match EST-ESS\",\"datePublished\":\"2024-05-15T15:37:00+00:00\",\"dateModified\":\"2025-05-20T21:50:36+00:00\",\"mainEntityOfPage\":{\"@id\":\"https:\\\/\\\/www.webdo.tn\\\/fr\\\/actualite\\\/sport\\\/la-television-tunisienne-ouvre-une-enquete-en-marge-du-match-est-ess\\\/214179\\\/\"},\"wordCount\":191,\"commentCount\":0,\"publisher\":{\"@id\":\"https:\\\/\\\/www.webdo.tn\\\/fr\\\/#organization\"},\"image\":{\"@id\":\"https:\\\/\\\/www.webdo.tn\\\/fr\\\/actualite\\\/sport\\\/la-television-tunisienne-ouvre-une-enquete-en-marge-du-match-est-ess\\\/214179\\\/#primaryimage\"},\"thumbnailUrl\":\"https:\\\/\\\/www.webdo.tn\\\/fr\\\/wp-content\\\/uploads\\\/2024\\\/05\\\/d8109e90d313e01160ae6182e4906b2c.webp\",\"keywords\":[\"Enqu\u00eate\",\"match\",\"retransmission tv\",\"t\u00e9l\u00e9vision nationale\"],\"articleSection\":[\"Sport\"],\"inLanguage\":\"fr-FR\"},{\"@type\":\"WebPage\",\"@id\":\"https:\\\/\\\/www.webdo.tn\\\/fr\\\/actualite\\\/sport\\\/la-television-tunisienne-ouvre-une-enquete-en-marge-du-match-est-ess\\\/214179\\\/\",\"url\":\"https:\\\/\\\/www.webdo.tn\\\/fr\\\/actualite\\\/sport\\\/la-television-tunisienne-ouvre-une-enquete-en-marge-du-match-est-ess\\\/214179\\\/\",\"name\":\"La T\u00e9l\u00e9vision tunisienne ouvre une enqu\u00eate apr\u00e8s la bourde du match EST-ESS\",\"isPartOf\":{\"@id\":\"https:\\\/\\\/www.webdo.tn\\\/fr\\\/#website\"},\"primaryImageOfPage\":{\"@id\":\"https:\\\/\\\/www.webdo.tn\\\/fr\\\/actualite\\\/sport\\\/la-television-tunisienne-ouvre-une-enquete-en-marge-du-match-est-ess\\\/214179\\\/#primaryimage\"},\"image\":{\"@id\":\"https:\\\/\\\/www.webdo.tn\\\/fr\\\/actualite\\\/sport\\\/la-television-tunisienne-ouvre-une-enquete-en-marge-du-match-est-ess\\\/214179\\\/#primaryimage\"},\"thumbnailUrl\":\"https:\\\/\\\/www.webdo.tn\\\/fr\\\/wp-content\\\/uploads\\\/2024\\\/05\\\/d8109e90d313e01160ae6182e4906b2c.webp\",\"datePublished\":\"2024-05-15T15:37:00+00:00\",\"dateModified\":\"2025-05-20T21:50:36+00:00\",\"description\":\"La T\u00e9l\u00e9vision nationale a ouvert une enqu\u00eate interne en marge du match qui a oppos\u00e9 dimanche 12 mai 2024 l\u2019Esp\u00e9rance ST \u00e0 l\u2019Etoile Sportive du Sahel dans le cad...\",\"breadcrumb\":{\"@id\":\"https:\\\/\\\/www.webdo.tn\\\/fr\\\/actualite\\\/sport\\\/la-television-tunisienne-ouvre-une-enquete-en-marge-du-match-est-ess\\\/214179\\\/#breadcrumb\"},\"inLanguage\":\"fr-FR\",\"potentialAction\":[{\"@type\":\"ReadAction\",\"target\":[\"https:\\\/\\\/www.webdo.tn\\\/fr\\\/actualite\\\/sport\\\/la-television-tunisienne-ouvre-une-enquete-en-marge-du-match-est-ess\\\/214179\\\/\"]}]},{\"@type\":\"ImageObject\",\"inLanguage\":\"fr-FR\",\"@id\":\"https:\\\/\\\/www.webdo.tn\\\/fr\\\/actualite\\\/sport\\\/la-television-tunisienne-ouvre-une-enquete-en-marge-du-match-est-ess\\\/214179\\\/#primaryimage\",\"url\":\"https:\\\/\\\/www.webdo.tn\\\/fr\\\/wp-content\\\/uploads\\\/2024\\\/05\\\/d8109e90d313e01160ae6182e4906b2c.webp\",\"contentUrl\":\"https:\\\/\\\/www.webdo.tn\\\/fr\\\/wp-content\\\/uploads\\\/2024\\\/05\\\/d8109e90d313e01160ae6182e4906b2c.webp\",\"width\":750,\"height\":400,\"caption\":\"La T\u00e9l\u00e9vision tunisienne ouvre une enqu\u00eate apr\u00e8s la bourde du match EST-ESS\"},{\"@type\":\"BreadcrumbList\",\"@id\":\"https:\\\/\\\/www.webdo.tn\\\/fr\\\/actualite\\\/sport\\\/la-television-tunisienne-ouvre-une-enquete-en-marge-du-match-est-ess\\\/214179\\\/#breadcrumb\",\"itemListElement\":[{\"@type\":\"ListItem\",\"position\":1,\"name\":\"Accueil\",\"item\":\"https:\\\/\\\/www.webdo.tn\\\/fr\\\/\"},{\"@type\":\"ListItem\",\"position\":2,\"name\":\"La T\u00e9l\u00e9vision tunisienne ouvre une enqu\u00eate apr\u00e8s la bourde du match EST-ESS\"}]},{\"@type\":\"WebSite\",\"@id\":\"https:\\\/\\\/www.webdo.tn\\\/fr\\\/#website\",\"url\":\"https:\\\/\\\/www.webdo.tn\\\/fr\\\/\",\"name\":\"webdo\",\"description\":\"Tunisie - News en Tunisie et \u00e0 l&#039;international sur Webdo.tn\",\"publisher\":{\"@id\":\"https:\\\/\\\/www.webdo.tn\\\/fr\\\/#organization\"},\"potentialAction\":[{\"@type\":\"SearchAction\",\"target\":{\"@type\":\"EntryPoint\",\"urlTemplate\":\"https:\\\/\\\/www.webdo.tn\\\/fr\\\/?s={search_term_string}\"},\"query-input\":{\"@type\":\"PropertyValueSpecification\",\"valueRequired\":true,\"valueName\":\"search_term_string\"}}],\"inLanguage\":\"fr-FR\"},{\"@type\":\"Organization\",\"@id\":\"https:\\\/\\\/www.webdo.tn\\\/fr\\\/#organization\",\"name\":\"Webdo\",\"alternateName\":\"Webdo.tn\",\"url\":\"https:\\\/\\\/www.webdo.tn\\\/fr\\\/\",\"logo\":{\"@type\":\"ImageObject\",\"inLanguage\":\"fr-FR\",\"@id\":\"https:\\\/\\\/www.webdo.tn\\\/fr\\\/#\\\/schema\\\/logo\\\/image\\\/\",\"url\":\"https:\\\/\\\/www.webdo.tn\\\/fr\\\/wp-content\\\/uploads\\\/2025\\\/06\\\/Webdo-Tunisie_168377.jpg\",\"contentUrl\":\"https:\\\/\\\/www.webdo.tn\\\/fr\\\/wp-content\\\/uploads\\\/2025\\\/06\\\/Webdo-Tunisie_168377.jpg\",\"width\":301,\"height\":301,\"caption\":\"Webdo\"},\"image\":{\"@id\":\"https:\\\/\\\/www.webdo.tn\\\/fr\\\/#\\\/schema\\\/logo\\\/image\\\/\"},\"sameAs\":[\"https:\\\/\\\/www.facebook.com\\\/webdotn\",\"https:\\\/\\\/x.com\\\/webdo_tn\"],\"description\":\"Webdo est un m\u00e9dia num\u00e9rique tunisien fond\u00e9 en 2010, sp\u00e9cialis\u00e9 dans l\u2019actualit\u00e9 nationale et internationale, l\u2019\u00e9conomie, la soci\u00e9t\u00e9 et les analyses politiques. Le site s\u2019adresse \u00e0 un large public francophone et couvre l\u2019information tunisienne en temps r\u00e9el.\",\"email\":\"redac@webdo.tn\",\"legalName\":\"YNJ SARL\",\"foundingDate\":\"2010-09-06\",\"numberOfEmployees\":{\"@type\":\"QuantitativeValue\",\"minValue\":\"11\",\"maxValue\":\"50\"}},{\"@type\":\"Person\",\"@id\":\"https:\\\/\\\/www.webdo.tn\\\/fr\\\/#\\\/schema\\\/person\\\/2c4929cbf5a809e3bd38617c6ce150f6\",\"name\":\"MC\",\"image\":{\"@type\":\"ImageObject\",\"inLanguage\":\"fr-FR\",\"@id\":\"https:\\\/\\\/secure.gravatar.com\\\/avatar\\\/a545bbb6f84efdd5553dbbc2895e3ca8f1d12c5215e00a041c9670b54aa9b18a?s=96&d=mm&r=g\",\"url\":\"https:\\\/\\\/secure.gravatar.com\\\/avatar\\\/a545bbb6f84efdd5553dbbc2895e3ca8f1d12c5215e00a041c9670b54aa9b18a?s=96&d=mm&r=g\",\"contentUrl\":\"https:\\\/\\\/secure.gravatar.com\\\/avatar\\\/a545bbb6f84efdd5553dbbc2895e3ca8f1d12c5215e00a041c9670b54aa9b18a?s=96&d=mm&r=g\",\"caption\":\"MC\"},\"url\":\"https:\\\/\\\/www.webdo.tn\\\/fr\\\/actualite\\\/author\\\/mc\\\/\"}]}<\/script>\n<!-- \/ Yoast SEO Premium plugin. -->","yoast_head_json":{"title":"La T\u00e9l\u00e9vision tunisienne ouvre une enqu\u00eate apr\u00e8s la bourde du match EST-ESS","description":"La T\u00e9l\u00e9vision nationale a ouvert une enqu\u00eate interne en marge du match qui a oppos\u00e9 dimanche 12 mai 2024 l\u2019Esp\u00e9rance ST \u00e0 l\u2019Etoile Sportive du Sahel dans le cad...","canonical":"https:\/\/www.webdo.tn\/fr\/actualite\/sport\/la-television-tunisienne-ouvre-une-enquete-en-marge-du-match-est-ess\/214179\/","og_locale":"fr_FR","og_type":"article","og_title":"La T\u00e9l\u00e9vision tunisienne ouvre une enqu\u00eate apr\u00e8s la bourde du match EST-ESS","og_description":"La T\u00e9l\u00e9vision nationale a ouvert une enqu\u00eate interne en marge du match qui a oppos\u00e9 dimanche 12 mai 2024 l\u2019Esp\u00e9rance ST \u00e0 l\u2019Etoile Sportive du Sahel dans le cad...","og_url":"https:\/\/www.webdo.tn\/fr\/actualite\/sport\/la-television-tunisienne-ouvre-une-enquete-en-marge-du-match-est-ess\/214179\/","og_site_name":"webdo","article_publisher":"https:\/\/www.facebook.com\/webdotn","article_published_time":"2024-05-15T15:37:00+00:00","article_modified_time":"2025-05-20T21:50:36+00:00","og_image":[{"width":750,"height":400,"url":"https:\/\/www.webdo.tn\/fr\/wp-content\/uploads\/2024\/05\/d8109e90d313e01160ae6182e4906b2c.webp","type":"image\/webp"}],"author":"MC","twitter_card":"summary_large_image","twitter_creator":"@webdo_tn","twitter_site":"@webdo_tn","twitter_misc":{"\u00c9crit par":"MC","Dur\u00e9e de lecture estim\u00e9e":"1 minute"},"schema":{"@context":"https:\/\/schema.org","@graph":[{"@type":"NewsArticle","@id":"https:\/\/www.webdo.tn\/fr\/actualite\/sport\/la-television-tunisienne-ouvre-une-enquete-en-marge-du-match-est-ess\/214179\/#article","isPartOf":{"@id":"https:\/\/www.webdo.tn\/fr\/actualite\/sport\/la-television-tunisienne-ouvre-une-enquete-en-marge-du-match-est-ess\/214179\/"},"author":{"name":"MC","@id":"https:\/\/www.webdo.tn\/fr\/#\/schema\/person\/2c4929cbf5a809e3bd38617c6ce150f6"},"headline":"La T\u00e9l\u00e9vision tunisienne ouvre une enqu\u00eate apr\u00e8s la bourde du match EST-ESS","datePublished":"2024-05-15T15:37:00+00:00","dateModified":"2025-05-20T21:50:36+00:00","mainEntityOfPage":{"@id":"https:\/\/www.webdo.tn\/fr\/actualite\/sport\/la-television-tunisienne-ouvre-une-enquete-en-marge-du-match-est-ess\/214179\/"},"wordCount":191,"commentCount":0,"publisher":{"@id":"https:\/\/www.webdo.tn\/fr\/#organization"},"image":{"@id":"https:\/\/www.webdo.tn\/fr\/actualite\/sport\/la-television-tunisienne-ouvre-une-enquete-en-marge-du-match-est-ess\/214179\/#primaryimage"},"thumbnailUrl":"https:\/\/www.webdo.tn\/fr\/wp-content\/uploads\/2024\/05\/d8109e90d313e01160ae6182e4906b2c.webp","keywords":["Enqu\u00eate","match","retransmission tv","t\u00e9l\u00e9vision nationale"],"articleSection":["Sport"],"inLanguage":"fr-FR"},{"@type":"WebPage","@id":"https:\/\/www.webdo.tn\/fr\/actualite\/sport\/la-television-tunisienne-ouvre-une-enquete-en-marge-du-match-est-ess\/214179\/","url":"https:\/\/www.webdo.tn\/fr\/actualite\/sport\/la-television-tunisienne-ouvre-une-enquete-en-marge-du-match-est-ess\/214179\/","name":"La T\u00e9l\u00e9vision tunisienne ouvre une enqu\u00eate apr\u00e8s la bourde du match EST-ESS","isPartOf":{"@id":"https:\/\/www.webdo.tn\/fr\/#website"},"primaryImageOfPage":{"@id":"https:\/\/www.webdo.tn\/fr\/actualite\/sport\/la-television-tunisienne-ouvre-une-enquete-en-marge-du-match-est-ess\/214179\/#primaryimage"},"image":{"@id":"https:\/\/www.webdo.tn\/fr\/actualite\/sport\/la-television-tunisienne-ouvre-une-enquete-en-marge-du-match-est-ess\/214179\/#primaryimage"},"thumbnailUrl":"https:\/\/www.webdo.tn\/fr\/wp-content\/uploads\/2024\/05\/d8109e90d313e01160ae6182e4906b2c.webp","datePublished":"2024-05-15T15:37:00+00:00","dateModified":"2025-05-20T21:50:36+00:00","description":"La T\u00e9l\u00e9vision nationale a ouvert une enqu\u00eate interne en marge du match qui a oppos\u00e9 dimanche 12 mai 2024 l\u2019Esp\u00e9rance ST \u00e0 l\u2019Etoile Sportive du Sahel dans le cad...","breadcrumb":{"@id":"https:\/\/www.webdo.tn\/fr\/actualite\/sport\/la-television-tunisienne-ouvre-une-enquete-en-marge-du-match-est-ess\/214179\/#breadcrumb"},"inLanguage":"fr-FR","potentialAction":[{"@type":"ReadAction","target":["https:\/\/www.webdo.tn\/fr\/actualite\/sport\/la-television-tunisienne-ouvre-une-enquete-en-marge-du-match-est-ess\/214179\/"]}]},{"@type":"ImageObject","inLanguage":"fr-FR","@id":"https:\/\/www.webdo.tn\/fr\/actualite\/sport\/la-television-tunisienne-ouvre-une-enquete-en-marge-du-match-est-ess\/214179\/#primaryimage","url":"https:\/\/www.webdo.tn\/fr\/wp-content\/uploads\/2024\/05\/d8109e90d313e01160ae6182e4906b2c.webp","contentUrl":"https:\/\/www.webdo.tn\/fr\/wp-content\/uploads\/2024\/05\/d8109e90d313e01160ae6182e4906b2c.webp","width":750,"height":400,"caption":"La T\u00e9l\u00e9vision tunisienne ouvre une enqu\u00eate apr\u00e8s la bourde du match EST-ESS"},{"@type":"BreadcrumbList","@id":"https:\/\/www.webdo.tn\/fr\/actualite\/sport\/la-television-tunisienne-ouvre-une-enquete-en-marge-du-match-est-ess\/214179\/#breadcrumb","itemListElement":[{"@type":"ListItem","position":1,"name":"Accueil","item":"https:\/\/www.webdo.tn\/fr\/"},{"@type":"ListItem","position":2,"name":"La T\u00e9l\u00e9vision tunisienne ouvre une enqu\u00eate apr\u00e8s la bourde du match EST-ESS"}]},{"@type":"WebSite","@id":"https:\/\/www.webdo.tn\/fr\/#website","url":"https:\/\/www.webdo.tn\/fr\/","name":"webdo","description":"Tunisie - News en Tunisie et \u00e0 l&#039;international sur Webdo.tn","publisher":{"@id":"https:\/\/www.webdo.tn\/fr\/#organization"},"potentialAction":[{"@type":"SearchAction","target":{"@type":"EntryPoint","urlTemplate":"https:\/\/www.webdo.tn\/fr\/?s={search_term_string}"},"query-input":{"@type":"PropertyValueSpecification","valueRequired":true,"valueName":"search_term_string"}}],"inLanguage":"fr-FR"},{"@type":"Organization","@id":"https:\/\/www.webdo.tn\/fr\/#organization","name":"Webdo","alternateName":"Webdo.tn","url":"https:\/\/www.webdo.tn\/fr\/","logo":{"@type":"ImageObject","inLanguage":"fr-FR","@id":"https:\/\/www.webdo.tn\/fr\/#\/schema\/logo\/image\/","url":"https:\/\/www.webdo.tn\/fr\/wp-content\/uploads\/2025\/06\/Webdo-Tunisie_168377.jpg","contentUrl":"https:\/\/www.webdo.tn\/fr\/wp-content\/uploads\/2025\/06\/Webdo-Tunisie_168377.jpg","width":301,"height":301,"caption":"Webdo"},"image":{"@id":"https:\/\/www.webdo.tn\/fr\/#\/schema\/logo\/image\/"},"sameAs":["https:\/\/www.facebook.com\/webdotn","https:\/\/x.com\/webdo_tn"],"description":"Webdo est un m\u00e9dia num\u00e9rique tunisien fond\u00e9 en 2010, sp\u00e9cialis\u00e9 dans l\u2019actualit\u00e9 nationale et internationale, l\u2019\u00e9conomie, la soci\u00e9t\u00e9 et les analyses politiques. Le site s\u2019adresse \u00e0 un large public francophone et couvre l\u2019information tunisienne en temps r\u00e9el.","email":"redac@webdo.tn","legalName":"YNJ SARL","foundingDate":"2010-09-06","numberOfEmployees":{"@type":"QuantitativeValue","minValue":"11","maxValue":"50"}},{"@type":"Person","@id":"https:\/\/www.webdo.tn\/fr\/#\/schema\/person\/2c4929cbf5a809e3bd38617c6ce150f6","name":"MC","image":{"@type":"ImageObject","inLanguage":"fr-FR","@id":"https:\/\/secure.gravatar.com\/avatar\/a545bbb6f84efdd5553dbbc2895e3ca8f1d12c5215e00a041c9670b54aa9b18a?s=96&d=mm&r=g","url":"https:\/\/secure.gravatar.com\/avatar\/a545bbb6f84efdd5553dbbc2895e3ca8f1d12c5215e00a041c9670b54aa9b18a?s=96&d=mm&r=g","contentUrl":"https:\/\/secure.gravatar.com\/avatar\/a545bbb6f84efdd5553dbbc2895e3ca8f1d12c5215e00a041c9670b54aa9b18a?s=96&d=mm&r=g","caption":"MC"},"url":"https:\/\/www.webdo.tn\/fr\/actualite\/author\/mc\/"}]}},"_links":{"self":[{"href":"https:\/\/www.webdo.tn\/fr\/wp-json\/wp\/v2\/posts\/214179","targetHints":{"allow":["GET"]}}],"collection":[{"href":"https:\/\/www.webdo.tn\/fr\/wp-json\/wp\/v2\/posts"}],"about":[{"href":"https:\/\/www.webdo.tn\/fr\/wp-json\/wp\/v2\/types\/post"}],"author":[{"embeddable":true,"href":"https:\/\/www.webdo.tn\/fr\/wp-json\/wp\/v2\/users\/3162"}],"replies":[{"embeddable":true,"href":"https:\/\/www.webdo.tn\/fr\/wp-json\/wp\/v2\/comments?post=214179"}],"version-history":[{"count":0,"href":"https:\/\/www.webdo.tn\/fr\/wp-json\/wp\/v2\/posts\/214179\/revisions"}],"wp:featuredmedia":[{"embeddable":true,"href":"https:\/\/www.webdo.tn\/fr\/wp-json\/wp\/v2\/media\/247370"}],"wp:attachment":[{"href":"https:\/\/www.webdo.tn\/fr\/wp-json\/wp\/v2\/media?parent=214179"}],"wp:term":[{"taxonomy":"category","embeddable":true,"href":"https:\/\/www.webdo.tn\/fr\/wp-json\/wp\/v2\/categories?post=214179"},{"taxonomy":"post_tag","embeddable":true,"href":"https:\/\/www.webdo.tn\/fr\/wp-json\/wp\/v2\/tags?post=214179"}],"curies":[{"name":"wp","href":"https:\/\/api.w.org\/{rel}","templated":true}]}}