{"id":214176,"date":"2024-05-15T14:45:00","date_gmt":"2024-05-15T14:45:00","guid":{"rendered":"https:\/\/www.webdo.tn\/fr\/blog\/ifm-annonce-l-arret-provisoire-de-l-emission-impossible\/214176\/"},"modified":"2025-05-20T21:50:36","modified_gmt":"2025-05-20T21:50:36","slug":"ifm-annonce-l-arret-provisoire-de-l-emission-impossible","status":"publish","type":"post","link":"https:\/\/www.webdo.tn\/fr\/actualite\/national\/ifm-annonce-l-arret-provisoire-de-l-emission-impossible\/214176\/","title":{"rendered":"IFM annonce l\u2019arr\u00eat provisoire de \u00ab\u00a0L\u2019\u00c9mission impossible\u00a0\u00bb"},"content":{"rendered":"<p>En raison de la d\u00e9tention de ses deux journalistes chroniqueurs, Borhen Bssaies et Mourad Zghidi, la radio IFM a d\u00e9cid\u00e9 d\u2019interrompre provisoirement l\u2019\u00e9mission radiophonique quotidienne \u00ab\u00a0L\u2019\u00c9mission impossible\u00a0\u00bb<\/p>\n<p>\t\t\t\t\t\t\t\t\tRadio IFM a annonc\u00e9, ce mercredi 15 mai 2024, l\u2019arr\u00eat provisoire de l\u2019\u00e9mission matinale \u00ab\u00a0L\u2019\u00c9mission impossible\u00a0\u00bb, et ce en raison de la d\u00e9tention de ses deux journalistes, Borhen Bssaies et Mourad Zghidi, qui ont fait, aujourd\u2019hui, l\u2019objet d\u2019un mandat de d\u00e9p\u00f4t.<\/p>\n<p>Dans un communiqu\u00e9 publi\u00e9 sur son site, la radio s\u2019est dite \u00e9tonn\u00e9e par la d\u00e9cision du juge d&rsquo;instruction du tribunal de premi\u00e8re instance de Tunis 1, ce mercredi 15 mai, d&rsquo;\u00e9mettre des mandats de d\u00e9p\u00f4t \u00e0 l\u2019encontre des journalistes Borhen Bssaies et Mourad Zghidi, leur audience ayant \u00e9t\u00e9 fix\u00e9e \u00e0 mercredi prochain, le 22 mai 2024.<\/p>\n<p>Selon la d\u00e9claration de l&rsquo;avocat Ghazi Mrabet, l&rsquo;accusation est de nature d\u00e9lictuelle et non criminelle, pour des faits reproch\u00e9s en vertu de l&rsquo;article 24 du d\u00e9cret-loi 54.<\/p>\n<p>Or, IFM s\u2019est dite \u00e9tonn\u00e9e \u00e9galement de leur placement en d\u00e9tention alors que l\u2019enqu\u00eate aurait pu suivre son cours tout en laissant les deux journalistes en \u00e9tat de libert\u00e9.<\/p>\n<p>IFM a exprim\u00e9 son soutien inconditionnel aux journalistes et annonc\u00e9 donc l\u2019arr\u00eat provisoire de sa Matinale jusqu\u2019\u00e0 leur lib\u00e9ration.<\/p>\n<p>L&rsquo;avocat de Mourad Zghidi, Ghazi Mrabet, a pr\u00e9cis\u00e9, aujourd\u2019hui que l&rsquo;accusation est de nature d\u00e9lictuelle et non criminelle, pour des faits reproch\u00e9s en vertu de l&rsquo;article 24 du d\u00e9cret-loi 54.<br \/>\n\u00a0<br \/>\nLes deux journalistes sont poursuivis concernant des d\u00e9clarations m\u00e9diatiques et des statuts sur les r\u00e9seaux sociaux, certains datant de 2020 et pouvant porter atteinte au pr\u00e9sident de la R\u00e9publique.<\/p>\n","protected":false},"excerpt":{"rendered":"<p>Radio IFM a annonc\u00e9, ce mercredi 15 mai 2024, l\u2019arr\u00eat provisoire de l\u2019\u00e9mission matinale  L\u2019\u00c9mission impossible , et ce en raison de la d\u00e9tention de ses deux jou&#8230;<\/p>\n","protected":false},"author":3162,"featured_media":247369,"comment_status":"open","ping_status":"closed","sticky":false,"template":"","format":"standard","meta":{"footnotes":""},"categories":[44],"tags":[6449,6495,2886,6448,2608],"class_list":["post-214176","post","type-post","status-publish","format-standard","has-post-thumbnail","hentry","category-national","tag-borhen-bssaies","tag-ifm","tag-mandat-de-depot","tag-mourad-zghidi","tag-tunisie"],"yoast_head":"<!-- This site is optimized with the Yoast SEO Premium plugin v27.5 (Yoast SEO v27.5) - https:\/\/yoast.com\/product\/yoast-seo-premium-wordpress\/ -->\n<title>IFM annonce l\u2019arr\u00eat provisoire de L\u2019\u00c9mission impossible<\/title>\n<meta name=\"description\" content=\"Radio IFM a annonc\u00e9, ce mercredi 15 mai 2024, l\u2019arr\u00eat provisoire de l\u2019\u00e9mission matinale L\u2019\u00c9mission impossible , et ce en raison de la d\u00e9tention de ses deux jou...\" \/>\n<link rel=\"canonical\" href=\"https:\/\/www.webdo.tn\/fr\/actualite\/national\/ifm-annonce-l-arret-provisoire-de-l-emission-impossible\/214176\/\" \/>\n<meta property=\"og:locale\" content=\"fr_FR\" \/>\n<meta property=\"og:type\" content=\"article\" \/>\n<meta property=\"og:title\" content=\"IFM annonce l\u2019arr\u00eat provisoire de &quot;L\u2019\u00c9mission impossible&quot;\" \/>\n<meta property=\"og:description\" content=\"Radio IFM a annonc\u00e9, ce mercredi 15 mai 2024, l\u2019arr\u00eat provisoire de l\u2019\u00e9mission matinale L\u2019\u00c9mission impossible , et ce en raison de la d\u00e9tention de ses deux jou...\" \/>\n<meta property=\"og:url\" content=\"https:\/\/www.webdo.tn\/fr\/actualite\/national\/ifm-annonce-l-arret-provisoire-de-l-emission-impossible\/214176\/\" \/>\n<meta property=\"og:site_name\" content=\"webdo\" \/>\n<meta property=\"article:publisher\" content=\"https:\/\/www.facebook.com\/webdotn\" \/>\n<meta property=\"article:published_time\" content=\"2024-05-15T14:45:00+00:00\" \/>\n<meta property=\"article:modified_time\" content=\"2025-05-20T21:50:36+00:00\" \/>\n<meta property=\"og:image\" content=\"https:\/\/www.webdo.tn\/fr\/wp-content\/uploads\/2024\/05\/c652b98d23d8f6bcd1209825b11220b9.webp\" \/>\n\t<meta property=\"og:image:width\" content=\"650\" \/>\n\t<meta property=\"og:image:height\" content=\"347\" \/>\n\t<meta property=\"og:image:type\" content=\"image\/webp\" \/>\n<meta name=\"author\" content=\"MC\" \/>\n<meta name=\"twitter:card\" content=\"summary_large_image\" \/>\n<meta name=\"twitter:creator\" content=\"@webdo_tn\" \/>\n<meta name=\"twitter:site\" content=\"@webdo_tn\" \/>\n<meta name=\"twitter:label1\" content=\"\u00c9crit par\" \/>\n\t<meta name=\"twitter:data1\" content=\"MC\" \/>\n\t<meta name=\"twitter:label2\" content=\"Dur\u00e9e de lecture estim\u00e9e\" \/>\n\t<meta name=\"twitter:data2\" content=\"1 minute\" \/>\n<script type=\"application\/ld+json\" class=\"yoast-schema-graph\">{\"@context\":\"https:\\\/\\\/schema.org\",\"@graph\":[{\"@type\":\"NewsArticle\",\"@id\":\"https:\\\/\\\/www.webdo.tn\\\/fr\\\/actualite\\\/national\\\/ifm-annonce-l-arret-provisoire-de-l-emission-impossible\\\/214176\\\/#article\",\"isPartOf\":{\"@id\":\"https:\\\/\\\/www.webdo.tn\\\/fr\\\/actualite\\\/national\\\/ifm-annonce-l-arret-provisoire-de-l-emission-impossible\\\/214176\\\/\"},\"author\":{\"name\":\"MC\",\"@id\":\"https:\\\/\\\/www.webdo.tn\\\/fr\\\/#\\\/schema\\\/person\\\/2c4929cbf5a809e3bd38617c6ce150f6\"},\"headline\":\"IFM annonce l\u2019arr\u00eat provisoire de \u00ab\u00a0L\u2019\u00c9mission impossible\u00a0\u00bb\",\"datePublished\":\"2024-05-15T14:45:00+00:00\",\"dateModified\":\"2025-05-20T21:50:36+00:00\",\"mainEntityOfPage\":{\"@id\":\"https:\\\/\\\/www.webdo.tn\\\/fr\\\/actualite\\\/national\\\/ifm-annonce-l-arret-provisoire-de-l-emission-impossible\\\/214176\\\/\"},\"wordCount\":308,\"commentCount\":0,\"publisher\":{\"@id\":\"https:\\\/\\\/www.webdo.tn\\\/fr\\\/#organization\"},\"image\":{\"@id\":\"https:\\\/\\\/www.webdo.tn\\\/fr\\\/actualite\\\/national\\\/ifm-annonce-l-arret-provisoire-de-l-emission-impossible\\\/214176\\\/#primaryimage\"},\"thumbnailUrl\":\"https:\\\/\\\/www.webdo.tn\\\/fr\\\/wp-content\\\/uploads\\\/2024\\\/05\\\/c652b98d23d8f6bcd1209825b11220b9.webp\",\"keywords\":[\"borhen bssaies\",\"ifm\",\"mandat de d\u00e9p\u00f4t\",\"Mourad Zghidi\",\"Tunisie\"],\"articleSection\":[\"National\"],\"inLanguage\":\"fr-FR\"},{\"@type\":\"WebPage\",\"@id\":\"https:\\\/\\\/www.webdo.tn\\\/fr\\\/actualite\\\/national\\\/ifm-annonce-l-arret-provisoire-de-l-emission-impossible\\\/214176\\\/\",\"url\":\"https:\\\/\\\/www.webdo.tn\\\/fr\\\/actualite\\\/national\\\/ifm-annonce-l-arret-provisoire-de-l-emission-impossible\\\/214176\\\/\",\"name\":\"IFM annonce l\u2019arr\u00eat provisoire de L\u2019\u00c9mission impossible\",\"isPartOf\":{\"@id\":\"https:\\\/\\\/www.webdo.tn\\\/fr\\\/#website\"},\"primaryImageOfPage\":{\"@id\":\"https:\\\/\\\/www.webdo.tn\\\/fr\\\/actualite\\\/national\\\/ifm-annonce-l-arret-provisoire-de-l-emission-impossible\\\/214176\\\/#primaryimage\"},\"image\":{\"@id\":\"https:\\\/\\\/www.webdo.tn\\\/fr\\\/actualite\\\/national\\\/ifm-annonce-l-arret-provisoire-de-l-emission-impossible\\\/214176\\\/#primaryimage\"},\"thumbnailUrl\":\"https:\\\/\\\/www.webdo.tn\\\/fr\\\/wp-content\\\/uploads\\\/2024\\\/05\\\/c652b98d23d8f6bcd1209825b11220b9.webp\",\"datePublished\":\"2024-05-15T14:45:00+00:00\",\"dateModified\":\"2025-05-20T21:50:36+00:00\",\"description\":\"Radio IFM a annonc\u00e9, ce mercredi 15 mai 2024, l\u2019arr\u00eat provisoire de l\u2019\u00e9mission matinale L\u2019\u00c9mission impossible , et ce en raison de la d\u00e9tention de ses deux jou...\",\"breadcrumb\":{\"@id\":\"https:\\\/\\\/www.webdo.tn\\\/fr\\\/actualite\\\/national\\\/ifm-annonce-l-arret-provisoire-de-l-emission-impossible\\\/214176\\\/#breadcrumb\"},\"inLanguage\":\"fr-FR\",\"potentialAction\":[{\"@type\":\"ReadAction\",\"target\":[\"https:\\\/\\\/www.webdo.tn\\\/fr\\\/actualite\\\/national\\\/ifm-annonce-l-arret-provisoire-de-l-emission-impossible\\\/214176\\\/\"]}]},{\"@type\":\"ImageObject\",\"inLanguage\":\"fr-FR\",\"@id\":\"https:\\\/\\\/www.webdo.tn\\\/fr\\\/actualite\\\/national\\\/ifm-annonce-l-arret-provisoire-de-l-emission-impossible\\\/214176\\\/#primaryimage\",\"url\":\"https:\\\/\\\/www.webdo.tn\\\/fr\\\/wp-content\\\/uploads\\\/2024\\\/05\\\/c652b98d23d8f6bcd1209825b11220b9.webp\",\"contentUrl\":\"https:\\\/\\\/www.webdo.tn\\\/fr\\\/wp-content\\\/uploads\\\/2024\\\/05\\\/c652b98d23d8f6bcd1209825b11220b9.webp\",\"width\":650,\"height\":347,\"caption\":\"IFM annonce l\u2019arr\u00eat provisoire de \\\"L\u2019\u00c9mission impossible\\\"\"},{\"@type\":\"BreadcrumbList\",\"@id\":\"https:\\\/\\\/www.webdo.tn\\\/fr\\\/actualite\\\/national\\\/ifm-annonce-l-arret-provisoire-de-l-emission-impossible\\\/214176\\\/#breadcrumb\",\"itemListElement\":[{\"@type\":\"ListItem\",\"position\":1,\"name\":\"Accueil\",\"item\":\"https:\\\/\\\/www.webdo.tn\\\/fr\\\/\"},{\"@type\":\"ListItem\",\"position\":2,\"name\":\"IFM annonce l\u2019arr\u00eat provisoire de &#8220;L\u2019\u00c9mission impossible&#8221;\"}]},{\"@type\":\"WebSite\",\"@id\":\"https:\\\/\\\/www.webdo.tn\\\/fr\\\/#website\",\"url\":\"https:\\\/\\\/www.webdo.tn\\\/fr\\\/\",\"name\":\"webdo\",\"description\":\"Tunisie - News en Tunisie et \u00e0 l&#039;international sur Webdo.tn\",\"publisher\":{\"@id\":\"https:\\\/\\\/www.webdo.tn\\\/fr\\\/#organization\"},\"potentialAction\":[{\"@type\":\"SearchAction\",\"target\":{\"@type\":\"EntryPoint\",\"urlTemplate\":\"https:\\\/\\\/www.webdo.tn\\\/fr\\\/?s={search_term_string}\"},\"query-input\":{\"@type\":\"PropertyValueSpecification\",\"valueRequired\":true,\"valueName\":\"search_term_string\"}}],\"inLanguage\":\"fr-FR\"},{\"@type\":\"Organization\",\"@id\":\"https:\\\/\\\/www.webdo.tn\\\/fr\\\/#organization\",\"name\":\"Webdo\",\"alternateName\":\"Webdo.tn\",\"url\":\"https:\\\/\\\/www.webdo.tn\\\/fr\\\/\",\"logo\":{\"@type\":\"ImageObject\",\"inLanguage\":\"fr-FR\",\"@id\":\"https:\\\/\\\/www.webdo.tn\\\/fr\\\/#\\\/schema\\\/logo\\\/image\\\/\",\"url\":\"https:\\\/\\\/www.webdo.tn\\\/fr\\\/wp-content\\\/uploads\\\/2025\\\/06\\\/Webdo-Tunisie_168377.jpg\",\"contentUrl\":\"https:\\\/\\\/www.webdo.tn\\\/fr\\\/wp-content\\\/uploads\\\/2025\\\/06\\\/Webdo-Tunisie_168377.jpg\",\"width\":301,\"height\":301,\"caption\":\"Webdo\"},\"image\":{\"@id\":\"https:\\\/\\\/www.webdo.tn\\\/fr\\\/#\\\/schema\\\/logo\\\/image\\\/\"},\"sameAs\":[\"https:\\\/\\\/www.facebook.com\\\/webdotn\",\"https:\\\/\\\/x.com\\\/webdo_tn\"],\"description\":\"Webdo est un m\u00e9dia num\u00e9rique tunisien fond\u00e9 en 2010, sp\u00e9cialis\u00e9 dans l\u2019actualit\u00e9 nationale et internationale, l\u2019\u00e9conomie, la soci\u00e9t\u00e9 et les analyses politiques. Le site s\u2019adresse \u00e0 un large public francophone et couvre l\u2019information tunisienne en temps r\u00e9el.\",\"email\":\"redac@webdo.tn\",\"legalName\":\"YNJ SARL\",\"foundingDate\":\"2010-09-06\",\"numberOfEmployees\":{\"@type\":\"QuantitativeValue\",\"minValue\":\"11\",\"maxValue\":\"50\"}},{\"@type\":\"Person\",\"@id\":\"https:\\\/\\\/www.webdo.tn\\\/fr\\\/#\\\/schema\\\/person\\\/2c4929cbf5a809e3bd38617c6ce150f6\",\"name\":\"MC\",\"image\":{\"@type\":\"ImageObject\",\"inLanguage\":\"fr-FR\",\"@id\":\"https:\\\/\\\/secure.gravatar.com\\\/avatar\\\/a545bbb6f84efdd5553dbbc2895e3ca8f1d12c5215e00a041c9670b54aa9b18a?s=96&d=mm&r=g\",\"url\":\"https:\\\/\\\/secure.gravatar.com\\\/avatar\\\/a545bbb6f84efdd5553dbbc2895e3ca8f1d12c5215e00a041c9670b54aa9b18a?s=96&d=mm&r=g\",\"contentUrl\":\"https:\\\/\\\/secure.gravatar.com\\\/avatar\\\/a545bbb6f84efdd5553dbbc2895e3ca8f1d12c5215e00a041c9670b54aa9b18a?s=96&d=mm&r=g\",\"caption\":\"MC\"},\"url\":\"https:\\\/\\\/www.webdo.tn\\\/fr\\\/actualite\\\/author\\\/mc\\\/\"}]}<\/script>\n<!-- \/ Yoast SEO Premium plugin. -->","yoast_head_json":{"title":"IFM annonce l\u2019arr\u00eat provisoire de L\u2019\u00c9mission impossible","description":"Radio IFM a annonc\u00e9, ce mercredi 15 mai 2024, l\u2019arr\u00eat provisoire de l\u2019\u00e9mission matinale L\u2019\u00c9mission impossible , et ce en raison de la d\u00e9tention de ses deux jou...","canonical":"https:\/\/www.webdo.tn\/fr\/actualite\/national\/ifm-annonce-l-arret-provisoire-de-l-emission-impossible\/214176\/","og_locale":"fr_FR","og_type":"article","og_title":"IFM annonce l\u2019arr\u00eat provisoire de \"L\u2019\u00c9mission impossible\"","og_description":"Radio IFM a annonc\u00e9, ce mercredi 15 mai 2024, l\u2019arr\u00eat provisoire de l\u2019\u00e9mission matinale L\u2019\u00c9mission impossible , et ce en raison de la d\u00e9tention de ses deux jou...","og_url":"https:\/\/www.webdo.tn\/fr\/actualite\/national\/ifm-annonce-l-arret-provisoire-de-l-emission-impossible\/214176\/","og_site_name":"webdo","article_publisher":"https:\/\/www.facebook.com\/webdotn","article_published_time":"2024-05-15T14:45:00+00:00","article_modified_time":"2025-05-20T21:50:36+00:00","og_image":[{"width":650,"height":347,"url":"https:\/\/www.webdo.tn\/fr\/wp-content\/uploads\/2024\/05\/c652b98d23d8f6bcd1209825b11220b9.webp","type":"image\/webp"}],"author":"MC","twitter_card":"summary_large_image","twitter_creator":"@webdo_tn","twitter_site":"@webdo_tn","twitter_misc":{"\u00c9crit par":"MC","Dur\u00e9e de lecture estim\u00e9e":"1 minute"},"schema":{"@context":"https:\/\/schema.org","@graph":[{"@type":"NewsArticle","@id":"https:\/\/www.webdo.tn\/fr\/actualite\/national\/ifm-annonce-l-arret-provisoire-de-l-emission-impossible\/214176\/#article","isPartOf":{"@id":"https:\/\/www.webdo.tn\/fr\/actualite\/national\/ifm-annonce-l-arret-provisoire-de-l-emission-impossible\/214176\/"},"author":{"name":"MC","@id":"https:\/\/www.webdo.tn\/fr\/#\/schema\/person\/2c4929cbf5a809e3bd38617c6ce150f6"},"headline":"IFM annonce l\u2019arr\u00eat provisoire de \u00ab\u00a0L\u2019\u00c9mission impossible\u00a0\u00bb","datePublished":"2024-05-15T14:45:00+00:00","dateModified":"2025-05-20T21:50:36+00:00","mainEntityOfPage":{"@id":"https:\/\/www.webdo.tn\/fr\/actualite\/national\/ifm-annonce-l-arret-provisoire-de-l-emission-impossible\/214176\/"},"wordCount":308,"commentCount":0,"publisher":{"@id":"https:\/\/www.webdo.tn\/fr\/#organization"},"image":{"@id":"https:\/\/www.webdo.tn\/fr\/actualite\/national\/ifm-annonce-l-arret-provisoire-de-l-emission-impossible\/214176\/#primaryimage"},"thumbnailUrl":"https:\/\/www.webdo.tn\/fr\/wp-content\/uploads\/2024\/05\/c652b98d23d8f6bcd1209825b11220b9.webp","keywords":["borhen bssaies","ifm","mandat de d\u00e9p\u00f4t","Mourad Zghidi","Tunisie"],"articleSection":["National"],"inLanguage":"fr-FR"},{"@type":"WebPage","@id":"https:\/\/www.webdo.tn\/fr\/actualite\/national\/ifm-annonce-l-arret-provisoire-de-l-emission-impossible\/214176\/","url":"https:\/\/www.webdo.tn\/fr\/actualite\/national\/ifm-annonce-l-arret-provisoire-de-l-emission-impossible\/214176\/","name":"IFM annonce l\u2019arr\u00eat provisoire de L\u2019\u00c9mission impossible","isPartOf":{"@id":"https:\/\/www.webdo.tn\/fr\/#website"},"primaryImageOfPage":{"@id":"https:\/\/www.webdo.tn\/fr\/actualite\/national\/ifm-annonce-l-arret-provisoire-de-l-emission-impossible\/214176\/#primaryimage"},"image":{"@id":"https:\/\/www.webdo.tn\/fr\/actualite\/national\/ifm-annonce-l-arret-provisoire-de-l-emission-impossible\/214176\/#primaryimage"},"thumbnailUrl":"https:\/\/www.webdo.tn\/fr\/wp-content\/uploads\/2024\/05\/c652b98d23d8f6bcd1209825b11220b9.webp","datePublished":"2024-05-15T14:45:00+00:00","dateModified":"2025-05-20T21:50:36+00:00","description":"Radio IFM a annonc\u00e9, ce mercredi 15 mai 2024, l\u2019arr\u00eat provisoire de l\u2019\u00e9mission matinale L\u2019\u00c9mission impossible , et ce en raison de la d\u00e9tention de ses deux jou...","breadcrumb":{"@id":"https:\/\/www.webdo.tn\/fr\/actualite\/national\/ifm-annonce-l-arret-provisoire-de-l-emission-impossible\/214176\/#breadcrumb"},"inLanguage":"fr-FR","potentialAction":[{"@type":"ReadAction","target":["https:\/\/www.webdo.tn\/fr\/actualite\/national\/ifm-annonce-l-arret-provisoire-de-l-emission-impossible\/214176\/"]}]},{"@type":"ImageObject","inLanguage":"fr-FR","@id":"https:\/\/www.webdo.tn\/fr\/actualite\/national\/ifm-annonce-l-arret-provisoire-de-l-emission-impossible\/214176\/#primaryimage","url":"https:\/\/www.webdo.tn\/fr\/wp-content\/uploads\/2024\/05\/c652b98d23d8f6bcd1209825b11220b9.webp","contentUrl":"https:\/\/www.webdo.tn\/fr\/wp-content\/uploads\/2024\/05\/c652b98d23d8f6bcd1209825b11220b9.webp","width":650,"height":347,"caption":"IFM annonce l\u2019arr\u00eat provisoire de \"L\u2019\u00c9mission impossible\""},{"@type":"BreadcrumbList","@id":"https:\/\/www.webdo.tn\/fr\/actualite\/national\/ifm-annonce-l-arret-provisoire-de-l-emission-impossible\/214176\/#breadcrumb","itemListElement":[{"@type":"ListItem","position":1,"name":"Accueil","item":"https:\/\/www.webdo.tn\/fr\/"},{"@type":"ListItem","position":2,"name":"IFM annonce l\u2019arr\u00eat provisoire de &#8220;L\u2019\u00c9mission impossible&#8221;"}]},{"@type":"WebSite","@id":"https:\/\/www.webdo.tn\/fr\/#website","url":"https:\/\/www.webdo.tn\/fr\/","name":"webdo","description":"Tunisie - News en Tunisie et \u00e0 l&#039;international sur Webdo.tn","publisher":{"@id":"https:\/\/www.webdo.tn\/fr\/#organization"},"potentialAction":[{"@type":"SearchAction","target":{"@type":"EntryPoint","urlTemplate":"https:\/\/www.webdo.tn\/fr\/?s={search_term_string}"},"query-input":{"@type":"PropertyValueSpecification","valueRequired":true,"valueName":"search_term_string"}}],"inLanguage":"fr-FR"},{"@type":"Organization","@id":"https:\/\/www.webdo.tn\/fr\/#organization","name":"Webdo","alternateName":"Webdo.tn","url":"https:\/\/www.webdo.tn\/fr\/","logo":{"@type":"ImageObject","inLanguage":"fr-FR","@id":"https:\/\/www.webdo.tn\/fr\/#\/schema\/logo\/image\/","url":"https:\/\/www.webdo.tn\/fr\/wp-content\/uploads\/2025\/06\/Webdo-Tunisie_168377.jpg","contentUrl":"https:\/\/www.webdo.tn\/fr\/wp-content\/uploads\/2025\/06\/Webdo-Tunisie_168377.jpg","width":301,"height":301,"caption":"Webdo"},"image":{"@id":"https:\/\/www.webdo.tn\/fr\/#\/schema\/logo\/image\/"},"sameAs":["https:\/\/www.facebook.com\/webdotn","https:\/\/x.com\/webdo_tn"],"description":"Webdo est un m\u00e9dia num\u00e9rique tunisien fond\u00e9 en 2010, sp\u00e9cialis\u00e9 dans l\u2019actualit\u00e9 nationale et internationale, l\u2019\u00e9conomie, la soci\u00e9t\u00e9 et les analyses politiques. Le site s\u2019adresse \u00e0 un large public francophone et couvre l\u2019information tunisienne en temps r\u00e9el.","email":"redac@webdo.tn","legalName":"YNJ SARL","foundingDate":"2010-09-06","numberOfEmployees":{"@type":"QuantitativeValue","minValue":"11","maxValue":"50"}},{"@type":"Person","@id":"https:\/\/www.webdo.tn\/fr\/#\/schema\/person\/2c4929cbf5a809e3bd38617c6ce150f6","name":"MC","image":{"@type":"ImageObject","inLanguage":"fr-FR","@id":"https:\/\/secure.gravatar.com\/avatar\/a545bbb6f84efdd5553dbbc2895e3ca8f1d12c5215e00a041c9670b54aa9b18a?s=96&d=mm&r=g","url":"https:\/\/secure.gravatar.com\/avatar\/a545bbb6f84efdd5553dbbc2895e3ca8f1d12c5215e00a041c9670b54aa9b18a?s=96&d=mm&r=g","contentUrl":"https:\/\/secure.gravatar.com\/avatar\/a545bbb6f84efdd5553dbbc2895e3ca8f1d12c5215e00a041c9670b54aa9b18a?s=96&d=mm&r=g","caption":"MC"},"url":"https:\/\/www.webdo.tn\/fr\/actualite\/author\/mc\/"}]}},"_links":{"self":[{"href":"https:\/\/www.webdo.tn\/fr\/wp-json\/wp\/v2\/posts\/214176","targetHints":{"allow":["GET"]}}],"collection":[{"href":"https:\/\/www.webdo.tn\/fr\/wp-json\/wp\/v2\/posts"}],"about":[{"href":"https:\/\/www.webdo.tn\/fr\/wp-json\/wp\/v2\/types\/post"}],"author":[{"embeddable":true,"href":"https:\/\/www.webdo.tn\/fr\/wp-json\/wp\/v2\/users\/3162"}],"replies":[{"embeddable":true,"href":"https:\/\/www.webdo.tn\/fr\/wp-json\/wp\/v2\/comments?post=214176"}],"version-history":[{"count":0,"href":"https:\/\/www.webdo.tn\/fr\/wp-json\/wp\/v2\/posts\/214176\/revisions"}],"wp:featuredmedia":[{"embeddable":true,"href":"https:\/\/www.webdo.tn\/fr\/wp-json\/wp\/v2\/media\/247369"}],"wp:attachment":[{"href":"https:\/\/www.webdo.tn\/fr\/wp-json\/wp\/v2\/media?parent=214176"}],"wp:term":[{"taxonomy":"category","embeddable":true,"href":"https:\/\/www.webdo.tn\/fr\/wp-json\/wp\/v2\/categories?post=214176"},{"taxonomy":"post_tag","embeddable":true,"href":"https:\/\/www.webdo.tn\/fr\/wp-json\/wp\/v2\/tags?post=214176"}],"curies":[{"name":"wp","href":"https:\/\/api.w.org\/{rel}","templated":true}]}}