{"id":214173,"date":"2024-05-15T13:04:00","date_gmt":"2024-05-15T13:04:00","guid":{"rendered":"https:\/\/www.webdo.tn\/fr\/blog\/mark-zuckerberg-carthage-doit-etre-detruite-pourquoi\/214173\/"},"modified":"2025-05-20T22:31:45","modified_gmt":"2025-05-20T22:31:45","slug":"mark-zuckerberg-carthage-doit-etre-detruite-pourquoi","status":"publish","type":"post","link":"https:\/\/www.webdo.tn\/fr\/actualite\/divers\/mark-zuckerberg-carthage-doit-etre-detruite-pourquoi\/214173\/","title":{"rendered":"Mark Zuckerberg : \u00ab\u00a0Carthage doit \u00eatre d\u00e9truite\u00a0\u00bb, pourquoi ?"},"content":{"rendered":"<p>Mark Zuckerberg n&rsquo;a pas choisi la facilit\u00e9 pour c\u00e9l\u00e9brer son 40\u00e8me anniversaire. En arborant un t-shirt controvers\u00e9 orn\u00e9 de l&rsquo;inscription latine \u00ab\u00a0Carthago delenda est\u00a0\u00bb (\u00ab\u00a0Carthage doit \u00eatre d\u00e9truite\u00a0\u00bb), le fondateur de Facebook a sem\u00e9 le trouble et d\u00e9clench\u00e9 un v\u00e9ritable t\u00f4l\u00e9 aupr\u00e8s des internautes.<\/p>\n<p>\t\t\t\t\t\t\t\t\tMark Zuckerberg, le fondateur de Facebook, a c\u00e9l\u00e9br\u00e9 ses 40 ans avec des reconstitutions des endroits o\u00f9 il a v\u00e9cu plus jeune.\u00a0<\/p>\n<p>Le milliardaire a partag\u00e9 sur Instagram de rares photos de sa famille et de ses amis lors de la f\u00eate, expliquant que son \u00e9pouse Priscilla Chan avait \u00ab\u00a0recr\u00e9\u00e9 plusieurs endroits o\u00f9 j&rsquo;ai v\u00e9cu \u00e0 l&rsquo;\u00e9poque\u00a0\u00bb.<\/p>\n<p>L&rsquo;une des images le montre portant un t-shirt avec l&rsquo;inscription intrigante \u00ab\u00a0Carthage Must Be Destroyed\u00a0\u00bb (Carthage doit \u00eatre d\u00e9truite).<\/p>\n<p>Le choix de porter un t-shirt avec cette inscription particuli\u00e8re a intrigu\u00e9 de nombreuses personnes, qui se sont demand\u00e9es si cela avait une signification particuli\u00e8re ou un lien avec la ville historique de Carthage en Tunisie.<\/p>\n<p>Cependant, il n&rsquo;y a pas eu de d\u00e9claration officielle de la part du fondateur de Facebook pour expliquer le choix de cette inscription sur son t-shirt.<\/p>\n<p>V\u00e9rification faite aupr\u00e8s du DailyMail, le t-shirt arborant l&rsquo;inscription en latin \u00ab\u00a0Carthago delenda est\u00a0\u00bb (\u00ab\u00a0Carthage doit \u00eatre d\u00e9truite\u00a0\u00bb) fait en r\u00e9alit\u00e9 r\u00e9f\u00e9rence \u00e0 un restaurant de Brooklyn aujourd&rsquo;hui ferm\u00e9, que Mark avait l&rsquo;habitude de fr\u00e9quenter, \u00e0 en croire les explications fournies.<\/p>\n","protected":false},"excerpt":{"rendered":"<p>Mark Zuckerberg a c\u00e9l\u00e9br\u00e9 ses 40 ans en portant un t-shirt avec l&rsquo;inscription intrigante  Carthage Must Be Destroyed , suscitant les interrogations. D\u00e9couvrez l&#8230;<\/p>\n","protected":false},"author":3169,"featured_media":247368,"comment_status":"open","ping_status":"closed","sticky":false,"template":"","format":"standard","meta":{"footnotes":""},"categories":[2839],"tags":[3223,6494,6493,2608],"class_list":["post-214173","post","type-post","status-publish","format-standard","has-post-thumbnail","hentry","category-divers","tag-carthage","tag-carthago-delenda-est","tag-mark-zuckerberg","tag-tunisie"],"yoast_head":"<!-- This site is optimized with the Yoast SEO Premium plugin v27.5 (Yoast SEO v27.5) - https:\/\/yoast.com\/product\/yoast-seo-premium-wordpress\/ -->\n<title>Mark Zuckerberg : Carthage doit \u00eatre d\u00e9truite , pourquoi ?<\/title>\n<meta name=\"description\" content=\"Mark Zuckerberg a c\u00e9l\u00e9br\u00e9 ses 40 ans en portant un t-shirt avec l&#039;inscription intrigante Carthage Must Be Destroyed , suscitant les interrogations. D\u00e9couvrez l...\" \/>\n<link rel=\"canonical\" href=\"https:\/\/www.webdo.tn\/fr\/actualite\/divers\/mark-zuckerberg-carthage-doit-etre-detruite-pourquoi\/214173\/\" \/>\n<meta property=\"og:locale\" content=\"fr_FR\" \/>\n<meta property=\"og:type\" content=\"article\" \/>\n<meta property=\"og:title\" content=\"Mark Zuckerberg : &quot;Carthage doit \u00eatre d\u00e9truite&quot;, pourquoi ?\" \/>\n<meta property=\"og:description\" content=\"Mark Zuckerberg a c\u00e9l\u00e9br\u00e9 ses 40 ans en portant un t-shirt avec l&#039;inscription intrigante Carthage Must Be Destroyed , suscitant les interrogations. D\u00e9couvrez l...\" \/>\n<meta property=\"og:url\" content=\"https:\/\/www.webdo.tn\/fr\/actualite\/divers\/mark-zuckerberg-carthage-doit-etre-detruite-pourquoi\/214173\/\" \/>\n<meta property=\"og:site_name\" content=\"webdo\" \/>\n<meta property=\"article:publisher\" content=\"https:\/\/www.facebook.com\/webdotn\" \/>\n<meta property=\"article:published_time\" content=\"2024-05-15T13:04:00+00:00\" \/>\n<meta property=\"article:modified_time\" content=\"2025-05-20T22:31:45+00:00\" \/>\n<meta property=\"og:image\" content=\"https:\/\/www.webdo.tn\/fr\/wp-content\/uploads\/2024\/05\/1a5dcb42178b69c4c81b1b3e2eed297b.webp\" \/>\n\t<meta property=\"og:image:width\" content=\"750\" \/>\n\t<meta property=\"og:image:height\" content=\"400\" \/>\n\t<meta property=\"og:image:type\" content=\"image\/webp\" \/>\n<meta name=\"author\" content=\"Webdo\" \/>\n<meta name=\"twitter:card\" content=\"summary_large_image\" \/>\n<meta name=\"twitter:creator\" content=\"@webdo_tn\" \/>\n<meta name=\"twitter:site\" content=\"@webdo_tn\" \/>\n<meta name=\"twitter:label1\" content=\"\u00c9crit par\" \/>\n\t<meta name=\"twitter:data1\" content=\"Webdo\" \/>\n\t<meta name=\"twitter:label2\" content=\"Dur\u00e9e de lecture estim\u00e9e\" \/>\n\t<meta name=\"twitter:data2\" content=\"1 minute\" \/>\n<script type=\"application\/ld+json\" class=\"yoast-schema-graph\">{\"@context\":\"https:\\\/\\\/schema.org\",\"@graph\":[{\"@type\":\"NewsArticle\",\"@id\":\"https:\\\/\\\/www.webdo.tn\\\/fr\\\/actualite\\\/divers\\\/mark-zuckerberg-carthage-doit-etre-detruite-pourquoi\\\/214173\\\/#article\",\"isPartOf\":{\"@id\":\"https:\\\/\\\/www.webdo.tn\\\/fr\\\/actualite\\\/divers\\\/mark-zuckerberg-carthage-doit-etre-detruite-pourquoi\\\/214173\\\/\"},\"author\":{\"name\":\"Webdo\",\"@id\":\"https:\\\/\\\/www.webdo.tn\\\/fr\\\/#\\\/schema\\\/person\\\/1f4e491e0907b413d61089e8eb573acc\"},\"headline\":\"Mark Zuckerberg : \u00ab\u00a0Carthage doit \u00eatre d\u00e9truite\u00a0\u00bb, pourquoi ?\",\"datePublished\":\"2024-05-15T13:04:00+00:00\",\"dateModified\":\"2025-05-20T22:31:45+00:00\",\"mainEntityOfPage\":{\"@id\":\"https:\\\/\\\/www.webdo.tn\\\/fr\\\/actualite\\\/divers\\\/mark-zuckerberg-carthage-doit-etre-detruite-pourquoi\\\/214173\\\/\"},\"wordCount\":261,\"commentCount\":0,\"publisher\":{\"@id\":\"https:\\\/\\\/www.webdo.tn\\\/fr\\\/#organization\"},\"image\":{\"@id\":\"https:\\\/\\\/www.webdo.tn\\\/fr\\\/actualite\\\/divers\\\/mark-zuckerberg-carthage-doit-etre-detruite-pourquoi\\\/214173\\\/#primaryimage\"},\"thumbnailUrl\":\"https:\\\/\\\/www.webdo.tn\\\/fr\\\/wp-content\\\/uploads\\\/2024\\\/05\\\/1a5dcb42178b69c4c81b1b3e2eed297b.webp\",\"keywords\":[\"Carthage\",\"Carthago delenda est\",\"Mark Zuckerberg\",\"Tunisie\"],\"articleSection\":[\"Divers\"],\"inLanguage\":\"fr-FR\"},{\"@type\":\"WebPage\",\"@id\":\"https:\\\/\\\/www.webdo.tn\\\/fr\\\/actualite\\\/divers\\\/mark-zuckerberg-carthage-doit-etre-detruite-pourquoi\\\/214173\\\/\",\"url\":\"https:\\\/\\\/www.webdo.tn\\\/fr\\\/actualite\\\/divers\\\/mark-zuckerberg-carthage-doit-etre-detruite-pourquoi\\\/214173\\\/\",\"name\":\"Mark Zuckerberg : Carthage doit \u00eatre d\u00e9truite , pourquoi ?\",\"isPartOf\":{\"@id\":\"https:\\\/\\\/www.webdo.tn\\\/fr\\\/#website\"},\"primaryImageOfPage\":{\"@id\":\"https:\\\/\\\/www.webdo.tn\\\/fr\\\/actualite\\\/divers\\\/mark-zuckerberg-carthage-doit-etre-detruite-pourquoi\\\/214173\\\/#primaryimage\"},\"image\":{\"@id\":\"https:\\\/\\\/www.webdo.tn\\\/fr\\\/actualite\\\/divers\\\/mark-zuckerberg-carthage-doit-etre-detruite-pourquoi\\\/214173\\\/#primaryimage\"},\"thumbnailUrl\":\"https:\\\/\\\/www.webdo.tn\\\/fr\\\/wp-content\\\/uploads\\\/2024\\\/05\\\/1a5dcb42178b69c4c81b1b3e2eed297b.webp\",\"datePublished\":\"2024-05-15T13:04:00+00:00\",\"dateModified\":\"2025-05-20T22:31:45+00:00\",\"description\":\"Mark Zuckerberg a c\u00e9l\u00e9br\u00e9 ses 40 ans en portant un t-shirt avec l'inscription intrigante Carthage Must Be Destroyed , suscitant les interrogations. D\u00e9couvrez l...\",\"breadcrumb\":{\"@id\":\"https:\\\/\\\/www.webdo.tn\\\/fr\\\/actualite\\\/divers\\\/mark-zuckerberg-carthage-doit-etre-detruite-pourquoi\\\/214173\\\/#breadcrumb\"},\"inLanguage\":\"fr-FR\",\"potentialAction\":[{\"@type\":\"ReadAction\",\"target\":[\"https:\\\/\\\/www.webdo.tn\\\/fr\\\/actualite\\\/divers\\\/mark-zuckerberg-carthage-doit-etre-detruite-pourquoi\\\/214173\\\/\"]}]},{\"@type\":\"ImageObject\",\"inLanguage\":\"fr-FR\",\"@id\":\"https:\\\/\\\/www.webdo.tn\\\/fr\\\/actualite\\\/divers\\\/mark-zuckerberg-carthage-doit-etre-detruite-pourquoi\\\/214173\\\/#primaryimage\",\"url\":\"https:\\\/\\\/www.webdo.tn\\\/fr\\\/wp-content\\\/uploads\\\/2024\\\/05\\\/1a5dcb42178b69c4c81b1b3e2eed297b.webp\",\"contentUrl\":\"https:\\\/\\\/www.webdo.tn\\\/fr\\\/wp-content\\\/uploads\\\/2024\\\/05\\\/1a5dcb42178b69c4c81b1b3e2eed297b.webp\",\"width\":750,\"height\":400,\"caption\":\"Mark Zuckerberg : \\\"Carthage doit \u00eatre d\u00e9truite\\\", pourquoi ?\"},{\"@type\":\"BreadcrumbList\",\"@id\":\"https:\\\/\\\/www.webdo.tn\\\/fr\\\/actualite\\\/divers\\\/mark-zuckerberg-carthage-doit-etre-detruite-pourquoi\\\/214173\\\/#breadcrumb\",\"itemListElement\":[{\"@type\":\"ListItem\",\"position\":1,\"name\":\"Accueil\",\"item\":\"https:\\\/\\\/www.webdo.tn\\\/fr\\\/\"},{\"@type\":\"ListItem\",\"position\":2,\"name\":\"Mark Zuckerberg : \u00ab\u00a0Carthage doit \u00eatre d\u00e9truite\u00a0\u00bb, pourquoi ?\"}]},{\"@type\":\"WebSite\",\"@id\":\"https:\\\/\\\/www.webdo.tn\\\/fr\\\/#website\",\"url\":\"https:\\\/\\\/www.webdo.tn\\\/fr\\\/\",\"name\":\"webdo\",\"description\":\"Tunisie - News en Tunisie et \u00e0 l&#039;international sur Webdo.tn\",\"publisher\":{\"@id\":\"https:\\\/\\\/www.webdo.tn\\\/fr\\\/#organization\"},\"potentialAction\":[{\"@type\":\"SearchAction\",\"target\":{\"@type\":\"EntryPoint\",\"urlTemplate\":\"https:\\\/\\\/www.webdo.tn\\\/fr\\\/?s={search_term_string}\"},\"query-input\":{\"@type\":\"PropertyValueSpecification\",\"valueRequired\":true,\"valueName\":\"search_term_string\"}}],\"inLanguage\":\"fr-FR\"},{\"@type\":\"Organization\",\"@id\":\"https:\\\/\\\/www.webdo.tn\\\/fr\\\/#organization\",\"name\":\"Webdo\",\"alternateName\":\"Webdo.tn\",\"url\":\"https:\\\/\\\/www.webdo.tn\\\/fr\\\/\",\"logo\":{\"@type\":\"ImageObject\",\"inLanguage\":\"fr-FR\",\"@id\":\"https:\\\/\\\/www.webdo.tn\\\/fr\\\/#\\\/schema\\\/logo\\\/image\\\/\",\"url\":\"https:\\\/\\\/www.webdo.tn\\\/fr\\\/wp-content\\\/uploads\\\/2025\\\/06\\\/Webdo-Tunisie_168377.jpg\",\"contentUrl\":\"https:\\\/\\\/www.webdo.tn\\\/fr\\\/wp-content\\\/uploads\\\/2025\\\/06\\\/Webdo-Tunisie_168377.jpg\",\"width\":301,\"height\":301,\"caption\":\"Webdo\"},\"image\":{\"@id\":\"https:\\\/\\\/www.webdo.tn\\\/fr\\\/#\\\/schema\\\/logo\\\/image\\\/\"},\"sameAs\":[\"https:\\\/\\\/www.facebook.com\\\/webdotn\",\"https:\\\/\\\/x.com\\\/webdo_tn\"],\"description\":\"Webdo est un m\u00e9dia num\u00e9rique tunisien fond\u00e9 en 2010, sp\u00e9cialis\u00e9 dans l\u2019actualit\u00e9 nationale et internationale, l\u2019\u00e9conomie, la soci\u00e9t\u00e9 et les analyses politiques. Le site s\u2019adresse \u00e0 un large public francophone et couvre l\u2019information tunisienne en temps r\u00e9el.\",\"email\":\"redac@webdo.tn\",\"legalName\":\"YNJ SARL\",\"foundingDate\":\"2010-09-06\",\"numberOfEmployees\":{\"@type\":\"QuantitativeValue\",\"minValue\":\"11\",\"maxValue\":\"50\"}},{\"@type\":\"Person\",\"@id\":\"https:\\\/\\\/www.webdo.tn\\\/fr\\\/#\\\/schema\\\/person\\\/1f4e491e0907b413d61089e8eb573acc\",\"name\":\"Webdo\",\"image\":{\"@type\":\"ImageObject\",\"inLanguage\":\"fr-FR\",\"@id\":\"https:\\\/\\\/secure.gravatar.com\\\/avatar\\\/de97aeec1bb80978a9dbb127e47dfc88aaacb2f3c29aac907d8d3222e3495d49?s=96&d=mm&r=g\",\"url\":\"https:\\\/\\\/secure.gravatar.com\\\/avatar\\\/de97aeec1bb80978a9dbb127e47dfc88aaacb2f3c29aac907d8d3222e3495d49?s=96&d=mm&r=g\",\"contentUrl\":\"https:\\\/\\\/secure.gravatar.com\\\/avatar\\\/de97aeec1bb80978a9dbb127e47dfc88aaacb2f3c29aac907d8d3222e3495d49?s=96&d=mm&r=g\",\"caption\":\"Webdo\"},\"url\":\"https:\\\/\\\/www.webdo.tn\\\/fr\\\/actualite\\\/author\\\/webdo\\\/\"}]}<\/script>\n<!-- \/ Yoast SEO Premium plugin. -->","yoast_head_json":{"title":"Mark Zuckerberg : Carthage doit \u00eatre d\u00e9truite , pourquoi ?","description":"Mark Zuckerberg a c\u00e9l\u00e9br\u00e9 ses 40 ans en portant un t-shirt avec l'inscription intrigante Carthage Must Be Destroyed , suscitant les interrogations. D\u00e9couvrez l...","canonical":"https:\/\/www.webdo.tn\/fr\/actualite\/divers\/mark-zuckerberg-carthage-doit-etre-detruite-pourquoi\/214173\/","og_locale":"fr_FR","og_type":"article","og_title":"Mark Zuckerberg : \"Carthage doit \u00eatre d\u00e9truite\", pourquoi ?","og_description":"Mark Zuckerberg a c\u00e9l\u00e9br\u00e9 ses 40 ans en portant un t-shirt avec l'inscription intrigante Carthage Must Be Destroyed , suscitant les interrogations. D\u00e9couvrez l...","og_url":"https:\/\/www.webdo.tn\/fr\/actualite\/divers\/mark-zuckerberg-carthage-doit-etre-detruite-pourquoi\/214173\/","og_site_name":"webdo","article_publisher":"https:\/\/www.facebook.com\/webdotn","article_published_time":"2024-05-15T13:04:00+00:00","article_modified_time":"2025-05-20T22:31:45+00:00","og_image":[{"width":750,"height":400,"url":"https:\/\/www.webdo.tn\/fr\/wp-content\/uploads\/2024\/05\/1a5dcb42178b69c4c81b1b3e2eed297b.webp","type":"image\/webp"}],"author":"Webdo","twitter_card":"summary_large_image","twitter_creator":"@webdo_tn","twitter_site":"@webdo_tn","twitter_misc":{"\u00c9crit par":"Webdo","Dur\u00e9e de lecture estim\u00e9e":"1 minute"},"schema":{"@context":"https:\/\/schema.org","@graph":[{"@type":"NewsArticle","@id":"https:\/\/www.webdo.tn\/fr\/actualite\/divers\/mark-zuckerberg-carthage-doit-etre-detruite-pourquoi\/214173\/#article","isPartOf":{"@id":"https:\/\/www.webdo.tn\/fr\/actualite\/divers\/mark-zuckerberg-carthage-doit-etre-detruite-pourquoi\/214173\/"},"author":{"name":"Webdo","@id":"https:\/\/www.webdo.tn\/fr\/#\/schema\/person\/1f4e491e0907b413d61089e8eb573acc"},"headline":"Mark Zuckerberg : \u00ab\u00a0Carthage doit \u00eatre d\u00e9truite\u00a0\u00bb, pourquoi ?","datePublished":"2024-05-15T13:04:00+00:00","dateModified":"2025-05-20T22:31:45+00:00","mainEntityOfPage":{"@id":"https:\/\/www.webdo.tn\/fr\/actualite\/divers\/mark-zuckerberg-carthage-doit-etre-detruite-pourquoi\/214173\/"},"wordCount":261,"commentCount":0,"publisher":{"@id":"https:\/\/www.webdo.tn\/fr\/#organization"},"image":{"@id":"https:\/\/www.webdo.tn\/fr\/actualite\/divers\/mark-zuckerberg-carthage-doit-etre-detruite-pourquoi\/214173\/#primaryimage"},"thumbnailUrl":"https:\/\/www.webdo.tn\/fr\/wp-content\/uploads\/2024\/05\/1a5dcb42178b69c4c81b1b3e2eed297b.webp","keywords":["Carthage","Carthago delenda est","Mark Zuckerberg","Tunisie"],"articleSection":["Divers"],"inLanguage":"fr-FR"},{"@type":"WebPage","@id":"https:\/\/www.webdo.tn\/fr\/actualite\/divers\/mark-zuckerberg-carthage-doit-etre-detruite-pourquoi\/214173\/","url":"https:\/\/www.webdo.tn\/fr\/actualite\/divers\/mark-zuckerberg-carthage-doit-etre-detruite-pourquoi\/214173\/","name":"Mark Zuckerberg : Carthage doit \u00eatre d\u00e9truite , pourquoi ?","isPartOf":{"@id":"https:\/\/www.webdo.tn\/fr\/#website"},"primaryImageOfPage":{"@id":"https:\/\/www.webdo.tn\/fr\/actualite\/divers\/mark-zuckerberg-carthage-doit-etre-detruite-pourquoi\/214173\/#primaryimage"},"image":{"@id":"https:\/\/www.webdo.tn\/fr\/actualite\/divers\/mark-zuckerberg-carthage-doit-etre-detruite-pourquoi\/214173\/#primaryimage"},"thumbnailUrl":"https:\/\/www.webdo.tn\/fr\/wp-content\/uploads\/2024\/05\/1a5dcb42178b69c4c81b1b3e2eed297b.webp","datePublished":"2024-05-15T13:04:00+00:00","dateModified":"2025-05-20T22:31:45+00:00","description":"Mark Zuckerberg a c\u00e9l\u00e9br\u00e9 ses 40 ans en portant un t-shirt avec l'inscription intrigante Carthage Must Be Destroyed , suscitant les interrogations. D\u00e9couvrez l...","breadcrumb":{"@id":"https:\/\/www.webdo.tn\/fr\/actualite\/divers\/mark-zuckerberg-carthage-doit-etre-detruite-pourquoi\/214173\/#breadcrumb"},"inLanguage":"fr-FR","potentialAction":[{"@type":"ReadAction","target":["https:\/\/www.webdo.tn\/fr\/actualite\/divers\/mark-zuckerberg-carthage-doit-etre-detruite-pourquoi\/214173\/"]}]},{"@type":"ImageObject","inLanguage":"fr-FR","@id":"https:\/\/www.webdo.tn\/fr\/actualite\/divers\/mark-zuckerberg-carthage-doit-etre-detruite-pourquoi\/214173\/#primaryimage","url":"https:\/\/www.webdo.tn\/fr\/wp-content\/uploads\/2024\/05\/1a5dcb42178b69c4c81b1b3e2eed297b.webp","contentUrl":"https:\/\/www.webdo.tn\/fr\/wp-content\/uploads\/2024\/05\/1a5dcb42178b69c4c81b1b3e2eed297b.webp","width":750,"height":400,"caption":"Mark Zuckerberg : \"Carthage doit \u00eatre d\u00e9truite\", pourquoi ?"},{"@type":"BreadcrumbList","@id":"https:\/\/www.webdo.tn\/fr\/actualite\/divers\/mark-zuckerberg-carthage-doit-etre-detruite-pourquoi\/214173\/#breadcrumb","itemListElement":[{"@type":"ListItem","position":1,"name":"Accueil","item":"https:\/\/www.webdo.tn\/fr\/"},{"@type":"ListItem","position":2,"name":"Mark Zuckerberg : \u00ab\u00a0Carthage doit \u00eatre d\u00e9truite\u00a0\u00bb, pourquoi ?"}]},{"@type":"WebSite","@id":"https:\/\/www.webdo.tn\/fr\/#website","url":"https:\/\/www.webdo.tn\/fr\/","name":"webdo","description":"Tunisie - News en Tunisie et \u00e0 l&#039;international sur Webdo.tn","publisher":{"@id":"https:\/\/www.webdo.tn\/fr\/#organization"},"potentialAction":[{"@type":"SearchAction","target":{"@type":"EntryPoint","urlTemplate":"https:\/\/www.webdo.tn\/fr\/?s={search_term_string}"},"query-input":{"@type":"PropertyValueSpecification","valueRequired":true,"valueName":"search_term_string"}}],"inLanguage":"fr-FR"},{"@type":"Organization","@id":"https:\/\/www.webdo.tn\/fr\/#organization","name":"Webdo","alternateName":"Webdo.tn","url":"https:\/\/www.webdo.tn\/fr\/","logo":{"@type":"ImageObject","inLanguage":"fr-FR","@id":"https:\/\/www.webdo.tn\/fr\/#\/schema\/logo\/image\/","url":"https:\/\/www.webdo.tn\/fr\/wp-content\/uploads\/2025\/06\/Webdo-Tunisie_168377.jpg","contentUrl":"https:\/\/www.webdo.tn\/fr\/wp-content\/uploads\/2025\/06\/Webdo-Tunisie_168377.jpg","width":301,"height":301,"caption":"Webdo"},"image":{"@id":"https:\/\/www.webdo.tn\/fr\/#\/schema\/logo\/image\/"},"sameAs":["https:\/\/www.facebook.com\/webdotn","https:\/\/x.com\/webdo_tn"],"description":"Webdo est un m\u00e9dia num\u00e9rique tunisien fond\u00e9 en 2010, sp\u00e9cialis\u00e9 dans l\u2019actualit\u00e9 nationale et internationale, l\u2019\u00e9conomie, la soci\u00e9t\u00e9 et les analyses politiques. Le site s\u2019adresse \u00e0 un large public francophone et couvre l\u2019information tunisienne en temps r\u00e9el.","email":"redac@webdo.tn","legalName":"YNJ SARL","foundingDate":"2010-09-06","numberOfEmployees":{"@type":"QuantitativeValue","minValue":"11","maxValue":"50"}},{"@type":"Person","@id":"https:\/\/www.webdo.tn\/fr\/#\/schema\/person\/1f4e491e0907b413d61089e8eb573acc","name":"Webdo","image":{"@type":"ImageObject","inLanguage":"fr-FR","@id":"https:\/\/secure.gravatar.com\/avatar\/de97aeec1bb80978a9dbb127e47dfc88aaacb2f3c29aac907d8d3222e3495d49?s=96&d=mm&r=g","url":"https:\/\/secure.gravatar.com\/avatar\/de97aeec1bb80978a9dbb127e47dfc88aaacb2f3c29aac907d8d3222e3495d49?s=96&d=mm&r=g","contentUrl":"https:\/\/secure.gravatar.com\/avatar\/de97aeec1bb80978a9dbb127e47dfc88aaacb2f3c29aac907d8d3222e3495d49?s=96&d=mm&r=g","caption":"Webdo"},"url":"https:\/\/www.webdo.tn\/fr\/actualite\/author\/webdo\/"}]}},"_links":{"self":[{"href":"https:\/\/www.webdo.tn\/fr\/wp-json\/wp\/v2\/posts\/214173","targetHints":{"allow":["GET"]}}],"collection":[{"href":"https:\/\/www.webdo.tn\/fr\/wp-json\/wp\/v2\/posts"}],"about":[{"href":"https:\/\/www.webdo.tn\/fr\/wp-json\/wp\/v2\/types\/post"}],"author":[{"embeddable":true,"href":"https:\/\/www.webdo.tn\/fr\/wp-json\/wp\/v2\/users\/3169"}],"replies":[{"embeddable":true,"href":"https:\/\/www.webdo.tn\/fr\/wp-json\/wp\/v2\/comments?post=214173"}],"version-history":[{"count":0,"href":"https:\/\/www.webdo.tn\/fr\/wp-json\/wp\/v2\/posts\/214173\/revisions"}],"wp:featuredmedia":[{"embeddable":true,"href":"https:\/\/www.webdo.tn\/fr\/wp-json\/wp\/v2\/media\/247368"}],"wp:attachment":[{"href":"https:\/\/www.webdo.tn\/fr\/wp-json\/wp\/v2\/media?parent=214173"}],"wp:term":[{"taxonomy":"category","embeddable":true,"href":"https:\/\/www.webdo.tn\/fr\/wp-json\/wp\/v2\/categories?post=214173"},{"taxonomy":"post_tag","embeddable":true,"href":"https:\/\/www.webdo.tn\/fr\/wp-json\/wp\/v2\/tags?post=214173"}],"curies":[{"name":"wp","href":"https:\/\/api.w.org\/{rel}","templated":true}]}}