{"id":214159,"date":"2024-05-14T22:03:00","date_gmt":"2024-05-14T22:03:00","guid":{"rendered":"https:\/\/www.webdo.tn\/fr\/blog\/cannes-2024-ceremonie-d-ouverture\/214159\/"},"modified":"2025-05-21T08:57:29","modified_gmt":"2025-05-21T08:57:29","slug":"cannes-2024-ceremonie-d-ouverture","status":"publish","type":"post","link":"https:\/\/www.webdo.tn\/fr\/actualite\/culture\/cannes-2024-ceremonie-d-ouverture\/214159\/","title":{"rendered":"Cannes 2024 &#8211; F\u00e9minit\u00e9 \u00e0 l&rsquo;Honneur: Une soir\u00e9e d&rsquo;ouverture m\u00e9morable avec Meryl Streep"},"content":{"rendered":"<div class=\"single-body entry-content typography-copy\" itemprop=\"articleBody\">\n<p style=\"font-weight: bold; text-align: justify\">\n\t\t\t\t\t\t\t\t\tCannes 2024 &#8211; F\u00e9minit\u00e9 \u00e0 l&rsquo;Honneur: Une soir\u00e9e d&rsquo;ouverture m\u00e9morable avec Meryl Streep\n\t\t\t\t\t\t\t\t<\/p>\n<div class=\"coprs\" style=\"text-align: center\"><\/div>\n<div class=\"coprs\" style=\"text-align: justify\">\n<p><span><span>La 77\u00e8me \u00e9dition du Festival de Cannes a d\u00e9but\u00e9 en grande pompe le 14 mai 2024, marquant ainsi le coup d&rsquo;envoi de douze jours de c\u00e9l\u00e9bration du cin\u00e9ma sous toutes ses formes. Retour sur une soir\u00e9e d&rsquo;ouverture aussi magique que riche en \u00e9motions, o\u00f9 chaque d\u00e9tail et chaque d\u00e9claration ont contribu\u00e9 \u00e0 faire de cet \u00e9v\u00e9nement un moment inoubliable.<\/span><\/span><\/p>\n<p><span><span>Cannes, fid\u00e8le \u00e0 sa r\u00e9putation, a accueilli ses visiteurs dans une ambiance \u00e9lectrique, o\u00f9 l&rsquo;excitation des fans se m\u00ealait \u00e0 l&rsquo;effervescence du tapis rouge. Devant le Grand Th\u00e9\u00e2tre Lumi\u00e8re et les luxueux h\u00f4tels, les admirateurs se pressaient, dans l&rsquo;espoir d&rsquo;apercevoir leurs idoles et de capturer un instant de glamour et de prestige.<\/span><\/span><\/p>\n<p><span><span>Cette ann\u00e9e, la s\u00e9curit\u00e9 a \u00e9t\u00e9 renforc\u00e9e, avec la pr\u00e9sence notable de la gendarmerie et m\u00eame de l&rsquo;arm\u00e9e. Une mesure qui, bien que n\u00e9cessaire, t\u00e9moigne des d\u00e9fis s\u00e9curitaires auxquels le monde est confront\u00e9. La question demeure : est-ce une r\u00e9ponse \u00e0 un contexte international instable ou une pr\u00e9caution anticip\u00e9e ? Quoi qu&rsquo;il en soit, l&rsquo;engagement \u00e0 garantir la s\u00fbret\u00e9 de l&rsquo;\u00e9v\u00e9nement est indiscutable.<\/span><\/span><\/p>\n<p><span><span>La c\u00e9r\u00e9monie d&rsquo;ouverture a \u00e9t\u00e9 anim\u00e9e par l&rsquo;actrice fran\u00e7aise Camille Cottin, qui a brill\u00e9 par son charisme et son \u00e9l\u00e9gance. Son discours inaugural, empreint de po\u00e9sie et d&rsquo;\u00e9motion, a transport\u00e9 l&rsquo;auditoire dans l&rsquo;univers enchanteur du \u00ab\u00a0Vortex cannois\u00a0\u00bb. Un monde parall\u00e8le o\u00f9 se m\u00ealent passion, dialogue et diversit\u00e9 culturelle, et o\u00f9 le cin\u00e9ma r\u00e8gne en ma\u00eetre.<\/span><\/span><\/p>\n<p><span><span>Camille Cottin a d\u00e9clar\u00e9 : \u00ab\u00a0<em>Vous l&rsquo;ignorez peut-\u00eatre mais vous vous appr\u00eatez \u00e0 entrer dans un monde parall\u00e8le qu&rsquo;on appelle le Vortex cannois. On voit des films toute la journ\u00e9e, et on en discute toute la nuit. D\u2019ailleurs, personne ne parle la m\u00eame langue, et pourtant, tout le monde se comprend. (&#8230;) Ici, quand on se plonge dans l\u2019obscurit\u00e9, c\u2019est pour y trouver la lumi\u00e8re. Cela para\u00eet compl\u00e8tement fou, mais le plus fou, c\u2019est que c\u2019est vrai. Ce n\u2019est pas un monde parall\u00e8le, ce monde-l\u00e0 existe. Ce rendez-vous l\u00e0 des cin\u00e9philes du monde entier, ce lieu de rencontre, de dialogues, de d\u00e9bats et de pens\u00e9es, de cultures, d\u2019\u00e9merveillements, c\u2019est ici et maintenant. Dans un moment o\u00f9 l\u2019\u00e9tat du monde nous inqui\u00e8te, voire nous glace le sang par endroits, o\u00f9 des lignes de fractures profondes divisent les peuples, o\u00f9 la plan\u00e8te br\u00fble, o\u00f9 notre intelligence collective pourrait devenir artificielle, un tel lieu de retrouvailles est une chance. Chaque ann\u00e9e, \u00e0 Cannes, on vient prendre une photo de notre humanit\u00e9, on vient faire le plein d\u2019espoir\u2026 c\u2019est infiniment beau<\/em>.\u00a0\u00bb<\/span><\/span><\/p>\n<p><span><span>Mais au-del\u00e0 des festivit\u00e9s, la soir\u00e9e a \u00e9galement \u00e9t\u00e9 l&rsquo;occasion de prendre position sur des enjeux cruciaux, tels que la lutte contre les harc\u00e8lements sexuels dans l&rsquo;industrie cin\u00e9matographique.<\/span><\/span><\/p>\n<p><span><span>C\u2019est ainsi que Camille Cottin a ajout\u00e9 : \u00ab\u00a0<em>Ah oui je pr\u00e9cise que les rendez-vous professionnels nocturnes dans les chambres d\u2019h\u00f4tel des messieurs tout-puissants ne font plus partie des us et coutumes du vortex cannois, suite \u00e0 l\u2019adoption de la loi #MeToo et on s\u2019en f\u00e9lic<\/em>ite.\u00a0\u00bb<\/span><\/span><\/p>\n<p>\u00a0<\/p>\n<p><iframe allowfullscreen=\"\" frameborder=\"0\" height=\"315\" src=\"https:\/\/www.youtube.com\/embed\/lGFfp9HxK00?si=437DnUaI4Zy3AdgP\" title=\"YouTube video player\" width=\"560\"><\/iframe><\/p>\n<p>\u00a0<\/p>\n<p><span><span>Ces mesures sont conformes \u00e0 toutes les initiatives prises par le festival dans ce sens. En plus de <a href=\"https:\/\/www.webdo.tn\/fr\/actualite\/culture\/cannes-2024-synopsis-des-films-de-la-section-un-certain-regard\/214127\">la projection du court m\u00e9trage <em>Moi aussi<\/em> de Judith Godr\u00e8che demain lors de la c\u00e9r\u00e9monie d&rsquo;ouverture de la section un Certain Regard,<\/a> le festival a mis en place une cellule d&rsquo;\u00e9coute pour toutes les victimes de harc\u00e8lement et a rappel\u00e9 \u00e0 tous les accr\u00e9dit\u00e9s que de tels comportements ne sont pas accept\u00e9s dans l&rsquo;\u00e9v\u00e9nement.<\/span><\/span><\/p>\n<p><span><span>La pr\u00e9sentation des membres du jury, <a href=\"https:\/\/www.webdo.tn\/fr\/actualite\/culture\/cannes-2024-decouvrez-les-membres-du-jury-preside-par-greta-gerwig\/213872\">compos\u00e9 de Ebru Ceylan, Lily Gladstone, Eva Green, Nadine Labaki, Juan Antonio Bayona, Pierfrancesco Favino, Kore-eda Hirokazu et Omar Sy, et pr\u00e9sid\u00e9 par l&rsquo;\u00e9minente r\u00e9alisatrice am\u00e9ricaine Greta Gerwig,<\/a> a \u00e9t\u00e9 un moment solennel et prestigieux. Les personnalit\u00e9s du monde du cin\u00e9ma r\u00e9unies pour d\u00e9cerner les prix de la comp\u00e9tition ont symbolis\u00e9 l&rsquo;excellence et la diversit\u00e9 de cette \u00e9dition.<\/span><\/span><\/p>\n<p><span><span>Un film retra\u00e7ant la carri\u00e8re de Greta Gerwig a \u00e9t\u00e9 projet\u00e9, mettant en lumi\u00e8re son ascension fulgurante dans le monde du cin\u00e9ma et suscitant une \u00e9motion palpable. Cette jeune femme est devenue rapidement une grande cin\u00e9aste, un fait qui m\u00e9rite d&rsquo;\u00eatre salu\u00e9.<\/span><\/span><\/p>\n<p>\u00a0<\/p>\n<div>\n<figure class=\"image\"><img decoding=\"async\" alt=\"\" height=\"853\" src=\"\/assets\/uploads\/images\/\/Neila\/Cannes%202024%20ceremonie-d-ouverture-festival-de-cannes-2024.jpeg\" width=\"1280\"><figcaption><em>Meryl Streep, Juliette binoche et les membres du jury<\/em><\/figcaption><\/figure>\n<\/div>\n<p>\u00a0<\/p>\n<p><span><span>Un des moments les plus \u00e9mouvants de la soir\u00e9e a \u00e9t\u00e9 <a href=\"https:\/\/www.webdo.tn\/fr\/actualite\/culture\/cannes-2024-une-palme-d-or-d-honneur-pour-meryl-streep\/213940\">la remise de la Palme d&rsquo;Or d&rsquo;honneur \u00e0 l&rsquo;ic\u00f4ne du cin\u00e9ma, Meryl Streep,<\/a> qui est apparue telle une d\u00e9esse, une reine, dans une \u00e9l\u00e9gante et sobre robe blanche. Sous les applaudissements nourris, l&rsquo;actrice am\u00e9ricaine a \u00e9t\u00e9 salu\u00e9e pour sa contribution exceptionnelle au septi\u00e8me art. Meryl Streep est incontestablement une des meilleures actrices de tous les temps, pouvant incarner tous les r\u00f4les. <\/span><\/span><\/p>\n<p>\u00a0<\/p>\n<div>\n<figure class=\"image\"><img decoding=\"async\" alt=\"\" height=\"1200\" src=\"\/assets\/uploads\/images\/\/Neila\/Cannes%202024%20Ouverture%20Meryl%20Streep%20sur%20tapis%20rouge_%20.jpeg\" width=\"849\"><figcaption><em>Arriv\u00e9e de Meryl Streep, sous une longue ovation du public<\/em><\/figcaption><\/figure>\n<\/div>\n<p>\u00a0<\/p>\n<p><span><span>S&rsquo;adressant \u00e0 elle avec admiration, Juliette Binoche lui a dit: \u00ab\u00a0<em>Ton visage et ta voix font partie de nos vies. Tu nous as donn\u00e9 des \u00e9motions. Tu nous as fait grandir. Quand je te vois \u00e0 l&rsquo;\u00e9cran, ce n&rsquo;est pas toi que je vois, c&rsquo;est un mouvement qui passe par toi. Et c&rsquo;est cela, \u00eatre un acteur. Mais en r\u00e9alit\u00e9, c&rsquo;est plus que cela. C&rsquo;est un lien que tu cr\u00e9es par ta pr\u00e9sence et qui laisse la beaut\u00e9 venir vers toi. Ce qui te traverse en un instant, c&rsquo;est l&rsquo;intention, la pens\u00e9e, l&rsquo;\u00e9nergie, l&rsquo;amour, la v\u00e9rit\u00e9. D&rsquo;o\u00f9 est-ce que tout cela vient ? De l&rsquo;amour ? Es-tu n\u00e9e ainsi ? Quel a \u00e9t\u00e9 ton r\u00eave <\/em>?\u00a0\u00bb<\/span><\/span><\/p>\n<p><span><span>Ensuite, en pleurant, elle a ajout\u00e9 : \u00ab\u00a0<em>Vous avez chang\u00e9 la mani\u00e8re dont on regarde les femmes dans le monde du cin\u00e9ma et vous nous avez aussi aid\u00e9es \u00e0 nous regarder diff\u00e9remment<\/em>.\u00a0\u00bb<\/span><\/span><\/p>\n<p><iframe allowfullscreen=\"\" frameborder=\"0\" height=\"315\" src=\"https:\/\/www.youtube.com\/embed\/lHRWCEW3UU0?si=QdyyIlK8bQFuXULO\" title=\"YouTube video player\" width=\"560\"><\/iframe><\/p>\n<p>\u00a0<\/p>\n<p><span><span>Commentant le film qui a retrac\u00e9 sa carri\u00e8re, Meryl Streep a d\u00e9clar\u00e9 : \u00ab\u00a0<em>Pour moi, regarder ce clip, revient \u00e0 regarder par la fen\u00eatre d&rsquo;un TGV. Foncer comme un \u00e9clair de ma jeunesse \u00e0 la cinquantaine, jusqu&rsquo;\u00e0 aujourd&rsquo;hui. Tant de visages, tant de lieux dont je me rappelle si bien. Quand j&rsquo;\u00e9tais \u00e0 Cannes, il y a 35 ans, pour la premi\u00e8re fois, j&rsquo;\u00e9tais d\u00e9j\u00e0 m\u00e8re de trois enfants. J&rsquo;approchais les 40 ans et je pensais que ma carri\u00e8re \u00e9tait termin\u00e9e. \u00c0 l&rsquo;\u00e9poque, pour une actrice, c&rsquo;\u00e9tait une pr\u00e9vision raisonnable. La seule raison pour laquelle je suis ici ce soir, c&rsquo;est gr\u00e2ce aux merveilleux artistes avec lesquels j&rsquo;ai travaill\u00e9, dont madame la Pr\u00e9sidente, Iris. (\u2026) Je remercie tous ceux qui y ont particip\u00e9 et je remercie le public qui ne s\u2019est pas ennuy\u00e9 de voir mon visage depuis de si longues ann\u00e9es. Merci de cet honneur.\u00a0\u00bb<\/em><\/span><\/span><\/p>\n<p><span><span>Enfin, c&rsquo;est d&rsquo;une m\u00eame voix que les deux actrices ont d\u00e9clar\u00e9 ouvert le 77e Festival de Cannes!<\/span><\/span><\/p>\n<div>\n<figure class=\"image\"><img decoding=\"async\" alt=\"\" height=\"900\" src=\"\/assets\/uploads\/images\/\/Neila\/Cannes%202024%20Ce%CC%81re%CC%81monie%20d'ouverture%20Juliette%20binoche%20et%20Meryl%20Streep%202.jpeg\" width=\"1600\"><figcaption><em>Cannes 2024 &#8211; Juliette Binoche et Meryl Streep<\/em><\/figcaption><\/figure>\n<\/div>\n<p>\u00a0<\/p>\n<p><span><span>La soir\u00e9e s&rsquo;est prolong\u00e9e avec la projection du film d&rsquo;ouverture \u00ab\u00a0Le Deuxi\u00e8me Acte\u00a0\u00bb de Quentin Dupieux, une com\u00e9die d\u00e9cal\u00e9e et intelligente qui a suscit\u00e9 autant de rires que de r\u00e9flexions, offrant ainsi un d\u00e9but de festival \u00e0 la hauteur des attentes. Dot\u00e9 d&rsquo;une distribution exceptionnelle comprenant Louis Garrel, Vincent Lindon, L\u00e9a Seydoux et Rapha\u00ebl Quenard, le film explore le monde du cin\u00e9ma tout en interrogeant les fronti\u00e8res entre r\u00e9alit\u00e9 et fiction. Chaque acteur s&rsquo;approprie avec brio les clich\u00e9s cin\u00e9matographiques, offrant une satire divertissante et une auto-critique perspicace. Ce choix de film s&rsquo;av\u00e8re \u00eatre une introduction parfaite pour ouvrir le festival de Cannes, captivant \u00e0 la fois l&rsquo;esprit et l&rsquo;imagination des spectateurs.<\/span><\/span><\/p>\n<p><span><span><strong><span>Ne\u00efla Driss<\/span><\/strong><\/span><\/span><\/p>\n<p><img decoding=\"async\" alt=\"\" height=\"320\" src=\"\/assets\/uploads\/images\/\/Neila\/CANNES%202024_SIGNATURES_WEB_800X160_1.jpeg\" width=\"1600\"><\/p>\n<p>\u00a0<\/p>\n<\/p><\/div>\n<div class=\"coprs\" style=\"text-align: center\"><\/div><\/div>\n","protected":false},"excerpt":{"rendered":"<p>Cannes 2024 &#8211; F\u00e9minit\u00e9 \u00e0 l&rsquo;Honneur: Une soir\u00e9e d&rsquo;ouverture m\u00e9morable avec Meryl Streep<\/p>\n","protected":false},"author":3164,"featured_media":290592,"comment_status":"open","ping_status":"closed","sticky":false,"template":"","format":"standard","meta":{"footnotes":""},"categories":[2594],"tags":[4180,8587,2628,2627,6565],"class_list":["post-214159","post","type-post","status-publish","format-standard","has-post-thumbnail","hentry","category-culture","tag-cannes-2024","tag-ceremonie-douverture","tag-festival","tag-festival-de-cannes","tag-meryl-streep"],"yoast_head":"<!-- This site is optimized with the Yoast SEO Premium plugin v27.4 (Yoast SEO v27.4) - https:\/\/yoast.com\/product\/yoast-seo-premium-wordpress\/ -->\n<title>Cannes 2024 - F\u00e9minit\u00e9 \u00e0 l&#039;Honneur: Une soir\u00e9e d&#039;ouverture m\u00e9morable avec Meryl Streep<\/title>\n<meta name=\"description\" content=\"Cannes 2024 - F\u00e9minit\u00e9 \u00e0 l&#039;Honneur: Une soir\u00e9e d&#039;ouverture m\u00e9morable avec Meryl Streep\" \/>\n<link rel=\"canonical\" href=\"https:\/\/www.webdo.tn\/fr\/actualite\/culture\/cannes-2024-ceremonie-d-ouverture\/214159\/\" \/>\n<meta property=\"og:locale\" content=\"fr_FR\" \/>\n<meta property=\"og:type\" content=\"article\" \/>\n<meta property=\"og:title\" content=\"Cannes 2024 - F\u00e9minit\u00e9 \u00e0 l&#039;Honneur: Une soir\u00e9e d&#039;ouverture m\u00e9morable avec Meryl Streep\" \/>\n<meta property=\"og:description\" content=\"Cannes 2024 - F\u00e9minit\u00e9 \u00e0 l&#039;Honneur: Une soir\u00e9e d&#039;ouverture m\u00e9morable avec Meryl Streep\" \/>\n<meta property=\"og:url\" content=\"https:\/\/www.webdo.tn\/fr\/actualite\/culture\/cannes-2024-ceremonie-d-ouverture\/214159\/\" \/>\n<meta property=\"og:site_name\" content=\"webdo\" \/>\n<meta property=\"article:publisher\" content=\"https:\/\/www.facebook.com\/webdotn\" \/>\n<meta property=\"article:author\" content=\"https:\/\/www.facebook.com\/massir.destiniii\/\" \/>\n<meta property=\"article:published_time\" content=\"2024-05-14T22:03:00+00:00\" \/>\n<meta property=\"article:modified_time\" content=\"2025-05-21T08:57:29+00:00\" \/>\n<meta property=\"og:image\" content=\"https:\/\/www.webdo.tn\/fr\/wp-content\/uploads\/2024\/05\/0246d84f45f7125eb270ba13789899a5.webp\" \/>\n\t<meta property=\"og:image:width\" content=\"750\" \/>\n\t<meta property=\"og:image:height\" content=\"400\" \/>\n\t<meta property=\"og:image:type\" content=\"image\/webp\" \/>\n<meta name=\"author\" content=\"Ne\u00efla DRISS\" \/>\n<meta name=\"twitter:card\" content=\"summary_large_image\" \/>\n<meta name=\"twitter:creator\" content=\"@https:\/\/x.com\/MassirDestin\" \/>\n<meta name=\"twitter:site\" content=\"@webdo_tn\" \/>\n<meta name=\"twitter:label1\" content=\"\u00c9crit par\" \/>\n\t<meta name=\"twitter:data1\" content=\"Ne\u00efla DRISS\" \/>\n\t<meta name=\"twitter:label2\" content=\"Dur\u00e9e de lecture estim\u00e9e\" \/>\n\t<meta name=\"twitter:data2\" content=\"7 minutes\" \/>\n<script type=\"application\/ld+json\" class=\"yoast-schema-graph\">{\"@context\":\"https:\\\/\\\/schema.org\",\"@graph\":[{\"@type\":\"NewsArticle\",\"@id\":\"https:\\\/\\\/www.webdo.tn\\\/fr\\\/actualite\\\/culture\\\/cannes-2024-ceremonie-d-ouverture\\\/214159\\\/#article\",\"isPartOf\":{\"@id\":\"https:\\\/\\\/www.webdo.tn\\\/fr\\\/actualite\\\/culture\\\/cannes-2024-ceremonie-d-ouverture\\\/214159\\\/\"},\"author\":{\"name\":\"Ne\u00efla DRISS\",\"@id\":\"https:\\\/\\\/www.webdo.tn\\\/fr\\\/#\\\/schema\\\/person\\\/60d5ba619ed3f58783b0dc82b7dada80\"},\"headline\":\"Cannes 2024 &#8211; F\u00e9minit\u00e9 \u00e0 l&rsquo;Honneur: Une soir\u00e9e d&rsquo;ouverture m\u00e9morable avec Meryl Streep\",\"datePublished\":\"2024-05-14T22:03:00+00:00\",\"dateModified\":\"2025-05-21T08:57:29+00:00\",\"mainEntityOfPage\":{\"@id\":\"https:\\\/\\\/www.webdo.tn\\\/fr\\\/actualite\\\/culture\\\/cannes-2024-ceremonie-d-ouverture\\\/214159\\\/\"},\"wordCount\":1392,\"commentCount\":0,\"publisher\":{\"@id\":\"https:\\\/\\\/www.webdo.tn\\\/fr\\\/#organization\"},\"image\":{\"@id\":\"https:\\\/\\\/www.webdo.tn\\\/fr\\\/actualite\\\/culture\\\/cannes-2024-ceremonie-d-ouverture\\\/214159\\\/#primaryimage\"},\"thumbnailUrl\":\"https:\\\/\\\/www.webdo.tn\\\/fr\\\/wp-content\\\/uploads\\\/2024\\\/05\\\/0246d84f45f7125eb270ba13789899a5.webp\",\"keywords\":[\"Cannes 2024\",\"c\u00e9r\u00e9monie d'ouverture\",\"Festival\",\"Festival de Cannes\",\"Meryl Streep\"],\"articleSection\":[\"Culture\"],\"inLanguage\":\"fr-FR\"},{\"@type\":\"WebPage\",\"@id\":\"https:\\\/\\\/www.webdo.tn\\\/fr\\\/actualite\\\/culture\\\/cannes-2024-ceremonie-d-ouverture\\\/214159\\\/\",\"url\":\"https:\\\/\\\/www.webdo.tn\\\/fr\\\/actualite\\\/culture\\\/cannes-2024-ceremonie-d-ouverture\\\/214159\\\/\",\"name\":\"Cannes 2024 - F\u00e9minit\u00e9 \u00e0 l'Honneur: Une soir\u00e9e d'ouverture m\u00e9morable avec Meryl Streep\",\"isPartOf\":{\"@id\":\"https:\\\/\\\/www.webdo.tn\\\/fr\\\/#website\"},\"primaryImageOfPage\":{\"@id\":\"https:\\\/\\\/www.webdo.tn\\\/fr\\\/actualite\\\/culture\\\/cannes-2024-ceremonie-d-ouverture\\\/214159\\\/#primaryimage\"},\"image\":{\"@id\":\"https:\\\/\\\/www.webdo.tn\\\/fr\\\/actualite\\\/culture\\\/cannes-2024-ceremonie-d-ouverture\\\/214159\\\/#primaryimage\"},\"thumbnailUrl\":\"https:\\\/\\\/www.webdo.tn\\\/fr\\\/wp-content\\\/uploads\\\/2024\\\/05\\\/0246d84f45f7125eb270ba13789899a5.webp\",\"datePublished\":\"2024-05-14T22:03:00+00:00\",\"dateModified\":\"2025-05-21T08:57:29+00:00\",\"description\":\"Cannes 2024 - F\u00e9minit\u00e9 \u00e0 l'Honneur: Une soir\u00e9e d'ouverture m\u00e9morable avec Meryl Streep\",\"breadcrumb\":{\"@id\":\"https:\\\/\\\/www.webdo.tn\\\/fr\\\/actualite\\\/culture\\\/cannes-2024-ceremonie-d-ouverture\\\/214159\\\/#breadcrumb\"},\"inLanguage\":\"fr-FR\",\"potentialAction\":[{\"@type\":\"ReadAction\",\"target\":[\"https:\\\/\\\/www.webdo.tn\\\/fr\\\/actualite\\\/culture\\\/cannes-2024-ceremonie-d-ouverture\\\/214159\\\/\"]}]},{\"@type\":\"ImageObject\",\"inLanguage\":\"fr-FR\",\"@id\":\"https:\\\/\\\/www.webdo.tn\\\/fr\\\/actualite\\\/culture\\\/cannes-2024-ceremonie-d-ouverture\\\/214159\\\/#primaryimage\",\"url\":\"https:\\\/\\\/www.webdo.tn\\\/fr\\\/wp-content\\\/uploads\\\/2024\\\/05\\\/0246d84f45f7125eb270ba13789899a5.webp\",\"contentUrl\":\"https:\\\/\\\/www.webdo.tn\\\/fr\\\/wp-content\\\/uploads\\\/2024\\\/05\\\/0246d84f45f7125eb270ba13789899a5.webp\",\"width\":750,\"height\":400,\"caption\":\"Cannes 2024 - F\u00e9minit\u00e9 \u00e0 l'Honneur: Une soir\u00e9e d'ouverture m\u00e9morable avec Meryl Streep\"},{\"@type\":\"BreadcrumbList\",\"@id\":\"https:\\\/\\\/www.webdo.tn\\\/fr\\\/actualite\\\/culture\\\/cannes-2024-ceremonie-d-ouverture\\\/214159\\\/#breadcrumb\",\"itemListElement\":[{\"@type\":\"ListItem\",\"position\":1,\"name\":\"Accueil\",\"item\":\"https:\\\/\\\/www.webdo.tn\\\/fr\\\/\"},{\"@type\":\"ListItem\",\"position\":2,\"name\":\"Cannes 2024 &#8211; F\u00e9minit\u00e9 \u00e0 l&rsquo;Honneur: Une soir\u00e9e d&rsquo;ouverture m\u00e9morable avec Meryl Streep\"}]},{\"@type\":\"WebSite\",\"@id\":\"https:\\\/\\\/www.webdo.tn\\\/fr\\\/#website\",\"url\":\"https:\\\/\\\/www.webdo.tn\\\/fr\\\/\",\"name\":\"webdo\",\"description\":\"Tunisie - News en Tunisie et \u00e0 l&#039;international sur Webdo.tn\",\"publisher\":{\"@id\":\"https:\\\/\\\/www.webdo.tn\\\/fr\\\/#organization\"},\"potentialAction\":[{\"@type\":\"SearchAction\",\"target\":{\"@type\":\"EntryPoint\",\"urlTemplate\":\"https:\\\/\\\/www.webdo.tn\\\/fr\\\/?s={search_term_string}\"},\"query-input\":{\"@type\":\"PropertyValueSpecification\",\"valueRequired\":true,\"valueName\":\"search_term_string\"}}],\"inLanguage\":\"fr-FR\"},{\"@type\":\"Organization\",\"@id\":\"https:\\\/\\\/www.webdo.tn\\\/fr\\\/#organization\",\"name\":\"Webdo\",\"alternateName\":\"Webdo.tn\",\"url\":\"https:\\\/\\\/www.webdo.tn\\\/fr\\\/\",\"logo\":{\"@type\":\"ImageObject\",\"inLanguage\":\"fr-FR\",\"@id\":\"https:\\\/\\\/www.webdo.tn\\\/fr\\\/#\\\/schema\\\/logo\\\/image\\\/\",\"url\":\"https:\\\/\\\/www.webdo.tn\\\/fr\\\/wp-content\\\/uploads\\\/2025\\\/06\\\/Webdo-Tunisie_168377.jpg\",\"contentUrl\":\"https:\\\/\\\/www.webdo.tn\\\/fr\\\/wp-content\\\/uploads\\\/2025\\\/06\\\/Webdo-Tunisie_168377.jpg\",\"width\":301,\"height\":301,\"caption\":\"Webdo\"},\"image\":{\"@id\":\"https:\\\/\\\/www.webdo.tn\\\/fr\\\/#\\\/schema\\\/logo\\\/image\\\/\"},\"sameAs\":[\"https:\\\/\\\/www.facebook.com\\\/webdotn\",\"https:\\\/\\\/x.com\\\/webdo_tn\"],\"description\":\"Webdo est un m\u00e9dia num\u00e9rique tunisien fond\u00e9 en 2010, sp\u00e9cialis\u00e9 dans l\u2019actualit\u00e9 nationale et internationale, l\u2019\u00e9conomie, la soci\u00e9t\u00e9 et les analyses politiques. Le site s\u2019adresse \u00e0 un large public francophone et couvre l\u2019information tunisienne en temps r\u00e9el.\",\"email\":\"redac@webdo.tn\",\"legalName\":\"YNJ SARL\",\"foundingDate\":\"2010-09-06\",\"numberOfEmployees\":{\"@type\":\"QuantitativeValue\",\"minValue\":\"11\",\"maxValue\":\"50\"}},{\"@type\":\"Person\",\"@id\":\"https:\\\/\\\/www.webdo.tn\\\/fr\\\/#\\\/schema\\\/person\\\/60d5ba619ed3f58783b0dc82b7dada80\",\"name\":\"Ne\u00efla DRISS\",\"image\":{\"@type\":\"ImageObject\",\"inLanguage\":\"fr-FR\",\"@id\":\"https:\\\/\\\/www.webdo.tn\\\/fr\\\/wp-content\\\/uploads\\\/2026\\\/04\\\/neila-driss_avatar-96x96.jpg\",\"url\":\"https:\\\/\\\/www.webdo.tn\\\/fr\\\/wp-content\\\/uploads\\\/2026\\\/04\\\/neila-driss_avatar-96x96.jpg\",\"contentUrl\":\"https:\\\/\\\/www.webdo.tn\\\/fr\\\/wp-content\\\/uploads\\\/2026\\\/04\\\/neila-driss_avatar-96x96.jpg\",\"caption\":\"Ne\u00efla DRISS\"},\"description\":\"Ne\u00efla Driss est juriste, journaliste culturelle et critique de cin\u00e9ma tunisienne. Titulaire d\u2019un DEA en droit priv\u00e9 de l\u2019Universit\u00e9 Paris II et d\u2019un DESS de l\u2019IHEC Carthage, elle d\u00e9bute sa carri\u00e8re comme juriste sp\u00e9cialis\u00e9e en gestion de patrimoine immobilier. Elle s\u2019oriente ensuite vers l\u2019\u00e9criture en ligne, o\u00f9 elle se distingue d\u00e8s 2006 aux Tunisia Blog Awards, avant de se consacrer au journalisme culturel, avec une sp\u00e9cialisation dans la critique cin\u00e9matographique. Elle couvre r\u00e9guli\u00e8rement les grands festivals internationaux, notamment le Festival de Cannes, les Journ\u00e9es Cin\u00e9matographiques de Carthage et le Festival du film du Caire. Membre de l\u2019ATPCC et de la FIPRESCI, elle participe \u00e0 des jurys et initiatives internationales de critique. Depuis 2024, elle est \u00e9lectrice internationale aux Golden Globes. Facebook : https:\\\/\\\/www.facebook.com\\\/massir.destiniii\\\/ X : https:\\\/\\\/x.com\\\/MassirDestin\",\"sameAs\":[\"https:\\\/\\\/www.facebook.com\\\/massir.destiniii\\\/\",\"https:\\\/\\\/www.instagram.com\\\/neila.driss\\\/?hl=fr\",\"https:\\\/\\\/www.linkedin.com\\\/in\\\/neila-driss-22606a80\\\/\",\"https:\\\/\\\/x.com\\\/https:\\\/\\\/x.com\\\/MassirDestin\"],\"knowsAbout\":[\"Cin\u00e9ma international\",\"critique cin\u00e9matographique\",\"festivals de cin\u00e9ma\",\"journalisme culturel\"],\"knowsLanguage\":[\"Fran\u00e7ais\",\"Arabe\",\"Anglais\"],\"jobTitle\":\"Journaliste culturelle et critique de cin\u00e9ma\",\"worksFor\":\"Webdo\",\"url\":\"https:\\\/\\\/www.webdo.tn\\\/fr\\\/actualite\\\/author\\\/neila-driss\\\/\"}]}<\/script>\n<!-- \/ Yoast SEO Premium plugin. -->","yoast_head_json":{"title":"Cannes 2024 - F\u00e9minit\u00e9 \u00e0 l'Honneur: Une soir\u00e9e d'ouverture m\u00e9morable avec Meryl Streep","description":"Cannes 2024 - F\u00e9minit\u00e9 \u00e0 l'Honneur: Une soir\u00e9e d'ouverture m\u00e9morable avec Meryl Streep","canonical":"https:\/\/www.webdo.tn\/fr\/actualite\/culture\/cannes-2024-ceremonie-d-ouverture\/214159\/","og_locale":"fr_FR","og_type":"article","og_title":"Cannes 2024 - F\u00e9minit\u00e9 \u00e0 l'Honneur: Une soir\u00e9e d'ouverture m\u00e9morable avec Meryl Streep","og_description":"Cannes 2024 - F\u00e9minit\u00e9 \u00e0 l'Honneur: Une soir\u00e9e d'ouverture m\u00e9morable avec Meryl Streep","og_url":"https:\/\/www.webdo.tn\/fr\/actualite\/culture\/cannes-2024-ceremonie-d-ouverture\/214159\/","og_site_name":"webdo","article_publisher":"https:\/\/www.facebook.com\/webdotn","article_author":"https:\/\/www.facebook.com\/massir.destiniii\/","article_published_time":"2024-05-14T22:03:00+00:00","article_modified_time":"2025-05-21T08:57:29+00:00","og_image":[{"width":750,"height":400,"url":"https:\/\/www.webdo.tn\/fr\/wp-content\/uploads\/2024\/05\/0246d84f45f7125eb270ba13789899a5.webp","type":"image\/webp"}],"author":"Ne\u00efla DRISS","twitter_card":"summary_large_image","twitter_creator":"@https:\/\/x.com\/MassirDestin","twitter_site":"@webdo_tn","twitter_misc":{"\u00c9crit par":"Ne\u00efla DRISS","Dur\u00e9e de lecture estim\u00e9e":"7 minutes"},"schema":{"@context":"https:\/\/schema.org","@graph":[{"@type":"NewsArticle","@id":"https:\/\/www.webdo.tn\/fr\/actualite\/culture\/cannes-2024-ceremonie-d-ouverture\/214159\/#article","isPartOf":{"@id":"https:\/\/www.webdo.tn\/fr\/actualite\/culture\/cannes-2024-ceremonie-d-ouverture\/214159\/"},"author":{"name":"Ne\u00efla DRISS","@id":"https:\/\/www.webdo.tn\/fr\/#\/schema\/person\/60d5ba619ed3f58783b0dc82b7dada80"},"headline":"Cannes 2024 &#8211; F\u00e9minit\u00e9 \u00e0 l&rsquo;Honneur: Une soir\u00e9e d&rsquo;ouverture m\u00e9morable avec Meryl Streep","datePublished":"2024-05-14T22:03:00+00:00","dateModified":"2025-05-21T08:57:29+00:00","mainEntityOfPage":{"@id":"https:\/\/www.webdo.tn\/fr\/actualite\/culture\/cannes-2024-ceremonie-d-ouverture\/214159\/"},"wordCount":1392,"commentCount":0,"publisher":{"@id":"https:\/\/www.webdo.tn\/fr\/#organization"},"image":{"@id":"https:\/\/www.webdo.tn\/fr\/actualite\/culture\/cannes-2024-ceremonie-d-ouverture\/214159\/#primaryimage"},"thumbnailUrl":"https:\/\/www.webdo.tn\/fr\/wp-content\/uploads\/2024\/05\/0246d84f45f7125eb270ba13789899a5.webp","keywords":["Cannes 2024","c\u00e9r\u00e9monie d'ouverture","Festival","Festival de Cannes","Meryl Streep"],"articleSection":["Culture"],"inLanguage":"fr-FR"},{"@type":"WebPage","@id":"https:\/\/www.webdo.tn\/fr\/actualite\/culture\/cannes-2024-ceremonie-d-ouverture\/214159\/","url":"https:\/\/www.webdo.tn\/fr\/actualite\/culture\/cannes-2024-ceremonie-d-ouverture\/214159\/","name":"Cannes 2024 - F\u00e9minit\u00e9 \u00e0 l'Honneur: Une soir\u00e9e d'ouverture m\u00e9morable avec Meryl Streep","isPartOf":{"@id":"https:\/\/www.webdo.tn\/fr\/#website"},"primaryImageOfPage":{"@id":"https:\/\/www.webdo.tn\/fr\/actualite\/culture\/cannes-2024-ceremonie-d-ouverture\/214159\/#primaryimage"},"image":{"@id":"https:\/\/www.webdo.tn\/fr\/actualite\/culture\/cannes-2024-ceremonie-d-ouverture\/214159\/#primaryimage"},"thumbnailUrl":"https:\/\/www.webdo.tn\/fr\/wp-content\/uploads\/2024\/05\/0246d84f45f7125eb270ba13789899a5.webp","datePublished":"2024-05-14T22:03:00+00:00","dateModified":"2025-05-21T08:57:29+00:00","description":"Cannes 2024 - F\u00e9minit\u00e9 \u00e0 l'Honneur: Une soir\u00e9e d'ouverture m\u00e9morable avec Meryl Streep","breadcrumb":{"@id":"https:\/\/www.webdo.tn\/fr\/actualite\/culture\/cannes-2024-ceremonie-d-ouverture\/214159\/#breadcrumb"},"inLanguage":"fr-FR","potentialAction":[{"@type":"ReadAction","target":["https:\/\/www.webdo.tn\/fr\/actualite\/culture\/cannes-2024-ceremonie-d-ouverture\/214159\/"]}]},{"@type":"ImageObject","inLanguage":"fr-FR","@id":"https:\/\/www.webdo.tn\/fr\/actualite\/culture\/cannes-2024-ceremonie-d-ouverture\/214159\/#primaryimage","url":"https:\/\/www.webdo.tn\/fr\/wp-content\/uploads\/2024\/05\/0246d84f45f7125eb270ba13789899a5.webp","contentUrl":"https:\/\/www.webdo.tn\/fr\/wp-content\/uploads\/2024\/05\/0246d84f45f7125eb270ba13789899a5.webp","width":750,"height":400,"caption":"Cannes 2024 - F\u00e9minit\u00e9 \u00e0 l'Honneur: Une soir\u00e9e d'ouverture m\u00e9morable avec Meryl Streep"},{"@type":"BreadcrumbList","@id":"https:\/\/www.webdo.tn\/fr\/actualite\/culture\/cannes-2024-ceremonie-d-ouverture\/214159\/#breadcrumb","itemListElement":[{"@type":"ListItem","position":1,"name":"Accueil","item":"https:\/\/www.webdo.tn\/fr\/"},{"@type":"ListItem","position":2,"name":"Cannes 2024 &#8211; F\u00e9minit\u00e9 \u00e0 l&rsquo;Honneur: Une soir\u00e9e d&rsquo;ouverture m\u00e9morable avec Meryl Streep"}]},{"@type":"WebSite","@id":"https:\/\/www.webdo.tn\/fr\/#website","url":"https:\/\/www.webdo.tn\/fr\/","name":"webdo","description":"Tunisie - News en Tunisie et \u00e0 l&#039;international sur Webdo.tn","publisher":{"@id":"https:\/\/www.webdo.tn\/fr\/#organization"},"potentialAction":[{"@type":"SearchAction","target":{"@type":"EntryPoint","urlTemplate":"https:\/\/www.webdo.tn\/fr\/?s={search_term_string}"},"query-input":{"@type":"PropertyValueSpecification","valueRequired":true,"valueName":"search_term_string"}}],"inLanguage":"fr-FR"},{"@type":"Organization","@id":"https:\/\/www.webdo.tn\/fr\/#organization","name":"Webdo","alternateName":"Webdo.tn","url":"https:\/\/www.webdo.tn\/fr\/","logo":{"@type":"ImageObject","inLanguage":"fr-FR","@id":"https:\/\/www.webdo.tn\/fr\/#\/schema\/logo\/image\/","url":"https:\/\/www.webdo.tn\/fr\/wp-content\/uploads\/2025\/06\/Webdo-Tunisie_168377.jpg","contentUrl":"https:\/\/www.webdo.tn\/fr\/wp-content\/uploads\/2025\/06\/Webdo-Tunisie_168377.jpg","width":301,"height":301,"caption":"Webdo"},"image":{"@id":"https:\/\/www.webdo.tn\/fr\/#\/schema\/logo\/image\/"},"sameAs":["https:\/\/www.facebook.com\/webdotn","https:\/\/x.com\/webdo_tn"],"description":"Webdo est un m\u00e9dia num\u00e9rique tunisien fond\u00e9 en 2010, sp\u00e9cialis\u00e9 dans l\u2019actualit\u00e9 nationale et internationale, l\u2019\u00e9conomie, la soci\u00e9t\u00e9 et les analyses politiques. Le site s\u2019adresse \u00e0 un large public francophone et couvre l\u2019information tunisienne en temps r\u00e9el.","email":"redac@webdo.tn","legalName":"YNJ SARL","foundingDate":"2010-09-06","numberOfEmployees":{"@type":"QuantitativeValue","minValue":"11","maxValue":"50"}},{"@type":"Person","@id":"https:\/\/www.webdo.tn\/fr\/#\/schema\/person\/60d5ba619ed3f58783b0dc82b7dada80","name":"Ne\u00efla DRISS","image":{"@type":"ImageObject","inLanguage":"fr-FR","@id":"https:\/\/www.webdo.tn\/fr\/wp-content\/uploads\/2026\/04\/neila-driss_avatar-96x96.jpg","url":"https:\/\/www.webdo.tn\/fr\/wp-content\/uploads\/2026\/04\/neila-driss_avatar-96x96.jpg","contentUrl":"https:\/\/www.webdo.tn\/fr\/wp-content\/uploads\/2026\/04\/neila-driss_avatar-96x96.jpg","caption":"Ne\u00efla DRISS"},"description":"Ne\u00efla Driss est juriste, journaliste culturelle et critique de cin\u00e9ma tunisienne. Titulaire d\u2019un DEA en droit priv\u00e9 de l\u2019Universit\u00e9 Paris II et d\u2019un DESS de l\u2019IHEC Carthage, elle d\u00e9bute sa carri\u00e8re comme juriste sp\u00e9cialis\u00e9e en gestion de patrimoine immobilier. Elle s\u2019oriente ensuite vers l\u2019\u00e9criture en ligne, o\u00f9 elle se distingue d\u00e8s 2006 aux Tunisia Blog Awards, avant de se consacrer au journalisme culturel, avec une sp\u00e9cialisation dans la critique cin\u00e9matographique. Elle couvre r\u00e9guli\u00e8rement les grands festivals internationaux, notamment le Festival de Cannes, les Journ\u00e9es Cin\u00e9matographiques de Carthage et le Festival du film du Caire. Membre de l\u2019ATPCC et de la FIPRESCI, elle participe \u00e0 des jurys et initiatives internationales de critique. Depuis 2024, elle est \u00e9lectrice internationale aux Golden Globes. Facebook : https:\/\/www.facebook.com\/massir.destiniii\/ X : https:\/\/x.com\/MassirDestin","sameAs":["https:\/\/www.facebook.com\/massir.destiniii\/","https:\/\/www.instagram.com\/neila.driss\/?hl=fr","https:\/\/www.linkedin.com\/in\/neila-driss-22606a80\/","https:\/\/x.com\/https:\/\/x.com\/MassirDestin"],"knowsAbout":["Cin\u00e9ma international","critique cin\u00e9matographique","festivals de cin\u00e9ma","journalisme culturel"],"knowsLanguage":["Fran\u00e7ais","Arabe","Anglais"],"jobTitle":"Journaliste culturelle et critique de cin\u00e9ma","worksFor":"Webdo","url":"https:\/\/www.webdo.tn\/fr\/actualite\/author\/neila-driss\/"}]}},"_links":{"self":[{"href":"https:\/\/www.webdo.tn\/fr\/wp-json\/wp\/v2\/posts\/214159","targetHints":{"allow":["GET"]}}],"collection":[{"href":"https:\/\/www.webdo.tn\/fr\/wp-json\/wp\/v2\/posts"}],"about":[{"href":"https:\/\/www.webdo.tn\/fr\/wp-json\/wp\/v2\/types\/post"}],"author":[{"embeddable":true,"href":"https:\/\/www.webdo.tn\/fr\/wp-json\/wp\/v2\/users\/3164"}],"replies":[{"embeddable":true,"href":"https:\/\/www.webdo.tn\/fr\/wp-json\/wp\/v2\/comments?post=214159"}],"version-history":[{"count":0,"href":"https:\/\/www.webdo.tn\/fr\/wp-json\/wp\/v2\/posts\/214159\/revisions"}],"wp:featuredmedia":[{"embeddable":true,"href":"https:\/\/www.webdo.tn\/fr\/wp-json\/wp\/v2\/media\/290592"}],"wp:attachment":[{"href":"https:\/\/www.webdo.tn\/fr\/wp-json\/wp\/v2\/media?parent=214159"}],"wp:term":[{"taxonomy":"category","embeddable":true,"href":"https:\/\/www.webdo.tn\/fr\/wp-json\/wp\/v2\/categories?post=214159"},{"taxonomy":"post_tag","embeddable":true,"href":"https:\/\/www.webdo.tn\/fr\/wp-json\/wp\/v2\/tags?post=214159"}],"curies":[{"name":"wp","href":"https:\/\/api.w.org\/{rel}","templated":true}]}}