{"id":214154,"date":"2024-05-14T15:30:00","date_gmt":"2024-05-14T15:30:00","guid":{"rendered":"https:\/\/www.webdo.tn\/fr\/blog\/l-ue-fait-part-de-son-inquietude-suite-aux-arrestations-d-avocats-et-de-journalistes\/214154\/"},"modified":"2025-05-20T22:13:20","modified_gmt":"2025-05-20T22:13:20","slug":"l-ue-fait-part-de-son-inquietude-suite-aux-arrestations-d-avocats-et-de-journalistes","status":"publish","type":"post","link":"https:\/\/www.webdo.tn\/fr\/actualite\/national\/l-ue-fait-part-de-son-inquietude-suite-aux-arrestations-d-avocats-et-de-journalistes\/214154\/","title":{"rendered":"L\u2019UE fait part de son \u00ab\u00a0inqui\u00e9tude\u00a0\u00bb suite aux arrestations d\u2019avocats et de journalistes"},"content":{"rendered":"<p>La r\u00e9cente s\u00e9rie d\u2019arrestations en Tunisie a fait r\u00e9agir la France et l\u2019Union europ\u00e9enne (UE), qui se disent pr\u00e9occup\u00e9es suite \u00e0 l\u2019arrestation de plusieurs figures de la soci\u00e9t\u00e9 civile.<\/p>\n<p>\t\t\t\t\t\t\t\t\tApr\u00e8s la France, qui a exprim\u00e9 sa pr\u00e9occupation suite \u00e0 l\u2019arrestation de l\u2019avocate et journaliste Sonia Dahmani, dans le contexte d\u2019autres arrestations et interpellations, notamment de journalistes, l\u2019UE a fait part ce mardi 14 mai 2024 de son \u00ab\u00a0inqui\u00e9tude\u00a0\u00bb \u00e0 propos des r\u00e9centes arrestations de plusieurs figures de la soci\u00e9t\u00e9 civile en Tunisie.<\/p>\n<p>L\u2019UE souligne, dans un communiqu\u00e9 que \u00ab\u00a0la libert\u00e9 d&rsquo;expression et l&rsquo;ind\u00e9pendance de la justice constituaient \u00ab\u00a0le socle\u00a0\u00bb de son partenariat avec Tunis\u00a0\u00bb.<\/p>\n<p>\u00ab\u00a0Des \u00e9claircissements sur les raisons de ces arrestations ont \u00e9t\u00e9 demand\u00e9s localement par la d\u00e9l\u00e9gation de l&rsquo;UE aux autorit\u00e9s tunisiennes\u00a0\u00bb, a indiqu\u00e9 une porte-parole de la diplomatie europ\u00e9enne, Nabila Massrali.<\/p>\n<p>Sonia Dahmani a \u00e9t\u00e9 arr\u00eat\u00e9e, samedi 11 mai \u00e0 la Maison de l&rsquo;Avocat suite \u00e0 ses d\u00e9clarations controvers\u00e9es sur les migrants en Tunisie lors d&rsquo;une \u00e9mission t\u00e9l\u00e9vis\u00e9e, suscitant une vive controverse.<\/p>\n<p>Les deux journalistes Borhen Bssaies et Mourad Zghidi, ont \u00e9galement \u00e9t\u00e9 plac\u00e9s en d\u00e9tention le lendemain.<\/p>\n<p>Hier soir, une unit\u00e9 s\u00e9curitaire a lanc\u00e9 une op\u00e9ration pour appr\u00e9hender l&rsquo;avocat Mehdi Zagrouba \u00e0 la Maison de l&rsquo;Avocat, suscitant une nouvelle vague de tensions.<\/p>\n","protected":false},"excerpt":{"rendered":"<p>Apr\u00e8s la France, qui a exprim\u00e9 sa pr\u00e9occupation suite \u00e0 l\u2019arrestation de l\u2019avocate et journaliste Sonia Dahmani, dans le contexte d\u2019autres arrestations et inter&#8230;<\/p>\n","protected":false},"author":3162,"featured_media":290589,"comment_status":"open","ping_status":"closed","sticky":false,"template":"","format":"standard","meta":{"footnotes":""},"categories":[44],"tags":[6449,2998,6343,6448,3313,2608,2897,2896],"class_list":["post-214154","post","type-post","status-publish","format-standard","has-post-thumbnail","hentry","category-national","tag-borhen-bssaies","tag-france","tag-mehdi-zagrouba","tag-mourad-zghidi","tag-sonia-dahmani","tag-tunisie","tag-ue","tag-union-europeenne"],"yoast_head":"<!-- This site is optimized with the Yoast SEO Premium plugin v27.5 (Yoast SEO v27.5) - https:\/\/yoast.com\/product\/yoast-seo-premium-wordpress\/ -->\n<title>L\u2019UE fait part de son inqui\u00e9tude suite aux arrestations d\u2019avocats et de journalistes<\/title>\n<meta name=\"description\" content=\"Apr\u00e8s la France, qui a exprim\u00e9 sa pr\u00e9occupation suite \u00e0 l\u2019arrestation de l\u2019avocate et journaliste Sonia Dahmani, dans le contexte d\u2019autres arrestations et inter...\" \/>\n<link rel=\"canonical\" href=\"https:\/\/www.webdo.tn\/fr\/actualite\/national\/l-ue-fait-part-de-son-inquietude-suite-aux-arrestations-d-avocats-et-de-journalistes\/214154\/\" \/>\n<meta property=\"og:locale\" content=\"fr_FR\" \/>\n<meta property=\"og:type\" content=\"article\" \/>\n<meta property=\"og:title\" content=\"L\u2019UE fait part de son &quot;inqui\u00e9tude&quot; suite aux arrestations d\u2019avocats et de journalistes\" \/>\n<meta property=\"og:description\" content=\"Apr\u00e8s la France, qui a exprim\u00e9 sa pr\u00e9occupation suite \u00e0 l\u2019arrestation de l\u2019avocate et journaliste Sonia Dahmani, dans le contexte d\u2019autres arrestations et inter...\" \/>\n<meta property=\"og:url\" content=\"https:\/\/www.webdo.tn\/fr\/actualite\/national\/l-ue-fait-part-de-son-inquietude-suite-aux-arrestations-d-avocats-et-de-journalistes\/214154\/\" \/>\n<meta property=\"og:site_name\" content=\"webdo\" \/>\n<meta property=\"article:publisher\" content=\"https:\/\/www.facebook.com\/webdotn\" \/>\n<meta property=\"article:published_time\" content=\"2024-05-14T15:30:00+00:00\" \/>\n<meta property=\"article:modified_time\" content=\"2025-05-20T22:13:20+00:00\" \/>\n<meta property=\"og:image\" content=\"https:\/\/www.webdo.tn\/fr\/wp-content\/uploads\/2024\/05\/f59ea4c9e62389b852a1c732fc1a39a6.webp\" \/>\n\t<meta property=\"og:image:width\" content=\"750\" \/>\n\t<meta property=\"og:image:height\" content=\"400\" \/>\n\t<meta property=\"og:image:type\" content=\"image\/webp\" \/>\n<meta name=\"author\" content=\"MC\" \/>\n<meta name=\"twitter:card\" content=\"summary_large_image\" \/>\n<meta name=\"twitter:creator\" content=\"@webdo_tn\" \/>\n<meta name=\"twitter:site\" content=\"@webdo_tn\" \/>\n<meta name=\"twitter:label1\" content=\"\u00c9crit par\" \/>\n\t<meta name=\"twitter:data1\" content=\"MC\" \/>\n\t<meta name=\"twitter:label2\" content=\"Dur\u00e9e de lecture estim\u00e9e\" \/>\n\t<meta name=\"twitter:data2\" content=\"1 minute\" \/>\n<script type=\"application\/ld+json\" class=\"yoast-schema-graph\">{\"@context\":\"https:\\\/\\\/schema.org\",\"@graph\":[{\"@type\":\"NewsArticle\",\"@id\":\"https:\\\/\\\/www.webdo.tn\\\/fr\\\/actualite\\\/national\\\/l-ue-fait-part-de-son-inquietude-suite-aux-arrestations-d-avocats-et-de-journalistes\\\/214154\\\/#article\",\"isPartOf\":{\"@id\":\"https:\\\/\\\/www.webdo.tn\\\/fr\\\/actualite\\\/national\\\/l-ue-fait-part-de-son-inquietude-suite-aux-arrestations-d-avocats-et-de-journalistes\\\/214154\\\/\"},\"author\":{\"name\":\"MC\",\"@id\":\"https:\\\/\\\/www.webdo.tn\\\/fr\\\/#\\\/schema\\\/person\\\/2c4929cbf5a809e3bd38617c6ce150f6\"},\"headline\":\"L\u2019UE fait part de son \u00ab\u00a0inqui\u00e9tude\u00a0\u00bb suite aux arrestations d\u2019avocats et de journalistes\",\"datePublished\":\"2024-05-14T15:30:00+00:00\",\"dateModified\":\"2025-05-20T22:13:20+00:00\",\"mainEntityOfPage\":{\"@id\":\"https:\\\/\\\/www.webdo.tn\\\/fr\\\/actualite\\\/national\\\/l-ue-fait-part-de-son-inquietude-suite-aux-arrestations-d-avocats-et-de-journalistes\\\/214154\\\/\"},\"wordCount\":258,\"commentCount\":0,\"publisher\":{\"@id\":\"https:\\\/\\\/www.webdo.tn\\\/fr\\\/#organization\"},\"image\":{\"@id\":\"https:\\\/\\\/www.webdo.tn\\\/fr\\\/actualite\\\/national\\\/l-ue-fait-part-de-son-inquietude-suite-aux-arrestations-d-avocats-et-de-journalistes\\\/214154\\\/#primaryimage\"},\"thumbnailUrl\":\"https:\\\/\\\/www.webdo.tn\\\/fr\\\/wp-content\\\/uploads\\\/2024\\\/05\\\/f59ea4c9e62389b852a1c732fc1a39a6.webp\",\"keywords\":[\"borhen bssaies\",\"france\",\"mehdi zagrouba\",\"Mourad Zghidi\",\"sonia dahmani\",\"Tunisie\",\"UE\",\"Union europ\u00e9enne\"],\"articleSection\":[\"National\"],\"inLanguage\":\"fr-FR\"},{\"@type\":\"WebPage\",\"@id\":\"https:\\\/\\\/www.webdo.tn\\\/fr\\\/actualite\\\/national\\\/l-ue-fait-part-de-son-inquietude-suite-aux-arrestations-d-avocats-et-de-journalistes\\\/214154\\\/\",\"url\":\"https:\\\/\\\/www.webdo.tn\\\/fr\\\/actualite\\\/national\\\/l-ue-fait-part-de-son-inquietude-suite-aux-arrestations-d-avocats-et-de-journalistes\\\/214154\\\/\",\"name\":\"L\u2019UE fait part de son inqui\u00e9tude suite aux arrestations d\u2019avocats et de journalistes\",\"isPartOf\":{\"@id\":\"https:\\\/\\\/www.webdo.tn\\\/fr\\\/#website\"},\"primaryImageOfPage\":{\"@id\":\"https:\\\/\\\/www.webdo.tn\\\/fr\\\/actualite\\\/national\\\/l-ue-fait-part-de-son-inquietude-suite-aux-arrestations-d-avocats-et-de-journalistes\\\/214154\\\/#primaryimage\"},\"image\":{\"@id\":\"https:\\\/\\\/www.webdo.tn\\\/fr\\\/actualite\\\/national\\\/l-ue-fait-part-de-son-inquietude-suite-aux-arrestations-d-avocats-et-de-journalistes\\\/214154\\\/#primaryimage\"},\"thumbnailUrl\":\"https:\\\/\\\/www.webdo.tn\\\/fr\\\/wp-content\\\/uploads\\\/2024\\\/05\\\/f59ea4c9e62389b852a1c732fc1a39a6.webp\",\"datePublished\":\"2024-05-14T15:30:00+00:00\",\"dateModified\":\"2025-05-20T22:13:20+00:00\",\"description\":\"Apr\u00e8s la France, qui a exprim\u00e9 sa pr\u00e9occupation suite \u00e0 l\u2019arrestation de l\u2019avocate et journaliste Sonia Dahmani, dans le contexte d\u2019autres arrestations et inter...\",\"breadcrumb\":{\"@id\":\"https:\\\/\\\/www.webdo.tn\\\/fr\\\/actualite\\\/national\\\/l-ue-fait-part-de-son-inquietude-suite-aux-arrestations-d-avocats-et-de-journalistes\\\/214154\\\/#breadcrumb\"},\"inLanguage\":\"fr-FR\",\"potentialAction\":[{\"@type\":\"ReadAction\",\"target\":[\"https:\\\/\\\/www.webdo.tn\\\/fr\\\/actualite\\\/national\\\/l-ue-fait-part-de-son-inquietude-suite-aux-arrestations-d-avocats-et-de-journalistes\\\/214154\\\/\"]}]},{\"@type\":\"ImageObject\",\"inLanguage\":\"fr-FR\",\"@id\":\"https:\\\/\\\/www.webdo.tn\\\/fr\\\/actualite\\\/national\\\/l-ue-fait-part-de-son-inquietude-suite-aux-arrestations-d-avocats-et-de-journalistes\\\/214154\\\/#primaryimage\",\"url\":\"https:\\\/\\\/www.webdo.tn\\\/fr\\\/wp-content\\\/uploads\\\/2024\\\/05\\\/f59ea4c9e62389b852a1c732fc1a39a6.webp\",\"contentUrl\":\"https:\\\/\\\/www.webdo.tn\\\/fr\\\/wp-content\\\/uploads\\\/2024\\\/05\\\/f59ea4c9e62389b852a1c732fc1a39a6.webp\",\"width\":750,\"height\":400,\"caption\":\"L\u2019UE fait part de son \\\"inqui\u00e9tude\\\" suite aux arrestations d\u2019avocats et de journalistes\"},{\"@type\":\"BreadcrumbList\",\"@id\":\"https:\\\/\\\/www.webdo.tn\\\/fr\\\/actualite\\\/national\\\/l-ue-fait-part-de-son-inquietude-suite-aux-arrestations-d-avocats-et-de-journalistes\\\/214154\\\/#breadcrumb\",\"itemListElement\":[{\"@type\":\"ListItem\",\"position\":1,\"name\":\"Accueil\",\"item\":\"https:\\\/\\\/www.webdo.tn\\\/fr\\\/\"},{\"@type\":\"ListItem\",\"position\":2,\"name\":\"L\u2019UE fait part de son \u00ab\u00a0inqui\u00e9tude\u00a0\u00bb suite aux arrestations d\u2019avocats et de journalistes\"}]},{\"@type\":\"WebSite\",\"@id\":\"https:\\\/\\\/www.webdo.tn\\\/fr\\\/#website\",\"url\":\"https:\\\/\\\/www.webdo.tn\\\/fr\\\/\",\"name\":\"webdo\",\"description\":\"Tunisie - News en Tunisie et \u00e0 l&#039;international sur Webdo.tn\",\"publisher\":{\"@id\":\"https:\\\/\\\/www.webdo.tn\\\/fr\\\/#organization\"},\"potentialAction\":[{\"@type\":\"SearchAction\",\"target\":{\"@type\":\"EntryPoint\",\"urlTemplate\":\"https:\\\/\\\/www.webdo.tn\\\/fr\\\/?s={search_term_string}\"},\"query-input\":{\"@type\":\"PropertyValueSpecification\",\"valueRequired\":true,\"valueName\":\"search_term_string\"}}],\"inLanguage\":\"fr-FR\"},{\"@type\":\"Organization\",\"@id\":\"https:\\\/\\\/www.webdo.tn\\\/fr\\\/#organization\",\"name\":\"Webdo\",\"alternateName\":\"Webdo.tn\",\"url\":\"https:\\\/\\\/www.webdo.tn\\\/fr\\\/\",\"logo\":{\"@type\":\"ImageObject\",\"inLanguage\":\"fr-FR\",\"@id\":\"https:\\\/\\\/www.webdo.tn\\\/fr\\\/#\\\/schema\\\/logo\\\/image\\\/\",\"url\":\"https:\\\/\\\/www.webdo.tn\\\/fr\\\/wp-content\\\/uploads\\\/2025\\\/06\\\/Webdo-Tunisie_168377.jpg\",\"contentUrl\":\"https:\\\/\\\/www.webdo.tn\\\/fr\\\/wp-content\\\/uploads\\\/2025\\\/06\\\/Webdo-Tunisie_168377.jpg\",\"width\":301,\"height\":301,\"caption\":\"Webdo\"},\"image\":{\"@id\":\"https:\\\/\\\/www.webdo.tn\\\/fr\\\/#\\\/schema\\\/logo\\\/image\\\/\"},\"sameAs\":[\"https:\\\/\\\/www.facebook.com\\\/webdotn\",\"https:\\\/\\\/x.com\\\/webdo_tn\"],\"description\":\"Webdo est un m\u00e9dia num\u00e9rique tunisien fond\u00e9 en 2010, sp\u00e9cialis\u00e9 dans l\u2019actualit\u00e9 nationale et internationale, l\u2019\u00e9conomie, la soci\u00e9t\u00e9 et les analyses politiques. Le site s\u2019adresse \u00e0 un large public francophone et couvre l\u2019information tunisienne en temps r\u00e9el.\",\"email\":\"redac@webdo.tn\",\"legalName\":\"YNJ SARL\",\"foundingDate\":\"2010-09-06\",\"numberOfEmployees\":{\"@type\":\"QuantitativeValue\",\"minValue\":\"11\",\"maxValue\":\"50\"}},{\"@type\":\"Person\",\"@id\":\"https:\\\/\\\/www.webdo.tn\\\/fr\\\/#\\\/schema\\\/person\\\/2c4929cbf5a809e3bd38617c6ce150f6\",\"name\":\"MC\",\"image\":{\"@type\":\"ImageObject\",\"inLanguage\":\"fr-FR\",\"@id\":\"https:\\\/\\\/secure.gravatar.com\\\/avatar\\\/a545bbb6f84efdd5553dbbc2895e3ca8f1d12c5215e00a041c9670b54aa9b18a?s=96&d=mm&r=g\",\"url\":\"https:\\\/\\\/secure.gravatar.com\\\/avatar\\\/a545bbb6f84efdd5553dbbc2895e3ca8f1d12c5215e00a041c9670b54aa9b18a?s=96&d=mm&r=g\",\"contentUrl\":\"https:\\\/\\\/secure.gravatar.com\\\/avatar\\\/a545bbb6f84efdd5553dbbc2895e3ca8f1d12c5215e00a041c9670b54aa9b18a?s=96&d=mm&r=g\",\"caption\":\"MC\"},\"url\":\"https:\\\/\\\/www.webdo.tn\\\/fr\\\/actualite\\\/author\\\/mc\\\/\"}]}<\/script>\n<!-- \/ Yoast SEO Premium plugin. -->","yoast_head_json":{"title":"L\u2019UE fait part de son inqui\u00e9tude suite aux arrestations d\u2019avocats et de journalistes","description":"Apr\u00e8s la France, qui a exprim\u00e9 sa pr\u00e9occupation suite \u00e0 l\u2019arrestation de l\u2019avocate et journaliste Sonia Dahmani, dans le contexte d\u2019autres arrestations et inter...","canonical":"https:\/\/www.webdo.tn\/fr\/actualite\/national\/l-ue-fait-part-de-son-inquietude-suite-aux-arrestations-d-avocats-et-de-journalistes\/214154\/","og_locale":"fr_FR","og_type":"article","og_title":"L\u2019UE fait part de son \"inqui\u00e9tude\" suite aux arrestations d\u2019avocats et de journalistes","og_description":"Apr\u00e8s la France, qui a exprim\u00e9 sa pr\u00e9occupation suite \u00e0 l\u2019arrestation de l\u2019avocate et journaliste Sonia Dahmani, dans le contexte d\u2019autres arrestations et inter...","og_url":"https:\/\/www.webdo.tn\/fr\/actualite\/national\/l-ue-fait-part-de-son-inquietude-suite-aux-arrestations-d-avocats-et-de-journalistes\/214154\/","og_site_name":"webdo","article_publisher":"https:\/\/www.facebook.com\/webdotn","article_published_time":"2024-05-14T15:30:00+00:00","article_modified_time":"2025-05-20T22:13:20+00:00","og_image":[{"width":750,"height":400,"url":"https:\/\/www.webdo.tn\/fr\/wp-content\/uploads\/2024\/05\/f59ea4c9e62389b852a1c732fc1a39a6.webp","type":"image\/webp"}],"author":"MC","twitter_card":"summary_large_image","twitter_creator":"@webdo_tn","twitter_site":"@webdo_tn","twitter_misc":{"\u00c9crit par":"MC","Dur\u00e9e de lecture estim\u00e9e":"1 minute"},"schema":{"@context":"https:\/\/schema.org","@graph":[{"@type":"NewsArticle","@id":"https:\/\/www.webdo.tn\/fr\/actualite\/national\/l-ue-fait-part-de-son-inquietude-suite-aux-arrestations-d-avocats-et-de-journalistes\/214154\/#article","isPartOf":{"@id":"https:\/\/www.webdo.tn\/fr\/actualite\/national\/l-ue-fait-part-de-son-inquietude-suite-aux-arrestations-d-avocats-et-de-journalistes\/214154\/"},"author":{"name":"MC","@id":"https:\/\/www.webdo.tn\/fr\/#\/schema\/person\/2c4929cbf5a809e3bd38617c6ce150f6"},"headline":"L\u2019UE fait part de son \u00ab\u00a0inqui\u00e9tude\u00a0\u00bb suite aux arrestations d\u2019avocats et de journalistes","datePublished":"2024-05-14T15:30:00+00:00","dateModified":"2025-05-20T22:13:20+00:00","mainEntityOfPage":{"@id":"https:\/\/www.webdo.tn\/fr\/actualite\/national\/l-ue-fait-part-de-son-inquietude-suite-aux-arrestations-d-avocats-et-de-journalistes\/214154\/"},"wordCount":258,"commentCount":0,"publisher":{"@id":"https:\/\/www.webdo.tn\/fr\/#organization"},"image":{"@id":"https:\/\/www.webdo.tn\/fr\/actualite\/national\/l-ue-fait-part-de-son-inquietude-suite-aux-arrestations-d-avocats-et-de-journalistes\/214154\/#primaryimage"},"thumbnailUrl":"https:\/\/www.webdo.tn\/fr\/wp-content\/uploads\/2024\/05\/f59ea4c9e62389b852a1c732fc1a39a6.webp","keywords":["borhen bssaies","france","mehdi zagrouba","Mourad Zghidi","sonia dahmani","Tunisie","UE","Union europ\u00e9enne"],"articleSection":["National"],"inLanguage":"fr-FR"},{"@type":"WebPage","@id":"https:\/\/www.webdo.tn\/fr\/actualite\/national\/l-ue-fait-part-de-son-inquietude-suite-aux-arrestations-d-avocats-et-de-journalistes\/214154\/","url":"https:\/\/www.webdo.tn\/fr\/actualite\/national\/l-ue-fait-part-de-son-inquietude-suite-aux-arrestations-d-avocats-et-de-journalistes\/214154\/","name":"L\u2019UE fait part de son inqui\u00e9tude suite aux arrestations d\u2019avocats et de journalistes","isPartOf":{"@id":"https:\/\/www.webdo.tn\/fr\/#website"},"primaryImageOfPage":{"@id":"https:\/\/www.webdo.tn\/fr\/actualite\/national\/l-ue-fait-part-de-son-inquietude-suite-aux-arrestations-d-avocats-et-de-journalistes\/214154\/#primaryimage"},"image":{"@id":"https:\/\/www.webdo.tn\/fr\/actualite\/national\/l-ue-fait-part-de-son-inquietude-suite-aux-arrestations-d-avocats-et-de-journalistes\/214154\/#primaryimage"},"thumbnailUrl":"https:\/\/www.webdo.tn\/fr\/wp-content\/uploads\/2024\/05\/f59ea4c9e62389b852a1c732fc1a39a6.webp","datePublished":"2024-05-14T15:30:00+00:00","dateModified":"2025-05-20T22:13:20+00:00","description":"Apr\u00e8s la France, qui a exprim\u00e9 sa pr\u00e9occupation suite \u00e0 l\u2019arrestation de l\u2019avocate et journaliste Sonia Dahmani, dans le contexte d\u2019autres arrestations et inter...","breadcrumb":{"@id":"https:\/\/www.webdo.tn\/fr\/actualite\/national\/l-ue-fait-part-de-son-inquietude-suite-aux-arrestations-d-avocats-et-de-journalistes\/214154\/#breadcrumb"},"inLanguage":"fr-FR","potentialAction":[{"@type":"ReadAction","target":["https:\/\/www.webdo.tn\/fr\/actualite\/national\/l-ue-fait-part-de-son-inquietude-suite-aux-arrestations-d-avocats-et-de-journalistes\/214154\/"]}]},{"@type":"ImageObject","inLanguage":"fr-FR","@id":"https:\/\/www.webdo.tn\/fr\/actualite\/national\/l-ue-fait-part-de-son-inquietude-suite-aux-arrestations-d-avocats-et-de-journalistes\/214154\/#primaryimage","url":"https:\/\/www.webdo.tn\/fr\/wp-content\/uploads\/2024\/05\/f59ea4c9e62389b852a1c732fc1a39a6.webp","contentUrl":"https:\/\/www.webdo.tn\/fr\/wp-content\/uploads\/2024\/05\/f59ea4c9e62389b852a1c732fc1a39a6.webp","width":750,"height":400,"caption":"L\u2019UE fait part de son \"inqui\u00e9tude\" suite aux arrestations d\u2019avocats et de journalistes"},{"@type":"BreadcrumbList","@id":"https:\/\/www.webdo.tn\/fr\/actualite\/national\/l-ue-fait-part-de-son-inquietude-suite-aux-arrestations-d-avocats-et-de-journalistes\/214154\/#breadcrumb","itemListElement":[{"@type":"ListItem","position":1,"name":"Accueil","item":"https:\/\/www.webdo.tn\/fr\/"},{"@type":"ListItem","position":2,"name":"L\u2019UE fait part de son \u00ab\u00a0inqui\u00e9tude\u00a0\u00bb suite aux arrestations d\u2019avocats et de journalistes"}]},{"@type":"WebSite","@id":"https:\/\/www.webdo.tn\/fr\/#website","url":"https:\/\/www.webdo.tn\/fr\/","name":"webdo","description":"Tunisie - News en Tunisie et \u00e0 l&#039;international sur Webdo.tn","publisher":{"@id":"https:\/\/www.webdo.tn\/fr\/#organization"},"potentialAction":[{"@type":"SearchAction","target":{"@type":"EntryPoint","urlTemplate":"https:\/\/www.webdo.tn\/fr\/?s={search_term_string}"},"query-input":{"@type":"PropertyValueSpecification","valueRequired":true,"valueName":"search_term_string"}}],"inLanguage":"fr-FR"},{"@type":"Organization","@id":"https:\/\/www.webdo.tn\/fr\/#organization","name":"Webdo","alternateName":"Webdo.tn","url":"https:\/\/www.webdo.tn\/fr\/","logo":{"@type":"ImageObject","inLanguage":"fr-FR","@id":"https:\/\/www.webdo.tn\/fr\/#\/schema\/logo\/image\/","url":"https:\/\/www.webdo.tn\/fr\/wp-content\/uploads\/2025\/06\/Webdo-Tunisie_168377.jpg","contentUrl":"https:\/\/www.webdo.tn\/fr\/wp-content\/uploads\/2025\/06\/Webdo-Tunisie_168377.jpg","width":301,"height":301,"caption":"Webdo"},"image":{"@id":"https:\/\/www.webdo.tn\/fr\/#\/schema\/logo\/image\/"},"sameAs":["https:\/\/www.facebook.com\/webdotn","https:\/\/x.com\/webdo_tn"],"description":"Webdo est un m\u00e9dia num\u00e9rique tunisien fond\u00e9 en 2010, sp\u00e9cialis\u00e9 dans l\u2019actualit\u00e9 nationale et internationale, l\u2019\u00e9conomie, la soci\u00e9t\u00e9 et les analyses politiques. Le site s\u2019adresse \u00e0 un large public francophone et couvre l\u2019information tunisienne en temps r\u00e9el.","email":"redac@webdo.tn","legalName":"YNJ SARL","foundingDate":"2010-09-06","numberOfEmployees":{"@type":"QuantitativeValue","minValue":"11","maxValue":"50"}},{"@type":"Person","@id":"https:\/\/www.webdo.tn\/fr\/#\/schema\/person\/2c4929cbf5a809e3bd38617c6ce150f6","name":"MC","image":{"@type":"ImageObject","inLanguage":"fr-FR","@id":"https:\/\/secure.gravatar.com\/avatar\/a545bbb6f84efdd5553dbbc2895e3ca8f1d12c5215e00a041c9670b54aa9b18a?s=96&d=mm&r=g","url":"https:\/\/secure.gravatar.com\/avatar\/a545bbb6f84efdd5553dbbc2895e3ca8f1d12c5215e00a041c9670b54aa9b18a?s=96&d=mm&r=g","contentUrl":"https:\/\/secure.gravatar.com\/avatar\/a545bbb6f84efdd5553dbbc2895e3ca8f1d12c5215e00a041c9670b54aa9b18a?s=96&d=mm&r=g","caption":"MC"},"url":"https:\/\/www.webdo.tn\/fr\/actualite\/author\/mc\/"}]}},"_links":{"self":[{"href":"https:\/\/www.webdo.tn\/fr\/wp-json\/wp\/v2\/posts\/214154","targetHints":{"allow":["GET"]}}],"collection":[{"href":"https:\/\/www.webdo.tn\/fr\/wp-json\/wp\/v2\/posts"}],"about":[{"href":"https:\/\/www.webdo.tn\/fr\/wp-json\/wp\/v2\/types\/post"}],"author":[{"embeddable":true,"href":"https:\/\/www.webdo.tn\/fr\/wp-json\/wp\/v2\/users\/3162"}],"replies":[{"embeddable":true,"href":"https:\/\/www.webdo.tn\/fr\/wp-json\/wp\/v2\/comments?post=214154"}],"version-history":[{"count":0,"href":"https:\/\/www.webdo.tn\/fr\/wp-json\/wp\/v2\/posts\/214154\/revisions"}],"wp:featuredmedia":[{"embeddable":true,"href":"https:\/\/www.webdo.tn\/fr\/wp-json\/wp\/v2\/media\/290589"}],"wp:attachment":[{"href":"https:\/\/www.webdo.tn\/fr\/wp-json\/wp\/v2\/media?parent=214154"}],"wp:term":[{"taxonomy":"category","embeddable":true,"href":"https:\/\/www.webdo.tn\/fr\/wp-json\/wp\/v2\/categories?post=214154"},{"taxonomy":"post_tag","embeddable":true,"href":"https:\/\/www.webdo.tn\/fr\/wp-json\/wp\/v2\/tags?post=214154"}],"curies":[{"name":"wp","href":"https:\/\/api.w.org\/{rel}","templated":true}]}}