{"id":214149,"date":"2024-05-14T13:13:00","date_gmt":"2024-05-14T13:13:00","guid":{"rendered":"https:\/\/www.webdo.tn\/fr\/blog\/tunisie-le-batonnier-appelle-le-president-de-la-republique-a-intervenir-en-urgence\/214149\/"},"modified":"2025-05-20T22:13:20","modified_gmt":"2025-05-20T22:13:20","slug":"tunisie-le-batonnier-appelle-le-president-de-la-republique-a-intervenir-en-urgence","status":"publish","type":"post","link":"https:\/\/www.webdo.tn\/fr\/actualite\/national\/tunisie-le-batonnier-appelle-le-president-de-la-republique-a-intervenir-en-urgence\/214149\/","title":{"rendered":"Tunisie : Le B\u00e2tonnier appelle le pr\u00e9sident de la R\u00e9publique \u00e0 intervenir en urgence"},"content":{"rendered":"<p>Le B\u00e2tonnier, Hatem Mziou a appel\u00e9, lors d\u2019une conf\u00e9rence de presse, qui s\u2019est tenue aujourd\u2019hui, le pr\u00e9sident de la R\u00e9publique Kais Saied \u00e0 intervenir d\u2019urgence pour remettre les choses en place.<\/p>\n<p>\t\t\t\t\t\t\t\t\tLors d&rsquo;une conf\u00e9rence de presse tenue ce mardi 14 mai 2024, le B\u00e2tonnier des avocats, Hatem Mziou, a adress\u00e9 un message au pr\u00e9sident de la R\u00e9publique, Kais Saied, dans lequel il l&rsquo;a appel\u00e9 \u00e0 intervenir d&rsquo;urgence pour remettre les choses en ordre et afin de \u00ab\u00a0revenir \u00e0 la normale\u00a0\u00bb, a-t-il dit.<\/p>\n<p>Hatem Mziou a d\u00e9clar\u00e9 dans ce contexte : \u00ab\u00a0Nous n&rsquo;avons aucun probl\u00e8me avec le pr\u00e9sident de la R\u00e9publique, et il m&rsquo;a d\u00e9j\u00e0 assur\u00e9 de son respect pour notre secteur lors de notre derni\u00e8re r\u00e9union. Aujourd&rsquo;hui, nous lui demandons d&rsquo;intervenir d&rsquo;urgence pour remettre les choses en ordre. Nous rejetons les punitions collectives et soutenons un proc\u00e8s \u00e9quitable sans recours \u00e0 la force (\u2026)\u00a0\u00bb.<\/p>\n<p>Sur fonds d\u2019assaut contre la Maison de l\u2019Avocat, Hatem Mziou a notamment soulign\u00e9 que \u00ab\u00a0ce qui s\u2019est pass\u00e9 est inacceptable\u00a0\u00bb, rappelant que les avocats n\u2019ont jamais dit qu\u2019ils \u00e9taient contre l\u2019Etat\u00a0\u00bb. \u00ab\u00a0Nous sommes pour un \u00c9tat qui respecte la loi et les institutions et nous appelons \u00e0 une justice ind\u00e9pendante\u00a0\u00bb, a-t-il notamment d\u00e9clar\u00e9.<\/p>\n<p>Il a ajout\u00e9 que \u00ab\u00a0les avocats ne tomberont pas dans le pi\u00e8ge de l\u2019instrumentalisation et refusent de l\u2019\u00eatre dans des conflits politiques comme ils refusent de se diriger vers l\u2019escalade\u00a0\u00bb, soulignant qu\u2019il s\u2019agit d\u2019un tournant historique (\u2026)\u00a0\u00bb.<\/p>\n<p>\u00ab\u00a0Chaque personne qui a commis une violation de la loi doit en assumer la responsabilit\u00e9 devant une justice ind\u00e9pendante, sans usage de la force et dans le respect des droits et des libert\u00e9s\u00a0\u00bb, a-t-il.<\/p>\n<p>Il a enfin soulign\u00e9 que les avocats d\u00e9fendront leurs confr\u00e8res, les journalistes et les syndicalistes, qui ont droit \u00e0 une justice \u00e9quitable.<\/p>\n<p>Hier soir, le b\u00e2tonnier a condamn\u00e9 l&rsquo;assaut contre la maison de l&rsquo;avocat et l&rsquo;arrestation de Mehdi Zagrouba, d\u00e9clarant un deuil dans la profession et qualifiant ces actes d&rsquo;escalade grave.<\/p>\n<p>Tard dans la soir\u00e9e de lundi 13 mai, les forces de l&rsquo;ordre ont effectu\u00e9 une nouvelle descente dans la Maison de l&rsquo;Avocat et proc\u00e9d\u00e9 \u00e0 au moins une arrestation, celle de Mehdi Zagrouba, sur plainte du juge d&rsquo;instruction lundi soir. Plus t\u00f4t dans la journ\u00e9e, ce m\u00eame juge avait \u00e9mis un mandat de d\u00e9p\u00f4t \u00e0 l&rsquo;encontre de Sonia Dahmani.<\/p>\n<p>C&rsquo;est la deuxi\u00e8me fois en 48 heures que la Maison de l&rsquo;Avocat est prise d&rsquo;assaut par les forces de l&rsquo;ordre. Samedi 11 mai, l&rsquo;avocate et chroniqueuse Sonia Dahmani a \u00e9t\u00e9 arr\u00eat\u00e9e par des unit\u00e9s de s\u00e9curit\u00e9 cagoul\u00e9es qui ont p\u00e9n\u00e9tr\u00e9 dans la Maison de l&rsquo;Avocat o\u00f9 elle s&rsquo;\u00e9tait r\u00e9fugi\u00e9e. Son interpellation violente a \u00e9t\u00e9 film\u00e9e en direct par France 24.<\/p>\n","protected":false},"excerpt":{"rendered":"<p>Lors d&rsquo;une conf\u00e9rence de presse tenue ce mardi 14 mai 2024, le B\u00e2tonnier des avocats, Hatem Mziou, a adress\u00e9 un message au pr\u00e9sident de la R\u00e9publique, Kais Saie&#8230;<\/p>\n","protected":false},"author":3162,"featured_media":290588,"comment_status":"open","ping_status":"closed","sticky":false,"template":"","format":"standard","meta":{"footnotes":""},"categories":[44],"tags":[10173,4962,6508,5693,2608],"class_list":["post-214149","post","type-post","status-publish","format-standard","has-post-thumbnail","hentry","category-national","tag-batonnier","tag-avocats","tag-hatem-mziou","tag-onat","tag-tunisie"],"yoast_head":"<!-- This site is optimized with the Yoast SEO Premium plugin v27.4 (Yoast SEO v27.5) - https:\/\/yoast.com\/product\/yoast-seo-premium-wordpress\/ -->\n<title>Tunisie : Le B\u00e2tonnier appelle le pr\u00e9sident de la R\u00e9publique \u00e0 intervenir en urgence<\/title>\n<meta name=\"description\" content=\"Lors d&#039;une conf\u00e9rence de presse tenue ce mardi 14 mai 2024, le B\u00e2tonnier des avocats, Hatem Mziou, a adress\u00e9 un message au pr\u00e9sident de la R\u00e9publique, Kais Saie...\" \/>\n<link rel=\"canonical\" href=\"https:\/\/www.webdo.tn\/fr\/actualite\/national\/tunisie-le-batonnier-appelle-le-president-de-la-republique-a-intervenir-en-urgence\/214149\/\" \/>\n<meta property=\"og:locale\" content=\"fr_FR\" \/>\n<meta property=\"og:type\" content=\"article\" \/>\n<meta property=\"og:title\" content=\"Tunisie : Le B\u00e2tonnier appelle le pr\u00e9sident de la R\u00e9publique \u00e0 intervenir en urgence\" \/>\n<meta property=\"og:description\" content=\"Lors d&#039;une conf\u00e9rence de presse tenue ce mardi 14 mai 2024, le B\u00e2tonnier des avocats, Hatem Mziou, a adress\u00e9 un message au pr\u00e9sident de la R\u00e9publique, Kais Saie...\" \/>\n<meta property=\"og:url\" content=\"https:\/\/www.webdo.tn\/fr\/actualite\/national\/tunisie-le-batonnier-appelle-le-president-de-la-republique-a-intervenir-en-urgence\/214149\/\" \/>\n<meta property=\"og:site_name\" content=\"webdo\" \/>\n<meta property=\"article:publisher\" content=\"https:\/\/www.facebook.com\/webdotn\" \/>\n<meta property=\"article:published_time\" content=\"2024-05-14T13:13:00+00:00\" \/>\n<meta property=\"article:modified_time\" content=\"2025-05-20T22:13:20+00:00\" \/>\n<meta property=\"og:image\" content=\"https:\/\/www.webdo.tn\/fr\/wp-content\/uploads\/2024\/05\/ee01ec1fedce0e1c78d2d1616ef984ff.webp\" \/>\n\t<meta property=\"og:image:width\" content=\"750\" \/>\n\t<meta property=\"og:image:height\" content=\"400\" \/>\n\t<meta property=\"og:image:type\" content=\"image\/webp\" \/>\n<meta name=\"author\" content=\"MC\" \/>\n<meta name=\"twitter:card\" content=\"summary_large_image\" \/>\n<meta name=\"twitter:creator\" content=\"@webdo_tn\" \/>\n<meta name=\"twitter:site\" content=\"@webdo_tn\" \/>\n<meta name=\"twitter:label1\" content=\"\u00c9crit par\" \/>\n\t<meta name=\"twitter:data1\" content=\"MC\" \/>\n\t<meta name=\"twitter:label2\" content=\"Dur\u00e9e de lecture estim\u00e9e\" \/>\n\t<meta name=\"twitter:data2\" content=\"2 minutes\" \/>\n<script type=\"application\/ld+json\" class=\"yoast-schema-graph\">{\"@context\":\"https:\\\/\\\/schema.org\",\"@graph\":[{\"@type\":\"NewsArticle\",\"@id\":\"https:\\\/\\\/www.webdo.tn\\\/fr\\\/actualite\\\/national\\\/tunisie-le-batonnier-appelle-le-president-de-la-republique-a-intervenir-en-urgence\\\/214149\\\/#article\",\"isPartOf\":{\"@id\":\"https:\\\/\\\/www.webdo.tn\\\/fr\\\/actualite\\\/national\\\/tunisie-le-batonnier-appelle-le-president-de-la-republique-a-intervenir-en-urgence\\\/214149\\\/\"},\"author\":{\"name\":\"MC\",\"@id\":\"https:\\\/\\\/www.webdo.tn\\\/fr\\\/#\\\/schema\\\/person\\\/2c4929cbf5a809e3bd38617c6ce150f6\"},\"headline\":\"Tunisie : Le B\u00e2tonnier appelle le pr\u00e9sident de la R\u00e9publique \u00e0 intervenir en urgence\",\"datePublished\":\"2024-05-14T13:13:00+00:00\",\"dateModified\":\"2025-05-20T22:13:20+00:00\",\"mainEntityOfPage\":{\"@id\":\"https:\\\/\\\/www.webdo.tn\\\/fr\\\/actualite\\\/national\\\/tunisie-le-batonnier-appelle-le-president-de-la-republique-a-intervenir-en-urgence\\\/214149\\\/\"},\"wordCount\":518,\"commentCount\":0,\"publisher\":{\"@id\":\"https:\\\/\\\/www.webdo.tn\\\/fr\\\/#organization\"},\"image\":{\"@id\":\"https:\\\/\\\/www.webdo.tn\\\/fr\\\/actualite\\\/national\\\/tunisie-le-batonnier-appelle-le-president-de-la-republique-a-intervenir-en-urgence\\\/214149\\\/#primaryimage\"},\"thumbnailUrl\":\"https:\\\/\\\/www.webdo.tn\\\/fr\\\/wp-content\\\/uploads\\\/2024\\\/05\\\/ee01ec1fedce0e1c78d2d1616ef984ff.webp\",\"keywords\":[\"'b\u00e2tonnier']\",\"avocats\",\"hatem mziou\",\"onat\",\"Tunisie\"],\"articleSection\":[\"National\"],\"inLanguage\":\"fr-FR\"},{\"@type\":\"WebPage\",\"@id\":\"https:\\\/\\\/www.webdo.tn\\\/fr\\\/actualite\\\/national\\\/tunisie-le-batonnier-appelle-le-president-de-la-republique-a-intervenir-en-urgence\\\/214149\\\/\",\"url\":\"https:\\\/\\\/www.webdo.tn\\\/fr\\\/actualite\\\/national\\\/tunisie-le-batonnier-appelle-le-president-de-la-republique-a-intervenir-en-urgence\\\/214149\\\/\",\"name\":\"Tunisie : Le B\u00e2tonnier appelle le pr\u00e9sident de la R\u00e9publique \u00e0 intervenir en urgence\",\"isPartOf\":{\"@id\":\"https:\\\/\\\/www.webdo.tn\\\/fr\\\/#website\"},\"primaryImageOfPage\":{\"@id\":\"https:\\\/\\\/www.webdo.tn\\\/fr\\\/actualite\\\/national\\\/tunisie-le-batonnier-appelle-le-president-de-la-republique-a-intervenir-en-urgence\\\/214149\\\/#primaryimage\"},\"image\":{\"@id\":\"https:\\\/\\\/www.webdo.tn\\\/fr\\\/actualite\\\/national\\\/tunisie-le-batonnier-appelle-le-president-de-la-republique-a-intervenir-en-urgence\\\/214149\\\/#primaryimage\"},\"thumbnailUrl\":\"https:\\\/\\\/www.webdo.tn\\\/fr\\\/wp-content\\\/uploads\\\/2024\\\/05\\\/ee01ec1fedce0e1c78d2d1616ef984ff.webp\",\"datePublished\":\"2024-05-14T13:13:00+00:00\",\"dateModified\":\"2025-05-20T22:13:20+00:00\",\"description\":\"Lors d'une conf\u00e9rence de presse tenue ce mardi 14 mai 2024, le B\u00e2tonnier des avocats, Hatem Mziou, a adress\u00e9 un message au pr\u00e9sident de la R\u00e9publique, Kais Saie...\",\"breadcrumb\":{\"@id\":\"https:\\\/\\\/www.webdo.tn\\\/fr\\\/actualite\\\/national\\\/tunisie-le-batonnier-appelle-le-president-de-la-republique-a-intervenir-en-urgence\\\/214149\\\/#breadcrumb\"},\"inLanguage\":\"fr-FR\",\"potentialAction\":[{\"@type\":\"ReadAction\",\"target\":[\"https:\\\/\\\/www.webdo.tn\\\/fr\\\/actualite\\\/national\\\/tunisie-le-batonnier-appelle-le-president-de-la-republique-a-intervenir-en-urgence\\\/214149\\\/\"]}]},{\"@type\":\"ImageObject\",\"inLanguage\":\"fr-FR\",\"@id\":\"https:\\\/\\\/www.webdo.tn\\\/fr\\\/actualite\\\/national\\\/tunisie-le-batonnier-appelle-le-president-de-la-republique-a-intervenir-en-urgence\\\/214149\\\/#primaryimage\",\"url\":\"https:\\\/\\\/www.webdo.tn\\\/fr\\\/wp-content\\\/uploads\\\/2024\\\/05\\\/ee01ec1fedce0e1c78d2d1616ef984ff.webp\",\"contentUrl\":\"https:\\\/\\\/www.webdo.tn\\\/fr\\\/wp-content\\\/uploads\\\/2024\\\/05\\\/ee01ec1fedce0e1c78d2d1616ef984ff.webp\",\"width\":750,\"height\":400,\"caption\":\"Tunisie : Le B\u00e2tonnier appelle le pr\u00e9sident de la R\u00e9publique \u00e0 intervenir en urgence\"},{\"@type\":\"BreadcrumbList\",\"@id\":\"https:\\\/\\\/www.webdo.tn\\\/fr\\\/actualite\\\/national\\\/tunisie-le-batonnier-appelle-le-president-de-la-republique-a-intervenir-en-urgence\\\/214149\\\/#breadcrumb\",\"itemListElement\":[{\"@type\":\"ListItem\",\"position\":1,\"name\":\"Accueil\",\"item\":\"https:\\\/\\\/www.webdo.tn\\\/fr\\\/\"},{\"@type\":\"ListItem\",\"position\":2,\"name\":\"Tunisie : Le B\u00e2tonnier appelle le pr\u00e9sident de la R\u00e9publique \u00e0 intervenir en urgence\"}]},{\"@type\":\"WebSite\",\"@id\":\"https:\\\/\\\/www.webdo.tn\\\/fr\\\/#website\",\"url\":\"https:\\\/\\\/www.webdo.tn\\\/fr\\\/\",\"name\":\"webdo\",\"description\":\"Tunisie - News en Tunisie et \u00e0 l&#039;international sur Webdo.tn\",\"publisher\":{\"@id\":\"https:\\\/\\\/www.webdo.tn\\\/fr\\\/#organization\"},\"potentialAction\":[{\"@type\":\"SearchAction\",\"target\":{\"@type\":\"EntryPoint\",\"urlTemplate\":\"https:\\\/\\\/www.webdo.tn\\\/fr\\\/?s={search_term_string}\"},\"query-input\":{\"@type\":\"PropertyValueSpecification\",\"valueRequired\":true,\"valueName\":\"search_term_string\"}}],\"inLanguage\":\"fr-FR\"},{\"@type\":\"Organization\",\"@id\":\"https:\\\/\\\/www.webdo.tn\\\/fr\\\/#organization\",\"name\":\"Webdo\",\"alternateName\":\"Webdo.tn\",\"url\":\"https:\\\/\\\/www.webdo.tn\\\/fr\\\/\",\"logo\":{\"@type\":\"ImageObject\",\"inLanguage\":\"fr-FR\",\"@id\":\"https:\\\/\\\/www.webdo.tn\\\/fr\\\/#\\\/schema\\\/logo\\\/image\\\/\",\"url\":\"https:\\\/\\\/www.webdo.tn\\\/fr\\\/wp-content\\\/uploads\\\/2025\\\/06\\\/Webdo-Tunisie_168377.jpg\",\"contentUrl\":\"https:\\\/\\\/www.webdo.tn\\\/fr\\\/wp-content\\\/uploads\\\/2025\\\/06\\\/Webdo-Tunisie_168377.jpg\",\"width\":301,\"height\":301,\"caption\":\"Webdo\"},\"image\":{\"@id\":\"https:\\\/\\\/www.webdo.tn\\\/fr\\\/#\\\/schema\\\/logo\\\/image\\\/\"},\"sameAs\":[\"https:\\\/\\\/www.facebook.com\\\/webdotn\",\"https:\\\/\\\/x.com\\\/webdo_tn\"],\"description\":\"Webdo est un m\u00e9dia num\u00e9rique tunisien fond\u00e9 en 2010, sp\u00e9cialis\u00e9 dans l\u2019actualit\u00e9 nationale et internationale, l\u2019\u00e9conomie, la soci\u00e9t\u00e9 et les analyses politiques. Le site s\u2019adresse \u00e0 un large public francophone et couvre l\u2019information tunisienne en temps r\u00e9el.\",\"email\":\"redac@webdo.tn\",\"legalName\":\"YNJ SARL\",\"foundingDate\":\"2010-09-06\",\"numberOfEmployees\":{\"@type\":\"QuantitativeValue\",\"minValue\":\"11\",\"maxValue\":\"50\"}},{\"@type\":\"Person\",\"@id\":\"https:\\\/\\\/www.webdo.tn\\\/fr\\\/#\\\/schema\\\/person\\\/2c4929cbf5a809e3bd38617c6ce150f6\",\"name\":\"MC\",\"image\":{\"@type\":\"ImageObject\",\"inLanguage\":\"fr-FR\",\"@id\":\"https:\\\/\\\/secure.gravatar.com\\\/avatar\\\/a545bbb6f84efdd5553dbbc2895e3ca8f1d12c5215e00a041c9670b54aa9b18a?s=96&d=mm&r=g\",\"url\":\"https:\\\/\\\/secure.gravatar.com\\\/avatar\\\/a545bbb6f84efdd5553dbbc2895e3ca8f1d12c5215e00a041c9670b54aa9b18a?s=96&d=mm&r=g\",\"contentUrl\":\"https:\\\/\\\/secure.gravatar.com\\\/avatar\\\/a545bbb6f84efdd5553dbbc2895e3ca8f1d12c5215e00a041c9670b54aa9b18a?s=96&d=mm&r=g\",\"caption\":\"MC\"},\"url\":\"https:\\\/\\\/www.webdo.tn\\\/fr\\\/actualite\\\/author\\\/mc\\\/\"}]}<\/script>\n<!-- \/ Yoast SEO Premium plugin. -->","yoast_head_json":{"title":"Tunisie : Le B\u00e2tonnier appelle le pr\u00e9sident de la R\u00e9publique \u00e0 intervenir en urgence","description":"Lors d'une conf\u00e9rence de presse tenue ce mardi 14 mai 2024, le B\u00e2tonnier des avocats, Hatem Mziou, a adress\u00e9 un message au pr\u00e9sident de la R\u00e9publique, Kais Saie...","canonical":"https:\/\/www.webdo.tn\/fr\/actualite\/national\/tunisie-le-batonnier-appelle-le-president-de-la-republique-a-intervenir-en-urgence\/214149\/","og_locale":"fr_FR","og_type":"article","og_title":"Tunisie : Le B\u00e2tonnier appelle le pr\u00e9sident de la R\u00e9publique \u00e0 intervenir en urgence","og_description":"Lors d'une conf\u00e9rence de presse tenue ce mardi 14 mai 2024, le B\u00e2tonnier des avocats, Hatem Mziou, a adress\u00e9 un message au pr\u00e9sident de la R\u00e9publique, Kais Saie...","og_url":"https:\/\/www.webdo.tn\/fr\/actualite\/national\/tunisie-le-batonnier-appelle-le-president-de-la-republique-a-intervenir-en-urgence\/214149\/","og_site_name":"webdo","article_publisher":"https:\/\/www.facebook.com\/webdotn","article_published_time":"2024-05-14T13:13:00+00:00","article_modified_time":"2025-05-20T22:13:20+00:00","og_image":[{"width":750,"height":400,"url":"https:\/\/www.webdo.tn\/fr\/wp-content\/uploads\/2024\/05\/ee01ec1fedce0e1c78d2d1616ef984ff.webp","type":"image\/webp"}],"author":"MC","twitter_card":"summary_large_image","twitter_creator":"@webdo_tn","twitter_site":"@webdo_tn","twitter_misc":{"\u00c9crit par":"MC","Dur\u00e9e de lecture estim\u00e9e":"2 minutes"},"schema":{"@context":"https:\/\/schema.org","@graph":[{"@type":"NewsArticle","@id":"https:\/\/www.webdo.tn\/fr\/actualite\/national\/tunisie-le-batonnier-appelle-le-president-de-la-republique-a-intervenir-en-urgence\/214149\/#article","isPartOf":{"@id":"https:\/\/www.webdo.tn\/fr\/actualite\/national\/tunisie-le-batonnier-appelle-le-president-de-la-republique-a-intervenir-en-urgence\/214149\/"},"author":{"name":"MC","@id":"https:\/\/www.webdo.tn\/fr\/#\/schema\/person\/2c4929cbf5a809e3bd38617c6ce150f6"},"headline":"Tunisie : Le B\u00e2tonnier appelle le pr\u00e9sident de la R\u00e9publique \u00e0 intervenir en urgence","datePublished":"2024-05-14T13:13:00+00:00","dateModified":"2025-05-20T22:13:20+00:00","mainEntityOfPage":{"@id":"https:\/\/www.webdo.tn\/fr\/actualite\/national\/tunisie-le-batonnier-appelle-le-president-de-la-republique-a-intervenir-en-urgence\/214149\/"},"wordCount":518,"commentCount":0,"publisher":{"@id":"https:\/\/www.webdo.tn\/fr\/#organization"},"image":{"@id":"https:\/\/www.webdo.tn\/fr\/actualite\/national\/tunisie-le-batonnier-appelle-le-president-de-la-republique-a-intervenir-en-urgence\/214149\/#primaryimage"},"thumbnailUrl":"https:\/\/www.webdo.tn\/fr\/wp-content\/uploads\/2024\/05\/ee01ec1fedce0e1c78d2d1616ef984ff.webp","keywords":["'b\u00e2tonnier']","avocats","hatem mziou","onat","Tunisie"],"articleSection":["National"],"inLanguage":"fr-FR"},{"@type":"WebPage","@id":"https:\/\/www.webdo.tn\/fr\/actualite\/national\/tunisie-le-batonnier-appelle-le-president-de-la-republique-a-intervenir-en-urgence\/214149\/","url":"https:\/\/www.webdo.tn\/fr\/actualite\/national\/tunisie-le-batonnier-appelle-le-president-de-la-republique-a-intervenir-en-urgence\/214149\/","name":"Tunisie : Le B\u00e2tonnier appelle le pr\u00e9sident de la R\u00e9publique \u00e0 intervenir en urgence","isPartOf":{"@id":"https:\/\/www.webdo.tn\/fr\/#website"},"primaryImageOfPage":{"@id":"https:\/\/www.webdo.tn\/fr\/actualite\/national\/tunisie-le-batonnier-appelle-le-president-de-la-republique-a-intervenir-en-urgence\/214149\/#primaryimage"},"image":{"@id":"https:\/\/www.webdo.tn\/fr\/actualite\/national\/tunisie-le-batonnier-appelle-le-president-de-la-republique-a-intervenir-en-urgence\/214149\/#primaryimage"},"thumbnailUrl":"https:\/\/www.webdo.tn\/fr\/wp-content\/uploads\/2024\/05\/ee01ec1fedce0e1c78d2d1616ef984ff.webp","datePublished":"2024-05-14T13:13:00+00:00","dateModified":"2025-05-20T22:13:20+00:00","description":"Lors d'une conf\u00e9rence de presse tenue ce mardi 14 mai 2024, le B\u00e2tonnier des avocats, Hatem Mziou, a adress\u00e9 un message au pr\u00e9sident de la R\u00e9publique, Kais Saie...","breadcrumb":{"@id":"https:\/\/www.webdo.tn\/fr\/actualite\/national\/tunisie-le-batonnier-appelle-le-president-de-la-republique-a-intervenir-en-urgence\/214149\/#breadcrumb"},"inLanguage":"fr-FR","potentialAction":[{"@type":"ReadAction","target":["https:\/\/www.webdo.tn\/fr\/actualite\/national\/tunisie-le-batonnier-appelle-le-president-de-la-republique-a-intervenir-en-urgence\/214149\/"]}]},{"@type":"ImageObject","inLanguage":"fr-FR","@id":"https:\/\/www.webdo.tn\/fr\/actualite\/national\/tunisie-le-batonnier-appelle-le-president-de-la-republique-a-intervenir-en-urgence\/214149\/#primaryimage","url":"https:\/\/www.webdo.tn\/fr\/wp-content\/uploads\/2024\/05\/ee01ec1fedce0e1c78d2d1616ef984ff.webp","contentUrl":"https:\/\/www.webdo.tn\/fr\/wp-content\/uploads\/2024\/05\/ee01ec1fedce0e1c78d2d1616ef984ff.webp","width":750,"height":400,"caption":"Tunisie : Le B\u00e2tonnier appelle le pr\u00e9sident de la R\u00e9publique \u00e0 intervenir en urgence"},{"@type":"BreadcrumbList","@id":"https:\/\/www.webdo.tn\/fr\/actualite\/national\/tunisie-le-batonnier-appelle-le-president-de-la-republique-a-intervenir-en-urgence\/214149\/#breadcrumb","itemListElement":[{"@type":"ListItem","position":1,"name":"Accueil","item":"https:\/\/www.webdo.tn\/fr\/"},{"@type":"ListItem","position":2,"name":"Tunisie : Le B\u00e2tonnier appelle le pr\u00e9sident de la R\u00e9publique \u00e0 intervenir en urgence"}]},{"@type":"WebSite","@id":"https:\/\/www.webdo.tn\/fr\/#website","url":"https:\/\/www.webdo.tn\/fr\/","name":"webdo","description":"Tunisie - News en Tunisie et \u00e0 l&#039;international sur Webdo.tn","publisher":{"@id":"https:\/\/www.webdo.tn\/fr\/#organization"},"potentialAction":[{"@type":"SearchAction","target":{"@type":"EntryPoint","urlTemplate":"https:\/\/www.webdo.tn\/fr\/?s={search_term_string}"},"query-input":{"@type":"PropertyValueSpecification","valueRequired":true,"valueName":"search_term_string"}}],"inLanguage":"fr-FR"},{"@type":"Organization","@id":"https:\/\/www.webdo.tn\/fr\/#organization","name":"Webdo","alternateName":"Webdo.tn","url":"https:\/\/www.webdo.tn\/fr\/","logo":{"@type":"ImageObject","inLanguage":"fr-FR","@id":"https:\/\/www.webdo.tn\/fr\/#\/schema\/logo\/image\/","url":"https:\/\/www.webdo.tn\/fr\/wp-content\/uploads\/2025\/06\/Webdo-Tunisie_168377.jpg","contentUrl":"https:\/\/www.webdo.tn\/fr\/wp-content\/uploads\/2025\/06\/Webdo-Tunisie_168377.jpg","width":301,"height":301,"caption":"Webdo"},"image":{"@id":"https:\/\/www.webdo.tn\/fr\/#\/schema\/logo\/image\/"},"sameAs":["https:\/\/www.facebook.com\/webdotn","https:\/\/x.com\/webdo_tn"],"description":"Webdo est un m\u00e9dia num\u00e9rique tunisien fond\u00e9 en 2010, sp\u00e9cialis\u00e9 dans l\u2019actualit\u00e9 nationale et internationale, l\u2019\u00e9conomie, la soci\u00e9t\u00e9 et les analyses politiques. Le site s\u2019adresse \u00e0 un large public francophone et couvre l\u2019information tunisienne en temps r\u00e9el.","email":"redac@webdo.tn","legalName":"YNJ SARL","foundingDate":"2010-09-06","numberOfEmployees":{"@type":"QuantitativeValue","minValue":"11","maxValue":"50"}},{"@type":"Person","@id":"https:\/\/www.webdo.tn\/fr\/#\/schema\/person\/2c4929cbf5a809e3bd38617c6ce150f6","name":"MC","image":{"@type":"ImageObject","inLanguage":"fr-FR","@id":"https:\/\/secure.gravatar.com\/avatar\/a545bbb6f84efdd5553dbbc2895e3ca8f1d12c5215e00a041c9670b54aa9b18a?s=96&d=mm&r=g","url":"https:\/\/secure.gravatar.com\/avatar\/a545bbb6f84efdd5553dbbc2895e3ca8f1d12c5215e00a041c9670b54aa9b18a?s=96&d=mm&r=g","contentUrl":"https:\/\/secure.gravatar.com\/avatar\/a545bbb6f84efdd5553dbbc2895e3ca8f1d12c5215e00a041c9670b54aa9b18a?s=96&d=mm&r=g","caption":"MC"},"url":"https:\/\/www.webdo.tn\/fr\/actualite\/author\/mc\/"}]}},"_links":{"self":[{"href":"https:\/\/www.webdo.tn\/fr\/wp-json\/wp\/v2\/posts\/214149","targetHints":{"allow":["GET"]}}],"collection":[{"href":"https:\/\/www.webdo.tn\/fr\/wp-json\/wp\/v2\/posts"}],"about":[{"href":"https:\/\/www.webdo.tn\/fr\/wp-json\/wp\/v2\/types\/post"}],"author":[{"embeddable":true,"href":"https:\/\/www.webdo.tn\/fr\/wp-json\/wp\/v2\/users\/3162"}],"replies":[{"embeddable":true,"href":"https:\/\/www.webdo.tn\/fr\/wp-json\/wp\/v2\/comments?post=214149"}],"version-history":[{"count":0,"href":"https:\/\/www.webdo.tn\/fr\/wp-json\/wp\/v2\/posts\/214149\/revisions"}],"wp:featuredmedia":[{"embeddable":true,"href":"https:\/\/www.webdo.tn\/fr\/wp-json\/wp\/v2\/media\/290588"}],"wp:attachment":[{"href":"https:\/\/www.webdo.tn\/fr\/wp-json\/wp\/v2\/media?parent=214149"}],"wp:term":[{"taxonomy":"category","embeddable":true,"href":"https:\/\/www.webdo.tn\/fr\/wp-json\/wp\/v2\/categories?post=214149"},{"taxonomy":"post_tag","embeddable":true,"href":"https:\/\/www.webdo.tn\/fr\/wp-json\/wp\/v2\/tags?post=214149"}],"curies":[{"name":"wp","href":"https:\/\/api.w.org\/{rel}","templated":true}]}}