{"id":214137,"date":"2024-05-13T22:21:00","date_gmt":"2024-05-13T22:21:00","guid":{"rendered":"https:\/\/www.webdo.tn\/fr\/blog\/arrestation-de-mtre-zagrouba-a-la-maison-de-l-avocat\/214137\/"},"modified":"2025-05-20T22:31:49","modified_gmt":"2025-05-20T22:31:49","slug":"arrestation-de-mtre-zagrouba-a-la-maison-de-l-avocat","status":"publish","type":"post","link":"https:\/\/www.webdo.tn\/fr\/actualite\/national\/arrestation-de-mtre-zagrouba-a-la-maison-de-l-avocat\/214137\/","title":{"rendered":"Arrestation de Ma\u00eetre Zagrouba \u00e0 la Maison de l&rsquo;Avocat"},"content":{"rendered":"<p>Une unit\u00e9 s\u00e9curitaire a lanc\u00e9 une op\u00e9ration ce lundi 13 mai 2024 pour appr\u00e9hender l&rsquo;avocat Mehdi Zagrouba \u00e0 la Maison de l&rsquo;Avocat, suscitant une nouvelle vague de tensions. Selon une vid\u00e9o diffus\u00e9e par TnMedia, les cris des avocats r\u00e9sonnaient et les forces de l&rsquo;ordre ordonnaient aux pr\u00e9sents d&rsquo;\u00e9teindre leurs t\u00e9l\u00e9phones.<\/p>\n<p>\t\t\t\t\t\t\t\t\tUne unit\u00e9 s\u00e9curitaire a lanc\u00e9 une op\u00e9ration ce lundi 13 mai 2024 pour appr\u00e9hender l&rsquo;avocat Mehdi Zagrouba \u00e0 la Maison de l&rsquo;Avocat, suscitant une nouvelle vague de tensions. Selon une vid\u00e9o diffus\u00e9e par TnMedia, les cris des avocats r\u00e9sonnaient et les forces de l&rsquo;ordre ordonnaient aux pr\u00e9sents d&rsquo;\u00e9teindre leurs t\u00e9l\u00e9phones.<\/p>\n<p>L&rsquo;avocate Kalthoum Kennou, pr\u00e9sente sur les lieux, a rapport\u00e9 que Mehdi Zagrouba a \u00e9t\u00e9 attaqu\u00e9 par un groupe d&rsquo;une quinzaine d&rsquo;hommes qui l&rsquo;ont tra\u00een\u00e9 au sol et ont commenc\u00e9 \u00e0 le d\u00e9shabiller. Quelques instants plus tard, ils sont revenus pour tout saccager dans la pi\u00e8ce, cr\u00e9ant ainsi une sc\u00e8ne surr\u00e9aliste.<\/p>\n<p>D&rsquo;autre part, selon Mosaique FM, une enqu\u00eate a \u00e9t\u00e9 ouverte \u00e0 l&rsquo;encontre de l&rsquo;avocat Mahdi Zakrouba et d&rsquo;un autre avocat pour avoir publi\u00e9 une vid\u00e9o sur Facebook en lien avec un incident qui s&rsquo;est produit au sein du tribunal de premi\u00e8re instance de Tunis lundi.<\/p>\n","protected":false},"excerpt":{"rendered":"<p>Une unit\u00e9 s\u00e9curitaire a lanc\u00e9 une op\u00e9ration ce lundi 13 mai 2024 pour appr\u00e9hender l&rsquo;avocat Mehdi Zagrouba \u00e0 la Maison de l&rsquo;Avocat, suscitant une nouvelle vague&#8230;<\/p>\n","protected":false},"author":3169,"featured_media":247384,"comment_status":"open","ping_status":"closed","sticky":false,"template":"","format":"standard","meta":{"footnotes":""},"categories":[44],"tags":[2966,6343,2608],"class_list":["post-214137","post","type-post","status-publish","format-standard","has-post-thumbnail","hentry","category-national","tag-arrestation","tag-mehdi-zagrouba","tag-tunisie"],"yoast_head":"<!-- This site is optimized with the Yoast SEO Premium plugin v27.5 (Yoast SEO v27.5) - https:\/\/yoast.com\/product\/yoast-seo-premium-wordpress\/ -->\n<title>Arrestation de Ma\u00eetre Zagrouba \u00e0 la Maison de l&#039;Avocat<\/title>\n<meta name=\"description\" content=\"Une unit\u00e9 s\u00e9curitaire a lanc\u00e9 une op\u00e9ration ce lundi 13 mai 2024 pour appr\u00e9hender l&#039;avocat Mehdi Zagrouba \u00e0 la Maison de l&#039;Avocat, suscitant une nouvelle vague...\" \/>\n<link rel=\"canonical\" href=\"https:\/\/www.webdo.tn\/fr\/actualite\/national\/arrestation-de-mtre-zagrouba-a-la-maison-de-l-avocat\/214137\/\" \/>\n<meta property=\"og:locale\" content=\"fr_FR\" \/>\n<meta property=\"og:type\" content=\"article\" \/>\n<meta property=\"og:title\" content=\"Arrestation de Ma\u00eetre Zagrouba \u00e0 la Maison de l&#039;Avocat\" \/>\n<meta property=\"og:description\" content=\"Une unit\u00e9 s\u00e9curitaire a lanc\u00e9 une op\u00e9ration ce lundi 13 mai 2024 pour appr\u00e9hender l&#039;avocat Mehdi Zagrouba \u00e0 la Maison de l&#039;Avocat, suscitant une nouvelle vague...\" \/>\n<meta property=\"og:url\" content=\"https:\/\/www.webdo.tn\/fr\/actualite\/national\/arrestation-de-mtre-zagrouba-a-la-maison-de-l-avocat\/214137\/\" \/>\n<meta property=\"og:site_name\" content=\"webdo\" \/>\n<meta property=\"article:publisher\" content=\"https:\/\/www.facebook.com\/webdotn\" \/>\n<meta property=\"article:published_time\" content=\"2024-05-13T22:21:00+00:00\" \/>\n<meta property=\"article:modified_time\" content=\"2025-05-20T22:31:49+00:00\" \/>\n<meta property=\"og:image\" content=\"https:\/\/www.webdo.tn\/fr\/wp-content\/uploads\/2024\/05\/5281530f9b9bf61ad818c612d259aa81.webp\" \/>\n\t<meta property=\"og:image:width\" content=\"750\" \/>\n\t<meta property=\"og:image:height\" content=\"400\" \/>\n\t<meta property=\"og:image:type\" content=\"image\/webp\" \/>\n<meta name=\"author\" content=\"Webdo\" \/>\n<meta name=\"twitter:card\" content=\"summary_large_image\" \/>\n<meta name=\"twitter:creator\" content=\"@webdo_tn\" \/>\n<meta name=\"twitter:site\" content=\"@webdo_tn\" \/>\n<meta name=\"twitter:label1\" content=\"\u00c9crit par\" \/>\n\t<meta name=\"twitter:data1\" content=\"Webdo\" \/>\n\t<meta name=\"twitter:label2\" content=\"Dur\u00e9e de lecture estim\u00e9e\" \/>\n\t<meta name=\"twitter:data2\" content=\"1 minute\" \/>\n<script type=\"application\/ld+json\" class=\"yoast-schema-graph\">{\"@context\":\"https:\\\/\\\/schema.org\",\"@graph\":[{\"@type\":\"NewsArticle\",\"@id\":\"https:\\\/\\\/www.webdo.tn\\\/fr\\\/actualite\\\/national\\\/arrestation-de-mtre-zagrouba-a-la-maison-de-l-avocat\\\/214137\\\/#article\",\"isPartOf\":{\"@id\":\"https:\\\/\\\/www.webdo.tn\\\/fr\\\/actualite\\\/national\\\/arrestation-de-mtre-zagrouba-a-la-maison-de-l-avocat\\\/214137\\\/\"},\"author\":{\"name\":\"Webdo\",\"@id\":\"https:\\\/\\\/www.webdo.tn\\\/fr\\\/#\\\/schema\\\/person\\\/1f4e491e0907b413d61089e8eb573acc\"},\"headline\":\"Arrestation de Ma\u00eetre Zagrouba \u00e0 la Maison de l&rsquo;Avocat\",\"datePublished\":\"2024-05-13T22:21:00+00:00\",\"dateModified\":\"2025-05-20T22:31:49+00:00\",\"mainEntityOfPage\":{\"@id\":\"https:\\\/\\\/www.webdo.tn\\\/fr\\\/actualite\\\/national\\\/arrestation-de-mtre-zagrouba-a-la-maison-de-l-avocat\\\/214137\\\/\"},\"wordCount\":242,\"commentCount\":0,\"publisher\":{\"@id\":\"https:\\\/\\\/www.webdo.tn\\\/fr\\\/#organization\"},\"image\":{\"@id\":\"https:\\\/\\\/www.webdo.tn\\\/fr\\\/actualite\\\/national\\\/arrestation-de-mtre-zagrouba-a-la-maison-de-l-avocat\\\/214137\\\/#primaryimage\"},\"thumbnailUrl\":\"https:\\\/\\\/www.webdo.tn\\\/fr\\\/wp-content\\\/uploads\\\/2024\\\/05\\\/5281530f9b9bf61ad818c612d259aa81.webp\",\"keywords\":[\"arrestation\",\"mehdi zagrouba\",\"Tunisie\"],\"articleSection\":[\"National\"],\"inLanguage\":\"fr-FR\"},{\"@type\":\"WebPage\",\"@id\":\"https:\\\/\\\/www.webdo.tn\\\/fr\\\/actualite\\\/national\\\/arrestation-de-mtre-zagrouba-a-la-maison-de-l-avocat\\\/214137\\\/\",\"url\":\"https:\\\/\\\/www.webdo.tn\\\/fr\\\/actualite\\\/national\\\/arrestation-de-mtre-zagrouba-a-la-maison-de-l-avocat\\\/214137\\\/\",\"name\":\"Arrestation de Ma\u00eetre Zagrouba \u00e0 la Maison de l'Avocat\",\"isPartOf\":{\"@id\":\"https:\\\/\\\/www.webdo.tn\\\/fr\\\/#website\"},\"primaryImageOfPage\":{\"@id\":\"https:\\\/\\\/www.webdo.tn\\\/fr\\\/actualite\\\/national\\\/arrestation-de-mtre-zagrouba-a-la-maison-de-l-avocat\\\/214137\\\/#primaryimage\"},\"image\":{\"@id\":\"https:\\\/\\\/www.webdo.tn\\\/fr\\\/actualite\\\/national\\\/arrestation-de-mtre-zagrouba-a-la-maison-de-l-avocat\\\/214137\\\/#primaryimage\"},\"thumbnailUrl\":\"https:\\\/\\\/www.webdo.tn\\\/fr\\\/wp-content\\\/uploads\\\/2024\\\/05\\\/5281530f9b9bf61ad818c612d259aa81.webp\",\"datePublished\":\"2024-05-13T22:21:00+00:00\",\"dateModified\":\"2025-05-20T22:31:49+00:00\",\"description\":\"Une unit\u00e9 s\u00e9curitaire a lanc\u00e9 une op\u00e9ration ce lundi 13 mai 2024 pour appr\u00e9hender l'avocat Mehdi Zagrouba \u00e0 la Maison de l'Avocat, suscitant une nouvelle vague...\",\"breadcrumb\":{\"@id\":\"https:\\\/\\\/www.webdo.tn\\\/fr\\\/actualite\\\/national\\\/arrestation-de-mtre-zagrouba-a-la-maison-de-l-avocat\\\/214137\\\/#breadcrumb\"},\"inLanguage\":\"fr-FR\",\"potentialAction\":[{\"@type\":\"ReadAction\",\"target\":[\"https:\\\/\\\/www.webdo.tn\\\/fr\\\/actualite\\\/national\\\/arrestation-de-mtre-zagrouba-a-la-maison-de-l-avocat\\\/214137\\\/\"]}]},{\"@type\":\"ImageObject\",\"inLanguage\":\"fr-FR\",\"@id\":\"https:\\\/\\\/www.webdo.tn\\\/fr\\\/actualite\\\/national\\\/arrestation-de-mtre-zagrouba-a-la-maison-de-l-avocat\\\/214137\\\/#primaryimage\",\"url\":\"https:\\\/\\\/www.webdo.tn\\\/fr\\\/wp-content\\\/uploads\\\/2024\\\/05\\\/5281530f9b9bf61ad818c612d259aa81.webp\",\"contentUrl\":\"https:\\\/\\\/www.webdo.tn\\\/fr\\\/wp-content\\\/uploads\\\/2024\\\/05\\\/5281530f9b9bf61ad818c612d259aa81.webp\",\"width\":750,\"height\":400,\"caption\":\"Arrestation de Ma\u00eetre Zagrouba \u00e0 la Maison de l'Avocat\"},{\"@type\":\"BreadcrumbList\",\"@id\":\"https:\\\/\\\/www.webdo.tn\\\/fr\\\/actualite\\\/national\\\/arrestation-de-mtre-zagrouba-a-la-maison-de-l-avocat\\\/214137\\\/#breadcrumb\",\"itemListElement\":[{\"@type\":\"ListItem\",\"position\":1,\"name\":\"Accueil\",\"item\":\"https:\\\/\\\/www.webdo.tn\\\/fr\\\/\"},{\"@type\":\"ListItem\",\"position\":2,\"name\":\"Arrestation de Ma\u00eetre Zagrouba \u00e0 la Maison de l&#8217;Avocat\"}]},{\"@type\":\"WebSite\",\"@id\":\"https:\\\/\\\/www.webdo.tn\\\/fr\\\/#website\",\"url\":\"https:\\\/\\\/www.webdo.tn\\\/fr\\\/\",\"name\":\"webdo\",\"description\":\"Tunisie - News en Tunisie et \u00e0 l&#039;international sur Webdo.tn\",\"publisher\":{\"@id\":\"https:\\\/\\\/www.webdo.tn\\\/fr\\\/#organization\"},\"potentialAction\":[{\"@type\":\"SearchAction\",\"target\":{\"@type\":\"EntryPoint\",\"urlTemplate\":\"https:\\\/\\\/www.webdo.tn\\\/fr\\\/?s={search_term_string}\"},\"query-input\":{\"@type\":\"PropertyValueSpecification\",\"valueRequired\":true,\"valueName\":\"search_term_string\"}}],\"inLanguage\":\"fr-FR\"},{\"@type\":\"Organization\",\"@id\":\"https:\\\/\\\/www.webdo.tn\\\/fr\\\/#organization\",\"name\":\"Webdo\",\"alternateName\":\"Webdo.tn\",\"url\":\"https:\\\/\\\/www.webdo.tn\\\/fr\\\/\",\"logo\":{\"@type\":\"ImageObject\",\"inLanguage\":\"fr-FR\",\"@id\":\"https:\\\/\\\/www.webdo.tn\\\/fr\\\/#\\\/schema\\\/logo\\\/image\\\/\",\"url\":\"https:\\\/\\\/www.webdo.tn\\\/fr\\\/wp-content\\\/uploads\\\/2025\\\/06\\\/Webdo-Tunisie_168377.jpg\",\"contentUrl\":\"https:\\\/\\\/www.webdo.tn\\\/fr\\\/wp-content\\\/uploads\\\/2025\\\/06\\\/Webdo-Tunisie_168377.jpg\",\"width\":301,\"height\":301,\"caption\":\"Webdo\"},\"image\":{\"@id\":\"https:\\\/\\\/www.webdo.tn\\\/fr\\\/#\\\/schema\\\/logo\\\/image\\\/\"},\"sameAs\":[\"https:\\\/\\\/www.facebook.com\\\/webdotn\",\"https:\\\/\\\/x.com\\\/webdo_tn\"],\"description\":\"Webdo est un m\u00e9dia num\u00e9rique tunisien fond\u00e9 en 2010, sp\u00e9cialis\u00e9 dans l\u2019actualit\u00e9 nationale et internationale, l\u2019\u00e9conomie, la soci\u00e9t\u00e9 et les analyses politiques. Le site s\u2019adresse \u00e0 un large public francophone et couvre l\u2019information tunisienne en temps r\u00e9el.\",\"email\":\"redac@webdo.tn\",\"legalName\":\"YNJ SARL\",\"foundingDate\":\"2010-09-06\",\"numberOfEmployees\":{\"@type\":\"QuantitativeValue\",\"minValue\":\"11\",\"maxValue\":\"50\"}},{\"@type\":\"Person\",\"@id\":\"https:\\\/\\\/www.webdo.tn\\\/fr\\\/#\\\/schema\\\/person\\\/1f4e491e0907b413d61089e8eb573acc\",\"name\":\"Webdo\",\"image\":{\"@type\":\"ImageObject\",\"inLanguage\":\"fr-FR\",\"@id\":\"https:\\\/\\\/secure.gravatar.com\\\/avatar\\\/de97aeec1bb80978a9dbb127e47dfc88aaacb2f3c29aac907d8d3222e3495d49?s=96&d=mm&r=g\",\"url\":\"https:\\\/\\\/secure.gravatar.com\\\/avatar\\\/de97aeec1bb80978a9dbb127e47dfc88aaacb2f3c29aac907d8d3222e3495d49?s=96&d=mm&r=g\",\"contentUrl\":\"https:\\\/\\\/secure.gravatar.com\\\/avatar\\\/de97aeec1bb80978a9dbb127e47dfc88aaacb2f3c29aac907d8d3222e3495d49?s=96&d=mm&r=g\",\"caption\":\"Webdo\"},\"url\":\"https:\\\/\\\/www.webdo.tn\\\/fr\\\/actualite\\\/author\\\/webdo\\\/\"}]}<\/script>\n<!-- \/ Yoast SEO Premium plugin. -->","yoast_head_json":{"title":"Arrestation de Ma\u00eetre Zagrouba \u00e0 la Maison de l'Avocat","description":"Une unit\u00e9 s\u00e9curitaire a lanc\u00e9 une op\u00e9ration ce lundi 13 mai 2024 pour appr\u00e9hender l'avocat Mehdi Zagrouba \u00e0 la Maison de l'Avocat, suscitant une nouvelle vague...","canonical":"https:\/\/www.webdo.tn\/fr\/actualite\/national\/arrestation-de-mtre-zagrouba-a-la-maison-de-l-avocat\/214137\/","og_locale":"fr_FR","og_type":"article","og_title":"Arrestation de Ma\u00eetre Zagrouba \u00e0 la Maison de l'Avocat","og_description":"Une unit\u00e9 s\u00e9curitaire a lanc\u00e9 une op\u00e9ration ce lundi 13 mai 2024 pour appr\u00e9hender l'avocat Mehdi Zagrouba \u00e0 la Maison de l'Avocat, suscitant une nouvelle vague...","og_url":"https:\/\/www.webdo.tn\/fr\/actualite\/national\/arrestation-de-mtre-zagrouba-a-la-maison-de-l-avocat\/214137\/","og_site_name":"webdo","article_publisher":"https:\/\/www.facebook.com\/webdotn","article_published_time":"2024-05-13T22:21:00+00:00","article_modified_time":"2025-05-20T22:31:49+00:00","og_image":[{"width":750,"height":400,"url":"https:\/\/www.webdo.tn\/fr\/wp-content\/uploads\/2024\/05\/5281530f9b9bf61ad818c612d259aa81.webp","type":"image\/webp"}],"author":"Webdo","twitter_card":"summary_large_image","twitter_creator":"@webdo_tn","twitter_site":"@webdo_tn","twitter_misc":{"\u00c9crit par":"Webdo","Dur\u00e9e de lecture estim\u00e9e":"1 minute"},"schema":{"@context":"https:\/\/schema.org","@graph":[{"@type":"NewsArticle","@id":"https:\/\/www.webdo.tn\/fr\/actualite\/national\/arrestation-de-mtre-zagrouba-a-la-maison-de-l-avocat\/214137\/#article","isPartOf":{"@id":"https:\/\/www.webdo.tn\/fr\/actualite\/national\/arrestation-de-mtre-zagrouba-a-la-maison-de-l-avocat\/214137\/"},"author":{"name":"Webdo","@id":"https:\/\/www.webdo.tn\/fr\/#\/schema\/person\/1f4e491e0907b413d61089e8eb573acc"},"headline":"Arrestation de Ma\u00eetre Zagrouba \u00e0 la Maison de l&rsquo;Avocat","datePublished":"2024-05-13T22:21:00+00:00","dateModified":"2025-05-20T22:31:49+00:00","mainEntityOfPage":{"@id":"https:\/\/www.webdo.tn\/fr\/actualite\/national\/arrestation-de-mtre-zagrouba-a-la-maison-de-l-avocat\/214137\/"},"wordCount":242,"commentCount":0,"publisher":{"@id":"https:\/\/www.webdo.tn\/fr\/#organization"},"image":{"@id":"https:\/\/www.webdo.tn\/fr\/actualite\/national\/arrestation-de-mtre-zagrouba-a-la-maison-de-l-avocat\/214137\/#primaryimage"},"thumbnailUrl":"https:\/\/www.webdo.tn\/fr\/wp-content\/uploads\/2024\/05\/5281530f9b9bf61ad818c612d259aa81.webp","keywords":["arrestation","mehdi zagrouba","Tunisie"],"articleSection":["National"],"inLanguage":"fr-FR"},{"@type":"WebPage","@id":"https:\/\/www.webdo.tn\/fr\/actualite\/national\/arrestation-de-mtre-zagrouba-a-la-maison-de-l-avocat\/214137\/","url":"https:\/\/www.webdo.tn\/fr\/actualite\/national\/arrestation-de-mtre-zagrouba-a-la-maison-de-l-avocat\/214137\/","name":"Arrestation de Ma\u00eetre Zagrouba \u00e0 la Maison de l'Avocat","isPartOf":{"@id":"https:\/\/www.webdo.tn\/fr\/#website"},"primaryImageOfPage":{"@id":"https:\/\/www.webdo.tn\/fr\/actualite\/national\/arrestation-de-mtre-zagrouba-a-la-maison-de-l-avocat\/214137\/#primaryimage"},"image":{"@id":"https:\/\/www.webdo.tn\/fr\/actualite\/national\/arrestation-de-mtre-zagrouba-a-la-maison-de-l-avocat\/214137\/#primaryimage"},"thumbnailUrl":"https:\/\/www.webdo.tn\/fr\/wp-content\/uploads\/2024\/05\/5281530f9b9bf61ad818c612d259aa81.webp","datePublished":"2024-05-13T22:21:00+00:00","dateModified":"2025-05-20T22:31:49+00:00","description":"Une unit\u00e9 s\u00e9curitaire a lanc\u00e9 une op\u00e9ration ce lundi 13 mai 2024 pour appr\u00e9hender l'avocat Mehdi Zagrouba \u00e0 la Maison de l'Avocat, suscitant une nouvelle vague...","breadcrumb":{"@id":"https:\/\/www.webdo.tn\/fr\/actualite\/national\/arrestation-de-mtre-zagrouba-a-la-maison-de-l-avocat\/214137\/#breadcrumb"},"inLanguage":"fr-FR","potentialAction":[{"@type":"ReadAction","target":["https:\/\/www.webdo.tn\/fr\/actualite\/national\/arrestation-de-mtre-zagrouba-a-la-maison-de-l-avocat\/214137\/"]}]},{"@type":"ImageObject","inLanguage":"fr-FR","@id":"https:\/\/www.webdo.tn\/fr\/actualite\/national\/arrestation-de-mtre-zagrouba-a-la-maison-de-l-avocat\/214137\/#primaryimage","url":"https:\/\/www.webdo.tn\/fr\/wp-content\/uploads\/2024\/05\/5281530f9b9bf61ad818c612d259aa81.webp","contentUrl":"https:\/\/www.webdo.tn\/fr\/wp-content\/uploads\/2024\/05\/5281530f9b9bf61ad818c612d259aa81.webp","width":750,"height":400,"caption":"Arrestation de Ma\u00eetre Zagrouba \u00e0 la Maison de l'Avocat"},{"@type":"BreadcrumbList","@id":"https:\/\/www.webdo.tn\/fr\/actualite\/national\/arrestation-de-mtre-zagrouba-a-la-maison-de-l-avocat\/214137\/#breadcrumb","itemListElement":[{"@type":"ListItem","position":1,"name":"Accueil","item":"https:\/\/www.webdo.tn\/fr\/"},{"@type":"ListItem","position":2,"name":"Arrestation de Ma\u00eetre Zagrouba \u00e0 la Maison de l&#8217;Avocat"}]},{"@type":"WebSite","@id":"https:\/\/www.webdo.tn\/fr\/#website","url":"https:\/\/www.webdo.tn\/fr\/","name":"webdo","description":"Tunisie - News en Tunisie et \u00e0 l&#039;international sur Webdo.tn","publisher":{"@id":"https:\/\/www.webdo.tn\/fr\/#organization"},"potentialAction":[{"@type":"SearchAction","target":{"@type":"EntryPoint","urlTemplate":"https:\/\/www.webdo.tn\/fr\/?s={search_term_string}"},"query-input":{"@type":"PropertyValueSpecification","valueRequired":true,"valueName":"search_term_string"}}],"inLanguage":"fr-FR"},{"@type":"Organization","@id":"https:\/\/www.webdo.tn\/fr\/#organization","name":"Webdo","alternateName":"Webdo.tn","url":"https:\/\/www.webdo.tn\/fr\/","logo":{"@type":"ImageObject","inLanguage":"fr-FR","@id":"https:\/\/www.webdo.tn\/fr\/#\/schema\/logo\/image\/","url":"https:\/\/www.webdo.tn\/fr\/wp-content\/uploads\/2025\/06\/Webdo-Tunisie_168377.jpg","contentUrl":"https:\/\/www.webdo.tn\/fr\/wp-content\/uploads\/2025\/06\/Webdo-Tunisie_168377.jpg","width":301,"height":301,"caption":"Webdo"},"image":{"@id":"https:\/\/www.webdo.tn\/fr\/#\/schema\/logo\/image\/"},"sameAs":["https:\/\/www.facebook.com\/webdotn","https:\/\/x.com\/webdo_tn"],"description":"Webdo est un m\u00e9dia num\u00e9rique tunisien fond\u00e9 en 2010, sp\u00e9cialis\u00e9 dans l\u2019actualit\u00e9 nationale et internationale, l\u2019\u00e9conomie, la soci\u00e9t\u00e9 et les analyses politiques. Le site s\u2019adresse \u00e0 un large public francophone et couvre l\u2019information tunisienne en temps r\u00e9el.","email":"redac@webdo.tn","legalName":"YNJ SARL","foundingDate":"2010-09-06","numberOfEmployees":{"@type":"QuantitativeValue","minValue":"11","maxValue":"50"}},{"@type":"Person","@id":"https:\/\/www.webdo.tn\/fr\/#\/schema\/person\/1f4e491e0907b413d61089e8eb573acc","name":"Webdo","image":{"@type":"ImageObject","inLanguage":"fr-FR","@id":"https:\/\/secure.gravatar.com\/avatar\/de97aeec1bb80978a9dbb127e47dfc88aaacb2f3c29aac907d8d3222e3495d49?s=96&d=mm&r=g","url":"https:\/\/secure.gravatar.com\/avatar\/de97aeec1bb80978a9dbb127e47dfc88aaacb2f3c29aac907d8d3222e3495d49?s=96&d=mm&r=g","contentUrl":"https:\/\/secure.gravatar.com\/avatar\/de97aeec1bb80978a9dbb127e47dfc88aaacb2f3c29aac907d8d3222e3495d49?s=96&d=mm&r=g","caption":"Webdo"},"url":"https:\/\/www.webdo.tn\/fr\/actualite\/author\/webdo\/"}]}},"_links":{"self":[{"href":"https:\/\/www.webdo.tn\/fr\/wp-json\/wp\/v2\/posts\/214137","targetHints":{"allow":["GET"]}}],"collection":[{"href":"https:\/\/www.webdo.tn\/fr\/wp-json\/wp\/v2\/posts"}],"about":[{"href":"https:\/\/www.webdo.tn\/fr\/wp-json\/wp\/v2\/types\/post"}],"author":[{"embeddable":true,"href":"https:\/\/www.webdo.tn\/fr\/wp-json\/wp\/v2\/users\/3169"}],"replies":[{"embeddable":true,"href":"https:\/\/www.webdo.tn\/fr\/wp-json\/wp\/v2\/comments?post=214137"}],"version-history":[{"count":0,"href":"https:\/\/www.webdo.tn\/fr\/wp-json\/wp\/v2\/posts\/214137\/revisions"}],"wp:featuredmedia":[{"embeddable":true,"href":"https:\/\/www.webdo.tn\/fr\/wp-json\/wp\/v2\/media\/247384"}],"wp:attachment":[{"href":"https:\/\/www.webdo.tn\/fr\/wp-json\/wp\/v2\/media?parent=214137"}],"wp:term":[{"taxonomy":"category","embeddable":true,"href":"https:\/\/www.webdo.tn\/fr\/wp-json\/wp\/v2\/categories?post=214137"},{"taxonomy":"post_tag","embeddable":true,"href":"https:\/\/www.webdo.tn\/fr\/wp-json\/wp\/v2\/tags?post=214137"}],"curies":[{"name":"wp","href":"https:\/\/api.w.org\/{rel}","templated":true}]}}