{"id":214135,"date":"2024-05-13T20:18:00","date_gmt":"2024-05-13T20:18:00","guid":{"rendered":"https:\/\/www.webdo.tn\/fr\/blog\/convocation-des-representants-de-trois-radios-diwan-fm-ifm-et-ibtissama\/214135\/"},"modified":"2025-05-20T22:31:49","modified_gmt":"2025-05-20T22:31:49","slug":"convocation-des-representants-de-trois-radios-diwan-fm-ifm-et-ibtissama","status":"publish","type":"post","link":"https:\/\/www.webdo.tn\/fr\/actualite\/national\/convocation-des-representants-de-trois-radios-diwan-fm-ifm-et-ibtissama\/214135\/","title":{"rendered":"Convocation des repr\u00e9sentants de trois radios : Diwan FM, IFM et Ibtissama"},"content":{"rendered":"<p>Trois stations de radio tunisiennes, \u00e0 savoir \u00ab\u00a0IFM\u00a0\u00bb, \u00ab\u00a0Diwan FM\u00a0\u00bb et \u00ab\u00a0Ibtisama\u00a0\u00bb, ont annonc\u00e9 avoir re\u00e7u des convocations pour leurs repr\u00e9sentants l\u00e9gaux afin de compara\u00eetre devant une enqu\u00eate. Cette annonce a \u00e9t\u00e9 faite aujourd&rsquo;hui, lundi 13 mai 2024.<\/p>\n<p>Trois stations de radio tunisiennes, \u00e0 savoir \u00ab\u00a0IFM\u00a0\u00bb, \u00ab\u00a0Diwan FM\u00a0\u00bb et \u00ab\u00a0Ibtissama\u00a0\u00bb, ont annonc\u00e9 avoir re\u00e7u des convocations pour leurs repr\u00e9sentants l\u00e9gaux afin de compara\u00eetre devant une enqu\u00eate. Cette annonce a \u00e9t\u00e9 faite aujourd&rsquo;hui, lundi 13 mai 2024.<\/p>\n<p>La station \u00ab\u00a0IFM\u00a0\u00bb a pr\u00e9cis\u00e9 que son directeur g\u00e9n\u00e9ral et son repr\u00e9sentant l\u00e9gal, Hamed Soyah, ont \u00e9t\u00e9 convoqu\u00e9s pour compara\u00eetre devant la Brigade de Recherche Judiciaire de El Kram, \u00e9galement aujourd&rsquo;hui. Cette convocation fait suite \u00e0 l&rsquo;arrestation des journalistes Borhen Bssais et Mourad Zghidi, ainsi qu&rsquo;\u00e0 l&rsquo;\u00e9mission d&rsquo;un mandat de depot contre la chroniqueuse et avocate Sonia Dahmani.<\/p>\n<p>Pour l&rsquo;instant, les raisons de la convocation des repr\u00e9sentants l\u00e9gaux des stations \u00ab\u00a0Diwan FM\u00a0\u00bb et \u00ab\u00a0Ibtissama\u00a0\u00bb n&rsquo;ont pas encore \u00e9t\u00e9 r\u00e9v\u00e9l\u00e9es.<\/p>\n","protected":false},"excerpt":{"rendered":"<p>Les repr\u00e9sentants l\u00e9gaux de trois radios convoqu\u00e9s pour enqu\u00eate : Diwan FM, IFM et Ibtisama<\/p>\n","protected":false},"author":3169,"featured_media":247383,"comment_status":"open","ping_status":"closed","sticky":false,"template":"","format":"standard","meta":{"footnotes":""},"categories":[44],"tags":[6506,6507,6495,2608],"class_list":["post-214135","post","type-post","status-publish","format-standard","has-post-thumbnail","hentry","category-national","tag-diwan-fm","tag-ibtissama","tag-ifm","tag-tunisie"],"yoast_head":"<!-- This site is optimized with the Yoast SEO Premium plugin v27.5 (Yoast SEO v27.5) - https:\/\/yoast.com\/product\/yoast-seo-premium-wordpress\/ -->\n<title>Convocation des repr\u00e9sentants de trois radios : Diwan FM, IFM et Ibtissama<\/title>\n<meta name=\"description\" content=\"Les repr\u00e9sentants l\u00e9gaux de trois radios convoqu\u00e9s pour enqu\u00eate : Diwan FM, IFM et Ibtisama\" \/>\n<link rel=\"canonical\" href=\"https:\/\/www.webdo.tn\/fr\/actualite\/national\/convocation-des-representants-de-trois-radios-diwan-fm-ifm-et-ibtissama\/214135\/\" \/>\n<meta property=\"og:locale\" content=\"fr_FR\" \/>\n<meta property=\"og:type\" content=\"article\" \/>\n<meta property=\"og:title\" content=\"Convocation des repr\u00e9sentants de trois radios : Diwan FM, IFM et Ibtissama\" \/>\n<meta property=\"og:description\" content=\"Les repr\u00e9sentants l\u00e9gaux de trois radios convoqu\u00e9s pour enqu\u00eate : Diwan FM, IFM et Ibtisama\" \/>\n<meta property=\"og:url\" content=\"https:\/\/www.webdo.tn\/fr\/actualite\/national\/convocation-des-representants-de-trois-radios-diwan-fm-ifm-et-ibtissama\/214135\/\" \/>\n<meta property=\"og:site_name\" content=\"webdo\" \/>\n<meta property=\"article:publisher\" content=\"https:\/\/www.facebook.com\/webdotn\" \/>\n<meta property=\"article:published_time\" content=\"2024-05-13T20:18:00+00:00\" \/>\n<meta property=\"article:modified_time\" content=\"2025-05-20T22:31:49+00:00\" \/>\n<meta property=\"og:image\" content=\"https:\/\/www.webdo.tn\/fr\/wp-content\/uploads\/2024\/05\/81a643d3603595e765cc61a8e456539d.webp\" \/>\n\t<meta property=\"og:image:width\" content=\"750\" \/>\n\t<meta property=\"og:image:height\" content=\"400\" \/>\n\t<meta property=\"og:image:type\" content=\"image\/webp\" \/>\n<meta name=\"author\" content=\"Webdo\" \/>\n<meta name=\"twitter:card\" content=\"summary_large_image\" \/>\n<meta name=\"twitter:creator\" content=\"@webdo_tn\" \/>\n<meta name=\"twitter:site\" content=\"@webdo_tn\" \/>\n<meta name=\"twitter:label1\" content=\"\u00c9crit par\" \/>\n\t<meta name=\"twitter:data1\" content=\"Webdo\" \/>\n\t<meta name=\"twitter:label2\" content=\"Dur\u00e9e de lecture estim\u00e9e\" \/>\n\t<meta name=\"twitter:data2\" content=\"1 minute\" \/>\n<script type=\"application\/ld+json\" class=\"yoast-schema-graph\">{\"@context\":\"https:\\\/\\\/schema.org\",\"@graph\":[{\"@type\":\"NewsArticle\",\"@id\":\"https:\\\/\\\/www.webdo.tn\\\/fr\\\/actualite\\\/national\\\/convocation-des-representants-de-trois-radios-diwan-fm-ifm-et-ibtissama\\\/214135\\\/#article\",\"isPartOf\":{\"@id\":\"https:\\\/\\\/www.webdo.tn\\\/fr\\\/actualite\\\/national\\\/convocation-des-representants-de-trois-radios-diwan-fm-ifm-et-ibtissama\\\/214135\\\/\"},\"author\":{\"name\":\"Webdo\",\"@id\":\"https:\\\/\\\/www.webdo.tn\\\/fr\\\/#\\\/schema\\\/person\\\/1f4e491e0907b413d61089e8eb573acc\"},\"headline\":\"Convocation des repr\u00e9sentants de trois radios : Diwan FM, IFM et Ibtissama\",\"datePublished\":\"2024-05-13T20:18:00+00:00\",\"dateModified\":\"2025-05-20T22:31:49+00:00\",\"mainEntityOfPage\":{\"@id\":\"https:\\\/\\\/www.webdo.tn\\\/fr\\\/actualite\\\/national\\\/convocation-des-representants-de-trois-radios-diwan-fm-ifm-et-ibtissama\\\/214135\\\/\"},\"wordCount\":190,\"commentCount\":0,\"publisher\":{\"@id\":\"https:\\\/\\\/www.webdo.tn\\\/fr\\\/#organization\"},\"image\":{\"@id\":\"https:\\\/\\\/www.webdo.tn\\\/fr\\\/actualite\\\/national\\\/convocation-des-representants-de-trois-radios-diwan-fm-ifm-et-ibtissama\\\/214135\\\/#primaryimage\"},\"thumbnailUrl\":\"https:\\\/\\\/www.webdo.tn\\\/fr\\\/wp-content\\\/uploads\\\/2024\\\/05\\\/81a643d3603595e765cc61a8e456539d.webp\",\"keywords\":[\"Diwan FM\",\"Ibtissama\",\"ifm\",\"Tunisie\"],\"articleSection\":[\"National\"],\"inLanguage\":\"fr-FR\"},{\"@type\":\"WebPage\",\"@id\":\"https:\\\/\\\/www.webdo.tn\\\/fr\\\/actualite\\\/national\\\/convocation-des-representants-de-trois-radios-diwan-fm-ifm-et-ibtissama\\\/214135\\\/\",\"url\":\"https:\\\/\\\/www.webdo.tn\\\/fr\\\/actualite\\\/national\\\/convocation-des-representants-de-trois-radios-diwan-fm-ifm-et-ibtissama\\\/214135\\\/\",\"name\":\"Convocation des repr\u00e9sentants de trois radios : Diwan FM, IFM et Ibtissama\",\"isPartOf\":{\"@id\":\"https:\\\/\\\/www.webdo.tn\\\/fr\\\/#website\"},\"primaryImageOfPage\":{\"@id\":\"https:\\\/\\\/www.webdo.tn\\\/fr\\\/actualite\\\/national\\\/convocation-des-representants-de-trois-radios-diwan-fm-ifm-et-ibtissama\\\/214135\\\/#primaryimage\"},\"image\":{\"@id\":\"https:\\\/\\\/www.webdo.tn\\\/fr\\\/actualite\\\/national\\\/convocation-des-representants-de-trois-radios-diwan-fm-ifm-et-ibtissama\\\/214135\\\/#primaryimage\"},\"thumbnailUrl\":\"https:\\\/\\\/www.webdo.tn\\\/fr\\\/wp-content\\\/uploads\\\/2024\\\/05\\\/81a643d3603595e765cc61a8e456539d.webp\",\"datePublished\":\"2024-05-13T20:18:00+00:00\",\"dateModified\":\"2025-05-20T22:31:49+00:00\",\"description\":\"Les repr\u00e9sentants l\u00e9gaux de trois radios convoqu\u00e9s pour enqu\u00eate : Diwan FM, IFM et Ibtisama\",\"breadcrumb\":{\"@id\":\"https:\\\/\\\/www.webdo.tn\\\/fr\\\/actualite\\\/national\\\/convocation-des-representants-de-trois-radios-diwan-fm-ifm-et-ibtissama\\\/214135\\\/#breadcrumb\"},\"inLanguage\":\"fr-FR\",\"potentialAction\":[{\"@type\":\"ReadAction\",\"target\":[\"https:\\\/\\\/www.webdo.tn\\\/fr\\\/actualite\\\/national\\\/convocation-des-representants-de-trois-radios-diwan-fm-ifm-et-ibtissama\\\/214135\\\/\"]}]},{\"@type\":\"ImageObject\",\"inLanguage\":\"fr-FR\",\"@id\":\"https:\\\/\\\/www.webdo.tn\\\/fr\\\/actualite\\\/national\\\/convocation-des-representants-de-trois-radios-diwan-fm-ifm-et-ibtissama\\\/214135\\\/#primaryimage\",\"url\":\"https:\\\/\\\/www.webdo.tn\\\/fr\\\/wp-content\\\/uploads\\\/2024\\\/05\\\/81a643d3603595e765cc61a8e456539d.webp\",\"contentUrl\":\"https:\\\/\\\/www.webdo.tn\\\/fr\\\/wp-content\\\/uploads\\\/2024\\\/05\\\/81a643d3603595e765cc61a8e456539d.webp\",\"width\":750,\"height\":400,\"caption\":\"Convocation des repr\u00e9sentants de trois radios : Diwan FM, IFM et Ibtissama\"},{\"@type\":\"BreadcrumbList\",\"@id\":\"https:\\\/\\\/www.webdo.tn\\\/fr\\\/actualite\\\/national\\\/convocation-des-representants-de-trois-radios-diwan-fm-ifm-et-ibtissama\\\/214135\\\/#breadcrumb\",\"itemListElement\":[{\"@type\":\"ListItem\",\"position\":1,\"name\":\"Accueil\",\"item\":\"https:\\\/\\\/www.webdo.tn\\\/fr\\\/\"},{\"@type\":\"ListItem\",\"position\":2,\"name\":\"Convocation des repr\u00e9sentants de trois radios : Diwan FM, IFM et Ibtissama\"}]},{\"@type\":\"WebSite\",\"@id\":\"https:\\\/\\\/www.webdo.tn\\\/fr\\\/#website\",\"url\":\"https:\\\/\\\/www.webdo.tn\\\/fr\\\/\",\"name\":\"webdo\",\"description\":\"Tunisie - News en Tunisie et \u00e0 l&#039;international sur Webdo.tn\",\"publisher\":{\"@id\":\"https:\\\/\\\/www.webdo.tn\\\/fr\\\/#organization\"},\"potentialAction\":[{\"@type\":\"SearchAction\",\"target\":{\"@type\":\"EntryPoint\",\"urlTemplate\":\"https:\\\/\\\/www.webdo.tn\\\/fr\\\/?s={search_term_string}\"},\"query-input\":{\"@type\":\"PropertyValueSpecification\",\"valueRequired\":true,\"valueName\":\"search_term_string\"}}],\"inLanguage\":\"fr-FR\"},{\"@type\":\"Organization\",\"@id\":\"https:\\\/\\\/www.webdo.tn\\\/fr\\\/#organization\",\"name\":\"Webdo\",\"alternateName\":\"Webdo.tn\",\"url\":\"https:\\\/\\\/www.webdo.tn\\\/fr\\\/\",\"logo\":{\"@type\":\"ImageObject\",\"inLanguage\":\"fr-FR\",\"@id\":\"https:\\\/\\\/www.webdo.tn\\\/fr\\\/#\\\/schema\\\/logo\\\/image\\\/\",\"url\":\"https:\\\/\\\/www.webdo.tn\\\/fr\\\/wp-content\\\/uploads\\\/2025\\\/06\\\/Webdo-Tunisie_168377.jpg\",\"contentUrl\":\"https:\\\/\\\/www.webdo.tn\\\/fr\\\/wp-content\\\/uploads\\\/2025\\\/06\\\/Webdo-Tunisie_168377.jpg\",\"width\":301,\"height\":301,\"caption\":\"Webdo\"},\"image\":{\"@id\":\"https:\\\/\\\/www.webdo.tn\\\/fr\\\/#\\\/schema\\\/logo\\\/image\\\/\"},\"sameAs\":[\"https:\\\/\\\/www.facebook.com\\\/webdotn\",\"https:\\\/\\\/x.com\\\/webdo_tn\"],\"description\":\"Webdo est un m\u00e9dia num\u00e9rique tunisien fond\u00e9 en 2010, sp\u00e9cialis\u00e9 dans l\u2019actualit\u00e9 nationale et internationale, l\u2019\u00e9conomie, la soci\u00e9t\u00e9 et les analyses politiques. Le site s\u2019adresse \u00e0 un large public francophone et couvre l\u2019information tunisienne en temps r\u00e9el.\",\"email\":\"redac@webdo.tn\",\"legalName\":\"YNJ SARL\",\"foundingDate\":\"2010-09-06\",\"numberOfEmployees\":{\"@type\":\"QuantitativeValue\",\"minValue\":\"11\",\"maxValue\":\"50\"}},{\"@type\":\"Person\",\"@id\":\"https:\\\/\\\/www.webdo.tn\\\/fr\\\/#\\\/schema\\\/person\\\/1f4e491e0907b413d61089e8eb573acc\",\"name\":\"Webdo\",\"image\":{\"@type\":\"ImageObject\",\"inLanguage\":\"fr-FR\",\"@id\":\"https:\\\/\\\/secure.gravatar.com\\\/avatar\\\/de97aeec1bb80978a9dbb127e47dfc88aaacb2f3c29aac907d8d3222e3495d49?s=96&d=mm&r=g\",\"url\":\"https:\\\/\\\/secure.gravatar.com\\\/avatar\\\/de97aeec1bb80978a9dbb127e47dfc88aaacb2f3c29aac907d8d3222e3495d49?s=96&d=mm&r=g\",\"contentUrl\":\"https:\\\/\\\/secure.gravatar.com\\\/avatar\\\/de97aeec1bb80978a9dbb127e47dfc88aaacb2f3c29aac907d8d3222e3495d49?s=96&d=mm&r=g\",\"caption\":\"Webdo\"},\"url\":\"https:\\\/\\\/www.webdo.tn\\\/fr\\\/actualite\\\/author\\\/webdo\\\/\"}]}<\/script>\n<!-- \/ Yoast SEO Premium plugin. -->","yoast_head_json":{"title":"Convocation des repr\u00e9sentants de trois radios : Diwan FM, IFM et Ibtissama","description":"Les repr\u00e9sentants l\u00e9gaux de trois radios convoqu\u00e9s pour enqu\u00eate : Diwan FM, IFM et Ibtisama","canonical":"https:\/\/www.webdo.tn\/fr\/actualite\/national\/convocation-des-representants-de-trois-radios-diwan-fm-ifm-et-ibtissama\/214135\/","og_locale":"fr_FR","og_type":"article","og_title":"Convocation des repr\u00e9sentants de trois radios : Diwan FM, IFM et Ibtissama","og_description":"Les repr\u00e9sentants l\u00e9gaux de trois radios convoqu\u00e9s pour enqu\u00eate : Diwan FM, IFM et Ibtisama","og_url":"https:\/\/www.webdo.tn\/fr\/actualite\/national\/convocation-des-representants-de-trois-radios-diwan-fm-ifm-et-ibtissama\/214135\/","og_site_name":"webdo","article_publisher":"https:\/\/www.facebook.com\/webdotn","article_published_time":"2024-05-13T20:18:00+00:00","article_modified_time":"2025-05-20T22:31:49+00:00","og_image":[{"width":750,"height":400,"url":"https:\/\/www.webdo.tn\/fr\/wp-content\/uploads\/2024\/05\/81a643d3603595e765cc61a8e456539d.webp","type":"image\/webp"}],"author":"Webdo","twitter_card":"summary_large_image","twitter_creator":"@webdo_tn","twitter_site":"@webdo_tn","twitter_misc":{"\u00c9crit par":"Webdo","Dur\u00e9e de lecture estim\u00e9e":"1 minute"},"schema":{"@context":"https:\/\/schema.org","@graph":[{"@type":"NewsArticle","@id":"https:\/\/www.webdo.tn\/fr\/actualite\/national\/convocation-des-representants-de-trois-radios-diwan-fm-ifm-et-ibtissama\/214135\/#article","isPartOf":{"@id":"https:\/\/www.webdo.tn\/fr\/actualite\/national\/convocation-des-representants-de-trois-radios-diwan-fm-ifm-et-ibtissama\/214135\/"},"author":{"name":"Webdo","@id":"https:\/\/www.webdo.tn\/fr\/#\/schema\/person\/1f4e491e0907b413d61089e8eb573acc"},"headline":"Convocation des repr\u00e9sentants de trois radios : Diwan FM, IFM et Ibtissama","datePublished":"2024-05-13T20:18:00+00:00","dateModified":"2025-05-20T22:31:49+00:00","mainEntityOfPage":{"@id":"https:\/\/www.webdo.tn\/fr\/actualite\/national\/convocation-des-representants-de-trois-radios-diwan-fm-ifm-et-ibtissama\/214135\/"},"wordCount":190,"commentCount":0,"publisher":{"@id":"https:\/\/www.webdo.tn\/fr\/#organization"},"image":{"@id":"https:\/\/www.webdo.tn\/fr\/actualite\/national\/convocation-des-representants-de-trois-radios-diwan-fm-ifm-et-ibtissama\/214135\/#primaryimage"},"thumbnailUrl":"https:\/\/www.webdo.tn\/fr\/wp-content\/uploads\/2024\/05\/81a643d3603595e765cc61a8e456539d.webp","keywords":["Diwan FM","Ibtissama","ifm","Tunisie"],"articleSection":["National"],"inLanguage":"fr-FR"},{"@type":"WebPage","@id":"https:\/\/www.webdo.tn\/fr\/actualite\/national\/convocation-des-representants-de-trois-radios-diwan-fm-ifm-et-ibtissama\/214135\/","url":"https:\/\/www.webdo.tn\/fr\/actualite\/national\/convocation-des-representants-de-trois-radios-diwan-fm-ifm-et-ibtissama\/214135\/","name":"Convocation des repr\u00e9sentants de trois radios : Diwan FM, IFM et Ibtissama","isPartOf":{"@id":"https:\/\/www.webdo.tn\/fr\/#website"},"primaryImageOfPage":{"@id":"https:\/\/www.webdo.tn\/fr\/actualite\/national\/convocation-des-representants-de-trois-radios-diwan-fm-ifm-et-ibtissama\/214135\/#primaryimage"},"image":{"@id":"https:\/\/www.webdo.tn\/fr\/actualite\/national\/convocation-des-representants-de-trois-radios-diwan-fm-ifm-et-ibtissama\/214135\/#primaryimage"},"thumbnailUrl":"https:\/\/www.webdo.tn\/fr\/wp-content\/uploads\/2024\/05\/81a643d3603595e765cc61a8e456539d.webp","datePublished":"2024-05-13T20:18:00+00:00","dateModified":"2025-05-20T22:31:49+00:00","description":"Les repr\u00e9sentants l\u00e9gaux de trois radios convoqu\u00e9s pour enqu\u00eate : Diwan FM, IFM et Ibtisama","breadcrumb":{"@id":"https:\/\/www.webdo.tn\/fr\/actualite\/national\/convocation-des-representants-de-trois-radios-diwan-fm-ifm-et-ibtissama\/214135\/#breadcrumb"},"inLanguage":"fr-FR","potentialAction":[{"@type":"ReadAction","target":["https:\/\/www.webdo.tn\/fr\/actualite\/national\/convocation-des-representants-de-trois-radios-diwan-fm-ifm-et-ibtissama\/214135\/"]}]},{"@type":"ImageObject","inLanguage":"fr-FR","@id":"https:\/\/www.webdo.tn\/fr\/actualite\/national\/convocation-des-representants-de-trois-radios-diwan-fm-ifm-et-ibtissama\/214135\/#primaryimage","url":"https:\/\/www.webdo.tn\/fr\/wp-content\/uploads\/2024\/05\/81a643d3603595e765cc61a8e456539d.webp","contentUrl":"https:\/\/www.webdo.tn\/fr\/wp-content\/uploads\/2024\/05\/81a643d3603595e765cc61a8e456539d.webp","width":750,"height":400,"caption":"Convocation des repr\u00e9sentants de trois radios : Diwan FM, IFM et Ibtissama"},{"@type":"BreadcrumbList","@id":"https:\/\/www.webdo.tn\/fr\/actualite\/national\/convocation-des-representants-de-trois-radios-diwan-fm-ifm-et-ibtissama\/214135\/#breadcrumb","itemListElement":[{"@type":"ListItem","position":1,"name":"Accueil","item":"https:\/\/www.webdo.tn\/fr\/"},{"@type":"ListItem","position":2,"name":"Convocation des repr\u00e9sentants de trois radios : Diwan FM, IFM et Ibtissama"}]},{"@type":"WebSite","@id":"https:\/\/www.webdo.tn\/fr\/#website","url":"https:\/\/www.webdo.tn\/fr\/","name":"webdo","description":"Tunisie - News en Tunisie et \u00e0 l&#039;international sur Webdo.tn","publisher":{"@id":"https:\/\/www.webdo.tn\/fr\/#organization"},"potentialAction":[{"@type":"SearchAction","target":{"@type":"EntryPoint","urlTemplate":"https:\/\/www.webdo.tn\/fr\/?s={search_term_string}"},"query-input":{"@type":"PropertyValueSpecification","valueRequired":true,"valueName":"search_term_string"}}],"inLanguage":"fr-FR"},{"@type":"Organization","@id":"https:\/\/www.webdo.tn\/fr\/#organization","name":"Webdo","alternateName":"Webdo.tn","url":"https:\/\/www.webdo.tn\/fr\/","logo":{"@type":"ImageObject","inLanguage":"fr-FR","@id":"https:\/\/www.webdo.tn\/fr\/#\/schema\/logo\/image\/","url":"https:\/\/www.webdo.tn\/fr\/wp-content\/uploads\/2025\/06\/Webdo-Tunisie_168377.jpg","contentUrl":"https:\/\/www.webdo.tn\/fr\/wp-content\/uploads\/2025\/06\/Webdo-Tunisie_168377.jpg","width":301,"height":301,"caption":"Webdo"},"image":{"@id":"https:\/\/www.webdo.tn\/fr\/#\/schema\/logo\/image\/"},"sameAs":["https:\/\/www.facebook.com\/webdotn","https:\/\/x.com\/webdo_tn"],"description":"Webdo est un m\u00e9dia num\u00e9rique tunisien fond\u00e9 en 2010, sp\u00e9cialis\u00e9 dans l\u2019actualit\u00e9 nationale et internationale, l\u2019\u00e9conomie, la soci\u00e9t\u00e9 et les analyses politiques. Le site s\u2019adresse \u00e0 un large public francophone et couvre l\u2019information tunisienne en temps r\u00e9el.","email":"redac@webdo.tn","legalName":"YNJ SARL","foundingDate":"2010-09-06","numberOfEmployees":{"@type":"QuantitativeValue","minValue":"11","maxValue":"50"}},{"@type":"Person","@id":"https:\/\/www.webdo.tn\/fr\/#\/schema\/person\/1f4e491e0907b413d61089e8eb573acc","name":"Webdo","image":{"@type":"ImageObject","inLanguage":"fr-FR","@id":"https:\/\/secure.gravatar.com\/avatar\/de97aeec1bb80978a9dbb127e47dfc88aaacb2f3c29aac907d8d3222e3495d49?s=96&d=mm&r=g","url":"https:\/\/secure.gravatar.com\/avatar\/de97aeec1bb80978a9dbb127e47dfc88aaacb2f3c29aac907d8d3222e3495d49?s=96&d=mm&r=g","contentUrl":"https:\/\/secure.gravatar.com\/avatar\/de97aeec1bb80978a9dbb127e47dfc88aaacb2f3c29aac907d8d3222e3495d49?s=96&d=mm&r=g","caption":"Webdo"},"url":"https:\/\/www.webdo.tn\/fr\/actualite\/author\/webdo\/"}]}},"_links":{"self":[{"href":"https:\/\/www.webdo.tn\/fr\/wp-json\/wp\/v2\/posts\/214135","targetHints":{"allow":["GET"]}}],"collection":[{"href":"https:\/\/www.webdo.tn\/fr\/wp-json\/wp\/v2\/posts"}],"about":[{"href":"https:\/\/www.webdo.tn\/fr\/wp-json\/wp\/v2\/types\/post"}],"author":[{"embeddable":true,"href":"https:\/\/www.webdo.tn\/fr\/wp-json\/wp\/v2\/users\/3169"}],"replies":[{"embeddable":true,"href":"https:\/\/www.webdo.tn\/fr\/wp-json\/wp\/v2\/comments?post=214135"}],"version-history":[{"count":0,"href":"https:\/\/www.webdo.tn\/fr\/wp-json\/wp\/v2\/posts\/214135\/revisions"}],"wp:featuredmedia":[{"embeddable":true,"href":"https:\/\/www.webdo.tn\/fr\/wp-json\/wp\/v2\/media\/247383"}],"wp:attachment":[{"href":"https:\/\/www.webdo.tn\/fr\/wp-json\/wp\/v2\/media?parent=214135"}],"wp:term":[{"taxonomy":"category","embeddable":true,"href":"https:\/\/www.webdo.tn\/fr\/wp-json\/wp\/v2\/categories?post=214135"},{"taxonomy":"post_tag","embeddable":true,"href":"https:\/\/www.webdo.tn\/fr\/wp-json\/wp\/v2\/tags?post=214135"}],"curies":[{"name":"wp","href":"https:\/\/api.w.org\/{rel}","templated":true}]}}