{"id":214128,"date":"2024-05-13T14:54:00","date_gmt":"2024-05-13T14:54:00","guid":{"rendered":"https:\/\/www.webdo.tn\/fr\/blog\/tunisie-l-amt-fustige-les-arrestations-de-sonia-dahmani-mourad-zghidi-et-borhen-bssais\/214128\/"},"modified":"2025-05-20T22:13:19","modified_gmt":"2025-05-20T22:13:19","slug":"tunisie-l-amt-fustige-les-arrestations-de-sonia-dahmani-mourad-zghidi-et-borhen-bssais","status":"publish","type":"post","link":"https:\/\/www.webdo.tn\/fr\/actualite\/national\/tunisie-l-amt-fustige-les-arrestations-de-sonia-dahmani-mourad-zghidi-et-borhen-bssais\/214128\/","title":{"rendered":"Tunisie : L\u2019AMT fustige les arrestations de Sonia Dahmani, Mourad Zghidi et Borhen Bssais"},"content":{"rendered":"<p>L\u2019Association des Magistrats Tunisiens (AMT) a r\u00e9agi \u00e0 l\u2019arrestation de Sonia Dahmani, Mourad Zghidi et Borhen Bssais, estimant que leur arrestation s\u2019inscrit dans le cadre des atteintes aux droits et aux libert\u00e9s.<\/p>\n<p>\t\t\t\t\t\t\t\t\tL\u2019Association des Magistrats Tunisiens a r\u00e9agi \u00e0 l\u2019arrestation de Sonia Dahmani, Mourad Zghidi et Borhen Bssais et aux \u00e9v\u00e8nements survenus samedi 11 mai 2024, dans un communiqu\u00e9 publi\u00e9 ce lundi 13 mai sur sa page Facebook.<\/p>\n<p>L\u2019AMT a d\u00e9nonc\u00e9 la prise d\u2019assaut des locaux de l\u2019Ordre national des avocats de Tunisie et l\u2019arrestation muscl\u00e9e par des policiers masqu\u00e9s, de l\u2019avocate Sonia Dahmani, qualifiant ce fait d\u2019atteinte et de dangereux pr\u00e9c\u00e9dent.<\/p>\n<p>L\u2019AMT estime, par ailleurs, que cette prise d\u2019assaut est une atteinte au m\u00e9tier d\u2019avocat et de son r\u00f4le dans la d\u00e9fense des droits et des libert\u00e9s et des garanties d&rsquo;un proc\u00e8s \u00e9quitable. Comme elle d\u00e9nonce les agressions envers plusieurs avocats et journalistes pr\u00e9sents sur les lieux.<\/p>\n<p>L\u2019AMT condamne \u00e9galement la convocation pour interrogatoire et leur d\u00e9tention pour interrogatoire des journalistes, Mourad Zghidi et Borhen Bssais, en raison de leurs opinions.<\/p>\n<p>Le communiqu\u00e9 rappelle \u00e9galement les mesures prises r\u00e9cemment ont port\u00e9 atteinte \u00e0 l\u2019ind\u00e9pendance judiciaire en Tunisie, et cite pour exemples, la dissolution du Conseil Sup\u00e9rieur de la Magistrature et son remplacement par un conseil int\u00e9rimaire sous l\u2019autorit\u00e9 ex\u00e9cutive, ainsi que l\u2019\u00e9mission de d\u00e9crets permettant au pr\u00e9sident de r\u00e9voquer directement les juges sans garanties de proc\u00e9dure \u00e9quitable, et les pressions exerc\u00e9es sur les juges \u00e0 travers des mutations arbitraires et des sanctions administratives.<\/p>\n<p>Le communiqu\u00e9 exprime \u00e9galement une solidarit\u00e9 totale avec L\u2019Ordre national des avocats tunisiens, appelant \u00e0 l\u2019unit\u00e9 et \u00e0 la r\u00e9sistance face \u00e0 cette attaque sans pr\u00e9c\u00e9dent.<\/p>\n<p>L\u2019AMT condamne \u00e9galement la mont\u00e9e des attaques contre la libert\u00e9 d\u2019expression et de la presse, ainsi que la diminution de sa protection judiciaire, notamment par l\u2019utilisation abusive du d\u00e9cret num\u00e9ro 54 de l\u2019ann\u00e9e 2022, \u00ab contraire aux principes constitutionnels garantissant la libert\u00e9 d\u2019expression et \u00e0 la Convention de Budapest sur la protection du journalisme \u00bb, lit-on dans le m\u00eame communiqu\u00e9.<\/p>\n<p>En conclusion, l\u2019Association des Magistrats Tunisiens r\u00e9it\u00e8re son appel \u00e0 tous les juges, quel que soit leur rang, \u00e0 ne pas abandonner leur r\u00f4le crucial dans la protection des droits et des libert\u00e9s, et \u00e0 r\u00e9sister \u00e0 toute forme de pression qui leur serait impos\u00e9e.<\/p>\n","protected":false},"excerpt":{"rendered":"<p>L\u2019Association des Magistrats Tunisiens a r\u00e9agi \u00e0 l\u2019arrestation de Sonia Dahmani, Mourad Zghidi et Borhen Bssais et aux \u00e9v\u00e8nements survenus samedi 11 mai 2024, d&#8230;<\/p>\n","protected":false},"author":3162,"featured_media":290587,"comment_status":"open","ping_status":"closed","sticky":false,"template":"","format":"standard","meta":{"footnotes":""},"categories":[44],"tags":[8049,6518,7916,6448,3313,2608],"class_list":["post-214128","post","type-post","status-publish","format-standard","has-post-thumbnail","hentry","category-national","tag-amt","tag-borhen-bssais","tag-magistrats","tag-mourad-zghidi","tag-sonia-dahmani","tag-tunisie"],"yoast_head":"<!-- This site is optimized with the Yoast SEO Premium plugin v27.5 (Yoast SEO v27.5) - https:\/\/yoast.com\/product\/yoast-seo-premium-wordpress\/ -->\n<title>Tunisie : L\u2019AMT fustige les arrestations de Sonia Dahmani, Mourad Zghidi et Borhen Bssais<\/title>\n<meta name=\"description\" content=\"L\u2019Association des Magistrats Tunisiens a r\u00e9agi \u00e0 l\u2019arrestation de Sonia Dahmani, Mourad Zghidi et Borhen Bssais et aux \u00e9v\u00e8nements survenus samedi 11 mai 2024, d...\" \/>\n<link rel=\"canonical\" href=\"https:\/\/www.webdo.tn\/fr\/actualite\/national\/tunisie-l-amt-fustige-les-arrestations-de-sonia-dahmani-mourad-zghidi-et-borhen-bssais\/214128\/\" \/>\n<meta property=\"og:locale\" content=\"fr_FR\" \/>\n<meta property=\"og:type\" content=\"article\" \/>\n<meta property=\"og:title\" content=\"Tunisie : L\u2019AMT fustige les arrestations de Sonia Dahmani, Mourad Zghidi et Borhen Bssais\" \/>\n<meta property=\"og:description\" content=\"L\u2019Association des Magistrats Tunisiens a r\u00e9agi \u00e0 l\u2019arrestation de Sonia Dahmani, Mourad Zghidi et Borhen Bssais et aux \u00e9v\u00e8nements survenus samedi 11 mai 2024, d...\" \/>\n<meta property=\"og:url\" content=\"https:\/\/www.webdo.tn\/fr\/actualite\/national\/tunisie-l-amt-fustige-les-arrestations-de-sonia-dahmani-mourad-zghidi-et-borhen-bssais\/214128\/\" \/>\n<meta property=\"og:site_name\" content=\"webdo\" \/>\n<meta property=\"article:publisher\" content=\"https:\/\/www.facebook.com\/webdotn\" \/>\n<meta property=\"article:published_time\" content=\"2024-05-13T14:54:00+00:00\" \/>\n<meta property=\"article:modified_time\" content=\"2025-05-20T22:13:19+00:00\" \/>\n<meta property=\"og:image\" content=\"https:\/\/www.webdo.tn\/fr\/wp-content\/uploads\/2024\/05\/73a0d5e33ce243c7dca9811a7d3792c6.webp\" \/>\n\t<meta property=\"og:image:width\" content=\"750\" \/>\n\t<meta property=\"og:image:height\" content=\"400\" \/>\n\t<meta property=\"og:image:type\" content=\"image\/webp\" \/>\n<meta name=\"author\" content=\"MC\" \/>\n<meta name=\"twitter:card\" content=\"summary_large_image\" \/>\n<meta name=\"twitter:creator\" content=\"@webdo_tn\" \/>\n<meta name=\"twitter:site\" content=\"@webdo_tn\" \/>\n<meta name=\"twitter:label1\" content=\"\u00c9crit par\" \/>\n\t<meta name=\"twitter:data1\" content=\"MC\" \/>\n\t<meta name=\"twitter:label2\" content=\"Dur\u00e9e de lecture estim\u00e9e\" \/>\n\t<meta name=\"twitter:data2\" content=\"2 minutes\" \/>\n<script type=\"application\/ld+json\" class=\"yoast-schema-graph\">{\"@context\":\"https:\\\/\\\/schema.org\",\"@graph\":[{\"@type\":\"NewsArticle\",\"@id\":\"https:\\\/\\\/www.webdo.tn\\\/fr\\\/actualite\\\/national\\\/tunisie-l-amt-fustige-les-arrestations-de-sonia-dahmani-mourad-zghidi-et-borhen-bssais\\\/214128\\\/#article\",\"isPartOf\":{\"@id\":\"https:\\\/\\\/www.webdo.tn\\\/fr\\\/actualite\\\/national\\\/tunisie-l-amt-fustige-les-arrestations-de-sonia-dahmani-mourad-zghidi-et-borhen-bssais\\\/214128\\\/\"},\"author\":{\"name\":\"MC\",\"@id\":\"https:\\\/\\\/www.webdo.tn\\\/fr\\\/#\\\/schema\\\/person\\\/2c4929cbf5a809e3bd38617c6ce150f6\"},\"headline\":\"Tunisie : L\u2019AMT fustige les arrestations de Sonia Dahmani, Mourad Zghidi et Borhen Bssais\",\"datePublished\":\"2024-05-13T14:54:00+00:00\",\"dateModified\":\"2025-05-20T22:13:19+00:00\",\"mainEntityOfPage\":{\"@id\":\"https:\\\/\\\/www.webdo.tn\\\/fr\\\/actualite\\\/national\\\/tunisie-l-amt-fustige-les-arrestations-de-sonia-dahmani-mourad-zghidi-et-borhen-bssais\\\/214128\\\/\"},\"wordCount\":438,\"commentCount\":0,\"publisher\":{\"@id\":\"https:\\\/\\\/www.webdo.tn\\\/fr\\\/#organization\"},\"image\":{\"@id\":\"https:\\\/\\\/www.webdo.tn\\\/fr\\\/actualite\\\/national\\\/tunisie-l-amt-fustige-les-arrestations-de-sonia-dahmani-mourad-zghidi-et-borhen-bssais\\\/214128\\\/#primaryimage\"},\"thumbnailUrl\":\"https:\\\/\\\/www.webdo.tn\\\/fr\\\/wp-content\\\/uploads\\\/2024\\\/05\\\/73a0d5e33ce243c7dca9811a7d3792c6.webp\",\"keywords\":[\"AMT\",\"Borhen Bssais\",\"magistrats\",\"Mourad Zghidi\",\"sonia dahmani\",\"Tunisie\"],\"articleSection\":[\"National\"],\"inLanguage\":\"fr-FR\"},{\"@type\":\"WebPage\",\"@id\":\"https:\\\/\\\/www.webdo.tn\\\/fr\\\/actualite\\\/national\\\/tunisie-l-amt-fustige-les-arrestations-de-sonia-dahmani-mourad-zghidi-et-borhen-bssais\\\/214128\\\/\",\"url\":\"https:\\\/\\\/www.webdo.tn\\\/fr\\\/actualite\\\/national\\\/tunisie-l-amt-fustige-les-arrestations-de-sonia-dahmani-mourad-zghidi-et-borhen-bssais\\\/214128\\\/\",\"name\":\"Tunisie : L\u2019AMT fustige les arrestations de Sonia Dahmani, Mourad Zghidi et Borhen Bssais\",\"isPartOf\":{\"@id\":\"https:\\\/\\\/www.webdo.tn\\\/fr\\\/#website\"},\"primaryImageOfPage\":{\"@id\":\"https:\\\/\\\/www.webdo.tn\\\/fr\\\/actualite\\\/national\\\/tunisie-l-amt-fustige-les-arrestations-de-sonia-dahmani-mourad-zghidi-et-borhen-bssais\\\/214128\\\/#primaryimage\"},\"image\":{\"@id\":\"https:\\\/\\\/www.webdo.tn\\\/fr\\\/actualite\\\/national\\\/tunisie-l-amt-fustige-les-arrestations-de-sonia-dahmani-mourad-zghidi-et-borhen-bssais\\\/214128\\\/#primaryimage\"},\"thumbnailUrl\":\"https:\\\/\\\/www.webdo.tn\\\/fr\\\/wp-content\\\/uploads\\\/2024\\\/05\\\/73a0d5e33ce243c7dca9811a7d3792c6.webp\",\"datePublished\":\"2024-05-13T14:54:00+00:00\",\"dateModified\":\"2025-05-20T22:13:19+00:00\",\"description\":\"L\u2019Association des Magistrats Tunisiens a r\u00e9agi \u00e0 l\u2019arrestation de Sonia Dahmani, Mourad Zghidi et Borhen Bssais et aux \u00e9v\u00e8nements survenus samedi 11 mai 2024, d...\",\"breadcrumb\":{\"@id\":\"https:\\\/\\\/www.webdo.tn\\\/fr\\\/actualite\\\/national\\\/tunisie-l-amt-fustige-les-arrestations-de-sonia-dahmani-mourad-zghidi-et-borhen-bssais\\\/214128\\\/#breadcrumb\"},\"inLanguage\":\"fr-FR\",\"potentialAction\":[{\"@type\":\"ReadAction\",\"target\":[\"https:\\\/\\\/www.webdo.tn\\\/fr\\\/actualite\\\/national\\\/tunisie-l-amt-fustige-les-arrestations-de-sonia-dahmani-mourad-zghidi-et-borhen-bssais\\\/214128\\\/\"]}]},{\"@type\":\"ImageObject\",\"inLanguage\":\"fr-FR\",\"@id\":\"https:\\\/\\\/www.webdo.tn\\\/fr\\\/actualite\\\/national\\\/tunisie-l-amt-fustige-les-arrestations-de-sonia-dahmani-mourad-zghidi-et-borhen-bssais\\\/214128\\\/#primaryimage\",\"url\":\"https:\\\/\\\/www.webdo.tn\\\/fr\\\/wp-content\\\/uploads\\\/2024\\\/05\\\/73a0d5e33ce243c7dca9811a7d3792c6.webp\",\"contentUrl\":\"https:\\\/\\\/www.webdo.tn\\\/fr\\\/wp-content\\\/uploads\\\/2024\\\/05\\\/73a0d5e33ce243c7dca9811a7d3792c6.webp\",\"width\":750,\"height\":400,\"caption\":\"Tunisie : L\u2019AMT fustige les arrestations de Sonia Dahmani, Mourad Zghidi et Borhen Bssais\"},{\"@type\":\"BreadcrumbList\",\"@id\":\"https:\\\/\\\/www.webdo.tn\\\/fr\\\/actualite\\\/national\\\/tunisie-l-amt-fustige-les-arrestations-de-sonia-dahmani-mourad-zghidi-et-borhen-bssais\\\/214128\\\/#breadcrumb\",\"itemListElement\":[{\"@type\":\"ListItem\",\"position\":1,\"name\":\"Accueil\",\"item\":\"https:\\\/\\\/www.webdo.tn\\\/fr\\\/\"},{\"@type\":\"ListItem\",\"position\":2,\"name\":\"Tunisie : L\u2019AMT fustige les arrestations de Sonia Dahmani, Mourad Zghidi et Borhen Bssais\"}]},{\"@type\":\"WebSite\",\"@id\":\"https:\\\/\\\/www.webdo.tn\\\/fr\\\/#website\",\"url\":\"https:\\\/\\\/www.webdo.tn\\\/fr\\\/\",\"name\":\"webdo\",\"description\":\"Tunisie - News en Tunisie et \u00e0 l&#039;international sur Webdo.tn\",\"publisher\":{\"@id\":\"https:\\\/\\\/www.webdo.tn\\\/fr\\\/#organization\"},\"potentialAction\":[{\"@type\":\"SearchAction\",\"target\":{\"@type\":\"EntryPoint\",\"urlTemplate\":\"https:\\\/\\\/www.webdo.tn\\\/fr\\\/?s={search_term_string}\"},\"query-input\":{\"@type\":\"PropertyValueSpecification\",\"valueRequired\":true,\"valueName\":\"search_term_string\"}}],\"inLanguage\":\"fr-FR\"},{\"@type\":\"Organization\",\"@id\":\"https:\\\/\\\/www.webdo.tn\\\/fr\\\/#organization\",\"name\":\"Webdo\",\"alternateName\":\"Webdo.tn\",\"url\":\"https:\\\/\\\/www.webdo.tn\\\/fr\\\/\",\"logo\":{\"@type\":\"ImageObject\",\"inLanguage\":\"fr-FR\",\"@id\":\"https:\\\/\\\/www.webdo.tn\\\/fr\\\/#\\\/schema\\\/logo\\\/image\\\/\",\"url\":\"https:\\\/\\\/www.webdo.tn\\\/fr\\\/wp-content\\\/uploads\\\/2025\\\/06\\\/Webdo-Tunisie_168377.jpg\",\"contentUrl\":\"https:\\\/\\\/www.webdo.tn\\\/fr\\\/wp-content\\\/uploads\\\/2025\\\/06\\\/Webdo-Tunisie_168377.jpg\",\"width\":301,\"height\":301,\"caption\":\"Webdo\"},\"image\":{\"@id\":\"https:\\\/\\\/www.webdo.tn\\\/fr\\\/#\\\/schema\\\/logo\\\/image\\\/\"},\"sameAs\":[\"https:\\\/\\\/www.facebook.com\\\/webdotn\",\"https:\\\/\\\/x.com\\\/webdo_tn\"],\"description\":\"Webdo est un m\u00e9dia num\u00e9rique tunisien fond\u00e9 en 2010, sp\u00e9cialis\u00e9 dans l\u2019actualit\u00e9 nationale et internationale, l\u2019\u00e9conomie, la soci\u00e9t\u00e9 et les analyses politiques. Le site s\u2019adresse \u00e0 un large public francophone et couvre l\u2019information tunisienne en temps r\u00e9el.\",\"email\":\"redac@webdo.tn\",\"legalName\":\"YNJ SARL\",\"foundingDate\":\"2010-09-06\",\"numberOfEmployees\":{\"@type\":\"QuantitativeValue\",\"minValue\":\"11\",\"maxValue\":\"50\"}},{\"@type\":\"Person\",\"@id\":\"https:\\\/\\\/www.webdo.tn\\\/fr\\\/#\\\/schema\\\/person\\\/2c4929cbf5a809e3bd38617c6ce150f6\",\"name\":\"MC\",\"image\":{\"@type\":\"ImageObject\",\"inLanguage\":\"fr-FR\",\"@id\":\"https:\\\/\\\/secure.gravatar.com\\\/avatar\\\/a545bbb6f84efdd5553dbbc2895e3ca8f1d12c5215e00a041c9670b54aa9b18a?s=96&d=mm&r=g\",\"url\":\"https:\\\/\\\/secure.gravatar.com\\\/avatar\\\/a545bbb6f84efdd5553dbbc2895e3ca8f1d12c5215e00a041c9670b54aa9b18a?s=96&d=mm&r=g\",\"contentUrl\":\"https:\\\/\\\/secure.gravatar.com\\\/avatar\\\/a545bbb6f84efdd5553dbbc2895e3ca8f1d12c5215e00a041c9670b54aa9b18a?s=96&d=mm&r=g\",\"caption\":\"MC\"},\"url\":\"https:\\\/\\\/www.webdo.tn\\\/fr\\\/actualite\\\/author\\\/mc\\\/\"}]}<\/script>\n<!-- \/ Yoast SEO Premium plugin. -->","yoast_head_json":{"title":"Tunisie : L\u2019AMT fustige les arrestations de Sonia Dahmani, Mourad Zghidi et Borhen Bssais","description":"L\u2019Association des Magistrats Tunisiens a r\u00e9agi \u00e0 l\u2019arrestation de Sonia Dahmani, Mourad Zghidi et Borhen Bssais et aux \u00e9v\u00e8nements survenus samedi 11 mai 2024, d...","canonical":"https:\/\/www.webdo.tn\/fr\/actualite\/national\/tunisie-l-amt-fustige-les-arrestations-de-sonia-dahmani-mourad-zghidi-et-borhen-bssais\/214128\/","og_locale":"fr_FR","og_type":"article","og_title":"Tunisie : L\u2019AMT fustige les arrestations de Sonia Dahmani, Mourad Zghidi et Borhen Bssais","og_description":"L\u2019Association des Magistrats Tunisiens a r\u00e9agi \u00e0 l\u2019arrestation de Sonia Dahmani, Mourad Zghidi et Borhen Bssais et aux \u00e9v\u00e8nements survenus samedi 11 mai 2024, d...","og_url":"https:\/\/www.webdo.tn\/fr\/actualite\/national\/tunisie-l-amt-fustige-les-arrestations-de-sonia-dahmani-mourad-zghidi-et-borhen-bssais\/214128\/","og_site_name":"webdo","article_publisher":"https:\/\/www.facebook.com\/webdotn","article_published_time":"2024-05-13T14:54:00+00:00","article_modified_time":"2025-05-20T22:13:19+00:00","og_image":[{"width":750,"height":400,"url":"https:\/\/www.webdo.tn\/fr\/wp-content\/uploads\/2024\/05\/73a0d5e33ce243c7dca9811a7d3792c6.webp","type":"image\/webp"}],"author":"MC","twitter_card":"summary_large_image","twitter_creator":"@webdo_tn","twitter_site":"@webdo_tn","twitter_misc":{"\u00c9crit par":"MC","Dur\u00e9e de lecture estim\u00e9e":"2 minutes"},"schema":{"@context":"https:\/\/schema.org","@graph":[{"@type":"NewsArticle","@id":"https:\/\/www.webdo.tn\/fr\/actualite\/national\/tunisie-l-amt-fustige-les-arrestations-de-sonia-dahmani-mourad-zghidi-et-borhen-bssais\/214128\/#article","isPartOf":{"@id":"https:\/\/www.webdo.tn\/fr\/actualite\/national\/tunisie-l-amt-fustige-les-arrestations-de-sonia-dahmani-mourad-zghidi-et-borhen-bssais\/214128\/"},"author":{"name":"MC","@id":"https:\/\/www.webdo.tn\/fr\/#\/schema\/person\/2c4929cbf5a809e3bd38617c6ce150f6"},"headline":"Tunisie : L\u2019AMT fustige les arrestations de Sonia Dahmani, Mourad Zghidi et Borhen Bssais","datePublished":"2024-05-13T14:54:00+00:00","dateModified":"2025-05-20T22:13:19+00:00","mainEntityOfPage":{"@id":"https:\/\/www.webdo.tn\/fr\/actualite\/national\/tunisie-l-amt-fustige-les-arrestations-de-sonia-dahmani-mourad-zghidi-et-borhen-bssais\/214128\/"},"wordCount":438,"commentCount":0,"publisher":{"@id":"https:\/\/www.webdo.tn\/fr\/#organization"},"image":{"@id":"https:\/\/www.webdo.tn\/fr\/actualite\/national\/tunisie-l-amt-fustige-les-arrestations-de-sonia-dahmani-mourad-zghidi-et-borhen-bssais\/214128\/#primaryimage"},"thumbnailUrl":"https:\/\/www.webdo.tn\/fr\/wp-content\/uploads\/2024\/05\/73a0d5e33ce243c7dca9811a7d3792c6.webp","keywords":["AMT","Borhen Bssais","magistrats","Mourad Zghidi","sonia dahmani","Tunisie"],"articleSection":["National"],"inLanguage":"fr-FR"},{"@type":"WebPage","@id":"https:\/\/www.webdo.tn\/fr\/actualite\/national\/tunisie-l-amt-fustige-les-arrestations-de-sonia-dahmani-mourad-zghidi-et-borhen-bssais\/214128\/","url":"https:\/\/www.webdo.tn\/fr\/actualite\/national\/tunisie-l-amt-fustige-les-arrestations-de-sonia-dahmani-mourad-zghidi-et-borhen-bssais\/214128\/","name":"Tunisie : L\u2019AMT fustige les arrestations de Sonia Dahmani, Mourad Zghidi et Borhen Bssais","isPartOf":{"@id":"https:\/\/www.webdo.tn\/fr\/#website"},"primaryImageOfPage":{"@id":"https:\/\/www.webdo.tn\/fr\/actualite\/national\/tunisie-l-amt-fustige-les-arrestations-de-sonia-dahmani-mourad-zghidi-et-borhen-bssais\/214128\/#primaryimage"},"image":{"@id":"https:\/\/www.webdo.tn\/fr\/actualite\/national\/tunisie-l-amt-fustige-les-arrestations-de-sonia-dahmani-mourad-zghidi-et-borhen-bssais\/214128\/#primaryimage"},"thumbnailUrl":"https:\/\/www.webdo.tn\/fr\/wp-content\/uploads\/2024\/05\/73a0d5e33ce243c7dca9811a7d3792c6.webp","datePublished":"2024-05-13T14:54:00+00:00","dateModified":"2025-05-20T22:13:19+00:00","description":"L\u2019Association des Magistrats Tunisiens a r\u00e9agi \u00e0 l\u2019arrestation de Sonia Dahmani, Mourad Zghidi et Borhen Bssais et aux \u00e9v\u00e8nements survenus samedi 11 mai 2024, d...","breadcrumb":{"@id":"https:\/\/www.webdo.tn\/fr\/actualite\/national\/tunisie-l-amt-fustige-les-arrestations-de-sonia-dahmani-mourad-zghidi-et-borhen-bssais\/214128\/#breadcrumb"},"inLanguage":"fr-FR","potentialAction":[{"@type":"ReadAction","target":["https:\/\/www.webdo.tn\/fr\/actualite\/national\/tunisie-l-amt-fustige-les-arrestations-de-sonia-dahmani-mourad-zghidi-et-borhen-bssais\/214128\/"]}]},{"@type":"ImageObject","inLanguage":"fr-FR","@id":"https:\/\/www.webdo.tn\/fr\/actualite\/national\/tunisie-l-amt-fustige-les-arrestations-de-sonia-dahmani-mourad-zghidi-et-borhen-bssais\/214128\/#primaryimage","url":"https:\/\/www.webdo.tn\/fr\/wp-content\/uploads\/2024\/05\/73a0d5e33ce243c7dca9811a7d3792c6.webp","contentUrl":"https:\/\/www.webdo.tn\/fr\/wp-content\/uploads\/2024\/05\/73a0d5e33ce243c7dca9811a7d3792c6.webp","width":750,"height":400,"caption":"Tunisie : L\u2019AMT fustige les arrestations de Sonia Dahmani, Mourad Zghidi et Borhen Bssais"},{"@type":"BreadcrumbList","@id":"https:\/\/www.webdo.tn\/fr\/actualite\/national\/tunisie-l-amt-fustige-les-arrestations-de-sonia-dahmani-mourad-zghidi-et-borhen-bssais\/214128\/#breadcrumb","itemListElement":[{"@type":"ListItem","position":1,"name":"Accueil","item":"https:\/\/www.webdo.tn\/fr\/"},{"@type":"ListItem","position":2,"name":"Tunisie : L\u2019AMT fustige les arrestations de Sonia Dahmani, Mourad Zghidi et Borhen Bssais"}]},{"@type":"WebSite","@id":"https:\/\/www.webdo.tn\/fr\/#website","url":"https:\/\/www.webdo.tn\/fr\/","name":"webdo","description":"Tunisie - News en Tunisie et \u00e0 l&#039;international sur Webdo.tn","publisher":{"@id":"https:\/\/www.webdo.tn\/fr\/#organization"},"potentialAction":[{"@type":"SearchAction","target":{"@type":"EntryPoint","urlTemplate":"https:\/\/www.webdo.tn\/fr\/?s={search_term_string}"},"query-input":{"@type":"PropertyValueSpecification","valueRequired":true,"valueName":"search_term_string"}}],"inLanguage":"fr-FR"},{"@type":"Organization","@id":"https:\/\/www.webdo.tn\/fr\/#organization","name":"Webdo","alternateName":"Webdo.tn","url":"https:\/\/www.webdo.tn\/fr\/","logo":{"@type":"ImageObject","inLanguage":"fr-FR","@id":"https:\/\/www.webdo.tn\/fr\/#\/schema\/logo\/image\/","url":"https:\/\/www.webdo.tn\/fr\/wp-content\/uploads\/2025\/06\/Webdo-Tunisie_168377.jpg","contentUrl":"https:\/\/www.webdo.tn\/fr\/wp-content\/uploads\/2025\/06\/Webdo-Tunisie_168377.jpg","width":301,"height":301,"caption":"Webdo"},"image":{"@id":"https:\/\/www.webdo.tn\/fr\/#\/schema\/logo\/image\/"},"sameAs":["https:\/\/www.facebook.com\/webdotn","https:\/\/x.com\/webdo_tn"],"description":"Webdo est un m\u00e9dia num\u00e9rique tunisien fond\u00e9 en 2010, sp\u00e9cialis\u00e9 dans l\u2019actualit\u00e9 nationale et internationale, l\u2019\u00e9conomie, la soci\u00e9t\u00e9 et les analyses politiques. Le site s\u2019adresse \u00e0 un large public francophone et couvre l\u2019information tunisienne en temps r\u00e9el.","email":"redac@webdo.tn","legalName":"YNJ SARL","foundingDate":"2010-09-06","numberOfEmployees":{"@type":"QuantitativeValue","minValue":"11","maxValue":"50"}},{"@type":"Person","@id":"https:\/\/www.webdo.tn\/fr\/#\/schema\/person\/2c4929cbf5a809e3bd38617c6ce150f6","name":"MC","image":{"@type":"ImageObject","inLanguage":"fr-FR","@id":"https:\/\/secure.gravatar.com\/avatar\/a545bbb6f84efdd5553dbbc2895e3ca8f1d12c5215e00a041c9670b54aa9b18a?s=96&d=mm&r=g","url":"https:\/\/secure.gravatar.com\/avatar\/a545bbb6f84efdd5553dbbc2895e3ca8f1d12c5215e00a041c9670b54aa9b18a?s=96&d=mm&r=g","contentUrl":"https:\/\/secure.gravatar.com\/avatar\/a545bbb6f84efdd5553dbbc2895e3ca8f1d12c5215e00a041c9670b54aa9b18a?s=96&d=mm&r=g","caption":"MC"},"url":"https:\/\/www.webdo.tn\/fr\/actualite\/author\/mc\/"}]}},"_links":{"self":[{"href":"https:\/\/www.webdo.tn\/fr\/wp-json\/wp\/v2\/posts\/214128","targetHints":{"allow":["GET"]}}],"collection":[{"href":"https:\/\/www.webdo.tn\/fr\/wp-json\/wp\/v2\/posts"}],"about":[{"href":"https:\/\/www.webdo.tn\/fr\/wp-json\/wp\/v2\/types\/post"}],"author":[{"embeddable":true,"href":"https:\/\/www.webdo.tn\/fr\/wp-json\/wp\/v2\/users\/3162"}],"replies":[{"embeddable":true,"href":"https:\/\/www.webdo.tn\/fr\/wp-json\/wp\/v2\/comments?post=214128"}],"version-history":[{"count":0,"href":"https:\/\/www.webdo.tn\/fr\/wp-json\/wp\/v2\/posts\/214128\/revisions"}],"wp:featuredmedia":[{"embeddable":true,"href":"https:\/\/www.webdo.tn\/fr\/wp-json\/wp\/v2\/media\/290587"}],"wp:attachment":[{"href":"https:\/\/www.webdo.tn\/fr\/wp-json\/wp\/v2\/media?parent=214128"}],"wp:term":[{"taxonomy":"category","embeddable":true,"href":"https:\/\/www.webdo.tn\/fr\/wp-json\/wp\/v2\/categories?post=214128"},{"taxonomy":"post_tag","embeddable":true,"href":"https:\/\/www.webdo.tn\/fr\/wp-json\/wp\/v2\/tags?post=214128"}],"curies":[{"name":"wp","href":"https:\/\/api.w.org\/{rel}","templated":true}]}}