{"id":214127,"date":"2024-05-13T14:39:00","date_gmt":"2024-05-13T14:39:00","guid":{"rendered":"https:\/\/www.webdo.tn\/fr\/blog\/cannes-2024-synopsis-des-films-de-la-section-un-certain-regard\/214127\/"},"modified":"2025-05-21T08:57:28","modified_gmt":"2025-05-21T08:57:28","slug":"cannes-2024-synopsis-des-films-de-la-section-un-certain-regard","status":"publish","type":"post","link":"https:\/\/www.webdo.tn\/fr\/actualite\/culture\/cannes-2024-synopsis-des-films-de-la-section-un-certain-regard\/214127\/","title":{"rendered":"Cannes 2024 \u2013 Synopsis des films de la section Un Certain Regard"},"content":{"rendered":"<div class=\"single-body entry-content typography-copy\" itemprop=\"articleBody\">\n<p style=\"font-weight: bold; text-align: justify\">\n\t\t\t\t\t\t\t\t\tCannes 2024 \u2013 Synopsis des films de la section Un Certain Regard\n\t\t\t\t\t\t\t\t<\/p>\n<div class=\"coprs\" style=\"text-align: center\"><\/div>\n<div class=\"coprs\" style=\"text-align: justify\">\n<p><span><span>Alors que les projecteurs se pr\u00e9parent \u00e0 illuminer la Croisette et que le glamour envahit l&rsquo;atmosph\u00e8re de la C\u00f4te d&rsquo;Azur, le monde du cin\u00e9ma se tourne avec excitation vers un \u00e9v\u00e9nement qui d\u00e9finit l&rsquo;agenda cin\u00e9matographique mondial : le Festival de Cannes. Du 14 au 25 mai 2024, cette c\u00e9l\u00e8bre vitrine du septi\u00e8me art offrira une exp\u00e9rience cin\u00e9matographique incomparable, c\u00e9l\u00e9brant la diversit\u00e9, l&rsquo;audace et l&rsquo;innovation dans le monde du cin\u00e9ma.<\/span><\/span><\/p>\n<p><span><span>Parmi les nombreuses sections qui composent ce festival prestigieux, <a href=\"https:\/\/www.webdo.tn\/fr\/actualite\/culture\/festival-de-cannes-certain-regard\/199658\">Un Certain Regard se distingue comme un espace d\u00e9di\u00e9 \u00e0 la d\u00e9couverte de nouveaux talents, de voix singuli\u00e8res et d&rsquo;\u0153uvres cin\u00e9matographiques audacieuses<\/a>. Cette ann\u00e9e ne fait pas exception, avec une s\u00e9lection \u00e9clectique de dix-huit films qui promettent de captiver et d&rsquo;inspirer les spectateurs du monde entier. Notamment, huit de ces dix-huit films sont des premiers films, d\u00e9montrant ainsi que la section Un Certain Regard demeure un tremplin crucial pour les cin\u00e9astes \u00e9mergents et les jeunes talents.<\/span><\/span><\/p>\n<p><span><span>La diversit\u00e9 culturelle est au c\u0153ur de cette s\u00e9lection, mettant en lumi\u00e8re des histoires et des r\u00e9alit\u00e9s souvent m\u00e9connues ou marginalis\u00e9es. Des paysages sauvages de l&rsquo;Islande <a href=\"https:\/\/www.webdo.tn\/fr\/actualite\/culture\/cannes-2024-une-celebration-du-cinema-indien\/213996\">aux ruelles ensoleill\u00e9es de l&rsquo;Inde<\/a> en passant par les d\u00e9serts arides de l&rsquo;Arabie saoudite, les films pr\u00e9sent\u00e9s dans la section Un Certain Regard offrent un voyage cin\u00e9matographique riche en \u00e9motions, en r\u00e9flexions et en d\u00e9couvertes artistiques.<\/span><\/span><\/p>\n<p><span><span>Une des nouveaut\u00e9s marquantes cette ann\u00e9e est la pr\u00e9sence d&rsquo;un film d&rsquo;Arabie saoudite, une premi\u00e8re dans l&rsquo;histoire du festival de Cannes. Mais cela n\u2019est pas \u00e9tonnant, ce pays, ces derni\u00e8res ann\u00e9es, s&rsquo;est engag\u00e9 dans une d\u00e9marche ambitieuse de promotion du cin\u00e9ma arabe, notamment \u00e0 travers des initiatives telles que le Red Sea Film Festival, qui multiplie les coproductions internationales.<\/span><\/span><\/p>\n<p><span><span>En solidarit\u00e9 avec le mouvement #MeToo, le court m\u00e9trage <em>Moi aussi<\/em>, sera pr\u00e9sent\u00e9 en avant-premi\u00e8re lors de la c\u00e9r\u00e9monie d&rsquo;ouverture pr\u00e9vue le 15 mai, \u00e0 la salle Debussy du Palais des Festivals et au \u00a0Cin\u00e9ma de la Plage en acc\u00e8s libre. R\u00e9alis\u00e9 par l&rsquo;actrice, r\u00e9alisatrice, sc\u00e9nariste et productrice fran\u00e7aise Judith Godr\u00e8che, ce film porte un message poignant, plongeant au c\u0153ur des r\u00e9cits de victimes de violences sexuelles. Avec une sensibilit\u00e9 saisissante, Judith Godr\u00e8che offre une plateforme \u00e0 ces exp\u00e9riences individuelles, les tissant dans un r\u00e9cit universellement tragique mais essentiel. Cette initiative artistique transcende les fronti\u00e8res du 7e Art pour s&rsquo;adresser \u00e0 la soci\u00e9t\u00e9 dans son ensemble, interpellant sur les abus persistants et la responsabilit\u00e9 collective. Trois mois apr\u00e8s un appel vibrant \u00e0 l&rsquo;action contre les abus sexuels dans le cin\u00e9ma fran\u00e7ais, Judith Godr\u00e8che prend la parole \u00e0 travers l&rsquo;\u00e9criture et le cin\u00e9ma, r\u00e9unissant des femmes et des hommes ayant partag\u00e9 leur v\u00e9cu traumatique. Ce film, v\u00e9ritable \u0153uvre chorale, se veut le reflet d&rsquo;une r\u00e9alit\u00e9 o\u00f9 la douleur sans mots se mue progressivement en lib\u00e9ration par la parole. \u00c0 travers la musique, la danse et l&rsquo;image,<em> Moi aussi <\/em>offre un espace de r\u00e9flexion aussi physique que symbolique, unissant les voix et les exp\u00e9riences dans un geste militant pour la reconnaissance et la gu\u00e9rison.<\/span><\/span><\/p>\n<p><strong><u><span><span><span><span>Place maintenant \u00e0 la d\u00e9couverte de la s\u00e9lection des films Un Certain Regard\u00a0:<\/span><\/span><\/span><\/span><\/u><\/strong><\/p>\n<p>\u00a0<\/p>\n<p><img decoding=\"async\" alt=\"\" height=\"1024\" src=\"\/assets\/uploads\/images\/\/Neila\/Cannes%202024%20UCR%20When%20the%20Light%20Breaks.jpeg\" width=\"1024\"><\/p>\n<p>\u00a0<\/p>\n<p><span><span><strong>WHEN THE LIGHT BREAKS<\/strong> de R\u00fanar R\u00fanarsson (C\u2019est film qui fera l\u2019ouverture du Certain Regard le mercredi 15 mai).<\/span><\/span><\/p>\n<p><span><span>Synopsis<\/span><\/span><br \/>\n<span><span>Le jour se l\u00e8ve sur une longue journ\u00e9e d\u2019\u00e9t\u00e9 en Islande. D\u2019un coucher de soleil \u00e0 l\u2019autre, Una, une jeune \u00e9tudiante en art, rencontre l\u2019amour, l\u2019amiti\u00e9, le chagrin et la beaut\u00e9.<\/span><\/span><\/p>\n<p><span><span>Pays : Islande, Pays-Bas, Croatie, France<br \/>\nDur\u00e9e : 82 minutes<\/span><\/span><\/p>\n<p>\u00a0<\/p>\n<p><img decoding=\"async\" alt=\"\" height=\"1200\" src=\"\/assets\/uploads\/images\/\/Neila\/Cannes%202024%20UCR%20NORAH%20.jpeg\" width=\"810\"><\/p>\n<p>\u00a0<\/p>\n<p><span><span><strong>NORAH<\/strong>\u00a0de Tawfik ALZAIDI (1<sup>er<\/sup> film)<\/span><\/span><\/p>\n<p><span><span>Synopsis\u00a0:<br \/>\nAncr\u00e9e dans l\u2019Arabie Saoudite des ann\u00e9es 90, <em>NORAH<\/em> raconte l\u2019histoire touchante d\u2019un nouvel instituteur (Nader) et d\u2019une jeune femme (Norah), dans un petit village isol\u00e9. A cette \u00e9poque, toute expression artistique est formellement interdite. En d\u00e9pit des risques qu\u2019ils encourent, Norah et Nader cultivent une amiti\u00e9 tendre et s\u2019inspirent mutuellement pour pr\u00e9server leur cr\u00e9ativit\u00e9 malgr\u00e9 les restrictions. Nader, artiste \u00e0 l\u2019origine, ouvre les yeux de Norah sur le vaste monde au-del\u00e0 du village. Elle r\u00e9alise qu\u2019elle doit quitter son environnement pour trouver le lieu o\u00f9 ses envies artistiques pourront s\u2019exprimer librement.<\/span><\/span><\/p>\n<p><span><span>Pays : Arabie Saoudite<br \/>\nDur\u00e9e : 94 minutes<\/span><\/span><\/p>\n<p>\u00a0<\/p>\n<p><img decoding=\"async\" alt=\"\" height=\"905\" src=\"\/assets\/uploads\/images\/\/Neila\/Cannes%202024%20UCR%20Shameless%20.jpeg\" width=\"640\"><\/p>\n<p>\u00a0<\/p>\n<p><span><span><strong>THE SHAMELESS<\/strong>\u00a0de Konstantin BOJANOV<\/span><\/span><\/p>\n<p><span><span>Synopsis\u00a0:<br \/>\nNadira (27) s\u2019\u00e9chappe, au milieu de la nuit, d\u2019un bordel de Delhi apr\u00e8s avoir poignard\u00e9 \u00e0 mort un policier abusif. Elle trouve refuge temporairement dans une communaut\u00e9 de travailleuses du sexe Devadasi du Sud de l\u2019Inde, o\u00f9 elle prend le nom indien de Renuka. Elle y tombe amoureuse de Devika, une jeune fille de 17 ans \u00e9motionnellement fragile. Sa rencontre avec Renuka va pousser Devika \u00e0 affronter sa m\u00e8re et \u00e0 se rebeller contre l\u2019institution s\u00e9culaire et oppressive des cons\u00e9crations religieuses.<\/span><\/span><\/p>\n<p><span><span>Pays : Suisse, Bulgarie, France, Ta\u00efwan, Inde<br \/>\nDur\u00e9e : 115 minutes<\/span><\/span><\/p>\n<p>\u00a0<\/p>\n<p><img decoding=\"async\" alt=\"\" height=\"800\" src=\"\/assets\/uploads\/images\/\/Neila\/Cannes%202024%20UCR%20le%20royaume.jpeg\" width=\"800\"><\/p>\n<p>\u00a0<\/p>\n<p><span><span><strong>LE ROYAUME<\/strong>\u00a0de Julien COLONNA (1<sup>er<\/sup> film)<\/span><\/span><\/p>\n<p><span><span>Synopsis\u00a0:<br \/>\nCorse, 1995. Lesia vit son premier \u00e9t\u00e9 d\u2019adolescente. Un jour, un homme fait irruption et la conduit \u00e0 moto dans une villa isol\u00e9e o\u00f9 elle retrouve son p\u00e8re, en planque, entour\u00e9 de ses hommes. Une guerre \u00e9clate dans le milieu et l\u2019\u00e9tau se resserre autour du clan. La mort frappe. Commence alors une cavale au cours de laquelle p\u00e8re et fille vont apprendre \u00e0 se regarder, \u00e0 se comprendre et \u00e0 s\u2019aimer.<\/span><\/span><\/p>\n<p><span><span>Pays : France<br \/>\nDur\u00e9e : 108 minutes<\/span><\/span><\/p>\n<p>\u00a0<\/p>\n<p><img decoding=\"async\" alt=\"\" height=\"1080\" src=\"\/assets\/uploads\/images\/\/Neila\/Cannes%202024%20UCR%20Vingt%20Dieux%20(1).jpeg\" width=\"1080\"><\/p>\n<p>\u00a0<\/p>\n<p><span><span><strong>VINGT DIEUX <\/strong>de Louise COURVOISIER (1<sup>er<\/sup> film)<\/span><\/span><\/p>\n<p><span><span>Synopsis\u00a0:<br \/>\nTotone, 18 ans, passe le plus clair de son temps \u00e0 boire des bi\u00e8res et \u00e9cumer les bals du Jura avec sa bande de potes. Mais la r\u00e9alit\u00e9 le rattrape : il doit s\u2019occuper de sa petite s\u0153ur de 7 ans et trouver un moyen de gagner sa vie. Il se met alors en t\u00eate de fabriquer le meilleur comt\u00e9 de la r\u00e9gion, celui avec lequel il remporterait la m\u00e9daille d\u2019or du concours agricole et 30 000 euros.<\/span><\/span><\/p>\n<p><span><span>Pays : France<br \/>\nDur\u00e9e : 90 minutes<\/span><\/span><\/p>\n<p>\u00a0<\/p>\n<p><img decoding=\"async\" alt=\"\" height=\"1080\" src=\"\/assets\/uploads\/images\/\/Neila\/Cannes%202024%20UCR%20LE%20PROCE%CC%80S%20DU%20CHIEN.jpeg\" width=\"1080\"><\/p>\n<p>\u00a0<\/p>\n<p><span><span><strong>LE PROC\u00c8S DU CHIEN\u00a0(WHO LET THE DOG BITE?)<\/strong> de Laetitia DOSCH\u00a0(1<sup>er<\/sup> film)<\/span><\/span><\/p>\n<p><span><span>Synopsis\u00a0:<br \/>\nAvril, avocate abonn\u00e9e aux causes perdues, s\u2019est fait une promesse : sa prochaine affaire, elle la gagne! Mais lorsque Dariuch, client aussi d\u00e9sesp\u00e9r\u00e9 que sa cause, lui demande de d\u00e9fendre son fid\u00e8le compagnon Cosmos, les convictions d\u2019Avril reprennent le dessus. Commence alors un proc\u00e8s aussi inattendu qu\u2019agit\u00e9: le proc\u00e8s du chien.<\/span><\/span><\/p>\n<p><span><span>Pays : Suisse, France<br \/>\nDur\u00e9e : 85 minutes<\/span><\/span><\/p>\n<p>\u00a0<\/p>\n<p><img decoding=\"async\" alt=\"\" height=\"576\" src=\"\/assets\/uploads\/images\/\/Neila\/Cannes%202024%20UCR%20GOU%20ZHEN%20.jpeg\" width=\"1024\"><\/p>\n<p>\n<span><span><strong>GOU ZHEN\u00a0(BLACK DOG)<\/strong> de GUAN Hu<\/span><\/span><\/p>\n<p><span><span>Synopsis\u00a0:<br \/>\nLang retourne dans sa ville natale aux portes du d\u00e9sert de Gobi. Alors qu\u2019il travaille pour la patrouille locale charg\u00e9e de d\u00e9barrasser la ville des chiens errants, il noue une \u00e9trange relation avec l\u2019un d\u2019entre eux. Ces deux \u00e2mes solitaires embarquent alors pour un nouveau voyage ensemble\u2026<\/span><\/span><\/p>\n<p><span><span>Pays : Chine<br \/>\nDur\u00e9e : 106 minutes<\/span><\/span><\/p>\n<p>\u00a0<\/p>\n<p><img decoding=\"async\" alt=\"\" height=\"1200\" src=\"\/assets\/uploads\/images\/\/Neila\/Cannes%202024%20UCR%20The%20Village%20Next%20to%20Paradise.jpeg\" width=\"1200\"><\/p>\n<p>\u00a0<\/p>\n<p><span><span><strong>THE VILLAGE NEXT TO PARADISE<\/strong>\u00a0de Mo HARAWE (1er\u00a0film)<\/span><\/span><\/p>\n<p><span><span>Synopsis\u00a0:<br \/>\nDans un village perdu en plein d\u00e9sert somalien, Mamargade, un p\u00e8re c\u00e9libataire, cumule les petits boulots pour survivre. Sa s\u0153ur Araweelo s\u2019est r\u00e9fugi\u00e9e chez lui apr\u00e8s une dispute conjugale turbulente. Le potentiel de Cigaal, le fils de Mamargade, est ignor\u00e9 en raison de la situation au coeur de l\u2019intimit\u00e9 de cette famille fragile. Mamargade et sa s\u0153ur se font confiance mais n\u2019auraient pas choisi de vivre ensemble si les circonstances ne les y avaient pas contraints. La vie quotidienne de cette famille est indissociable de la situation sociopolitique d\u2019un pays en proie aux troubles politiques, aux catastrophes naturelles et \u00e0 l\u2019h\u00e9ritage du colonialisme.<\/span><\/span><\/p>\n<p><span><span>Pays : Autriche, France, Allemagne, Somalie<br \/>\nDur\u00e9e : 133 minutes<\/span><\/span><\/p>\n<p>\u00a0<\/p>\n<p><img decoding=\"async\" alt=\"\" height=\"1200\" src=\"\/assets\/uploads\/images\/\/Neila\/Cannes%202024%20UCR%20SEPTEMBER%20SAYS.jpeg\" width=\"1200\"><\/p>\n<p>\u00a0<\/p>\n<p><span><span><strong>SEPTEMBER SAYS<\/strong>\u00a0de Ariane LABED\u00a0(1er\u00a0film)<\/span><\/span><\/p>\n<p><span><span>Synopsis\u00a0:<br \/>\nLes s\u0153urs July et September s\u2019entendent comme larrons en foire, bien qu\u2019elles soient tr\u00e8s diff\u00e9rentes \u2013 September est protectrice et se m\u00e9fie des autres, tandis que July est ouverte et curieuse du monde. Leur dynamique est une pr\u00e9occupation pour leur m\u00e8re c\u00e9libataire, Sheela, qui ne sait que faire d\u2019elles. Lorsque September est suspendue de leur \u00e9cole secondaire, July doit se d\u00e9brouiller toute seule, et elle commence \u00e0 affirmer son ind\u00e9pendance \u2013 ce qui ne passe pas inaper\u00e7u aux yeux de September. La tension monte entre les trois femmes lorsqu\u2019elles se r\u00e9fugient dans une vieille maison de vacances en Irlande, o\u00f9 July voit son lien avec September \u00e9voluer d\u2019une mani\u00e8re qu\u2019elle ne peut pas enti\u00e8rement comprendre ou contr\u00f4ler \u2013 et une s\u00e9rie de rencontres surr\u00e9alistes met la famille \u00e0 l\u2019\u00e9preuve.<\/span><\/span><\/p>\n<p><span><span>Pays : Irlande, Royaume-Uni, Allemagne<br \/>\nDur\u00e9e : 98 minutes<\/span><\/span><\/p>\n<p>\u00a0<\/p>\n<p><img decoding=\"async\" alt=\"\" height=\"1080\" src=\"\/assets\/uploads\/images\/\/Neila\/Cannes%202024%20UCR%20L%E2%80%99HISTOIRE%20DE%20SOULEYMANE%20(1).jpeg\" width=\"1080\"><\/p>\n<p>\u00a0<\/p>\n<p><span><span><strong>L\u2019HISTOIRE DE SOULEYMANE<\/strong>\u00a0de Boris LOJKINE<\/span><\/span><\/p>\n<p><span><span>Synopsis\u00a0:<br \/>\nTandis qu\u2019il p\u00e9dale dans les rues de Paris pour livrer des repas, Souleymane r\u00e9p\u00e8te son histoire. Dans deux jours, il doit passer son entretien de demande d\u2019asile, le s\u00e9same pour obtenir des papiers. Mais Souleymane n\u2019est pas pr\u00eat.<\/span><\/span><\/p>\n<p><span><span>Pays : France<br \/>\nDur\u00e9e : 92 minutes<\/span><\/span><\/p>\n<p>\u00a0<\/p>\n<p><img decoding=\"async\" alt=\"\" height=\"810\" src=\"\/assets\/uploads\/images\/\/Neila\/Cannes%202024%20UCR%20Les%20damne%CC%81s.jpeg\" width=\"1600\"><\/p>\n<p>\u00a0<\/p>\n<p><span><span><strong>LES DAMN\u00c9S<\/strong>\u00a0de Roberto MINERVINI<\/span><\/span><\/p>\n<p><span><span>Synopsis\u00a0:<br \/>\nHiver 1862. Pendant la guerre de S\u00e9cession, l\u2019arm\u00e9e des Etats-Unis envoie \u00e0 l\u2019Ouest une compagnie de volontaires pour effectuer une patrouille dans des r\u00e9gions inexplor\u00e9es. Alors que leur mission change de cap, ils questionnent le sens de leur engagement.<\/span><\/span><\/p>\n<p><span><span>Pays : Italie, \u00c9tats-Unis, Belgique<br \/>\nDur\u00e9e : 89 minutes<\/span><\/span><\/p>\n<p>\u00a0<\/p>\n<p><img decoding=\"async\" alt=\"\" height=\"797\" src=\"\/assets\/uploads\/images\/\/Neila\/Cannes%202024%20UCR%20On%20becaming(1).jpeg\" width=\"1199\"><\/p>\n<p>\u00a0<\/p>\n<p><span><span><strong>ON BECOMING A GUINEA FOWL<\/strong>\u00a0de Rungano NYONI<\/span><\/span><\/p>\n<p><span><span>Synopsis\u00a0:<\/span><\/span><br \/>\n<span><span>Sur une route d\u00e9serte au beau milieu de la nuit, Shula tombe sur la d\u00e9pouille de son oncle. Alors que des fun\u00e9railles se pr\u00e9parent, Shula et ses cousins mettent en lumi\u00e8re les secrets enfouis de leur famille de la classe moyenne zambienne. Dans ce film surr\u00e9aliste et vibrant, la cin\u00e9aste Rungano Nyoni sonde les mensonges que nous nous racontons \u00e0 nous-m\u00eames.<\/span><\/span><\/p>\n<p><span><span>Pays : Zambie, Royaume-Uni, Irlande<br \/>\nDur\u00e9e : 95 minutes<\/span><\/span><\/p>\n<p>\u00a0<\/p>\n<p><img decoding=\"async\" alt=\"\" height=\"1200\" src=\"\/assets\/uploads\/images\/\/Neila\/Cannes%202024%20UCR%20My%20Sunshine.jpeg\" width=\"1463\"><\/p>\n<p>\u00a0<\/p>\n<p><span><span><strong>BOKU NO OHISAMA\u00a0(MY SUNSHINE)<\/strong> de Hiroshi OKUYAMA<\/span><\/span><\/p>\n<p><span><span>Synopsis\u00a0:<\/span><\/span><br \/>\n<span><span>Sur l\u2019\u00eele d\u2019Hokkaido, l\u2019hiver est la saison du hockey pour les gar\u00e7ons. Takuya, lui, est davantage subjugu\u00e9 par Sakura, tout juste arriv\u00e9e de Tokyo, qui r\u00e9p\u00e8te des encha\u00eenements de patinage artistique. Il tente maladroitement de l\u2019imiter si bien que le coach de Sakura, touch\u00e9 par ses efforts, d\u00e9cide de les entrainer en duo en vue d\u2019une comp\u00e9tition prochaine\u2026 \u00c0 mesure que l\u2019hiver avance, une harmonie s\u2019installe entre eux malgr\u00e9 leurs diff\u00e9rences. Mais les premi\u00e8res neiges fondent et le printemps arrive, in\u00e9luctable.<\/span><\/span><\/p>\n<p><span><span>Pays : Japon, France<br \/>\nDur\u00e9e : 90 minutes<\/span><\/span><\/p>\n<p>\u00a0<\/p>\n<p><img decoding=\"async\" alt=\"\" height=\"1200\" src=\"\/assets\/uploads\/images\/\/Neila\/Cannes%202024%20UCR%20Santosh.jpeg\" width=\"960\"><\/p>\n<p>\n<span><span><strong>SANTOSH<\/strong>\u00a0de Sandhya SURI<\/span><\/span><\/p>\n<p><span><span>Synopsis<\/span><\/span><br \/>\n<span><span>Une r\u00e9gion rurale du nord de l\u2019Inde. Apr\u00e8s la mort de son mari, Santosh, une jeune femme, h\u00e9rite de son poste, comme la loi le permet, et devient polici\u00e8re. Lorsqu\u2019elle est appel\u00e9e sur le lieu du meurtre d\u2019une jeune fille de caste inf\u00e9rieure, Santosh se retrouve plong\u00e9e dans une enqu\u00eate tortueuse aux c\u00f4t\u00e9s de la charismatique inspectrice Sharma, qui la prend sous son aile.<\/span><\/span><\/p>\n<p><span><span>Pays : Royaume-Uni, Allemagne, France<br \/>\nDur\u00e9e : 120 minutes<\/span><\/span><\/p>\n<p>\u00a0<\/p>\n<p><img decoding=\"async\" alt=\"\" height=\"1200\" src=\"\/assets\/uploads\/images\/\/Neila\/Cannes%202024%20UCR%20Viet%20nam.jpeg\" width=\"812\"><\/p>\n<p>\u00a0<\/p>\n<p><span><span><strong>VIET AND NAM<\/strong>\u00a0de TRUONG Minh Qu\u00fd<\/span><\/span><\/p>\n<p><span><span>Synopsis<\/span><\/span><br \/>\n<span><span>Nam et Vi\u1ec7t sont des mineurs de charbon qui travaillent \u00e0 300 m\u00e8tres sous terre, l\u00e0 o\u00f9 le danger les attend et o\u00f9 l&rsquo;obscurit\u00e9 r\u00e8gne. Nam ne veut pas que son avenir continue avec le charbon et engage quelqu&rsquo;un pour le faire passer clandestinement vers le monde occidental.<\/span><\/span><\/p>\n<p><span><span>Avant de partir, Nam part en voyage avec Vi\u1ec7t et sa m\u00e8re, qui pr\u00e9tend que le p\u00e8re de Nam (un soldat du nord du Vietnam) l&rsquo;appelle dans ses r\u00eaves pour retrouver son corps disparu. Finalement, leur voyage est infructueux et Nam et Vi\u1ec7t retournent aux mines qui s&rsquo;effondrent \u00e0 cause d&rsquo;une pluie incessante, les pi\u00e9geant. Nam voit soudain son futur futur, introduit clandestinement dans le conteneur d&rsquo;un camion, enferm\u00e9 dans le noir, dans la chaleur, suffoquant tout de m\u00eame. Nam et Vi\u1ec7t sont allong\u00e9s c\u00f4te \u00e0 c\u00f4te, torse nu, il fait trop chaud. Ils respirent, lentement. La mer, sans fin.<\/span><\/span><\/p>\n<p><span><span>Pays : Viet Nam, Philippines, Singapour, France, Pays-Bas<br \/>\nDur\u00e9e : 130 minutes<\/span><\/span><\/p>\n<p>\u00a0<\/p>\n<p><img decoding=\"async\" alt=\"\" height=\"960\" src=\"\/assets\/uploads\/images\/\/Neila\/Cannes%202024%20UCR%20ARMAND%20.jpeg\" width=\"1200\"><\/p>\n<p>\u00a0<\/p>\n<p><span><span><strong>ARMAND<\/strong>\u00a0de Halfdan ULLMANN T\u00d8NDEL (1er\u00a0film)<\/span><\/span><\/p>\n<p><span><span>Synopsis<\/span><\/span><br \/>\n<span><span>Lorsqu\u2019un incident se produit \u00e0 l\u2019\u00e9cole, les parents des jeunes Armand et Jon sont convoqu\u00e9s par la direction. Mais tout le monde a du mal \u00e0 expliquer ce qu\u2019il s\u2019est r\u00e9ellement pass\u00e9. Les r\u00e9cits des enfants s\u2019opposent, les points de vue s\u2019affrontent, jusqu\u2019\u00e0 faire trembler les certitudes des adultes\u2026<\/span><\/span><\/p>\n<p><span><span>Pays : Norv\u00e8ge, Pays-Bas, Allemagne, Su\u00e8de<br \/>\nDur\u00e9e : 116 minutes<\/span><\/span><\/p>\n<p>\u00a0<\/p>\n<p><img decoding=\"async\" alt=\"\" height=\"1067\" src=\"\/assets\/uploads\/images\/\/Neila\/Cannes%202024%20UCR%20Nikki.jpeg\" width=\"1600\"><\/p>\n<p>\u00a0<\/p>\n<p><span><span><strong>NIKI <\/strong>de C\u00e9line Sallette (1er\u00a0film)<\/span><\/span><\/p>\n<p><span><span>Synopsis<\/span><\/span><br \/>\n<span><span>Paris 1952, Niki s\u2019est install\u00e9e en France avec son mari et sa fille loin d\u2019une Am\u00e9rique et d\u2019une famille \u00e9touffantes. Mais malgr\u00e9 la distance, Niki se voit r\u00e9guli\u00e8rement \u00e9branl\u00e9e par des r\u00e9miniscences de son enfance qui envahissent ses pens\u00e9es. Depuis l\u2019enfer qu\u2019elle va d\u00e9couvrir, Niki trouvera dans l\u2019art une arme pour se lib\u00e9rer.<\/span><\/span><\/p>\n<p><span><span>Pays : France<br \/>\nDur\u00e9e : 98 minutes<\/span><\/span><\/p>\n<p>\u00a0<\/p>\n<p><img decoding=\"async\" alt=\"\" height=\"512\" src=\"\/assets\/uploads\/images\/\/Neila\/Cannes%202024%20UCR%20Flow.jpeg\" width=\"1024\"><\/p>\n<p>\u00a0<\/p>\n<p><span><span><strong>FLOW<\/strong> de Gints Zilbalodis<\/span><\/span><\/p>\n<p><span><span>Synopsis<\/span><\/span><br \/>\n<span><span>Un chat se r\u00e9veille dans un univers envahi par l\u2019eau o\u00f9 toute vie humaine semble avoir disparu. Il trouve refuge sur un bateau avec un groupe d\u2019autres animaux.<\/span><\/span><\/p>\n<p><span><span>Mais s\u2019entendre avec eux s\u2019av\u00e8re un d\u00e9fi encore plus grand que de surmonter sa peur de l\u2019eau! Tous devront d\u00e9sormais apprendre \u00e0 surmonter leurs diff\u00e9rences et \u00e0 s\u2019adapter au nouveau monde qui s\u2019impose \u00e0 eux.<\/span><\/span><\/p>\n<p><span><span>Pays : Lettonie, France, Belgique<br \/>\nDur\u00e9e : 85 minutes<\/span><\/span><\/p>\n<p>\u00a0<\/p>\n<p><span><span>Rendez-vous \u00e0 Cannes\u00a0!<\/p>\n<p><strong><span>Ne\u00efla Driss<\/span><\/strong><\/span><\/span><\/p>\n<p><img decoding=\"async\" alt=\"\" height=\"320\" src=\"\/assets\/uploads\/images\/\/Neila\/CANNES%202024_SIGNATURES_WEB_800X160_1.jpeg\" width=\"1600\"><\/p>\n<p>\u00a0<\/p>\n<\/p><\/div>\n<div class=\"coprs\" style=\"text-align: center\"><\/div><\/div>\n","protected":false},"excerpt":{"rendered":"<p>Cannes 2024 \u2013 Synopsis des films de la section Un Certain Regard<\/p>\n","protected":false},"author":3164,"featured_media":290585,"comment_status":"open","ping_status":"closed","sticky":false,"template":"","format":"standard","meta":{"footnotes":""},"categories":[2594],"tags":[4180,2626,2627,2657],"class_list":["post-214127","post","type-post","status-publish","format-standard","has-post-thumbnail","hentry","category-culture","tag-cannes-2024","tag-cinema","tag-festival-de-cannes","tag-un-certain-regard"],"yoast_head":"<!-- This site is optimized with the Yoast SEO Premium plugin v27.4 (Yoast SEO v27.4) - https:\/\/yoast.com\/product\/yoast-seo-premium-wordpress\/ -->\n<title>Cannes 2024 \u2013 Synopsis des films de la section Un Certain Regard<\/title>\n<meta name=\"description\" content=\"Cannes 2024 \u2013 Synopsis des films de la section Un Certain Regard\" \/>\n<link rel=\"canonical\" href=\"https:\/\/www.webdo.tn\/fr\/actualite\/culture\/cannes-2024-synopsis-des-films-de-la-section-un-certain-regard\/214127\/\" \/>\n<meta property=\"og:locale\" content=\"fr_FR\" \/>\n<meta property=\"og:type\" content=\"article\" \/>\n<meta property=\"og:title\" content=\"Cannes 2024 \u2013 Synopsis des films de la section Un Certain Regard\" \/>\n<meta property=\"og:description\" content=\"Cannes 2024 \u2013 Synopsis des films de la section Un Certain Regard\" \/>\n<meta property=\"og:url\" content=\"https:\/\/www.webdo.tn\/fr\/actualite\/culture\/cannes-2024-synopsis-des-films-de-la-section-un-certain-regard\/214127\/\" \/>\n<meta property=\"og:site_name\" content=\"webdo\" \/>\n<meta property=\"article:publisher\" content=\"https:\/\/www.facebook.com\/webdotn\" \/>\n<meta property=\"article:author\" content=\"https:\/\/www.facebook.com\/massir.destiniii\/\" \/>\n<meta property=\"article:published_time\" content=\"2024-05-13T14:39:00+00:00\" \/>\n<meta property=\"article:modified_time\" content=\"2025-05-21T08:57:28+00:00\" \/>\n<meta property=\"og:image\" content=\"https:\/\/www.webdo.tn\/fr\/wp-content\/uploads\/2024\/05\/bda2fb392eebff3d9fb68a5aac3cf967.webp\" \/>\n\t<meta property=\"og:image:width\" content=\"750\" \/>\n\t<meta property=\"og:image:height\" content=\"400\" \/>\n\t<meta property=\"og:image:type\" content=\"image\/webp\" \/>\n<meta name=\"author\" content=\"Ne\u00efla DRISS\" \/>\n<meta name=\"twitter:card\" content=\"summary_large_image\" \/>\n<meta name=\"twitter:creator\" content=\"@https:\/\/x.com\/MassirDestin\" \/>\n<meta name=\"twitter:site\" content=\"@webdo_tn\" \/>\n<meta name=\"twitter:label1\" content=\"\u00c9crit par\" \/>\n\t<meta name=\"twitter:data1\" content=\"Ne\u00efla DRISS\" \/>\n\t<meta name=\"twitter:label2\" content=\"Dur\u00e9e de lecture estim\u00e9e\" \/>\n\t<meta name=\"twitter:data2\" content=\"12 minutes\" \/>\n<script type=\"application\/ld+json\" class=\"yoast-schema-graph\">{\"@context\":\"https:\\\/\\\/schema.org\",\"@graph\":[{\"@type\":\"NewsArticle\",\"@id\":\"https:\\\/\\\/www.webdo.tn\\\/fr\\\/actualite\\\/culture\\\/cannes-2024-synopsis-des-films-de-la-section-un-certain-regard\\\/214127\\\/#article\",\"isPartOf\":{\"@id\":\"https:\\\/\\\/www.webdo.tn\\\/fr\\\/actualite\\\/culture\\\/cannes-2024-synopsis-des-films-de-la-section-un-certain-regard\\\/214127\\\/\"},\"author\":{\"name\":\"Ne\u00efla DRISS\",\"@id\":\"https:\\\/\\\/www.webdo.tn\\\/fr\\\/#\\\/schema\\\/person\\\/60d5ba619ed3f58783b0dc82b7dada80\"},\"headline\":\"Cannes 2024 \u2013 Synopsis des films de la section Un Certain Regard\",\"datePublished\":\"2024-05-13T14:39:00+00:00\",\"dateModified\":\"2025-05-21T08:57:28+00:00\",\"mainEntityOfPage\":{\"@id\":\"https:\\\/\\\/www.webdo.tn\\\/fr\\\/actualite\\\/culture\\\/cannes-2024-synopsis-des-films-de-la-section-un-certain-regard\\\/214127\\\/\"},\"wordCount\":2344,\"commentCount\":0,\"publisher\":{\"@id\":\"https:\\\/\\\/www.webdo.tn\\\/fr\\\/#organization\"},\"image\":{\"@id\":\"https:\\\/\\\/www.webdo.tn\\\/fr\\\/actualite\\\/culture\\\/cannes-2024-synopsis-des-films-de-la-section-un-certain-regard\\\/214127\\\/#primaryimage\"},\"thumbnailUrl\":\"https:\\\/\\\/www.webdo.tn\\\/fr\\\/wp-content\\\/uploads\\\/2024\\\/05\\\/bda2fb392eebff3d9fb68a5aac3cf967.webp\",\"keywords\":[\"Cannes 2024\",\"Cin\u00e9ma\",\"Festival de Cannes\",\"Un Certain Regard\"],\"articleSection\":[\"Culture\"],\"inLanguage\":\"fr-FR\"},{\"@type\":\"WebPage\",\"@id\":\"https:\\\/\\\/www.webdo.tn\\\/fr\\\/actualite\\\/culture\\\/cannes-2024-synopsis-des-films-de-la-section-un-certain-regard\\\/214127\\\/\",\"url\":\"https:\\\/\\\/www.webdo.tn\\\/fr\\\/actualite\\\/culture\\\/cannes-2024-synopsis-des-films-de-la-section-un-certain-regard\\\/214127\\\/\",\"name\":\"Cannes 2024 \u2013 Synopsis des films de la section Un Certain Regard\",\"isPartOf\":{\"@id\":\"https:\\\/\\\/www.webdo.tn\\\/fr\\\/#website\"},\"primaryImageOfPage\":{\"@id\":\"https:\\\/\\\/www.webdo.tn\\\/fr\\\/actualite\\\/culture\\\/cannes-2024-synopsis-des-films-de-la-section-un-certain-regard\\\/214127\\\/#primaryimage\"},\"image\":{\"@id\":\"https:\\\/\\\/www.webdo.tn\\\/fr\\\/actualite\\\/culture\\\/cannes-2024-synopsis-des-films-de-la-section-un-certain-regard\\\/214127\\\/#primaryimage\"},\"thumbnailUrl\":\"https:\\\/\\\/www.webdo.tn\\\/fr\\\/wp-content\\\/uploads\\\/2024\\\/05\\\/bda2fb392eebff3d9fb68a5aac3cf967.webp\",\"datePublished\":\"2024-05-13T14:39:00+00:00\",\"dateModified\":\"2025-05-21T08:57:28+00:00\",\"description\":\"Cannes 2024 \u2013 Synopsis des films de la section Un Certain Regard\",\"breadcrumb\":{\"@id\":\"https:\\\/\\\/www.webdo.tn\\\/fr\\\/actualite\\\/culture\\\/cannes-2024-synopsis-des-films-de-la-section-un-certain-regard\\\/214127\\\/#breadcrumb\"},\"inLanguage\":\"fr-FR\",\"potentialAction\":[{\"@type\":\"ReadAction\",\"target\":[\"https:\\\/\\\/www.webdo.tn\\\/fr\\\/actualite\\\/culture\\\/cannes-2024-synopsis-des-films-de-la-section-un-certain-regard\\\/214127\\\/\"]}]},{\"@type\":\"ImageObject\",\"inLanguage\":\"fr-FR\",\"@id\":\"https:\\\/\\\/www.webdo.tn\\\/fr\\\/actualite\\\/culture\\\/cannes-2024-synopsis-des-films-de-la-section-un-certain-regard\\\/214127\\\/#primaryimage\",\"url\":\"https:\\\/\\\/www.webdo.tn\\\/fr\\\/wp-content\\\/uploads\\\/2024\\\/05\\\/bda2fb392eebff3d9fb68a5aac3cf967.webp\",\"contentUrl\":\"https:\\\/\\\/www.webdo.tn\\\/fr\\\/wp-content\\\/uploads\\\/2024\\\/05\\\/bda2fb392eebff3d9fb68a5aac3cf967.webp\",\"width\":750,\"height\":400,\"caption\":\"Cannes 2024 \u2013 Synopsis des films de la section Un Certain Regard\"},{\"@type\":\"BreadcrumbList\",\"@id\":\"https:\\\/\\\/www.webdo.tn\\\/fr\\\/actualite\\\/culture\\\/cannes-2024-synopsis-des-films-de-la-section-un-certain-regard\\\/214127\\\/#breadcrumb\",\"itemListElement\":[{\"@type\":\"ListItem\",\"position\":1,\"name\":\"Accueil\",\"item\":\"https:\\\/\\\/www.webdo.tn\\\/fr\\\/\"},{\"@type\":\"ListItem\",\"position\":2,\"name\":\"Cannes 2024 \u2013 Synopsis des films de la section Un Certain Regard\"}]},{\"@type\":\"WebSite\",\"@id\":\"https:\\\/\\\/www.webdo.tn\\\/fr\\\/#website\",\"url\":\"https:\\\/\\\/www.webdo.tn\\\/fr\\\/\",\"name\":\"webdo\",\"description\":\"Tunisie - News en Tunisie et \u00e0 l&#039;international sur Webdo.tn\",\"publisher\":{\"@id\":\"https:\\\/\\\/www.webdo.tn\\\/fr\\\/#organization\"},\"potentialAction\":[{\"@type\":\"SearchAction\",\"target\":{\"@type\":\"EntryPoint\",\"urlTemplate\":\"https:\\\/\\\/www.webdo.tn\\\/fr\\\/?s={search_term_string}\"},\"query-input\":{\"@type\":\"PropertyValueSpecification\",\"valueRequired\":true,\"valueName\":\"search_term_string\"}}],\"inLanguage\":\"fr-FR\"},{\"@type\":\"Organization\",\"@id\":\"https:\\\/\\\/www.webdo.tn\\\/fr\\\/#organization\",\"name\":\"Webdo\",\"alternateName\":\"Webdo.tn\",\"url\":\"https:\\\/\\\/www.webdo.tn\\\/fr\\\/\",\"logo\":{\"@type\":\"ImageObject\",\"inLanguage\":\"fr-FR\",\"@id\":\"https:\\\/\\\/www.webdo.tn\\\/fr\\\/#\\\/schema\\\/logo\\\/image\\\/\",\"url\":\"https:\\\/\\\/www.webdo.tn\\\/fr\\\/wp-content\\\/uploads\\\/2025\\\/06\\\/Webdo-Tunisie_168377.jpg\",\"contentUrl\":\"https:\\\/\\\/www.webdo.tn\\\/fr\\\/wp-content\\\/uploads\\\/2025\\\/06\\\/Webdo-Tunisie_168377.jpg\",\"width\":301,\"height\":301,\"caption\":\"Webdo\"},\"image\":{\"@id\":\"https:\\\/\\\/www.webdo.tn\\\/fr\\\/#\\\/schema\\\/logo\\\/image\\\/\"},\"sameAs\":[\"https:\\\/\\\/www.facebook.com\\\/webdotn\",\"https:\\\/\\\/x.com\\\/webdo_tn\"],\"description\":\"Webdo est un m\u00e9dia num\u00e9rique tunisien fond\u00e9 en 2010, sp\u00e9cialis\u00e9 dans l\u2019actualit\u00e9 nationale et internationale, l\u2019\u00e9conomie, la soci\u00e9t\u00e9 et les analyses politiques. Le site s\u2019adresse \u00e0 un large public francophone et couvre l\u2019information tunisienne en temps r\u00e9el.\",\"email\":\"redac@webdo.tn\",\"legalName\":\"YNJ SARL\",\"foundingDate\":\"2010-09-06\",\"numberOfEmployees\":{\"@type\":\"QuantitativeValue\",\"minValue\":\"11\",\"maxValue\":\"50\"}},{\"@type\":\"Person\",\"@id\":\"https:\\\/\\\/www.webdo.tn\\\/fr\\\/#\\\/schema\\\/person\\\/60d5ba619ed3f58783b0dc82b7dada80\",\"name\":\"Ne\u00efla DRISS\",\"image\":{\"@type\":\"ImageObject\",\"inLanguage\":\"fr-FR\",\"@id\":\"https:\\\/\\\/www.webdo.tn\\\/fr\\\/wp-content\\\/uploads\\\/2026\\\/04\\\/neila-driss_avatar-96x96.jpg\",\"url\":\"https:\\\/\\\/www.webdo.tn\\\/fr\\\/wp-content\\\/uploads\\\/2026\\\/04\\\/neila-driss_avatar-96x96.jpg\",\"contentUrl\":\"https:\\\/\\\/www.webdo.tn\\\/fr\\\/wp-content\\\/uploads\\\/2026\\\/04\\\/neila-driss_avatar-96x96.jpg\",\"caption\":\"Ne\u00efla DRISS\"},\"description\":\"Ne\u00efla Driss est juriste, journaliste culturelle et critique de cin\u00e9ma tunisienne. Titulaire d\u2019un DEA en droit priv\u00e9 de l\u2019Universit\u00e9 Paris II et d\u2019un DESS de l\u2019IHEC Carthage, elle d\u00e9bute sa carri\u00e8re comme juriste sp\u00e9cialis\u00e9e en gestion de patrimoine immobilier. Elle s\u2019oriente ensuite vers l\u2019\u00e9criture en ligne, o\u00f9 elle se distingue d\u00e8s 2006 aux Tunisia Blog Awards, avant de se consacrer au journalisme culturel, avec une sp\u00e9cialisation dans la critique cin\u00e9matographique. Elle couvre r\u00e9guli\u00e8rement les grands festivals internationaux, notamment le Festival de Cannes, les Journ\u00e9es Cin\u00e9matographiques de Carthage et le Festival du film du Caire. Membre de l\u2019ATPCC et de la FIPRESCI, elle participe \u00e0 des jurys et initiatives internationales de critique. Depuis 2024, elle est \u00e9lectrice internationale aux Golden Globes. Facebook : https:\\\/\\\/www.facebook.com\\\/massir.destiniii\\\/ X : https:\\\/\\\/x.com\\\/MassirDestin\",\"sameAs\":[\"https:\\\/\\\/www.facebook.com\\\/massir.destiniii\\\/\",\"https:\\\/\\\/www.instagram.com\\\/neila.driss\\\/?hl=fr\",\"https:\\\/\\\/www.linkedin.com\\\/in\\\/neila-driss-22606a80\\\/\",\"https:\\\/\\\/x.com\\\/https:\\\/\\\/x.com\\\/MassirDestin\"],\"knowsAbout\":[\"Cin\u00e9ma international\",\"critique cin\u00e9matographique\",\"festivals de cin\u00e9ma\",\"journalisme culturel\"],\"knowsLanguage\":[\"Fran\u00e7ais\",\"Arabe\",\"Anglais\"],\"jobTitle\":\"Journaliste culturelle et critique de cin\u00e9ma\",\"worksFor\":\"Webdo\",\"url\":\"https:\\\/\\\/www.webdo.tn\\\/fr\\\/actualite\\\/author\\\/neila-driss\\\/\"}]}<\/script>\n<!-- \/ Yoast SEO Premium plugin. -->","yoast_head_json":{"title":"Cannes 2024 \u2013 Synopsis des films de la section Un Certain Regard","description":"Cannes 2024 \u2013 Synopsis des films de la section Un Certain Regard","canonical":"https:\/\/www.webdo.tn\/fr\/actualite\/culture\/cannes-2024-synopsis-des-films-de-la-section-un-certain-regard\/214127\/","og_locale":"fr_FR","og_type":"article","og_title":"Cannes 2024 \u2013 Synopsis des films de la section Un Certain Regard","og_description":"Cannes 2024 \u2013 Synopsis des films de la section Un Certain Regard","og_url":"https:\/\/www.webdo.tn\/fr\/actualite\/culture\/cannes-2024-synopsis-des-films-de-la-section-un-certain-regard\/214127\/","og_site_name":"webdo","article_publisher":"https:\/\/www.facebook.com\/webdotn","article_author":"https:\/\/www.facebook.com\/massir.destiniii\/","article_published_time":"2024-05-13T14:39:00+00:00","article_modified_time":"2025-05-21T08:57:28+00:00","og_image":[{"width":750,"height":400,"url":"https:\/\/www.webdo.tn\/fr\/wp-content\/uploads\/2024\/05\/bda2fb392eebff3d9fb68a5aac3cf967.webp","type":"image\/webp"}],"author":"Ne\u00efla DRISS","twitter_card":"summary_large_image","twitter_creator":"@https:\/\/x.com\/MassirDestin","twitter_site":"@webdo_tn","twitter_misc":{"\u00c9crit par":"Ne\u00efla DRISS","Dur\u00e9e de lecture estim\u00e9e":"12 minutes"},"schema":{"@context":"https:\/\/schema.org","@graph":[{"@type":"NewsArticle","@id":"https:\/\/www.webdo.tn\/fr\/actualite\/culture\/cannes-2024-synopsis-des-films-de-la-section-un-certain-regard\/214127\/#article","isPartOf":{"@id":"https:\/\/www.webdo.tn\/fr\/actualite\/culture\/cannes-2024-synopsis-des-films-de-la-section-un-certain-regard\/214127\/"},"author":{"name":"Ne\u00efla DRISS","@id":"https:\/\/www.webdo.tn\/fr\/#\/schema\/person\/60d5ba619ed3f58783b0dc82b7dada80"},"headline":"Cannes 2024 \u2013 Synopsis des films de la section Un Certain Regard","datePublished":"2024-05-13T14:39:00+00:00","dateModified":"2025-05-21T08:57:28+00:00","mainEntityOfPage":{"@id":"https:\/\/www.webdo.tn\/fr\/actualite\/culture\/cannes-2024-synopsis-des-films-de-la-section-un-certain-regard\/214127\/"},"wordCount":2344,"commentCount":0,"publisher":{"@id":"https:\/\/www.webdo.tn\/fr\/#organization"},"image":{"@id":"https:\/\/www.webdo.tn\/fr\/actualite\/culture\/cannes-2024-synopsis-des-films-de-la-section-un-certain-regard\/214127\/#primaryimage"},"thumbnailUrl":"https:\/\/www.webdo.tn\/fr\/wp-content\/uploads\/2024\/05\/bda2fb392eebff3d9fb68a5aac3cf967.webp","keywords":["Cannes 2024","Cin\u00e9ma","Festival de Cannes","Un Certain Regard"],"articleSection":["Culture"],"inLanguage":"fr-FR"},{"@type":"WebPage","@id":"https:\/\/www.webdo.tn\/fr\/actualite\/culture\/cannes-2024-synopsis-des-films-de-la-section-un-certain-regard\/214127\/","url":"https:\/\/www.webdo.tn\/fr\/actualite\/culture\/cannes-2024-synopsis-des-films-de-la-section-un-certain-regard\/214127\/","name":"Cannes 2024 \u2013 Synopsis des films de la section Un Certain Regard","isPartOf":{"@id":"https:\/\/www.webdo.tn\/fr\/#website"},"primaryImageOfPage":{"@id":"https:\/\/www.webdo.tn\/fr\/actualite\/culture\/cannes-2024-synopsis-des-films-de-la-section-un-certain-regard\/214127\/#primaryimage"},"image":{"@id":"https:\/\/www.webdo.tn\/fr\/actualite\/culture\/cannes-2024-synopsis-des-films-de-la-section-un-certain-regard\/214127\/#primaryimage"},"thumbnailUrl":"https:\/\/www.webdo.tn\/fr\/wp-content\/uploads\/2024\/05\/bda2fb392eebff3d9fb68a5aac3cf967.webp","datePublished":"2024-05-13T14:39:00+00:00","dateModified":"2025-05-21T08:57:28+00:00","description":"Cannes 2024 \u2013 Synopsis des films de la section Un Certain Regard","breadcrumb":{"@id":"https:\/\/www.webdo.tn\/fr\/actualite\/culture\/cannes-2024-synopsis-des-films-de-la-section-un-certain-regard\/214127\/#breadcrumb"},"inLanguage":"fr-FR","potentialAction":[{"@type":"ReadAction","target":["https:\/\/www.webdo.tn\/fr\/actualite\/culture\/cannes-2024-synopsis-des-films-de-la-section-un-certain-regard\/214127\/"]}]},{"@type":"ImageObject","inLanguage":"fr-FR","@id":"https:\/\/www.webdo.tn\/fr\/actualite\/culture\/cannes-2024-synopsis-des-films-de-la-section-un-certain-regard\/214127\/#primaryimage","url":"https:\/\/www.webdo.tn\/fr\/wp-content\/uploads\/2024\/05\/bda2fb392eebff3d9fb68a5aac3cf967.webp","contentUrl":"https:\/\/www.webdo.tn\/fr\/wp-content\/uploads\/2024\/05\/bda2fb392eebff3d9fb68a5aac3cf967.webp","width":750,"height":400,"caption":"Cannes 2024 \u2013 Synopsis des films de la section Un Certain Regard"},{"@type":"BreadcrumbList","@id":"https:\/\/www.webdo.tn\/fr\/actualite\/culture\/cannes-2024-synopsis-des-films-de-la-section-un-certain-regard\/214127\/#breadcrumb","itemListElement":[{"@type":"ListItem","position":1,"name":"Accueil","item":"https:\/\/www.webdo.tn\/fr\/"},{"@type":"ListItem","position":2,"name":"Cannes 2024 \u2013 Synopsis des films de la section Un Certain Regard"}]},{"@type":"WebSite","@id":"https:\/\/www.webdo.tn\/fr\/#website","url":"https:\/\/www.webdo.tn\/fr\/","name":"webdo","description":"Tunisie - News en Tunisie et \u00e0 l&#039;international sur Webdo.tn","publisher":{"@id":"https:\/\/www.webdo.tn\/fr\/#organization"},"potentialAction":[{"@type":"SearchAction","target":{"@type":"EntryPoint","urlTemplate":"https:\/\/www.webdo.tn\/fr\/?s={search_term_string}"},"query-input":{"@type":"PropertyValueSpecification","valueRequired":true,"valueName":"search_term_string"}}],"inLanguage":"fr-FR"},{"@type":"Organization","@id":"https:\/\/www.webdo.tn\/fr\/#organization","name":"Webdo","alternateName":"Webdo.tn","url":"https:\/\/www.webdo.tn\/fr\/","logo":{"@type":"ImageObject","inLanguage":"fr-FR","@id":"https:\/\/www.webdo.tn\/fr\/#\/schema\/logo\/image\/","url":"https:\/\/www.webdo.tn\/fr\/wp-content\/uploads\/2025\/06\/Webdo-Tunisie_168377.jpg","contentUrl":"https:\/\/www.webdo.tn\/fr\/wp-content\/uploads\/2025\/06\/Webdo-Tunisie_168377.jpg","width":301,"height":301,"caption":"Webdo"},"image":{"@id":"https:\/\/www.webdo.tn\/fr\/#\/schema\/logo\/image\/"},"sameAs":["https:\/\/www.facebook.com\/webdotn","https:\/\/x.com\/webdo_tn"],"description":"Webdo est un m\u00e9dia num\u00e9rique tunisien fond\u00e9 en 2010, sp\u00e9cialis\u00e9 dans l\u2019actualit\u00e9 nationale et internationale, l\u2019\u00e9conomie, la soci\u00e9t\u00e9 et les analyses politiques. Le site s\u2019adresse \u00e0 un large public francophone et couvre l\u2019information tunisienne en temps r\u00e9el.","email":"redac@webdo.tn","legalName":"YNJ SARL","foundingDate":"2010-09-06","numberOfEmployees":{"@type":"QuantitativeValue","minValue":"11","maxValue":"50"}},{"@type":"Person","@id":"https:\/\/www.webdo.tn\/fr\/#\/schema\/person\/60d5ba619ed3f58783b0dc82b7dada80","name":"Ne\u00efla DRISS","image":{"@type":"ImageObject","inLanguage":"fr-FR","@id":"https:\/\/www.webdo.tn\/fr\/wp-content\/uploads\/2026\/04\/neila-driss_avatar-96x96.jpg","url":"https:\/\/www.webdo.tn\/fr\/wp-content\/uploads\/2026\/04\/neila-driss_avatar-96x96.jpg","contentUrl":"https:\/\/www.webdo.tn\/fr\/wp-content\/uploads\/2026\/04\/neila-driss_avatar-96x96.jpg","caption":"Ne\u00efla DRISS"},"description":"Ne\u00efla Driss est juriste, journaliste culturelle et critique de cin\u00e9ma tunisienne. Titulaire d\u2019un DEA en droit priv\u00e9 de l\u2019Universit\u00e9 Paris II et d\u2019un DESS de l\u2019IHEC Carthage, elle d\u00e9bute sa carri\u00e8re comme juriste sp\u00e9cialis\u00e9e en gestion de patrimoine immobilier. Elle s\u2019oriente ensuite vers l\u2019\u00e9criture en ligne, o\u00f9 elle se distingue d\u00e8s 2006 aux Tunisia Blog Awards, avant de se consacrer au journalisme culturel, avec une sp\u00e9cialisation dans la critique cin\u00e9matographique. Elle couvre r\u00e9guli\u00e8rement les grands festivals internationaux, notamment le Festival de Cannes, les Journ\u00e9es Cin\u00e9matographiques de Carthage et le Festival du film du Caire. Membre de l\u2019ATPCC et de la FIPRESCI, elle participe \u00e0 des jurys et initiatives internationales de critique. Depuis 2024, elle est \u00e9lectrice internationale aux Golden Globes. Facebook : https:\/\/www.facebook.com\/massir.destiniii\/ X : https:\/\/x.com\/MassirDestin","sameAs":["https:\/\/www.facebook.com\/massir.destiniii\/","https:\/\/www.instagram.com\/neila.driss\/?hl=fr","https:\/\/www.linkedin.com\/in\/neila-driss-22606a80\/","https:\/\/x.com\/https:\/\/x.com\/MassirDestin"],"knowsAbout":["Cin\u00e9ma international","critique cin\u00e9matographique","festivals de cin\u00e9ma","journalisme culturel"],"knowsLanguage":["Fran\u00e7ais","Arabe","Anglais"],"jobTitle":"Journaliste culturelle et critique de cin\u00e9ma","worksFor":"Webdo","url":"https:\/\/www.webdo.tn\/fr\/actualite\/author\/neila-driss\/"}]}},"_links":{"self":[{"href":"https:\/\/www.webdo.tn\/fr\/wp-json\/wp\/v2\/posts\/214127","targetHints":{"allow":["GET"]}}],"collection":[{"href":"https:\/\/www.webdo.tn\/fr\/wp-json\/wp\/v2\/posts"}],"about":[{"href":"https:\/\/www.webdo.tn\/fr\/wp-json\/wp\/v2\/types\/post"}],"author":[{"embeddable":true,"href":"https:\/\/www.webdo.tn\/fr\/wp-json\/wp\/v2\/users\/3164"}],"replies":[{"embeddable":true,"href":"https:\/\/www.webdo.tn\/fr\/wp-json\/wp\/v2\/comments?post=214127"}],"version-history":[{"count":0,"href":"https:\/\/www.webdo.tn\/fr\/wp-json\/wp\/v2\/posts\/214127\/revisions"}],"wp:featuredmedia":[{"embeddable":true,"href":"https:\/\/www.webdo.tn\/fr\/wp-json\/wp\/v2\/media\/290585"}],"wp:attachment":[{"href":"https:\/\/www.webdo.tn\/fr\/wp-json\/wp\/v2\/media?parent=214127"}],"wp:term":[{"taxonomy":"category","embeddable":true,"href":"https:\/\/www.webdo.tn\/fr\/wp-json\/wp\/v2\/categories?post=214127"},{"taxonomy":"post_tag","embeddable":true,"href":"https:\/\/www.webdo.tn\/fr\/wp-json\/wp\/v2\/tags?post=214127"}],"curies":[{"name":"wp","href":"https:\/\/api.w.org\/{rel}","templated":true}]}}