{"id":214124,"date":"2024-05-13T13:13:00","date_gmt":"2024-05-13T13:13:00","guid":{"rendered":"https:\/\/www.webdo.tn\/fr\/blog\/tunisie-mandat-de-depot-a-l-encontre-de-l-avocate-sonia-dahmani\/214124\/"},"modified":"2025-05-20T22:13:18","modified_gmt":"2025-05-20T22:13:18","slug":"tunisie-mandat-de-depot-a-l-encontre-de-l-avocate-sonia-dahmani","status":"publish","type":"post","link":"https:\/\/www.webdo.tn\/fr\/actualite\/national\/tunisie-mandat-de-depot-a-l-encontre-de-l-avocate-sonia-dahmani\/214124\/","title":{"rendered":"Tunisie : Mandat de d\u00e9p\u00f4t \u00e0 l\u2019encontre de l\u2019avocate Sonia Dahmani"},"content":{"rendered":"<p>Arr\u00eat\u00e9e, samedi 11 mai, en ex\u00e9cution d&rsquo;un mandat d&rsquo;amener, l&rsquo;avocate Sonia Dahmani, a comparu aujourd&rsquo;hui devant le juge d&rsquo;instruction du bureau 29 du Tribunal de premi\u00e8re instance de Tunis. Un mandat de d\u00e9p\u00f4t a \u00e9t\u00e9 \u00e9mis \u00e0 son encontre.<\/p>\n<p>\t\t\t\t\t\t\t\t\tArr\u00eat\u00e9e, samedi, en ex\u00e9cution d&rsquo;un mandat d&rsquo;amener, l&rsquo;avocate Sonia Dahmani, a comparu ce lundi 13 mai, devant le juge d&rsquo;instruction du bureau 29 du Tribunal de premi\u00e8re instance de Tunis.<\/p>\n<p>Un mandat de d\u00e9p\u00f4t a \u00e9t\u00e9 \u00e9mis ce lundi 13 mai 2024 \u00e0 l\u2019encontre de l\u2019avocate Sonia Dahmani.<\/p>\n<p>L&rsquo;avocate a \u00e9t\u00e9 arr\u00eat\u00e9e, samedi \u00e0 la Maison de l&rsquo;Avocat suite \u00e0 ses d\u00e9clarations controvers\u00e9es sur les migrants en Tunisie lors d&rsquo;une \u00e9mission t\u00e9l\u00e9vis\u00e9e.<\/p>\n<p>Le juge d&rsquo;instruction avait refus\u00e9 vendredi 10 mai 2024, la demande de report de l&rsquo;audition de l&rsquo;avocate et animatrice Sonia Dahmani, et avait \u00e9mis un mandat de d&rsquo;amener \u00e0 son encontre.<\/p>\n<p>Dahmani a \u00e9t\u00e9 renvoy\u00e9e en vertu du D\u00e9cret-loi 54, et plus pr\u00e9cis\u00e9ment l&rsquo;article 23 de celui-ci, suite \u00e0 ses d\u00e9clarations sur la cha\u00eene Carthage+.<\/p>\n<p>Sonia Dahmani avait suscit\u00e9 une vive controverse mercredi dernier, apr\u00e8s ses d\u00e9clarations sur le plateau de l&rsquo;\u00e9mission \u00ab\u00a0Donya Zina\u00a0\u00bb sur la cha\u00eene Carthage+, lorsqu&rsquo;elle a abord\u00e9 la question des migrants en Tunisie.<\/p>\n<p>L&rsquo;animateur de l&rsquo;\u00e9mission, Borhen Bssais, lui a pos\u00e9 la question : \u00ab\u00a0Que veulent-ils conqu\u00e9rir en Tunisie ?\u00a0\u00bb. Elle a alors r\u00e9pondu : \u00ab\u00a0Qu&rsquo;est-ce qu&rsquo;il y a de si g\u00e9nial \u00e0 conqu\u00e9rir dans ce pays que la moiti\u00e9 des jeunes veulent quitter ?\u00a0\u00bb.<\/p>\n","protected":false},"excerpt":{"rendered":"<p>Arr\u00eat\u00e9e, samedi, en ex\u00e9cution d&rsquo;un mandat d&rsquo;amener, l&rsquo;avocate Sonia Dahmani, a comparu ce lundi 13 mai, devant le juge d&rsquo;instruction du bureau 29 du Tribunal de&#8230;<\/p>\n","protected":false},"author":3162,"featured_media":290583,"comment_status":"open","ping_status":"closed","sticky":false,"template":"","format":"standard","meta":{"footnotes":""},"categories":[44],"tags":[2619,2886,3313,2608],"class_list":["post-214124","post","type-post","status-publish","format-standard","has-post-thumbnail","hentry","category-national","tag-justice","tag-mandat-de-depot","tag-sonia-dahmani","tag-tunisie"],"yoast_head":"<!-- This site is optimized with the Yoast SEO Premium plugin v27.5 (Yoast SEO v27.5) - https:\/\/yoast.com\/product\/yoast-seo-premium-wordpress\/ -->\n<title>Tunisie : Mandat de d\u00e9p\u00f4t \u00e0 l\u2019encontre de l\u2019avocate Sonia Dahmani<\/title>\n<meta name=\"description\" content=\"Arr\u00eat\u00e9e, samedi, en ex\u00e9cution d&#039;un mandat d&#039;amener, l&#039;avocate Sonia Dahmani, a comparu ce lundi 13 mai, devant le juge d&#039;instruction du bureau 29 du Tribunal de...\" \/>\n<link rel=\"canonical\" href=\"https:\/\/www.webdo.tn\/fr\/actualite\/national\/tunisie-mandat-de-depot-a-l-encontre-de-l-avocate-sonia-dahmani\/214124\/\" \/>\n<meta property=\"og:locale\" content=\"fr_FR\" \/>\n<meta property=\"og:type\" content=\"article\" \/>\n<meta property=\"og:title\" content=\"Tunisie : Mandat de d\u00e9p\u00f4t \u00e0 l\u2019encontre de l\u2019avocate Sonia Dahmani\" \/>\n<meta property=\"og:description\" content=\"Arr\u00eat\u00e9e, samedi, en ex\u00e9cution d&#039;un mandat d&#039;amener, l&#039;avocate Sonia Dahmani, a comparu ce lundi 13 mai, devant le juge d&#039;instruction du bureau 29 du Tribunal de...\" \/>\n<meta property=\"og:url\" content=\"https:\/\/www.webdo.tn\/fr\/actualite\/national\/tunisie-mandat-de-depot-a-l-encontre-de-l-avocate-sonia-dahmani\/214124\/\" \/>\n<meta property=\"og:site_name\" content=\"webdo\" \/>\n<meta property=\"article:publisher\" content=\"https:\/\/www.facebook.com\/webdotn\" \/>\n<meta property=\"article:published_time\" content=\"2024-05-13T13:13:00+00:00\" \/>\n<meta property=\"article:modified_time\" content=\"2025-05-20T22:13:18+00:00\" \/>\n<meta property=\"og:image\" content=\"https:\/\/www.webdo.tn\/fr\/wp-content\/uploads\/2024\/05\/9b00dec4f755d260af215deb2a2e68e0.webp\" \/>\n\t<meta property=\"og:image:width\" content=\"750\" \/>\n\t<meta property=\"og:image:height\" content=\"400\" \/>\n\t<meta property=\"og:image:type\" content=\"image\/webp\" \/>\n<meta name=\"author\" content=\"MC\" \/>\n<meta name=\"twitter:card\" content=\"summary_large_image\" \/>\n<meta name=\"twitter:creator\" content=\"@webdo_tn\" \/>\n<meta name=\"twitter:site\" content=\"@webdo_tn\" \/>\n<meta name=\"twitter:label1\" content=\"\u00c9crit par\" \/>\n\t<meta name=\"twitter:data1\" content=\"MC\" \/>\n\t<meta name=\"twitter:label2\" content=\"Dur\u00e9e de lecture estim\u00e9e\" \/>\n\t<meta name=\"twitter:data2\" content=\"1 minute\" \/>\n<script type=\"application\/ld+json\" class=\"yoast-schema-graph\">{\"@context\":\"https:\\\/\\\/schema.org\",\"@graph\":[{\"@type\":\"NewsArticle\",\"@id\":\"https:\\\/\\\/www.webdo.tn\\\/fr\\\/actualite\\\/national\\\/tunisie-mandat-de-depot-a-l-encontre-de-l-avocate-sonia-dahmani\\\/214124\\\/#article\",\"isPartOf\":{\"@id\":\"https:\\\/\\\/www.webdo.tn\\\/fr\\\/actualite\\\/national\\\/tunisie-mandat-de-depot-a-l-encontre-de-l-avocate-sonia-dahmani\\\/214124\\\/\"},\"author\":{\"name\":\"MC\",\"@id\":\"https:\\\/\\\/www.webdo.tn\\\/fr\\\/#\\\/schema\\\/person\\\/2c4929cbf5a809e3bd38617c6ce150f6\"},\"headline\":\"Tunisie : Mandat de d\u00e9p\u00f4t \u00e0 l\u2019encontre de l\u2019avocate Sonia Dahmani\",\"datePublished\":\"2024-05-13T13:13:00+00:00\",\"dateModified\":\"2025-05-20T22:13:18+00:00\",\"mainEntityOfPage\":{\"@id\":\"https:\\\/\\\/www.webdo.tn\\\/fr\\\/actualite\\\/national\\\/tunisie-mandat-de-depot-a-l-encontre-de-l-avocate-sonia-dahmani\\\/214124\\\/\"},\"wordCount\":289,\"commentCount\":0,\"publisher\":{\"@id\":\"https:\\\/\\\/www.webdo.tn\\\/fr\\\/#organization\"},\"image\":{\"@id\":\"https:\\\/\\\/www.webdo.tn\\\/fr\\\/actualite\\\/national\\\/tunisie-mandat-de-depot-a-l-encontre-de-l-avocate-sonia-dahmani\\\/214124\\\/#primaryimage\"},\"thumbnailUrl\":\"https:\\\/\\\/www.webdo.tn\\\/fr\\\/wp-content\\\/uploads\\\/2024\\\/05\\\/9b00dec4f755d260af215deb2a2e68e0.webp\",\"keywords\":[\"justice\",\"mandat de d\u00e9p\u00f4t\",\"sonia dahmani\",\"Tunisie\"],\"articleSection\":[\"National\"],\"inLanguage\":\"fr-FR\"},{\"@type\":\"WebPage\",\"@id\":\"https:\\\/\\\/www.webdo.tn\\\/fr\\\/actualite\\\/national\\\/tunisie-mandat-de-depot-a-l-encontre-de-l-avocate-sonia-dahmani\\\/214124\\\/\",\"url\":\"https:\\\/\\\/www.webdo.tn\\\/fr\\\/actualite\\\/national\\\/tunisie-mandat-de-depot-a-l-encontre-de-l-avocate-sonia-dahmani\\\/214124\\\/\",\"name\":\"Tunisie : Mandat de d\u00e9p\u00f4t \u00e0 l\u2019encontre de l\u2019avocate Sonia Dahmani\",\"isPartOf\":{\"@id\":\"https:\\\/\\\/www.webdo.tn\\\/fr\\\/#website\"},\"primaryImageOfPage\":{\"@id\":\"https:\\\/\\\/www.webdo.tn\\\/fr\\\/actualite\\\/national\\\/tunisie-mandat-de-depot-a-l-encontre-de-l-avocate-sonia-dahmani\\\/214124\\\/#primaryimage\"},\"image\":{\"@id\":\"https:\\\/\\\/www.webdo.tn\\\/fr\\\/actualite\\\/national\\\/tunisie-mandat-de-depot-a-l-encontre-de-l-avocate-sonia-dahmani\\\/214124\\\/#primaryimage\"},\"thumbnailUrl\":\"https:\\\/\\\/www.webdo.tn\\\/fr\\\/wp-content\\\/uploads\\\/2024\\\/05\\\/9b00dec4f755d260af215deb2a2e68e0.webp\",\"datePublished\":\"2024-05-13T13:13:00+00:00\",\"dateModified\":\"2025-05-20T22:13:18+00:00\",\"description\":\"Arr\u00eat\u00e9e, samedi, en ex\u00e9cution d'un mandat d'amener, l'avocate Sonia Dahmani, a comparu ce lundi 13 mai, devant le juge d'instruction du bureau 29 du Tribunal de...\",\"breadcrumb\":{\"@id\":\"https:\\\/\\\/www.webdo.tn\\\/fr\\\/actualite\\\/national\\\/tunisie-mandat-de-depot-a-l-encontre-de-l-avocate-sonia-dahmani\\\/214124\\\/#breadcrumb\"},\"inLanguage\":\"fr-FR\",\"potentialAction\":[{\"@type\":\"ReadAction\",\"target\":[\"https:\\\/\\\/www.webdo.tn\\\/fr\\\/actualite\\\/national\\\/tunisie-mandat-de-depot-a-l-encontre-de-l-avocate-sonia-dahmani\\\/214124\\\/\"]}]},{\"@type\":\"ImageObject\",\"inLanguage\":\"fr-FR\",\"@id\":\"https:\\\/\\\/www.webdo.tn\\\/fr\\\/actualite\\\/national\\\/tunisie-mandat-de-depot-a-l-encontre-de-l-avocate-sonia-dahmani\\\/214124\\\/#primaryimage\",\"url\":\"https:\\\/\\\/www.webdo.tn\\\/fr\\\/wp-content\\\/uploads\\\/2024\\\/05\\\/9b00dec4f755d260af215deb2a2e68e0.webp\",\"contentUrl\":\"https:\\\/\\\/www.webdo.tn\\\/fr\\\/wp-content\\\/uploads\\\/2024\\\/05\\\/9b00dec4f755d260af215deb2a2e68e0.webp\",\"width\":750,\"height\":400,\"caption\":\"Tunisie : Mandat de d\u00e9p\u00f4t \u00e0 l\u2019encontre de l\u2019avocate Sonia Dahmani\"},{\"@type\":\"BreadcrumbList\",\"@id\":\"https:\\\/\\\/www.webdo.tn\\\/fr\\\/actualite\\\/national\\\/tunisie-mandat-de-depot-a-l-encontre-de-l-avocate-sonia-dahmani\\\/214124\\\/#breadcrumb\",\"itemListElement\":[{\"@type\":\"ListItem\",\"position\":1,\"name\":\"Accueil\",\"item\":\"https:\\\/\\\/www.webdo.tn\\\/fr\\\/\"},{\"@type\":\"ListItem\",\"position\":2,\"name\":\"Tunisie : Mandat de d\u00e9p\u00f4t \u00e0 l\u2019encontre de l\u2019avocate Sonia Dahmani\"}]},{\"@type\":\"WebSite\",\"@id\":\"https:\\\/\\\/www.webdo.tn\\\/fr\\\/#website\",\"url\":\"https:\\\/\\\/www.webdo.tn\\\/fr\\\/\",\"name\":\"webdo\",\"description\":\"Tunisie - News en Tunisie et \u00e0 l&#039;international sur Webdo.tn\",\"publisher\":{\"@id\":\"https:\\\/\\\/www.webdo.tn\\\/fr\\\/#organization\"},\"potentialAction\":[{\"@type\":\"SearchAction\",\"target\":{\"@type\":\"EntryPoint\",\"urlTemplate\":\"https:\\\/\\\/www.webdo.tn\\\/fr\\\/?s={search_term_string}\"},\"query-input\":{\"@type\":\"PropertyValueSpecification\",\"valueRequired\":true,\"valueName\":\"search_term_string\"}}],\"inLanguage\":\"fr-FR\"},{\"@type\":\"Organization\",\"@id\":\"https:\\\/\\\/www.webdo.tn\\\/fr\\\/#organization\",\"name\":\"Webdo\",\"alternateName\":\"Webdo.tn\",\"url\":\"https:\\\/\\\/www.webdo.tn\\\/fr\\\/\",\"logo\":{\"@type\":\"ImageObject\",\"inLanguage\":\"fr-FR\",\"@id\":\"https:\\\/\\\/www.webdo.tn\\\/fr\\\/#\\\/schema\\\/logo\\\/image\\\/\",\"url\":\"https:\\\/\\\/www.webdo.tn\\\/fr\\\/wp-content\\\/uploads\\\/2025\\\/06\\\/Webdo-Tunisie_168377.jpg\",\"contentUrl\":\"https:\\\/\\\/www.webdo.tn\\\/fr\\\/wp-content\\\/uploads\\\/2025\\\/06\\\/Webdo-Tunisie_168377.jpg\",\"width\":301,\"height\":301,\"caption\":\"Webdo\"},\"image\":{\"@id\":\"https:\\\/\\\/www.webdo.tn\\\/fr\\\/#\\\/schema\\\/logo\\\/image\\\/\"},\"sameAs\":[\"https:\\\/\\\/www.facebook.com\\\/webdotn\",\"https:\\\/\\\/x.com\\\/webdo_tn\"],\"description\":\"Webdo est un m\u00e9dia num\u00e9rique tunisien fond\u00e9 en 2010, sp\u00e9cialis\u00e9 dans l\u2019actualit\u00e9 nationale et internationale, l\u2019\u00e9conomie, la soci\u00e9t\u00e9 et les analyses politiques. Le site s\u2019adresse \u00e0 un large public francophone et couvre l\u2019information tunisienne en temps r\u00e9el.\",\"email\":\"redac@webdo.tn\",\"legalName\":\"YNJ SARL\",\"foundingDate\":\"2010-09-06\",\"numberOfEmployees\":{\"@type\":\"QuantitativeValue\",\"minValue\":\"11\",\"maxValue\":\"50\"}},{\"@type\":\"Person\",\"@id\":\"https:\\\/\\\/www.webdo.tn\\\/fr\\\/#\\\/schema\\\/person\\\/2c4929cbf5a809e3bd38617c6ce150f6\",\"name\":\"MC\",\"image\":{\"@type\":\"ImageObject\",\"inLanguage\":\"fr-FR\",\"@id\":\"https:\\\/\\\/secure.gravatar.com\\\/avatar\\\/a545bbb6f84efdd5553dbbc2895e3ca8f1d12c5215e00a041c9670b54aa9b18a?s=96&d=mm&r=g\",\"url\":\"https:\\\/\\\/secure.gravatar.com\\\/avatar\\\/a545bbb6f84efdd5553dbbc2895e3ca8f1d12c5215e00a041c9670b54aa9b18a?s=96&d=mm&r=g\",\"contentUrl\":\"https:\\\/\\\/secure.gravatar.com\\\/avatar\\\/a545bbb6f84efdd5553dbbc2895e3ca8f1d12c5215e00a041c9670b54aa9b18a?s=96&d=mm&r=g\",\"caption\":\"MC\"},\"url\":\"https:\\\/\\\/www.webdo.tn\\\/fr\\\/actualite\\\/author\\\/mc\\\/\"}]}<\/script>\n<!-- \/ Yoast SEO Premium plugin. -->","yoast_head_json":{"title":"Tunisie : Mandat de d\u00e9p\u00f4t \u00e0 l\u2019encontre de l\u2019avocate Sonia Dahmani","description":"Arr\u00eat\u00e9e, samedi, en ex\u00e9cution d'un mandat d'amener, l'avocate Sonia Dahmani, a comparu ce lundi 13 mai, devant le juge d'instruction du bureau 29 du Tribunal de...","canonical":"https:\/\/www.webdo.tn\/fr\/actualite\/national\/tunisie-mandat-de-depot-a-l-encontre-de-l-avocate-sonia-dahmani\/214124\/","og_locale":"fr_FR","og_type":"article","og_title":"Tunisie : Mandat de d\u00e9p\u00f4t \u00e0 l\u2019encontre de l\u2019avocate Sonia Dahmani","og_description":"Arr\u00eat\u00e9e, samedi, en ex\u00e9cution d'un mandat d'amener, l'avocate Sonia Dahmani, a comparu ce lundi 13 mai, devant le juge d'instruction du bureau 29 du Tribunal de...","og_url":"https:\/\/www.webdo.tn\/fr\/actualite\/national\/tunisie-mandat-de-depot-a-l-encontre-de-l-avocate-sonia-dahmani\/214124\/","og_site_name":"webdo","article_publisher":"https:\/\/www.facebook.com\/webdotn","article_published_time":"2024-05-13T13:13:00+00:00","article_modified_time":"2025-05-20T22:13:18+00:00","og_image":[{"width":750,"height":400,"url":"https:\/\/www.webdo.tn\/fr\/wp-content\/uploads\/2024\/05\/9b00dec4f755d260af215deb2a2e68e0.webp","type":"image\/webp"}],"author":"MC","twitter_card":"summary_large_image","twitter_creator":"@webdo_tn","twitter_site":"@webdo_tn","twitter_misc":{"\u00c9crit par":"MC","Dur\u00e9e de lecture estim\u00e9e":"1 minute"},"schema":{"@context":"https:\/\/schema.org","@graph":[{"@type":"NewsArticle","@id":"https:\/\/www.webdo.tn\/fr\/actualite\/national\/tunisie-mandat-de-depot-a-l-encontre-de-l-avocate-sonia-dahmani\/214124\/#article","isPartOf":{"@id":"https:\/\/www.webdo.tn\/fr\/actualite\/national\/tunisie-mandat-de-depot-a-l-encontre-de-l-avocate-sonia-dahmani\/214124\/"},"author":{"name":"MC","@id":"https:\/\/www.webdo.tn\/fr\/#\/schema\/person\/2c4929cbf5a809e3bd38617c6ce150f6"},"headline":"Tunisie : Mandat de d\u00e9p\u00f4t \u00e0 l\u2019encontre de l\u2019avocate Sonia Dahmani","datePublished":"2024-05-13T13:13:00+00:00","dateModified":"2025-05-20T22:13:18+00:00","mainEntityOfPage":{"@id":"https:\/\/www.webdo.tn\/fr\/actualite\/national\/tunisie-mandat-de-depot-a-l-encontre-de-l-avocate-sonia-dahmani\/214124\/"},"wordCount":289,"commentCount":0,"publisher":{"@id":"https:\/\/www.webdo.tn\/fr\/#organization"},"image":{"@id":"https:\/\/www.webdo.tn\/fr\/actualite\/national\/tunisie-mandat-de-depot-a-l-encontre-de-l-avocate-sonia-dahmani\/214124\/#primaryimage"},"thumbnailUrl":"https:\/\/www.webdo.tn\/fr\/wp-content\/uploads\/2024\/05\/9b00dec4f755d260af215deb2a2e68e0.webp","keywords":["justice","mandat de d\u00e9p\u00f4t","sonia dahmani","Tunisie"],"articleSection":["National"],"inLanguage":"fr-FR"},{"@type":"WebPage","@id":"https:\/\/www.webdo.tn\/fr\/actualite\/national\/tunisie-mandat-de-depot-a-l-encontre-de-l-avocate-sonia-dahmani\/214124\/","url":"https:\/\/www.webdo.tn\/fr\/actualite\/national\/tunisie-mandat-de-depot-a-l-encontre-de-l-avocate-sonia-dahmani\/214124\/","name":"Tunisie : Mandat de d\u00e9p\u00f4t \u00e0 l\u2019encontre de l\u2019avocate Sonia Dahmani","isPartOf":{"@id":"https:\/\/www.webdo.tn\/fr\/#website"},"primaryImageOfPage":{"@id":"https:\/\/www.webdo.tn\/fr\/actualite\/national\/tunisie-mandat-de-depot-a-l-encontre-de-l-avocate-sonia-dahmani\/214124\/#primaryimage"},"image":{"@id":"https:\/\/www.webdo.tn\/fr\/actualite\/national\/tunisie-mandat-de-depot-a-l-encontre-de-l-avocate-sonia-dahmani\/214124\/#primaryimage"},"thumbnailUrl":"https:\/\/www.webdo.tn\/fr\/wp-content\/uploads\/2024\/05\/9b00dec4f755d260af215deb2a2e68e0.webp","datePublished":"2024-05-13T13:13:00+00:00","dateModified":"2025-05-20T22:13:18+00:00","description":"Arr\u00eat\u00e9e, samedi, en ex\u00e9cution d'un mandat d'amener, l'avocate Sonia Dahmani, a comparu ce lundi 13 mai, devant le juge d'instruction du bureau 29 du Tribunal de...","breadcrumb":{"@id":"https:\/\/www.webdo.tn\/fr\/actualite\/national\/tunisie-mandat-de-depot-a-l-encontre-de-l-avocate-sonia-dahmani\/214124\/#breadcrumb"},"inLanguage":"fr-FR","potentialAction":[{"@type":"ReadAction","target":["https:\/\/www.webdo.tn\/fr\/actualite\/national\/tunisie-mandat-de-depot-a-l-encontre-de-l-avocate-sonia-dahmani\/214124\/"]}]},{"@type":"ImageObject","inLanguage":"fr-FR","@id":"https:\/\/www.webdo.tn\/fr\/actualite\/national\/tunisie-mandat-de-depot-a-l-encontre-de-l-avocate-sonia-dahmani\/214124\/#primaryimage","url":"https:\/\/www.webdo.tn\/fr\/wp-content\/uploads\/2024\/05\/9b00dec4f755d260af215deb2a2e68e0.webp","contentUrl":"https:\/\/www.webdo.tn\/fr\/wp-content\/uploads\/2024\/05\/9b00dec4f755d260af215deb2a2e68e0.webp","width":750,"height":400,"caption":"Tunisie : Mandat de d\u00e9p\u00f4t \u00e0 l\u2019encontre de l\u2019avocate Sonia Dahmani"},{"@type":"BreadcrumbList","@id":"https:\/\/www.webdo.tn\/fr\/actualite\/national\/tunisie-mandat-de-depot-a-l-encontre-de-l-avocate-sonia-dahmani\/214124\/#breadcrumb","itemListElement":[{"@type":"ListItem","position":1,"name":"Accueil","item":"https:\/\/www.webdo.tn\/fr\/"},{"@type":"ListItem","position":2,"name":"Tunisie : Mandat de d\u00e9p\u00f4t \u00e0 l\u2019encontre de l\u2019avocate Sonia Dahmani"}]},{"@type":"WebSite","@id":"https:\/\/www.webdo.tn\/fr\/#website","url":"https:\/\/www.webdo.tn\/fr\/","name":"webdo","description":"Tunisie - News en Tunisie et \u00e0 l&#039;international sur Webdo.tn","publisher":{"@id":"https:\/\/www.webdo.tn\/fr\/#organization"},"potentialAction":[{"@type":"SearchAction","target":{"@type":"EntryPoint","urlTemplate":"https:\/\/www.webdo.tn\/fr\/?s={search_term_string}"},"query-input":{"@type":"PropertyValueSpecification","valueRequired":true,"valueName":"search_term_string"}}],"inLanguage":"fr-FR"},{"@type":"Organization","@id":"https:\/\/www.webdo.tn\/fr\/#organization","name":"Webdo","alternateName":"Webdo.tn","url":"https:\/\/www.webdo.tn\/fr\/","logo":{"@type":"ImageObject","inLanguage":"fr-FR","@id":"https:\/\/www.webdo.tn\/fr\/#\/schema\/logo\/image\/","url":"https:\/\/www.webdo.tn\/fr\/wp-content\/uploads\/2025\/06\/Webdo-Tunisie_168377.jpg","contentUrl":"https:\/\/www.webdo.tn\/fr\/wp-content\/uploads\/2025\/06\/Webdo-Tunisie_168377.jpg","width":301,"height":301,"caption":"Webdo"},"image":{"@id":"https:\/\/www.webdo.tn\/fr\/#\/schema\/logo\/image\/"},"sameAs":["https:\/\/www.facebook.com\/webdotn","https:\/\/x.com\/webdo_tn"],"description":"Webdo est un m\u00e9dia num\u00e9rique tunisien fond\u00e9 en 2010, sp\u00e9cialis\u00e9 dans l\u2019actualit\u00e9 nationale et internationale, l\u2019\u00e9conomie, la soci\u00e9t\u00e9 et les analyses politiques. Le site s\u2019adresse \u00e0 un large public francophone et couvre l\u2019information tunisienne en temps r\u00e9el.","email":"redac@webdo.tn","legalName":"YNJ SARL","foundingDate":"2010-09-06","numberOfEmployees":{"@type":"QuantitativeValue","minValue":"11","maxValue":"50"}},{"@type":"Person","@id":"https:\/\/www.webdo.tn\/fr\/#\/schema\/person\/2c4929cbf5a809e3bd38617c6ce150f6","name":"MC","image":{"@type":"ImageObject","inLanguage":"fr-FR","@id":"https:\/\/secure.gravatar.com\/avatar\/a545bbb6f84efdd5553dbbc2895e3ca8f1d12c5215e00a041c9670b54aa9b18a?s=96&d=mm&r=g","url":"https:\/\/secure.gravatar.com\/avatar\/a545bbb6f84efdd5553dbbc2895e3ca8f1d12c5215e00a041c9670b54aa9b18a?s=96&d=mm&r=g","contentUrl":"https:\/\/secure.gravatar.com\/avatar\/a545bbb6f84efdd5553dbbc2895e3ca8f1d12c5215e00a041c9670b54aa9b18a?s=96&d=mm&r=g","caption":"MC"},"url":"https:\/\/www.webdo.tn\/fr\/actualite\/author\/mc\/"}]}},"_links":{"self":[{"href":"https:\/\/www.webdo.tn\/fr\/wp-json\/wp\/v2\/posts\/214124","targetHints":{"allow":["GET"]}}],"collection":[{"href":"https:\/\/www.webdo.tn\/fr\/wp-json\/wp\/v2\/posts"}],"about":[{"href":"https:\/\/www.webdo.tn\/fr\/wp-json\/wp\/v2\/types\/post"}],"author":[{"embeddable":true,"href":"https:\/\/www.webdo.tn\/fr\/wp-json\/wp\/v2\/users\/3162"}],"replies":[{"embeddable":true,"href":"https:\/\/www.webdo.tn\/fr\/wp-json\/wp\/v2\/comments?post=214124"}],"version-history":[{"count":0,"href":"https:\/\/www.webdo.tn\/fr\/wp-json\/wp\/v2\/posts\/214124\/revisions"}],"wp:featuredmedia":[{"embeddable":true,"href":"https:\/\/www.webdo.tn\/fr\/wp-json\/wp\/v2\/media\/290583"}],"wp:attachment":[{"href":"https:\/\/www.webdo.tn\/fr\/wp-json\/wp\/v2\/media?parent=214124"}],"wp:term":[{"taxonomy":"category","embeddable":true,"href":"https:\/\/www.webdo.tn\/fr\/wp-json\/wp\/v2\/categories?post=214124"},{"taxonomy":"post_tag","embeddable":true,"href":"https:\/\/www.webdo.tn\/fr\/wp-json\/wp\/v2\/tags?post=214124"}],"curies":[{"name":"wp","href":"https:\/\/api.w.org\/{rel}","templated":true}]}}