{"id":214120,"date":"2024-05-13T10:24:00","date_gmt":"2024-05-13T10:24:00","guid":{"rendered":"https:\/\/www.webdo.tn\/fr\/blog\/entre-salamboo-et-aeroport-le-kram-de-dixi-mariella-et-gambechia\/214120\/"},"modified":"2024-05-13T10:24:00","modified_gmt":"2024-05-13T10:24:00","slug":"entre-salamboo-et-aeroport-le-kram-de-dixi-mariella-et-gambechia","status":"publish","type":"post","link":"https:\/\/www.webdo.tn\/fr\/actualite\/chroniques\/entre-salamboo-et-aeroport-le-kram-de-dixi-mariella-et-gambechia\/214120\/","title":{"rendered":"Entre Salambo et A\u00e9roport : Le Kram de Dixi, Mariella et Gambechia"},"content":{"rendered":"<p>Le nom du Kram \u00e9voque d\u2019anciens figuiers qui r\u00e9gnaient en ces lieux. Le terme Kram est en effet le pluriel de Karma et d\u00e9signe les figuiers dont on dit qu\u2019ils \u00e9taient nombreux dans cette banlieue.<\/p>\n<p>\t\t\t\t\t\t\t\t\tBanlieue de Tunis, entre Carthage et la Goulette, le Kram a longtemps rassembl\u00e9 une vaste communaut\u00e9 italienne.\u00a0 La localit\u00e9 s\u2019est d\u2019abord d\u00e9velopp\u00e9e autour des demeures de Khereddine Pacha, des Lasram et des Lagha.<\/p>\n<p>Elle deviendra ensuite un quartier \u00e0 cheval sur Salamb\u00f4 et A\u00e9roport avec une importante concentration italienne. L\u2019ancienne \u00e9glise du Kram, quelques noms de rues ou de villas ainsi que de rares familles italiennes encore install\u00e9es ici en t\u00e9moignent.<\/p>\n<p>L\u2019\u00e9vocation des glaciers du Kram nous rappelle qu&rsquo;ils \u00e9taient trois et se faisaient face au coeur du rond-point central de la ville. Ils ne d\u00e9semplissaient pas et l\u2019\u00e9t\u00e9 venu r\u00e9unissaient tous les gourmands. \u00a0<\/p>\n<p>Il y avait Mario qui \u00e9tait le plus ancien et Alfred qui d\u00e9m\u00e9nagera par la suite vers Khereddine et aussi Cacciola. Cette m\u00e9moire des gelateria kramoises survit dans les souvenirs des enfants de cette ville et \u00e0 travers les cartes postales d\u2019\u00e9poque.<\/p>\n<p>C\u2019est aussi le cas du fameux Bar Dixi ou des \u00e9piceries embl\u00e9matiques du Kram qui s\u2019alignaient \u00e0 proximit\u00e9 du march\u00e9.\u00a0 Les anciens du Kram se souviennent aussi d\u2019enseignes fameuses comme celle de la boulangerie Gambechia ou de la pizzeria Mariella.<\/p>\n<p>Que de m\u00e9moires plurielles se cachent dans les rues du Kram! Comme par exemple les casse- cro\u00fbte de No\u00ebl ou les bistrots de la Cabane ou de l\u2019Oiseau bleu.<\/p>\n<p>Le Kram est en effet in\u00e9puisable mais reste secret et peu connu.N\u2019est-il pas temps de red\u00e9couvrir cette charmante banlieue au pass\u00e9 husseinite et italien et au pr\u00e9sent tout en contrastes ?<\/p>\n","protected":false},"excerpt":{"rendered":"<p>Banlieue de Tunis, entre Carthage et la Goulette, le Kram a longtemps rassembl\u00e9 une vaste communaut\u00e9 italienne.  La localit\u00e9 s\u2019est d\u2019abord d\u00e9velopp\u00e9e autour des&#8230;<\/p>\n","protected":false},"author":3229,"featured_media":247405,"comment_status":"open","ping_status":"closed","sticky":false,"template":"","format":"standard","meta":{"footnotes":""},"categories":[2596],"tags":[2950,2653,2640,2608],"class_list":["post-214120","post","type-post","status-publish","format-standard","has-post-thumbnail","hentry","category-chroniques","tag-le-kram","tag-nostalgie","tag-tunis","tag-tunisie"],"yoast_head":"<!-- This site is optimized with the Yoast SEO Premium plugin v27.5 (Yoast SEO v27.5) - https:\/\/yoast.com\/product\/yoast-seo-premium-wordpress\/ -->\n<title>Entre Salambo et A\u00e9roport : Le Kram de Dixi, Mariella et Gambechia<\/title>\n<meta name=\"description\" content=\"Banlieue de Tunis, entre Carthage et la Goulette, le Kram a longtemps rassembl\u00e9 une vaste communaut\u00e9 italienne. La localit\u00e9 s\u2019est d\u2019abord d\u00e9velopp\u00e9e autour des...\" \/>\n<link rel=\"canonical\" href=\"https:\/\/www.webdo.tn\/fr\/actualite\/chroniques\/entre-salamboo-et-aeroport-le-kram-de-dixi-mariella-et-gambechia\/214120\/\" \/>\n<meta property=\"og:locale\" content=\"fr_FR\" \/>\n<meta property=\"og:type\" content=\"article\" \/>\n<meta property=\"og:title\" content=\"Entre Salambo et A\u00e9roport : Le Kram de Dixi, Mariella et Gambechia\" \/>\n<meta property=\"og:description\" content=\"Banlieue de Tunis, entre Carthage et la Goulette, le Kram a longtemps rassembl\u00e9 une vaste communaut\u00e9 italienne. La localit\u00e9 s\u2019est d\u2019abord d\u00e9velopp\u00e9e autour des...\" \/>\n<meta property=\"og:url\" content=\"https:\/\/www.webdo.tn\/fr\/actualite\/chroniques\/entre-salamboo-et-aeroport-le-kram-de-dixi-mariella-et-gambechia\/214120\/\" \/>\n<meta property=\"og:site_name\" content=\"webdo\" \/>\n<meta property=\"article:publisher\" content=\"https:\/\/www.facebook.com\/webdotn\" \/>\n<meta property=\"article:author\" content=\"https:\/\/www.facebook.com\/hatem.bourial.2025\" \/>\n<meta property=\"article:published_time\" content=\"2024-05-13T10:24:00+00:00\" \/>\n<meta property=\"og:image\" content=\"https:\/\/www.webdo.tn\/fr\/wp-content\/uploads\/2024\/05\/fe7edc60e892c935bfbb3f57a87dd30f.webp\" \/>\n\t<meta property=\"og:image:width\" content=\"720\" \/>\n\t<meta property=\"og:image:height\" content=\"384\" \/>\n\t<meta property=\"og:image:type\" content=\"image\/webp\" \/>\n<meta name=\"author\" content=\"Hatem Bourial\" \/>\n<meta name=\"twitter:card\" content=\"summary_large_image\" \/>\n<meta name=\"twitter:creator\" content=\"@webdo_tn\" \/>\n<meta name=\"twitter:site\" content=\"@webdo_tn\" \/>\n<meta name=\"twitter:label1\" content=\"\u00c9crit par\" \/>\n\t<meta name=\"twitter:data1\" content=\"Hatem Bourial\" \/>\n\t<meta name=\"twitter:label2\" content=\"Dur\u00e9e de lecture estim\u00e9e\" \/>\n\t<meta name=\"twitter:data2\" content=\"2 minutes\" \/>\n<script type=\"application\/ld+json\" class=\"yoast-schema-graph\">{\"@context\":\"https:\\\/\\\/schema.org\",\"@graph\":[{\"@type\":\"NewsArticle\",\"@id\":\"https:\\\/\\\/www.webdo.tn\\\/fr\\\/actualite\\\/chroniques\\\/entre-salamboo-et-aeroport-le-kram-de-dixi-mariella-et-gambechia\\\/214120\\\/#article\",\"isPartOf\":{\"@id\":\"https:\\\/\\\/www.webdo.tn\\\/fr\\\/actualite\\\/chroniques\\\/entre-salamboo-et-aeroport-le-kram-de-dixi-mariella-et-gambechia\\\/214120\\\/\"},\"author\":{\"name\":\"Hatem Bourial\",\"@id\":\"https:\\\/\\\/www.webdo.tn\\\/fr\\\/#\\\/schema\\\/person\\\/6bc0beba2cd23aec27cb5df85ca2554f\"},\"headline\":\"Entre Salambo et A\u00e9roport : Le Kram de Dixi, Mariella et Gambechia\",\"datePublished\":\"2024-05-13T10:24:00+00:00\",\"mainEntityOfPage\":{\"@id\":\"https:\\\/\\\/www.webdo.tn\\\/fr\\\/actualite\\\/chroniques\\\/entre-salamboo-et-aeroport-le-kram-de-dixi-mariella-et-gambechia\\\/214120\\\/\"},\"wordCount\":323,\"commentCount\":0,\"publisher\":{\"@id\":\"https:\\\/\\\/www.webdo.tn\\\/fr\\\/#organization\"},\"image\":{\"@id\":\"https:\\\/\\\/www.webdo.tn\\\/fr\\\/actualite\\\/chroniques\\\/entre-salamboo-et-aeroport-le-kram-de-dixi-mariella-et-gambechia\\\/214120\\\/#primaryimage\"},\"thumbnailUrl\":\"https:\\\/\\\/www.webdo.tn\\\/fr\\\/wp-content\\\/uploads\\\/2024\\\/05\\\/fe7edc60e892c935bfbb3f57a87dd30f.webp\",\"keywords\":[\"le kram\",\"nostalgie\",\"Tunis\",\"Tunisie\"],\"articleSection\":[\"Chroniques\"],\"inLanguage\":\"fr-FR\"},{\"@type\":\"WebPage\",\"@id\":\"https:\\\/\\\/www.webdo.tn\\\/fr\\\/actualite\\\/chroniques\\\/entre-salamboo-et-aeroport-le-kram-de-dixi-mariella-et-gambechia\\\/214120\\\/\",\"url\":\"https:\\\/\\\/www.webdo.tn\\\/fr\\\/actualite\\\/chroniques\\\/entre-salamboo-et-aeroport-le-kram-de-dixi-mariella-et-gambechia\\\/214120\\\/\",\"name\":\"Entre Salambo et A\u00e9roport : Le Kram de Dixi, Mariella et Gambechia\",\"isPartOf\":{\"@id\":\"https:\\\/\\\/www.webdo.tn\\\/fr\\\/#website\"},\"primaryImageOfPage\":{\"@id\":\"https:\\\/\\\/www.webdo.tn\\\/fr\\\/actualite\\\/chroniques\\\/entre-salamboo-et-aeroport-le-kram-de-dixi-mariella-et-gambechia\\\/214120\\\/#primaryimage\"},\"image\":{\"@id\":\"https:\\\/\\\/www.webdo.tn\\\/fr\\\/actualite\\\/chroniques\\\/entre-salamboo-et-aeroport-le-kram-de-dixi-mariella-et-gambechia\\\/214120\\\/#primaryimage\"},\"thumbnailUrl\":\"https:\\\/\\\/www.webdo.tn\\\/fr\\\/wp-content\\\/uploads\\\/2024\\\/05\\\/fe7edc60e892c935bfbb3f57a87dd30f.webp\",\"datePublished\":\"2024-05-13T10:24:00+00:00\",\"description\":\"Banlieue de Tunis, entre Carthage et la Goulette, le Kram a longtemps rassembl\u00e9 une vaste communaut\u00e9 italienne. La localit\u00e9 s\u2019est d\u2019abord d\u00e9velopp\u00e9e autour des...\",\"breadcrumb\":{\"@id\":\"https:\\\/\\\/www.webdo.tn\\\/fr\\\/actualite\\\/chroniques\\\/entre-salamboo-et-aeroport-le-kram-de-dixi-mariella-et-gambechia\\\/214120\\\/#breadcrumb\"},\"inLanguage\":\"fr-FR\",\"potentialAction\":[{\"@type\":\"ReadAction\",\"target\":[\"https:\\\/\\\/www.webdo.tn\\\/fr\\\/actualite\\\/chroniques\\\/entre-salamboo-et-aeroport-le-kram-de-dixi-mariella-et-gambechia\\\/214120\\\/\"]}]},{\"@type\":\"ImageObject\",\"inLanguage\":\"fr-FR\",\"@id\":\"https:\\\/\\\/www.webdo.tn\\\/fr\\\/actualite\\\/chroniques\\\/entre-salamboo-et-aeroport-le-kram-de-dixi-mariella-et-gambechia\\\/214120\\\/#primaryimage\",\"url\":\"https:\\\/\\\/www.webdo.tn\\\/fr\\\/wp-content\\\/uploads\\\/2024\\\/05\\\/fe7edc60e892c935bfbb3f57a87dd30f.webp\",\"contentUrl\":\"https:\\\/\\\/www.webdo.tn\\\/fr\\\/wp-content\\\/uploads\\\/2024\\\/05\\\/fe7edc60e892c935bfbb3f57a87dd30f.webp\",\"width\":720,\"height\":384,\"caption\":\"Entre Salambo et A\u00e9roport : Le Kram de Dixi, Mariella et Gambechia\"},{\"@type\":\"BreadcrumbList\",\"@id\":\"https:\\\/\\\/www.webdo.tn\\\/fr\\\/actualite\\\/chroniques\\\/entre-salamboo-et-aeroport-le-kram-de-dixi-mariella-et-gambechia\\\/214120\\\/#breadcrumb\",\"itemListElement\":[{\"@type\":\"ListItem\",\"position\":1,\"name\":\"Accueil\",\"item\":\"https:\\\/\\\/www.webdo.tn\\\/fr\\\/\"},{\"@type\":\"ListItem\",\"position\":2,\"name\":\"Entre Salambo et A\u00e9roport : Le Kram de Dixi, Mariella et Gambechia\"}]},{\"@type\":\"WebSite\",\"@id\":\"https:\\\/\\\/www.webdo.tn\\\/fr\\\/#website\",\"url\":\"https:\\\/\\\/www.webdo.tn\\\/fr\\\/\",\"name\":\"webdo\",\"description\":\"Tunisie - News en Tunisie et \u00e0 l&#039;international sur Webdo.tn\",\"publisher\":{\"@id\":\"https:\\\/\\\/www.webdo.tn\\\/fr\\\/#organization\"},\"potentialAction\":[{\"@type\":\"SearchAction\",\"target\":{\"@type\":\"EntryPoint\",\"urlTemplate\":\"https:\\\/\\\/www.webdo.tn\\\/fr\\\/?s={search_term_string}\"},\"query-input\":{\"@type\":\"PropertyValueSpecification\",\"valueRequired\":true,\"valueName\":\"search_term_string\"}}],\"inLanguage\":\"fr-FR\"},{\"@type\":\"Organization\",\"@id\":\"https:\\\/\\\/www.webdo.tn\\\/fr\\\/#organization\",\"name\":\"Webdo\",\"alternateName\":\"Webdo.tn\",\"url\":\"https:\\\/\\\/www.webdo.tn\\\/fr\\\/\",\"logo\":{\"@type\":\"ImageObject\",\"inLanguage\":\"fr-FR\",\"@id\":\"https:\\\/\\\/www.webdo.tn\\\/fr\\\/#\\\/schema\\\/logo\\\/image\\\/\",\"url\":\"https:\\\/\\\/www.webdo.tn\\\/fr\\\/wp-content\\\/uploads\\\/2025\\\/06\\\/Webdo-Tunisie_168377.jpg\",\"contentUrl\":\"https:\\\/\\\/www.webdo.tn\\\/fr\\\/wp-content\\\/uploads\\\/2025\\\/06\\\/Webdo-Tunisie_168377.jpg\",\"width\":301,\"height\":301,\"caption\":\"Webdo\"},\"image\":{\"@id\":\"https:\\\/\\\/www.webdo.tn\\\/fr\\\/#\\\/schema\\\/logo\\\/image\\\/\"},\"sameAs\":[\"https:\\\/\\\/www.facebook.com\\\/webdotn\",\"https:\\\/\\\/x.com\\\/webdo_tn\"],\"description\":\"Webdo est un m\u00e9dia num\u00e9rique tunisien fond\u00e9 en 2010, sp\u00e9cialis\u00e9 dans l\u2019actualit\u00e9 nationale et internationale, l\u2019\u00e9conomie, la soci\u00e9t\u00e9 et les analyses politiques. Le site s\u2019adresse \u00e0 un large public francophone et couvre l\u2019information tunisienne en temps r\u00e9el.\",\"email\":\"redac@webdo.tn\",\"legalName\":\"YNJ SARL\",\"foundingDate\":\"2010-09-06\",\"numberOfEmployees\":{\"@type\":\"QuantitativeValue\",\"minValue\":\"11\",\"maxValue\":\"50\"}},{\"@type\":\"Person\",\"@id\":\"https:\\\/\\\/www.webdo.tn\\\/fr\\\/#\\\/schema\\\/person\\\/6bc0beba2cd23aec27cb5df85ca2554f\",\"name\":\"Hatem Bourial\",\"image\":{\"@type\":\"ImageObject\",\"inLanguage\":\"fr-FR\",\"@id\":\"https:\\\/\\\/www.webdo.tn\\\/fr\\\/wp-content\\\/uploads\\\/2026\\\/04\\\/hatem-bourial_avatar-96x96.jpg\",\"url\":\"https:\\\/\\\/www.webdo.tn\\\/fr\\\/wp-content\\\/uploads\\\/2026\\\/04\\\/hatem-bourial_avatar-96x96.jpg\",\"contentUrl\":\"https:\\\/\\\/www.webdo.tn\\\/fr\\\/wp-content\\\/uploads\\\/2026\\\/04\\\/hatem-bourial_avatar-96x96.jpg\",\"caption\":\"Hatem Bourial\"},\"description\":\"Hatem Bourial est journaliste, \u00e9crivain et chroniqueur tunisien. Actif depuis plusieurs d\u00e9cennies, il s\u2019est impos\u00e9 comme un observateur attentif de la soci\u00e9t\u00e9 tunisienne, m\u00ealant dans ses \u00e9crits m\u00e9moire, culture et analyse du quotidien. Auteur de nombreux ouvrages, il d\u00e9veloppe une \u0153uvre \u00e0 la crois\u00e9e du r\u00e9cit, de la po\u00e9sie et de l\u2019observation sociologique. Parall\u00e8lement \u00e0 ses contributions dans la presse, il intervient r\u00e9guli\u00e8rement \u00e0 la radio et dans des espaces culturels, o\u00f9 il explore les enjeux li\u00e9s au patrimoine, \u00e0 l\u2019identit\u00e9 et aux transformations du monde contemporain. \u00c0 travers ses chroniques, Hatem Bourial propose une lecture sensible et approfondie de l\u2019actualit\u00e9, nourrie par une exp\u00e9rience journalistique et litt\u00e9raire reconnue. \ud83d\udd17 Facebook : https:\\\/\\\/www.facebook.com\\\/hatem.bourial.2025\",\"sameAs\":[\"https:\\\/\\\/www.facebook.com\\\/hatem.bourial.2025\",\"https:\\\/\\\/fr.wikipedia.org\\\/wiki\\\/Fichier:Hatem_Bourial.jpg\"],\"knowsAbout\":[\"Culture & patrimoine tunisien\",\"Chronique soci\u00e9tale\",\"Litt\u00e9rature & m\u00e9moire\",\"Cin\u00e9ma & critique culturelle\",\"Identit\u00e9 & mutations sociales\"],\"knowsLanguage\":[\"Arabe\",\"Fran\u00e7ais\",\"Anglais\",\"Italien\",\"Polonais\"],\"jobTitle\":\"Journaliste, \u00e9crivain et chroniqueur culturel\",\"worksFor\":\"Webdo\",\"url\":\"https:\\\/\\\/www.webdo.tn\\\/fr\\\/actualite\\\/author\\\/hatem-bourial-2\\\/\"}]}<\/script>\n<!-- \/ Yoast SEO Premium plugin. -->","yoast_head_json":{"title":"Entre Salambo et A\u00e9roport : Le Kram de Dixi, Mariella et Gambechia","description":"Banlieue de Tunis, entre Carthage et la Goulette, le Kram a longtemps rassembl\u00e9 une vaste communaut\u00e9 italienne. La localit\u00e9 s\u2019est d\u2019abord d\u00e9velopp\u00e9e autour des...","canonical":"https:\/\/www.webdo.tn\/fr\/actualite\/chroniques\/entre-salamboo-et-aeroport-le-kram-de-dixi-mariella-et-gambechia\/214120\/","og_locale":"fr_FR","og_type":"article","og_title":"Entre Salambo et A\u00e9roport : Le Kram de Dixi, Mariella et Gambechia","og_description":"Banlieue de Tunis, entre Carthage et la Goulette, le Kram a longtemps rassembl\u00e9 une vaste communaut\u00e9 italienne. La localit\u00e9 s\u2019est d\u2019abord d\u00e9velopp\u00e9e autour des...","og_url":"https:\/\/www.webdo.tn\/fr\/actualite\/chroniques\/entre-salamboo-et-aeroport-le-kram-de-dixi-mariella-et-gambechia\/214120\/","og_site_name":"webdo","article_publisher":"https:\/\/www.facebook.com\/webdotn","article_author":"https:\/\/www.facebook.com\/hatem.bourial.2025","article_published_time":"2024-05-13T10:24:00+00:00","og_image":[{"width":720,"height":384,"url":"https:\/\/www.webdo.tn\/fr\/wp-content\/uploads\/2024\/05\/fe7edc60e892c935bfbb3f57a87dd30f.webp","type":"image\/webp"}],"author":"Hatem Bourial","twitter_card":"summary_large_image","twitter_creator":"@webdo_tn","twitter_site":"@webdo_tn","twitter_misc":{"\u00c9crit par":"Hatem Bourial","Dur\u00e9e de lecture estim\u00e9e":"2 minutes"},"schema":{"@context":"https:\/\/schema.org","@graph":[{"@type":"NewsArticle","@id":"https:\/\/www.webdo.tn\/fr\/actualite\/chroniques\/entre-salamboo-et-aeroport-le-kram-de-dixi-mariella-et-gambechia\/214120\/#article","isPartOf":{"@id":"https:\/\/www.webdo.tn\/fr\/actualite\/chroniques\/entre-salamboo-et-aeroport-le-kram-de-dixi-mariella-et-gambechia\/214120\/"},"author":{"name":"Hatem Bourial","@id":"https:\/\/www.webdo.tn\/fr\/#\/schema\/person\/6bc0beba2cd23aec27cb5df85ca2554f"},"headline":"Entre Salambo et A\u00e9roport : Le Kram de Dixi, Mariella et Gambechia","datePublished":"2024-05-13T10:24:00+00:00","mainEntityOfPage":{"@id":"https:\/\/www.webdo.tn\/fr\/actualite\/chroniques\/entre-salamboo-et-aeroport-le-kram-de-dixi-mariella-et-gambechia\/214120\/"},"wordCount":323,"commentCount":0,"publisher":{"@id":"https:\/\/www.webdo.tn\/fr\/#organization"},"image":{"@id":"https:\/\/www.webdo.tn\/fr\/actualite\/chroniques\/entre-salamboo-et-aeroport-le-kram-de-dixi-mariella-et-gambechia\/214120\/#primaryimage"},"thumbnailUrl":"https:\/\/www.webdo.tn\/fr\/wp-content\/uploads\/2024\/05\/fe7edc60e892c935bfbb3f57a87dd30f.webp","keywords":["le kram","nostalgie","Tunis","Tunisie"],"articleSection":["Chroniques"],"inLanguage":"fr-FR"},{"@type":"WebPage","@id":"https:\/\/www.webdo.tn\/fr\/actualite\/chroniques\/entre-salamboo-et-aeroport-le-kram-de-dixi-mariella-et-gambechia\/214120\/","url":"https:\/\/www.webdo.tn\/fr\/actualite\/chroniques\/entre-salamboo-et-aeroport-le-kram-de-dixi-mariella-et-gambechia\/214120\/","name":"Entre Salambo et A\u00e9roport : Le Kram de Dixi, Mariella et Gambechia","isPartOf":{"@id":"https:\/\/www.webdo.tn\/fr\/#website"},"primaryImageOfPage":{"@id":"https:\/\/www.webdo.tn\/fr\/actualite\/chroniques\/entre-salamboo-et-aeroport-le-kram-de-dixi-mariella-et-gambechia\/214120\/#primaryimage"},"image":{"@id":"https:\/\/www.webdo.tn\/fr\/actualite\/chroniques\/entre-salamboo-et-aeroport-le-kram-de-dixi-mariella-et-gambechia\/214120\/#primaryimage"},"thumbnailUrl":"https:\/\/www.webdo.tn\/fr\/wp-content\/uploads\/2024\/05\/fe7edc60e892c935bfbb3f57a87dd30f.webp","datePublished":"2024-05-13T10:24:00+00:00","description":"Banlieue de Tunis, entre Carthage et la Goulette, le Kram a longtemps rassembl\u00e9 une vaste communaut\u00e9 italienne. La localit\u00e9 s\u2019est d\u2019abord d\u00e9velopp\u00e9e autour des...","breadcrumb":{"@id":"https:\/\/www.webdo.tn\/fr\/actualite\/chroniques\/entre-salamboo-et-aeroport-le-kram-de-dixi-mariella-et-gambechia\/214120\/#breadcrumb"},"inLanguage":"fr-FR","potentialAction":[{"@type":"ReadAction","target":["https:\/\/www.webdo.tn\/fr\/actualite\/chroniques\/entre-salamboo-et-aeroport-le-kram-de-dixi-mariella-et-gambechia\/214120\/"]}]},{"@type":"ImageObject","inLanguage":"fr-FR","@id":"https:\/\/www.webdo.tn\/fr\/actualite\/chroniques\/entre-salamboo-et-aeroport-le-kram-de-dixi-mariella-et-gambechia\/214120\/#primaryimage","url":"https:\/\/www.webdo.tn\/fr\/wp-content\/uploads\/2024\/05\/fe7edc60e892c935bfbb3f57a87dd30f.webp","contentUrl":"https:\/\/www.webdo.tn\/fr\/wp-content\/uploads\/2024\/05\/fe7edc60e892c935bfbb3f57a87dd30f.webp","width":720,"height":384,"caption":"Entre Salambo et A\u00e9roport : Le Kram de Dixi, Mariella et Gambechia"},{"@type":"BreadcrumbList","@id":"https:\/\/www.webdo.tn\/fr\/actualite\/chroniques\/entre-salamboo-et-aeroport-le-kram-de-dixi-mariella-et-gambechia\/214120\/#breadcrumb","itemListElement":[{"@type":"ListItem","position":1,"name":"Accueil","item":"https:\/\/www.webdo.tn\/fr\/"},{"@type":"ListItem","position":2,"name":"Entre Salambo et A\u00e9roport : Le Kram de Dixi, Mariella et Gambechia"}]},{"@type":"WebSite","@id":"https:\/\/www.webdo.tn\/fr\/#website","url":"https:\/\/www.webdo.tn\/fr\/","name":"webdo","description":"Tunisie - News en Tunisie et \u00e0 l&#039;international sur Webdo.tn","publisher":{"@id":"https:\/\/www.webdo.tn\/fr\/#organization"},"potentialAction":[{"@type":"SearchAction","target":{"@type":"EntryPoint","urlTemplate":"https:\/\/www.webdo.tn\/fr\/?s={search_term_string}"},"query-input":{"@type":"PropertyValueSpecification","valueRequired":true,"valueName":"search_term_string"}}],"inLanguage":"fr-FR"},{"@type":"Organization","@id":"https:\/\/www.webdo.tn\/fr\/#organization","name":"Webdo","alternateName":"Webdo.tn","url":"https:\/\/www.webdo.tn\/fr\/","logo":{"@type":"ImageObject","inLanguage":"fr-FR","@id":"https:\/\/www.webdo.tn\/fr\/#\/schema\/logo\/image\/","url":"https:\/\/www.webdo.tn\/fr\/wp-content\/uploads\/2025\/06\/Webdo-Tunisie_168377.jpg","contentUrl":"https:\/\/www.webdo.tn\/fr\/wp-content\/uploads\/2025\/06\/Webdo-Tunisie_168377.jpg","width":301,"height":301,"caption":"Webdo"},"image":{"@id":"https:\/\/www.webdo.tn\/fr\/#\/schema\/logo\/image\/"},"sameAs":["https:\/\/www.facebook.com\/webdotn","https:\/\/x.com\/webdo_tn"],"description":"Webdo est un m\u00e9dia num\u00e9rique tunisien fond\u00e9 en 2010, sp\u00e9cialis\u00e9 dans l\u2019actualit\u00e9 nationale et internationale, l\u2019\u00e9conomie, la soci\u00e9t\u00e9 et les analyses politiques. Le site s\u2019adresse \u00e0 un large public francophone et couvre l\u2019information tunisienne en temps r\u00e9el.","email":"redac@webdo.tn","legalName":"YNJ SARL","foundingDate":"2010-09-06","numberOfEmployees":{"@type":"QuantitativeValue","minValue":"11","maxValue":"50"}},{"@type":"Person","@id":"https:\/\/www.webdo.tn\/fr\/#\/schema\/person\/6bc0beba2cd23aec27cb5df85ca2554f","name":"Hatem Bourial","image":{"@type":"ImageObject","inLanguage":"fr-FR","@id":"https:\/\/www.webdo.tn\/fr\/wp-content\/uploads\/2026\/04\/hatem-bourial_avatar-96x96.jpg","url":"https:\/\/www.webdo.tn\/fr\/wp-content\/uploads\/2026\/04\/hatem-bourial_avatar-96x96.jpg","contentUrl":"https:\/\/www.webdo.tn\/fr\/wp-content\/uploads\/2026\/04\/hatem-bourial_avatar-96x96.jpg","caption":"Hatem Bourial"},"description":"Hatem Bourial est journaliste, \u00e9crivain et chroniqueur tunisien. Actif depuis plusieurs d\u00e9cennies, il s\u2019est impos\u00e9 comme un observateur attentif de la soci\u00e9t\u00e9 tunisienne, m\u00ealant dans ses \u00e9crits m\u00e9moire, culture et analyse du quotidien. Auteur de nombreux ouvrages, il d\u00e9veloppe une \u0153uvre \u00e0 la crois\u00e9e du r\u00e9cit, de la po\u00e9sie et de l\u2019observation sociologique. Parall\u00e8lement \u00e0 ses contributions dans la presse, il intervient r\u00e9guli\u00e8rement \u00e0 la radio et dans des espaces culturels, o\u00f9 il explore les enjeux li\u00e9s au patrimoine, \u00e0 l\u2019identit\u00e9 et aux transformations du monde contemporain. \u00c0 travers ses chroniques, Hatem Bourial propose une lecture sensible et approfondie de l\u2019actualit\u00e9, nourrie par une exp\u00e9rience journalistique et litt\u00e9raire reconnue. \ud83d\udd17 Facebook : https:\/\/www.facebook.com\/hatem.bourial.2025","sameAs":["https:\/\/www.facebook.com\/hatem.bourial.2025","https:\/\/fr.wikipedia.org\/wiki\/Fichier:Hatem_Bourial.jpg"],"knowsAbout":["Culture & patrimoine tunisien","Chronique soci\u00e9tale","Litt\u00e9rature & m\u00e9moire","Cin\u00e9ma & critique culturelle","Identit\u00e9 & mutations sociales"],"knowsLanguage":["Arabe","Fran\u00e7ais","Anglais","Italien","Polonais"],"jobTitle":"Journaliste, \u00e9crivain et chroniqueur culturel","worksFor":"Webdo","url":"https:\/\/www.webdo.tn\/fr\/actualite\/author\/hatem-bourial-2\/"}]}},"_links":{"self":[{"href":"https:\/\/www.webdo.tn\/fr\/wp-json\/wp\/v2\/posts\/214120","targetHints":{"allow":["GET"]}}],"collection":[{"href":"https:\/\/www.webdo.tn\/fr\/wp-json\/wp\/v2\/posts"}],"about":[{"href":"https:\/\/www.webdo.tn\/fr\/wp-json\/wp\/v2\/types\/post"}],"author":[{"embeddable":true,"href":"https:\/\/www.webdo.tn\/fr\/wp-json\/wp\/v2\/users\/3229"}],"replies":[{"embeddable":true,"href":"https:\/\/www.webdo.tn\/fr\/wp-json\/wp\/v2\/comments?post=214120"}],"version-history":[{"count":0,"href":"https:\/\/www.webdo.tn\/fr\/wp-json\/wp\/v2\/posts\/214120\/revisions"}],"wp:featuredmedia":[{"embeddable":true,"href":"https:\/\/www.webdo.tn\/fr\/wp-json\/wp\/v2\/media\/247405"}],"wp:attachment":[{"href":"https:\/\/www.webdo.tn\/fr\/wp-json\/wp\/v2\/media?parent=214120"}],"wp:term":[{"taxonomy":"category","embeddable":true,"href":"https:\/\/www.webdo.tn\/fr\/wp-json\/wp\/v2\/categories?post=214120"},{"taxonomy":"post_tag","embeddable":true,"href":"https:\/\/www.webdo.tn\/fr\/wp-json\/wp\/v2\/tags?post=214120"}],"curies":[{"name":"wp","href":"https:\/\/api.w.org\/{rel}","templated":true}]}}