{"id":214118,"date":"2024-05-13T09:43:00","date_gmt":"2024-05-13T09:43:00","guid":{"rendered":"https:\/\/www.webdo.tn\/fr\/blog\/tunisie-le-president-de-la-ftn-et-un-responsable-de-l-ana-arretes\/214118\/"},"modified":"2025-05-20T21:50:45","modified_gmt":"2025-05-20T21:50:45","slug":"tunisie-le-president-de-la-ftn-et-un-responsable-de-l-ana-arretes","status":"publish","type":"post","link":"https:\/\/www.webdo.tn\/fr\/actualite\/sport\/tunisie-le-president-de-la-ftn-et-un-responsable-de-l-ana-arretes\/214118\/","title":{"rendered":"Tunisie : Le pr\u00e9sident de la FTN et un responsable de l\u2019ANA, arr\u00eat\u00e9s"},"content":{"rendered":"<p>L\u2019incident du drapeau national couvert d\u2019un tissu lors de la septi\u00e8me \u00e9dition du Tunisian Open Masters, organis\u00e9e par la F\u00e9d\u00e9ration tunisienne de natation, \u00e0 la piscine olympique de Rad\u00e8s, a conduit \u00e0 l\u2019arrestation de deux responsables, le pr\u00e9sident de la F\u00e9d\u00e9ration nationale de natation et un cadre de l\u2019Agence nationale antidopage.<\/p>\n<p>\t\t\t\t\t\t\t\t\tLe parquet pr\u00e8s le Tribunal de premi\u00e8re instance de Tunis a en effet, ordonn\u00e9 l\u2019arrestation du pr\u00e9sident de la F\u00e9d\u00e9ration tunisienne de natation dont le bureau f\u00e9d\u00e9ral a \u00e9t\u00e9 dissout par le minist\u00e8re de la Jeunesse et du Sport.<\/p>\n<p>En marge de cet incident, le minist\u00e8re de la Jeunesse et du Sport a \u00e9galement annonc\u00e9, le limogeage du directeur g\u00e9n\u00e9ral de l&rsquo;Agence nationale antidopage, Mourad Hambli et celui du d\u00e9l\u00e9gu\u00e9 r\u00e9gional de la jeunesse et du sport de Ben Arous.<\/p>\n<p>Un haut responsable au sein de l\u2019Agence nationale antidopage, a \u00e9galement \u00e9t\u00e9 arr\u00eat\u00e9 au m\u00eame titre que le pr\u00e9sident de la F\u00e9d\u00e9ration tunisienne de natation.<\/p>\n<p>Ces arrestations interviennent en marge de la visite du pr\u00e9sident de la R\u00e9publique Kais Saied, vendredi 10 mai, \u00e0 la piscine olympique de Rad\u00e8s o\u00f9 il a constat\u00e9 que le drapeau national avait \u00e9t\u00e9 couvert d\u2019un tissu.<\/p>\n<p>Il a alors exprim\u00e9 sa col\u00e8re, consid\u00e9rant que cet incident fait office de crime et a exig\u00e9 que les responsables de cet acte soient jug\u00e9s. Il a \u00e9galement ordonn\u00e9 l&rsquo;ouverture d&rsquo;une enqu\u00eate et des poursuites judiciaires contre ceux qui ont couvert le drapeau national.<\/p>\n<p>Dans la foul\u00e9e, le minist\u00e8re de la Jeunesse et du Sport a annonc\u00e9 la dissolution du bureau f\u00e9d\u00e9ral de la F\u00e9d\u00e9ration tunisienne de natation alors que la Tunisie est sous le coup de sanctions d\u00e9cr\u00e9t\u00e9es par l\u2019Agence mondiale antidopage (AMA), celles-ci ayant \u00e9t\u00e9 ont \u00e9t\u00e9 impos\u00e9es en raison du non-respect par les autorit\u00e9s sportives tunisiennes du code mondial antidopage.<\/p>\n<p>En vertu de la d\u00e9cision de l\u2019AMA, la Tunisie n&rsquo;est donc pas autoris\u00e9e \u00e0 organiser des comp\u00e9titions r\u00e9gionales, continentales ou mondiales dans n\u2019importe quelle discipline sportive.<\/p>\n<p>De m\u00eame, le drapeau tunisien ne sera pas hiss\u00e9 lors des prochains Jeux olympiques et paralympiques \u00e0 Paris durant l\u2019\u00e9t\u00e9 2024, tant que la Tunisie ne se conformera pas aux normes de l\u2019AMA.<\/p>\n<p>L&rsquo;AMA reproche \u00e0 la Tunisie \u00ab\u00a0son incapacit\u00e9 \u00e0 mettre pleinement en \u0153uvre la version 2021 du code mondial antidopage au sein de son syst\u00e8me juridique\u00a0\u00bb.<\/p>\n<p>En effet, la Tunisie avait quatre mois, \u00e0 partir de novembre dernier, pour adopter un certain nombre de modifications aux textes l\u00e9gislatifs et r\u00e8glementaires pour se conformer au code du cadre juridique tunisien. Chose qui n&rsquo;a \u00e9videmment pas \u00e9t\u00e9 faite.<\/p>\n<p>En novembre 2023, lorsque l\u2019AMA avait envoy\u00e9 une correspondance \u00e0 la Tunisie l\u2019avertissant d\u2019\u00e9ventuelles sanctions, le porte-parole du minist\u00e8re de la Jeunesse et des Sports,\u00a0Chokri Hamda, pr\u00e9cisait qu\u2019il ne s\u2019agissait que des conseils pour que que la Tunisie se conforme aux nouveaux amendements de l\u2019Agence.<\/p>\n<p>Le responsable avait insist\u00e9 sur le fait que la correspondance de l\u2019AMA est un acte de routine et tout ce que la presse a colport\u00e9 comme sanctions ne sont en d\u00e9finitive que des conseils adress\u00e9s \u00e0 la partie tunisienne pour se conformer au code mondial antidopage.<\/p>\n<p>Outre les sanctions cit\u00e9es ci-dessus et dont Chokri Hamda avait r\u00e9fut\u00e9 le caract\u00e8re ex\u00e9cutoire, l\u2019Agence Nationale Antidopage (ANAD) tunisienne perd ses privil\u00e8ges de l&rsquo;AMA, jusqu&rsquo;\u00e0 ce que les conditions de r\u00e9int\u00e9gration \u00e9nonc\u00e9es soient remplies.<\/p>\n","protected":false},"excerpt":{"rendered":"<p>Le parquet pr\u00e8s le Tribunal de premi\u00e8re instance de Tunis a ordonn\u00e9 l\u2019arrestation du pr\u00e9sident de la F\u00e9d\u00e9ration tunisienne de natation dont le bureau f\u00e9d\u00e9ral a&#8230;<\/p>\n","protected":false},"author":3162,"featured_media":247404,"comment_status":"open","ping_status":"closed","sticky":false,"template":"","format":"standard","meta":{"footnotes":""},"categories":[2593],"tags":[6523,6524,3673,3732,3252,4987,2608],"class_list":["post-214118","post","type-post","status-publish","format-standard","has-post-thumbnail","hentry","category-sport","tag-agence-mondiale-antidopage-ama","tag-agence-nationale-antidopage-ana","tag-arrestations","tag-drapeau","tag-natation","tag-sanctions","tag-tunisie"],"yoast_head":"<!-- This site is optimized with the Yoast SEO Premium plugin v27.5 (Yoast SEO v27.5) - https:\/\/yoast.com\/product\/yoast-seo-premium-wordpress\/ -->\n<title>Tunisie : Le pr\u00e9sident de la FTN et un responsable de l\u2019ANA, arr\u00eat\u00e9s<\/title>\n<meta name=\"description\" content=\"Le parquet pr\u00e8s le Tribunal de premi\u00e8re instance de Tunis a ordonn\u00e9 l\u2019arrestation du pr\u00e9sident de la F\u00e9d\u00e9ration tunisienne de natation dont le bureau f\u00e9d\u00e9ral a...\" \/>\n<link rel=\"canonical\" href=\"https:\/\/www.webdo.tn\/fr\/actualite\/sport\/tunisie-le-president-de-la-ftn-et-un-responsable-de-l-ana-arretes\/214118\/\" \/>\n<meta property=\"og:locale\" content=\"fr_FR\" \/>\n<meta property=\"og:type\" content=\"article\" \/>\n<meta property=\"og:title\" content=\"Tunisie : Le pr\u00e9sident de la FTN et un responsable de l\u2019ANA, arr\u00eat\u00e9s\" \/>\n<meta property=\"og:description\" content=\"Le parquet pr\u00e8s le Tribunal de premi\u00e8re instance de Tunis a ordonn\u00e9 l\u2019arrestation du pr\u00e9sident de la F\u00e9d\u00e9ration tunisienne de natation dont le bureau f\u00e9d\u00e9ral a...\" \/>\n<meta property=\"og:url\" content=\"https:\/\/www.webdo.tn\/fr\/actualite\/sport\/tunisie-le-president-de-la-ftn-et-un-responsable-de-l-ana-arretes\/214118\/\" \/>\n<meta property=\"og:site_name\" content=\"webdo\" \/>\n<meta property=\"article:publisher\" content=\"https:\/\/www.facebook.com\/webdotn\" \/>\n<meta property=\"article:published_time\" content=\"2024-05-13T09:43:00+00:00\" \/>\n<meta property=\"article:modified_time\" content=\"2025-05-20T21:50:45+00:00\" \/>\n<meta property=\"og:image\" content=\"https:\/\/www.webdo.tn\/fr\/wp-content\/uploads\/2024\/05\/46e74c1ae4e4236c8ce13d706603064d.webp\" \/>\n\t<meta property=\"og:image:width\" content=\"750\" \/>\n\t<meta property=\"og:image:height\" content=\"400\" \/>\n\t<meta property=\"og:image:type\" content=\"image\/webp\" \/>\n<meta name=\"author\" content=\"MC\" \/>\n<meta name=\"twitter:card\" content=\"summary_large_image\" \/>\n<meta name=\"twitter:creator\" content=\"@webdo_tn\" \/>\n<meta name=\"twitter:site\" content=\"@webdo_tn\" \/>\n<meta name=\"twitter:label1\" content=\"\u00c9crit par\" \/>\n\t<meta name=\"twitter:data1\" content=\"MC\" \/>\n\t<meta name=\"twitter:label2\" content=\"Dur\u00e9e de lecture estim\u00e9e\" \/>\n\t<meta name=\"twitter:data2\" content=\"3 minutes\" \/>\n<script type=\"application\/ld+json\" class=\"yoast-schema-graph\">{\"@context\":\"https:\\\/\\\/schema.org\",\"@graph\":[{\"@type\":\"NewsArticle\",\"@id\":\"https:\\\/\\\/www.webdo.tn\\\/fr\\\/actualite\\\/sport\\\/tunisie-le-president-de-la-ftn-et-un-responsable-de-l-ana-arretes\\\/214118\\\/#article\",\"isPartOf\":{\"@id\":\"https:\\\/\\\/www.webdo.tn\\\/fr\\\/actualite\\\/sport\\\/tunisie-le-president-de-la-ftn-et-un-responsable-de-l-ana-arretes\\\/214118\\\/\"},\"author\":{\"name\":\"MC\",\"@id\":\"https:\\\/\\\/www.webdo.tn\\\/fr\\\/#\\\/schema\\\/person\\\/2c4929cbf5a809e3bd38617c6ce150f6\"},\"headline\":\"Tunisie : Le pr\u00e9sident de la FTN et un responsable de l\u2019ANA, arr\u00eat\u00e9s\",\"datePublished\":\"2024-05-13T09:43:00+00:00\",\"dateModified\":\"2025-05-20T21:50:45+00:00\",\"mainEntityOfPage\":{\"@id\":\"https:\\\/\\\/www.webdo.tn\\\/fr\\\/actualite\\\/sport\\\/tunisie-le-president-de-la-ftn-et-un-responsable-de-l-ana-arretes\\\/214118\\\/\"},\"wordCount\":640,\"commentCount\":0,\"publisher\":{\"@id\":\"https:\\\/\\\/www.webdo.tn\\\/fr\\\/#organization\"},\"image\":{\"@id\":\"https:\\\/\\\/www.webdo.tn\\\/fr\\\/actualite\\\/sport\\\/tunisie-le-president-de-la-ftn-et-un-responsable-de-l-ana-arretes\\\/214118\\\/#primaryimage\"},\"thumbnailUrl\":\"https:\\\/\\\/www.webdo.tn\\\/fr\\\/wp-content\\\/uploads\\\/2024\\\/05\\\/46e74c1ae4e4236c8ce13d706603064d.webp\",\"keywords\":[\"Agence mondiale antidopage (AMA)\",\"Agence nationale antidopage (ANA)\",\"arrestations\",\"drapeau\",\"natation\",\"sanctions\",\"Tunisie\"],\"articleSection\":[\"Sport\"],\"inLanguage\":\"fr-FR\"},{\"@type\":\"WebPage\",\"@id\":\"https:\\\/\\\/www.webdo.tn\\\/fr\\\/actualite\\\/sport\\\/tunisie-le-president-de-la-ftn-et-un-responsable-de-l-ana-arretes\\\/214118\\\/\",\"url\":\"https:\\\/\\\/www.webdo.tn\\\/fr\\\/actualite\\\/sport\\\/tunisie-le-president-de-la-ftn-et-un-responsable-de-l-ana-arretes\\\/214118\\\/\",\"name\":\"Tunisie : Le pr\u00e9sident de la FTN et un responsable de l\u2019ANA, arr\u00eat\u00e9s\",\"isPartOf\":{\"@id\":\"https:\\\/\\\/www.webdo.tn\\\/fr\\\/#website\"},\"primaryImageOfPage\":{\"@id\":\"https:\\\/\\\/www.webdo.tn\\\/fr\\\/actualite\\\/sport\\\/tunisie-le-president-de-la-ftn-et-un-responsable-de-l-ana-arretes\\\/214118\\\/#primaryimage\"},\"image\":{\"@id\":\"https:\\\/\\\/www.webdo.tn\\\/fr\\\/actualite\\\/sport\\\/tunisie-le-president-de-la-ftn-et-un-responsable-de-l-ana-arretes\\\/214118\\\/#primaryimage\"},\"thumbnailUrl\":\"https:\\\/\\\/www.webdo.tn\\\/fr\\\/wp-content\\\/uploads\\\/2024\\\/05\\\/46e74c1ae4e4236c8ce13d706603064d.webp\",\"datePublished\":\"2024-05-13T09:43:00+00:00\",\"dateModified\":\"2025-05-20T21:50:45+00:00\",\"description\":\"Le parquet pr\u00e8s le Tribunal de premi\u00e8re instance de Tunis a ordonn\u00e9 l\u2019arrestation du pr\u00e9sident de la F\u00e9d\u00e9ration tunisienne de natation dont le bureau f\u00e9d\u00e9ral a...\",\"breadcrumb\":{\"@id\":\"https:\\\/\\\/www.webdo.tn\\\/fr\\\/actualite\\\/sport\\\/tunisie-le-president-de-la-ftn-et-un-responsable-de-l-ana-arretes\\\/214118\\\/#breadcrumb\"},\"inLanguage\":\"fr-FR\",\"potentialAction\":[{\"@type\":\"ReadAction\",\"target\":[\"https:\\\/\\\/www.webdo.tn\\\/fr\\\/actualite\\\/sport\\\/tunisie-le-president-de-la-ftn-et-un-responsable-de-l-ana-arretes\\\/214118\\\/\"]}]},{\"@type\":\"ImageObject\",\"inLanguage\":\"fr-FR\",\"@id\":\"https:\\\/\\\/www.webdo.tn\\\/fr\\\/actualite\\\/sport\\\/tunisie-le-president-de-la-ftn-et-un-responsable-de-l-ana-arretes\\\/214118\\\/#primaryimage\",\"url\":\"https:\\\/\\\/www.webdo.tn\\\/fr\\\/wp-content\\\/uploads\\\/2024\\\/05\\\/46e74c1ae4e4236c8ce13d706603064d.webp\",\"contentUrl\":\"https:\\\/\\\/www.webdo.tn\\\/fr\\\/wp-content\\\/uploads\\\/2024\\\/05\\\/46e74c1ae4e4236c8ce13d706603064d.webp\",\"width\":750,\"height\":400,\"caption\":\"Tunisie : Le pr\u00e9sident de la FTN et un responsable de l\u2019ANA, arr\u00eat\u00e9s\"},{\"@type\":\"BreadcrumbList\",\"@id\":\"https:\\\/\\\/www.webdo.tn\\\/fr\\\/actualite\\\/sport\\\/tunisie-le-president-de-la-ftn-et-un-responsable-de-l-ana-arretes\\\/214118\\\/#breadcrumb\",\"itemListElement\":[{\"@type\":\"ListItem\",\"position\":1,\"name\":\"Accueil\",\"item\":\"https:\\\/\\\/www.webdo.tn\\\/fr\\\/\"},{\"@type\":\"ListItem\",\"position\":2,\"name\":\"Tunisie : Le pr\u00e9sident de la FTN et un responsable de l\u2019ANA, arr\u00eat\u00e9s\"}]},{\"@type\":\"WebSite\",\"@id\":\"https:\\\/\\\/www.webdo.tn\\\/fr\\\/#website\",\"url\":\"https:\\\/\\\/www.webdo.tn\\\/fr\\\/\",\"name\":\"webdo\",\"description\":\"Tunisie - News en Tunisie et \u00e0 l&#039;international sur Webdo.tn\",\"publisher\":{\"@id\":\"https:\\\/\\\/www.webdo.tn\\\/fr\\\/#organization\"},\"potentialAction\":[{\"@type\":\"SearchAction\",\"target\":{\"@type\":\"EntryPoint\",\"urlTemplate\":\"https:\\\/\\\/www.webdo.tn\\\/fr\\\/?s={search_term_string}\"},\"query-input\":{\"@type\":\"PropertyValueSpecification\",\"valueRequired\":true,\"valueName\":\"search_term_string\"}}],\"inLanguage\":\"fr-FR\"},{\"@type\":\"Organization\",\"@id\":\"https:\\\/\\\/www.webdo.tn\\\/fr\\\/#organization\",\"name\":\"Webdo\",\"alternateName\":\"Webdo.tn\",\"url\":\"https:\\\/\\\/www.webdo.tn\\\/fr\\\/\",\"logo\":{\"@type\":\"ImageObject\",\"inLanguage\":\"fr-FR\",\"@id\":\"https:\\\/\\\/www.webdo.tn\\\/fr\\\/#\\\/schema\\\/logo\\\/image\\\/\",\"url\":\"https:\\\/\\\/www.webdo.tn\\\/fr\\\/wp-content\\\/uploads\\\/2025\\\/06\\\/Webdo-Tunisie_168377.jpg\",\"contentUrl\":\"https:\\\/\\\/www.webdo.tn\\\/fr\\\/wp-content\\\/uploads\\\/2025\\\/06\\\/Webdo-Tunisie_168377.jpg\",\"width\":301,\"height\":301,\"caption\":\"Webdo\"},\"image\":{\"@id\":\"https:\\\/\\\/www.webdo.tn\\\/fr\\\/#\\\/schema\\\/logo\\\/image\\\/\"},\"sameAs\":[\"https:\\\/\\\/www.facebook.com\\\/webdotn\",\"https:\\\/\\\/x.com\\\/webdo_tn\"],\"description\":\"Webdo est un m\u00e9dia num\u00e9rique tunisien fond\u00e9 en 2010, sp\u00e9cialis\u00e9 dans l\u2019actualit\u00e9 nationale et internationale, l\u2019\u00e9conomie, la soci\u00e9t\u00e9 et les analyses politiques. Le site s\u2019adresse \u00e0 un large public francophone et couvre l\u2019information tunisienne en temps r\u00e9el.\",\"email\":\"redac@webdo.tn\",\"legalName\":\"YNJ SARL\",\"foundingDate\":\"2010-09-06\",\"numberOfEmployees\":{\"@type\":\"QuantitativeValue\",\"minValue\":\"11\",\"maxValue\":\"50\"}},{\"@type\":\"Person\",\"@id\":\"https:\\\/\\\/www.webdo.tn\\\/fr\\\/#\\\/schema\\\/person\\\/2c4929cbf5a809e3bd38617c6ce150f6\",\"name\":\"MC\",\"image\":{\"@type\":\"ImageObject\",\"inLanguage\":\"fr-FR\",\"@id\":\"https:\\\/\\\/secure.gravatar.com\\\/avatar\\\/a545bbb6f84efdd5553dbbc2895e3ca8f1d12c5215e00a041c9670b54aa9b18a?s=96&d=mm&r=g\",\"url\":\"https:\\\/\\\/secure.gravatar.com\\\/avatar\\\/a545bbb6f84efdd5553dbbc2895e3ca8f1d12c5215e00a041c9670b54aa9b18a?s=96&d=mm&r=g\",\"contentUrl\":\"https:\\\/\\\/secure.gravatar.com\\\/avatar\\\/a545bbb6f84efdd5553dbbc2895e3ca8f1d12c5215e00a041c9670b54aa9b18a?s=96&d=mm&r=g\",\"caption\":\"MC\"},\"url\":\"https:\\\/\\\/www.webdo.tn\\\/fr\\\/actualite\\\/author\\\/mc\\\/\"}]}<\/script>\n<!-- \/ Yoast SEO Premium plugin. -->","yoast_head_json":{"title":"Tunisie : Le pr\u00e9sident de la FTN et un responsable de l\u2019ANA, arr\u00eat\u00e9s","description":"Le parquet pr\u00e8s le Tribunal de premi\u00e8re instance de Tunis a ordonn\u00e9 l\u2019arrestation du pr\u00e9sident de la F\u00e9d\u00e9ration tunisienne de natation dont le bureau f\u00e9d\u00e9ral a...","canonical":"https:\/\/www.webdo.tn\/fr\/actualite\/sport\/tunisie-le-president-de-la-ftn-et-un-responsable-de-l-ana-arretes\/214118\/","og_locale":"fr_FR","og_type":"article","og_title":"Tunisie : Le pr\u00e9sident de la FTN et un responsable de l\u2019ANA, arr\u00eat\u00e9s","og_description":"Le parquet pr\u00e8s le Tribunal de premi\u00e8re instance de Tunis a ordonn\u00e9 l\u2019arrestation du pr\u00e9sident de la F\u00e9d\u00e9ration tunisienne de natation dont le bureau f\u00e9d\u00e9ral a...","og_url":"https:\/\/www.webdo.tn\/fr\/actualite\/sport\/tunisie-le-president-de-la-ftn-et-un-responsable-de-l-ana-arretes\/214118\/","og_site_name":"webdo","article_publisher":"https:\/\/www.facebook.com\/webdotn","article_published_time":"2024-05-13T09:43:00+00:00","article_modified_time":"2025-05-20T21:50:45+00:00","og_image":[{"width":750,"height":400,"url":"https:\/\/www.webdo.tn\/fr\/wp-content\/uploads\/2024\/05\/46e74c1ae4e4236c8ce13d706603064d.webp","type":"image\/webp"}],"author":"MC","twitter_card":"summary_large_image","twitter_creator":"@webdo_tn","twitter_site":"@webdo_tn","twitter_misc":{"\u00c9crit par":"MC","Dur\u00e9e de lecture estim\u00e9e":"3 minutes"},"schema":{"@context":"https:\/\/schema.org","@graph":[{"@type":"NewsArticle","@id":"https:\/\/www.webdo.tn\/fr\/actualite\/sport\/tunisie-le-president-de-la-ftn-et-un-responsable-de-l-ana-arretes\/214118\/#article","isPartOf":{"@id":"https:\/\/www.webdo.tn\/fr\/actualite\/sport\/tunisie-le-president-de-la-ftn-et-un-responsable-de-l-ana-arretes\/214118\/"},"author":{"name":"MC","@id":"https:\/\/www.webdo.tn\/fr\/#\/schema\/person\/2c4929cbf5a809e3bd38617c6ce150f6"},"headline":"Tunisie : Le pr\u00e9sident de la FTN et un responsable de l\u2019ANA, arr\u00eat\u00e9s","datePublished":"2024-05-13T09:43:00+00:00","dateModified":"2025-05-20T21:50:45+00:00","mainEntityOfPage":{"@id":"https:\/\/www.webdo.tn\/fr\/actualite\/sport\/tunisie-le-president-de-la-ftn-et-un-responsable-de-l-ana-arretes\/214118\/"},"wordCount":640,"commentCount":0,"publisher":{"@id":"https:\/\/www.webdo.tn\/fr\/#organization"},"image":{"@id":"https:\/\/www.webdo.tn\/fr\/actualite\/sport\/tunisie-le-president-de-la-ftn-et-un-responsable-de-l-ana-arretes\/214118\/#primaryimage"},"thumbnailUrl":"https:\/\/www.webdo.tn\/fr\/wp-content\/uploads\/2024\/05\/46e74c1ae4e4236c8ce13d706603064d.webp","keywords":["Agence mondiale antidopage (AMA)","Agence nationale antidopage (ANA)","arrestations","drapeau","natation","sanctions","Tunisie"],"articleSection":["Sport"],"inLanguage":"fr-FR"},{"@type":"WebPage","@id":"https:\/\/www.webdo.tn\/fr\/actualite\/sport\/tunisie-le-president-de-la-ftn-et-un-responsable-de-l-ana-arretes\/214118\/","url":"https:\/\/www.webdo.tn\/fr\/actualite\/sport\/tunisie-le-president-de-la-ftn-et-un-responsable-de-l-ana-arretes\/214118\/","name":"Tunisie : Le pr\u00e9sident de la FTN et un responsable de l\u2019ANA, arr\u00eat\u00e9s","isPartOf":{"@id":"https:\/\/www.webdo.tn\/fr\/#website"},"primaryImageOfPage":{"@id":"https:\/\/www.webdo.tn\/fr\/actualite\/sport\/tunisie-le-president-de-la-ftn-et-un-responsable-de-l-ana-arretes\/214118\/#primaryimage"},"image":{"@id":"https:\/\/www.webdo.tn\/fr\/actualite\/sport\/tunisie-le-president-de-la-ftn-et-un-responsable-de-l-ana-arretes\/214118\/#primaryimage"},"thumbnailUrl":"https:\/\/www.webdo.tn\/fr\/wp-content\/uploads\/2024\/05\/46e74c1ae4e4236c8ce13d706603064d.webp","datePublished":"2024-05-13T09:43:00+00:00","dateModified":"2025-05-20T21:50:45+00:00","description":"Le parquet pr\u00e8s le Tribunal de premi\u00e8re instance de Tunis a ordonn\u00e9 l\u2019arrestation du pr\u00e9sident de la F\u00e9d\u00e9ration tunisienne de natation dont le bureau f\u00e9d\u00e9ral a...","breadcrumb":{"@id":"https:\/\/www.webdo.tn\/fr\/actualite\/sport\/tunisie-le-president-de-la-ftn-et-un-responsable-de-l-ana-arretes\/214118\/#breadcrumb"},"inLanguage":"fr-FR","potentialAction":[{"@type":"ReadAction","target":["https:\/\/www.webdo.tn\/fr\/actualite\/sport\/tunisie-le-president-de-la-ftn-et-un-responsable-de-l-ana-arretes\/214118\/"]}]},{"@type":"ImageObject","inLanguage":"fr-FR","@id":"https:\/\/www.webdo.tn\/fr\/actualite\/sport\/tunisie-le-president-de-la-ftn-et-un-responsable-de-l-ana-arretes\/214118\/#primaryimage","url":"https:\/\/www.webdo.tn\/fr\/wp-content\/uploads\/2024\/05\/46e74c1ae4e4236c8ce13d706603064d.webp","contentUrl":"https:\/\/www.webdo.tn\/fr\/wp-content\/uploads\/2024\/05\/46e74c1ae4e4236c8ce13d706603064d.webp","width":750,"height":400,"caption":"Tunisie : Le pr\u00e9sident de la FTN et un responsable de l\u2019ANA, arr\u00eat\u00e9s"},{"@type":"BreadcrumbList","@id":"https:\/\/www.webdo.tn\/fr\/actualite\/sport\/tunisie-le-president-de-la-ftn-et-un-responsable-de-l-ana-arretes\/214118\/#breadcrumb","itemListElement":[{"@type":"ListItem","position":1,"name":"Accueil","item":"https:\/\/www.webdo.tn\/fr\/"},{"@type":"ListItem","position":2,"name":"Tunisie : Le pr\u00e9sident de la FTN et un responsable de l\u2019ANA, arr\u00eat\u00e9s"}]},{"@type":"WebSite","@id":"https:\/\/www.webdo.tn\/fr\/#website","url":"https:\/\/www.webdo.tn\/fr\/","name":"webdo","description":"Tunisie - News en Tunisie et \u00e0 l&#039;international sur Webdo.tn","publisher":{"@id":"https:\/\/www.webdo.tn\/fr\/#organization"},"potentialAction":[{"@type":"SearchAction","target":{"@type":"EntryPoint","urlTemplate":"https:\/\/www.webdo.tn\/fr\/?s={search_term_string}"},"query-input":{"@type":"PropertyValueSpecification","valueRequired":true,"valueName":"search_term_string"}}],"inLanguage":"fr-FR"},{"@type":"Organization","@id":"https:\/\/www.webdo.tn\/fr\/#organization","name":"Webdo","alternateName":"Webdo.tn","url":"https:\/\/www.webdo.tn\/fr\/","logo":{"@type":"ImageObject","inLanguage":"fr-FR","@id":"https:\/\/www.webdo.tn\/fr\/#\/schema\/logo\/image\/","url":"https:\/\/www.webdo.tn\/fr\/wp-content\/uploads\/2025\/06\/Webdo-Tunisie_168377.jpg","contentUrl":"https:\/\/www.webdo.tn\/fr\/wp-content\/uploads\/2025\/06\/Webdo-Tunisie_168377.jpg","width":301,"height":301,"caption":"Webdo"},"image":{"@id":"https:\/\/www.webdo.tn\/fr\/#\/schema\/logo\/image\/"},"sameAs":["https:\/\/www.facebook.com\/webdotn","https:\/\/x.com\/webdo_tn"],"description":"Webdo est un m\u00e9dia num\u00e9rique tunisien fond\u00e9 en 2010, sp\u00e9cialis\u00e9 dans l\u2019actualit\u00e9 nationale et internationale, l\u2019\u00e9conomie, la soci\u00e9t\u00e9 et les analyses politiques. Le site s\u2019adresse \u00e0 un large public francophone et couvre l\u2019information tunisienne en temps r\u00e9el.","email":"redac@webdo.tn","legalName":"YNJ SARL","foundingDate":"2010-09-06","numberOfEmployees":{"@type":"QuantitativeValue","minValue":"11","maxValue":"50"}},{"@type":"Person","@id":"https:\/\/www.webdo.tn\/fr\/#\/schema\/person\/2c4929cbf5a809e3bd38617c6ce150f6","name":"MC","image":{"@type":"ImageObject","inLanguage":"fr-FR","@id":"https:\/\/secure.gravatar.com\/avatar\/a545bbb6f84efdd5553dbbc2895e3ca8f1d12c5215e00a041c9670b54aa9b18a?s=96&d=mm&r=g","url":"https:\/\/secure.gravatar.com\/avatar\/a545bbb6f84efdd5553dbbc2895e3ca8f1d12c5215e00a041c9670b54aa9b18a?s=96&d=mm&r=g","contentUrl":"https:\/\/secure.gravatar.com\/avatar\/a545bbb6f84efdd5553dbbc2895e3ca8f1d12c5215e00a041c9670b54aa9b18a?s=96&d=mm&r=g","caption":"MC"},"url":"https:\/\/www.webdo.tn\/fr\/actualite\/author\/mc\/"}]}},"_links":{"self":[{"href":"https:\/\/www.webdo.tn\/fr\/wp-json\/wp\/v2\/posts\/214118","targetHints":{"allow":["GET"]}}],"collection":[{"href":"https:\/\/www.webdo.tn\/fr\/wp-json\/wp\/v2\/posts"}],"about":[{"href":"https:\/\/www.webdo.tn\/fr\/wp-json\/wp\/v2\/types\/post"}],"author":[{"embeddable":true,"href":"https:\/\/www.webdo.tn\/fr\/wp-json\/wp\/v2\/users\/3162"}],"replies":[{"embeddable":true,"href":"https:\/\/www.webdo.tn\/fr\/wp-json\/wp\/v2\/comments?post=214118"}],"version-history":[{"count":0,"href":"https:\/\/www.webdo.tn\/fr\/wp-json\/wp\/v2\/posts\/214118\/revisions"}],"wp:featuredmedia":[{"embeddable":true,"href":"https:\/\/www.webdo.tn\/fr\/wp-json\/wp\/v2\/media\/247404"}],"wp:attachment":[{"href":"https:\/\/www.webdo.tn\/fr\/wp-json\/wp\/v2\/media?parent=214118"}],"wp:term":[{"taxonomy":"category","embeddable":true,"href":"https:\/\/www.webdo.tn\/fr\/wp-json\/wp\/v2\/categories?post=214118"},{"taxonomy":"post_tag","embeddable":true,"href":"https:\/\/www.webdo.tn\/fr\/wp-json\/wp\/v2\/tags?post=214118"}],"curies":[{"name":"wp","href":"https:\/\/api.w.org\/{rel}","templated":true}]}}