{"id":214112,"date":"2024-05-12T20:27:00","date_gmt":"2024-05-12T20:27:00","guid":{"rendered":"https:\/\/www.webdo.tn\/fr\/blog\/ordre-des-avocats-de-tunisie-greve-generale-et-boycott-des-audiences-declares\/214112\/"},"modified":"2025-05-20T22:31:53","modified_gmt":"2025-05-20T22:31:53","slug":"ordre-des-avocats-de-tunisie-greve-generale-et-boycott-des-audiences-declares","status":"publish","type":"post","link":"https:\/\/www.webdo.tn\/fr\/actualite\/national\/ordre-des-avocats-de-tunisie-greve-generale-et-boycott-des-audiences-declares\/214112\/","title":{"rendered":"Ordre des Avocats de Tunisie : Gr\u00e8ve g\u00e9n\u00e9rale et boycott des audiences"},"content":{"rendered":"<p>L&rsquo;Ordre des Avocats de Tunisie prend des mesures fermes suite \u00e0 l&rsquo;attaque contre ses locaux, d\u00e9clarant une gr\u00e8ve g\u00e9n\u00e9rale et un boycott des audiences pour protester contre cet acte de violence.<\/p>\n<p>L&rsquo;Ordre national des avocats de Tunisie condamne l&rsquo;attaque contre ses locaux et appelle \u00e0 une gr\u00e8ve g\u00e9n\u00e9rale. Voici les points importants de sa d\u00e9claration :<\/p>\n<p>Suite \u00e0 l&rsquo;attaque flagrante contre les locaux de l&rsquo;Ordre national des avocats \u00e0 Tunis, le Conseil de l&rsquo;Ordre a tenu une s\u00e9ance extraordinaire le 12 mai 2024 pour condamner fermement cet acte et annoncer une s\u00e9rie de mesures en r\u00e9ponse.<\/p>\n<p>Le Conseil a rappel\u00e9 que les locaux de l&rsquo;Ordre b\u00e9n\u00e9ficient d&rsquo;une protection l\u00e9gale sp\u00e9ciale en vertu de la loi, notamment selon les dispositions de l&rsquo;article 46 du d\u00e9cret sur la profession d&rsquo;avocat. Face \u00e0 cette violation, le Conseil a appel\u00e9 \u00e0 une gr\u00e8ve g\u00e9n\u00e9rale dans toutes les cours pour la journ\u00e9e du lundi 13 mai 2024, laissant aux branches r\u00e9gionales la responsabilit\u00e9 d&rsquo;organiser et de g\u00e9rer la gr\u00e8ve ainsi que de s\u00e9curiser les audiences.<\/p>\n<p>Une journ\u00e9e de col\u00e8re nationale a \u00e9galement \u00e9t\u00e9 d\u00e9clar\u00e9e devant le Palais de Justice \u00e0 Tunis, comprenant un rassemblement de protestation le jeudi 16 mai 2024. Les avocats boycotteront \u00e9galement les audiences devant les parquets et les unit\u00e9s de s\u00e9curit\u00e9 pendant trois jours cons\u00e9cutifs, du mardi 14 au jeudi 16 mai 2024.<\/p>\n<p>Une conf\u00e9rence de presse sera tenue le mardi 14 mai 2024 au si\u00e8ge de l&rsquo;Ordre des avocats afin de clarifier les circonstances et les \u00e9v\u00e9nements pour le grand public. Des poursuites judiciaires seront engag\u00e9es contre tous ceux qui ont \u00e9mis et ex\u00e9cut\u00e9 les ordres d&rsquo;attaque contre le si\u00e8ge de l&rsquo;Ordre national des avocats, avec des mesures p\u00e9nales appropri\u00e9es.<\/p>\n<p>Le Conseil de l&rsquo;Ordre a exprim\u00e9 sa gratitude envers les organisations nationales et internationales qui soutiennent les avocats tunisiens dans leur lutte l\u00e9gitime pour faire respecter la loi. Il a \u00e9galement annonc\u00e9 la cr\u00e9ation d&rsquo;un observatoire de la profession juridique afin de documenter les violations des droits et des libert\u00e9s.<\/p>\n<p>Enfin, le Conseil a appel\u00e9 toutes les avocates et tous les avocats \u00e0 se rassembler autour de leurs structures \u00e9lues, \u00e0 pr\u00e9server l&rsquo;unit\u00e9 et la solidarit\u00e9 de la profession et \u00e0 r\u00e9sister \u00e0 toutes les formes de calomnies dirig\u00e9es contre eux. Le Conseil restera en session permanente pour suivre de pr\u00e8s la situation et prendre les mesures n\u00e9cessaires.<\/p>\n","protected":false},"excerpt":{"rendered":"<p>L&rsquo;Ordre des Avocats de Tunisie prend des mesures fermes suite \u00e0 l&rsquo;attaque contre ses locaux, d\u00e9clarant une gr\u00e8ve g\u00e9n\u00e9rale et un boycott des audiences pour prote&#8230;<\/p>\n","protected":false},"author":3169,"featured_media":247403,"comment_status":"open","ping_status":"closed","sticky":false,"template":"","format":"standard","meta":{"footnotes":""},"categories":[44],"tags":[3040,2608],"class_list":["post-214112","post","type-post","status-publish","format-standard","has-post-thumbnail","hentry","category-national","tag-ordre-des-avocats","tag-tunisie"],"yoast_head":"<!-- This site is optimized with the Yoast SEO Premium plugin v27.5 (Yoast SEO v27.5) - https:\/\/yoast.com\/product\/yoast-seo-premium-wordpress\/ -->\n<title>Ordre des Avocats de Tunisie : Gr\u00e8ve g\u00e9n\u00e9rale et boycott des audiences<\/title>\n<meta name=\"description\" content=\"L&#039;Ordre des Avocats de Tunisie prend des mesures fermes suite \u00e0 l&#039;attaque contre ses locaux, d\u00e9clarant une gr\u00e8ve g\u00e9n\u00e9rale et un boycott des audiences pour prote...\" \/>\n<link rel=\"canonical\" href=\"https:\/\/www.webdo.tn\/fr\/actualite\/national\/ordre-des-avocats-de-tunisie-greve-generale-et-boycott-des-audiences-declares\/214112\/\" \/>\n<meta property=\"og:locale\" content=\"fr_FR\" \/>\n<meta property=\"og:type\" content=\"article\" \/>\n<meta property=\"og:title\" content=\"Ordre des Avocats de Tunisie : Gr\u00e8ve g\u00e9n\u00e9rale et boycott des audiences\" \/>\n<meta property=\"og:description\" content=\"L&#039;Ordre des Avocats de Tunisie prend des mesures fermes suite \u00e0 l&#039;attaque contre ses locaux, d\u00e9clarant une gr\u00e8ve g\u00e9n\u00e9rale et un boycott des audiences pour prote...\" \/>\n<meta property=\"og:url\" content=\"https:\/\/www.webdo.tn\/fr\/actualite\/national\/ordre-des-avocats-de-tunisie-greve-generale-et-boycott-des-audiences-declares\/214112\/\" \/>\n<meta property=\"og:site_name\" content=\"webdo\" \/>\n<meta property=\"article:publisher\" content=\"https:\/\/www.facebook.com\/webdotn\" \/>\n<meta property=\"article:published_time\" content=\"2024-05-12T20:27:00+00:00\" \/>\n<meta property=\"article:modified_time\" content=\"2025-05-20T22:31:53+00:00\" \/>\n<meta property=\"og:image\" content=\"https:\/\/www.webdo.tn\/fr\/wp-content\/uploads\/2024\/05\/4d7df276ad6692ca9cf360fcd7bd5788.webp\" \/>\n\t<meta property=\"og:image:width\" content=\"750\" \/>\n\t<meta property=\"og:image:height\" content=\"400\" \/>\n\t<meta property=\"og:image:type\" content=\"image\/webp\" \/>\n<meta name=\"author\" content=\"Webdo\" \/>\n<meta name=\"twitter:card\" content=\"summary_large_image\" \/>\n<meta name=\"twitter:creator\" content=\"@webdo_tn\" \/>\n<meta name=\"twitter:site\" content=\"@webdo_tn\" \/>\n<meta name=\"twitter:label1\" content=\"\u00c9crit par\" \/>\n\t<meta name=\"twitter:data1\" content=\"Webdo\" \/>\n\t<meta name=\"twitter:label2\" content=\"Dur\u00e9e de lecture estim\u00e9e\" \/>\n\t<meta name=\"twitter:data2\" content=\"2 minutes\" \/>\n<script type=\"application\/ld+json\" class=\"yoast-schema-graph\">{\"@context\":\"https:\\\/\\\/schema.org\",\"@graph\":[{\"@type\":\"NewsArticle\",\"@id\":\"https:\\\/\\\/www.webdo.tn\\\/fr\\\/actualite\\\/national\\\/ordre-des-avocats-de-tunisie-greve-generale-et-boycott-des-audiences-declares\\\/214112\\\/#article\",\"isPartOf\":{\"@id\":\"https:\\\/\\\/www.webdo.tn\\\/fr\\\/actualite\\\/national\\\/ordre-des-avocats-de-tunisie-greve-generale-et-boycott-des-audiences-declares\\\/214112\\\/\"},\"author\":{\"name\":\"Webdo\",\"@id\":\"https:\\\/\\\/www.webdo.tn\\\/fr\\\/#\\\/schema\\\/person\\\/1f4e491e0907b413d61089e8eb573acc\"},\"headline\":\"Ordre des Avocats de Tunisie : Gr\u00e8ve g\u00e9n\u00e9rale et boycott des audiences\",\"datePublished\":\"2024-05-12T20:27:00+00:00\",\"dateModified\":\"2025-05-20T22:31:53+00:00\",\"mainEntityOfPage\":{\"@id\":\"https:\\\/\\\/www.webdo.tn\\\/fr\\\/actualite\\\/national\\\/ordre-des-avocats-de-tunisie-greve-generale-et-boycott-des-audiences-declares\\\/214112\\\/\"},\"wordCount\":443,\"commentCount\":0,\"publisher\":{\"@id\":\"https:\\\/\\\/www.webdo.tn\\\/fr\\\/#organization\"},\"image\":{\"@id\":\"https:\\\/\\\/www.webdo.tn\\\/fr\\\/actualite\\\/national\\\/ordre-des-avocats-de-tunisie-greve-generale-et-boycott-des-audiences-declares\\\/214112\\\/#primaryimage\"},\"thumbnailUrl\":\"https:\\\/\\\/www.webdo.tn\\\/fr\\\/wp-content\\\/uploads\\\/2024\\\/05\\\/4d7df276ad6692ca9cf360fcd7bd5788.webp\",\"keywords\":[\"Ordre des avocats\",\"Tunisie\"],\"articleSection\":[\"National\"],\"inLanguage\":\"fr-FR\"},{\"@type\":\"WebPage\",\"@id\":\"https:\\\/\\\/www.webdo.tn\\\/fr\\\/actualite\\\/national\\\/ordre-des-avocats-de-tunisie-greve-generale-et-boycott-des-audiences-declares\\\/214112\\\/\",\"url\":\"https:\\\/\\\/www.webdo.tn\\\/fr\\\/actualite\\\/national\\\/ordre-des-avocats-de-tunisie-greve-generale-et-boycott-des-audiences-declares\\\/214112\\\/\",\"name\":\"Ordre des Avocats de Tunisie : Gr\u00e8ve g\u00e9n\u00e9rale et boycott des audiences\",\"isPartOf\":{\"@id\":\"https:\\\/\\\/www.webdo.tn\\\/fr\\\/#website\"},\"primaryImageOfPage\":{\"@id\":\"https:\\\/\\\/www.webdo.tn\\\/fr\\\/actualite\\\/national\\\/ordre-des-avocats-de-tunisie-greve-generale-et-boycott-des-audiences-declares\\\/214112\\\/#primaryimage\"},\"image\":{\"@id\":\"https:\\\/\\\/www.webdo.tn\\\/fr\\\/actualite\\\/national\\\/ordre-des-avocats-de-tunisie-greve-generale-et-boycott-des-audiences-declares\\\/214112\\\/#primaryimage\"},\"thumbnailUrl\":\"https:\\\/\\\/www.webdo.tn\\\/fr\\\/wp-content\\\/uploads\\\/2024\\\/05\\\/4d7df276ad6692ca9cf360fcd7bd5788.webp\",\"datePublished\":\"2024-05-12T20:27:00+00:00\",\"dateModified\":\"2025-05-20T22:31:53+00:00\",\"description\":\"L'Ordre des Avocats de Tunisie prend des mesures fermes suite \u00e0 l'attaque contre ses locaux, d\u00e9clarant une gr\u00e8ve g\u00e9n\u00e9rale et un boycott des audiences pour prote...\",\"breadcrumb\":{\"@id\":\"https:\\\/\\\/www.webdo.tn\\\/fr\\\/actualite\\\/national\\\/ordre-des-avocats-de-tunisie-greve-generale-et-boycott-des-audiences-declares\\\/214112\\\/#breadcrumb\"},\"inLanguage\":\"fr-FR\",\"potentialAction\":[{\"@type\":\"ReadAction\",\"target\":[\"https:\\\/\\\/www.webdo.tn\\\/fr\\\/actualite\\\/national\\\/ordre-des-avocats-de-tunisie-greve-generale-et-boycott-des-audiences-declares\\\/214112\\\/\"]}]},{\"@type\":\"ImageObject\",\"inLanguage\":\"fr-FR\",\"@id\":\"https:\\\/\\\/www.webdo.tn\\\/fr\\\/actualite\\\/national\\\/ordre-des-avocats-de-tunisie-greve-generale-et-boycott-des-audiences-declares\\\/214112\\\/#primaryimage\",\"url\":\"https:\\\/\\\/www.webdo.tn\\\/fr\\\/wp-content\\\/uploads\\\/2024\\\/05\\\/4d7df276ad6692ca9cf360fcd7bd5788.webp\",\"contentUrl\":\"https:\\\/\\\/www.webdo.tn\\\/fr\\\/wp-content\\\/uploads\\\/2024\\\/05\\\/4d7df276ad6692ca9cf360fcd7bd5788.webp\",\"width\":750,\"height\":400,\"caption\":\"Ordre des Avocats de Tunisie : Gr\u00e8ve g\u00e9n\u00e9rale et boycott des audiences\"},{\"@type\":\"BreadcrumbList\",\"@id\":\"https:\\\/\\\/www.webdo.tn\\\/fr\\\/actualite\\\/national\\\/ordre-des-avocats-de-tunisie-greve-generale-et-boycott-des-audiences-declares\\\/214112\\\/#breadcrumb\",\"itemListElement\":[{\"@type\":\"ListItem\",\"position\":1,\"name\":\"Accueil\",\"item\":\"https:\\\/\\\/www.webdo.tn\\\/fr\\\/\"},{\"@type\":\"ListItem\",\"position\":2,\"name\":\"Ordre des Avocats de Tunisie : Gr\u00e8ve g\u00e9n\u00e9rale et boycott des audiences\"}]},{\"@type\":\"WebSite\",\"@id\":\"https:\\\/\\\/www.webdo.tn\\\/fr\\\/#website\",\"url\":\"https:\\\/\\\/www.webdo.tn\\\/fr\\\/\",\"name\":\"webdo\",\"description\":\"Tunisie - News en Tunisie et \u00e0 l&#039;international sur Webdo.tn\",\"publisher\":{\"@id\":\"https:\\\/\\\/www.webdo.tn\\\/fr\\\/#organization\"},\"potentialAction\":[{\"@type\":\"SearchAction\",\"target\":{\"@type\":\"EntryPoint\",\"urlTemplate\":\"https:\\\/\\\/www.webdo.tn\\\/fr\\\/?s={search_term_string}\"},\"query-input\":{\"@type\":\"PropertyValueSpecification\",\"valueRequired\":true,\"valueName\":\"search_term_string\"}}],\"inLanguage\":\"fr-FR\"},{\"@type\":\"Organization\",\"@id\":\"https:\\\/\\\/www.webdo.tn\\\/fr\\\/#organization\",\"name\":\"Webdo\",\"alternateName\":\"Webdo.tn\",\"url\":\"https:\\\/\\\/www.webdo.tn\\\/fr\\\/\",\"logo\":{\"@type\":\"ImageObject\",\"inLanguage\":\"fr-FR\",\"@id\":\"https:\\\/\\\/www.webdo.tn\\\/fr\\\/#\\\/schema\\\/logo\\\/image\\\/\",\"url\":\"https:\\\/\\\/www.webdo.tn\\\/fr\\\/wp-content\\\/uploads\\\/2025\\\/06\\\/Webdo-Tunisie_168377.jpg\",\"contentUrl\":\"https:\\\/\\\/www.webdo.tn\\\/fr\\\/wp-content\\\/uploads\\\/2025\\\/06\\\/Webdo-Tunisie_168377.jpg\",\"width\":301,\"height\":301,\"caption\":\"Webdo\"},\"image\":{\"@id\":\"https:\\\/\\\/www.webdo.tn\\\/fr\\\/#\\\/schema\\\/logo\\\/image\\\/\"},\"sameAs\":[\"https:\\\/\\\/www.facebook.com\\\/webdotn\",\"https:\\\/\\\/x.com\\\/webdo_tn\"],\"description\":\"Webdo est un m\u00e9dia num\u00e9rique tunisien fond\u00e9 en 2010, sp\u00e9cialis\u00e9 dans l\u2019actualit\u00e9 nationale et internationale, l\u2019\u00e9conomie, la soci\u00e9t\u00e9 et les analyses politiques. Le site s\u2019adresse \u00e0 un large public francophone et couvre l\u2019information tunisienne en temps r\u00e9el.\",\"email\":\"redac@webdo.tn\",\"legalName\":\"YNJ SARL\",\"foundingDate\":\"2010-09-06\",\"numberOfEmployees\":{\"@type\":\"QuantitativeValue\",\"minValue\":\"11\",\"maxValue\":\"50\"}},{\"@type\":\"Person\",\"@id\":\"https:\\\/\\\/www.webdo.tn\\\/fr\\\/#\\\/schema\\\/person\\\/1f4e491e0907b413d61089e8eb573acc\",\"name\":\"Webdo\",\"image\":{\"@type\":\"ImageObject\",\"inLanguage\":\"fr-FR\",\"@id\":\"https:\\\/\\\/secure.gravatar.com\\\/avatar\\\/de97aeec1bb80978a9dbb127e47dfc88aaacb2f3c29aac907d8d3222e3495d49?s=96&d=mm&r=g\",\"url\":\"https:\\\/\\\/secure.gravatar.com\\\/avatar\\\/de97aeec1bb80978a9dbb127e47dfc88aaacb2f3c29aac907d8d3222e3495d49?s=96&d=mm&r=g\",\"contentUrl\":\"https:\\\/\\\/secure.gravatar.com\\\/avatar\\\/de97aeec1bb80978a9dbb127e47dfc88aaacb2f3c29aac907d8d3222e3495d49?s=96&d=mm&r=g\",\"caption\":\"Webdo\"},\"url\":\"https:\\\/\\\/www.webdo.tn\\\/fr\\\/actualite\\\/author\\\/webdo\\\/\"}]}<\/script>\n<!-- \/ Yoast SEO Premium plugin. -->","yoast_head_json":{"title":"Ordre des Avocats de Tunisie : Gr\u00e8ve g\u00e9n\u00e9rale et boycott des audiences","description":"L'Ordre des Avocats de Tunisie prend des mesures fermes suite \u00e0 l'attaque contre ses locaux, d\u00e9clarant une gr\u00e8ve g\u00e9n\u00e9rale et un boycott des audiences pour prote...","canonical":"https:\/\/www.webdo.tn\/fr\/actualite\/national\/ordre-des-avocats-de-tunisie-greve-generale-et-boycott-des-audiences-declares\/214112\/","og_locale":"fr_FR","og_type":"article","og_title":"Ordre des Avocats de Tunisie : Gr\u00e8ve g\u00e9n\u00e9rale et boycott des audiences","og_description":"L'Ordre des Avocats de Tunisie prend des mesures fermes suite \u00e0 l'attaque contre ses locaux, d\u00e9clarant une gr\u00e8ve g\u00e9n\u00e9rale et un boycott des audiences pour prote...","og_url":"https:\/\/www.webdo.tn\/fr\/actualite\/national\/ordre-des-avocats-de-tunisie-greve-generale-et-boycott-des-audiences-declares\/214112\/","og_site_name":"webdo","article_publisher":"https:\/\/www.facebook.com\/webdotn","article_published_time":"2024-05-12T20:27:00+00:00","article_modified_time":"2025-05-20T22:31:53+00:00","og_image":[{"width":750,"height":400,"url":"https:\/\/www.webdo.tn\/fr\/wp-content\/uploads\/2024\/05\/4d7df276ad6692ca9cf360fcd7bd5788.webp","type":"image\/webp"}],"author":"Webdo","twitter_card":"summary_large_image","twitter_creator":"@webdo_tn","twitter_site":"@webdo_tn","twitter_misc":{"\u00c9crit par":"Webdo","Dur\u00e9e de lecture estim\u00e9e":"2 minutes"},"schema":{"@context":"https:\/\/schema.org","@graph":[{"@type":"NewsArticle","@id":"https:\/\/www.webdo.tn\/fr\/actualite\/national\/ordre-des-avocats-de-tunisie-greve-generale-et-boycott-des-audiences-declares\/214112\/#article","isPartOf":{"@id":"https:\/\/www.webdo.tn\/fr\/actualite\/national\/ordre-des-avocats-de-tunisie-greve-generale-et-boycott-des-audiences-declares\/214112\/"},"author":{"name":"Webdo","@id":"https:\/\/www.webdo.tn\/fr\/#\/schema\/person\/1f4e491e0907b413d61089e8eb573acc"},"headline":"Ordre des Avocats de Tunisie : Gr\u00e8ve g\u00e9n\u00e9rale et boycott des audiences","datePublished":"2024-05-12T20:27:00+00:00","dateModified":"2025-05-20T22:31:53+00:00","mainEntityOfPage":{"@id":"https:\/\/www.webdo.tn\/fr\/actualite\/national\/ordre-des-avocats-de-tunisie-greve-generale-et-boycott-des-audiences-declares\/214112\/"},"wordCount":443,"commentCount":0,"publisher":{"@id":"https:\/\/www.webdo.tn\/fr\/#organization"},"image":{"@id":"https:\/\/www.webdo.tn\/fr\/actualite\/national\/ordre-des-avocats-de-tunisie-greve-generale-et-boycott-des-audiences-declares\/214112\/#primaryimage"},"thumbnailUrl":"https:\/\/www.webdo.tn\/fr\/wp-content\/uploads\/2024\/05\/4d7df276ad6692ca9cf360fcd7bd5788.webp","keywords":["Ordre des avocats","Tunisie"],"articleSection":["National"],"inLanguage":"fr-FR"},{"@type":"WebPage","@id":"https:\/\/www.webdo.tn\/fr\/actualite\/national\/ordre-des-avocats-de-tunisie-greve-generale-et-boycott-des-audiences-declares\/214112\/","url":"https:\/\/www.webdo.tn\/fr\/actualite\/national\/ordre-des-avocats-de-tunisie-greve-generale-et-boycott-des-audiences-declares\/214112\/","name":"Ordre des Avocats de Tunisie : Gr\u00e8ve g\u00e9n\u00e9rale et boycott des audiences","isPartOf":{"@id":"https:\/\/www.webdo.tn\/fr\/#website"},"primaryImageOfPage":{"@id":"https:\/\/www.webdo.tn\/fr\/actualite\/national\/ordre-des-avocats-de-tunisie-greve-generale-et-boycott-des-audiences-declares\/214112\/#primaryimage"},"image":{"@id":"https:\/\/www.webdo.tn\/fr\/actualite\/national\/ordre-des-avocats-de-tunisie-greve-generale-et-boycott-des-audiences-declares\/214112\/#primaryimage"},"thumbnailUrl":"https:\/\/www.webdo.tn\/fr\/wp-content\/uploads\/2024\/05\/4d7df276ad6692ca9cf360fcd7bd5788.webp","datePublished":"2024-05-12T20:27:00+00:00","dateModified":"2025-05-20T22:31:53+00:00","description":"L'Ordre des Avocats de Tunisie prend des mesures fermes suite \u00e0 l'attaque contre ses locaux, d\u00e9clarant une gr\u00e8ve g\u00e9n\u00e9rale et un boycott des audiences pour prote...","breadcrumb":{"@id":"https:\/\/www.webdo.tn\/fr\/actualite\/national\/ordre-des-avocats-de-tunisie-greve-generale-et-boycott-des-audiences-declares\/214112\/#breadcrumb"},"inLanguage":"fr-FR","potentialAction":[{"@type":"ReadAction","target":["https:\/\/www.webdo.tn\/fr\/actualite\/national\/ordre-des-avocats-de-tunisie-greve-generale-et-boycott-des-audiences-declares\/214112\/"]}]},{"@type":"ImageObject","inLanguage":"fr-FR","@id":"https:\/\/www.webdo.tn\/fr\/actualite\/national\/ordre-des-avocats-de-tunisie-greve-generale-et-boycott-des-audiences-declares\/214112\/#primaryimage","url":"https:\/\/www.webdo.tn\/fr\/wp-content\/uploads\/2024\/05\/4d7df276ad6692ca9cf360fcd7bd5788.webp","contentUrl":"https:\/\/www.webdo.tn\/fr\/wp-content\/uploads\/2024\/05\/4d7df276ad6692ca9cf360fcd7bd5788.webp","width":750,"height":400,"caption":"Ordre des Avocats de Tunisie : Gr\u00e8ve g\u00e9n\u00e9rale et boycott des audiences"},{"@type":"BreadcrumbList","@id":"https:\/\/www.webdo.tn\/fr\/actualite\/national\/ordre-des-avocats-de-tunisie-greve-generale-et-boycott-des-audiences-declares\/214112\/#breadcrumb","itemListElement":[{"@type":"ListItem","position":1,"name":"Accueil","item":"https:\/\/www.webdo.tn\/fr\/"},{"@type":"ListItem","position":2,"name":"Ordre des Avocats de Tunisie : Gr\u00e8ve g\u00e9n\u00e9rale et boycott des audiences"}]},{"@type":"WebSite","@id":"https:\/\/www.webdo.tn\/fr\/#website","url":"https:\/\/www.webdo.tn\/fr\/","name":"webdo","description":"Tunisie - News en Tunisie et \u00e0 l&#039;international sur Webdo.tn","publisher":{"@id":"https:\/\/www.webdo.tn\/fr\/#organization"},"potentialAction":[{"@type":"SearchAction","target":{"@type":"EntryPoint","urlTemplate":"https:\/\/www.webdo.tn\/fr\/?s={search_term_string}"},"query-input":{"@type":"PropertyValueSpecification","valueRequired":true,"valueName":"search_term_string"}}],"inLanguage":"fr-FR"},{"@type":"Organization","@id":"https:\/\/www.webdo.tn\/fr\/#organization","name":"Webdo","alternateName":"Webdo.tn","url":"https:\/\/www.webdo.tn\/fr\/","logo":{"@type":"ImageObject","inLanguage":"fr-FR","@id":"https:\/\/www.webdo.tn\/fr\/#\/schema\/logo\/image\/","url":"https:\/\/www.webdo.tn\/fr\/wp-content\/uploads\/2025\/06\/Webdo-Tunisie_168377.jpg","contentUrl":"https:\/\/www.webdo.tn\/fr\/wp-content\/uploads\/2025\/06\/Webdo-Tunisie_168377.jpg","width":301,"height":301,"caption":"Webdo"},"image":{"@id":"https:\/\/www.webdo.tn\/fr\/#\/schema\/logo\/image\/"},"sameAs":["https:\/\/www.facebook.com\/webdotn","https:\/\/x.com\/webdo_tn"],"description":"Webdo est un m\u00e9dia num\u00e9rique tunisien fond\u00e9 en 2010, sp\u00e9cialis\u00e9 dans l\u2019actualit\u00e9 nationale et internationale, l\u2019\u00e9conomie, la soci\u00e9t\u00e9 et les analyses politiques. Le site s\u2019adresse \u00e0 un large public francophone et couvre l\u2019information tunisienne en temps r\u00e9el.","email":"redac@webdo.tn","legalName":"YNJ SARL","foundingDate":"2010-09-06","numberOfEmployees":{"@type":"QuantitativeValue","minValue":"11","maxValue":"50"}},{"@type":"Person","@id":"https:\/\/www.webdo.tn\/fr\/#\/schema\/person\/1f4e491e0907b413d61089e8eb573acc","name":"Webdo","image":{"@type":"ImageObject","inLanguage":"fr-FR","@id":"https:\/\/secure.gravatar.com\/avatar\/de97aeec1bb80978a9dbb127e47dfc88aaacb2f3c29aac907d8d3222e3495d49?s=96&d=mm&r=g","url":"https:\/\/secure.gravatar.com\/avatar\/de97aeec1bb80978a9dbb127e47dfc88aaacb2f3c29aac907d8d3222e3495d49?s=96&d=mm&r=g","contentUrl":"https:\/\/secure.gravatar.com\/avatar\/de97aeec1bb80978a9dbb127e47dfc88aaacb2f3c29aac907d8d3222e3495d49?s=96&d=mm&r=g","caption":"Webdo"},"url":"https:\/\/www.webdo.tn\/fr\/actualite\/author\/webdo\/"}]}},"_links":{"self":[{"href":"https:\/\/www.webdo.tn\/fr\/wp-json\/wp\/v2\/posts\/214112","targetHints":{"allow":["GET"]}}],"collection":[{"href":"https:\/\/www.webdo.tn\/fr\/wp-json\/wp\/v2\/posts"}],"about":[{"href":"https:\/\/www.webdo.tn\/fr\/wp-json\/wp\/v2\/types\/post"}],"author":[{"embeddable":true,"href":"https:\/\/www.webdo.tn\/fr\/wp-json\/wp\/v2\/users\/3169"}],"replies":[{"embeddable":true,"href":"https:\/\/www.webdo.tn\/fr\/wp-json\/wp\/v2\/comments?post=214112"}],"version-history":[{"count":0,"href":"https:\/\/www.webdo.tn\/fr\/wp-json\/wp\/v2\/posts\/214112\/revisions"}],"wp:featuredmedia":[{"embeddable":true,"href":"https:\/\/www.webdo.tn\/fr\/wp-json\/wp\/v2\/media\/247403"}],"wp:attachment":[{"href":"https:\/\/www.webdo.tn\/fr\/wp-json\/wp\/v2\/media?parent=214112"}],"wp:term":[{"taxonomy":"category","embeddable":true,"href":"https:\/\/www.webdo.tn\/fr\/wp-json\/wp\/v2\/categories?post=214112"},{"taxonomy":"post_tag","embeddable":true,"href":"https:\/\/www.webdo.tn\/fr\/wp-json\/wp\/v2\/tags?post=214112"}],"curies":[{"name":"wp","href":"https:\/\/api.w.org\/{rel}","templated":true}]}}