{"id":214111,"date":"2024-05-12T19:38:00","date_gmt":"2024-05-12T19:38:00","guid":{"rendered":"https:\/\/www.webdo.tn\/fr\/blog\/tunisie-greve-generale-des-avocats-dans-tous-les-tribunaux-de-la-republique\/214111\/"},"modified":"2025-05-20T22:31:53","modified_gmt":"2025-05-20T22:31:53","slug":"tunisie-greve-generale-des-avocats-dans-tous-les-tribunaux-de-la-republique","status":"publish","type":"post","link":"https:\/\/www.webdo.tn\/fr\/actualite\/national\/tunisie-greve-generale-des-avocats-dans-tous-les-tribunaux-de-la-republique\/214111\/","title":{"rendered":"Tunisie : Gr\u00e8ve g\u00e9n\u00e9rale des avocats dans tous les tribunaux de la R\u00e9publique"},"content":{"rendered":"<p>Le Conseil de l&rsquo;Ordre national des avocats de Tunisie a d\u00e9cid\u00e9, lors d&rsquo;une r\u00e9union d&rsquo;urgence tenue aujourd&rsquo;hui dimanche, de mettre en \u0153uvre une gr\u00e8ve g\u00e9n\u00e9rale nationale demain lundi dans le secteur de l&rsquo;avocature dans tous les tribunaux de la R\u00e9publique.<\/p>\n<p>\t\t\t\t\t\t\t\t\t\u00c0 l&rsquo;issue d&rsquo;une r\u00e9union d&rsquo;urgence ce dimanche, 12 mai,\u00a0l&rsquo;Ordre national des avocats a annonc\u00e9 une gr\u00e8ve g\u00e9n\u00e9rale dans tous les Tribunaux de la R\u00e9publique. Cette d\u00e9cision fait suite \u00e0 l&rsquo;incident de la nuit pr\u00e9c\u00e9dente, lors duquel les locaux de l&rsquo;Ordre national des avocats de Tunis ont \u00e9t\u00e9 attaqu\u00e9s pour proc\u00e9der \u00e0 l&rsquo;arrestation de l&rsquo;avocate Sonia Dahmani.<\/p>\n<p>Hier, pr\u00e9sident de la section de \u00a0Tunis de l&rsquo;Ordre des Avocats, a annonc\u00e9 que la Chambre avait d\u00e9cid\u00e9 d&rsquo;organiser une gr\u00e8ve g\u00e9n\u00e9rale r\u00e9gionale et de suspendre toutes les activit\u00e9s judiciaires \u00e0 Tunis \u00e0 partir du lundi 13 mai 2024.<\/p>\n","protected":false},"excerpt":{"rendered":"<p>L&rsquo;Ordre des avocats de Tunis a pris cette d\u00e9cision apr\u00e8s que ses locaux aient \u00e9t\u00e9 attaqu\u00e9s la nuit pr\u00e9c\u00e9dente pour arr\u00eater l&rsquo;avocate Sonia Dahmani.<\/p>\n","protected":false},"author":3169,"featured_media":247400,"comment_status":"open","ping_status":"closed","sticky":false,"template":"","format":"standard","meta":{"footnotes":""},"categories":[44],"tags":[3040,3313,2608],"class_list":["post-214111","post","type-post","status-publish","format-standard","has-post-thumbnail","hentry","category-national","tag-ordre-des-avocats","tag-sonia-dahmani","tag-tunisie"],"yoast_head":"<!-- This site is optimized with the Yoast SEO Premium plugin v27.5 (Yoast SEO v27.5) - https:\/\/yoast.com\/product\/yoast-seo-premium-wordpress\/ -->\n<title>Tunisie : Gr\u00e8ve g\u00e9n\u00e9rale des avocats dans tous les tribunaux de la R\u00e9publique<\/title>\n<meta name=\"description\" content=\"L&#039;Ordre des avocats de Tunis a pris cette d\u00e9cision apr\u00e8s que ses locaux aient \u00e9t\u00e9 attaqu\u00e9s la nuit pr\u00e9c\u00e9dente pour arr\u00eater l&#039;avocate Sonia Dahmani.\" \/>\n<link rel=\"canonical\" href=\"https:\/\/www.webdo.tn\/fr\/actualite\/national\/tunisie-greve-generale-des-avocats-dans-tous-les-tribunaux-de-la-republique\/214111\/\" \/>\n<meta property=\"og:locale\" content=\"fr_FR\" \/>\n<meta property=\"og:type\" content=\"article\" \/>\n<meta property=\"og:title\" content=\"Tunisie : Gr\u00e8ve g\u00e9n\u00e9rale des avocats dans tous les tribunaux de la R\u00e9publique\" \/>\n<meta property=\"og:description\" content=\"L&#039;Ordre des avocats de Tunis a pris cette d\u00e9cision apr\u00e8s que ses locaux aient \u00e9t\u00e9 attaqu\u00e9s la nuit pr\u00e9c\u00e9dente pour arr\u00eater l&#039;avocate Sonia Dahmani.\" \/>\n<meta property=\"og:url\" content=\"https:\/\/www.webdo.tn\/fr\/actualite\/national\/tunisie-greve-generale-des-avocats-dans-tous-les-tribunaux-de-la-republique\/214111\/\" \/>\n<meta property=\"og:site_name\" content=\"webdo\" \/>\n<meta property=\"article:publisher\" content=\"https:\/\/www.facebook.com\/webdotn\" \/>\n<meta property=\"article:published_time\" content=\"2024-05-12T19:38:00+00:00\" \/>\n<meta property=\"article:modified_time\" content=\"2025-05-20T22:31:53+00:00\" \/>\n<meta property=\"og:image\" content=\"https:\/\/www.webdo.tn\/fr\/wp-content\/uploads\/2024\/05\/f3d90245625a86ffc56d50d7481ac66a.webp\" \/>\n\t<meta property=\"og:image:width\" content=\"750\" \/>\n\t<meta property=\"og:image:height\" content=\"400\" \/>\n\t<meta property=\"og:image:type\" content=\"image\/webp\" \/>\n<meta name=\"author\" content=\"Webdo\" \/>\n<meta name=\"twitter:card\" content=\"summary_large_image\" \/>\n<meta name=\"twitter:creator\" content=\"@webdo_tn\" \/>\n<meta name=\"twitter:site\" content=\"@webdo_tn\" \/>\n<meta name=\"twitter:label1\" content=\"\u00c9crit par\" \/>\n\t<meta name=\"twitter:data1\" content=\"Webdo\" \/>\n\t<meta name=\"twitter:label2\" content=\"Dur\u00e9e de lecture estim\u00e9e\" \/>\n\t<meta name=\"twitter:data2\" content=\"1 minute\" \/>\n<script type=\"application\/ld+json\" class=\"yoast-schema-graph\">{\"@context\":\"https:\\\/\\\/schema.org\",\"@graph\":[{\"@type\":\"NewsArticle\",\"@id\":\"https:\\\/\\\/www.webdo.tn\\\/fr\\\/actualite\\\/national\\\/tunisie-greve-generale-des-avocats-dans-tous-les-tribunaux-de-la-republique\\\/214111\\\/#article\",\"isPartOf\":{\"@id\":\"https:\\\/\\\/www.webdo.tn\\\/fr\\\/actualite\\\/national\\\/tunisie-greve-generale-des-avocats-dans-tous-les-tribunaux-de-la-republique\\\/214111\\\/\"},\"author\":{\"name\":\"Webdo\",\"@id\":\"https:\\\/\\\/www.webdo.tn\\\/fr\\\/#\\\/schema\\\/person\\\/1f4e491e0907b413d61089e8eb573acc\"},\"headline\":\"Tunisie : Gr\u00e8ve g\u00e9n\u00e9rale des avocats dans tous les tribunaux de la R\u00e9publique\",\"datePublished\":\"2024-05-12T19:38:00+00:00\",\"dateModified\":\"2025-05-20T22:31:53+00:00\",\"mainEntityOfPage\":{\"@id\":\"https:\\\/\\\/www.webdo.tn\\\/fr\\\/actualite\\\/national\\\/tunisie-greve-generale-des-avocats-dans-tous-les-tribunaux-de-la-republique\\\/214111\\\/\"},\"wordCount\":182,\"commentCount\":0,\"publisher\":{\"@id\":\"https:\\\/\\\/www.webdo.tn\\\/fr\\\/#organization\"},\"image\":{\"@id\":\"https:\\\/\\\/www.webdo.tn\\\/fr\\\/actualite\\\/national\\\/tunisie-greve-generale-des-avocats-dans-tous-les-tribunaux-de-la-republique\\\/214111\\\/#primaryimage\"},\"thumbnailUrl\":\"https:\\\/\\\/www.webdo.tn\\\/fr\\\/wp-content\\\/uploads\\\/2024\\\/05\\\/f3d90245625a86ffc56d50d7481ac66a.webp\",\"keywords\":[\"Ordre des avocats\",\"sonia dahmani\",\"Tunisie\"],\"articleSection\":[\"National\"],\"inLanguage\":\"fr-FR\"},{\"@type\":\"WebPage\",\"@id\":\"https:\\\/\\\/www.webdo.tn\\\/fr\\\/actualite\\\/national\\\/tunisie-greve-generale-des-avocats-dans-tous-les-tribunaux-de-la-republique\\\/214111\\\/\",\"url\":\"https:\\\/\\\/www.webdo.tn\\\/fr\\\/actualite\\\/national\\\/tunisie-greve-generale-des-avocats-dans-tous-les-tribunaux-de-la-republique\\\/214111\\\/\",\"name\":\"Tunisie : Gr\u00e8ve g\u00e9n\u00e9rale des avocats dans tous les tribunaux de la R\u00e9publique\",\"isPartOf\":{\"@id\":\"https:\\\/\\\/www.webdo.tn\\\/fr\\\/#website\"},\"primaryImageOfPage\":{\"@id\":\"https:\\\/\\\/www.webdo.tn\\\/fr\\\/actualite\\\/national\\\/tunisie-greve-generale-des-avocats-dans-tous-les-tribunaux-de-la-republique\\\/214111\\\/#primaryimage\"},\"image\":{\"@id\":\"https:\\\/\\\/www.webdo.tn\\\/fr\\\/actualite\\\/national\\\/tunisie-greve-generale-des-avocats-dans-tous-les-tribunaux-de-la-republique\\\/214111\\\/#primaryimage\"},\"thumbnailUrl\":\"https:\\\/\\\/www.webdo.tn\\\/fr\\\/wp-content\\\/uploads\\\/2024\\\/05\\\/f3d90245625a86ffc56d50d7481ac66a.webp\",\"datePublished\":\"2024-05-12T19:38:00+00:00\",\"dateModified\":\"2025-05-20T22:31:53+00:00\",\"description\":\"L'Ordre des avocats de Tunis a pris cette d\u00e9cision apr\u00e8s que ses locaux aient \u00e9t\u00e9 attaqu\u00e9s la nuit pr\u00e9c\u00e9dente pour arr\u00eater l'avocate Sonia Dahmani.\",\"breadcrumb\":{\"@id\":\"https:\\\/\\\/www.webdo.tn\\\/fr\\\/actualite\\\/national\\\/tunisie-greve-generale-des-avocats-dans-tous-les-tribunaux-de-la-republique\\\/214111\\\/#breadcrumb\"},\"inLanguage\":\"fr-FR\",\"potentialAction\":[{\"@type\":\"ReadAction\",\"target\":[\"https:\\\/\\\/www.webdo.tn\\\/fr\\\/actualite\\\/national\\\/tunisie-greve-generale-des-avocats-dans-tous-les-tribunaux-de-la-republique\\\/214111\\\/\"]}]},{\"@type\":\"ImageObject\",\"inLanguage\":\"fr-FR\",\"@id\":\"https:\\\/\\\/www.webdo.tn\\\/fr\\\/actualite\\\/national\\\/tunisie-greve-generale-des-avocats-dans-tous-les-tribunaux-de-la-republique\\\/214111\\\/#primaryimage\",\"url\":\"https:\\\/\\\/www.webdo.tn\\\/fr\\\/wp-content\\\/uploads\\\/2024\\\/05\\\/f3d90245625a86ffc56d50d7481ac66a.webp\",\"contentUrl\":\"https:\\\/\\\/www.webdo.tn\\\/fr\\\/wp-content\\\/uploads\\\/2024\\\/05\\\/f3d90245625a86ffc56d50d7481ac66a.webp\",\"width\":750,\"height\":400,\"caption\":\"Tunisie : Gr\u00e8ve g\u00e9n\u00e9rale des avocats dans tous les tribunaux de la R\u00e9publique\"},{\"@type\":\"BreadcrumbList\",\"@id\":\"https:\\\/\\\/www.webdo.tn\\\/fr\\\/actualite\\\/national\\\/tunisie-greve-generale-des-avocats-dans-tous-les-tribunaux-de-la-republique\\\/214111\\\/#breadcrumb\",\"itemListElement\":[{\"@type\":\"ListItem\",\"position\":1,\"name\":\"Accueil\",\"item\":\"https:\\\/\\\/www.webdo.tn\\\/fr\\\/\"},{\"@type\":\"ListItem\",\"position\":2,\"name\":\"Tunisie : Gr\u00e8ve g\u00e9n\u00e9rale des avocats dans tous les tribunaux de la R\u00e9publique\"}]},{\"@type\":\"WebSite\",\"@id\":\"https:\\\/\\\/www.webdo.tn\\\/fr\\\/#website\",\"url\":\"https:\\\/\\\/www.webdo.tn\\\/fr\\\/\",\"name\":\"webdo\",\"description\":\"Tunisie - News en Tunisie et \u00e0 l&#039;international sur Webdo.tn\",\"publisher\":{\"@id\":\"https:\\\/\\\/www.webdo.tn\\\/fr\\\/#organization\"},\"potentialAction\":[{\"@type\":\"SearchAction\",\"target\":{\"@type\":\"EntryPoint\",\"urlTemplate\":\"https:\\\/\\\/www.webdo.tn\\\/fr\\\/?s={search_term_string}\"},\"query-input\":{\"@type\":\"PropertyValueSpecification\",\"valueRequired\":true,\"valueName\":\"search_term_string\"}}],\"inLanguage\":\"fr-FR\"},{\"@type\":\"Organization\",\"@id\":\"https:\\\/\\\/www.webdo.tn\\\/fr\\\/#organization\",\"name\":\"Webdo\",\"alternateName\":\"Webdo.tn\",\"url\":\"https:\\\/\\\/www.webdo.tn\\\/fr\\\/\",\"logo\":{\"@type\":\"ImageObject\",\"inLanguage\":\"fr-FR\",\"@id\":\"https:\\\/\\\/www.webdo.tn\\\/fr\\\/#\\\/schema\\\/logo\\\/image\\\/\",\"url\":\"https:\\\/\\\/www.webdo.tn\\\/fr\\\/wp-content\\\/uploads\\\/2025\\\/06\\\/Webdo-Tunisie_168377.jpg\",\"contentUrl\":\"https:\\\/\\\/www.webdo.tn\\\/fr\\\/wp-content\\\/uploads\\\/2025\\\/06\\\/Webdo-Tunisie_168377.jpg\",\"width\":301,\"height\":301,\"caption\":\"Webdo\"},\"image\":{\"@id\":\"https:\\\/\\\/www.webdo.tn\\\/fr\\\/#\\\/schema\\\/logo\\\/image\\\/\"},\"sameAs\":[\"https:\\\/\\\/www.facebook.com\\\/webdotn\",\"https:\\\/\\\/x.com\\\/webdo_tn\"],\"description\":\"Webdo est un m\u00e9dia num\u00e9rique tunisien fond\u00e9 en 2010, sp\u00e9cialis\u00e9 dans l\u2019actualit\u00e9 nationale et internationale, l\u2019\u00e9conomie, la soci\u00e9t\u00e9 et les analyses politiques. Le site s\u2019adresse \u00e0 un large public francophone et couvre l\u2019information tunisienne en temps r\u00e9el.\",\"email\":\"redac@webdo.tn\",\"legalName\":\"YNJ SARL\",\"foundingDate\":\"2010-09-06\",\"numberOfEmployees\":{\"@type\":\"QuantitativeValue\",\"minValue\":\"11\",\"maxValue\":\"50\"}},{\"@type\":\"Person\",\"@id\":\"https:\\\/\\\/www.webdo.tn\\\/fr\\\/#\\\/schema\\\/person\\\/1f4e491e0907b413d61089e8eb573acc\",\"name\":\"Webdo\",\"image\":{\"@type\":\"ImageObject\",\"inLanguage\":\"fr-FR\",\"@id\":\"https:\\\/\\\/secure.gravatar.com\\\/avatar\\\/de97aeec1bb80978a9dbb127e47dfc88aaacb2f3c29aac907d8d3222e3495d49?s=96&d=mm&r=g\",\"url\":\"https:\\\/\\\/secure.gravatar.com\\\/avatar\\\/de97aeec1bb80978a9dbb127e47dfc88aaacb2f3c29aac907d8d3222e3495d49?s=96&d=mm&r=g\",\"contentUrl\":\"https:\\\/\\\/secure.gravatar.com\\\/avatar\\\/de97aeec1bb80978a9dbb127e47dfc88aaacb2f3c29aac907d8d3222e3495d49?s=96&d=mm&r=g\",\"caption\":\"Webdo\"},\"url\":\"https:\\\/\\\/www.webdo.tn\\\/fr\\\/actualite\\\/author\\\/webdo\\\/\"}]}<\/script>\n<!-- \/ Yoast SEO Premium plugin. -->","yoast_head_json":{"title":"Tunisie : Gr\u00e8ve g\u00e9n\u00e9rale des avocats dans tous les tribunaux de la R\u00e9publique","description":"L'Ordre des avocats de Tunis a pris cette d\u00e9cision apr\u00e8s que ses locaux aient \u00e9t\u00e9 attaqu\u00e9s la nuit pr\u00e9c\u00e9dente pour arr\u00eater l'avocate Sonia Dahmani.","canonical":"https:\/\/www.webdo.tn\/fr\/actualite\/national\/tunisie-greve-generale-des-avocats-dans-tous-les-tribunaux-de-la-republique\/214111\/","og_locale":"fr_FR","og_type":"article","og_title":"Tunisie : Gr\u00e8ve g\u00e9n\u00e9rale des avocats dans tous les tribunaux de la R\u00e9publique","og_description":"L'Ordre des avocats de Tunis a pris cette d\u00e9cision apr\u00e8s que ses locaux aient \u00e9t\u00e9 attaqu\u00e9s la nuit pr\u00e9c\u00e9dente pour arr\u00eater l'avocate Sonia Dahmani.","og_url":"https:\/\/www.webdo.tn\/fr\/actualite\/national\/tunisie-greve-generale-des-avocats-dans-tous-les-tribunaux-de-la-republique\/214111\/","og_site_name":"webdo","article_publisher":"https:\/\/www.facebook.com\/webdotn","article_published_time":"2024-05-12T19:38:00+00:00","article_modified_time":"2025-05-20T22:31:53+00:00","og_image":[{"width":750,"height":400,"url":"https:\/\/www.webdo.tn\/fr\/wp-content\/uploads\/2024\/05\/f3d90245625a86ffc56d50d7481ac66a.webp","type":"image\/webp"}],"author":"Webdo","twitter_card":"summary_large_image","twitter_creator":"@webdo_tn","twitter_site":"@webdo_tn","twitter_misc":{"\u00c9crit par":"Webdo","Dur\u00e9e de lecture estim\u00e9e":"1 minute"},"schema":{"@context":"https:\/\/schema.org","@graph":[{"@type":"NewsArticle","@id":"https:\/\/www.webdo.tn\/fr\/actualite\/national\/tunisie-greve-generale-des-avocats-dans-tous-les-tribunaux-de-la-republique\/214111\/#article","isPartOf":{"@id":"https:\/\/www.webdo.tn\/fr\/actualite\/national\/tunisie-greve-generale-des-avocats-dans-tous-les-tribunaux-de-la-republique\/214111\/"},"author":{"name":"Webdo","@id":"https:\/\/www.webdo.tn\/fr\/#\/schema\/person\/1f4e491e0907b413d61089e8eb573acc"},"headline":"Tunisie : Gr\u00e8ve g\u00e9n\u00e9rale des avocats dans tous les tribunaux de la R\u00e9publique","datePublished":"2024-05-12T19:38:00+00:00","dateModified":"2025-05-20T22:31:53+00:00","mainEntityOfPage":{"@id":"https:\/\/www.webdo.tn\/fr\/actualite\/national\/tunisie-greve-generale-des-avocats-dans-tous-les-tribunaux-de-la-republique\/214111\/"},"wordCount":182,"commentCount":0,"publisher":{"@id":"https:\/\/www.webdo.tn\/fr\/#organization"},"image":{"@id":"https:\/\/www.webdo.tn\/fr\/actualite\/national\/tunisie-greve-generale-des-avocats-dans-tous-les-tribunaux-de-la-republique\/214111\/#primaryimage"},"thumbnailUrl":"https:\/\/www.webdo.tn\/fr\/wp-content\/uploads\/2024\/05\/f3d90245625a86ffc56d50d7481ac66a.webp","keywords":["Ordre des avocats","sonia dahmani","Tunisie"],"articleSection":["National"],"inLanguage":"fr-FR"},{"@type":"WebPage","@id":"https:\/\/www.webdo.tn\/fr\/actualite\/national\/tunisie-greve-generale-des-avocats-dans-tous-les-tribunaux-de-la-republique\/214111\/","url":"https:\/\/www.webdo.tn\/fr\/actualite\/national\/tunisie-greve-generale-des-avocats-dans-tous-les-tribunaux-de-la-republique\/214111\/","name":"Tunisie : Gr\u00e8ve g\u00e9n\u00e9rale des avocats dans tous les tribunaux de la R\u00e9publique","isPartOf":{"@id":"https:\/\/www.webdo.tn\/fr\/#website"},"primaryImageOfPage":{"@id":"https:\/\/www.webdo.tn\/fr\/actualite\/national\/tunisie-greve-generale-des-avocats-dans-tous-les-tribunaux-de-la-republique\/214111\/#primaryimage"},"image":{"@id":"https:\/\/www.webdo.tn\/fr\/actualite\/national\/tunisie-greve-generale-des-avocats-dans-tous-les-tribunaux-de-la-republique\/214111\/#primaryimage"},"thumbnailUrl":"https:\/\/www.webdo.tn\/fr\/wp-content\/uploads\/2024\/05\/f3d90245625a86ffc56d50d7481ac66a.webp","datePublished":"2024-05-12T19:38:00+00:00","dateModified":"2025-05-20T22:31:53+00:00","description":"L'Ordre des avocats de Tunis a pris cette d\u00e9cision apr\u00e8s que ses locaux aient \u00e9t\u00e9 attaqu\u00e9s la nuit pr\u00e9c\u00e9dente pour arr\u00eater l'avocate Sonia Dahmani.","breadcrumb":{"@id":"https:\/\/www.webdo.tn\/fr\/actualite\/national\/tunisie-greve-generale-des-avocats-dans-tous-les-tribunaux-de-la-republique\/214111\/#breadcrumb"},"inLanguage":"fr-FR","potentialAction":[{"@type":"ReadAction","target":["https:\/\/www.webdo.tn\/fr\/actualite\/national\/tunisie-greve-generale-des-avocats-dans-tous-les-tribunaux-de-la-republique\/214111\/"]}]},{"@type":"ImageObject","inLanguage":"fr-FR","@id":"https:\/\/www.webdo.tn\/fr\/actualite\/national\/tunisie-greve-generale-des-avocats-dans-tous-les-tribunaux-de-la-republique\/214111\/#primaryimage","url":"https:\/\/www.webdo.tn\/fr\/wp-content\/uploads\/2024\/05\/f3d90245625a86ffc56d50d7481ac66a.webp","contentUrl":"https:\/\/www.webdo.tn\/fr\/wp-content\/uploads\/2024\/05\/f3d90245625a86ffc56d50d7481ac66a.webp","width":750,"height":400,"caption":"Tunisie : Gr\u00e8ve g\u00e9n\u00e9rale des avocats dans tous les tribunaux de la R\u00e9publique"},{"@type":"BreadcrumbList","@id":"https:\/\/www.webdo.tn\/fr\/actualite\/national\/tunisie-greve-generale-des-avocats-dans-tous-les-tribunaux-de-la-republique\/214111\/#breadcrumb","itemListElement":[{"@type":"ListItem","position":1,"name":"Accueil","item":"https:\/\/www.webdo.tn\/fr\/"},{"@type":"ListItem","position":2,"name":"Tunisie : Gr\u00e8ve g\u00e9n\u00e9rale des avocats dans tous les tribunaux de la R\u00e9publique"}]},{"@type":"WebSite","@id":"https:\/\/www.webdo.tn\/fr\/#website","url":"https:\/\/www.webdo.tn\/fr\/","name":"webdo","description":"Tunisie - News en Tunisie et \u00e0 l&#039;international sur Webdo.tn","publisher":{"@id":"https:\/\/www.webdo.tn\/fr\/#organization"},"potentialAction":[{"@type":"SearchAction","target":{"@type":"EntryPoint","urlTemplate":"https:\/\/www.webdo.tn\/fr\/?s={search_term_string}"},"query-input":{"@type":"PropertyValueSpecification","valueRequired":true,"valueName":"search_term_string"}}],"inLanguage":"fr-FR"},{"@type":"Organization","@id":"https:\/\/www.webdo.tn\/fr\/#organization","name":"Webdo","alternateName":"Webdo.tn","url":"https:\/\/www.webdo.tn\/fr\/","logo":{"@type":"ImageObject","inLanguage":"fr-FR","@id":"https:\/\/www.webdo.tn\/fr\/#\/schema\/logo\/image\/","url":"https:\/\/www.webdo.tn\/fr\/wp-content\/uploads\/2025\/06\/Webdo-Tunisie_168377.jpg","contentUrl":"https:\/\/www.webdo.tn\/fr\/wp-content\/uploads\/2025\/06\/Webdo-Tunisie_168377.jpg","width":301,"height":301,"caption":"Webdo"},"image":{"@id":"https:\/\/www.webdo.tn\/fr\/#\/schema\/logo\/image\/"},"sameAs":["https:\/\/www.facebook.com\/webdotn","https:\/\/x.com\/webdo_tn"],"description":"Webdo est un m\u00e9dia num\u00e9rique tunisien fond\u00e9 en 2010, sp\u00e9cialis\u00e9 dans l\u2019actualit\u00e9 nationale et internationale, l\u2019\u00e9conomie, la soci\u00e9t\u00e9 et les analyses politiques. Le site s\u2019adresse \u00e0 un large public francophone et couvre l\u2019information tunisienne en temps r\u00e9el.","email":"redac@webdo.tn","legalName":"YNJ SARL","foundingDate":"2010-09-06","numberOfEmployees":{"@type":"QuantitativeValue","minValue":"11","maxValue":"50"}},{"@type":"Person","@id":"https:\/\/www.webdo.tn\/fr\/#\/schema\/person\/1f4e491e0907b413d61089e8eb573acc","name":"Webdo","image":{"@type":"ImageObject","inLanguage":"fr-FR","@id":"https:\/\/secure.gravatar.com\/avatar\/de97aeec1bb80978a9dbb127e47dfc88aaacb2f3c29aac907d8d3222e3495d49?s=96&d=mm&r=g","url":"https:\/\/secure.gravatar.com\/avatar\/de97aeec1bb80978a9dbb127e47dfc88aaacb2f3c29aac907d8d3222e3495d49?s=96&d=mm&r=g","contentUrl":"https:\/\/secure.gravatar.com\/avatar\/de97aeec1bb80978a9dbb127e47dfc88aaacb2f3c29aac907d8d3222e3495d49?s=96&d=mm&r=g","caption":"Webdo"},"url":"https:\/\/www.webdo.tn\/fr\/actualite\/author\/webdo\/"}]}},"_links":{"self":[{"href":"https:\/\/www.webdo.tn\/fr\/wp-json\/wp\/v2\/posts\/214111","targetHints":{"allow":["GET"]}}],"collection":[{"href":"https:\/\/www.webdo.tn\/fr\/wp-json\/wp\/v2\/posts"}],"about":[{"href":"https:\/\/www.webdo.tn\/fr\/wp-json\/wp\/v2\/types\/post"}],"author":[{"embeddable":true,"href":"https:\/\/www.webdo.tn\/fr\/wp-json\/wp\/v2\/users\/3169"}],"replies":[{"embeddable":true,"href":"https:\/\/www.webdo.tn\/fr\/wp-json\/wp\/v2\/comments?post=214111"}],"version-history":[{"count":0,"href":"https:\/\/www.webdo.tn\/fr\/wp-json\/wp\/v2\/posts\/214111\/revisions"}],"wp:featuredmedia":[{"embeddable":true,"href":"https:\/\/www.webdo.tn\/fr\/wp-json\/wp\/v2\/media\/247400"}],"wp:attachment":[{"href":"https:\/\/www.webdo.tn\/fr\/wp-json\/wp\/v2\/media?parent=214111"}],"wp:term":[{"taxonomy":"category","embeddable":true,"href":"https:\/\/www.webdo.tn\/fr\/wp-json\/wp\/v2\/categories?post=214111"},{"taxonomy":"post_tag","embeddable":true,"href":"https:\/\/www.webdo.tn\/fr\/wp-json\/wp\/v2\/tags?post=214111"}],"curies":[{"name":"wp","href":"https:\/\/api.w.org\/{rel}","templated":true}]}}