{"id":214103,"date":"2024-05-12T00:16:00","date_gmt":"2024-05-12T00:16:00","guid":{"rendered":"https:\/\/www.webdo.tn\/fr\/blog\/appel-des-avocats-de-tunis-a-une-greve-generale-des-lundi\/214103\/"},"modified":"2025-05-20T22:31:52","modified_gmt":"2025-05-20T22:31:52","slug":"appel-des-avocats-de-tunis-a-une-greve-generale-des-lundi","status":"publish","type":"post","link":"https:\/\/www.webdo.tn\/fr\/actualite\/national\/appel-des-avocats-de-tunis-a-une-greve-generale-des-lundi\/214103\/","title":{"rendered":"Appel des avocats de Tunis \u00e0 une gr\u00e8ve g\u00e9n\u00e9rale d\u00e8s lundi"},"content":{"rendered":"<p>L&rsquo;Ordre National des Avocats de Tunisie a tenu une r\u00e9union d&rsquo;urgence samedi soir, le 11 mai 2024, suivie d&rsquo;une conf\u00e9rence de presse au cours de laquelle elle a vivement condamn\u00e9 les agressions physiques et verbales subies par les avocats lors de l&rsquo;occupation du si\u00e8ge du Barreau de Tunis.<\/p>\n<p>\t\t\t\t\t\t\t\t\tLa d\u00e9claration a \u00e9galement d\u00e9nonc\u00e9 l&rsquo;utilisation abusive des institutions \u00e9tatiques pour encercler le si\u00e8ge du Barreau et arr\u00eater une avocate, faisant r\u00e9f\u00e9rence \u00e0 l&rsquo;arrestation de Sonia Dahmani samedi soir, suite \u00e0 un mandat d&rsquo;arr\u00eat.<\/p>\n<p>Laroussi Zguir, pr\u00e9sident de la section de Tunis de l&rsquo;Ordre des Avocats, a annonc\u00e9 que la Chambre avait d\u00e9cid\u00e9 d&rsquo;organiser une gr\u00e8ve g\u00e9n\u00e9rale r\u00e9gionale et de suspendre toutes les activit\u00e9s judiciaires \u00e0 Tunis \u00e0 partir du lundi 13 mai 2024.<\/p>\n<p>Il a \u00e9galement demand\u00e9 la lib\u00e9ration imm\u00e9diate de Sonia Dahmani, exprimant un soutien total et une solidarit\u00e9 inconditionnelle envers elle, tout en appelant les autres chambres r\u00e9gionales et la Chambre nationale des avocats \u00e0 s&rsquo;unir pour d\u00e9fendre la profession et garantir la s\u00e9curit\u00e9 de ses membres.<\/p>\n<p>Parall\u00e8lement, la ligue tunisienne pour la d\u00e9fense des droits de l&rsquo;Homme a \u00e9mis une d\u00e9claration condamnant l&rsquo;attaque brutale et honteuse contre les avocats au Barreau, exigeant que les responsables soient tenus pour compte et traduits en justice.<\/p>\n<p>L&rsquo;association a \u00e9galement exprim\u00e9 son opposition \u00e0 un retour \u00e0 l&rsquo;\u00c9tat policier, \u00e0 la r\u00e9pression s\u00e9curitaire et \u00e0 l&rsquo;utilisation abusive de la justice pour r\u00e9primer les critiques et les opposants au pouvoir, selon la d\u00e9claration.<\/p>\n<p>Par ailleurs, les journalistes Borhen Bssais et Mourad Zghidi ont \u00e9t\u00e9 convoqu\u00e9s pour interrogatoire dans la nuit du samedi 11 mai. Cette information a \u00e9t\u00e9 confirm\u00e9e par l&rsquo;agence TAP, citant le porte-parole du Tribunal de premi\u00e8re instance de Tunis, Mohamed Zaitouna.<\/p>\n","protected":false},"excerpt":{"rendered":"<p>Appel des avocats de Tunis \u00e0 une gr\u00e8ve g\u00e9n\u00e9rale dans les cours de justice d\u00e8s lundi<\/p>\n","protected":false},"author":3169,"featured_media":247398,"comment_status":"open","ping_status":"closed","sticky":false,"template":"","format":"standard","meta":{"footnotes":""},"categories":[44],"tags":[6518,6448,3313],"class_list":["post-214103","post","type-post","status-publish","format-standard","has-post-thumbnail","hentry","category-national","tag-borhen-bssais","tag-mourad-zghidi","tag-sonia-dahmani"],"yoast_head":"<!-- This site is optimized with the Yoast SEO Premium plugin v27.5 (Yoast SEO v27.5) - https:\/\/yoast.com\/product\/yoast-seo-premium-wordpress\/ -->\n<title>Appel des avocats de Tunis \u00e0 une gr\u00e8ve g\u00e9n\u00e9rale d\u00e8s lundi<\/title>\n<meta name=\"description\" content=\"Appel des avocats de Tunis \u00e0 une gr\u00e8ve g\u00e9n\u00e9rale dans les cours de justice d\u00e8s lundi\" \/>\n<link rel=\"canonical\" href=\"https:\/\/www.webdo.tn\/fr\/actualite\/national\/appel-des-avocats-de-tunis-a-une-greve-generale-des-lundi\/214103\/\" \/>\n<meta property=\"og:locale\" content=\"fr_FR\" \/>\n<meta property=\"og:type\" content=\"article\" \/>\n<meta property=\"og:title\" content=\"Appel des avocats de Tunis \u00e0 une gr\u00e8ve g\u00e9n\u00e9rale d\u00e8s lundi\" \/>\n<meta property=\"og:description\" content=\"Appel des avocats de Tunis \u00e0 une gr\u00e8ve g\u00e9n\u00e9rale dans les cours de justice d\u00e8s lundi\" \/>\n<meta property=\"og:url\" content=\"https:\/\/www.webdo.tn\/fr\/actualite\/national\/appel-des-avocats-de-tunis-a-une-greve-generale-des-lundi\/214103\/\" \/>\n<meta property=\"og:site_name\" content=\"webdo\" \/>\n<meta property=\"article:publisher\" content=\"https:\/\/www.facebook.com\/webdotn\" \/>\n<meta property=\"article:published_time\" content=\"2024-05-12T00:16:00+00:00\" \/>\n<meta property=\"article:modified_time\" content=\"2025-05-20T22:31:52+00:00\" \/>\n<meta property=\"og:image\" content=\"https:\/\/www.webdo.tn\/fr\/wp-content\/uploads\/2024\/05\/87e923063e945d64d77a7ffa34205c42.webp\" \/>\n\t<meta property=\"og:image:width\" content=\"750\" \/>\n\t<meta property=\"og:image:height\" content=\"400\" \/>\n\t<meta property=\"og:image:type\" content=\"image\/webp\" \/>\n<meta name=\"author\" content=\"Webdo\" \/>\n<meta name=\"twitter:card\" content=\"summary_large_image\" \/>\n<meta name=\"twitter:creator\" content=\"@webdo_tn\" \/>\n<meta name=\"twitter:site\" content=\"@webdo_tn\" \/>\n<meta name=\"twitter:label1\" content=\"\u00c9crit par\" \/>\n\t<meta name=\"twitter:data1\" content=\"Webdo\" \/>\n\t<meta name=\"twitter:label2\" content=\"Dur\u00e9e de lecture estim\u00e9e\" \/>\n\t<meta name=\"twitter:data2\" content=\"2 minutes\" \/>\n<script type=\"application\/ld+json\" class=\"yoast-schema-graph\">{\"@context\":\"https:\\\/\\\/schema.org\",\"@graph\":[{\"@type\":\"NewsArticle\",\"@id\":\"https:\\\/\\\/www.webdo.tn\\\/fr\\\/actualite\\\/national\\\/appel-des-avocats-de-tunis-a-une-greve-generale-des-lundi\\\/214103\\\/#article\",\"isPartOf\":{\"@id\":\"https:\\\/\\\/www.webdo.tn\\\/fr\\\/actualite\\\/national\\\/appel-des-avocats-de-tunis-a-une-greve-generale-des-lundi\\\/214103\\\/\"},\"author\":{\"name\":\"Webdo\",\"@id\":\"https:\\\/\\\/www.webdo.tn\\\/fr\\\/#\\\/schema\\\/person\\\/1f4e491e0907b413d61089e8eb573acc\"},\"headline\":\"Appel des avocats de Tunis \u00e0 une gr\u00e8ve g\u00e9n\u00e9rale d\u00e8s lundi\",\"datePublished\":\"2024-05-12T00:16:00+00:00\",\"dateModified\":\"2025-05-20T22:31:52+00:00\",\"mainEntityOfPage\":{\"@id\":\"https:\\\/\\\/www.webdo.tn\\\/fr\\\/actualite\\\/national\\\/appel-des-avocats-de-tunis-a-une-greve-generale-des-lundi\\\/214103\\\/\"},\"wordCount\":329,\"commentCount\":0,\"publisher\":{\"@id\":\"https:\\\/\\\/www.webdo.tn\\\/fr\\\/#organization\"},\"image\":{\"@id\":\"https:\\\/\\\/www.webdo.tn\\\/fr\\\/actualite\\\/national\\\/appel-des-avocats-de-tunis-a-une-greve-generale-des-lundi\\\/214103\\\/#primaryimage\"},\"thumbnailUrl\":\"https:\\\/\\\/www.webdo.tn\\\/fr\\\/wp-content\\\/uploads\\\/2024\\\/05\\\/87e923063e945d64d77a7ffa34205c42.webp\",\"keywords\":[\"Borhen Bssais\",\"Mourad Zghidi\",\"sonia dahmani\"],\"articleSection\":[\"National\"],\"inLanguage\":\"fr-FR\"},{\"@type\":\"WebPage\",\"@id\":\"https:\\\/\\\/www.webdo.tn\\\/fr\\\/actualite\\\/national\\\/appel-des-avocats-de-tunis-a-une-greve-generale-des-lundi\\\/214103\\\/\",\"url\":\"https:\\\/\\\/www.webdo.tn\\\/fr\\\/actualite\\\/national\\\/appel-des-avocats-de-tunis-a-une-greve-generale-des-lundi\\\/214103\\\/\",\"name\":\"Appel des avocats de Tunis \u00e0 une gr\u00e8ve g\u00e9n\u00e9rale d\u00e8s lundi\",\"isPartOf\":{\"@id\":\"https:\\\/\\\/www.webdo.tn\\\/fr\\\/#website\"},\"primaryImageOfPage\":{\"@id\":\"https:\\\/\\\/www.webdo.tn\\\/fr\\\/actualite\\\/national\\\/appel-des-avocats-de-tunis-a-une-greve-generale-des-lundi\\\/214103\\\/#primaryimage\"},\"image\":{\"@id\":\"https:\\\/\\\/www.webdo.tn\\\/fr\\\/actualite\\\/national\\\/appel-des-avocats-de-tunis-a-une-greve-generale-des-lundi\\\/214103\\\/#primaryimage\"},\"thumbnailUrl\":\"https:\\\/\\\/www.webdo.tn\\\/fr\\\/wp-content\\\/uploads\\\/2024\\\/05\\\/87e923063e945d64d77a7ffa34205c42.webp\",\"datePublished\":\"2024-05-12T00:16:00+00:00\",\"dateModified\":\"2025-05-20T22:31:52+00:00\",\"description\":\"Appel des avocats de Tunis \u00e0 une gr\u00e8ve g\u00e9n\u00e9rale dans les cours de justice d\u00e8s lundi\",\"breadcrumb\":{\"@id\":\"https:\\\/\\\/www.webdo.tn\\\/fr\\\/actualite\\\/national\\\/appel-des-avocats-de-tunis-a-une-greve-generale-des-lundi\\\/214103\\\/#breadcrumb\"},\"inLanguage\":\"fr-FR\",\"potentialAction\":[{\"@type\":\"ReadAction\",\"target\":[\"https:\\\/\\\/www.webdo.tn\\\/fr\\\/actualite\\\/national\\\/appel-des-avocats-de-tunis-a-une-greve-generale-des-lundi\\\/214103\\\/\"]}]},{\"@type\":\"ImageObject\",\"inLanguage\":\"fr-FR\",\"@id\":\"https:\\\/\\\/www.webdo.tn\\\/fr\\\/actualite\\\/national\\\/appel-des-avocats-de-tunis-a-une-greve-generale-des-lundi\\\/214103\\\/#primaryimage\",\"url\":\"https:\\\/\\\/www.webdo.tn\\\/fr\\\/wp-content\\\/uploads\\\/2024\\\/05\\\/87e923063e945d64d77a7ffa34205c42.webp\",\"contentUrl\":\"https:\\\/\\\/www.webdo.tn\\\/fr\\\/wp-content\\\/uploads\\\/2024\\\/05\\\/87e923063e945d64d77a7ffa34205c42.webp\",\"width\":750,\"height\":400,\"caption\":\"Appel des avocats de Tunis \u00e0 une gr\u00e8ve g\u00e9n\u00e9rale d\u00e8s lundi\"},{\"@type\":\"BreadcrumbList\",\"@id\":\"https:\\\/\\\/www.webdo.tn\\\/fr\\\/actualite\\\/national\\\/appel-des-avocats-de-tunis-a-une-greve-generale-des-lundi\\\/214103\\\/#breadcrumb\",\"itemListElement\":[{\"@type\":\"ListItem\",\"position\":1,\"name\":\"Accueil\",\"item\":\"https:\\\/\\\/www.webdo.tn\\\/fr\\\/\"},{\"@type\":\"ListItem\",\"position\":2,\"name\":\"Appel des avocats de Tunis \u00e0 une gr\u00e8ve g\u00e9n\u00e9rale d\u00e8s lundi\"}]},{\"@type\":\"WebSite\",\"@id\":\"https:\\\/\\\/www.webdo.tn\\\/fr\\\/#website\",\"url\":\"https:\\\/\\\/www.webdo.tn\\\/fr\\\/\",\"name\":\"webdo\",\"description\":\"Tunisie - News en Tunisie et \u00e0 l&#039;international sur Webdo.tn\",\"publisher\":{\"@id\":\"https:\\\/\\\/www.webdo.tn\\\/fr\\\/#organization\"},\"potentialAction\":[{\"@type\":\"SearchAction\",\"target\":{\"@type\":\"EntryPoint\",\"urlTemplate\":\"https:\\\/\\\/www.webdo.tn\\\/fr\\\/?s={search_term_string}\"},\"query-input\":{\"@type\":\"PropertyValueSpecification\",\"valueRequired\":true,\"valueName\":\"search_term_string\"}}],\"inLanguage\":\"fr-FR\"},{\"@type\":\"Organization\",\"@id\":\"https:\\\/\\\/www.webdo.tn\\\/fr\\\/#organization\",\"name\":\"Webdo\",\"alternateName\":\"Webdo.tn\",\"url\":\"https:\\\/\\\/www.webdo.tn\\\/fr\\\/\",\"logo\":{\"@type\":\"ImageObject\",\"inLanguage\":\"fr-FR\",\"@id\":\"https:\\\/\\\/www.webdo.tn\\\/fr\\\/#\\\/schema\\\/logo\\\/image\\\/\",\"url\":\"https:\\\/\\\/www.webdo.tn\\\/fr\\\/wp-content\\\/uploads\\\/2025\\\/06\\\/Webdo-Tunisie_168377.jpg\",\"contentUrl\":\"https:\\\/\\\/www.webdo.tn\\\/fr\\\/wp-content\\\/uploads\\\/2025\\\/06\\\/Webdo-Tunisie_168377.jpg\",\"width\":301,\"height\":301,\"caption\":\"Webdo\"},\"image\":{\"@id\":\"https:\\\/\\\/www.webdo.tn\\\/fr\\\/#\\\/schema\\\/logo\\\/image\\\/\"},\"sameAs\":[\"https:\\\/\\\/www.facebook.com\\\/webdotn\",\"https:\\\/\\\/x.com\\\/webdo_tn\"],\"description\":\"Webdo est un m\u00e9dia num\u00e9rique tunisien fond\u00e9 en 2010, sp\u00e9cialis\u00e9 dans l\u2019actualit\u00e9 nationale et internationale, l\u2019\u00e9conomie, la soci\u00e9t\u00e9 et les analyses politiques. Le site s\u2019adresse \u00e0 un large public francophone et couvre l\u2019information tunisienne en temps r\u00e9el.\",\"email\":\"redac@webdo.tn\",\"legalName\":\"YNJ SARL\",\"foundingDate\":\"2010-09-06\",\"numberOfEmployees\":{\"@type\":\"QuantitativeValue\",\"minValue\":\"11\",\"maxValue\":\"50\"}},{\"@type\":\"Person\",\"@id\":\"https:\\\/\\\/www.webdo.tn\\\/fr\\\/#\\\/schema\\\/person\\\/1f4e491e0907b413d61089e8eb573acc\",\"name\":\"Webdo\",\"image\":{\"@type\":\"ImageObject\",\"inLanguage\":\"fr-FR\",\"@id\":\"https:\\\/\\\/secure.gravatar.com\\\/avatar\\\/de97aeec1bb80978a9dbb127e47dfc88aaacb2f3c29aac907d8d3222e3495d49?s=96&d=mm&r=g\",\"url\":\"https:\\\/\\\/secure.gravatar.com\\\/avatar\\\/de97aeec1bb80978a9dbb127e47dfc88aaacb2f3c29aac907d8d3222e3495d49?s=96&d=mm&r=g\",\"contentUrl\":\"https:\\\/\\\/secure.gravatar.com\\\/avatar\\\/de97aeec1bb80978a9dbb127e47dfc88aaacb2f3c29aac907d8d3222e3495d49?s=96&d=mm&r=g\",\"caption\":\"Webdo\"},\"url\":\"https:\\\/\\\/www.webdo.tn\\\/fr\\\/actualite\\\/author\\\/webdo\\\/\"}]}<\/script>\n<!-- \/ Yoast SEO Premium plugin. -->","yoast_head_json":{"title":"Appel des avocats de Tunis \u00e0 une gr\u00e8ve g\u00e9n\u00e9rale d\u00e8s lundi","description":"Appel des avocats de Tunis \u00e0 une gr\u00e8ve g\u00e9n\u00e9rale dans les cours de justice d\u00e8s lundi","canonical":"https:\/\/www.webdo.tn\/fr\/actualite\/national\/appel-des-avocats-de-tunis-a-une-greve-generale-des-lundi\/214103\/","og_locale":"fr_FR","og_type":"article","og_title":"Appel des avocats de Tunis \u00e0 une gr\u00e8ve g\u00e9n\u00e9rale d\u00e8s lundi","og_description":"Appel des avocats de Tunis \u00e0 une gr\u00e8ve g\u00e9n\u00e9rale dans les cours de justice d\u00e8s lundi","og_url":"https:\/\/www.webdo.tn\/fr\/actualite\/national\/appel-des-avocats-de-tunis-a-une-greve-generale-des-lundi\/214103\/","og_site_name":"webdo","article_publisher":"https:\/\/www.facebook.com\/webdotn","article_published_time":"2024-05-12T00:16:00+00:00","article_modified_time":"2025-05-20T22:31:52+00:00","og_image":[{"width":750,"height":400,"url":"https:\/\/www.webdo.tn\/fr\/wp-content\/uploads\/2024\/05\/87e923063e945d64d77a7ffa34205c42.webp","type":"image\/webp"}],"author":"Webdo","twitter_card":"summary_large_image","twitter_creator":"@webdo_tn","twitter_site":"@webdo_tn","twitter_misc":{"\u00c9crit par":"Webdo","Dur\u00e9e de lecture estim\u00e9e":"2 minutes"},"schema":{"@context":"https:\/\/schema.org","@graph":[{"@type":"NewsArticle","@id":"https:\/\/www.webdo.tn\/fr\/actualite\/national\/appel-des-avocats-de-tunis-a-une-greve-generale-des-lundi\/214103\/#article","isPartOf":{"@id":"https:\/\/www.webdo.tn\/fr\/actualite\/national\/appel-des-avocats-de-tunis-a-une-greve-generale-des-lundi\/214103\/"},"author":{"name":"Webdo","@id":"https:\/\/www.webdo.tn\/fr\/#\/schema\/person\/1f4e491e0907b413d61089e8eb573acc"},"headline":"Appel des avocats de Tunis \u00e0 une gr\u00e8ve g\u00e9n\u00e9rale d\u00e8s lundi","datePublished":"2024-05-12T00:16:00+00:00","dateModified":"2025-05-20T22:31:52+00:00","mainEntityOfPage":{"@id":"https:\/\/www.webdo.tn\/fr\/actualite\/national\/appel-des-avocats-de-tunis-a-une-greve-generale-des-lundi\/214103\/"},"wordCount":329,"commentCount":0,"publisher":{"@id":"https:\/\/www.webdo.tn\/fr\/#organization"},"image":{"@id":"https:\/\/www.webdo.tn\/fr\/actualite\/national\/appel-des-avocats-de-tunis-a-une-greve-generale-des-lundi\/214103\/#primaryimage"},"thumbnailUrl":"https:\/\/www.webdo.tn\/fr\/wp-content\/uploads\/2024\/05\/87e923063e945d64d77a7ffa34205c42.webp","keywords":["Borhen Bssais","Mourad Zghidi","sonia dahmani"],"articleSection":["National"],"inLanguage":"fr-FR"},{"@type":"WebPage","@id":"https:\/\/www.webdo.tn\/fr\/actualite\/national\/appel-des-avocats-de-tunis-a-une-greve-generale-des-lundi\/214103\/","url":"https:\/\/www.webdo.tn\/fr\/actualite\/national\/appel-des-avocats-de-tunis-a-une-greve-generale-des-lundi\/214103\/","name":"Appel des avocats de Tunis \u00e0 une gr\u00e8ve g\u00e9n\u00e9rale d\u00e8s lundi","isPartOf":{"@id":"https:\/\/www.webdo.tn\/fr\/#website"},"primaryImageOfPage":{"@id":"https:\/\/www.webdo.tn\/fr\/actualite\/national\/appel-des-avocats-de-tunis-a-une-greve-generale-des-lundi\/214103\/#primaryimage"},"image":{"@id":"https:\/\/www.webdo.tn\/fr\/actualite\/national\/appel-des-avocats-de-tunis-a-une-greve-generale-des-lundi\/214103\/#primaryimage"},"thumbnailUrl":"https:\/\/www.webdo.tn\/fr\/wp-content\/uploads\/2024\/05\/87e923063e945d64d77a7ffa34205c42.webp","datePublished":"2024-05-12T00:16:00+00:00","dateModified":"2025-05-20T22:31:52+00:00","description":"Appel des avocats de Tunis \u00e0 une gr\u00e8ve g\u00e9n\u00e9rale dans les cours de justice d\u00e8s lundi","breadcrumb":{"@id":"https:\/\/www.webdo.tn\/fr\/actualite\/national\/appel-des-avocats-de-tunis-a-une-greve-generale-des-lundi\/214103\/#breadcrumb"},"inLanguage":"fr-FR","potentialAction":[{"@type":"ReadAction","target":["https:\/\/www.webdo.tn\/fr\/actualite\/national\/appel-des-avocats-de-tunis-a-une-greve-generale-des-lundi\/214103\/"]}]},{"@type":"ImageObject","inLanguage":"fr-FR","@id":"https:\/\/www.webdo.tn\/fr\/actualite\/national\/appel-des-avocats-de-tunis-a-une-greve-generale-des-lundi\/214103\/#primaryimage","url":"https:\/\/www.webdo.tn\/fr\/wp-content\/uploads\/2024\/05\/87e923063e945d64d77a7ffa34205c42.webp","contentUrl":"https:\/\/www.webdo.tn\/fr\/wp-content\/uploads\/2024\/05\/87e923063e945d64d77a7ffa34205c42.webp","width":750,"height":400,"caption":"Appel des avocats de Tunis \u00e0 une gr\u00e8ve g\u00e9n\u00e9rale d\u00e8s lundi"},{"@type":"BreadcrumbList","@id":"https:\/\/www.webdo.tn\/fr\/actualite\/national\/appel-des-avocats-de-tunis-a-une-greve-generale-des-lundi\/214103\/#breadcrumb","itemListElement":[{"@type":"ListItem","position":1,"name":"Accueil","item":"https:\/\/www.webdo.tn\/fr\/"},{"@type":"ListItem","position":2,"name":"Appel des avocats de Tunis \u00e0 une gr\u00e8ve g\u00e9n\u00e9rale d\u00e8s lundi"}]},{"@type":"WebSite","@id":"https:\/\/www.webdo.tn\/fr\/#website","url":"https:\/\/www.webdo.tn\/fr\/","name":"webdo","description":"Tunisie - News en Tunisie et \u00e0 l&#039;international sur Webdo.tn","publisher":{"@id":"https:\/\/www.webdo.tn\/fr\/#organization"},"potentialAction":[{"@type":"SearchAction","target":{"@type":"EntryPoint","urlTemplate":"https:\/\/www.webdo.tn\/fr\/?s={search_term_string}"},"query-input":{"@type":"PropertyValueSpecification","valueRequired":true,"valueName":"search_term_string"}}],"inLanguage":"fr-FR"},{"@type":"Organization","@id":"https:\/\/www.webdo.tn\/fr\/#organization","name":"Webdo","alternateName":"Webdo.tn","url":"https:\/\/www.webdo.tn\/fr\/","logo":{"@type":"ImageObject","inLanguage":"fr-FR","@id":"https:\/\/www.webdo.tn\/fr\/#\/schema\/logo\/image\/","url":"https:\/\/www.webdo.tn\/fr\/wp-content\/uploads\/2025\/06\/Webdo-Tunisie_168377.jpg","contentUrl":"https:\/\/www.webdo.tn\/fr\/wp-content\/uploads\/2025\/06\/Webdo-Tunisie_168377.jpg","width":301,"height":301,"caption":"Webdo"},"image":{"@id":"https:\/\/www.webdo.tn\/fr\/#\/schema\/logo\/image\/"},"sameAs":["https:\/\/www.facebook.com\/webdotn","https:\/\/x.com\/webdo_tn"],"description":"Webdo est un m\u00e9dia num\u00e9rique tunisien fond\u00e9 en 2010, sp\u00e9cialis\u00e9 dans l\u2019actualit\u00e9 nationale et internationale, l\u2019\u00e9conomie, la soci\u00e9t\u00e9 et les analyses politiques. Le site s\u2019adresse \u00e0 un large public francophone et couvre l\u2019information tunisienne en temps r\u00e9el.","email":"redac@webdo.tn","legalName":"YNJ SARL","foundingDate":"2010-09-06","numberOfEmployees":{"@type":"QuantitativeValue","minValue":"11","maxValue":"50"}},{"@type":"Person","@id":"https:\/\/www.webdo.tn\/fr\/#\/schema\/person\/1f4e491e0907b413d61089e8eb573acc","name":"Webdo","image":{"@type":"ImageObject","inLanguage":"fr-FR","@id":"https:\/\/secure.gravatar.com\/avatar\/de97aeec1bb80978a9dbb127e47dfc88aaacb2f3c29aac907d8d3222e3495d49?s=96&d=mm&r=g","url":"https:\/\/secure.gravatar.com\/avatar\/de97aeec1bb80978a9dbb127e47dfc88aaacb2f3c29aac907d8d3222e3495d49?s=96&d=mm&r=g","contentUrl":"https:\/\/secure.gravatar.com\/avatar\/de97aeec1bb80978a9dbb127e47dfc88aaacb2f3c29aac907d8d3222e3495d49?s=96&d=mm&r=g","caption":"Webdo"},"url":"https:\/\/www.webdo.tn\/fr\/actualite\/author\/webdo\/"}]}},"_links":{"self":[{"href":"https:\/\/www.webdo.tn\/fr\/wp-json\/wp\/v2\/posts\/214103","targetHints":{"allow":["GET"]}}],"collection":[{"href":"https:\/\/www.webdo.tn\/fr\/wp-json\/wp\/v2\/posts"}],"about":[{"href":"https:\/\/www.webdo.tn\/fr\/wp-json\/wp\/v2\/types\/post"}],"author":[{"embeddable":true,"href":"https:\/\/www.webdo.tn\/fr\/wp-json\/wp\/v2\/users\/3169"}],"replies":[{"embeddable":true,"href":"https:\/\/www.webdo.tn\/fr\/wp-json\/wp\/v2\/comments?post=214103"}],"version-history":[{"count":0,"href":"https:\/\/www.webdo.tn\/fr\/wp-json\/wp\/v2\/posts\/214103\/revisions"}],"wp:featuredmedia":[{"embeddable":true,"href":"https:\/\/www.webdo.tn\/fr\/wp-json\/wp\/v2\/media\/247398"}],"wp:attachment":[{"href":"https:\/\/www.webdo.tn\/fr\/wp-json\/wp\/v2\/media?parent=214103"}],"wp:term":[{"taxonomy":"category","embeddable":true,"href":"https:\/\/www.webdo.tn\/fr\/wp-json\/wp\/v2\/categories?post=214103"},{"taxonomy":"post_tag","embeddable":true,"href":"https:\/\/www.webdo.tn\/fr\/wp-json\/wp\/v2\/tags?post=214103"}],"curies":[{"name":"wp","href":"https:\/\/api.w.org\/{rel}","templated":true}]}}