{"id":214101,"date":"2024-05-11T22:43:00","date_gmt":"2024-05-11T22:43:00","guid":{"rendered":"https:\/\/www.webdo.tn\/fr\/blog\/interrogatoire-de-borhen-bsiss-et-mourad-zghidi\/214101\/"},"modified":"2025-05-20T22:31:51","modified_gmt":"2025-05-20T22:31:51","slug":"interrogatoire-de-borhen-bsiss-et-mourad-zghidi","status":"publish","type":"post","link":"https:\/\/www.webdo.tn\/fr\/actualite\/national\/interrogatoire-de-borhen-bsiss-et-mourad-zghidi\/214101\/","title":{"rendered":"Interrogatoire de Borhen Bssais et Mourad Zghidi"},"content":{"rendered":"<p>Ce soir, samedi 11 mai, la journaliste Amira Mohammed, membre du bureau du syndicat des journalistes tunisiens, a annonc\u00e9 sur sa page Facebook l&rsquo;arrestation de ses deux confr\u00e8res, Borhen Bssais et Mourad Zghidi.<\/p>\n<p>\t\t\t\t\t\t\t\t\tLa journaliste Amira Mohammed, membre du bureau du syndicat des journalistes tunisiens, a annonc\u00e9 ce soir, samedi 11 mai, sur sa page Facebook l&rsquo;arrestation de deux confr\u00e8res, Borhen Bssais et Mourad Zghidi.<\/p>\n<p>La radio Mosa\u00efque a \u00e9galement confirm\u00e9 l&rsquo;information sur son site internet, en pr\u00e9cisant que des enqu\u00eates \u00e9taient en cours sur les deux journalistes.<\/p>\n<p>Aucune raison officielle n&rsquo;a encore \u00e9t\u00e9 donn\u00e9e pour justifier ces arrestations, ce qui suscite de nombreuses interrogations et inqui\u00e9tudes quant \u00e0 la libert\u00e9 de la presse en Tunisie.<\/p>\n<p>Par ailleurs, des agents de s\u00e9curit\u00e9 ont fait irruption cet apr\u00e8s-midi, samedi 11 mai, \u00e0 la Maison de l&rsquo;Avocat et ont arr\u00eat\u00e9 Sonia Dahmani. L&rsquo;avocate tunisienne Sonia Dahmani a \u00e9t\u00e9 arr\u00eat\u00e9e suite \u00e0 ses d\u00e9clarations controvers\u00e9es sur les migrants en Tunisie lors d&rsquo;une \u00e9mission t\u00e9l\u00e9vis\u00e9e.<\/p>\n<p>Le syndicat des journalistes tunisiens a d\u00e9nonc\u00e9 ces arrestations arbitraires et a appel\u00e9 \u00e0 la lib\u00e9ration imm\u00e9diate des trois personnes concern\u00e9es.<\/p>\n","protected":false},"excerpt":{"rendered":"<p>Ce soir, samedi 11 mai, la journaliste Amira Mohammed, membre du bureau du syndicat des journalistes tunisiens, a annonc\u00e9 sur sa page Facebook l&rsquo;arrestation de&#8230;<\/p>\n","protected":false},"author":3169,"featured_media":247396,"comment_status":"open","ping_status":"closed","sticky":false,"template":"","format":"standard","meta":{"footnotes":""},"categories":[44],"tags":[6518,6448],"class_list":["post-214101","post","type-post","status-publish","format-standard","has-post-thumbnail","hentry","category-national","tag-borhen-bssais","tag-mourad-zghidi"],"yoast_head":"<!-- This site is optimized with the Yoast SEO Premium plugin v27.5 (Yoast SEO v27.5) - https:\/\/yoast.com\/product\/yoast-seo-premium-wordpress\/ -->\n<title>Interrogatoire de Borhen Bssais et Mourad Zghidi<\/title>\n<meta name=\"description\" content=\"Ce soir, samedi 11 mai, la journaliste Amira Mohammed, membre du bureau du syndicat des journalistes tunisiens, a annonc\u00e9 sur sa page Facebook l&#039;arrestation de...\" \/>\n<link rel=\"canonical\" href=\"https:\/\/www.webdo.tn\/fr\/actualite\/national\/interrogatoire-de-borhen-bsiss-et-mourad-zghidi\/214101\/\" \/>\n<meta property=\"og:locale\" content=\"fr_FR\" \/>\n<meta property=\"og:type\" content=\"article\" \/>\n<meta property=\"og:title\" content=\"Interrogatoire de Borhen Bssais et Mourad Zghidi\" \/>\n<meta property=\"og:description\" content=\"Ce soir, samedi 11 mai, la journaliste Amira Mohammed, membre du bureau du syndicat des journalistes tunisiens, a annonc\u00e9 sur sa page Facebook l&#039;arrestation de...\" \/>\n<meta property=\"og:url\" content=\"https:\/\/www.webdo.tn\/fr\/actualite\/national\/interrogatoire-de-borhen-bsiss-et-mourad-zghidi\/214101\/\" \/>\n<meta property=\"og:site_name\" content=\"webdo\" \/>\n<meta property=\"article:publisher\" content=\"https:\/\/www.facebook.com\/webdotn\" \/>\n<meta property=\"article:published_time\" content=\"2024-05-11T22:43:00+00:00\" \/>\n<meta property=\"article:modified_time\" content=\"2025-05-20T22:31:51+00:00\" \/>\n<meta property=\"og:image\" content=\"https:\/\/www.webdo.tn\/fr\/wp-content\/uploads\/2024\/05\/d2ecf2c4f3864d652a1cf636396124f8.webp\" \/>\n\t<meta property=\"og:image:width\" content=\"750\" \/>\n\t<meta property=\"og:image:height\" content=\"400\" \/>\n\t<meta property=\"og:image:type\" content=\"image\/webp\" \/>\n<meta name=\"author\" content=\"Webdo\" \/>\n<meta name=\"twitter:card\" content=\"summary_large_image\" \/>\n<meta name=\"twitter:creator\" content=\"@webdo_tn\" \/>\n<meta name=\"twitter:site\" content=\"@webdo_tn\" \/>\n<meta name=\"twitter:label1\" content=\"\u00c9crit par\" \/>\n\t<meta name=\"twitter:data1\" content=\"Webdo\" \/>\n\t<meta name=\"twitter:label2\" content=\"Dur\u00e9e de lecture estim\u00e9e\" \/>\n\t<meta name=\"twitter:data2\" content=\"1 minute\" \/>\n<script type=\"application\/ld+json\" class=\"yoast-schema-graph\">{\"@context\":\"https:\\\/\\\/schema.org\",\"@graph\":[{\"@type\":\"NewsArticle\",\"@id\":\"https:\\\/\\\/www.webdo.tn\\\/fr\\\/actualite\\\/national\\\/interrogatoire-de-borhen-bsiss-et-mourad-zghidi\\\/214101\\\/#article\",\"isPartOf\":{\"@id\":\"https:\\\/\\\/www.webdo.tn\\\/fr\\\/actualite\\\/national\\\/interrogatoire-de-borhen-bsiss-et-mourad-zghidi\\\/214101\\\/\"},\"author\":{\"name\":\"Webdo\",\"@id\":\"https:\\\/\\\/www.webdo.tn\\\/fr\\\/#\\\/schema\\\/person\\\/1f4e491e0907b413d61089e8eb573acc\"},\"headline\":\"Interrogatoire de Borhen Bssais et Mourad Zghidi\",\"datePublished\":\"2024-05-11T22:43:00+00:00\",\"dateModified\":\"2025-05-20T22:31:51+00:00\",\"mainEntityOfPage\":{\"@id\":\"https:\\\/\\\/www.webdo.tn\\\/fr\\\/actualite\\\/national\\\/interrogatoire-de-borhen-bsiss-et-mourad-zghidi\\\/214101\\\/\"},\"wordCount\":210,\"commentCount\":0,\"publisher\":{\"@id\":\"https:\\\/\\\/www.webdo.tn\\\/fr\\\/#organization\"},\"image\":{\"@id\":\"https:\\\/\\\/www.webdo.tn\\\/fr\\\/actualite\\\/national\\\/interrogatoire-de-borhen-bsiss-et-mourad-zghidi\\\/214101\\\/#primaryimage\"},\"thumbnailUrl\":\"https:\\\/\\\/www.webdo.tn\\\/fr\\\/wp-content\\\/uploads\\\/2024\\\/05\\\/d2ecf2c4f3864d652a1cf636396124f8.webp\",\"keywords\":[\"Borhen Bssais\",\"Mourad Zghidi\"],\"articleSection\":[\"National\"],\"inLanguage\":\"fr-FR\"},{\"@type\":\"WebPage\",\"@id\":\"https:\\\/\\\/www.webdo.tn\\\/fr\\\/actualite\\\/national\\\/interrogatoire-de-borhen-bsiss-et-mourad-zghidi\\\/214101\\\/\",\"url\":\"https:\\\/\\\/www.webdo.tn\\\/fr\\\/actualite\\\/national\\\/interrogatoire-de-borhen-bsiss-et-mourad-zghidi\\\/214101\\\/\",\"name\":\"Interrogatoire de Borhen Bssais et Mourad Zghidi\",\"isPartOf\":{\"@id\":\"https:\\\/\\\/www.webdo.tn\\\/fr\\\/#website\"},\"primaryImageOfPage\":{\"@id\":\"https:\\\/\\\/www.webdo.tn\\\/fr\\\/actualite\\\/national\\\/interrogatoire-de-borhen-bsiss-et-mourad-zghidi\\\/214101\\\/#primaryimage\"},\"image\":{\"@id\":\"https:\\\/\\\/www.webdo.tn\\\/fr\\\/actualite\\\/national\\\/interrogatoire-de-borhen-bsiss-et-mourad-zghidi\\\/214101\\\/#primaryimage\"},\"thumbnailUrl\":\"https:\\\/\\\/www.webdo.tn\\\/fr\\\/wp-content\\\/uploads\\\/2024\\\/05\\\/d2ecf2c4f3864d652a1cf636396124f8.webp\",\"datePublished\":\"2024-05-11T22:43:00+00:00\",\"dateModified\":\"2025-05-20T22:31:51+00:00\",\"description\":\"Ce soir, samedi 11 mai, la journaliste Amira Mohammed, membre du bureau du syndicat des journalistes tunisiens, a annonc\u00e9 sur sa page Facebook l'arrestation de...\",\"breadcrumb\":{\"@id\":\"https:\\\/\\\/www.webdo.tn\\\/fr\\\/actualite\\\/national\\\/interrogatoire-de-borhen-bsiss-et-mourad-zghidi\\\/214101\\\/#breadcrumb\"},\"inLanguage\":\"fr-FR\",\"potentialAction\":[{\"@type\":\"ReadAction\",\"target\":[\"https:\\\/\\\/www.webdo.tn\\\/fr\\\/actualite\\\/national\\\/interrogatoire-de-borhen-bsiss-et-mourad-zghidi\\\/214101\\\/\"]}]},{\"@type\":\"ImageObject\",\"inLanguage\":\"fr-FR\",\"@id\":\"https:\\\/\\\/www.webdo.tn\\\/fr\\\/actualite\\\/national\\\/interrogatoire-de-borhen-bsiss-et-mourad-zghidi\\\/214101\\\/#primaryimage\",\"url\":\"https:\\\/\\\/www.webdo.tn\\\/fr\\\/wp-content\\\/uploads\\\/2024\\\/05\\\/d2ecf2c4f3864d652a1cf636396124f8.webp\",\"contentUrl\":\"https:\\\/\\\/www.webdo.tn\\\/fr\\\/wp-content\\\/uploads\\\/2024\\\/05\\\/d2ecf2c4f3864d652a1cf636396124f8.webp\",\"width\":750,\"height\":400,\"caption\":\"Interrogatoire de Borhen Bssais et Mourad Zghidi\"},{\"@type\":\"BreadcrumbList\",\"@id\":\"https:\\\/\\\/www.webdo.tn\\\/fr\\\/actualite\\\/national\\\/interrogatoire-de-borhen-bsiss-et-mourad-zghidi\\\/214101\\\/#breadcrumb\",\"itemListElement\":[{\"@type\":\"ListItem\",\"position\":1,\"name\":\"Accueil\",\"item\":\"https:\\\/\\\/www.webdo.tn\\\/fr\\\/\"},{\"@type\":\"ListItem\",\"position\":2,\"name\":\"Interrogatoire de Borhen Bssais et Mourad Zghidi\"}]},{\"@type\":\"WebSite\",\"@id\":\"https:\\\/\\\/www.webdo.tn\\\/fr\\\/#website\",\"url\":\"https:\\\/\\\/www.webdo.tn\\\/fr\\\/\",\"name\":\"webdo\",\"description\":\"Tunisie - News en Tunisie et \u00e0 l&#039;international sur Webdo.tn\",\"publisher\":{\"@id\":\"https:\\\/\\\/www.webdo.tn\\\/fr\\\/#organization\"},\"potentialAction\":[{\"@type\":\"SearchAction\",\"target\":{\"@type\":\"EntryPoint\",\"urlTemplate\":\"https:\\\/\\\/www.webdo.tn\\\/fr\\\/?s={search_term_string}\"},\"query-input\":{\"@type\":\"PropertyValueSpecification\",\"valueRequired\":true,\"valueName\":\"search_term_string\"}}],\"inLanguage\":\"fr-FR\"},{\"@type\":\"Organization\",\"@id\":\"https:\\\/\\\/www.webdo.tn\\\/fr\\\/#organization\",\"name\":\"Webdo\",\"alternateName\":\"Webdo.tn\",\"url\":\"https:\\\/\\\/www.webdo.tn\\\/fr\\\/\",\"logo\":{\"@type\":\"ImageObject\",\"inLanguage\":\"fr-FR\",\"@id\":\"https:\\\/\\\/www.webdo.tn\\\/fr\\\/#\\\/schema\\\/logo\\\/image\\\/\",\"url\":\"https:\\\/\\\/www.webdo.tn\\\/fr\\\/wp-content\\\/uploads\\\/2025\\\/06\\\/Webdo-Tunisie_168377.jpg\",\"contentUrl\":\"https:\\\/\\\/www.webdo.tn\\\/fr\\\/wp-content\\\/uploads\\\/2025\\\/06\\\/Webdo-Tunisie_168377.jpg\",\"width\":301,\"height\":301,\"caption\":\"Webdo\"},\"image\":{\"@id\":\"https:\\\/\\\/www.webdo.tn\\\/fr\\\/#\\\/schema\\\/logo\\\/image\\\/\"},\"sameAs\":[\"https:\\\/\\\/www.facebook.com\\\/webdotn\",\"https:\\\/\\\/x.com\\\/webdo_tn\"],\"description\":\"Webdo est un m\u00e9dia num\u00e9rique tunisien fond\u00e9 en 2010, sp\u00e9cialis\u00e9 dans l\u2019actualit\u00e9 nationale et internationale, l\u2019\u00e9conomie, la soci\u00e9t\u00e9 et les analyses politiques. Le site s\u2019adresse \u00e0 un large public francophone et couvre l\u2019information tunisienne en temps r\u00e9el.\",\"email\":\"redac@webdo.tn\",\"legalName\":\"YNJ SARL\",\"foundingDate\":\"2010-09-06\",\"numberOfEmployees\":{\"@type\":\"QuantitativeValue\",\"minValue\":\"11\",\"maxValue\":\"50\"}},{\"@type\":\"Person\",\"@id\":\"https:\\\/\\\/www.webdo.tn\\\/fr\\\/#\\\/schema\\\/person\\\/1f4e491e0907b413d61089e8eb573acc\",\"name\":\"Webdo\",\"image\":{\"@type\":\"ImageObject\",\"inLanguage\":\"fr-FR\",\"@id\":\"https:\\\/\\\/secure.gravatar.com\\\/avatar\\\/de97aeec1bb80978a9dbb127e47dfc88aaacb2f3c29aac907d8d3222e3495d49?s=96&d=mm&r=g\",\"url\":\"https:\\\/\\\/secure.gravatar.com\\\/avatar\\\/de97aeec1bb80978a9dbb127e47dfc88aaacb2f3c29aac907d8d3222e3495d49?s=96&d=mm&r=g\",\"contentUrl\":\"https:\\\/\\\/secure.gravatar.com\\\/avatar\\\/de97aeec1bb80978a9dbb127e47dfc88aaacb2f3c29aac907d8d3222e3495d49?s=96&d=mm&r=g\",\"caption\":\"Webdo\"},\"url\":\"https:\\\/\\\/www.webdo.tn\\\/fr\\\/actualite\\\/author\\\/webdo\\\/\"}]}<\/script>\n<!-- \/ Yoast SEO Premium plugin. -->","yoast_head_json":{"title":"Interrogatoire de Borhen Bssais et Mourad Zghidi","description":"Ce soir, samedi 11 mai, la journaliste Amira Mohammed, membre du bureau du syndicat des journalistes tunisiens, a annonc\u00e9 sur sa page Facebook l'arrestation de...","canonical":"https:\/\/www.webdo.tn\/fr\/actualite\/national\/interrogatoire-de-borhen-bsiss-et-mourad-zghidi\/214101\/","og_locale":"fr_FR","og_type":"article","og_title":"Interrogatoire de Borhen Bssais et Mourad Zghidi","og_description":"Ce soir, samedi 11 mai, la journaliste Amira Mohammed, membre du bureau du syndicat des journalistes tunisiens, a annonc\u00e9 sur sa page Facebook l'arrestation de...","og_url":"https:\/\/www.webdo.tn\/fr\/actualite\/national\/interrogatoire-de-borhen-bsiss-et-mourad-zghidi\/214101\/","og_site_name":"webdo","article_publisher":"https:\/\/www.facebook.com\/webdotn","article_published_time":"2024-05-11T22:43:00+00:00","article_modified_time":"2025-05-20T22:31:51+00:00","og_image":[{"width":750,"height":400,"url":"https:\/\/www.webdo.tn\/fr\/wp-content\/uploads\/2024\/05\/d2ecf2c4f3864d652a1cf636396124f8.webp","type":"image\/webp"}],"author":"Webdo","twitter_card":"summary_large_image","twitter_creator":"@webdo_tn","twitter_site":"@webdo_tn","twitter_misc":{"\u00c9crit par":"Webdo","Dur\u00e9e de lecture estim\u00e9e":"1 minute"},"schema":{"@context":"https:\/\/schema.org","@graph":[{"@type":"NewsArticle","@id":"https:\/\/www.webdo.tn\/fr\/actualite\/national\/interrogatoire-de-borhen-bsiss-et-mourad-zghidi\/214101\/#article","isPartOf":{"@id":"https:\/\/www.webdo.tn\/fr\/actualite\/national\/interrogatoire-de-borhen-bsiss-et-mourad-zghidi\/214101\/"},"author":{"name":"Webdo","@id":"https:\/\/www.webdo.tn\/fr\/#\/schema\/person\/1f4e491e0907b413d61089e8eb573acc"},"headline":"Interrogatoire de Borhen Bssais et Mourad Zghidi","datePublished":"2024-05-11T22:43:00+00:00","dateModified":"2025-05-20T22:31:51+00:00","mainEntityOfPage":{"@id":"https:\/\/www.webdo.tn\/fr\/actualite\/national\/interrogatoire-de-borhen-bsiss-et-mourad-zghidi\/214101\/"},"wordCount":210,"commentCount":0,"publisher":{"@id":"https:\/\/www.webdo.tn\/fr\/#organization"},"image":{"@id":"https:\/\/www.webdo.tn\/fr\/actualite\/national\/interrogatoire-de-borhen-bsiss-et-mourad-zghidi\/214101\/#primaryimage"},"thumbnailUrl":"https:\/\/www.webdo.tn\/fr\/wp-content\/uploads\/2024\/05\/d2ecf2c4f3864d652a1cf636396124f8.webp","keywords":["Borhen Bssais","Mourad Zghidi"],"articleSection":["National"],"inLanguage":"fr-FR"},{"@type":"WebPage","@id":"https:\/\/www.webdo.tn\/fr\/actualite\/national\/interrogatoire-de-borhen-bsiss-et-mourad-zghidi\/214101\/","url":"https:\/\/www.webdo.tn\/fr\/actualite\/national\/interrogatoire-de-borhen-bsiss-et-mourad-zghidi\/214101\/","name":"Interrogatoire de Borhen Bssais et Mourad Zghidi","isPartOf":{"@id":"https:\/\/www.webdo.tn\/fr\/#website"},"primaryImageOfPage":{"@id":"https:\/\/www.webdo.tn\/fr\/actualite\/national\/interrogatoire-de-borhen-bsiss-et-mourad-zghidi\/214101\/#primaryimage"},"image":{"@id":"https:\/\/www.webdo.tn\/fr\/actualite\/national\/interrogatoire-de-borhen-bsiss-et-mourad-zghidi\/214101\/#primaryimage"},"thumbnailUrl":"https:\/\/www.webdo.tn\/fr\/wp-content\/uploads\/2024\/05\/d2ecf2c4f3864d652a1cf636396124f8.webp","datePublished":"2024-05-11T22:43:00+00:00","dateModified":"2025-05-20T22:31:51+00:00","description":"Ce soir, samedi 11 mai, la journaliste Amira Mohammed, membre du bureau du syndicat des journalistes tunisiens, a annonc\u00e9 sur sa page Facebook l'arrestation de...","breadcrumb":{"@id":"https:\/\/www.webdo.tn\/fr\/actualite\/national\/interrogatoire-de-borhen-bsiss-et-mourad-zghidi\/214101\/#breadcrumb"},"inLanguage":"fr-FR","potentialAction":[{"@type":"ReadAction","target":["https:\/\/www.webdo.tn\/fr\/actualite\/national\/interrogatoire-de-borhen-bsiss-et-mourad-zghidi\/214101\/"]}]},{"@type":"ImageObject","inLanguage":"fr-FR","@id":"https:\/\/www.webdo.tn\/fr\/actualite\/national\/interrogatoire-de-borhen-bsiss-et-mourad-zghidi\/214101\/#primaryimage","url":"https:\/\/www.webdo.tn\/fr\/wp-content\/uploads\/2024\/05\/d2ecf2c4f3864d652a1cf636396124f8.webp","contentUrl":"https:\/\/www.webdo.tn\/fr\/wp-content\/uploads\/2024\/05\/d2ecf2c4f3864d652a1cf636396124f8.webp","width":750,"height":400,"caption":"Interrogatoire de Borhen Bssais et Mourad Zghidi"},{"@type":"BreadcrumbList","@id":"https:\/\/www.webdo.tn\/fr\/actualite\/national\/interrogatoire-de-borhen-bsiss-et-mourad-zghidi\/214101\/#breadcrumb","itemListElement":[{"@type":"ListItem","position":1,"name":"Accueil","item":"https:\/\/www.webdo.tn\/fr\/"},{"@type":"ListItem","position":2,"name":"Interrogatoire de Borhen Bssais et Mourad Zghidi"}]},{"@type":"WebSite","@id":"https:\/\/www.webdo.tn\/fr\/#website","url":"https:\/\/www.webdo.tn\/fr\/","name":"webdo","description":"Tunisie - News en Tunisie et \u00e0 l&#039;international sur Webdo.tn","publisher":{"@id":"https:\/\/www.webdo.tn\/fr\/#organization"},"potentialAction":[{"@type":"SearchAction","target":{"@type":"EntryPoint","urlTemplate":"https:\/\/www.webdo.tn\/fr\/?s={search_term_string}"},"query-input":{"@type":"PropertyValueSpecification","valueRequired":true,"valueName":"search_term_string"}}],"inLanguage":"fr-FR"},{"@type":"Organization","@id":"https:\/\/www.webdo.tn\/fr\/#organization","name":"Webdo","alternateName":"Webdo.tn","url":"https:\/\/www.webdo.tn\/fr\/","logo":{"@type":"ImageObject","inLanguage":"fr-FR","@id":"https:\/\/www.webdo.tn\/fr\/#\/schema\/logo\/image\/","url":"https:\/\/www.webdo.tn\/fr\/wp-content\/uploads\/2025\/06\/Webdo-Tunisie_168377.jpg","contentUrl":"https:\/\/www.webdo.tn\/fr\/wp-content\/uploads\/2025\/06\/Webdo-Tunisie_168377.jpg","width":301,"height":301,"caption":"Webdo"},"image":{"@id":"https:\/\/www.webdo.tn\/fr\/#\/schema\/logo\/image\/"},"sameAs":["https:\/\/www.facebook.com\/webdotn","https:\/\/x.com\/webdo_tn"],"description":"Webdo est un m\u00e9dia num\u00e9rique tunisien fond\u00e9 en 2010, sp\u00e9cialis\u00e9 dans l\u2019actualit\u00e9 nationale et internationale, l\u2019\u00e9conomie, la soci\u00e9t\u00e9 et les analyses politiques. Le site s\u2019adresse \u00e0 un large public francophone et couvre l\u2019information tunisienne en temps r\u00e9el.","email":"redac@webdo.tn","legalName":"YNJ SARL","foundingDate":"2010-09-06","numberOfEmployees":{"@type":"QuantitativeValue","minValue":"11","maxValue":"50"}},{"@type":"Person","@id":"https:\/\/www.webdo.tn\/fr\/#\/schema\/person\/1f4e491e0907b413d61089e8eb573acc","name":"Webdo","image":{"@type":"ImageObject","inLanguage":"fr-FR","@id":"https:\/\/secure.gravatar.com\/avatar\/de97aeec1bb80978a9dbb127e47dfc88aaacb2f3c29aac907d8d3222e3495d49?s=96&d=mm&r=g","url":"https:\/\/secure.gravatar.com\/avatar\/de97aeec1bb80978a9dbb127e47dfc88aaacb2f3c29aac907d8d3222e3495d49?s=96&d=mm&r=g","contentUrl":"https:\/\/secure.gravatar.com\/avatar\/de97aeec1bb80978a9dbb127e47dfc88aaacb2f3c29aac907d8d3222e3495d49?s=96&d=mm&r=g","caption":"Webdo"},"url":"https:\/\/www.webdo.tn\/fr\/actualite\/author\/webdo\/"}]}},"_links":{"self":[{"href":"https:\/\/www.webdo.tn\/fr\/wp-json\/wp\/v2\/posts\/214101","targetHints":{"allow":["GET"]}}],"collection":[{"href":"https:\/\/www.webdo.tn\/fr\/wp-json\/wp\/v2\/posts"}],"about":[{"href":"https:\/\/www.webdo.tn\/fr\/wp-json\/wp\/v2\/types\/post"}],"author":[{"embeddable":true,"href":"https:\/\/www.webdo.tn\/fr\/wp-json\/wp\/v2\/users\/3169"}],"replies":[{"embeddable":true,"href":"https:\/\/www.webdo.tn\/fr\/wp-json\/wp\/v2\/comments?post=214101"}],"version-history":[{"count":0,"href":"https:\/\/www.webdo.tn\/fr\/wp-json\/wp\/v2\/posts\/214101\/revisions"}],"wp:featuredmedia":[{"embeddable":true,"href":"https:\/\/www.webdo.tn\/fr\/wp-json\/wp\/v2\/media\/247396"}],"wp:attachment":[{"href":"https:\/\/www.webdo.tn\/fr\/wp-json\/wp\/v2\/media?parent=214101"}],"wp:term":[{"taxonomy":"category","embeddable":true,"href":"https:\/\/www.webdo.tn\/fr\/wp-json\/wp\/v2\/categories?post=214101"},{"taxonomy":"post_tag","embeddable":true,"href":"https:\/\/www.webdo.tn\/fr\/wp-json\/wp\/v2\/tags?post=214101"}],"curies":[{"name":"wp","href":"https:\/\/api.w.org\/{rel}","templated":true}]}}