{"id":214099,"date":"2024-05-11T21:17:00","date_gmt":"2024-05-11T21:17:00","guid":{"rendered":"https:\/\/www.webdo.tn\/fr\/blog\/arrestation-de-l-avocate-sanaa-dahmani\/214099\/"},"modified":"2025-05-20T22:31:51","modified_gmt":"2025-05-20T22:31:51","slug":"arrestation-de-l-avocate-sanaa-dahmani","status":"publish","type":"post","link":"https:\/\/www.webdo.tn\/fr\/actualite\/national\/arrestation-de-l-avocate-sanaa-dahmani\/214099\/","title":{"rendered":"Arrestation de l&rsquo;avocate Sonia Dahmani\u00a0"},"content":{"rendered":"<p>L&rsquo;avocate tunisienne Sonia Dahmani a \u00e9t\u00e9 arr\u00eat\u00e9e \u00e0 la Maison  de l&rsquo;Avocat suite \u00e0 ses d\u00e9clarations controvers\u00e9es sur les migrants en Tunisie lors d&rsquo;une \u00e9mission t\u00e9l\u00e9vis\u00e9e.<\/p>\n<p>\t\t\t\t\t\t\t\t\tL&rsquo;avocate et militante Asrar Ben Jouira a publi\u00e9 une vid\u00e9o sur sa page Facebook, dans laquelle elle a annonc\u00e9 que des agents de s\u00e9curit\u00e9 avaient fait irruption \u00e0 la Maison de l&rsquo;Avocat et ont arr\u00eat\u00e9\u00a0Sonia Dahmani.<\/p>\n<p>Il convient de noter que le juge d&rsquo;instruction a refus\u00e9 vendredi dernier, le 10 mai 2024, la demande de report de l&rsquo;audition de l&rsquo;avocate et animatrice Sonia Dahmani, et a \u00e9mis un mandat de d&rsquo;amener \u00e0 son encontre.<\/p>\n<p>Dahmani a \u00e9t\u00e9 renvoy\u00e9e en vertu de l&rsquo;article 54, et plus pr\u00e9cis\u00e9ment l&rsquo;article 23 de celui-ci, suite \u00e0 ses d\u00e9clarations sur la cha\u00eene Carthage+.<\/p>\n<p>Sonia Dahmani avait suscit\u00e9 une vive controverse mercredi dernier, apr\u00e8s ses d\u00e9clarations sur le plateau de l&rsquo;\u00e9mission \u00ab\u00a0Donya Zina\u00a0\u00bb sur la cha\u00eene Carthage+, lorsqu&rsquo;elle a abord\u00e9 la question des migrants en Tunisie et que l&rsquo;animateur de l&rsquo;\u00e9mission, Braham Bsiss, lui a pos\u00e9 la question : \u00ab\u00a0Que veulent-ils conqu\u00e9rir en Tunisie ?\u00a0\u00bb. Elle a alors r\u00e9pondu : \u00ab\u00a0Qu&rsquo;est-ce qu&rsquo;il y a de si g\u00e9nial \u00e0 conqu\u00e9rir dans ce pays que la moiti\u00e9 des jeunes veulent quitter ?\u00a0\u00bb.<\/p>\n","protected":false},"excerpt":{"rendered":"<p>Arrestation de l&rsquo;avocate Sonia Dahmani suite \u00e0 ses d\u00e9clarations controvers\u00e9es sur les migrants en Tunisie. D\u00e9couvrez les d\u00e9tails de l&rsquo;affaire et les r\u00e9actions s&#8230;<\/p>\n","protected":false},"author":3169,"featured_media":247397,"comment_status":"open","ping_status":"closed","sticky":false,"template":"","format":"standard","meta":{"footnotes":""},"categories":[44],"tags":[3313],"class_list":["post-214099","post","type-post","status-publish","format-standard","has-post-thumbnail","hentry","category-national","tag-sonia-dahmani"],"yoast_head":"<!-- This site is optimized with the Yoast SEO Premium plugin v27.5 (Yoast SEO v27.5) - https:\/\/yoast.com\/product\/yoast-seo-premium-wordpress\/ -->\n<title>Arrestation de l&#039;avocate Sonia Dahmani\u00a0<\/title>\n<meta name=\"description\" content=\"Arrestation de l&#039;avocate Sonia Dahmani suite \u00e0 ses d\u00e9clarations controvers\u00e9es sur les migrants en Tunisie. D\u00e9couvrez les d\u00e9tails de l&#039;affaire et les r\u00e9actions s...\" \/>\n<link rel=\"canonical\" href=\"https:\/\/www.webdo.tn\/fr\/actualite\/national\/arrestation-de-l-avocate-sanaa-dahmani\/214099\/\" \/>\n<meta property=\"og:locale\" content=\"fr_FR\" \/>\n<meta property=\"og:type\" content=\"article\" \/>\n<meta property=\"og:title\" content=\"Arrestation de l&#039;avocate Sonia Dahmani\u00a0\" \/>\n<meta property=\"og:description\" content=\"Arrestation de l&#039;avocate Sonia Dahmani suite \u00e0 ses d\u00e9clarations controvers\u00e9es sur les migrants en Tunisie. D\u00e9couvrez les d\u00e9tails de l&#039;affaire et les r\u00e9actions s...\" \/>\n<meta property=\"og:url\" content=\"https:\/\/www.webdo.tn\/fr\/actualite\/national\/arrestation-de-l-avocate-sanaa-dahmani\/214099\/\" \/>\n<meta property=\"og:site_name\" content=\"webdo\" \/>\n<meta property=\"article:publisher\" content=\"https:\/\/www.facebook.com\/webdotn\" \/>\n<meta property=\"article:published_time\" content=\"2024-05-11T21:17:00+00:00\" \/>\n<meta property=\"article:modified_time\" content=\"2025-05-20T22:31:51+00:00\" \/>\n<meta property=\"og:image\" content=\"https:\/\/www.webdo.tn\/fr\/wp-content\/uploads\/2024\/05\/14e8146f1ce04c9aefb8cf85aa375bcd.webp\" \/>\n\t<meta property=\"og:image:width\" content=\"750\" \/>\n\t<meta property=\"og:image:height\" content=\"400\" \/>\n\t<meta property=\"og:image:type\" content=\"image\/webp\" \/>\n<meta name=\"author\" content=\"Webdo\" \/>\n<meta name=\"twitter:card\" content=\"summary_large_image\" \/>\n<meta name=\"twitter:creator\" content=\"@webdo_tn\" \/>\n<meta name=\"twitter:site\" content=\"@webdo_tn\" \/>\n<meta name=\"twitter:label1\" content=\"\u00c9crit par\" \/>\n\t<meta name=\"twitter:data1\" content=\"Webdo\" \/>\n\t<meta name=\"twitter:label2\" content=\"Dur\u00e9e de lecture estim\u00e9e\" \/>\n\t<meta name=\"twitter:data2\" content=\"1 minute\" \/>\n<script type=\"application\/ld+json\" class=\"yoast-schema-graph\">{\"@context\":\"https:\\\/\\\/schema.org\",\"@graph\":[{\"@type\":\"NewsArticle\",\"@id\":\"https:\\\/\\\/www.webdo.tn\\\/fr\\\/actualite\\\/national\\\/arrestation-de-l-avocate-sanaa-dahmani\\\/214099\\\/#article\",\"isPartOf\":{\"@id\":\"https:\\\/\\\/www.webdo.tn\\\/fr\\\/actualite\\\/national\\\/arrestation-de-l-avocate-sanaa-dahmani\\\/214099\\\/\"},\"author\":{\"name\":\"Webdo\",\"@id\":\"https:\\\/\\\/www.webdo.tn\\\/fr\\\/#\\\/schema\\\/person\\\/1f4e491e0907b413d61089e8eb573acc\"},\"headline\":\"Arrestation de l&rsquo;avocate Sonia Dahmani\u00a0\",\"datePublished\":\"2024-05-11T21:17:00+00:00\",\"dateModified\":\"2025-05-20T22:31:51+00:00\",\"mainEntityOfPage\":{\"@id\":\"https:\\\/\\\/www.webdo.tn\\\/fr\\\/actualite\\\/national\\\/arrestation-de-l-avocate-sanaa-dahmani\\\/214099\\\/\"},\"wordCount\":232,\"commentCount\":0,\"publisher\":{\"@id\":\"https:\\\/\\\/www.webdo.tn\\\/fr\\\/#organization\"},\"image\":{\"@id\":\"https:\\\/\\\/www.webdo.tn\\\/fr\\\/actualite\\\/national\\\/arrestation-de-l-avocate-sanaa-dahmani\\\/214099\\\/#primaryimage\"},\"thumbnailUrl\":\"https:\\\/\\\/www.webdo.tn\\\/fr\\\/wp-content\\\/uploads\\\/2024\\\/05\\\/14e8146f1ce04c9aefb8cf85aa375bcd.webp\",\"keywords\":[\"sonia dahmani\"],\"articleSection\":[\"National\"],\"inLanguage\":\"fr-FR\"},{\"@type\":\"WebPage\",\"@id\":\"https:\\\/\\\/www.webdo.tn\\\/fr\\\/actualite\\\/national\\\/arrestation-de-l-avocate-sanaa-dahmani\\\/214099\\\/\",\"url\":\"https:\\\/\\\/www.webdo.tn\\\/fr\\\/actualite\\\/national\\\/arrestation-de-l-avocate-sanaa-dahmani\\\/214099\\\/\",\"name\":\"Arrestation de l'avocate Sonia Dahmani\u00a0\",\"isPartOf\":{\"@id\":\"https:\\\/\\\/www.webdo.tn\\\/fr\\\/#website\"},\"primaryImageOfPage\":{\"@id\":\"https:\\\/\\\/www.webdo.tn\\\/fr\\\/actualite\\\/national\\\/arrestation-de-l-avocate-sanaa-dahmani\\\/214099\\\/#primaryimage\"},\"image\":{\"@id\":\"https:\\\/\\\/www.webdo.tn\\\/fr\\\/actualite\\\/national\\\/arrestation-de-l-avocate-sanaa-dahmani\\\/214099\\\/#primaryimage\"},\"thumbnailUrl\":\"https:\\\/\\\/www.webdo.tn\\\/fr\\\/wp-content\\\/uploads\\\/2024\\\/05\\\/14e8146f1ce04c9aefb8cf85aa375bcd.webp\",\"datePublished\":\"2024-05-11T21:17:00+00:00\",\"dateModified\":\"2025-05-20T22:31:51+00:00\",\"description\":\"Arrestation de l'avocate Sonia Dahmani suite \u00e0 ses d\u00e9clarations controvers\u00e9es sur les migrants en Tunisie. D\u00e9couvrez les d\u00e9tails de l'affaire et les r\u00e9actions s...\",\"breadcrumb\":{\"@id\":\"https:\\\/\\\/www.webdo.tn\\\/fr\\\/actualite\\\/national\\\/arrestation-de-l-avocate-sanaa-dahmani\\\/214099\\\/#breadcrumb\"},\"inLanguage\":\"fr-FR\",\"potentialAction\":[{\"@type\":\"ReadAction\",\"target\":[\"https:\\\/\\\/www.webdo.tn\\\/fr\\\/actualite\\\/national\\\/arrestation-de-l-avocate-sanaa-dahmani\\\/214099\\\/\"]}]},{\"@type\":\"ImageObject\",\"inLanguage\":\"fr-FR\",\"@id\":\"https:\\\/\\\/www.webdo.tn\\\/fr\\\/actualite\\\/national\\\/arrestation-de-l-avocate-sanaa-dahmani\\\/214099\\\/#primaryimage\",\"url\":\"https:\\\/\\\/www.webdo.tn\\\/fr\\\/wp-content\\\/uploads\\\/2024\\\/05\\\/14e8146f1ce04c9aefb8cf85aa375bcd.webp\",\"contentUrl\":\"https:\\\/\\\/www.webdo.tn\\\/fr\\\/wp-content\\\/uploads\\\/2024\\\/05\\\/14e8146f1ce04c9aefb8cf85aa375bcd.webp\",\"width\":750,\"height\":400,\"caption\":\"Arrestation de l'avocate Sonia Dahmani\u00a0\"},{\"@type\":\"BreadcrumbList\",\"@id\":\"https:\\\/\\\/www.webdo.tn\\\/fr\\\/actualite\\\/national\\\/arrestation-de-l-avocate-sanaa-dahmani\\\/214099\\\/#breadcrumb\",\"itemListElement\":[{\"@type\":\"ListItem\",\"position\":1,\"name\":\"Accueil\",\"item\":\"https:\\\/\\\/www.webdo.tn\\\/fr\\\/\"},{\"@type\":\"ListItem\",\"position\":2,\"name\":\"Arrestation de l&#8217;avocate Sonia Dahmani\u00a0\"}]},{\"@type\":\"WebSite\",\"@id\":\"https:\\\/\\\/www.webdo.tn\\\/fr\\\/#website\",\"url\":\"https:\\\/\\\/www.webdo.tn\\\/fr\\\/\",\"name\":\"webdo\",\"description\":\"Tunisie - News en Tunisie et \u00e0 l&#039;international sur Webdo.tn\",\"publisher\":{\"@id\":\"https:\\\/\\\/www.webdo.tn\\\/fr\\\/#organization\"},\"potentialAction\":[{\"@type\":\"SearchAction\",\"target\":{\"@type\":\"EntryPoint\",\"urlTemplate\":\"https:\\\/\\\/www.webdo.tn\\\/fr\\\/?s={search_term_string}\"},\"query-input\":{\"@type\":\"PropertyValueSpecification\",\"valueRequired\":true,\"valueName\":\"search_term_string\"}}],\"inLanguage\":\"fr-FR\"},{\"@type\":\"Organization\",\"@id\":\"https:\\\/\\\/www.webdo.tn\\\/fr\\\/#organization\",\"name\":\"Webdo\",\"alternateName\":\"Webdo.tn\",\"url\":\"https:\\\/\\\/www.webdo.tn\\\/fr\\\/\",\"logo\":{\"@type\":\"ImageObject\",\"inLanguage\":\"fr-FR\",\"@id\":\"https:\\\/\\\/www.webdo.tn\\\/fr\\\/#\\\/schema\\\/logo\\\/image\\\/\",\"url\":\"https:\\\/\\\/www.webdo.tn\\\/fr\\\/wp-content\\\/uploads\\\/2025\\\/06\\\/Webdo-Tunisie_168377.jpg\",\"contentUrl\":\"https:\\\/\\\/www.webdo.tn\\\/fr\\\/wp-content\\\/uploads\\\/2025\\\/06\\\/Webdo-Tunisie_168377.jpg\",\"width\":301,\"height\":301,\"caption\":\"Webdo\"},\"image\":{\"@id\":\"https:\\\/\\\/www.webdo.tn\\\/fr\\\/#\\\/schema\\\/logo\\\/image\\\/\"},\"sameAs\":[\"https:\\\/\\\/www.facebook.com\\\/webdotn\",\"https:\\\/\\\/x.com\\\/webdo_tn\"],\"description\":\"Webdo est un m\u00e9dia num\u00e9rique tunisien fond\u00e9 en 2010, sp\u00e9cialis\u00e9 dans l\u2019actualit\u00e9 nationale et internationale, l\u2019\u00e9conomie, la soci\u00e9t\u00e9 et les analyses politiques. Le site s\u2019adresse \u00e0 un large public francophone et couvre l\u2019information tunisienne en temps r\u00e9el.\",\"email\":\"redac@webdo.tn\",\"legalName\":\"YNJ SARL\",\"foundingDate\":\"2010-09-06\",\"numberOfEmployees\":{\"@type\":\"QuantitativeValue\",\"minValue\":\"11\",\"maxValue\":\"50\"}},{\"@type\":\"Person\",\"@id\":\"https:\\\/\\\/www.webdo.tn\\\/fr\\\/#\\\/schema\\\/person\\\/1f4e491e0907b413d61089e8eb573acc\",\"name\":\"Webdo\",\"image\":{\"@type\":\"ImageObject\",\"inLanguage\":\"fr-FR\",\"@id\":\"https:\\\/\\\/secure.gravatar.com\\\/avatar\\\/de97aeec1bb80978a9dbb127e47dfc88aaacb2f3c29aac907d8d3222e3495d49?s=96&d=mm&r=g\",\"url\":\"https:\\\/\\\/secure.gravatar.com\\\/avatar\\\/de97aeec1bb80978a9dbb127e47dfc88aaacb2f3c29aac907d8d3222e3495d49?s=96&d=mm&r=g\",\"contentUrl\":\"https:\\\/\\\/secure.gravatar.com\\\/avatar\\\/de97aeec1bb80978a9dbb127e47dfc88aaacb2f3c29aac907d8d3222e3495d49?s=96&d=mm&r=g\",\"caption\":\"Webdo\"},\"url\":\"https:\\\/\\\/www.webdo.tn\\\/fr\\\/actualite\\\/author\\\/webdo\\\/\"}]}<\/script>\n<!-- \/ Yoast SEO Premium plugin. -->","yoast_head_json":{"title":"Arrestation de l'avocate Sonia Dahmani\u00a0","description":"Arrestation de l'avocate Sonia Dahmani suite \u00e0 ses d\u00e9clarations controvers\u00e9es sur les migrants en Tunisie. D\u00e9couvrez les d\u00e9tails de l'affaire et les r\u00e9actions s...","canonical":"https:\/\/www.webdo.tn\/fr\/actualite\/national\/arrestation-de-l-avocate-sanaa-dahmani\/214099\/","og_locale":"fr_FR","og_type":"article","og_title":"Arrestation de l'avocate Sonia Dahmani\u00a0","og_description":"Arrestation de l'avocate Sonia Dahmani suite \u00e0 ses d\u00e9clarations controvers\u00e9es sur les migrants en Tunisie. D\u00e9couvrez les d\u00e9tails de l'affaire et les r\u00e9actions s...","og_url":"https:\/\/www.webdo.tn\/fr\/actualite\/national\/arrestation-de-l-avocate-sanaa-dahmani\/214099\/","og_site_name":"webdo","article_publisher":"https:\/\/www.facebook.com\/webdotn","article_published_time":"2024-05-11T21:17:00+00:00","article_modified_time":"2025-05-20T22:31:51+00:00","og_image":[{"width":750,"height":400,"url":"https:\/\/www.webdo.tn\/fr\/wp-content\/uploads\/2024\/05\/14e8146f1ce04c9aefb8cf85aa375bcd.webp","type":"image\/webp"}],"author":"Webdo","twitter_card":"summary_large_image","twitter_creator":"@webdo_tn","twitter_site":"@webdo_tn","twitter_misc":{"\u00c9crit par":"Webdo","Dur\u00e9e de lecture estim\u00e9e":"1 minute"},"schema":{"@context":"https:\/\/schema.org","@graph":[{"@type":"NewsArticle","@id":"https:\/\/www.webdo.tn\/fr\/actualite\/national\/arrestation-de-l-avocate-sanaa-dahmani\/214099\/#article","isPartOf":{"@id":"https:\/\/www.webdo.tn\/fr\/actualite\/national\/arrestation-de-l-avocate-sanaa-dahmani\/214099\/"},"author":{"name":"Webdo","@id":"https:\/\/www.webdo.tn\/fr\/#\/schema\/person\/1f4e491e0907b413d61089e8eb573acc"},"headline":"Arrestation de l&rsquo;avocate Sonia Dahmani\u00a0","datePublished":"2024-05-11T21:17:00+00:00","dateModified":"2025-05-20T22:31:51+00:00","mainEntityOfPage":{"@id":"https:\/\/www.webdo.tn\/fr\/actualite\/national\/arrestation-de-l-avocate-sanaa-dahmani\/214099\/"},"wordCount":232,"commentCount":0,"publisher":{"@id":"https:\/\/www.webdo.tn\/fr\/#organization"},"image":{"@id":"https:\/\/www.webdo.tn\/fr\/actualite\/national\/arrestation-de-l-avocate-sanaa-dahmani\/214099\/#primaryimage"},"thumbnailUrl":"https:\/\/www.webdo.tn\/fr\/wp-content\/uploads\/2024\/05\/14e8146f1ce04c9aefb8cf85aa375bcd.webp","keywords":["sonia dahmani"],"articleSection":["National"],"inLanguage":"fr-FR"},{"@type":"WebPage","@id":"https:\/\/www.webdo.tn\/fr\/actualite\/national\/arrestation-de-l-avocate-sanaa-dahmani\/214099\/","url":"https:\/\/www.webdo.tn\/fr\/actualite\/national\/arrestation-de-l-avocate-sanaa-dahmani\/214099\/","name":"Arrestation de l'avocate Sonia Dahmani\u00a0","isPartOf":{"@id":"https:\/\/www.webdo.tn\/fr\/#website"},"primaryImageOfPage":{"@id":"https:\/\/www.webdo.tn\/fr\/actualite\/national\/arrestation-de-l-avocate-sanaa-dahmani\/214099\/#primaryimage"},"image":{"@id":"https:\/\/www.webdo.tn\/fr\/actualite\/national\/arrestation-de-l-avocate-sanaa-dahmani\/214099\/#primaryimage"},"thumbnailUrl":"https:\/\/www.webdo.tn\/fr\/wp-content\/uploads\/2024\/05\/14e8146f1ce04c9aefb8cf85aa375bcd.webp","datePublished":"2024-05-11T21:17:00+00:00","dateModified":"2025-05-20T22:31:51+00:00","description":"Arrestation de l'avocate Sonia Dahmani suite \u00e0 ses d\u00e9clarations controvers\u00e9es sur les migrants en Tunisie. D\u00e9couvrez les d\u00e9tails de l'affaire et les r\u00e9actions s...","breadcrumb":{"@id":"https:\/\/www.webdo.tn\/fr\/actualite\/national\/arrestation-de-l-avocate-sanaa-dahmani\/214099\/#breadcrumb"},"inLanguage":"fr-FR","potentialAction":[{"@type":"ReadAction","target":["https:\/\/www.webdo.tn\/fr\/actualite\/national\/arrestation-de-l-avocate-sanaa-dahmani\/214099\/"]}]},{"@type":"ImageObject","inLanguage":"fr-FR","@id":"https:\/\/www.webdo.tn\/fr\/actualite\/national\/arrestation-de-l-avocate-sanaa-dahmani\/214099\/#primaryimage","url":"https:\/\/www.webdo.tn\/fr\/wp-content\/uploads\/2024\/05\/14e8146f1ce04c9aefb8cf85aa375bcd.webp","contentUrl":"https:\/\/www.webdo.tn\/fr\/wp-content\/uploads\/2024\/05\/14e8146f1ce04c9aefb8cf85aa375bcd.webp","width":750,"height":400,"caption":"Arrestation de l'avocate Sonia Dahmani\u00a0"},{"@type":"BreadcrumbList","@id":"https:\/\/www.webdo.tn\/fr\/actualite\/national\/arrestation-de-l-avocate-sanaa-dahmani\/214099\/#breadcrumb","itemListElement":[{"@type":"ListItem","position":1,"name":"Accueil","item":"https:\/\/www.webdo.tn\/fr\/"},{"@type":"ListItem","position":2,"name":"Arrestation de l&#8217;avocate Sonia Dahmani\u00a0"}]},{"@type":"WebSite","@id":"https:\/\/www.webdo.tn\/fr\/#website","url":"https:\/\/www.webdo.tn\/fr\/","name":"webdo","description":"Tunisie - News en Tunisie et \u00e0 l&#039;international sur Webdo.tn","publisher":{"@id":"https:\/\/www.webdo.tn\/fr\/#organization"},"potentialAction":[{"@type":"SearchAction","target":{"@type":"EntryPoint","urlTemplate":"https:\/\/www.webdo.tn\/fr\/?s={search_term_string}"},"query-input":{"@type":"PropertyValueSpecification","valueRequired":true,"valueName":"search_term_string"}}],"inLanguage":"fr-FR"},{"@type":"Organization","@id":"https:\/\/www.webdo.tn\/fr\/#organization","name":"Webdo","alternateName":"Webdo.tn","url":"https:\/\/www.webdo.tn\/fr\/","logo":{"@type":"ImageObject","inLanguage":"fr-FR","@id":"https:\/\/www.webdo.tn\/fr\/#\/schema\/logo\/image\/","url":"https:\/\/www.webdo.tn\/fr\/wp-content\/uploads\/2025\/06\/Webdo-Tunisie_168377.jpg","contentUrl":"https:\/\/www.webdo.tn\/fr\/wp-content\/uploads\/2025\/06\/Webdo-Tunisie_168377.jpg","width":301,"height":301,"caption":"Webdo"},"image":{"@id":"https:\/\/www.webdo.tn\/fr\/#\/schema\/logo\/image\/"},"sameAs":["https:\/\/www.facebook.com\/webdotn","https:\/\/x.com\/webdo_tn"],"description":"Webdo est un m\u00e9dia num\u00e9rique tunisien fond\u00e9 en 2010, sp\u00e9cialis\u00e9 dans l\u2019actualit\u00e9 nationale et internationale, l\u2019\u00e9conomie, la soci\u00e9t\u00e9 et les analyses politiques. Le site s\u2019adresse \u00e0 un large public francophone et couvre l\u2019information tunisienne en temps r\u00e9el.","email":"redac@webdo.tn","legalName":"YNJ SARL","foundingDate":"2010-09-06","numberOfEmployees":{"@type":"QuantitativeValue","minValue":"11","maxValue":"50"}},{"@type":"Person","@id":"https:\/\/www.webdo.tn\/fr\/#\/schema\/person\/1f4e491e0907b413d61089e8eb573acc","name":"Webdo","image":{"@type":"ImageObject","inLanguage":"fr-FR","@id":"https:\/\/secure.gravatar.com\/avatar\/de97aeec1bb80978a9dbb127e47dfc88aaacb2f3c29aac907d8d3222e3495d49?s=96&d=mm&r=g","url":"https:\/\/secure.gravatar.com\/avatar\/de97aeec1bb80978a9dbb127e47dfc88aaacb2f3c29aac907d8d3222e3495d49?s=96&d=mm&r=g","contentUrl":"https:\/\/secure.gravatar.com\/avatar\/de97aeec1bb80978a9dbb127e47dfc88aaacb2f3c29aac907d8d3222e3495d49?s=96&d=mm&r=g","caption":"Webdo"},"url":"https:\/\/www.webdo.tn\/fr\/actualite\/author\/webdo\/"}]}},"_links":{"self":[{"href":"https:\/\/www.webdo.tn\/fr\/wp-json\/wp\/v2\/posts\/214099","targetHints":{"allow":["GET"]}}],"collection":[{"href":"https:\/\/www.webdo.tn\/fr\/wp-json\/wp\/v2\/posts"}],"about":[{"href":"https:\/\/www.webdo.tn\/fr\/wp-json\/wp\/v2\/types\/post"}],"author":[{"embeddable":true,"href":"https:\/\/www.webdo.tn\/fr\/wp-json\/wp\/v2\/users\/3169"}],"replies":[{"embeddable":true,"href":"https:\/\/www.webdo.tn\/fr\/wp-json\/wp\/v2\/comments?post=214099"}],"version-history":[{"count":0,"href":"https:\/\/www.webdo.tn\/fr\/wp-json\/wp\/v2\/posts\/214099\/revisions"}],"wp:featuredmedia":[{"embeddable":true,"href":"https:\/\/www.webdo.tn\/fr\/wp-json\/wp\/v2\/media\/247397"}],"wp:attachment":[{"href":"https:\/\/www.webdo.tn\/fr\/wp-json\/wp\/v2\/media?parent=214099"}],"wp:term":[{"taxonomy":"category","embeddable":true,"href":"https:\/\/www.webdo.tn\/fr\/wp-json\/wp\/v2\/categories?post=214099"},{"taxonomy":"post_tag","embeddable":true,"href":"https:\/\/www.webdo.tn\/fr\/wp-json\/wp\/v2\/tags?post=214099"}],"curies":[{"name":"wp","href":"https:\/\/api.w.org\/{rel}","templated":true}]}}