{"id":214093,"date":"2024-05-11T10:47:00","date_gmt":"2024-05-11T10:47:00","guid":{"rendered":"https:\/\/www.webdo.tn\/fr\/blog\/tunisie-le-bureau-de-la-ftn-dissous-le-directeur-de-l-ana-limoge\/214093\/"},"modified":"2025-05-20T21:50:44","modified_gmt":"2025-05-20T21:50:44","slug":"tunisie-le-bureau-de-la-ftn-dissous-le-directeur-de-l-ana-limoge","status":"publish","type":"post","link":"https:\/\/www.webdo.tn\/fr\/actualite\/sport\/tunisie-le-bureau-de-la-ftn-dissous-le-directeur-de-l-ana-limoge\/214093\/","title":{"rendered":"Tunisie : Le Bureau de la FTN dissous, le directeur de l\u2019ANA limog\u00e9"},"content":{"rendered":"<p>En marge d\u2019une visite inopin\u00e9e \u00e0 la piscine olympique de Rad\u00e8s et de l\u2019indicent du drapeau national, le minist\u00e8re de la Jeunesse et du Sport a annonc\u00e9 la dissolution du Bureau de la FTN et le limogeage de deux responsables.<\/p>\n<p>\t\t\t\t\t\t\t\t\tKais Saied s\u2019est rendu, hier en visite inopin\u00e9e \u00e0 la piscine olympique de Rad\u00e8s o\u00f9 se d\u00e9roule la septi\u00e8me \u00e9dition du Tunisian Open Masters, organis\u00e9 par la F\u00e9d\u00e9ration tunisienne de natation.<\/p>\n<p>Lors de cet \u00e9v\u00e8nement sportif, un incident a eu lieu puisque le drapeau national a \u00e9t\u00e9 couvert d\u2019un tissu conform\u00e9ment\u00a0 aux sanctions impos\u00e9es par l\u2019Agence mondiale anti-dopage contre la Tunisie.<\/p>\n<p>Mais Kais Saied a exprim\u00e9 sa col\u00e8re, consid\u00e9rant que cet incident fait office de crime. Il a d\u2019ailleurs exig\u00e9 que les responsables de cet acte soient jug\u00e9s et a ordonn\u00e9 l&rsquo;ouverture d&rsquo;une enqu\u00eate judiciaire et administrative et des mesures imm\u00e9diates contre ceux qui ont couvert le drapeau national.<\/p>\n<p>La r\u00e9action ne s\u2019est pas fait attendre puisque le minist\u00e8re de la Jeunesse et du Sport a annonc\u00e9, dans la foul\u00e9e, le limogeage du directeur g\u00e9n\u00e9ral de l&rsquo;Agence nationale antidopage, Mourad Hambli.<\/p>\n<p>Le d\u00e9partement a, \u00e9galement, annonc\u00e9 le limogeage du d\u00e9l\u00e9gu\u00e9 r\u00e9gional de la jeunesse et du sport de Ben Arous a \u00e9t\u00e9, \u00e0 son tour, d\u00e9mis de ses fonctions et remplac\u00e9 par un haut cadre du minist\u00e8re.<\/p>\n<p>Par ailleurs, le minist\u00e8re de la Jeunesse et du Sport a annonc\u00e9 la dissolution du bureau de la F\u00e9d\u00e9ration tunisienne de natation et son remplacement par un bureau f\u00e9d\u00e9ral provisoire qui sera pr\u00e9sid\u00e9 par Mohamed Zribi et sera compos\u00e9 de Maha Zaoui, Chaker Belhaj et Sa\u00efd Ouenzerfi.<\/p>\n<p>Ces d\u00e9cisions interviennent apr\u00e8s l\u2019incident du drapeau couvert, lors du Tunisian Open Masters, organis\u00e9 par la FTN et ce, conform\u00e9ment aux sanctions d\u00e9cr\u00e9t\u00e9es par l&rsquo;Agence mondiale antidopage.<\/p>\n<p>La Tunisie \u00e9tant sous le coup des sanctions de l\u2019Agence mondiale antidopage (AMA), celles-ci ont \u00e9t\u00e9 ont \u00e9t\u00e9 impos\u00e9es en raison du non-respect par les autorit\u00e9s sportives tunisiennes du code mondial antidopage.<\/p>\n<p>En vertu de la d\u00e9cision de l\u2019AMA, la Tunisie n&rsquo;est pas autoris\u00e9e \u00e0 organiser des comp\u00e9titions r\u00e9gionales, continentales ou mondiales dans n\u2019importe quelle discipline sportive.<\/p>\n<p>De m\u00eame, le drapeau tunisien ne sera pas hiss\u00e9 lors des prochains Jeux olympiques et paralympiques \u00e0 Paris durant l\u2019\u00e9t\u00e9 2024, tant que la Tunisie ne se conformera pas aux normes de l\u2019AMA.<\/p>\n<p>L&rsquo;AMA reproche \u00e0 la Tunisie \u00ab\u00a0son incapacit\u00e9 \u00e0 mettre pleinement en \u0153uvre la version 2021 du code mondial antidopage au sein de son syst\u00e8me juridique\u00a0\u00bb.<\/p>\n<p>En effet, la Tunisie avait quatre mois, \u00e0 partir de novembre dernier, pour adopter un certain nombre de modifications aux textes l\u00e9gislatifs et r\u00e8glementaires pour se conformer au code du cadre juridique tunisien. Chose qui n&rsquo;a \u00e9videmment pas \u00e9t\u00e9 faite.<\/p>\n<p>En novembre 2023, lorsque l\u2019AMA avait envoy\u00e9 une correspondance \u00e0 la Tunisie l\u2019avertissant d\u2019\u00e9ventuelles sanctions, le porte-parole du minist\u00e8re de la Jeunesse et des Sports,\u00a0Chokri Hamda, pr\u00e9cisait qu\u2019il ne s\u2019agissait que des conseils pour que que la Tunisie se conforme aux nouveaux amendements de l\u2019Agence.<\/p>\n<p>Le responsable avait insist\u00e9 sur le fait que la correspondance de l\u2019AMA est un acte de routine et tout ce que la presse a colport\u00e9 comme sanctions ne sont en d\u00e9finitive que des conseils adress\u00e9s \u00e0 la partie tunisienne pour se conformer au code mondial antidopage.<\/p>\n<p>Outre les sanctions cit\u00e9es ci-dessus et dont Chokri Hamda avait r\u00e9fut\u00e9 le caract\u00e8re ex\u00e9cutoire, l\u2019Agence Nationale Antidopage (ANAD) tunisienne perd ses privil\u00e8ges de l&rsquo;AMA, jusqu&rsquo;\u00e0 ce que les conditions de r\u00e9int\u00e9gration \u00e9nonc\u00e9es soient remplies.<\/p>\n","protected":false},"excerpt":{"rendered":"<p>Le minist\u00e8re de la Jeunesse et du Sport a annonc\u00e9, dans la foul\u00e9e, le limogeage du directeur g\u00e9n\u00e9ral de l&rsquo;Agence nationale antidopage, Mourad Hambli.<\/p>\n","protected":false},"author":3162,"featured_media":247395,"comment_status":"open","ping_status":"closed","sticky":false,"template":"","format":"standard","meta":{"footnotes":""},"categories":[2593],"tags":[5792,6512,3732,5024,3252,2754,2608],"class_list":["post-214093","post","type-post","status-publish","format-standard","has-post-thumbnail","hentry","category-sport","tag-ama","tag-ana","tag-drapeau","tag-limogeage","tag-natation","tag-rades","tag-tunisie"],"yoast_head":"<!-- This site is optimized with the Yoast SEO Premium plugin v27.5 (Yoast SEO v27.5) - https:\/\/yoast.com\/product\/yoast-seo-premium-wordpress\/ -->\n<title>Tunisie : Le Bureau de la FTN dissous, le directeur de l\u2019ANA limog\u00e9<\/title>\n<meta name=\"description\" content=\"Le minist\u00e8re de la Jeunesse et du Sport a annonc\u00e9, dans la foul\u00e9e, le limogeage du directeur g\u00e9n\u00e9ral de l&#039;Agence nationale antidopage, Mourad Hambli.\" \/>\n<link rel=\"canonical\" href=\"https:\/\/www.webdo.tn\/fr\/actualite\/sport\/tunisie-le-bureau-de-la-ftn-dissous-le-directeur-de-l-ana-limoge\/214093\/\" \/>\n<meta property=\"og:locale\" content=\"fr_FR\" \/>\n<meta property=\"og:type\" content=\"article\" \/>\n<meta property=\"og:title\" content=\"Tunisie : Le Bureau de la FTN dissous, le directeur de l\u2019ANA limog\u00e9\" \/>\n<meta property=\"og:description\" content=\"Le minist\u00e8re de la Jeunesse et du Sport a annonc\u00e9, dans la foul\u00e9e, le limogeage du directeur g\u00e9n\u00e9ral de l&#039;Agence nationale antidopage, Mourad Hambli.\" \/>\n<meta property=\"og:url\" content=\"https:\/\/www.webdo.tn\/fr\/actualite\/sport\/tunisie-le-bureau-de-la-ftn-dissous-le-directeur-de-l-ana-limoge\/214093\/\" \/>\n<meta property=\"og:site_name\" content=\"webdo\" \/>\n<meta property=\"article:publisher\" content=\"https:\/\/www.facebook.com\/webdotn\" \/>\n<meta property=\"article:published_time\" content=\"2024-05-11T10:47:00+00:00\" \/>\n<meta property=\"article:modified_time\" content=\"2025-05-20T21:50:44+00:00\" \/>\n<meta property=\"og:image\" content=\"https:\/\/www.webdo.tn\/fr\/wp-content\/uploads\/2024\/05\/cb1bff485dd3419de3893d352a8081a3.webp\" \/>\n\t<meta property=\"og:image:width\" content=\"750\" \/>\n\t<meta property=\"og:image:height\" content=\"400\" \/>\n\t<meta property=\"og:image:type\" content=\"image\/webp\" \/>\n<meta name=\"author\" content=\"MC\" \/>\n<meta name=\"twitter:card\" content=\"summary_large_image\" \/>\n<meta name=\"twitter:creator\" content=\"@webdo_tn\" \/>\n<meta name=\"twitter:site\" content=\"@webdo_tn\" \/>\n<meta name=\"twitter:label1\" content=\"\u00c9crit par\" \/>\n\t<meta name=\"twitter:data1\" content=\"MC\" \/>\n\t<meta name=\"twitter:label2\" content=\"Dur\u00e9e de lecture estim\u00e9e\" \/>\n\t<meta name=\"twitter:data2\" content=\"3 minutes\" \/>\n<script type=\"application\/ld+json\" class=\"yoast-schema-graph\">{\"@context\":\"https:\\\/\\\/schema.org\",\"@graph\":[{\"@type\":\"NewsArticle\",\"@id\":\"https:\\\/\\\/www.webdo.tn\\\/fr\\\/actualite\\\/sport\\\/tunisie-le-bureau-de-la-ftn-dissous-le-directeur-de-l-ana-limoge\\\/214093\\\/#article\",\"isPartOf\":{\"@id\":\"https:\\\/\\\/www.webdo.tn\\\/fr\\\/actualite\\\/sport\\\/tunisie-le-bureau-de-la-ftn-dissous-le-directeur-de-l-ana-limoge\\\/214093\\\/\"},\"author\":{\"name\":\"MC\",\"@id\":\"https:\\\/\\\/www.webdo.tn\\\/fr\\\/#\\\/schema\\\/person\\\/2c4929cbf5a809e3bd38617c6ce150f6\"},\"headline\":\"Tunisie : Le Bureau de la FTN dissous, le directeur de l\u2019ANA limog\u00e9\",\"datePublished\":\"2024-05-11T10:47:00+00:00\",\"dateModified\":\"2025-05-20T21:50:44+00:00\",\"mainEntityOfPage\":{\"@id\":\"https:\\\/\\\/www.webdo.tn\\\/fr\\\/actualite\\\/sport\\\/tunisie-le-bureau-de-la-ftn-dissous-le-directeur-de-l-ana-limoge\\\/214093\\\/\"},\"wordCount\":664,\"commentCount\":0,\"publisher\":{\"@id\":\"https:\\\/\\\/www.webdo.tn\\\/fr\\\/#organization\"},\"image\":{\"@id\":\"https:\\\/\\\/www.webdo.tn\\\/fr\\\/actualite\\\/sport\\\/tunisie-le-bureau-de-la-ftn-dissous-le-directeur-de-l-ana-limoge\\\/214093\\\/#primaryimage\"},\"thumbnailUrl\":\"https:\\\/\\\/www.webdo.tn\\\/fr\\\/wp-content\\\/uploads\\\/2024\\\/05\\\/cb1bff485dd3419de3893d352a8081a3.webp\",\"keywords\":[\"AMA\",\"ANA\",\"drapeau\",\"Limogeage\",\"natation\",\"Rad\u00e8s\",\"Tunisie\"],\"articleSection\":[\"Sport\"],\"inLanguage\":\"fr-FR\"},{\"@type\":\"WebPage\",\"@id\":\"https:\\\/\\\/www.webdo.tn\\\/fr\\\/actualite\\\/sport\\\/tunisie-le-bureau-de-la-ftn-dissous-le-directeur-de-l-ana-limoge\\\/214093\\\/\",\"url\":\"https:\\\/\\\/www.webdo.tn\\\/fr\\\/actualite\\\/sport\\\/tunisie-le-bureau-de-la-ftn-dissous-le-directeur-de-l-ana-limoge\\\/214093\\\/\",\"name\":\"Tunisie : Le Bureau de la FTN dissous, le directeur de l\u2019ANA limog\u00e9\",\"isPartOf\":{\"@id\":\"https:\\\/\\\/www.webdo.tn\\\/fr\\\/#website\"},\"primaryImageOfPage\":{\"@id\":\"https:\\\/\\\/www.webdo.tn\\\/fr\\\/actualite\\\/sport\\\/tunisie-le-bureau-de-la-ftn-dissous-le-directeur-de-l-ana-limoge\\\/214093\\\/#primaryimage\"},\"image\":{\"@id\":\"https:\\\/\\\/www.webdo.tn\\\/fr\\\/actualite\\\/sport\\\/tunisie-le-bureau-de-la-ftn-dissous-le-directeur-de-l-ana-limoge\\\/214093\\\/#primaryimage\"},\"thumbnailUrl\":\"https:\\\/\\\/www.webdo.tn\\\/fr\\\/wp-content\\\/uploads\\\/2024\\\/05\\\/cb1bff485dd3419de3893d352a8081a3.webp\",\"datePublished\":\"2024-05-11T10:47:00+00:00\",\"dateModified\":\"2025-05-20T21:50:44+00:00\",\"description\":\"Le minist\u00e8re de la Jeunesse et du Sport a annonc\u00e9, dans la foul\u00e9e, le limogeage du directeur g\u00e9n\u00e9ral de l'Agence nationale antidopage, Mourad Hambli.\",\"breadcrumb\":{\"@id\":\"https:\\\/\\\/www.webdo.tn\\\/fr\\\/actualite\\\/sport\\\/tunisie-le-bureau-de-la-ftn-dissous-le-directeur-de-l-ana-limoge\\\/214093\\\/#breadcrumb\"},\"inLanguage\":\"fr-FR\",\"potentialAction\":[{\"@type\":\"ReadAction\",\"target\":[\"https:\\\/\\\/www.webdo.tn\\\/fr\\\/actualite\\\/sport\\\/tunisie-le-bureau-de-la-ftn-dissous-le-directeur-de-l-ana-limoge\\\/214093\\\/\"]}]},{\"@type\":\"ImageObject\",\"inLanguage\":\"fr-FR\",\"@id\":\"https:\\\/\\\/www.webdo.tn\\\/fr\\\/actualite\\\/sport\\\/tunisie-le-bureau-de-la-ftn-dissous-le-directeur-de-l-ana-limoge\\\/214093\\\/#primaryimage\",\"url\":\"https:\\\/\\\/www.webdo.tn\\\/fr\\\/wp-content\\\/uploads\\\/2024\\\/05\\\/cb1bff485dd3419de3893d352a8081a3.webp\",\"contentUrl\":\"https:\\\/\\\/www.webdo.tn\\\/fr\\\/wp-content\\\/uploads\\\/2024\\\/05\\\/cb1bff485dd3419de3893d352a8081a3.webp\",\"width\":750,\"height\":400,\"caption\":\"Tunisie : Le Bureau de la FTN dissous, le directeur de l\u2019ANA limog\u00e9\"},{\"@type\":\"BreadcrumbList\",\"@id\":\"https:\\\/\\\/www.webdo.tn\\\/fr\\\/actualite\\\/sport\\\/tunisie-le-bureau-de-la-ftn-dissous-le-directeur-de-l-ana-limoge\\\/214093\\\/#breadcrumb\",\"itemListElement\":[{\"@type\":\"ListItem\",\"position\":1,\"name\":\"Accueil\",\"item\":\"https:\\\/\\\/www.webdo.tn\\\/fr\\\/\"},{\"@type\":\"ListItem\",\"position\":2,\"name\":\"Tunisie : Le Bureau de la FTN dissous, le directeur de l\u2019ANA limog\u00e9\"}]},{\"@type\":\"WebSite\",\"@id\":\"https:\\\/\\\/www.webdo.tn\\\/fr\\\/#website\",\"url\":\"https:\\\/\\\/www.webdo.tn\\\/fr\\\/\",\"name\":\"webdo\",\"description\":\"Tunisie - News en Tunisie et \u00e0 l&#039;international sur Webdo.tn\",\"publisher\":{\"@id\":\"https:\\\/\\\/www.webdo.tn\\\/fr\\\/#organization\"},\"potentialAction\":[{\"@type\":\"SearchAction\",\"target\":{\"@type\":\"EntryPoint\",\"urlTemplate\":\"https:\\\/\\\/www.webdo.tn\\\/fr\\\/?s={search_term_string}\"},\"query-input\":{\"@type\":\"PropertyValueSpecification\",\"valueRequired\":true,\"valueName\":\"search_term_string\"}}],\"inLanguage\":\"fr-FR\"},{\"@type\":\"Organization\",\"@id\":\"https:\\\/\\\/www.webdo.tn\\\/fr\\\/#organization\",\"name\":\"Webdo\",\"alternateName\":\"Webdo.tn\",\"url\":\"https:\\\/\\\/www.webdo.tn\\\/fr\\\/\",\"logo\":{\"@type\":\"ImageObject\",\"inLanguage\":\"fr-FR\",\"@id\":\"https:\\\/\\\/www.webdo.tn\\\/fr\\\/#\\\/schema\\\/logo\\\/image\\\/\",\"url\":\"https:\\\/\\\/www.webdo.tn\\\/fr\\\/wp-content\\\/uploads\\\/2025\\\/06\\\/Webdo-Tunisie_168377.jpg\",\"contentUrl\":\"https:\\\/\\\/www.webdo.tn\\\/fr\\\/wp-content\\\/uploads\\\/2025\\\/06\\\/Webdo-Tunisie_168377.jpg\",\"width\":301,\"height\":301,\"caption\":\"Webdo\"},\"image\":{\"@id\":\"https:\\\/\\\/www.webdo.tn\\\/fr\\\/#\\\/schema\\\/logo\\\/image\\\/\"},\"sameAs\":[\"https:\\\/\\\/www.facebook.com\\\/webdotn\",\"https:\\\/\\\/x.com\\\/webdo_tn\"],\"description\":\"Webdo est un m\u00e9dia num\u00e9rique tunisien fond\u00e9 en 2010, sp\u00e9cialis\u00e9 dans l\u2019actualit\u00e9 nationale et internationale, l\u2019\u00e9conomie, la soci\u00e9t\u00e9 et les analyses politiques. Le site s\u2019adresse \u00e0 un large public francophone et couvre l\u2019information tunisienne en temps r\u00e9el.\",\"email\":\"redac@webdo.tn\",\"legalName\":\"YNJ SARL\",\"foundingDate\":\"2010-09-06\",\"numberOfEmployees\":{\"@type\":\"QuantitativeValue\",\"minValue\":\"11\",\"maxValue\":\"50\"}},{\"@type\":\"Person\",\"@id\":\"https:\\\/\\\/www.webdo.tn\\\/fr\\\/#\\\/schema\\\/person\\\/2c4929cbf5a809e3bd38617c6ce150f6\",\"name\":\"MC\",\"image\":{\"@type\":\"ImageObject\",\"inLanguage\":\"fr-FR\",\"@id\":\"https:\\\/\\\/secure.gravatar.com\\\/avatar\\\/a545bbb6f84efdd5553dbbc2895e3ca8f1d12c5215e00a041c9670b54aa9b18a?s=96&d=mm&r=g\",\"url\":\"https:\\\/\\\/secure.gravatar.com\\\/avatar\\\/a545bbb6f84efdd5553dbbc2895e3ca8f1d12c5215e00a041c9670b54aa9b18a?s=96&d=mm&r=g\",\"contentUrl\":\"https:\\\/\\\/secure.gravatar.com\\\/avatar\\\/a545bbb6f84efdd5553dbbc2895e3ca8f1d12c5215e00a041c9670b54aa9b18a?s=96&d=mm&r=g\",\"caption\":\"MC\"},\"url\":\"https:\\\/\\\/www.webdo.tn\\\/fr\\\/actualite\\\/author\\\/mc\\\/\"}]}<\/script>\n<!-- \/ Yoast SEO Premium plugin. -->","yoast_head_json":{"title":"Tunisie : Le Bureau de la FTN dissous, le directeur de l\u2019ANA limog\u00e9","description":"Le minist\u00e8re de la Jeunesse et du Sport a annonc\u00e9, dans la foul\u00e9e, le limogeage du directeur g\u00e9n\u00e9ral de l'Agence nationale antidopage, Mourad Hambli.","canonical":"https:\/\/www.webdo.tn\/fr\/actualite\/sport\/tunisie-le-bureau-de-la-ftn-dissous-le-directeur-de-l-ana-limoge\/214093\/","og_locale":"fr_FR","og_type":"article","og_title":"Tunisie : Le Bureau de la FTN dissous, le directeur de l\u2019ANA limog\u00e9","og_description":"Le minist\u00e8re de la Jeunesse et du Sport a annonc\u00e9, dans la foul\u00e9e, le limogeage du directeur g\u00e9n\u00e9ral de l'Agence nationale antidopage, Mourad Hambli.","og_url":"https:\/\/www.webdo.tn\/fr\/actualite\/sport\/tunisie-le-bureau-de-la-ftn-dissous-le-directeur-de-l-ana-limoge\/214093\/","og_site_name":"webdo","article_publisher":"https:\/\/www.facebook.com\/webdotn","article_published_time":"2024-05-11T10:47:00+00:00","article_modified_time":"2025-05-20T21:50:44+00:00","og_image":[{"width":750,"height":400,"url":"https:\/\/www.webdo.tn\/fr\/wp-content\/uploads\/2024\/05\/cb1bff485dd3419de3893d352a8081a3.webp","type":"image\/webp"}],"author":"MC","twitter_card":"summary_large_image","twitter_creator":"@webdo_tn","twitter_site":"@webdo_tn","twitter_misc":{"\u00c9crit par":"MC","Dur\u00e9e de lecture estim\u00e9e":"3 minutes"},"schema":{"@context":"https:\/\/schema.org","@graph":[{"@type":"NewsArticle","@id":"https:\/\/www.webdo.tn\/fr\/actualite\/sport\/tunisie-le-bureau-de-la-ftn-dissous-le-directeur-de-l-ana-limoge\/214093\/#article","isPartOf":{"@id":"https:\/\/www.webdo.tn\/fr\/actualite\/sport\/tunisie-le-bureau-de-la-ftn-dissous-le-directeur-de-l-ana-limoge\/214093\/"},"author":{"name":"MC","@id":"https:\/\/www.webdo.tn\/fr\/#\/schema\/person\/2c4929cbf5a809e3bd38617c6ce150f6"},"headline":"Tunisie : Le Bureau de la FTN dissous, le directeur de l\u2019ANA limog\u00e9","datePublished":"2024-05-11T10:47:00+00:00","dateModified":"2025-05-20T21:50:44+00:00","mainEntityOfPage":{"@id":"https:\/\/www.webdo.tn\/fr\/actualite\/sport\/tunisie-le-bureau-de-la-ftn-dissous-le-directeur-de-l-ana-limoge\/214093\/"},"wordCount":664,"commentCount":0,"publisher":{"@id":"https:\/\/www.webdo.tn\/fr\/#organization"},"image":{"@id":"https:\/\/www.webdo.tn\/fr\/actualite\/sport\/tunisie-le-bureau-de-la-ftn-dissous-le-directeur-de-l-ana-limoge\/214093\/#primaryimage"},"thumbnailUrl":"https:\/\/www.webdo.tn\/fr\/wp-content\/uploads\/2024\/05\/cb1bff485dd3419de3893d352a8081a3.webp","keywords":["AMA","ANA","drapeau","Limogeage","natation","Rad\u00e8s","Tunisie"],"articleSection":["Sport"],"inLanguage":"fr-FR"},{"@type":"WebPage","@id":"https:\/\/www.webdo.tn\/fr\/actualite\/sport\/tunisie-le-bureau-de-la-ftn-dissous-le-directeur-de-l-ana-limoge\/214093\/","url":"https:\/\/www.webdo.tn\/fr\/actualite\/sport\/tunisie-le-bureau-de-la-ftn-dissous-le-directeur-de-l-ana-limoge\/214093\/","name":"Tunisie : Le Bureau de la FTN dissous, le directeur de l\u2019ANA limog\u00e9","isPartOf":{"@id":"https:\/\/www.webdo.tn\/fr\/#website"},"primaryImageOfPage":{"@id":"https:\/\/www.webdo.tn\/fr\/actualite\/sport\/tunisie-le-bureau-de-la-ftn-dissous-le-directeur-de-l-ana-limoge\/214093\/#primaryimage"},"image":{"@id":"https:\/\/www.webdo.tn\/fr\/actualite\/sport\/tunisie-le-bureau-de-la-ftn-dissous-le-directeur-de-l-ana-limoge\/214093\/#primaryimage"},"thumbnailUrl":"https:\/\/www.webdo.tn\/fr\/wp-content\/uploads\/2024\/05\/cb1bff485dd3419de3893d352a8081a3.webp","datePublished":"2024-05-11T10:47:00+00:00","dateModified":"2025-05-20T21:50:44+00:00","description":"Le minist\u00e8re de la Jeunesse et du Sport a annonc\u00e9, dans la foul\u00e9e, le limogeage du directeur g\u00e9n\u00e9ral de l'Agence nationale antidopage, Mourad Hambli.","breadcrumb":{"@id":"https:\/\/www.webdo.tn\/fr\/actualite\/sport\/tunisie-le-bureau-de-la-ftn-dissous-le-directeur-de-l-ana-limoge\/214093\/#breadcrumb"},"inLanguage":"fr-FR","potentialAction":[{"@type":"ReadAction","target":["https:\/\/www.webdo.tn\/fr\/actualite\/sport\/tunisie-le-bureau-de-la-ftn-dissous-le-directeur-de-l-ana-limoge\/214093\/"]}]},{"@type":"ImageObject","inLanguage":"fr-FR","@id":"https:\/\/www.webdo.tn\/fr\/actualite\/sport\/tunisie-le-bureau-de-la-ftn-dissous-le-directeur-de-l-ana-limoge\/214093\/#primaryimage","url":"https:\/\/www.webdo.tn\/fr\/wp-content\/uploads\/2024\/05\/cb1bff485dd3419de3893d352a8081a3.webp","contentUrl":"https:\/\/www.webdo.tn\/fr\/wp-content\/uploads\/2024\/05\/cb1bff485dd3419de3893d352a8081a3.webp","width":750,"height":400,"caption":"Tunisie : Le Bureau de la FTN dissous, le directeur de l\u2019ANA limog\u00e9"},{"@type":"BreadcrumbList","@id":"https:\/\/www.webdo.tn\/fr\/actualite\/sport\/tunisie-le-bureau-de-la-ftn-dissous-le-directeur-de-l-ana-limoge\/214093\/#breadcrumb","itemListElement":[{"@type":"ListItem","position":1,"name":"Accueil","item":"https:\/\/www.webdo.tn\/fr\/"},{"@type":"ListItem","position":2,"name":"Tunisie : Le Bureau de la FTN dissous, le directeur de l\u2019ANA limog\u00e9"}]},{"@type":"WebSite","@id":"https:\/\/www.webdo.tn\/fr\/#website","url":"https:\/\/www.webdo.tn\/fr\/","name":"webdo","description":"Tunisie - News en Tunisie et \u00e0 l&#039;international sur Webdo.tn","publisher":{"@id":"https:\/\/www.webdo.tn\/fr\/#organization"},"potentialAction":[{"@type":"SearchAction","target":{"@type":"EntryPoint","urlTemplate":"https:\/\/www.webdo.tn\/fr\/?s={search_term_string}"},"query-input":{"@type":"PropertyValueSpecification","valueRequired":true,"valueName":"search_term_string"}}],"inLanguage":"fr-FR"},{"@type":"Organization","@id":"https:\/\/www.webdo.tn\/fr\/#organization","name":"Webdo","alternateName":"Webdo.tn","url":"https:\/\/www.webdo.tn\/fr\/","logo":{"@type":"ImageObject","inLanguage":"fr-FR","@id":"https:\/\/www.webdo.tn\/fr\/#\/schema\/logo\/image\/","url":"https:\/\/www.webdo.tn\/fr\/wp-content\/uploads\/2025\/06\/Webdo-Tunisie_168377.jpg","contentUrl":"https:\/\/www.webdo.tn\/fr\/wp-content\/uploads\/2025\/06\/Webdo-Tunisie_168377.jpg","width":301,"height":301,"caption":"Webdo"},"image":{"@id":"https:\/\/www.webdo.tn\/fr\/#\/schema\/logo\/image\/"},"sameAs":["https:\/\/www.facebook.com\/webdotn","https:\/\/x.com\/webdo_tn"],"description":"Webdo est un m\u00e9dia num\u00e9rique tunisien fond\u00e9 en 2010, sp\u00e9cialis\u00e9 dans l\u2019actualit\u00e9 nationale et internationale, l\u2019\u00e9conomie, la soci\u00e9t\u00e9 et les analyses politiques. Le site s\u2019adresse \u00e0 un large public francophone et couvre l\u2019information tunisienne en temps r\u00e9el.","email":"redac@webdo.tn","legalName":"YNJ SARL","foundingDate":"2010-09-06","numberOfEmployees":{"@type":"QuantitativeValue","minValue":"11","maxValue":"50"}},{"@type":"Person","@id":"https:\/\/www.webdo.tn\/fr\/#\/schema\/person\/2c4929cbf5a809e3bd38617c6ce150f6","name":"MC","image":{"@type":"ImageObject","inLanguage":"fr-FR","@id":"https:\/\/secure.gravatar.com\/avatar\/a545bbb6f84efdd5553dbbc2895e3ca8f1d12c5215e00a041c9670b54aa9b18a?s=96&d=mm&r=g","url":"https:\/\/secure.gravatar.com\/avatar\/a545bbb6f84efdd5553dbbc2895e3ca8f1d12c5215e00a041c9670b54aa9b18a?s=96&d=mm&r=g","contentUrl":"https:\/\/secure.gravatar.com\/avatar\/a545bbb6f84efdd5553dbbc2895e3ca8f1d12c5215e00a041c9670b54aa9b18a?s=96&d=mm&r=g","caption":"MC"},"url":"https:\/\/www.webdo.tn\/fr\/actualite\/author\/mc\/"}]}},"_links":{"self":[{"href":"https:\/\/www.webdo.tn\/fr\/wp-json\/wp\/v2\/posts\/214093","targetHints":{"allow":["GET"]}}],"collection":[{"href":"https:\/\/www.webdo.tn\/fr\/wp-json\/wp\/v2\/posts"}],"about":[{"href":"https:\/\/www.webdo.tn\/fr\/wp-json\/wp\/v2\/types\/post"}],"author":[{"embeddable":true,"href":"https:\/\/www.webdo.tn\/fr\/wp-json\/wp\/v2\/users\/3162"}],"replies":[{"embeddable":true,"href":"https:\/\/www.webdo.tn\/fr\/wp-json\/wp\/v2\/comments?post=214093"}],"version-history":[{"count":0,"href":"https:\/\/www.webdo.tn\/fr\/wp-json\/wp\/v2\/posts\/214093\/revisions"}],"wp:featuredmedia":[{"embeddable":true,"href":"https:\/\/www.webdo.tn\/fr\/wp-json\/wp\/v2\/media\/247395"}],"wp:attachment":[{"href":"https:\/\/www.webdo.tn\/fr\/wp-json\/wp\/v2\/media?parent=214093"}],"wp:term":[{"taxonomy":"category","embeddable":true,"href":"https:\/\/www.webdo.tn\/fr\/wp-json\/wp\/v2\/categories?post=214093"},{"taxonomy":"post_tag","embeddable":true,"href":"https:\/\/www.webdo.tn\/fr\/wp-json\/wp\/v2\/tags?post=214093"}],"curies":[{"name":"wp","href":"https:\/\/api.w.org\/{rel}","templated":true}]}}