{"id":214090,"date":"2024-05-11T09:41:00","date_gmt":"2024-05-11T09:41:00","guid":{"rendered":"https:\/\/www.webdo.tn\/fr\/blog\/incident-de-rades-kais-saied-promet-de-punir-ceux-qui-ont-couvert-le-drapeau-national-video\/214090\/"},"modified":"2025-05-20T22:13:16","modified_gmt":"2025-05-20T22:13:16","slug":"incident-de-rades-kais-saied-promet-de-punir-ceux-qui-ont-couvert-le-drapeau-national-video","status":"publish","type":"post","link":"https:\/\/www.webdo.tn\/fr\/actualite\/national\/incident-de-rades-kais-saied-promet-de-punir-ceux-qui-ont-couvert-le-drapeau-national-video\/214090\/","title":{"rendered":"Incident de Rad\u00e8s : Kais Saied promet de punir ceux qui ont couvert le drapeau national (vid\u00e9o)"},"content":{"rendered":"<p>En marge d\u2019une visite inopin\u00e9e \u00e0 la piscine olympique de Rad\u00e8s, le pr\u00e9sident de la R\u00e9publique, Kais Saied, a ordonn\u00e9, vendredi 10 mai 2024, l\u2019ouverture d\u2019une enqu\u00eate concernant l\u2019incident du drapeau nationale.<\/p>\n<p>\t\t\t\t\t\t\t\t\tApr\u00e8s avoir effectu\u00e9 une visite inopin\u00e9e \u00e0 la piscine olympique de Rad\u00e8s, le pr\u00e9sident de la R\u00e9publique, Kais Saied s\u2019est rendu au palais de la Kasbah o\u00f9 il s\u2019est r\u00e9uni avec le chef du gouvernement, Ahmed Hachani ainsi que le ministres de l&rsquo;Int\u00e9rieur, Kamel Feki, de la Justice, Leila Jaffel et de la Jeunesse et des Sports, Kamel Deguiche, de Mourad Sa\u00efdane, directeur g\u00e9n\u00e9ral de la s\u00fbret\u00e9 nationale et de Houcine Gharbi, directeur g\u00e9n\u00e9ral de la Garde nationale tunisienne.<\/p>\n<p>Lors de cette r\u00e9union film\u00e9e par les services de la Pr\u00e9sidence de la R\u00e9publique, Kais Saied a fustig\u00e9 l\u2019incident du drapeau national, couvert par un tissu lors de la 7e \u00e9dition du Tunisian Open Master, organis\u00e9e par la F\u00e9d\u00e9ration nationale de natation.<\/p>\n<p>Il a ordonn\u00e9 l&rsquo;ouverture d&rsquo;une enqu\u00eate judiciaire et administrative et des mesures imm\u00e9diates contre ceux qui ont couvert le drapeau national, d\u00e9clarant que \u00ab\u00a0ceux qui ont couvert le drapeau ont commis un crime odieux contre le peuple tunisien et doivent \u00eatre punis\u00a0\u00bb, indique un communiqu\u00e9, publi\u00e9 par la page Facebook de la pr\u00e9sidence de la R\u00e9publique.<\/p>\n<p>\u00ab\u00a0Ce qui s\u2019est pass\u00e9 \u00e0 la piscine olympique de Rad\u00e8s est un crime odieux et impardonnable\u2026 Nous devons tenir toute personne responsable de cet acte, coupable de crime\u2026. Il n\u2019y a pas de pardon\u2026 Ce drapeau est orn\u00e9 du sang des martyrs de Kasserine\u2026 Le drapeau est orn\u00e9 de sang depuis des d\u00e9cennies et des si\u00e8cles\u2026\u00a0\u00bb, a-t-il notamment lanc\u00e9.<\/p>\n<p>Le pr\u00e9sident de la R\u00e9publique, Kais Saied, a effectu\u00e9, hier, une visite \u00e0 la piscine olympique de Rad\u00e8s o\u00f9 il a exprim\u00e9 sa col\u00e8re apr\u00e8s l\u2019incident du drapeau national couvert d\u2019un tissu conform\u00e9ment\u00a0 aux sanctions impos\u00e9es par l\u2019Agence mondiale anti-dopage contre la Tunisie.<\/p>\n","protected":false},"excerpt":{"rendered":"<p>Apr\u00e8s avoir effectu\u00e9 une visite inopin\u00e9e \u00e0 la piscine olympique de Rad\u00e8s, le pr\u00e9sident de la R\u00e9publique, Kais Saied s\u2019est rendu au palais de la Kasbah<\/p>\n","protected":false},"author":3162,"featured_media":290579,"comment_status":"open","ping_status":"closed","sticky":false,"template":"","format":"standard","meta":{"footnotes":""},"categories":[44],"tags":[3732,8709,2614,2754],"class_list":["post-214090","post","type-post","status-publish","format-standard","has-post-thumbnail","hentry","category-national","tag-drapeau","tag-incident","tag-kais-saied","tag-rades"],"yoast_head":"<!-- This site is optimized with the Yoast SEO Premium plugin v27.5 (Yoast SEO v27.5) - https:\/\/yoast.com\/product\/yoast-seo-premium-wordpress\/ -->\n<title>Incident de Rad\u00e8s : Kais Saied promet de punir ceux qui ont couvert le drapeau national (vid\u00e9o)<\/title>\n<meta name=\"description\" content=\"Apr\u00e8s avoir effectu\u00e9 une visite inopin\u00e9e \u00e0 la piscine olympique de Rad\u00e8s, le pr\u00e9sident de la R\u00e9publique, Kais Saied s\u2019est rendu au palais de la Kasbah\" \/>\n<link rel=\"canonical\" href=\"https:\/\/www.webdo.tn\/fr\/actualite\/national\/incident-de-rades-kais-saied-promet-de-punir-ceux-qui-ont-couvert-le-drapeau-national-video\/214090\/\" \/>\n<meta property=\"og:locale\" content=\"fr_FR\" \/>\n<meta property=\"og:type\" content=\"article\" \/>\n<meta property=\"og:title\" content=\"Incident de Rad\u00e8s : Kais Saied promet de punir ceux qui ont couvert le drapeau national (vid\u00e9o)\" \/>\n<meta property=\"og:description\" content=\"Apr\u00e8s avoir effectu\u00e9 une visite inopin\u00e9e \u00e0 la piscine olympique de Rad\u00e8s, le pr\u00e9sident de la R\u00e9publique, Kais Saied s\u2019est rendu au palais de la Kasbah\" \/>\n<meta property=\"og:url\" content=\"https:\/\/www.webdo.tn\/fr\/actualite\/national\/incident-de-rades-kais-saied-promet-de-punir-ceux-qui-ont-couvert-le-drapeau-national-video\/214090\/\" \/>\n<meta property=\"og:site_name\" content=\"webdo\" \/>\n<meta property=\"article:publisher\" content=\"https:\/\/www.facebook.com\/webdotn\" \/>\n<meta property=\"article:published_time\" content=\"2024-05-11T09:41:00+00:00\" \/>\n<meta property=\"article:modified_time\" content=\"2025-05-20T22:13:16+00:00\" \/>\n<meta property=\"og:image\" content=\"https:\/\/www.webdo.tn\/fr\/wp-content\/uploads\/2024\/05\/a540b7b4b6f2e231b579c2d61ea6d8d2.webp\" \/>\n\t<meta property=\"og:image:width\" content=\"750\" \/>\n\t<meta property=\"og:image:height\" content=\"400\" \/>\n\t<meta property=\"og:image:type\" content=\"image\/webp\" \/>\n<meta name=\"author\" content=\"MC\" \/>\n<meta name=\"twitter:card\" content=\"summary_large_image\" \/>\n<meta name=\"twitter:creator\" content=\"@webdo_tn\" \/>\n<meta name=\"twitter:site\" content=\"@webdo_tn\" \/>\n<meta name=\"twitter:label1\" content=\"\u00c9crit par\" \/>\n\t<meta name=\"twitter:data1\" content=\"MC\" \/>\n\t<meta name=\"twitter:label2\" content=\"Dur\u00e9e de lecture estim\u00e9e\" \/>\n\t<meta name=\"twitter:data2\" content=\"2 minutes\" \/>\n<script type=\"application\/ld+json\" class=\"yoast-schema-graph\">{\"@context\":\"https:\\\/\\\/schema.org\",\"@graph\":[{\"@type\":\"NewsArticle\",\"@id\":\"https:\\\/\\\/www.webdo.tn\\\/fr\\\/actualite\\\/national\\\/incident-de-rades-kais-saied-promet-de-punir-ceux-qui-ont-couvert-le-drapeau-national-video\\\/214090\\\/#article\",\"isPartOf\":{\"@id\":\"https:\\\/\\\/www.webdo.tn\\\/fr\\\/actualite\\\/national\\\/incident-de-rades-kais-saied-promet-de-punir-ceux-qui-ont-couvert-le-drapeau-national-video\\\/214090\\\/\"},\"author\":{\"name\":\"MC\",\"@id\":\"https:\\\/\\\/www.webdo.tn\\\/fr\\\/#\\\/schema\\\/person\\\/2c4929cbf5a809e3bd38617c6ce150f6\"},\"headline\":\"Incident de Rad\u00e8s : Kais Saied promet de punir ceux qui ont couvert le drapeau national (vid\u00e9o)\",\"datePublished\":\"2024-05-11T09:41:00+00:00\",\"dateModified\":\"2025-05-20T22:13:16+00:00\",\"mainEntityOfPage\":{\"@id\":\"https:\\\/\\\/www.webdo.tn\\\/fr\\\/actualite\\\/national\\\/incident-de-rades-kais-saied-promet-de-punir-ceux-qui-ont-couvert-le-drapeau-national-video\\\/214090\\\/\"},\"wordCount\":378,\"commentCount\":0,\"publisher\":{\"@id\":\"https:\\\/\\\/www.webdo.tn\\\/fr\\\/#organization\"},\"image\":{\"@id\":\"https:\\\/\\\/www.webdo.tn\\\/fr\\\/actualite\\\/national\\\/incident-de-rades-kais-saied-promet-de-punir-ceux-qui-ont-couvert-le-drapeau-national-video\\\/214090\\\/#primaryimage\"},\"thumbnailUrl\":\"https:\\\/\\\/www.webdo.tn\\\/fr\\\/wp-content\\\/uploads\\\/2024\\\/05\\\/a540b7b4b6f2e231b579c2d61ea6d8d2.webp\",\"keywords\":[\"drapeau\",\"incident\",\"Kais Saied\",\"Rad\u00e8s\"],\"articleSection\":[\"National\"],\"inLanguage\":\"fr-FR\"},{\"@type\":\"WebPage\",\"@id\":\"https:\\\/\\\/www.webdo.tn\\\/fr\\\/actualite\\\/national\\\/incident-de-rades-kais-saied-promet-de-punir-ceux-qui-ont-couvert-le-drapeau-national-video\\\/214090\\\/\",\"url\":\"https:\\\/\\\/www.webdo.tn\\\/fr\\\/actualite\\\/national\\\/incident-de-rades-kais-saied-promet-de-punir-ceux-qui-ont-couvert-le-drapeau-national-video\\\/214090\\\/\",\"name\":\"Incident de Rad\u00e8s : Kais Saied promet de punir ceux qui ont couvert le drapeau national (vid\u00e9o)\",\"isPartOf\":{\"@id\":\"https:\\\/\\\/www.webdo.tn\\\/fr\\\/#website\"},\"primaryImageOfPage\":{\"@id\":\"https:\\\/\\\/www.webdo.tn\\\/fr\\\/actualite\\\/national\\\/incident-de-rades-kais-saied-promet-de-punir-ceux-qui-ont-couvert-le-drapeau-national-video\\\/214090\\\/#primaryimage\"},\"image\":{\"@id\":\"https:\\\/\\\/www.webdo.tn\\\/fr\\\/actualite\\\/national\\\/incident-de-rades-kais-saied-promet-de-punir-ceux-qui-ont-couvert-le-drapeau-national-video\\\/214090\\\/#primaryimage\"},\"thumbnailUrl\":\"https:\\\/\\\/www.webdo.tn\\\/fr\\\/wp-content\\\/uploads\\\/2024\\\/05\\\/a540b7b4b6f2e231b579c2d61ea6d8d2.webp\",\"datePublished\":\"2024-05-11T09:41:00+00:00\",\"dateModified\":\"2025-05-20T22:13:16+00:00\",\"description\":\"Apr\u00e8s avoir effectu\u00e9 une visite inopin\u00e9e \u00e0 la piscine olympique de Rad\u00e8s, le pr\u00e9sident de la R\u00e9publique, Kais Saied s\u2019est rendu au palais de la Kasbah\",\"breadcrumb\":{\"@id\":\"https:\\\/\\\/www.webdo.tn\\\/fr\\\/actualite\\\/national\\\/incident-de-rades-kais-saied-promet-de-punir-ceux-qui-ont-couvert-le-drapeau-national-video\\\/214090\\\/#breadcrumb\"},\"inLanguage\":\"fr-FR\",\"potentialAction\":[{\"@type\":\"ReadAction\",\"target\":[\"https:\\\/\\\/www.webdo.tn\\\/fr\\\/actualite\\\/national\\\/incident-de-rades-kais-saied-promet-de-punir-ceux-qui-ont-couvert-le-drapeau-national-video\\\/214090\\\/\"]}]},{\"@type\":\"ImageObject\",\"inLanguage\":\"fr-FR\",\"@id\":\"https:\\\/\\\/www.webdo.tn\\\/fr\\\/actualite\\\/national\\\/incident-de-rades-kais-saied-promet-de-punir-ceux-qui-ont-couvert-le-drapeau-national-video\\\/214090\\\/#primaryimage\",\"url\":\"https:\\\/\\\/www.webdo.tn\\\/fr\\\/wp-content\\\/uploads\\\/2024\\\/05\\\/a540b7b4b6f2e231b579c2d61ea6d8d2.webp\",\"contentUrl\":\"https:\\\/\\\/www.webdo.tn\\\/fr\\\/wp-content\\\/uploads\\\/2024\\\/05\\\/a540b7b4b6f2e231b579c2d61ea6d8d2.webp\",\"width\":750,\"height\":400,\"caption\":\"Incident de Rad\u00e8s : Kais Saied promet de punir ceux qui ont couvert le drapeau national (vid\u00e9o)\"},{\"@type\":\"BreadcrumbList\",\"@id\":\"https:\\\/\\\/www.webdo.tn\\\/fr\\\/actualite\\\/national\\\/incident-de-rades-kais-saied-promet-de-punir-ceux-qui-ont-couvert-le-drapeau-national-video\\\/214090\\\/#breadcrumb\",\"itemListElement\":[{\"@type\":\"ListItem\",\"position\":1,\"name\":\"Accueil\",\"item\":\"https:\\\/\\\/www.webdo.tn\\\/fr\\\/\"},{\"@type\":\"ListItem\",\"position\":2,\"name\":\"Incident de Rad\u00e8s : Kais Saied promet de punir ceux qui ont couvert le drapeau national (vid\u00e9o)\"}]},{\"@type\":\"WebSite\",\"@id\":\"https:\\\/\\\/www.webdo.tn\\\/fr\\\/#website\",\"url\":\"https:\\\/\\\/www.webdo.tn\\\/fr\\\/\",\"name\":\"webdo\",\"description\":\"Tunisie - News en Tunisie et \u00e0 l&#039;international sur Webdo.tn\",\"publisher\":{\"@id\":\"https:\\\/\\\/www.webdo.tn\\\/fr\\\/#organization\"},\"potentialAction\":[{\"@type\":\"SearchAction\",\"target\":{\"@type\":\"EntryPoint\",\"urlTemplate\":\"https:\\\/\\\/www.webdo.tn\\\/fr\\\/?s={search_term_string}\"},\"query-input\":{\"@type\":\"PropertyValueSpecification\",\"valueRequired\":true,\"valueName\":\"search_term_string\"}}],\"inLanguage\":\"fr-FR\"},{\"@type\":\"Organization\",\"@id\":\"https:\\\/\\\/www.webdo.tn\\\/fr\\\/#organization\",\"name\":\"Webdo\",\"alternateName\":\"Webdo.tn\",\"url\":\"https:\\\/\\\/www.webdo.tn\\\/fr\\\/\",\"logo\":{\"@type\":\"ImageObject\",\"inLanguage\":\"fr-FR\",\"@id\":\"https:\\\/\\\/www.webdo.tn\\\/fr\\\/#\\\/schema\\\/logo\\\/image\\\/\",\"url\":\"https:\\\/\\\/www.webdo.tn\\\/fr\\\/wp-content\\\/uploads\\\/2025\\\/06\\\/Webdo-Tunisie_168377.jpg\",\"contentUrl\":\"https:\\\/\\\/www.webdo.tn\\\/fr\\\/wp-content\\\/uploads\\\/2025\\\/06\\\/Webdo-Tunisie_168377.jpg\",\"width\":301,\"height\":301,\"caption\":\"Webdo\"},\"image\":{\"@id\":\"https:\\\/\\\/www.webdo.tn\\\/fr\\\/#\\\/schema\\\/logo\\\/image\\\/\"},\"sameAs\":[\"https:\\\/\\\/www.facebook.com\\\/webdotn\",\"https:\\\/\\\/x.com\\\/webdo_tn\"],\"description\":\"Webdo est un m\u00e9dia num\u00e9rique tunisien fond\u00e9 en 2010, sp\u00e9cialis\u00e9 dans l\u2019actualit\u00e9 nationale et internationale, l\u2019\u00e9conomie, la soci\u00e9t\u00e9 et les analyses politiques. Le site s\u2019adresse \u00e0 un large public francophone et couvre l\u2019information tunisienne en temps r\u00e9el.\",\"email\":\"redac@webdo.tn\",\"legalName\":\"YNJ SARL\",\"foundingDate\":\"2010-09-06\",\"numberOfEmployees\":{\"@type\":\"QuantitativeValue\",\"minValue\":\"11\",\"maxValue\":\"50\"}},{\"@type\":\"Person\",\"@id\":\"https:\\\/\\\/www.webdo.tn\\\/fr\\\/#\\\/schema\\\/person\\\/2c4929cbf5a809e3bd38617c6ce150f6\",\"name\":\"MC\",\"image\":{\"@type\":\"ImageObject\",\"inLanguage\":\"fr-FR\",\"@id\":\"https:\\\/\\\/secure.gravatar.com\\\/avatar\\\/a545bbb6f84efdd5553dbbc2895e3ca8f1d12c5215e00a041c9670b54aa9b18a?s=96&d=mm&r=g\",\"url\":\"https:\\\/\\\/secure.gravatar.com\\\/avatar\\\/a545bbb6f84efdd5553dbbc2895e3ca8f1d12c5215e00a041c9670b54aa9b18a?s=96&d=mm&r=g\",\"contentUrl\":\"https:\\\/\\\/secure.gravatar.com\\\/avatar\\\/a545bbb6f84efdd5553dbbc2895e3ca8f1d12c5215e00a041c9670b54aa9b18a?s=96&d=mm&r=g\",\"caption\":\"MC\"},\"url\":\"https:\\\/\\\/www.webdo.tn\\\/fr\\\/actualite\\\/author\\\/mc\\\/\"}]}<\/script>\n<!-- \/ Yoast SEO Premium plugin. -->","yoast_head_json":{"title":"Incident de Rad\u00e8s : Kais Saied promet de punir ceux qui ont couvert le drapeau national (vid\u00e9o)","description":"Apr\u00e8s avoir effectu\u00e9 une visite inopin\u00e9e \u00e0 la piscine olympique de Rad\u00e8s, le pr\u00e9sident de la R\u00e9publique, Kais Saied s\u2019est rendu au palais de la Kasbah","canonical":"https:\/\/www.webdo.tn\/fr\/actualite\/national\/incident-de-rades-kais-saied-promet-de-punir-ceux-qui-ont-couvert-le-drapeau-national-video\/214090\/","og_locale":"fr_FR","og_type":"article","og_title":"Incident de Rad\u00e8s : Kais Saied promet de punir ceux qui ont couvert le drapeau national (vid\u00e9o)","og_description":"Apr\u00e8s avoir effectu\u00e9 une visite inopin\u00e9e \u00e0 la piscine olympique de Rad\u00e8s, le pr\u00e9sident de la R\u00e9publique, Kais Saied s\u2019est rendu au palais de la Kasbah","og_url":"https:\/\/www.webdo.tn\/fr\/actualite\/national\/incident-de-rades-kais-saied-promet-de-punir-ceux-qui-ont-couvert-le-drapeau-national-video\/214090\/","og_site_name":"webdo","article_publisher":"https:\/\/www.facebook.com\/webdotn","article_published_time":"2024-05-11T09:41:00+00:00","article_modified_time":"2025-05-20T22:13:16+00:00","og_image":[{"width":750,"height":400,"url":"https:\/\/www.webdo.tn\/fr\/wp-content\/uploads\/2024\/05\/a540b7b4b6f2e231b579c2d61ea6d8d2.webp","type":"image\/webp"}],"author":"MC","twitter_card":"summary_large_image","twitter_creator":"@webdo_tn","twitter_site":"@webdo_tn","twitter_misc":{"\u00c9crit par":"MC","Dur\u00e9e de lecture estim\u00e9e":"2 minutes"},"schema":{"@context":"https:\/\/schema.org","@graph":[{"@type":"NewsArticle","@id":"https:\/\/www.webdo.tn\/fr\/actualite\/national\/incident-de-rades-kais-saied-promet-de-punir-ceux-qui-ont-couvert-le-drapeau-national-video\/214090\/#article","isPartOf":{"@id":"https:\/\/www.webdo.tn\/fr\/actualite\/national\/incident-de-rades-kais-saied-promet-de-punir-ceux-qui-ont-couvert-le-drapeau-national-video\/214090\/"},"author":{"name":"MC","@id":"https:\/\/www.webdo.tn\/fr\/#\/schema\/person\/2c4929cbf5a809e3bd38617c6ce150f6"},"headline":"Incident de Rad\u00e8s : Kais Saied promet de punir ceux qui ont couvert le drapeau national (vid\u00e9o)","datePublished":"2024-05-11T09:41:00+00:00","dateModified":"2025-05-20T22:13:16+00:00","mainEntityOfPage":{"@id":"https:\/\/www.webdo.tn\/fr\/actualite\/national\/incident-de-rades-kais-saied-promet-de-punir-ceux-qui-ont-couvert-le-drapeau-national-video\/214090\/"},"wordCount":378,"commentCount":0,"publisher":{"@id":"https:\/\/www.webdo.tn\/fr\/#organization"},"image":{"@id":"https:\/\/www.webdo.tn\/fr\/actualite\/national\/incident-de-rades-kais-saied-promet-de-punir-ceux-qui-ont-couvert-le-drapeau-national-video\/214090\/#primaryimage"},"thumbnailUrl":"https:\/\/www.webdo.tn\/fr\/wp-content\/uploads\/2024\/05\/a540b7b4b6f2e231b579c2d61ea6d8d2.webp","keywords":["drapeau","incident","Kais Saied","Rad\u00e8s"],"articleSection":["National"],"inLanguage":"fr-FR"},{"@type":"WebPage","@id":"https:\/\/www.webdo.tn\/fr\/actualite\/national\/incident-de-rades-kais-saied-promet-de-punir-ceux-qui-ont-couvert-le-drapeau-national-video\/214090\/","url":"https:\/\/www.webdo.tn\/fr\/actualite\/national\/incident-de-rades-kais-saied-promet-de-punir-ceux-qui-ont-couvert-le-drapeau-national-video\/214090\/","name":"Incident de Rad\u00e8s : Kais Saied promet de punir ceux qui ont couvert le drapeau national (vid\u00e9o)","isPartOf":{"@id":"https:\/\/www.webdo.tn\/fr\/#website"},"primaryImageOfPage":{"@id":"https:\/\/www.webdo.tn\/fr\/actualite\/national\/incident-de-rades-kais-saied-promet-de-punir-ceux-qui-ont-couvert-le-drapeau-national-video\/214090\/#primaryimage"},"image":{"@id":"https:\/\/www.webdo.tn\/fr\/actualite\/national\/incident-de-rades-kais-saied-promet-de-punir-ceux-qui-ont-couvert-le-drapeau-national-video\/214090\/#primaryimage"},"thumbnailUrl":"https:\/\/www.webdo.tn\/fr\/wp-content\/uploads\/2024\/05\/a540b7b4b6f2e231b579c2d61ea6d8d2.webp","datePublished":"2024-05-11T09:41:00+00:00","dateModified":"2025-05-20T22:13:16+00:00","description":"Apr\u00e8s avoir effectu\u00e9 une visite inopin\u00e9e \u00e0 la piscine olympique de Rad\u00e8s, le pr\u00e9sident de la R\u00e9publique, Kais Saied s\u2019est rendu au palais de la Kasbah","breadcrumb":{"@id":"https:\/\/www.webdo.tn\/fr\/actualite\/national\/incident-de-rades-kais-saied-promet-de-punir-ceux-qui-ont-couvert-le-drapeau-national-video\/214090\/#breadcrumb"},"inLanguage":"fr-FR","potentialAction":[{"@type":"ReadAction","target":["https:\/\/www.webdo.tn\/fr\/actualite\/national\/incident-de-rades-kais-saied-promet-de-punir-ceux-qui-ont-couvert-le-drapeau-national-video\/214090\/"]}]},{"@type":"ImageObject","inLanguage":"fr-FR","@id":"https:\/\/www.webdo.tn\/fr\/actualite\/national\/incident-de-rades-kais-saied-promet-de-punir-ceux-qui-ont-couvert-le-drapeau-national-video\/214090\/#primaryimage","url":"https:\/\/www.webdo.tn\/fr\/wp-content\/uploads\/2024\/05\/a540b7b4b6f2e231b579c2d61ea6d8d2.webp","contentUrl":"https:\/\/www.webdo.tn\/fr\/wp-content\/uploads\/2024\/05\/a540b7b4b6f2e231b579c2d61ea6d8d2.webp","width":750,"height":400,"caption":"Incident de Rad\u00e8s : Kais Saied promet de punir ceux qui ont couvert le drapeau national (vid\u00e9o)"},{"@type":"BreadcrumbList","@id":"https:\/\/www.webdo.tn\/fr\/actualite\/national\/incident-de-rades-kais-saied-promet-de-punir-ceux-qui-ont-couvert-le-drapeau-national-video\/214090\/#breadcrumb","itemListElement":[{"@type":"ListItem","position":1,"name":"Accueil","item":"https:\/\/www.webdo.tn\/fr\/"},{"@type":"ListItem","position":2,"name":"Incident de Rad\u00e8s : Kais Saied promet de punir ceux qui ont couvert le drapeau national (vid\u00e9o)"}]},{"@type":"WebSite","@id":"https:\/\/www.webdo.tn\/fr\/#website","url":"https:\/\/www.webdo.tn\/fr\/","name":"webdo","description":"Tunisie - News en Tunisie et \u00e0 l&#039;international sur Webdo.tn","publisher":{"@id":"https:\/\/www.webdo.tn\/fr\/#organization"},"potentialAction":[{"@type":"SearchAction","target":{"@type":"EntryPoint","urlTemplate":"https:\/\/www.webdo.tn\/fr\/?s={search_term_string}"},"query-input":{"@type":"PropertyValueSpecification","valueRequired":true,"valueName":"search_term_string"}}],"inLanguage":"fr-FR"},{"@type":"Organization","@id":"https:\/\/www.webdo.tn\/fr\/#organization","name":"Webdo","alternateName":"Webdo.tn","url":"https:\/\/www.webdo.tn\/fr\/","logo":{"@type":"ImageObject","inLanguage":"fr-FR","@id":"https:\/\/www.webdo.tn\/fr\/#\/schema\/logo\/image\/","url":"https:\/\/www.webdo.tn\/fr\/wp-content\/uploads\/2025\/06\/Webdo-Tunisie_168377.jpg","contentUrl":"https:\/\/www.webdo.tn\/fr\/wp-content\/uploads\/2025\/06\/Webdo-Tunisie_168377.jpg","width":301,"height":301,"caption":"Webdo"},"image":{"@id":"https:\/\/www.webdo.tn\/fr\/#\/schema\/logo\/image\/"},"sameAs":["https:\/\/www.facebook.com\/webdotn","https:\/\/x.com\/webdo_tn"],"description":"Webdo est un m\u00e9dia num\u00e9rique tunisien fond\u00e9 en 2010, sp\u00e9cialis\u00e9 dans l\u2019actualit\u00e9 nationale et internationale, l\u2019\u00e9conomie, la soci\u00e9t\u00e9 et les analyses politiques. Le site s\u2019adresse \u00e0 un large public francophone et couvre l\u2019information tunisienne en temps r\u00e9el.","email":"redac@webdo.tn","legalName":"YNJ SARL","foundingDate":"2010-09-06","numberOfEmployees":{"@type":"QuantitativeValue","minValue":"11","maxValue":"50"}},{"@type":"Person","@id":"https:\/\/www.webdo.tn\/fr\/#\/schema\/person\/2c4929cbf5a809e3bd38617c6ce150f6","name":"MC","image":{"@type":"ImageObject","inLanguage":"fr-FR","@id":"https:\/\/secure.gravatar.com\/avatar\/a545bbb6f84efdd5553dbbc2895e3ca8f1d12c5215e00a041c9670b54aa9b18a?s=96&d=mm&r=g","url":"https:\/\/secure.gravatar.com\/avatar\/a545bbb6f84efdd5553dbbc2895e3ca8f1d12c5215e00a041c9670b54aa9b18a?s=96&d=mm&r=g","contentUrl":"https:\/\/secure.gravatar.com\/avatar\/a545bbb6f84efdd5553dbbc2895e3ca8f1d12c5215e00a041c9670b54aa9b18a?s=96&d=mm&r=g","caption":"MC"},"url":"https:\/\/www.webdo.tn\/fr\/actualite\/author\/mc\/"}]}},"_links":{"self":[{"href":"https:\/\/www.webdo.tn\/fr\/wp-json\/wp\/v2\/posts\/214090","targetHints":{"allow":["GET"]}}],"collection":[{"href":"https:\/\/www.webdo.tn\/fr\/wp-json\/wp\/v2\/posts"}],"about":[{"href":"https:\/\/www.webdo.tn\/fr\/wp-json\/wp\/v2\/types\/post"}],"author":[{"embeddable":true,"href":"https:\/\/www.webdo.tn\/fr\/wp-json\/wp\/v2\/users\/3162"}],"replies":[{"embeddable":true,"href":"https:\/\/www.webdo.tn\/fr\/wp-json\/wp\/v2\/comments?post=214090"}],"version-history":[{"count":0,"href":"https:\/\/www.webdo.tn\/fr\/wp-json\/wp\/v2\/posts\/214090\/revisions"}],"wp:featuredmedia":[{"embeddable":true,"href":"https:\/\/www.webdo.tn\/fr\/wp-json\/wp\/v2\/media\/290579"}],"wp:attachment":[{"href":"https:\/\/www.webdo.tn\/fr\/wp-json\/wp\/v2\/media?parent=214090"}],"wp:term":[{"taxonomy":"category","embeddable":true,"href":"https:\/\/www.webdo.tn\/fr\/wp-json\/wp\/v2\/categories?post=214090"},{"taxonomy":"post_tag","embeddable":true,"href":"https:\/\/www.webdo.tn\/fr\/wp-json\/wp\/v2\/tags?post=214090"}],"curies":[{"name":"wp","href":"https:\/\/api.w.org\/{rel}","templated":true}]}}