{"id":214077,"date":"2024-05-10T12:23:00","date_gmt":"2024-05-10T12:23:00","guid":{"rendered":"https:\/\/www.webdo.tn\/fr\/blog\/tunisie-mandat-d-amener-a-l-encontre-de-sonia-dhamani\/214077\/"},"modified":"2025-05-20T22:13:17","modified_gmt":"2025-05-20T22:13:17","slug":"tunisie-mandat-d-amener-a-l-encontre-de-sonia-dhamani","status":"publish","type":"post","link":"https:\/\/www.webdo.tn\/fr\/actualite\/national\/tunisie-mandat-d-amener-a-l-encontre-de-sonia-dhamani\/214077\/","title":{"rendered":"Tunisie : Mandat d&rsquo;amener \u00e0 l&rsquo;encontre de Sonia Dhamani"},"content":{"rendered":"<p>Le juge d&rsquo;instruction a rejet\u00e9, ce vendredi 10 mai 2024, la demande de report de l&rsquo;audition de l&rsquo;avocate Sonia Dhamani, et a \u00e9mis un mandat d&rsquo;amener \u00e0 son encontre.<\/p>\n<p>\t\t\t\t\t\t\t\t\tSelon IFM, le mandat d&rsquo;amener est bas\u00e9 sur le d\u00e9cret 54, en particulier l&rsquo;article 23, suite \u00e0 une d\u00e9claration qu&rsquo;elle a faite sur la cha\u00eene Carthage+.<\/p>\n<p>Sonia Dhamani a suscit\u00e9 mercredi dernier une large controverse suite \u00e0 sa d\u00e9claration dans une \u00e9mission sur la cha\u00eene Carthage+ lorsqu&rsquo;elle a abord\u00e9 le sujet des migrants en Tunisie et que l&rsquo;animateur de l&rsquo;\u00e9mission, Borhene Besaies, lui a pos\u00e9 la question : \u00ab\u00a0Que veulent-ils conqu\u00e9rir en Tunisie ?\u00a0\u00bb. Elle a alors r\u00e9pondu : \u00ab\u00a0Qu&rsquo;est-ce qu&rsquo;il y a de si g\u00e9nial \u00e0 conqu\u00e9rir dans ce pays\u00a0 que la moiti\u00e9 des jeunes veulent quitter ?\u00a0\u00bb.<\/p>\n","protected":false},"excerpt":{"rendered":"<p>Le mandat d&rsquo;amener est bas\u00e9 sur le d\u00e9cret 54, en particulier l&rsquo;article 23, suite \u00e0 une d\u00e9claration qu&rsquo;elle a faite sur la cha\u00eene Carthage+.<\/p>\n","protected":false},"author":3162,"featured_media":290581,"comment_status":"open","ping_status":"closed","sticky":false,"template":"","format":"standard","meta":{"footnotes":""},"categories":[44],"tags":[2619,7943,3313,2608],"class_list":["post-214077","post","type-post","status-publish","format-standard","has-post-thumbnail","hentry","category-national","tag-justice","tag-mandat-damener","tag-sonia-dahmani","tag-tunisie"],"yoast_head":"<!-- This site is optimized with the Yoast SEO Premium plugin v27.5 (Yoast SEO v27.5) - https:\/\/yoast.com\/product\/yoast-seo-premium-wordpress\/ -->\n<title>Tunisie : Mandat d&#039;amener \u00e0 l&#039;encontre de Sonia Dhamani<\/title>\n<meta name=\"description\" content=\"Le mandat d&#039;amener est bas\u00e9 sur le d\u00e9cret 54, en particulier l&#039;article 23, suite \u00e0 une d\u00e9claration qu&#039;elle a faite sur la cha\u00eene Carthage+.\" \/>\n<link rel=\"canonical\" href=\"https:\/\/www.webdo.tn\/fr\/actualite\/national\/tunisie-mandat-d-amener-a-l-encontre-de-sonia-dhamani\/214077\/\" \/>\n<meta property=\"og:locale\" content=\"fr_FR\" \/>\n<meta property=\"og:type\" content=\"article\" \/>\n<meta property=\"og:title\" content=\"Tunisie : Mandat d&#039;amener \u00e0 l&#039;encontre de Sonia Dhamani\" \/>\n<meta property=\"og:description\" content=\"Le mandat d&#039;amener est bas\u00e9 sur le d\u00e9cret 54, en particulier l&#039;article 23, suite \u00e0 une d\u00e9claration qu&#039;elle a faite sur la cha\u00eene Carthage+.\" \/>\n<meta property=\"og:url\" content=\"https:\/\/www.webdo.tn\/fr\/actualite\/national\/tunisie-mandat-d-amener-a-l-encontre-de-sonia-dhamani\/214077\/\" \/>\n<meta property=\"og:site_name\" content=\"webdo\" \/>\n<meta property=\"article:publisher\" content=\"https:\/\/www.facebook.com\/webdotn\" \/>\n<meta property=\"article:published_time\" content=\"2024-05-10T12:23:00+00:00\" \/>\n<meta property=\"article:modified_time\" content=\"2025-05-20T22:13:17+00:00\" \/>\n<meta property=\"og:image\" content=\"https:\/\/www.webdo.tn\/fr\/wp-content\/uploads\/2024\/05\/f1999a0dc75a0caea5c5f3bb7ec47d9a.webp\" \/>\n\t<meta property=\"og:image:width\" content=\"750\" \/>\n\t<meta property=\"og:image:height\" content=\"400\" \/>\n\t<meta property=\"og:image:type\" content=\"image\/webp\" \/>\n<meta name=\"author\" content=\"MC\" \/>\n<meta name=\"twitter:card\" content=\"summary_large_image\" \/>\n<meta name=\"twitter:creator\" content=\"@webdo_tn\" \/>\n<meta name=\"twitter:site\" content=\"@webdo_tn\" \/>\n<meta name=\"twitter:label1\" content=\"\u00c9crit par\" \/>\n\t<meta name=\"twitter:data1\" content=\"MC\" \/>\n\t<meta name=\"twitter:label2\" content=\"Dur\u00e9e de lecture estim\u00e9e\" \/>\n\t<meta name=\"twitter:data2\" content=\"1 minute\" \/>\n<script type=\"application\/ld+json\" class=\"yoast-schema-graph\">{\"@context\":\"https:\\\/\\\/schema.org\",\"@graph\":[{\"@type\":\"NewsArticle\",\"@id\":\"https:\\\/\\\/www.webdo.tn\\\/fr\\\/actualite\\\/national\\\/tunisie-mandat-d-amener-a-l-encontre-de-sonia-dhamani\\\/214077\\\/#article\",\"isPartOf\":{\"@id\":\"https:\\\/\\\/www.webdo.tn\\\/fr\\\/actualite\\\/national\\\/tunisie-mandat-d-amener-a-l-encontre-de-sonia-dhamani\\\/214077\\\/\"},\"author\":{\"name\":\"MC\",\"@id\":\"https:\\\/\\\/www.webdo.tn\\\/fr\\\/#\\\/schema\\\/person\\\/2c4929cbf5a809e3bd38617c6ce150f6\"},\"headline\":\"Tunisie : Mandat d&rsquo;amener \u00e0 l&rsquo;encontre de Sonia Dhamani\",\"datePublished\":\"2024-05-10T12:23:00+00:00\",\"dateModified\":\"2025-05-20T22:13:17+00:00\",\"mainEntityOfPage\":{\"@id\":\"https:\\\/\\\/www.webdo.tn\\\/fr\\\/actualite\\\/national\\\/tunisie-mandat-d-amener-a-l-encontre-de-sonia-dhamani\\\/214077\\\/\"},\"wordCount\":146,\"commentCount\":0,\"publisher\":{\"@id\":\"https:\\\/\\\/www.webdo.tn\\\/fr\\\/#organization\"},\"image\":{\"@id\":\"https:\\\/\\\/www.webdo.tn\\\/fr\\\/actualite\\\/national\\\/tunisie-mandat-d-amener-a-l-encontre-de-sonia-dhamani\\\/214077\\\/#primaryimage\"},\"thumbnailUrl\":\"https:\\\/\\\/www.webdo.tn\\\/fr\\\/wp-content\\\/uploads\\\/2024\\\/05\\\/f1999a0dc75a0caea5c5f3bb7ec47d9a.webp\",\"keywords\":[\"justice\",\"mandat d'amener\",\"sonia dahmani\",\"Tunisie\"],\"articleSection\":[\"National\"],\"inLanguage\":\"fr-FR\"},{\"@type\":\"WebPage\",\"@id\":\"https:\\\/\\\/www.webdo.tn\\\/fr\\\/actualite\\\/national\\\/tunisie-mandat-d-amener-a-l-encontre-de-sonia-dhamani\\\/214077\\\/\",\"url\":\"https:\\\/\\\/www.webdo.tn\\\/fr\\\/actualite\\\/national\\\/tunisie-mandat-d-amener-a-l-encontre-de-sonia-dhamani\\\/214077\\\/\",\"name\":\"Tunisie : Mandat d'amener \u00e0 l'encontre de Sonia Dhamani\",\"isPartOf\":{\"@id\":\"https:\\\/\\\/www.webdo.tn\\\/fr\\\/#website\"},\"primaryImageOfPage\":{\"@id\":\"https:\\\/\\\/www.webdo.tn\\\/fr\\\/actualite\\\/national\\\/tunisie-mandat-d-amener-a-l-encontre-de-sonia-dhamani\\\/214077\\\/#primaryimage\"},\"image\":{\"@id\":\"https:\\\/\\\/www.webdo.tn\\\/fr\\\/actualite\\\/national\\\/tunisie-mandat-d-amener-a-l-encontre-de-sonia-dhamani\\\/214077\\\/#primaryimage\"},\"thumbnailUrl\":\"https:\\\/\\\/www.webdo.tn\\\/fr\\\/wp-content\\\/uploads\\\/2024\\\/05\\\/f1999a0dc75a0caea5c5f3bb7ec47d9a.webp\",\"datePublished\":\"2024-05-10T12:23:00+00:00\",\"dateModified\":\"2025-05-20T22:13:17+00:00\",\"description\":\"Le mandat d'amener est bas\u00e9 sur le d\u00e9cret 54, en particulier l'article 23, suite \u00e0 une d\u00e9claration qu'elle a faite sur la cha\u00eene Carthage+.\",\"breadcrumb\":{\"@id\":\"https:\\\/\\\/www.webdo.tn\\\/fr\\\/actualite\\\/national\\\/tunisie-mandat-d-amener-a-l-encontre-de-sonia-dhamani\\\/214077\\\/#breadcrumb\"},\"inLanguage\":\"fr-FR\",\"potentialAction\":[{\"@type\":\"ReadAction\",\"target\":[\"https:\\\/\\\/www.webdo.tn\\\/fr\\\/actualite\\\/national\\\/tunisie-mandat-d-amener-a-l-encontre-de-sonia-dhamani\\\/214077\\\/\"]}]},{\"@type\":\"ImageObject\",\"inLanguage\":\"fr-FR\",\"@id\":\"https:\\\/\\\/www.webdo.tn\\\/fr\\\/actualite\\\/national\\\/tunisie-mandat-d-amener-a-l-encontre-de-sonia-dhamani\\\/214077\\\/#primaryimage\",\"url\":\"https:\\\/\\\/www.webdo.tn\\\/fr\\\/wp-content\\\/uploads\\\/2024\\\/05\\\/f1999a0dc75a0caea5c5f3bb7ec47d9a.webp\",\"contentUrl\":\"https:\\\/\\\/www.webdo.tn\\\/fr\\\/wp-content\\\/uploads\\\/2024\\\/05\\\/f1999a0dc75a0caea5c5f3bb7ec47d9a.webp\",\"width\":750,\"height\":400,\"caption\":\"Tunisie : Mandat d'amener \u00e0 l'encontre de Sonia Dhamani\"},{\"@type\":\"BreadcrumbList\",\"@id\":\"https:\\\/\\\/www.webdo.tn\\\/fr\\\/actualite\\\/national\\\/tunisie-mandat-d-amener-a-l-encontre-de-sonia-dhamani\\\/214077\\\/#breadcrumb\",\"itemListElement\":[{\"@type\":\"ListItem\",\"position\":1,\"name\":\"Accueil\",\"item\":\"https:\\\/\\\/www.webdo.tn\\\/fr\\\/\"},{\"@type\":\"ListItem\",\"position\":2,\"name\":\"Tunisie : Mandat d&rsquo;amener \u00e0 l&rsquo;encontre de Sonia Dhamani\"}]},{\"@type\":\"WebSite\",\"@id\":\"https:\\\/\\\/www.webdo.tn\\\/fr\\\/#website\",\"url\":\"https:\\\/\\\/www.webdo.tn\\\/fr\\\/\",\"name\":\"webdo\",\"description\":\"Tunisie - News en Tunisie et \u00e0 l&#039;international sur Webdo.tn\",\"publisher\":{\"@id\":\"https:\\\/\\\/www.webdo.tn\\\/fr\\\/#organization\"},\"potentialAction\":[{\"@type\":\"SearchAction\",\"target\":{\"@type\":\"EntryPoint\",\"urlTemplate\":\"https:\\\/\\\/www.webdo.tn\\\/fr\\\/?s={search_term_string}\"},\"query-input\":{\"@type\":\"PropertyValueSpecification\",\"valueRequired\":true,\"valueName\":\"search_term_string\"}}],\"inLanguage\":\"fr-FR\"},{\"@type\":\"Organization\",\"@id\":\"https:\\\/\\\/www.webdo.tn\\\/fr\\\/#organization\",\"name\":\"Webdo\",\"alternateName\":\"Webdo.tn\",\"url\":\"https:\\\/\\\/www.webdo.tn\\\/fr\\\/\",\"logo\":{\"@type\":\"ImageObject\",\"inLanguage\":\"fr-FR\",\"@id\":\"https:\\\/\\\/www.webdo.tn\\\/fr\\\/#\\\/schema\\\/logo\\\/image\\\/\",\"url\":\"https:\\\/\\\/www.webdo.tn\\\/fr\\\/wp-content\\\/uploads\\\/2025\\\/06\\\/Webdo-Tunisie_168377.jpg\",\"contentUrl\":\"https:\\\/\\\/www.webdo.tn\\\/fr\\\/wp-content\\\/uploads\\\/2025\\\/06\\\/Webdo-Tunisie_168377.jpg\",\"width\":301,\"height\":301,\"caption\":\"Webdo\"},\"image\":{\"@id\":\"https:\\\/\\\/www.webdo.tn\\\/fr\\\/#\\\/schema\\\/logo\\\/image\\\/\"},\"sameAs\":[\"https:\\\/\\\/www.facebook.com\\\/webdotn\",\"https:\\\/\\\/x.com\\\/webdo_tn\"],\"description\":\"Webdo est un m\u00e9dia num\u00e9rique tunisien fond\u00e9 en 2010, sp\u00e9cialis\u00e9 dans l\u2019actualit\u00e9 nationale et internationale, l\u2019\u00e9conomie, la soci\u00e9t\u00e9 et les analyses politiques. Le site s\u2019adresse \u00e0 un large public francophone et couvre l\u2019information tunisienne en temps r\u00e9el.\",\"email\":\"redac@webdo.tn\",\"legalName\":\"YNJ SARL\",\"foundingDate\":\"2010-09-06\",\"numberOfEmployees\":{\"@type\":\"QuantitativeValue\",\"minValue\":\"11\",\"maxValue\":\"50\"}},{\"@type\":\"Person\",\"@id\":\"https:\\\/\\\/www.webdo.tn\\\/fr\\\/#\\\/schema\\\/person\\\/2c4929cbf5a809e3bd38617c6ce150f6\",\"name\":\"MC\",\"image\":{\"@type\":\"ImageObject\",\"inLanguage\":\"fr-FR\",\"@id\":\"https:\\\/\\\/secure.gravatar.com\\\/avatar\\\/a545bbb6f84efdd5553dbbc2895e3ca8f1d12c5215e00a041c9670b54aa9b18a?s=96&d=mm&r=g\",\"url\":\"https:\\\/\\\/secure.gravatar.com\\\/avatar\\\/a545bbb6f84efdd5553dbbc2895e3ca8f1d12c5215e00a041c9670b54aa9b18a?s=96&d=mm&r=g\",\"contentUrl\":\"https:\\\/\\\/secure.gravatar.com\\\/avatar\\\/a545bbb6f84efdd5553dbbc2895e3ca8f1d12c5215e00a041c9670b54aa9b18a?s=96&d=mm&r=g\",\"caption\":\"MC\"},\"url\":\"https:\\\/\\\/www.webdo.tn\\\/fr\\\/actualite\\\/author\\\/mc\\\/\"}]}<\/script>\n<!-- \/ Yoast SEO Premium plugin. -->","yoast_head_json":{"title":"Tunisie : Mandat d'amener \u00e0 l'encontre de Sonia Dhamani","description":"Le mandat d'amener est bas\u00e9 sur le d\u00e9cret 54, en particulier l'article 23, suite \u00e0 une d\u00e9claration qu'elle a faite sur la cha\u00eene Carthage+.","canonical":"https:\/\/www.webdo.tn\/fr\/actualite\/national\/tunisie-mandat-d-amener-a-l-encontre-de-sonia-dhamani\/214077\/","og_locale":"fr_FR","og_type":"article","og_title":"Tunisie : Mandat d'amener \u00e0 l'encontre de Sonia Dhamani","og_description":"Le mandat d'amener est bas\u00e9 sur le d\u00e9cret 54, en particulier l'article 23, suite \u00e0 une d\u00e9claration qu'elle a faite sur la cha\u00eene Carthage+.","og_url":"https:\/\/www.webdo.tn\/fr\/actualite\/national\/tunisie-mandat-d-amener-a-l-encontre-de-sonia-dhamani\/214077\/","og_site_name":"webdo","article_publisher":"https:\/\/www.facebook.com\/webdotn","article_published_time":"2024-05-10T12:23:00+00:00","article_modified_time":"2025-05-20T22:13:17+00:00","og_image":[{"width":750,"height":400,"url":"https:\/\/www.webdo.tn\/fr\/wp-content\/uploads\/2024\/05\/f1999a0dc75a0caea5c5f3bb7ec47d9a.webp","type":"image\/webp"}],"author":"MC","twitter_card":"summary_large_image","twitter_creator":"@webdo_tn","twitter_site":"@webdo_tn","twitter_misc":{"\u00c9crit par":"MC","Dur\u00e9e de lecture estim\u00e9e":"1 minute"},"schema":{"@context":"https:\/\/schema.org","@graph":[{"@type":"NewsArticle","@id":"https:\/\/www.webdo.tn\/fr\/actualite\/national\/tunisie-mandat-d-amener-a-l-encontre-de-sonia-dhamani\/214077\/#article","isPartOf":{"@id":"https:\/\/www.webdo.tn\/fr\/actualite\/national\/tunisie-mandat-d-amener-a-l-encontre-de-sonia-dhamani\/214077\/"},"author":{"name":"MC","@id":"https:\/\/www.webdo.tn\/fr\/#\/schema\/person\/2c4929cbf5a809e3bd38617c6ce150f6"},"headline":"Tunisie : Mandat d&rsquo;amener \u00e0 l&rsquo;encontre de Sonia Dhamani","datePublished":"2024-05-10T12:23:00+00:00","dateModified":"2025-05-20T22:13:17+00:00","mainEntityOfPage":{"@id":"https:\/\/www.webdo.tn\/fr\/actualite\/national\/tunisie-mandat-d-amener-a-l-encontre-de-sonia-dhamani\/214077\/"},"wordCount":146,"commentCount":0,"publisher":{"@id":"https:\/\/www.webdo.tn\/fr\/#organization"},"image":{"@id":"https:\/\/www.webdo.tn\/fr\/actualite\/national\/tunisie-mandat-d-amener-a-l-encontre-de-sonia-dhamani\/214077\/#primaryimage"},"thumbnailUrl":"https:\/\/www.webdo.tn\/fr\/wp-content\/uploads\/2024\/05\/f1999a0dc75a0caea5c5f3bb7ec47d9a.webp","keywords":["justice","mandat d'amener","sonia dahmani","Tunisie"],"articleSection":["National"],"inLanguage":"fr-FR"},{"@type":"WebPage","@id":"https:\/\/www.webdo.tn\/fr\/actualite\/national\/tunisie-mandat-d-amener-a-l-encontre-de-sonia-dhamani\/214077\/","url":"https:\/\/www.webdo.tn\/fr\/actualite\/national\/tunisie-mandat-d-amener-a-l-encontre-de-sonia-dhamani\/214077\/","name":"Tunisie : Mandat d'amener \u00e0 l'encontre de Sonia Dhamani","isPartOf":{"@id":"https:\/\/www.webdo.tn\/fr\/#website"},"primaryImageOfPage":{"@id":"https:\/\/www.webdo.tn\/fr\/actualite\/national\/tunisie-mandat-d-amener-a-l-encontre-de-sonia-dhamani\/214077\/#primaryimage"},"image":{"@id":"https:\/\/www.webdo.tn\/fr\/actualite\/national\/tunisie-mandat-d-amener-a-l-encontre-de-sonia-dhamani\/214077\/#primaryimage"},"thumbnailUrl":"https:\/\/www.webdo.tn\/fr\/wp-content\/uploads\/2024\/05\/f1999a0dc75a0caea5c5f3bb7ec47d9a.webp","datePublished":"2024-05-10T12:23:00+00:00","dateModified":"2025-05-20T22:13:17+00:00","description":"Le mandat d'amener est bas\u00e9 sur le d\u00e9cret 54, en particulier l'article 23, suite \u00e0 une d\u00e9claration qu'elle a faite sur la cha\u00eene Carthage+.","breadcrumb":{"@id":"https:\/\/www.webdo.tn\/fr\/actualite\/national\/tunisie-mandat-d-amener-a-l-encontre-de-sonia-dhamani\/214077\/#breadcrumb"},"inLanguage":"fr-FR","potentialAction":[{"@type":"ReadAction","target":["https:\/\/www.webdo.tn\/fr\/actualite\/national\/tunisie-mandat-d-amener-a-l-encontre-de-sonia-dhamani\/214077\/"]}]},{"@type":"ImageObject","inLanguage":"fr-FR","@id":"https:\/\/www.webdo.tn\/fr\/actualite\/national\/tunisie-mandat-d-amener-a-l-encontre-de-sonia-dhamani\/214077\/#primaryimage","url":"https:\/\/www.webdo.tn\/fr\/wp-content\/uploads\/2024\/05\/f1999a0dc75a0caea5c5f3bb7ec47d9a.webp","contentUrl":"https:\/\/www.webdo.tn\/fr\/wp-content\/uploads\/2024\/05\/f1999a0dc75a0caea5c5f3bb7ec47d9a.webp","width":750,"height":400,"caption":"Tunisie : Mandat d'amener \u00e0 l'encontre de Sonia Dhamani"},{"@type":"BreadcrumbList","@id":"https:\/\/www.webdo.tn\/fr\/actualite\/national\/tunisie-mandat-d-amener-a-l-encontre-de-sonia-dhamani\/214077\/#breadcrumb","itemListElement":[{"@type":"ListItem","position":1,"name":"Accueil","item":"https:\/\/www.webdo.tn\/fr\/"},{"@type":"ListItem","position":2,"name":"Tunisie : Mandat d&rsquo;amener \u00e0 l&rsquo;encontre de Sonia Dhamani"}]},{"@type":"WebSite","@id":"https:\/\/www.webdo.tn\/fr\/#website","url":"https:\/\/www.webdo.tn\/fr\/","name":"webdo","description":"Tunisie - News en Tunisie et \u00e0 l&#039;international sur Webdo.tn","publisher":{"@id":"https:\/\/www.webdo.tn\/fr\/#organization"},"potentialAction":[{"@type":"SearchAction","target":{"@type":"EntryPoint","urlTemplate":"https:\/\/www.webdo.tn\/fr\/?s={search_term_string}"},"query-input":{"@type":"PropertyValueSpecification","valueRequired":true,"valueName":"search_term_string"}}],"inLanguage":"fr-FR"},{"@type":"Organization","@id":"https:\/\/www.webdo.tn\/fr\/#organization","name":"Webdo","alternateName":"Webdo.tn","url":"https:\/\/www.webdo.tn\/fr\/","logo":{"@type":"ImageObject","inLanguage":"fr-FR","@id":"https:\/\/www.webdo.tn\/fr\/#\/schema\/logo\/image\/","url":"https:\/\/www.webdo.tn\/fr\/wp-content\/uploads\/2025\/06\/Webdo-Tunisie_168377.jpg","contentUrl":"https:\/\/www.webdo.tn\/fr\/wp-content\/uploads\/2025\/06\/Webdo-Tunisie_168377.jpg","width":301,"height":301,"caption":"Webdo"},"image":{"@id":"https:\/\/www.webdo.tn\/fr\/#\/schema\/logo\/image\/"},"sameAs":["https:\/\/www.facebook.com\/webdotn","https:\/\/x.com\/webdo_tn"],"description":"Webdo est un m\u00e9dia num\u00e9rique tunisien fond\u00e9 en 2010, sp\u00e9cialis\u00e9 dans l\u2019actualit\u00e9 nationale et internationale, l\u2019\u00e9conomie, la soci\u00e9t\u00e9 et les analyses politiques. Le site s\u2019adresse \u00e0 un large public francophone et couvre l\u2019information tunisienne en temps r\u00e9el.","email":"redac@webdo.tn","legalName":"YNJ SARL","foundingDate":"2010-09-06","numberOfEmployees":{"@type":"QuantitativeValue","minValue":"11","maxValue":"50"}},{"@type":"Person","@id":"https:\/\/www.webdo.tn\/fr\/#\/schema\/person\/2c4929cbf5a809e3bd38617c6ce150f6","name":"MC","image":{"@type":"ImageObject","inLanguage":"fr-FR","@id":"https:\/\/secure.gravatar.com\/avatar\/a545bbb6f84efdd5553dbbc2895e3ca8f1d12c5215e00a041c9670b54aa9b18a?s=96&d=mm&r=g","url":"https:\/\/secure.gravatar.com\/avatar\/a545bbb6f84efdd5553dbbc2895e3ca8f1d12c5215e00a041c9670b54aa9b18a?s=96&d=mm&r=g","contentUrl":"https:\/\/secure.gravatar.com\/avatar\/a545bbb6f84efdd5553dbbc2895e3ca8f1d12c5215e00a041c9670b54aa9b18a?s=96&d=mm&r=g","caption":"MC"},"url":"https:\/\/www.webdo.tn\/fr\/actualite\/author\/mc\/"}]}},"_links":{"self":[{"href":"https:\/\/www.webdo.tn\/fr\/wp-json\/wp\/v2\/posts\/214077","targetHints":{"allow":["GET"]}}],"collection":[{"href":"https:\/\/www.webdo.tn\/fr\/wp-json\/wp\/v2\/posts"}],"about":[{"href":"https:\/\/www.webdo.tn\/fr\/wp-json\/wp\/v2\/types\/post"}],"author":[{"embeddable":true,"href":"https:\/\/www.webdo.tn\/fr\/wp-json\/wp\/v2\/users\/3162"}],"replies":[{"embeddable":true,"href":"https:\/\/www.webdo.tn\/fr\/wp-json\/wp\/v2\/comments?post=214077"}],"version-history":[{"count":0,"href":"https:\/\/www.webdo.tn\/fr\/wp-json\/wp\/v2\/posts\/214077\/revisions"}],"wp:featuredmedia":[{"embeddable":true,"href":"https:\/\/www.webdo.tn\/fr\/wp-json\/wp\/v2\/media\/290581"}],"wp:attachment":[{"href":"https:\/\/www.webdo.tn\/fr\/wp-json\/wp\/v2\/media?parent=214077"}],"wp:term":[{"taxonomy":"category","embeddable":true,"href":"https:\/\/www.webdo.tn\/fr\/wp-json\/wp\/v2\/categories?post=214077"},{"taxonomy":"post_tag","embeddable":true,"href":"https:\/\/www.webdo.tn\/fr\/wp-json\/wp\/v2\/tags?post=214077"}],"curies":[{"name":"wp","href":"https:\/\/api.w.org\/{rel}","templated":true}]}}