{"id":214076,"date":"2024-05-10T11:51:00","date_gmt":"2024-05-10T11:51:00","guid":{"rendered":"https:\/\/www.webdo.tn\/fr\/blog\/tunisie-projet-de-loi-de-3-ans-de-prison-pour-aide-a-l-installation-illegale-d-etrangers\/214076\/"},"modified":"2025-05-20T22:33:46","modified_gmt":"2025-05-20T22:33:46","slug":"tunisie-projet-de-loi-de-3-ans-de-prison-pour-aide-a-l-installation-illegale-d-etrangers","status":"publish","type":"post","link":"https:\/\/www.webdo.tn\/fr\/actualite\/national\/tunisie-projet-de-loi-de-3-ans-de-prison-pour-aide-a-l-installation-illegale-d-etrangers\/214076\/","title":{"rendered":"Tunisie &#8211; D\u00e9put\u00e9s : Jusqu&rsquo;\u00e0 3 ans de prison pour h\u00e9bergement ill\u00e9gal d&rsquo;\u00e9trangers"},"content":{"rendered":"<p>Des d\u00e9put\u00e9s signataires de la commission l\u00e9gislative g\u00e9n\u00e9rale de l&rsquo;Assembl\u00e9e des repr\u00e9sentants du peuple ont propos\u00e9 un projet de loi relatif \u00e0 l&rsquo;amendement et \u00e0 la compl\u00e9tion de la loi n\u00b0 7 de l&rsquo;ann\u00e9e 1968, dat\u00e9e du 8 mars 1968, concernant la situation des \u00e9trangers en Tunisie.<\/p>\n<p>\t\t\t\t\t\t\t\t\tLa Tunisie, terre d&rsquo;accueil et de tol\u00e9rance, est-elle en train de perdre ses valeurs fondamentales envers les \u00e9trangers, en particulier ceux venant d&rsquo;Afrique subsaharienne ?<\/p>\n<p>C&rsquo;est la question que l&rsquo;on peut se poser \u00e0 la lumi\u00e8re des r\u00e9cents \u00e9v\u00e9nements et des mesures l\u00e9gislatives propos\u00e9es pour lutter contre la migration ill\u00e9gale.<\/p>\n<p>En effet, lundi 6 mai 2024, des d\u00e9put\u00e9s signataires de la commission l\u00e9gislative g\u00e9n\u00e9rale de l&rsquo;Assembl\u00e9e des repr\u00e9sentants du peuple ont propos\u00e9 un projet de loi relatif \u00e0 l&rsquo;amendement et \u00e0 la compl\u00e9tion de la loi n\u00b0 7 de l&rsquo;ann\u00e9e 1968, dat\u00e9e du 8 mars 1968, concernant la situation des \u00e9trangers en Tunisie.<\/p>\n<p>Ce projet de loi, dans sa forme, se propose de prot\u00e9ger la situation s\u00e9curitaire et de lutter contre les r\u00e9seaux de traite des \u00eatres humains qui ont facilit\u00e9 l&rsquo;entr\u00e9e des \u00e9trangers en Tunisie de mani\u00e8re non r\u00e9glementaire et en violation des dispositions des articles 4 et 5 de la loi n\u00b0 7 de l&rsquo;ann\u00e9e 1968, dat\u00e9e du 8 mars 1968, concernant la situation des \u00e9trangers en Tunisie.<\/p>\n<p>Il est \u00e9galement \u00e9nonc\u00e9 que ce projet de loi vise \u00e0 renforcer le contr\u00f4le aux fronti\u00e8res, \u00e0 mettre \u00e0 jour les proc\u00e9dures l\u00e9gales pour les adapter aux nouveaux d\u00e9fis et \u00e9volutions de l&rsquo;immigration ill\u00e9gale, et \u00e0 prendre des mesures pour att\u00e9nuer les effets de cette immigration sur la s\u00e9curit\u00e9, l&rsquo;\u00e9conomie et la soci\u00e9t\u00e9.<\/p>\n<p>Le projet de loi stipule dans son nouvel article 25 que quiconque fournit intentionnellement une aide directe ou indirecte \u00e0 un \u00e9tranger pour entrer en Tunisie, en sortir, y transiter ou y s\u00e9journer de mani\u00e8re ill\u00e9gale sera puni d&rsquo;une peine d&#8217;emprisonnement allant de 1 \u00e0 3 ans et d&rsquo;une amende allant de 1000 \u00e0 5000 dinars.<\/p>\n<p>L&rsquo;article 23 stipule que tout \u00e9tranger entrant en Tunisie ou en sortant sans respecter les conditions pr\u00e9vues aux articles 4 et 5 de cette loi et aux textes qui seront \u00e9mis pour son application sera puni d&rsquo;une peine d&#8217;emprisonnement de 1 \u00e0 3 ans et d&rsquo;une amende allant de 300 \u00e0 5000 dinars.<\/p>\n<p>Le dossier des migrants en Tunisie est consid\u00e9r\u00e9 comme l&rsquo;un des dossiers les plus br\u00fblants \u00e0 l&rsquo;heure actuelle et a \u00e9t\u00e9 au centre de la derni\u00e8re r\u00e9union du Conseil de s\u00e9curit\u00e9 nationale tunisien. Rappelons qu&rsquo;entre autres, les autorit\u00e9s judiciaires tunisiennes ont arr\u00eat\u00e9 la pr\u00e9sidente de l&rsquo;association Mnemty, Saadia Mosbah dans le cadre de ce dossier.<\/p>\n<p>R\u00e9cemment, la zone du lac 1 dans la capitale a \u00e9t\u00e9 \u00e9vacu\u00e9e des tentes install\u00e9es par les migrants subsahariens, tandis que des rapports font \u00e9tat de leur transfert vers les r\u00e9gions du nord-ouest.<\/p>\n<p>Les r\u00e9cents incidents de violence et de discrimination \u00e0 l&rsquo;encontre des Subsahariens sont jug\u00e9s honteux pour notre pays et pour notre peuple. Ils ne refl\u00e8tent en aucun cas les valeurs de tol\u00e9rance, d&rsquo;hospitalit\u00e9 et de respect de la dignit\u00e9 humaine qui ont toujours caract\u00e9ris\u00e9 la Tunisie.<\/p>\n","protected":false},"excerpt":{"rendered":"<p>Analyse du projet de loi en Tunisie proposant jusqu&rsquo;\u00e0 trois ans de prison pour toute aide \u00e0 l&rsquo;installation ill\u00e9gale d&rsquo;\u00e9trangers. Impact sur la s\u00e9curit\u00e9, l&rsquo;\u00e9cono&#8230;<\/p>\n","protected":false},"author":3169,"featured_media":290580,"comment_status":"open","ping_status":"closed","sticky":false,"template":"","format":"standard","meta":{"footnotes":""},"categories":[44],"tags":[2615,2708,3432,7194,2608],"class_list":["post-214076","post","type-post","status-publish","format-standard","has-post-thumbnail","hentry","category-national","tag-migration","tag-prison","tag-projet-de-loi","tag-subsaharien","tag-tunisie"],"yoast_head":"<!-- This site is optimized with the Yoast SEO Premium plugin v27.4 (Yoast SEO v27.4) - https:\/\/yoast.com\/product\/yoast-seo-premium-wordpress\/ -->\n<title>Tunisie - D\u00e9put\u00e9s : Jusqu&#039;\u00e0 3 ans de prison pour h\u00e9bergement ill\u00e9gal d&#039;\u00e9trangers<\/title>\n<meta name=\"description\" content=\"Analyse du projet de loi en Tunisie proposant jusqu&#039;\u00e0 trois ans de prison pour toute aide \u00e0 l&#039;installation ill\u00e9gale d&#039;\u00e9trangers. Impact sur la s\u00e9curit\u00e9, l&#039;\u00e9cono...\" \/>\n<link rel=\"canonical\" href=\"https:\/\/www.webdo.tn\/fr\/actualite\/national\/tunisie-projet-de-loi-de-3-ans-de-prison-pour-aide-a-l-installation-illegale-d-etrangers\/214076\/\" \/>\n<meta property=\"og:locale\" content=\"fr_FR\" \/>\n<meta property=\"og:type\" content=\"article\" \/>\n<meta property=\"og:title\" content=\"Tunisie - D\u00e9put\u00e9s : Jusqu&#039;\u00e0 3 ans de prison pour h\u00e9bergement ill\u00e9gal d&#039;\u00e9trangers\" \/>\n<meta property=\"og:description\" content=\"Analyse du projet de loi en Tunisie proposant jusqu&#039;\u00e0 trois ans de prison pour toute aide \u00e0 l&#039;installation ill\u00e9gale d&#039;\u00e9trangers. Impact sur la s\u00e9curit\u00e9, l&#039;\u00e9cono...\" \/>\n<meta property=\"og:url\" content=\"https:\/\/www.webdo.tn\/fr\/actualite\/national\/tunisie-projet-de-loi-de-3-ans-de-prison-pour-aide-a-l-installation-illegale-d-etrangers\/214076\/\" \/>\n<meta property=\"og:site_name\" content=\"webdo\" \/>\n<meta property=\"article:publisher\" content=\"https:\/\/www.facebook.com\/webdotn\" \/>\n<meta property=\"article:published_time\" content=\"2024-05-10T11:51:00+00:00\" \/>\n<meta property=\"article:modified_time\" content=\"2025-05-20T22:33:46+00:00\" \/>\n<meta property=\"og:image\" content=\"https:\/\/www.webdo.tn\/fr\/wp-content\/uploads\/2024\/05\/c0211320a2b4cabc3752bacbf2971c7d.webp\" \/>\n\t<meta property=\"og:image:width\" content=\"750\" \/>\n\t<meta property=\"og:image:height\" content=\"400\" \/>\n\t<meta property=\"og:image:type\" content=\"image\/webp\" \/>\n<meta name=\"author\" content=\"Webdo\" \/>\n<meta name=\"twitter:card\" content=\"summary_large_image\" \/>\n<meta name=\"twitter:creator\" content=\"@webdo_tn\" \/>\n<meta name=\"twitter:site\" content=\"@webdo_tn\" \/>\n<meta name=\"twitter:label1\" content=\"\u00c9crit par\" \/>\n\t<meta name=\"twitter:data1\" content=\"Webdo\" \/>\n\t<meta name=\"twitter:label2\" content=\"Dur\u00e9e de lecture estim\u00e9e\" \/>\n\t<meta name=\"twitter:data2\" content=\"3 minutes\" \/>\n<script type=\"application\/ld+json\" class=\"yoast-schema-graph\">{\"@context\":\"https:\\\/\\\/schema.org\",\"@graph\":[{\"@type\":\"NewsArticle\",\"@id\":\"https:\\\/\\\/www.webdo.tn\\\/fr\\\/actualite\\\/national\\\/tunisie-projet-de-loi-de-3-ans-de-prison-pour-aide-a-l-installation-illegale-d-etrangers\\\/214076\\\/#article\",\"isPartOf\":{\"@id\":\"https:\\\/\\\/www.webdo.tn\\\/fr\\\/actualite\\\/national\\\/tunisie-projet-de-loi-de-3-ans-de-prison-pour-aide-a-l-installation-illegale-d-etrangers\\\/214076\\\/\"},\"author\":{\"name\":\"Webdo\",\"@id\":\"https:\\\/\\\/www.webdo.tn\\\/fr\\\/#\\\/schema\\\/person\\\/1f4e491e0907b413d61089e8eb573acc\"},\"headline\":\"Tunisie &#8211; D\u00e9put\u00e9s : Jusqu&rsquo;\u00e0 3 ans de prison pour h\u00e9bergement ill\u00e9gal d&rsquo;\u00e9trangers\",\"datePublished\":\"2024-05-10T11:51:00+00:00\",\"dateModified\":\"2025-05-20T22:33:46+00:00\",\"mainEntityOfPage\":{\"@id\":\"https:\\\/\\\/www.webdo.tn\\\/fr\\\/actualite\\\/national\\\/tunisie-projet-de-loi-de-3-ans-de-prison-pour-aide-a-l-installation-illegale-d-etrangers\\\/214076\\\/\"},\"wordCount\":575,\"commentCount\":0,\"publisher\":{\"@id\":\"https:\\\/\\\/www.webdo.tn\\\/fr\\\/#organization\"},\"image\":{\"@id\":\"https:\\\/\\\/www.webdo.tn\\\/fr\\\/actualite\\\/national\\\/tunisie-projet-de-loi-de-3-ans-de-prison-pour-aide-a-l-installation-illegale-d-etrangers\\\/214076\\\/#primaryimage\"},\"thumbnailUrl\":\"https:\\\/\\\/www.webdo.tn\\\/fr\\\/wp-content\\\/uploads\\\/2024\\\/05\\\/c0211320a2b4cabc3752bacbf2971c7d.webp\",\"keywords\":[\"Migration\",\"Prison\",\"projet de loi\",\"Subsaharien\",\"Tunisie\"],\"articleSection\":[\"National\"],\"inLanguage\":\"fr-FR\"},{\"@type\":\"WebPage\",\"@id\":\"https:\\\/\\\/www.webdo.tn\\\/fr\\\/actualite\\\/national\\\/tunisie-projet-de-loi-de-3-ans-de-prison-pour-aide-a-l-installation-illegale-d-etrangers\\\/214076\\\/\",\"url\":\"https:\\\/\\\/www.webdo.tn\\\/fr\\\/actualite\\\/national\\\/tunisie-projet-de-loi-de-3-ans-de-prison-pour-aide-a-l-installation-illegale-d-etrangers\\\/214076\\\/\",\"name\":\"Tunisie - D\u00e9put\u00e9s : Jusqu'\u00e0 3 ans de prison pour h\u00e9bergement ill\u00e9gal d'\u00e9trangers\",\"isPartOf\":{\"@id\":\"https:\\\/\\\/www.webdo.tn\\\/fr\\\/#website\"},\"primaryImageOfPage\":{\"@id\":\"https:\\\/\\\/www.webdo.tn\\\/fr\\\/actualite\\\/national\\\/tunisie-projet-de-loi-de-3-ans-de-prison-pour-aide-a-l-installation-illegale-d-etrangers\\\/214076\\\/#primaryimage\"},\"image\":{\"@id\":\"https:\\\/\\\/www.webdo.tn\\\/fr\\\/actualite\\\/national\\\/tunisie-projet-de-loi-de-3-ans-de-prison-pour-aide-a-l-installation-illegale-d-etrangers\\\/214076\\\/#primaryimage\"},\"thumbnailUrl\":\"https:\\\/\\\/www.webdo.tn\\\/fr\\\/wp-content\\\/uploads\\\/2024\\\/05\\\/c0211320a2b4cabc3752bacbf2971c7d.webp\",\"datePublished\":\"2024-05-10T11:51:00+00:00\",\"dateModified\":\"2025-05-20T22:33:46+00:00\",\"description\":\"Analyse du projet de loi en Tunisie proposant jusqu'\u00e0 trois ans de prison pour toute aide \u00e0 l'installation ill\u00e9gale d'\u00e9trangers. Impact sur la s\u00e9curit\u00e9, l'\u00e9cono...\",\"breadcrumb\":{\"@id\":\"https:\\\/\\\/www.webdo.tn\\\/fr\\\/actualite\\\/national\\\/tunisie-projet-de-loi-de-3-ans-de-prison-pour-aide-a-l-installation-illegale-d-etrangers\\\/214076\\\/#breadcrumb\"},\"inLanguage\":\"fr-FR\",\"potentialAction\":[{\"@type\":\"ReadAction\",\"target\":[\"https:\\\/\\\/www.webdo.tn\\\/fr\\\/actualite\\\/national\\\/tunisie-projet-de-loi-de-3-ans-de-prison-pour-aide-a-l-installation-illegale-d-etrangers\\\/214076\\\/\"]}]},{\"@type\":\"ImageObject\",\"inLanguage\":\"fr-FR\",\"@id\":\"https:\\\/\\\/www.webdo.tn\\\/fr\\\/actualite\\\/national\\\/tunisie-projet-de-loi-de-3-ans-de-prison-pour-aide-a-l-installation-illegale-d-etrangers\\\/214076\\\/#primaryimage\",\"url\":\"https:\\\/\\\/www.webdo.tn\\\/fr\\\/wp-content\\\/uploads\\\/2024\\\/05\\\/c0211320a2b4cabc3752bacbf2971c7d.webp\",\"contentUrl\":\"https:\\\/\\\/www.webdo.tn\\\/fr\\\/wp-content\\\/uploads\\\/2024\\\/05\\\/c0211320a2b4cabc3752bacbf2971c7d.webp\",\"width\":750,\"height\":400,\"caption\":\"Tunisie - D\u00e9put\u00e9s : Jusqu'\u00e0 3 ans de prison pour h\u00e9bergement ill\u00e9gal d'\u00e9trangers\"},{\"@type\":\"BreadcrumbList\",\"@id\":\"https:\\\/\\\/www.webdo.tn\\\/fr\\\/actualite\\\/national\\\/tunisie-projet-de-loi-de-3-ans-de-prison-pour-aide-a-l-installation-illegale-d-etrangers\\\/214076\\\/#breadcrumb\",\"itemListElement\":[{\"@type\":\"ListItem\",\"position\":1,\"name\":\"Accueil\",\"item\":\"https:\\\/\\\/www.webdo.tn\\\/fr\\\/\"},{\"@type\":\"ListItem\",\"position\":2,\"name\":\"Tunisie &#8211; D\u00e9put\u00e9s : Jusqu&rsquo;\u00e0 3 ans de prison pour h\u00e9bergement ill\u00e9gal d&rsquo;\u00e9trangers\"}]},{\"@type\":\"WebSite\",\"@id\":\"https:\\\/\\\/www.webdo.tn\\\/fr\\\/#website\",\"url\":\"https:\\\/\\\/www.webdo.tn\\\/fr\\\/\",\"name\":\"webdo\",\"description\":\"Tunisie - News en Tunisie et \u00e0 l&#039;international sur Webdo.tn\",\"publisher\":{\"@id\":\"https:\\\/\\\/www.webdo.tn\\\/fr\\\/#organization\"},\"potentialAction\":[{\"@type\":\"SearchAction\",\"target\":{\"@type\":\"EntryPoint\",\"urlTemplate\":\"https:\\\/\\\/www.webdo.tn\\\/fr\\\/?s={search_term_string}\"},\"query-input\":{\"@type\":\"PropertyValueSpecification\",\"valueRequired\":true,\"valueName\":\"search_term_string\"}}],\"inLanguage\":\"fr-FR\"},{\"@type\":\"Organization\",\"@id\":\"https:\\\/\\\/www.webdo.tn\\\/fr\\\/#organization\",\"name\":\"Webdo\",\"alternateName\":\"Webdo.tn\",\"url\":\"https:\\\/\\\/www.webdo.tn\\\/fr\\\/\",\"logo\":{\"@type\":\"ImageObject\",\"inLanguage\":\"fr-FR\",\"@id\":\"https:\\\/\\\/www.webdo.tn\\\/fr\\\/#\\\/schema\\\/logo\\\/image\\\/\",\"url\":\"https:\\\/\\\/www.webdo.tn\\\/fr\\\/wp-content\\\/uploads\\\/2025\\\/06\\\/Webdo-Tunisie_168377.jpg\",\"contentUrl\":\"https:\\\/\\\/www.webdo.tn\\\/fr\\\/wp-content\\\/uploads\\\/2025\\\/06\\\/Webdo-Tunisie_168377.jpg\",\"width\":301,\"height\":301,\"caption\":\"Webdo\"},\"image\":{\"@id\":\"https:\\\/\\\/www.webdo.tn\\\/fr\\\/#\\\/schema\\\/logo\\\/image\\\/\"},\"sameAs\":[\"https:\\\/\\\/www.facebook.com\\\/webdotn\",\"https:\\\/\\\/x.com\\\/webdo_tn\"],\"description\":\"Webdo est un m\u00e9dia num\u00e9rique tunisien fond\u00e9 en 2010, sp\u00e9cialis\u00e9 dans l\u2019actualit\u00e9 nationale et internationale, l\u2019\u00e9conomie, la soci\u00e9t\u00e9 et les analyses politiques. Le site s\u2019adresse \u00e0 un large public francophone et couvre l\u2019information tunisienne en temps r\u00e9el.\",\"email\":\"redac@webdo.tn\",\"legalName\":\"YNJ SARL\",\"foundingDate\":\"2010-09-06\",\"numberOfEmployees\":{\"@type\":\"QuantitativeValue\",\"minValue\":\"11\",\"maxValue\":\"50\"}},{\"@type\":\"Person\",\"@id\":\"https:\\\/\\\/www.webdo.tn\\\/fr\\\/#\\\/schema\\\/person\\\/1f4e491e0907b413d61089e8eb573acc\",\"name\":\"Webdo\",\"image\":{\"@type\":\"ImageObject\",\"inLanguage\":\"fr-FR\",\"@id\":\"https:\\\/\\\/secure.gravatar.com\\\/avatar\\\/de97aeec1bb80978a9dbb127e47dfc88aaacb2f3c29aac907d8d3222e3495d49?s=96&d=mm&r=g\",\"url\":\"https:\\\/\\\/secure.gravatar.com\\\/avatar\\\/de97aeec1bb80978a9dbb127e47dfc88aaacb2f3c29aac907d8d3222e3495d49?s=96&d=mm&r=g\",\"contentUrl\":\"https:\\\/\\\/secure.gravatar.com\\\/avatar\\\/de97aeec1bb80978a9dbb127e47dfc88aaacb2f3c29aac907d8d3222e3495d49?s=96&d=mm&r=g\",\"caption\":\"Webdo\"},\"url\":\"https:\\\/\\\/www.webdo.tn\\\/fr\\\/actualite\\\/author\\\/webdo\\\/\"}]}<\/script>\n<!-- \/ Yoast SEO Premium plugin. -->","yoast_head_json":{"title":"Tunisie - D\u00e9put\u00e9s : Jusqu'\u00e0 3 ans de prison pour h\u00e9bergement ill\u00e9gal d'\u00e9trangers","description":"Analyse du projet de loi en Tunisie proposant jusqu'\u00e0 trois ans de prison pour toute aide \u00e0 l'installation ill\u00e9gale d'\u00e9trangers. Impact sur la s\u00e9curit\u00e9, l'\u00e9cono...","canonical":"https:\/\/www.webdo.tn\/fr\/actualite\/national\/tunisie-projet-de-loi-de-3-ans-de-prison-pour-aide-a-l-installation-illegale-d-etrangers\/214076\/","og_locale":"fr_FR","og_type":"article","og_title":"Tunisie - D\u00e9put\u00e9s : Jusqu'\u00e0 3 ans de prison pour h\u00e9bergement ill\u00e9gal d'\u00e9trangers","og_description":"Analyse du projet de loi en Tunisie proposant jusqu'\u00e0 trois ans de prison pour toute aide \u00e0 l'installation ill\u00e9gale d'\u00e9trangers. Impact sur la s\u00e9curit\u00e9, l'\u00e9cono...","og_url":"https:\/\/www.webdo.tn\/fr\/actualite\/national\/tunisie-projet-de-loi-de-3-ans-de-prison-pour-aide-a-l-installation-illegale-d-etrangers\/214076\/","og_site_name":"webdo","article_publisher":"https:\/\/www.facebook.com\/webdotn","article_published_time":"2024-05-10T11:51:00+00:00","article_modified_time":"2025-05-20T22:33:46+00:00","og_image":[{"width":750,"height":400,"url":"https:\/\/www.webdo.tn\/fr\/wp-content\/uploads\/2024\/05\/c0211320a2b4cabc3752bacbf2971c7d.webp","type":"image\/webp"}],"author":"Webdo","twitter_card":"summary_large_image","twitter_creator":"@webdo_tn","twitter_site":"@webdo_tn","twitter_misc":{"\u00c9crit par":"Webdo","Dur\u00e9e de lecture estim\u00e9e":"3 minutes"},"schema":{"@context":"https:\/\/schema.org","@graph":[{"@type":"NewsArticle","@id":"https:\/\/www.webdo.tn\/fr\/actualite\/national\/tunisie-projet-de-loi-de-3-ans-de-prison-pour-aide-a-l-installation-illegale-d-etrangers\/214076\/#article","isPartOf":{"@id":"https:\/\/www.webdo.tn\/fr\/actualite\/national\/tunisie-projet-de-loi-de-3-ans-de-prison-pour-aide-a-l-installation-illegale-d-etrangers\/214076\/"},"author":{"name":"Webdo","@id":"https:\/\/www.webdo.tn\/fr\/#\/schema\/person\/1f4e491e0907b413d61089e8eb573acc"},"headline":"Tunisie &#8211; D\u00e9put\u00e9s : Jusqu&rsquo;\u00e0 3 ans de prison pour h\u00e9bergement ill\u00e9gal d&rsquo;\u00e9trangers","datePublished":"2024-05-10T11:51:00+00:00","dateModified":"2025-05-20T22:33:46+00:00","mainEntityOfPage":{"@id":"https:\/\/www.webdo.tn\/fr\/actualite\/national\/tunisie-projet-de-loi-de-3-ans-de-prison-pour-aide-a-l-installation-illegale-d-etrangers\/214076\/"},"wordCount":575,"commentCount":0,"publisher":{"@id":"https:\/\/www.webdo.tn\/fr\/#organization"},"image":{"@id":"https:\/\/www.webdo.tn\/fr\/actualite\/national\/tunisie-projet-de-loi-de-3-ans-de-prison-pour-aide-a-l-installation-illegale-d-etrangers\/214076\/#primaryimage"},"thumbnailUrl":"https:\/\/www.webdo.tn\/fr\/wp-content\/uploads\/2024\/05\/c0211320a2b4cabc3752bacbf2971c7d.webp","keywords":["Migration","Prison","projet de loi","Subsaharien","Tunisie"],"articleSection":["National"],"inLanguage":"fr-FR"},{"@type":"WebPage","@id":"https:\/\/www.webdo.tn\/fr\/actualite\/national\/tunisie-projet-de-loi-de-3-ans-de-prison-pour-aide-a-l-installation-illegale-d-etrangers\/214076\/","url":"https:\/\/www.webdo.tn\/fr\/actualite\/national\/tunisie-projet-de-loi-de-3-ans-de-prison-pour-aide-a-l-installation-illegale-d-etrangers\/214076\/","name":"Tunisie - D\u00e9put\u00e9s : Jusqu'\u00e0 3 ans de prison pour h\u00e9bergement ill\u00e9gal d'\u00e9trangers","isPartOf":{"@id":"https:\/\/www.webdo.tn\/fr\/#website"},"primaryImageOfPage":{"@id":"https:\/\/www.webdo.tn\/fr\/actualite\/national\/tunisie-projet-de-loi-de-3-ans-de-prison-pour-aide-a-l-installation-illegale-d-etrangers\/214076\/#primaryimage"},"image":{"@id":"https:\/\/www.webdo.tn\/fr\/actualite\/national\/tunisie-projet-de-loi-de-3-ans-de-prison-pour-aide-a-l-installation-illegale-d-etrangers\/214076\/#primaryimage"},"thumbnailUrl":"https:\/\/www.webdo.tn\/fr\/wp-content\/uploads\/2024\/05\/c0211320a2b4cabc3752bacbf2971c7d.webp","datePublished":"2024-05-10T11:51:00+00:00","dateModified":"2025-05-20T22:33:46+00:00","description":"Analyse du projet de loi en Tunisie proposant jusqu'\u00e0 trois ans de prison pour toute aide \u00e0 l'installation ill\u00e9gale d'\u00e9trangers. Impact sur la s\u00e9curit\u00e9, l'\u00e9cono...","breadcrumb":{"@id":"https:\/\/www.webdo.tn\/fr\/actualite\/national\/tunisie-projet-de-loi-de-3-ans-de-prison-pour-aide-a-l-installation-illegale-d-etrangers\/214076\/#breadcrumb"},"inLanguage":"fr-FR","potentialAction":[{"@type":"ReadAction","target":["https:\/\/www.webdo.tn\/fr\/actualite\/national\/tunisie-projet-de-loi-de-3-ans-de-prison-pour-aide-a-l-installation-illegale-d-etrangers\/214076\/"]}]},{"@type":"ImageObject","inLanguage":"fr-FR","@id":"https:\/\/www.webdo.tn\/fr\/actualite\/national\/tunisie-projet-de-loi-de-3-ans-de-prison-pour-aide-a-l-installation-illegale-d-etrangers\/214076\/#primaryimage","url":"https:\/\/www.webdo.tn\/fr\/wp-content\/uploads\/2024\/05\/c0211320a2b4cabc3752bacbf2971c7d.webp","contentUrl":"https:\/\/www.webdo.tn\/fr\/wp-content\/uploads\/2024\/05\/c0211320a2b4cabc3752bacbf2971c7d.webp","width":750,"height":400,"caption":"Tunisie - D\u00e9put\u00e9s : Jusqu'\u00e0 3 ans de prison pour h\u00e9bergement ill\u00e9gal d'\u00e9trangers"},{"@type":"BreadcrumbList","@id":"https:\/\/www.webdo.tn\/fr\/actualite\/national\/tunisie-projet-de-loi-de-3-ans-de-prison-pour-aide-a-l-installation-illegale-d-etrangers\/214076\/#breadcrumb","itemListElement":[{"@type":"ListItem","position":1,"name":"Accueil","item":"https:\/\/www.webdo.tn\/fr\/"},{"@type":"ListItem","position":2,"name":"Tunisie &#8211; D\u00e9put\u00e9s : Jusqu&rsquo;\u00e0 3 ans de prison pour h\u00e9bergement ill\u00e9gal d&rsquo;\u00e9trangers"}]},{"@type":"WebSite","@id":"https:\/\/www.webdo.tn\/fr\/#website","url":"https:\/\/www.webdo.tn\/fr\/","name":"webdo","description":"Tunisie - News en Tunisie et \u00e0 l&#039;international sur Webdo.tn","publisher":{"@id":"https:\/\/www.webdo.tn\/fr\/#organization"},"potentialAction":[{"@type":"SearchAction","target":{"@type":"EntryPoint","urlTemplate":"https:\/\/www.webdo.tn\/fr\/?s={search_term_string}"},"query-input":{"@type":"PropertyValueSpecification","valueRequired":true,"valueName":"search_term_string"}}],"inLanguage":"fr-FR"},{"@type":"Organization","@id":"https:\/\/www.webdo.tn\/fr\/#organization","name":"Webdo","alternateName":"Webdo.tn","url":"https:\/\/www.webdo.tn\/fr\/","logo":{"@type":"ImageObject","inLanguage":"fr-FR","@id":"https:\/\/www.webdo.tn\/fr\/#\/schema\/logo\/image\/","url":"https:\/\/www.webdo.tn\/fr\/wp-content\/uploads\/2025\/06\/Webdo-Tunisie_168377.jpg","contentUrl":"https:\/\/www.webdo.tn\/fr\/wp-content\/uploads\/2025\/06\/Webdo-Tunisie_168377.jpg","width":301,"height":301,"caption":"Webdo"},"image":{"@id":"https:\/\/www.webdo.tn\/fr\/#\/schema\/logo\/image\/"},"sameAs":["https:\/\/www.facebook.com\/webdotn","https:\/\/x.com\/webdo_tn"],"description":"Webdo est un m\u00e9dia num\u00e9rique tunisien fond\u00e9 en 2010, sp\u00e9cialis\u00e9 dans l\u2019actualit\u00e9 nationale et internationale, l\u2019\u00e9conomie, la soci\u00e9t\u00e9 et les analyses politiques. Le site s\u2019adresse \u00e0 un large public francophone et couvre l\u2019information tunisienne en temps r\u00e9el.","email":"redac@webdo.tn","legalName":"YNJ SARL","foundingDate":"2010-09-06","numberOfEmployees":{"@type":"QuantitativeValue","minValue":"11","maxValue":"50"}},{"@type":"Person","@id":"https:\/\/www.webdo.tn\/fr\/#\/schema\/person\/1f4e491e0907b413d61089e8eb573acc","name":"Webdo","image":{"@type":"ImageObject","inLanguage":"fr-FR","@id":"https:\/\/secure.gravatar.com\/avatar\/de97aeec1bb80978a9dbb127e47dfc88aaacb2f3c29aac907d8d3222e3495d49?s=96&d=mm&r=g","url":"https:\/\/secure.gravatar.com\/avatar\/de97aeec1bb80978a9dbb127e47dfc88aaacb2f3c29aac907d8d3222e3495d49?s=96&d=mm&r=g","contentUrl":"https:\/\/secure.gravatar.com\/avatar\/de97aeec1bb80978a9dbb127e47dfc88aaacb2f3c29aac907d8d3222e3495d49?s=96&d=mm&r=g","caption":"Webdo"},"url":"https:\/\/www.webdo.tn\/fr\/actualite\/author\/webdo\/"}]}},"_links":{"self":[{"href":"https:\/\/www.webdo.tn\/fr\/wp-json\/wp\/v2\/posts\/214076","targetHints":{"allow":["GET"]}}],"collection":[{"href":"https:\/\/www.webdo.tn\/fr\/wp-json\/wp\/v2\/posts"}],"about":[{"href":"https:\/\/www.webdo.tn\/fr\/wp-json\/wp\/v2\/types\/post"}],"author":[{"embeddable":true,"href":"https:\/\/www.webdo.tn\/fr\/wp-json\/wp\/v2\/users\/3169"}],"replies":[{"embeddable":true,"href":"https:\/\/www.webdo.tn\/fr\/wp-json\/wp\/v2\/comments?post=214076"}],"version-history":[{"count":0,"href":"https:\/\/www.webdo.tn\/fr\/wp-json\/wp\/v2\/posts\/214076\/revisions"}],"wp:featuredmedia":[{"embeddable":true,"href":"https:\/\/www.webdo.tn\/fr\/wp-json\/wp\/v2\/media\/290580"}],"wp:attachment":[{"href":"https:\/\/www.webdo.tn\/fr\/wp-json\/wp\/v2\/media?parent=214076"}],"wp:term":[{"taxonomy":"category","embeddable":true,"href":"https:\/\/www.webdo.tn\/fr\/wp-json\/wp\/v2\/categories?post=214076"},{"taxonomy":"post_tag","embeddable":true,"href":"https:\/\/www.webdo.tn\/fr\/wp-json\/wp\/v2\/tags?post=214076"}],"curies":[{"name":"wp","href":"https:\/\/api.w.org\/{rel}","templated":true}]}}