{"id":214062,"date":"2024-05-09T20:47:00","date_gmt":"2024-05-09T20:47:00","guid":{"rendered":"https:\/\/www.webdo.tn\/fr\/blog\/tunisie-jawher-ben-mbarek-en-appel-le-10-mai\/214062\/"},"modified":"2025-05-20T22:31:55","modified_gmt":"2025-05-20T22:31:55","slug":"tunisie-jawher-ben-mbarek-en-appel-le-10-mai","status":"publish","type":"post","link":"https:\/\/www.webdo.tn\/fr\/actualite\/national\/tunisie-jawher-ben-mbarek-en-appel-le-10-mai\/214062\/","title":{"rendered":"Tunisie : Jawher Ben Mbarek en appel le 10 mai"},"content":{"rendered":"<p>Le Comit\u00e9 de d\u00e9fense des prisonniers politiques a fait savoir que Jaouhar Ben Mbarek, membre du Front de salut national et professeur de droit constitutionnel, sera pr\u00e9sent\u00e9 demain devant la chambre p\u00e9nale de la Cour d&rsquo;appel de Tunis.<\/p>\n<p>\t\t\t\t\t\t\t\t\tLe Comit\u00e9 de d\u00e9fense des prisonniers politiques a fait savoir que Jaouhar Ben Mbarek, membre du Front de salut national et professeur de droit constitutionnel, sera pr\u00e9sent\u00e9 demain devant la chambre p\u00e9nale de la Cour d&rsquo;appel de Tunis. Il entend contester la peine de six mois de prison qui lui a \u00e9t\u00e9 inflig\u00e9e \u00e0 la suite d&rsquo;une plainte d\u00e9pos\u00e9e par Farouk Bouasker, pr\u00e9sident de l&rsquo;Instance sup\u00e9rieure ind\u00e9pendante pour les \u00e9lections, concernant une d\u00e9claration m\u00e9diatique critique \u00e0 l&rsquo;\u00e9gard des \u00e9lections l\u00e9gislatives pr\u00e9c\u00e9dentes.<\/p>\n<p>Le Comit\u00e9 a \u00e9galement d\u00e9plor\u00e9 le refus de l&rsquo;administration de la prison de Mornaguia de convoquer Ben Mbarek \u00e0 l&rsquo;audience pr\u00e9c\u00e9dente, bien qu&rsquo;il ait exprim\u00e9 son souhait d&rsquo;y assister pour assurer sa d\u00e9fense. Cette d\u00e9cision a \u00e9t\u00e9 consid\u00e9r\u00e9e comme une violation manifeste du droit \u00e0 la d\u00e9fense, d&rsquo;autant plus que sa demande de report d&rsquo;audience, motiv\u00e9e par sa gr\u00e8ve de la faim, a \u00e9t\u00e9 ignor\u00e9e et a conduit \u00e0 une condamnation inattendue.<\/p>\n<p>En d\u00e9pit des appels r\u00e9p\u00e9t\u00e9s de personnalit\u00e9s politiques et de militants de la soci\u00e9t\u00e9 civile \u00e0 mettre fin \u00e0 sa gr\u00e8ve de la faim, Ben Mbarek maintient sa position, protestant ainsi contre sa d\u00e9tention prolong\u00e9e au-del\u00e0 de la limite l\u00e9gale de la d\u00e9tention provisoire, et ce, malgr\u00e9 la d\u00e9gradation de son \u00e9tat de sant\u00e9.<\/p>\n","protected":false},"excerpt":{"rendered":"<p>Le Comit\u00e9 de d\u00e9fense des prisonniers politiques a fait savoir que Jaouhar Ben Mbarek, membre du Front de salut national et professeur de droit constitutionnel,&#8230;<\/p>\n","protected":false},"author":3169,"featured_media":247412,"comment_status":"open","ping_status":"closed","sticky":false,"template":"","format":"standard","meta":{"footnotes":""},"categories":[44],"tags":[6531,6418,2608],"class_list":["post-214062","post","type-post","status-publish","format-standard","has-post-thumbnail","hentry","category-national","tag-front-de-salut-national","tag-jaouhar-ben-mbarek","tag-tunisie"],"yoast_head":"<!-- This site is optimized with the Yoast SEO Premium plugin v27.5 (Yoast SEO v27.5) - https:\/\/yoast.com\/product\/yoast-seo-premium-wordpress\/ -->\n<title>Tunisie : Jawher Ben Mbarek en appel le 10 mai<\/title>\n<meta name=\"description\" content=\"Le Comit\u00e9 de d\u00e9fense des prisonniers politiques a fait savoir que Jaouhar Ben Mbarek, membre du Front de salut national et professeur de droit constitutionnel,...\" \/>\n<link rel=\"canonical\" href=\"https:\/\/www.webdo.tn\/fr\/actualite\/national\/tunisie-jawher-ben-mbarek-en-appel-le-10-mai\/214062\/\" \/>\n<meta property=\"og:locale\" content=\"fr_FR\" \/>\n<meta property=\"og:type\" content=\"article\" \/>\n<meta property=\"og:title\" content=\"Tunisie : Jawher Ben Mbarek en appel le 10 mai\" \/>\n<meta property=\"og:description\" content=\"Le Comit\u00e9 de d\u00e9fense des prisonniers politiques a fait savoir que Jaouhar Ben Mbarek, membre du Front de salut national et professeur de droit constitutionnel,...\" \/>\n<meta property=\"og:url\" content=\"https:\/\/www.webdo.tn\/fr\/actualite\/national\/tunisie-jawher-ben-mbarek-en-appel-le-10-mai\/214062\/\" \/>\n<meta property=\"og:site_name\" content=\"webdo\" \/>\n<meta property=\"article:publisher\" content=\"https:\/\/www.facebook.com\/webdotn\" \/>\n<meta property=\"article:published_time\" content=\"2024-05-09T20:47:00+00:00\" \/>\n<meta property=\"article:modified_time\" content=\"2025-05-20T22:31:55+00:00\" \/>\n<meta property=\"og:image\" content=\"https:\/\/www.webdo.tn\/fr\/wp-content\/uploads\/2024\/05\/c1e880ac748e34eaa691ded9f5cb53b5.webp\" \/>\n\t<meta property=\"og:image:width\" content=\"750\" \/>\n\t<meta property=\"og:image:height\" content=\"400\" \/>\n\t<meta property=\"og:image:type\" content=\"image\/webp\" \/>\n<meta name=\"author\" content=\"Webdo\" \/>\n<meta name=\"twitter:card\" content=\"summary_large_image\" \/>\n<meta name=\"twitter:creator\" content=\"@webdo_tn\" \/>\n<meta name=\"twitter:site\" content=\"@webdo_tn\" \/>\n<meta name=\"twitter:label1\" content=\"\u00c9crit par\" \/>\n\t<meta name=\"twitter:data1\" content=\"Webdo\" \/>\n\t<meta name=\"twitter:label2\" content=\"Dur\u00e9e de lecture estim\u00e9e\" \/>\n\t<meta name=\"twitter:data2\" content=\"1 minute\" \/>\n<script type=\"application\/ld+json\" class=\"yoast-schema-graph\">{\"@context\":\"https:\\\/\\\/schema.org\",\"@graph\":[{\"@type\":\"NewsArticle\",\"@id\":\"https:\\\/\\\/www.webdo.tn\\\/fr\\\/actualite\\\/national\\\/tunisie-jawher-ben-mbarek-en-appel-le-10-mai\\\/214062\\\/#article\",\"isPartOf\":{\"@id\":\"https:\\\/\\\/www.webdo.tn\\\/fr\\\/actualite\\\/national\\\/tunisie-jawher-ben-mbarek-en-appel-le-10-mai\\\/214062\\\/\"},\"author\":{\"name\":\"Webdo\",\"@id\":\"https:\\\/\\\/www.webdo.tn\\\/fr\\\/#\\\/schema\\\/person\\\/1f4e491e0907b413d61089e8eb573acc\"},\"headline\":\"Tunisie : Jawher Ben Mbarek en appel le 10 mai\",\"datePublished\":\"2024-05-09T20:47:00+00:00\",\"dateModified\":\"2025-05-20T22:31:55+00:00\",\"mainEntityOfPage\":{\"@id\":\"https:\\\/\\\/www.webdo.tn\\\/fr\\\/actualite\\\/national\\\/tunisie-jawher-ben-mbarek-en-appel-le-10-mai\\\/214062\\\/\"},\"wordCount\":297,\"commentCount\":0,\"publisher\":{\"@id\":\"https:\\\/\\\/www.webdo.tn\\\/fr\\\/#organization\"},\"image\":{\"@id\":\"https:\\\/\\\/www.webdo.tn\\\/fr\\\/actualite\\\/national\\\/tunisie-jawher-ben-mbarek-en-appel-le-10-mai\\\/214062\\\/#primaryimage\"},\"thumbnailUrl\":\"https:\\\/\\\/www.webdo.tn\\\/fr\\\/wp-content\\\/uploads\\\/2024\\\/05\\\/c1e880ac748e34eaa691ded9f5cb53b5.webp\",\"keywords\":[\"Front de Salut national\",\"Jaouhar Ben Mbarek\",\"Tunisie\"],\"articleSection\":[\"National\"],\"inLanguage\":\"fr-FR\"},{\"@type\":\"WebPage\",\"@id\":\"https:\\\/\\\/www.webdo.tn\\\/fr\\\/actualite\\\/national\\\/tunisie-jawher-ben-mbarek-en-appel-le-10-mai\\\/214062\\\/\",\"url\":\"https:\\\/\\\/www.webdo.tn\\\/fr\\\/actualite\\\/national\\\/tunisie-jawher-ben-mbarek-en-appel-le-10-mai\\\/214062\\\/\",\"name\":\"Tunisie : Jawher Ben Mbarek en appel le 10 mai\",\"isPartOf\":{\"@id\":\"https:\\\/\\\/www.webdo.tn\\\/fr\\\/#website\"},\"primaryImageOfPage\":{\"@id\":\"https:\\\/\\\/www.webdo.tn\\\/fr\\\/actualite\\\/national\\\/tunisie-jawher-ben-mbarek-en-appel-le-10-mai\\\/214062\\\/#primaryimage\"},\"image\":{\"@id\":\"https:\\\/\\\/www.webdo.tn\\\/fr\\\/actualite\\\/national\\\/tunisie-jawher-ben-mbarek-en-appel-le-10-mai\\\/214062\\\/#primaryimage\"},\"thumbnailUrl\":\"https:\\\/\\\/www.webdo.tn\\\/fr\\\/wp-content\\\/uploads\\\/2024\\\/05\\\/c1e880ac748e34eaa691ded9f5cb53b5.webp\",\"datePublished\":\"2024-05-09T20:47:00+00:00\",\"dateModified\":\"2025-05-20T22:31:55+00:00\",\"description\":\"Le Comit\u00e9 de d\u00e9fense des prisonniers politiques a fait savoir que Jaouhar Ben Mbarek, membre du Front de salut national et professeur de droit constitutionnel,...\",\"breadcrumb\":{\"@id\":\"https:\\\/\\\/www.webdo.tn\\\/fr\\\/actualite\\\/national\\\/tunisie-jawher-ben-mbarek-en-appel-le-10-mai\\\/214062\\\/#breadcrumb\"},\"inLanguage\":\"fr-FR\",\"potentialAction\":[{\"@type\":\"ReadAction\",\"target\":[\"https:\\\/\\\/www.webdo.tn\\\/fr\\\/actualite\\\/national\\\/tunisie-jawher-ben-mbarek-en-appel-le-10-mai\\\/214062\\\/\"]}]},{\"@type\":\"ImageObject\",\"inLanguage\":\"fr-FR\",\"@id\":\"https:\\\/\\\/www.webdo.tn\\\/fr\\\/actualite\\\/national\\\/tunisie-jawher-ben-mbarek-en-appel-le-10-mai\\\/214062\\\/#primaryimage\",\"url\":\"https:\\\/\\\/www.webdo.tn\\\/fr\\\/wp-content\\\/uploads\\\/2024\\\/05\\\/c1e880ac748e34eaa691ded9f5cb53b5.webp\",\"contentUrl\":\"https:\\\/\\\/www.webdo.tn\\\/fr\\\/wp-content\\\/uploads\\\/2024\\\/05\\\/c1e880ac748e34eaa691ded9f5cb53b5.webp\",\"width\":750,\"height\":400,\"caption\":\"Tunisie : Jawher Ben Mbarek en appel le 10 mai\"},{\"@type\":\"BreadcrumbList\",\"@id\":\"https:\\\/\\\/www.webdo.tn\\\/fr\\\/actualite\\\/national\\\/tunisie-jawher-ben-mbarek-en-appel-le-10-mai\\\/214062\\\/#breadcrumb\",\"itemListElement\":[{\"@type\":\"ListItem\",\"position\":1,\"name\":\"Accueil\",\"item\":\"https:\\\/\\\/www.webdo.tn\\\/fr\\\/\"},{\"@type\":\"ListItem\",\"position\":2,\"name\":\"Tunisie : Jawher Ben Mbarek en appel le 10 mai\"}]},{\"@type\":\"WebSite\",\"@id\":\"https:\\\/\\\/www.webdo.tn\\\/fr\\\/#website\",\"url\":\"https:\\\/\\\/www.webdo.tn\\\/fr\\\/\",\"name\":\"webdo\",\"description\":\"Tunisie - News en Tunisie et \u00e0 l&#039;international sur Webdo.tn\",\"publisher\":{\"@id\":\"https:\\\/\\\/www.webdo.tn\\\/fr\\\/#organization\"},\"potentialAction\":[{\"@type\":\"SearchAction\",\"target\":{\"@type\":\"EntryPoint\",\"urlTemplate\":\"https:\\\/\\\/www.webdo.tn\\\/fr\\\/?s={search_term_string}\"},\"query-input\":{\"@type\":\"PropertyValueSpecification\",\"valueRequired\":true,\"valueName\":\"search_term_string\"}}],\"inLanguage\":\"fr-FR\"},{\"@type\":\"Organization\",\"@id\":\"https:\\\/\\\/www.webdo.tn\\\/fr\\\/#organization\",\"name\":\"Webdo\",\"alternateName\":\"Webdo.tn\",\"url\":\"https:\\\/\\\/www.webdo.tn\\\/fr\\\/\",\"logo\":{\"@type\":\"ImageObject\",\"inLanguage\":\"fr-FR\",\"@id\":\"https:\\\/\\\/www.webdo.tn\\\/fr\\\/#\\\/schema\\\/logo\\\/image\\\/\",\"url\":\"https:\\\/\\\/www.webdo.tn\\\/fr\\\/wp-content\\\/uploads\\\/2025\\\/06\\\/Webdo-Tunisie_168377.jpg\",\"contentUrl\":\"https:\\\/\\\/www.webdo.tn\\\/fr\\\/wp-content\\\/uploads\\\/2025\\\/06\\\/Webdo-Tunisie_168377.jpg\",\"width\":301,\"height\":301,\"caption\":\"Webdo\"},\"image\":{\"@id\":\"https:\\\/\\\/www.webdo.tn\\\/fr\\\/#\\\/schema\\\/logo\\\/image\\\/\"},\"sameAs\":[\"https:\\\/\\\/www.facebook.com\\\/webdotn\",\"https:\\\/\\\/x.com\\\/webdo_tn\"],\"description\":\"Webdo est un m\u00e9dia num\u00e9rique tunisien fond\u00e9 en 2010, sp\u00e9cialis\u00e9 dans l\u2019actualit\u00e9 nationale et internationale, l\u2019\u00e9conomie, la soci\u00e9t\u00e9 et les analyses politiques. Le site s\u2019adresse \u00e0 un large public francophone et couvre l\u2019information tunisienne en temps r\u00e9el.\",\"email\":\"redac@webdo.tn\",\"legalName\":\"YNJ SARL\",\"foundingDate\":\"2010-09-06\",\"numberOfEmployees\":{\"@type\":\"QuantitativeValue\",\"minValue\":\"11\",\"maxValue\":\"50\"}},{\"@type\":\"Person\",\"@id\":\"https:\\\/\\\/www.webdo.tn\\\/fr\\\/#\\\/schema\\\/person\\\/1f4e491e0907b413d61089e8eb573acc\",\"name\":\"Webdo\",\"image\":{\"@type\":\"ImageObject\",\"inLanguage\":\"fr-FR\",\"@id\":\"https:\\\/\\\/secure.gravatar.com\\\/avatar\\\/de97aeec1bb80978a9dbb127e47dfc88aaacb2f3c29aac907d8d3222e3495d49?s=96&d=mm&r=g\",\"url\":\"https:\\\/\\\/secure.gravatar.com\\\/avatar\\\/de97aeec1bb80978a9dbb127e47dfc88aaacb2f3c29aac907d8d3222e3495d49?s=96&d=mm&r=g\",\"contentUrl\":\"https:\\\/\\\/secure.gravatar.com\\\/avatar\\\/de97aeec1bb80978a9dbb127e47dfc88aaacb2f3c29aac907d8d3222e3495d49?s=96&d=mm&r=g\",\"caption\":\"Webdo\"},\"url\":\"https:\\\/\\\/www.webdo.tn\\\/fr\\\/actualite\\\/author\\\/webdo\\\/\"}]}<\/script>\n<!-- \/ Yoast SEO Premium plugin. -->","yoast_head_json":{"title":"Tunisie : Jawher Ben Mbarek en appel le 10 mai","description":"Le Comit\u00e9 de d\u00e9fense des prisonniers politiques a fait savoir que Jaouhar Ben Mbarek, membre du Front de salut national et professeur de droit constitutionnel,...","canonical":"https:\/\/www.webdo.tn\/fr\/actualite\/national\/tunisie-jawher-ben-mbarek-en-appel-le-10-mai\/214062\/","og_locale":"fr_FR","og_type":"article","og_title":"Tunisie : Jawher Ben Mbarek en appel le 10 mai","og_description":"Le Comit\u00e9 de d\u00e9fense des prisonniers politiques a fait savoir que Jaouhar Ben Mbarek, membre du Front de salut national et professeur de droit constitutionnel,...","og_url":"https:\/\/www.webdo.tn\/fr\/actualite\/national\/tunisie-jawher-ben-mbarek-en-appel-le-10-mai\/214062\/","og_site_name":"webdo","article_publisher":"https:\/\/www.facebook.com\/webdotn","article_published_time":"2024-05-09T20:47:00+00:00","article_modified_time":"2025-05-20T22:31:55+00:00","og_image":[{"width":750,"height":400,"url":"https:\/\/www.webdo.tn\/fr\/wp-content\/uploads\/2024\/05\/c1e880ac748e34eaa691ded9f5cb53b5.webp","type":"image\/webp"}],"author":"Webdo","twitter_card":"summary_large_image","twitter_creator":"@webdo_tn","twitter_site":"@webdo_tn","twitter_misc":{"\u00c9crit par":"Webdo","Dur\u00e9e de lecture estim\u00e9e":"1 minute"},"schema":{"@context":"https:\/\/schema.org","@graph":[{"@type":"NewsArticle","@id":"https:\/\/www.webdo.tn\/fr\/actualite\/national\/tunisie-jawher-ben-mbarek-en-appel-le-10-mai\/214062\/#article","isPartOf":{"@id":"https:\/\/www.webdo.tn\/fr\/actualite\/national\/tunisie-jawher-ben-mbarek-en-appel-le-10-mai\/214062\/"},"author":{"name":"Webdo","@id":"https:\/\/www.webdo.tn\/fr\/#\/schema\/person\/1f4e491e0907b413d61089e8eb573acc"},"headline":"Tunisie : Jawher Ben Mbarek en appel le 10 mai","datePublished":"2024-05-09T20:47:00+00:00","dateModified":"2025-05-20T22:31:55+00:00","mainEntityOfPage":{"@id":"https:\/\/www.webdo.tn\/fr\/actualite\/national\/tunisie-jawher-ben-mbarek-en-appel-le-10-mai\/214062\/"},"wordCount":297,"commentCount":0,"publisher":{"@id":"https:\/\/www.webdo.tn\/fr\/#organization"},"image":{"@id":"https:\/\/www.webdo.tn\/fr\/actualite\/national\/tunisie-jawher-ben-mbarek-en-appel-le-10-mai\/214062\/#primaryimage"},"thumbnailUrl":"https:\/\/www.webdo.tn\/fr\/wp-content\/uploads\/2024\/05\/c1e880ac748e34eaa691ded9f5cb53b5.webp","keywords":["Front de Salut national","Jaouhar Ben Mbarek","Tunisie"],"articleSection":["National"],"inLanguage":"fr-FR"},{"@type":"WebPage","@id":"https:\/\/www.webdo.tn\/fr\/actualite\/national\/tunisie-jawher-ben-mbarek-en-appel-le-10-mai\/214062\/","url":"https:\/\/www.webdo.tn\/fr\/actualite\/national\/tunisie-jawher-ben-mbarek-en-appel-le-10-mai\/214062\/","name":"Tunisie : Jawher Ben Mbarek en appel le 10 mai","isPartOf":{"@id":"https:\/\/www.webdo.tn\/fr\/#website"},"primaryImageOfPage":{"@id":"https:\/\/www.webdo.tn\/fr\/actualite\/national\/tunisie-jawher-ben-mbarek-en-appel-le-10-mai\/214062\/#primaryimage"},"image":{"@id":"https:\/\/www.webdo.tn\/fr\/actualite\/national\/tunisie-jawher-ben-mbarek-en-appel-le-10-mai\/214062\/#primaryimage"},"thumbnailUrl":"https:\/\/www.webdo.tn\/fr\/wp-content\/uploads\/2024\/05\/c1e880ac748e34eaa691ded9f5cb53b5.webp","datePublished":"2024-05-09T20:47:00+00:00","dateModified":"2025-05-20T22:31:55+00:00","description":"Le Comit\u00e9 de d\u00e9fense des prisonniers politiques a fait savoir que Jaouhar Ben Mbarek, membre du Front de salut national et professeur de droit constitutionnel,...","breadcrumb":{"@id":"https:\/\/www.webdo.tn\/fr\/actualite\/national\/tunisie-jawher-ben-mbarek-en-appel-le-10-mai\/214062\/#breadcrumb"},"inLanguage":"fr-FR","potentialAction":[{"@type":"ReadAction","target":["https:\/\/www.webdo.tn\/fr\/actualite\/national\/tunisie-jawher-ben-mbarek-en-appel-le-10-mai\/214062\/"]}]},{"@type":"ImageObject","inLanguage":"fr-FR","@id":"https:\/\/www.webdo.tn\/fr\/actualite\/national\/tunisie-jawher-ben-mbarek-en-appel-le-10-mai\/214062\/#primaryimage","url":"https:\/\/www.webdo.tn\/fr\/wp-content\/uploads\/2024\/05\/c1e880ac748e34eaa691ded9f5cb53b5.webp","contentUrl":"https:\/\/www.webdo.tn\/fr\/wp-content\/uploads\/2024\/05\/c1e880ac748e34eaa691ded9f5cb53b5.webp","width":750,"height":400,"caption":"Tunisie : Jawher Ben Mbarek en appel le 10 mai"},{"@type":"BreadcrumbList","@id":"https:\/\/www.webdo.tn\/fr\/actualite\/national\/tunisie-jawher-ben-mbarek-en-appel-le-10-mai\/214062\/#breadcrumb","itemListElement":[{"@type":"ListItem","position":1,"name":"Accueil","item":"https:\/\/www.webdo.tn\/fr\/"},{"@type":"ListItem","position":2,"name":"Tunisie : Jawher Ben Mbarek en appel le 10 mai"}]},{"@type":"WebSite","@id":"https:\/\/www.webdo.tn\/fr\/#website","url":"https:\/\/www.webdo.tn\/fr\/","name":"webdo","description":"Tunisie - News en Tunisie et \u00e0 l&#039;international sur Webdo.tn","publisher":{"@id":"https:\/\/www.webdo.tn\/fr\/#organization"},"potentialAction":[{"@type":"SearchAction","target":{"@type":"EntryPoint","urlTemplate":"https:\/\/www.webdo.tn\/fr\/?s={search_term_string}"},"query-input":{"@type":"PropertyValueSpecification","valueRequired":true,"valueName":"search_term_string"}}],"inLanguage":"fr-FR"},{"@type":"Organization","@id":"https:\/\/www.webdo.tn\/fr\/#organization","name":"Webdo","alternateName":"Webdo.tn","url":"https:\/\/www.webdo.tn\/fr\/","logo":{"@type":"ImageObject","inLanguage":"fr-FR","@id":"https:\/\/www.webdo.tn\/fr\/#\/schema\/logo\/image\/","url":"https:\/\/www.webdo.tn\/fr\/wp-content\/uploads\/2025\/06\/Webdo-Tunisie_168377.jpg","contentUrl":"https:\/\/www.webdo.tn\/fr\/wp-content\/uploads\/2025\/06\/Webdo-Tunisie_168377.jpg","width":301,"height":301,"caption":"Webdo"},"image":{"@id":"https:\/\/www.webdo.tn\/fr\/#\/schema\/logo\/image\/"},"sameAs":["https:\/\/www.facebook.com\/webdotn","https:\/\/x.com\/webdo_tn"],"description":"Webdo est un m\u00e9dia num\u00e9rique tunisien fond\u00e9 en 2010, sp\u00e9cialis\u00e9 dans l\u2019actualit\u00e9 nationale et internationale, l\u2019\u00e9conomie, la soci\u00e9t\u00e9 et les analyses politiques. Le site s\u2019adresse \u00e0 un large public francophone et couvre l\u2019information tunisienne en temps r\u00e9el.","email":"redac@webdo.tn","legalName":"YNJ SARL","foundingDate":"2010-09-06","numberOfEmployees":{"@type":"QuantitativeValue","minValue":"11","maxValue":"50"}},{"@type":"Person","@id":"https:\/\/www.webdo.tn\/fr\/#\/schema\/person\/1f4e491e0907b413d61089e8eb573acc","name":"Webdo","image":{"@type":"ImageObject","inLanguage":"fr-FR","@id":"https:\/\/secure.gravatar.com\/avatar\/de97aeec1bb80978a9dbb127e47dfc88aaacb2f3c29aac907d8d3222e3495d49?s=96&d=mm&r=g","url":"https:\/\/secure.gravatar.com\/avatar\/de97aeec1bb80978a9dbb127e47dfc88aaacb2f3c29aac907d8d3222e3495d49?s=96&d=mm&r=g","contentUrl":"https:\/\/secure.gravatar.com\/avatar\/de97aeec1bb80978a9dbb127e47dfc88aaacb2f3c29aac907d8d3222e3495d49?s=96&d=mm&r=g","caption":"Webdo"},"url":"https:\/\/www.webdo.tn\/fr\/actualite\/author\/webdo\/"}]}},"_links":{"self":[{"href":"https:\/\/www.webdo.tn\/fr\/wp-json\/wp\/v2\/posts\/214062","targetHints":{"allow":["GET"]}}],"collection":[{"href":"https:\/\/www.webdo.tn\/fr\/wp-json\/wp\/v2\/posts"}],"about":[{"href":"https:\/\/www.webdo.tn\/fr\/wp-json\/wp\/v2\/types\/post"}],"author":[{"embeddable":true,"href":"https:\/\/www.webdo.tn\/fr\/wp-json\/wp\/v2\/users\/3169"}],"replies":[{"embeddable":true,"href":"https:\/\/www.webdo.tn\/fr\/wp-json\/wp\/v2\/comments?post=214062"}],"version-history":[{"count":0,"href":"https:\/\/www.webdo.tn\/fr\/wp-json\/wp\/v2\/posts\/214062\/revisions"}],"wp:featuredmedia":[{"embeddable":true,"href":"https:\/\/www.webdo.tn\/fr\/wp-json\/wp\/v2\/media\/247412"}],"wp:attachment":[{"href":"https:\/\/www.webdo.tn\/fr\/wp-json\/wp\/v2\/media?parent=214062"}],"wp:term":[{"taxonomy":"category","embeddable":true,"href":"https:\/\/www.webdo.tn\/fr\/wp-json\/wp\/v2\/categories?post=214062"},{"taxonomy":"post_tag","embeddable":true,"href":"https:\/\/www.webdo.tn\/fr\/wp-json\/wp\/v2\/tags?post=214062"}],"curies":[{"name":"wp","href":"https:\/\/api.w.org\/{rel}","templated":true}]}}