{"id":214055,"date":"2024-05-09T12:36:00","date_gmt":"2024-05-09T12:36:00","guid":{"rendered":"https:\/\/www.webdo.tn\/fr\/blog\/tunisiens-residents-a-l-etranger-le-nouveau-regime-fcr-en-cours-de-finalisation\/214055\/"},"modified":"2025-05-20T21:50:46","modified_gmt":"2025-05-20T21:50:46","slug":"tunisiens-residents-a-l-etranger-le-nouveau-regime-fcr-en-cours-de-finalisation","status":"publish","type":"post","link":"https:\/\/www.webdo.tn\/fr\/actualite\/national\/tunisiens-residents-a-l-etranger-le-nouveau-regime-fcr-en-cours-de-finalisation\/214055\/","title":{"rendered":"Tunisiens R\u00e9sidents \u00e0 l\u2019Etranger : Le nouveau r\u00e9gime FCR en cours de finalisation"},"content":{"rendered":"<p>Le FCR est un r\u00e9gime de privil\u00e8ge que d\u00e9livre l\u2019\u00e9tat tunisien aux Tunisiens de l\u2019\u00e9tranger sous certaines conditions et qui leur permette d\u2019importer leurs v\u00e9hicules personnels \u00e0 l\u2019occasion du retour d\u00e9finitif au pays. La loi de Finances 2024 a introduit une nouveaut\u00e9 permettant de faire b\u00e9n\u00e9ficier aux Tunisiens R\u00e9sidents \u00e0 l\u2019Etranger ce r\u00e9gime FCR une fois tous les 10 ans. Cette nouveaut\u00e9 est en cours de finalisation.<\/p>\n<p>\t\t\t\t\t\t\t\t\tC\u2019est ce qu\u2019a annonc\u00e9, ce jeudi 9 mai 2024 sur les ondes de Mosaique fm, le colonel Chokri Jebri, porte-parole de la Douane tunisienne, indiquant que les directives r\u00e9glementaires pour le nouveau syst\u00e8me FCR (Fiscal Cash Register), tel que stipul\u00e9 dans la loi de Finances de l&rsquo;ann\u00e9e 2024, sont en cours de finalisation.<\/p>\n<p>Il a notamment pr\u00e9cis\u00e9 que les services comp\u00e9tents s&#8217;emploient \u00e0 finaliser les proc\u00e9dures et \u00e0 publier les directives r\u00e9glementaires dans les plus brefs d\u00e9lais, dans le but de permettre aux Tunisiens r\u00e9sidents \u00e0 l&rsquo;\u00e9tranger de b\u00e9n\u00e9ficier de cet avantage fiscal. Selon lui, ces dispositions devraient \u00eatre promulgu\u00e9es cet \u00e9t\u00e9.<\/p>\n<p>L&rsquo;article 24 de la loi de Finances 2024 pr\u00e9voit de permettre aux Tunisiens r\u00e9sidents \u00e0 l&rsquo;\u00e9tranger d&rsquo;importer un v\u00e9hicule selon la proc\u00e9dure FCR tous les 10 ans et non plus qu\u2019une seule fois dans le cadre de leur retour d\u00e9finitif en Tunisie.<\/p>\n<p>\u00ab\u00a0Les Tunisiens r\u00e9sidents \u00e0 l&rsquo;\u00e9tranger peuvent b\u00e9n\u00e9ficier d&rsquo;une exon\u00e9ration totale ou partielle des droits et taxes exigibles tous les dix ans lors de l&rsquo;importation ou de l&rsquo;acquisition, sur le march\u00e9 local, d&rsquo;une moto, d&rsquo;une voiture de tourisme ou d&rsquo;un v\u00e9hicule \u00e0 usage professionnel, y compris les v\u00e9hicules de tous types dont le poids total n&rsquo;exc\u00e8de pas trois tonnes et demie (3,5 tonnes)\u00a0\u00bb.<\/p>\n<p>Le FCR est un r\u00e9gime de privil\u00e8ge que d\u00e9livre l\u2019Etat tunisien aux Tunisiens de l\u2019\u00e9tranger sous certaines conditions et qui leur permette d\u2019importer leurs v\u00e9hicules personnels \u00e0 l\u2019occasion du retour d\u00e9finitif au pays. Cette importation s\u2019effectue sans que la personne concern\u00e9e ne paye de taxes douani\u00e8res.<\/p>\n<p>Le mois dernier, les Tunisiens r\u00e9sidents \u00e0 l\u2019\u00e9tranger ont \u00e9t\u00e9 au centre d\u2019une r\u00e9union minist\u00e9rielle pr\u00e9sid\u00e9e par le Chef du gouvernement, Ahmed Hachani. Au cours de cette r\u00e9union, il a \u00e9t\u00e9 convenu que le minist\u00e8re de l\u2019Int\u00e9rieur, en coordination avec la Direction G\u00e9n\u00e9rale des Douanes, doit mettre en place une plateforme \u00e9lectronique pour acc\u00e9l\u00e9rer le traitement des demandes de FCR, tout en appelant les d\u00e9partements de la loi et de la l\u00e9gislation du gouvernement \u00e0 acc\u00e9l\u00e9rer la publication du projet de d\u00e9cret sur le r\u00e9gime FCR.<\/p>\n","protected":false},"excerpt":{"rendered":"<p>La loi de Finances 2024 a introduit une nouveaut\u00e9 permettant de faire b\u00e9n\u00e9ficier aux Tunisiens R\u00e9sidents \u00e0 l\u2019Etranger ce r\u00e9gime FCR une fois tous les 10 ans.<\/p>\n","protected":false},"author":3162,"featured_media":247410,"comment_status":"open","ping_status":"closed","sticky":false,"template":"","format":"standard","meta":{"footnotes":""},"categories":[44],"tags":[3047,4448,2645,2608,4468],"class_list":["post-214055","post","type-post","status-publish","format-standard","has-post-thumbnail","hentry","category-national","tag-douane","tag-fcr","tag-tre","tag-tunisie","tag-tunisiens-residents-a-letranger"],"yoast_head":"<!-- This site is optimized with the Yoast SEO Premium plugin v27.5 (Yoast SEO v27.5) - https:\/\/yoast.com\/product\/yoast-seo-premium-wordpress\/ -->\n<title>Tunisiens R\u00e9sidents \u00e0 l\u2019Etranger : Le nouveau r\u00e9gime FCR en cours de finalisation<\/title>\n<meta name=\"description\" content=\"La loi de Finances 2024 a introduit une nouveaut\u00e9 permettant de faire b\u00e9n\u00e9ficier aux Tunisiens R\u00e9sidents \u00e0 l\u2019Etranger ce r\u00e9gime FCR une fois tous les 10 ans.\" \/>\n<link rel=\"canonical\" href=\"https:\/\/www.webdo.tn\/fr\/actualite\/national\/tunisiens-residents-a-l-etranger-le-nouveau-regime-fcr-en-cours-de-finalisation\/214055\/\" \/>\n<meta property=\"og:locale\" content=\"fr_FR\" \/>\n<meta property=\"og:type\" content=\"article\" \/>\n<meta property=\"og:title\" content=\"Tunisiens R\u00e9sidents \u00e0 l\u2019Etranger : Le nouveau r\u00e9gime FCR en cours de finalisation\" \/>\n<meta property=\"og:description\" content=\"La loi de Finances 2024 a introduit une nouveaut\u00e9 permettant de faire b\u00e9n\u00e9ficier aux Tunisiens R\u00e9sidents \u00e0 l\u2019Etranger ce r\u00e9gime FCR une fois tous les 10 ans.\" \/>\n<meta property=\"og:url\" content=\"https:\/\/www.webdo.tn\/fr\/actualite\/national\/tunisiens-residents-a-l-etranger-le-nouveau-regime-fcr-en-cours-de-finalisation\/214055\/\" \/>\n<meta property=\"og:site_name\" content=\"webdo\" \/>\n<meta property=\"article:publisher\" content=\"https:\/\/www.facebook.com\/webdotn\" \/>\n<meta property=\"article:published_time\" content=\"2024-05-09T12:36:00+00:00\" \/>\n<meta property=\"article:modified_time\" content=\"2025-05-20T21:50:46+00:00\" \/>\n<meta property=\"og:image\" content=\"https:\/\/www.webdo.tn\/fr\/wp-content\/uploads\/2024\/05\/d31af5fdcf7a1c4406566d646db1efe2.webp\" \/>\n\t<meta property=\"og:image:width\" content=\"626\" \/>\n\t<meta property=\"og:image:height\" content=\"334\" \/>\n\t<meta property=\"og:image:type\" content=\"image\/webp\" \/>\n<meta name=\"author\" content=\"MC\" \/>\n<meta name=\"twitter:card\" content=\"summary_large_image\" \/>\n<meta name=\"twitter:creator\" content=\"@webdo_tn\" \/>\n<meta name=\"twitter:site\" content=\"@webdo_tn\" \/>\n<meta name=\"twitter:label1\" content=\"\u00c9crit par\" \/>\n\t<meta name=\"twitter:data1\" content=\"MC\" \/>\n\t<meta name=\"twitter:label2\" content=\"Dur\u00e9e de lecture estim\u00e9e\" \/>\n\t<meta name=\"twitter:data2\" content=\"2 minutes\" \/>\n<script type=\"application\/ld+json\" class=\"yoast-schema-graph\">{\"@context\":\"https:\\\/\\\/schema.org\",\"@graph\":[{\"@type\":\"NewsArticle\",\"@id\":\"https:\\\/\\\/www.webdo.tn\\\/fr\\\/actualite\\\/national\\\/tunisiens-residents-a-l-etranger-le-nouveau-regime-fcr-en-cours-de-finalisation\\\/214055\\\/#article\",\"isPartOf\":{\"@id\":\"https:\\\/\\\/www.webdo.tn\\\/fr\\\/actualite\\\/national\\\/tunisiens-residents-a-l-etranger-le-nouveau-regime-fcr-en-cours-de-finalisation\\\/214055\\\/\"},\"author\":{\"name\":\"MC\",\"@id\":\"https:\\\/\\\/www.webdo.tn\\\/fr\\\/#\\\/schema\\\/person\\\/2c4929cbf5a809e3bd38617c6ce150f6\"},\"headline\":\"Tunisiens R\u00e9sidents \u00e0 l\u2019Etranger : Le nouveau r\u00e9gime FCR en cours de finalisation\",\"datePublished\":\"2024-05-09T12:36:00+00:00\",\"dateModified\":\"2025-05-20T21:50:46+00:00\",\"mainEntityOfPage\":{\"@id\":\"https:\\\/\\\/www.webdo.tn\\\/fr\\\/actualite\\\/national\\\/tunisiens-residents-a-l-etranger-le-nouveau-regime-fcr-en-cours-de-finalisation\\\/214055\\\/\"},\"wordCount\":487,\"commentCount\":0,\"publisher\":{\"@id\":\"https:\\\/\\\/www.webdo.tn\\\/fr\\\/#organization\"},\"image\":{\"@id\":\"https:\\\/\\\/www.webdo.tn\\\/fr\\\/actualite\\\/national\\\/tunisiens-residents-a-l-etranger-le-nouveau-regime-fcr-en-cours-de-finalisation\\\/214055\\\/#primaryimage\"},\"thumbnailUrl\":\"https:\\\/\\\/www.webdo.tn\\\/fr\\\/wp-content\\\/uploads\\\/2024\\\/05\\\/d31af5fdcf7a1c4406566d646db1efe2.webp\",\"keywords\":[\"douane\",\"fcr\",\"TRE\",\"Tunisie\",\"Tunisiens R\u00e9sidents \u00e0 l\u2019Etranger\"],\"articleSection\":[\"National\"],\"inLanguage\":\"fr-FR\"},{\"@type\":\"WebPage\",\"@id\":\"https:\\\/\\\/www.webdo.tn\\\/fr\\\/actualite\\\/national\\\/tunisiens-residents-a-l-etranger-le-nouveau-regime-fcr-en-cours-de-finalisation\\\/214055\\\/\",\"url\":\"https:\\\/\\\/www.webdo.tn\\\/fr\\\/actualite\\\/national\\\/tunisiens-residents-a-l-etranger-le-nouveau-regime-fcr-en-cours-de-finalisation\\\/214055\\\/\",\"name\":\"Tunisiens R\u00e9sidents \u00e0 l\u2019Etranger : Le nouveau r\u00e9gime FCR en cours de finalisation\",\"isPartOf\":{\"@id\":\"https:\\\/\\\/www.webdo.tn\\\/fr\\\/#website\"},\"primaryImageOfPage\":{\"@id\":\"https:\\\/\\\/www.webdo.tn\\\/fr\\\/actualite\\\/national\\\/tunisiens-residents-a-l-etranger-le-nouveau-regime-fcr-en-cours-de-finalisation\\\/214055\\\/#primaryimage\"},\"image\":{\"@id\":\"https:\\\/\\\/www.webdo.tn\\\/fr\\\/actualite\\\/national\\\/tunisiens-residents-a-l-etranger-le-nouveau-regime-fcr-en-cours-de-finalisation\\\/214055\\\/#primaryimage\"},\"thumbnailUrl\":\"https:\\\/\\\/www.webdo.tn\\\/fr\\\/wp-content\\\/uploads\\\/2024\\\/05\\\/d31af5fdcf7a1c4406566d646db1efe2.webp\",\"datePublished\":\"2024-05-09T12:36:00+00:00\",\"dateModified\":\"2025-05-20T21:50:46+00:00\",\"description\":\"La loi de Finances 2024 a introduit une nouveaut\u00e9 permettant de faire b\u00e9n\u00e9ficier aux Tunisiens R\u00e9sidents \u00e0 l\u2019Etranger ce r\u00e9gime FCR une fois tous les 10 ans.\",\"breadcrumb\":{\"@id\":\"https:\\\/\\\/www.webdo.tn\\\/fr\\\/actualite\\\/national\\\/tunisiens-residents-a-l-etranger-le-nouveau-regime-fcr-en-cours-de-finalisation\\\/214055\\\/#breadcrumb\"},\"inLanguage\":\"fr-FR\",\"potentialAction\":[{\"@type\":\"ReadAction\",\"target\":[\"https:\\\/\\\/www.webdo.tn\\\/fr\\\/actualite\\\/national\\\/tunisiens-residents-a-l-etranger-le-nouveau-regime-fcr-en-cours-de-finalisation\\\/214055\\\/\"]}]},{\"@type\":\"ImageObject\",\"inLanguage\":\"fr-FR\",\"@id\":\"https:\\\/\\\/www.webdo.tn\\\/fr\\\/actualite\\\/national\\\/tunisiens-residents-a-l-etranger-le-nouveau-regime-fcr-en-cours-de-finalisation\\\/214055\\\/#primaryimage\",\"url\":\"https:\\\/\\\/www.webdo.tn\\\/fr\\\/wp-content\\\/uploads\\\/2024\\\/05\\\/d31af5fdcf7a1c4406566d646db1efe2.webp\",\"contentUrl\":\"https:\\\/\\\/www.webdo.tn\\\/fr\\\/wp-content\\\/uploads\\\/2024\\\/05\\\/d31af5fdcf7a1c4406566d646db1efe2.webp\",\"width\":626,\"height\":334,\"caption\":\"Tunisiens R\u00e9sidents \u00e0 l\u2019Etranger : Le nouveau r\u00e9gime FCR en cours de finalisation\"},{\"@type\":\"BreadcrumbList\",\"@id\":\"https:\\\/\\\/www.webdo.tn\\\/fr\\\/actualite\\\/national\\\/tunisiens-residents-a-l-etranger-le-nouveau-regime-fcr-en-cours-de-finalisation\\\/214055\\\/#breadcrumb\",\"itemListElement\":[{\"@type\":\"ListItem\",\"position\":1,\"name\":\"Accueil\",\"item\":\"https:\\\/\\\/www.webdo.tn\\\/fr\\\/\"},{\"@type\":\"ListItem\",\"position\":2,\"name\":\"Tunisiens R\u00e9sidents \u00e0 l\u2019Etranger : Le nouveau r\u00e9gime FCR en cours de finalisation\"}]},{\"@type\":\"WebSite\",\"@id\":\"https:\\\/\\\/www.webdo.tn\\\/fr\\\/#website\",\"url\":\"https:\\\/\\\/www.webdo.tn\\\/fr\\\/\",\"name\":\"webdo\",\"description\":\"Tunisie - News en Tunisie et \u00e0 l&#039;international sur Webdo.tn\",\"publisher\":{\"@id\":\"https:\\\/\\\/www.webdo.tn\\\/fr\\\/#organization\"},\"potentialAction\":[{\"@type\":\"SearchAction\",\"target\":{\"@type\":\"EntryPoint\",\"urlTemplate\":\"https:\\\/\\\/www.webdo.tn\\\/fr\\\/?s={search_term_string}\"},\"query-input\":{\"@type\":\"PropertyValueSpecification\",\"valueRequired\":true,\"valueName\":\"search_term_string\"}}],\"inLanguage\":\"fr-FR\"},{\"@type\":\"Organization\",\"@id\":\"https:\\\/\\\/www.webdo.tn\\\/fr\\\/#organization\",\"name\":\"Webdo\",\"alternateName\":\"Webdo.tn\",\"url\":\"https:\\\/\\\/www.webdo.tn\\\/fr\\\/\",\"logo\":{\"@type\":\"ImageObject\",\"inLanguage\":\"fr-FR\",\"@id\":\"https:\\\/\\\/www.webdo.tn\\\/fr\\\/#\\\/schema\\\/logo\\\/image\\\/\",\"url\":\"https:\\\/\\\/www.webdo.tn\\\/fr\\\/wp-content\\\/uploads\\\/2025\\\/06\\\/Webdo-Tunisie_168377.jpg\",\"contentUrl\":\"https:\\\/\\\/www.webdo.tn\\\/fr\\\/wp-content\\\/uploads\\\/2025\\\/06\\\/Webdo-Tunisie_168377.jpg\",\"width\":301,\"height\":301,\"caption\":\"Webdo\"},\"image\":{\"@id\":\"https:\\\/\\\/www.webdo.tn\\\/fr\\\/#\\\/schema\\\/logo\\\/image\\\/\"},\"sameAs\":[\"https:\\\/\\\/www.facebook.com\\\/webdotn\",\"https:\\\/\\\/x.com\\\/webdo_tn\"],\"description\":\"Webdo est un m\u00e9dia num\u00e9rique tunisien fond\u00e9 en 2010, sp\u00e9cialis\u00e9 dans l\u2019actualit\u00e9 nationale et internationale, l\u2019\u00e9conomie, la soci\u00e9t\u00e9 et les analyses politiques. Le site s\u2019adresse \u00e0 un large public francophone et couvre l\u2019information tunisienne en temps r\u00e9el.\",\"email\":\"redac@webdo.tn\",\"legalName\":\"YNJ SARL\",\"foundingDate\":\"2010-09-06\",\"numberOfEmployees\":{\"@type\":\"QuantitativeValue\",\"minValue\":\"11\",\"maxValue\":\"50\"}},{\"@type\":\"Person\",\"@id\":\"https:\\\/\\\/www.webdo.tn\\\/fr\\\/#\\\/schema\\\/person\\\/2c4929cbf5a809e3bd38617c6ce150f6\",\"name\":\"MC\",\"image\":{\"@type\":\"ImageObject\",\"inLanguage\":\"fr-FR\",\"@id\":\"https:\\\/\\\/secure.gravatar.com\\\/avatar\\\/a545bbb6f84efdd5553dbbc2895e3ca8f1d12c5215e00a041c9670b54aa9b18a?s=96&d=mm&r=g\",\"url\":\"https:\\\/\\\/secure.gravatar.com\\\/avatar\\\/a545bbb6f84efdd5553dbbc2895e3ca8f1d12c5215e00a041c9670b54aa9b18a?s=96&d=mm&r=g\",\"contentUrl\":\"https:\\\/\\\/secure.gravatar.com\\\/avatar\\\/a545bbb6f84efdd5553dbbc2895e3ca8f1d12c5215e00a041c9670b54aa9b18a?s=96&d=mm&r=g\",\"caption\":\"MC\"},\"url\":\"https:\\\/\\\/www.webdo.tn\\\/fr\\\/actualite\\\/author\\\/mc\\\/\"}]}<\/script>\n<!-- \/ Yoast SEO Premium plugin. -->","yoast_head_json":{"title":"Tunisiens R\u00e9sidents \u00e0 l\u2019Etranger : Le nouveau r\u00e9gime FCR en cours de finalisation","description":"La loi de Finances 2024 a introduit une nouveaut\u00e9 permettant de faire b\u00e9n\u00e9ficier aux Tunisiens R\u00e9sidents \u00e0 l\u2019Etranger ce r\u00e9gime FCR une fois tous les 10 ans.","canonical":"https:\/\/www.webdo.tn\/fr\/actualite\/national\/tunisiens-residents-a-l-etranger-le-nouveau-regime-fcr-en-cours-de-finalisation\/214055\/","og_locale":"fr_FR","og_type":"article","og_title":"Tunisiens R\u00e9sidents \u00e0 l\u2019Etranger : Le nouveau r\u00e9gime FCR en cours de finalisation","og_description":"La loi de Finances 2024 a introduit une nouveaut\u00e9 permettant de faire b\u00e9n\u00e9ficier aux Tunisiens R\u00e9sidents \u00e0 l\u2019Etranger ce r\u00e9gime FCR une fois tous les 10 ans.","og_url":"https:\/\/www.webdo.tn\/fr\/actualite\/national\/tunisiens-residents-a-l-etranger-le-nouveau-regime-fcr-en-cours-de-finalisation\/214055\/","og_site_name":"webdo","article_publisher":"https:\/\/www.facebook.com\/webdotn","article_published_time":"2024-05-09T12:36:00+00:00","article_modified_time":"2025-05-20T21:50:46+00:00","og_image":[{"width":626,"height":334,"url":"https:\/\/www.webdo.tn\/fr\/wp-content\/uploads\/2024\/05\/d31af5fdcf7a1c4406566d646db1efe2.webp","type":"image\/webp"}],"author":"MC","twitter_card":"summary_large_image","twitter_creator":"@webdo_tn","twitter_site":"@webdo_tn","twitter_misc":{"\u00c9crit par":"MC","Dur\u00e9e de lecture estim\u00e9e":"2 minutes"},"schema":{"@context":"https:\/\/schema.org","@graph":[{"@type":"NewsArticle","@id":"https:\/\/www.webdo.tn\/fr\/actualite\/national\/tunisiens-residents-a-l-etranger-le-nouveau-regime-fcr-en-cours-de-finalisation\/214055\/#article","isPartOf":{"@id":"https:\/\/www.webdo.tn\/fr\/actualite\/national\/tunisiens-residents-a-l-etranger-le-nouveau-regime-fcr-en-cours-de-finalisation\/214055\/"},"author":{"name":"MC","@id":"https:\/\/www.webdo.tn\/fr\/#\/schema\/person\/2c4929cbf5a809e3bd38617c6ce150f6"},"headline":"Tunisiens R\u00e9sidents \u00e0 l\u2019Etranger : Le nouveau r\u00e9gime FCR en cours de finalisation","datePublished":"2024-05-09T12:36:00+00:00","dateModified":"2025-05-20T21:50:46+00:00","mainEntityOfPage":{"@id":"https:\/\/www.webdo.tn\/fr\/actualite\/national\/tunisiens-residents-a-l-etranger-le-nouveau-regime-fcr-en-cours-de-finalisation\/214055\/"},"wordCount":487,"commentCount":0,"publisher":{"@id":"https:\/\/www.webdo.tn\/fr\/#organization"},"image":{"@id":"https:\/\/www.webdo.tn\/fr\/actualite\/national\/tunisiens-residents-a-l-etranger-le-nouveau-regime-fcr-en-cours-de-finalisation\/214055\/#primaryimage"},"thumbnailUrl":"https:\/\/www.webdo.tn\/fr\/wp-content\/uploads\/2024\/05\/d31af5fdcf7a1c4406566d646db1efe2.webp","keywords":["douane","fcr","TRE","Tunisie","Tunisiens R\u00e9sidents \u00e0 l\u2019Etranger"],"articleSection":["National"],"inLanguage":"fr-FR"},{"@type":"WebPage","@id":"https:\/\/www.webdo.tn\/fr\/actualite\/national\/tunisiens-residents-a-l-etranger-le-nouveau-regime-fcr-en-cours-de-finalisation\/214055\/","url":"https:\/\/www.webdo.tn\/fr\/actualite\/national\/tunisiens-residents-a-l-etranger-le-nouveau-regime-fcr-en-cours-de-finalisation\/214055\/","name":"Tunisiens R\u00e9sidents \u00e0 l\u2019Etranger : Le nouveau r\u00e9gime FCR en cours de finalisation","isPartOf":{"@id":"https:\/\/www.webdo.tn\/fr\/#website"},"primaryImageOfPage":{"@id":"https:\/\/www.webdo.tn\/fr\/actualite\/national\/tunisiens-residents-a-l-etranger-le-nouveau-regime-fcr-en-cours-de-finalisation\/214055\/#primaryimage"},"image":{"@id":"https:\/\/www.webdo.tn\/fr\/actualite\/national\/tunisiens-residents-a-l-etranger-le-nouveau-regime-fcr-en-cours-de-finalisation\/214055\/#primaryimage"},"thumbnailUrl":"https:\/\/www.webdo.tn\/fr\/wp-content\/uploads\/2024\/05\/d31af5fdcf7a1c4406566d646db1efe2.webp","datePublished":"2024-05-09T12:36:00+00:00","dateModified":"2025-05-20T21:50:46+00:00","description":"La loi de Finances 2024 a introduit une nouveaut\u00e9 permettant de faire b\u00e9n\u00e9ficier aux Tunisiens R\u00e9sidents \u00e0 l\u2019Etranger ce r\u00e9gime FCR une fois tous les 10 ans.","breadcrumb":{"@id":"https:\/\/www.webdo.tn\/fr\/actualite\/national\/tunisiens-residents-a-l-etranger-le-nouveau-regime-fcr-en-cours-de-finalisation\/214055\/#breadcrumb"},"inLanguage":"fr-FR","potentialAction":[{"@type":"ReadAction","target":["https:\/\/www.webdo.tn\/fr\/actualite\/national\/tunisiens-residents-a-l-etranger-le-nouveau-regime-fcr-en-cours-de-finalisation\/214055\/"]}]},{"@type":"ImageObject","inLanguage":"fr-FR","@id":"https:\/\/www.webdo.tn\/fr\/actualite\/national\/tunisiens-residents-a-l-etranger-le-nouveau-regime-fcr-en-cours-de-finalisation\/214055\/#primaryimage","url":"https:\/\/www.webdo.tn\/fr\/wp-content\/uploads\/2024\/05\/d31af5fdcf7a1c4406566d646db1efe2.webp","contentUrl":"https:\/\/www.webdo.tn\/fr\/wp-content\/uploads\/2024\/05\/d31af5fdcf7a1c4406566d646db1efe2.webp","width":626,"height":334,"caption":"Tunisiens R\u00e9sidents \u00e0 l\u2019Etranger : Le nouveau r\u00e9gime FCR en cours de finalisation"},{"@type":"BreadcrumbList","@id":"https:\/\/www.webdo.tn\/fr\/actualite\/national\/tunisiens-residents-a-l-etranger-le-nouveau-regime-fcr-en-cours-de-finalisation\/214055\/#breadcrumb","itemListElement":[{"@type":"ListItem","position":1,"name":"Accueil","item":"https:\/\/www.webdo.tn\/fr\/"},{"@type":"ListItem","position":2,"name":"Tunisiens R\u00e9sidents \u00e0 l\u2019Etranger : Le nouveau r\u00e9gime FCR en cours de finalisation"}]},{"@type":"WebSite","@id":"https:\/\/www.webdo.tn\/fr\/#website","url":"https:\/\/www.webdo.tn\/fr\/","name":"webdo","description":"Tunisie - News en Tunisie et \u00e0 l&#039;international sur Webdo.tn","publisher":{"@id":"https:\/\/www.webdo.tn\/fr\/#organization"},"potentialAction":[{"@type":"SearchAction","target":{"@type":"EntryPoint","urlTemplate":"https:\/\/www.webdo.tn\/fr\/?s={search_term_string}"},"query-input":{"@type":"PropertyValueSpecification","valueRequired":true,"valueName":"search_term_string"}}],"inLanguage":"fr-FR"},{"@type":"Organization","@id":"https:\/\/www.webdo.tn\/fr\/#organization","name":"Webdo","alternateName":"Webdo.tn","url":"https:\/\/www.webdo.tn\/fr\/","logo":{"@type":"ImageObject","inLanguage":"fr-FR","@id":"https:\/\/www.webdo.tn\/fr\/#\/schema\/logo\/image\/","url":"https:\/\/www.webdo.tn\/fr\/wp-content\/uploads\/2025\/06\/Webdo-Tunisie_168377.jpg","contentUrl":"https:\/\/www.webdo.tn\/fr\/wp-content\/uploads\/2025\/06\/Webdo-Tunisie_168377.jpg","width":301,"height":301,"caption":"Webdo"},"image":{"@id":"https:\/\/www.webdo.tn\/fr\/#\/schema\/logo\/image\/"},"sameAs":["https:\/\/www.facebook.com\/webdotn","https:\/\/x.com\/webdo_tn"],"description":"Webdo est un m\u00e9dia num\u00e9rique tunisien fond\u00e9 en 2010, sp\u00e9cialis\u00e9 dans l\u2019actualit\u00e9 nationale et internationale, l\u2019\u00e9conomie, la soci\u00e9t\u00e9 et les analyses politiques. Le site s\u2019adresse \u00e0 un large public francophone et couvre l\u2019information tunisienne en temps r\u00e9el.","email":"redac@webdo.tn","legalName":"YNJ SARL","foundingDate":"2010-09-06","numberOfEmployees":{"@type":"QuantitativeValue","minValue":"11","maxValue":"50"}},{"@type":"Person","@id":"https:\/\/www.webdo.tn\/fr\/#\/schema\/person\/2c4929cbf5a809e3bd38617c6ce150f6","name":"MC","image":{"@type":"ImageObject","inLanguage":"fr-FR","@id":"https:\/\/secure.gravatar.com\/avatar\/a545bbb6f84efdd5553dbbc2895e3ca8f1d12c5215e00a041c9670b54aa9b18a?s=96&d=mm&r=g","url":"https:\/\/secure.gravatar.com\/avatar\/a545bbb6f84efdd5553dbbc2895e3ca8f1d12c5215e00a041c9670b54aa9b18a?s=96&d=mm&r=g","contentUrl":"https:\/\/secure.gravatar.com\/avatar\/a545bbb6f84efdd5553dbbc2895e3ca8f1d12c5215e00a041c9670b54aa9b18a?s=96&d=mm&r=g","caption":"MC"},"url":"https:\/\/www.webdo.tn\/fr\/actualite\/author\/mc\/"}]}},"_links":{"self":[{"href":"https:\/\/www.webdo.tn\/fr\/wp-json\/wp\/v2\/posts\/214055","targetHints":{"allow":["GET"]}}],"collection":[{"href":"https:\/\/www.webdo.tn\/fr\/wp-json\/wp\/v2\/posts"}],"about":[{"href":"https:\/\/www.webdo.tn\/fr\/wp-json\/wp\/v2\/types\/post"}],"author":[{"embeddable":true,"href":"https:\/\/www.webdo.tn\/fr\/wp-json\/wp\/v2\/users\/3162"}],"replies":[{"embeddable":true,"href":"https:\/\/www.webdo.tn\/fr\/wp-json\/wp\/v2\/comments?post=214055"}],"version-history":[{"count":0,"href":"https:\/\/www.webdo.tn\/fr\/wp-json\/wp\/v2\/posts\/214055\/revisions"}],"wp:featuredmedia":[{"embeddable":true,"href":"https:\/\/www.webdo.tn\/fr\/wp-json\/wp\/v2\/media\/247410"}],"wp:attachment":[{"href":"https:\/\/www.webdo.tn\/fr\/wp-json\/wp\/v2\/media?parent=214055"}],"wp:term":[{"taxonomy":"category","embeddable":true,"href":"https:\/\/www.webdo.tn\/fr\/wp-json\/wp\/v2\/categories?post=214055"},{"taxonomy":"post_tag","embeddable":true,"href":"https:\/\/www.webdo.tn\/fr\/wp-json\/wp\/v2\/tags?post=214055"}],"curies":[{"name":"wp","href":"https:\/\/api.w.org\/{rel}","templated":true}]}}