{"id":214049,"date":"2024-05-09T10:32:00","date_gmt":"2024-05-09T10:32:00","guid":{"rendered":"https:\/\/www.webdo.tn\/fr\/blog\/snapshot-avec-les-soeurs-egyptiennes-du-sacre-coeur\/214049\/"},"modified":"2024-05-09T10:32:00","modified_gmt":"2024-05-09T10:32:00","slug":"snapshot-avec-les-soeurs-egyptiennes-du-sacre-coeur","status":"publish","type":"post","link":"https:\/\/www.webdo.tn\/fr\/actualite\/chroniques\/snapshot-avec-les-soeurs-egyptiennes-du-sacre-coeur\/214049\/","title":{"rendered":"Snapshot : Avec les s\u0153urs \u00e9gyptiennes du Sacr\u00e9-C\u0153ur"},"content":{"rendered":"<p>Pr\u00e9sentes en Tunisie depuis 1983, les s\u0153urs \u00e9gyptiennes du Sacr\u00e9-C\u0153ur se r\u00e9partissent en trois communaut\u00e9s entre Sousse et Tunis.<\/p>\n<p>\t\t\t\t\t\t\t\t\tInvit\u00e9es \u00e0 servir en Tunisie par l&rsquo;archev\u00eaque Fouad Twal, les s\u0153urs \u00e9gyptiennes du Sacr\u00e9-C\u0153ur ont pour vocation l&rsquo;enseignement. Apr\u00e8s leur arriv\u00e9e en 1983, elles formeront une communaut\u00e9 de trois personnes et s&rsquo;installent dans une \u00e9cole de Halfaouine.<br \/>\nEn 2001, une deuxi\u00e8me communaut\u00e9 est form\u00e9e \u00e0 Sousse o\u00f9 elles sont aujourd&rsquo;hui six s\u0153urs qui dirigent l&rsquo;ancienne \u00e9cole des s\u0153urs de Saint-Joseph. Enfin, une troisi\u00e8me communaut\u00e9 comprenant quatre s\u0153urs, sera form\u00e9e d\u00e8s 2013 pour accompagner les \u00e9l\u00e8ves de l&rsquo;\u00e9cole Jeanne d&rsquo;Arc.<\/p>\n<p>Elles sont aujourd&rsquo;hui treize s\u0153urs r\u00e9parties en trois communaut\u00e9s. S\u0153ur Marie-Th\u00e9r\u00e8se \u00e0 l&rsquo;\u00e9cole Jeanne d&rsquo;Arc est en Tunisie depuis trente et un ans alors que s\u0153ur Marie-Hanen, arriv\u00e9e du Soudan, est \u00e0 Sousse depuis seulement quelques mois.<\/p>\n<p>Avec vingt ans de pr\u00e9sence en Tunisie, s\u0153ur Marie-Alice fait \u00e9galement figure de v\u00e9t\u00e9ran dans cette communaut\u00e9 de Jeanne d&rsquo;Arc o\u00f9 s\u0153ur Marie-Imen et s\u0153ur Marie-Manel sont respectivement actives depuis quatre et un ans.<\/p>\n<p>Tourn\u00e9es vers les domaines de l&rsquo;\u00e9ducation et de la sant\u00e9, les s\u0153urs \u00e9gyptiennes se consacrent \u00e9galement \u00e0 la pri\u00e8re, la vie communautaire et la promotion des femmes et des jeunes. Les \u00e9coles qu&rsquo;elles dirigent en \u00c9gypte et aussi en Tunisie, comptent plus de 18.000 \u00e9l\u00e8ves.<\/p>\n","protected":false},"excerpt":{"rendered":"<p>Invit\u00e9es \u00e0 servir en Tunisie par l&rsquo;archev\u00eaque Fouad Twal, les s\u0153urs \u00e9gyptiennes du Sacr\u00e9-C\u0153ur ont pour vocation l&rsquo;enseignement. Apr\u00e8s leur arriv\u00e9e en 1983, elle&#8230;<\/p>\n","protected":false},"author":3229,"featured_media":247408,"comment_status":"open","ping_status":"closed","sticky":false,"template":"","format":"standard","meta":{"footnotes":""},"categories":[2596],"tags":[4759,6526,2608],"class_list":["post-214049","post","type-post","status-publish","format-standard","has-post-thumbnail","hentry","category-chroniques","tag-eglise","tag-sacre-coeur","tag-tunisie"],"yoast_head":"<!-- This site is optimized with the Yoast SEO Premium plugin v27.5 (Yoast SEO v27.5) - https:\/\/yoast.com\/product\/yoast-seo-premium-wordpress\/ -->\n<title>Snapshot : Avec les s\u0153urs \u00e9gyptiennes du Sacr\u00e9-C\u0153ur<\/title>\n<meta name=\"description\" content=\"Invit\u00e9es \u00e0 servir en Tunisie par l&#039;archev\u00eaque Fouad Twal, les s\u0153urs \u00e9gyptiennes du Sacr\u00e9-C\u0153ur ont pour vocation l&#039;enseignement. Apr\u00e8s leur arriv\u00e9e en 1983, elle...\" \/>\n<link rel=\"canonical\" href=\"https:\/\/www.webdo.tn\/fr\/actualite\/chroniques\/snapshot-avec-les-soeurs-egyptiennes-du-sacre-coeur\/214049\/\" \/>\n<meta property=\"og:locale\" content=\"fr_FR\" \/>\n<meta property=\"og:type\" content=\"article\" \/>\n<meta property=\"og:title\" content=\"Snapshot : Avec les s\u0153urs \u00e9gyptiennes du Sacr\u00e9-C\u0153ur\" \/>\n<meta property=\"og:description\" content=\"Invit\u00e9es \u00e0 servir en Tunisie par l&#039;archev\u00eaque Fouad Twal, les s\u0153urs \u00e9gyptiennes du Sacr\u00e9-C\u0153ur ont pour vocation l&#039;enseignement. Apr\u00e8s leur arriv\u00e9e en 1983, elle...\" \/>\n<meta property=\"og:url\" content=\"https:\/\/www.webdo.tn\/fr\/actualite\/chroniques\/snapshot-avec-les-soeurs-egyptiennes-du-sacre-coeur\/214049\/\" \/>\n<meta property=\"og:site_name\" content=\"webdo\" \/>\n<meta property=\"article:publisher\" content=\"https:\/\/www.facebook.com\/webdotn\" \/>\n<meta property=\"article:author\" content=\"https:\/\/www.facebook.com\/hatem.bourial.2025\" \/>\n<meta property=\"article:published_time\" content=\"2024-05-09T10:32:00+00:00\" \/>\n<meta property=\"og:image\" content=\"https:\/\/www.webdo.tn\/fr\/wp-content\/uploads\/2024\/05\/62e453e45d9a31973d941252c6f8daad.webp\" \/>\n\t<meta property=\"og:image:width\" content=\"720\" \/>\n\t<meta property=\"og:image:height\" content=\"384\" \/>\n\t<meta property=\"og:image:type\" content=\"image\/webp\" \/>\n<meta name=\"author\" content=\"Hatem Bourial\" \/>\n<meta name=\"twitter:card\" content=\"summary_large_image\" \/>\n<meta name=\"twitter:creator\" content=\"@webdo_tn\" \/>\n<meta name=\"twitter:site\" content=\"@webdo_tn\" \/>\n<meta name=\"twitter:label1\" content=\"\u00c9crit par\" \/>\n\t<meta name=\"twitter:data1\" content=\"Hatem Bourial\" \/>\n\t<meta name=\"twitter:label2\" content=\"Dur\u00e9e de lecture estim\u00e9e\" \/>\n\t<meta name=\"twitter:data2\" content=\"1 minute\" \/>\n<script type=\"application\/ld+json\" class=\"yoast-schema-graph\">{\"@context\":\"https:\\\/\\\/schema.org\",\"@graph\":[{\"@type\":\"NewsArticle\",\"@id\":\"https:\\\/\\\/www.webdo.tn\\\/fr\\\/actualite\\\/chroniques\\\/snapshot-avec-les-soeurs-egyptiennes-du-sacre-coeur\\\/214049\\\/#article\",\"isPartOf\":{\"@id\":\"https:\\\/\\\/www.webdo.tn\\\/fr\\\/actualite\\\/chroniques\\\/snapshot-avec-les-soeurs-egyptiennes-du-sacre-coeur\\\/214049\\\/\"},\"author\":{\"name\":\"Hatem Bourial\",\"@id\":\"https:\\\/\\\/www.webdo.tn\\\/fr\\\/#\\\/schema\\\/person\\\/6bc0beba2cd23aec27cb5df85ca2554f\"},\"headline\":\"Snapshot : Avec les s\u0153urs \u00e9gyptiennes du Sacr\u00e9-C\u0153ur\",\"datePublished\":\"2024-05-09T10:32:00+00:00\",\"mainEntityOfPage\":{\"@id\":\"https:\\\/\\\/www.webdo.tn\\\/fr\\\/actualite\\\/chroniques\\\/snapshot-avec-les-soeurs-egyptiennes-du-sacre-coeur\\\/214049\\\/\"},\"wordCount\":267,\"commentCount\":0,\"publisher\":{\"@id\":\"https:\\\/\\\/www.webdo.tn\\\/fr\\\/#organization\"},\"image\":{\"@id\":\"https:\\\/\\\/www.webdo.tn\\\/fr\\\/actualite\\\/chroniques\\\/snapshot-avec-les-soeurs-egyptiennes-du-sacre-coeur\\\/214049\\\/#primaryimage\"},\"thumbnailUrl\":\"https:\\\/\\\/www.webdo.tn\\\/fr\\\/wp-content\\\/uploads\\\/2024\\\/05\\\/62e453e45d9a31973d941252c6f8daad.webp\",\"keywords\":[\"\u00e9glise\",\"Sacr\u00e9-C\u0153ur\",\"Tunisie\"],\"articleSection\":[\"Chroniques\"],\"inLanguage\":\"fr-FR\"},{\"@type\":\"WebPage\",\"@id\":\"https:\\\/\\\/www.webdo.tn\\\/fr\\\/actualite\\\/chroniques\\\/snapshot-avec-les-soeurs-egyptiennes-du-sacre-coeur\\\/214049\\\/\",\"url\":\"https:\\\/\\\/www.webdo.tn\\\/fr\\\/actualite\\\/chroniques\\\/snapshot-avec-les-soeurs-egyptiennes-du-sacre-coeur\\\/214049\\\/\",\"name\":\"Snapshot : Avec les s\u0153urs \u00e9gyptiennes du Sacr\u00e9-C\u0153ur\",\"isPartOf\":{\"@id\":\"https:\\\/\\\/www.webdo.tn\\\/fr\\\/#website\"},\"primaryImageOfPage\":{\"@id\":\"https:\\\/\\\/www.webdo.tn\\\/fr\\\/actualite\\\/chroniques\\\/snapshot-avec-les-soeurs-egyptiennes-du-sacre-coeur\\\/214049\\\/#primaryimage\"},\"image\":{\"@id\":\"https:\\\/\\\/www.webdo.tn\\\/fr\\\/actualite\\\/chroniques\\\/snapshot-avec-les-soeurs-egyptiennes-du-sacre-coeur\\\/214049\\\/#primaryimage\"},\"thumbnailUrl\":\"https:\\\/\\\/www.webdo.tn\\\/fr\\\/wp-content\\\/uploads\\\/2024\\\/05\\\/62e453e45d9a31973d941252c6f8daad.webp\",\"datePublished\":\"2024-05-09T10:32:00+00:00\",\"description\":\"Invit\u00e9es \u00e0 servir en Tunisie par l'archev\u00eaque Fouad Twal, les s\u0153urs \u00e9gyptiennes du Sacr\u00e9-C\u0153ur ont pour vocation l'enseignement. Apr\u00e8s leur arriv\u00e9e en 1983, elle...\",\"breadcrumb\":{\"@id\":\"https:\\\/\\\/www.webdo.tn\\\/fr\\\/actualite\\\/chroniques\\\/snapshot-avec-les-soeurs-egyptiennes-du-sacre-coeur\\\/214049\\\/#breadcrumb\"},\"inLanguage\":\"fr-FR\",\"potentialAction\":[{\"@type\":\"ReadAction\",\"target\":[\"https:\\\/\\\/www.webdo.tn\\\/fr\\\/actualite\\\/chroniques\\\/snapshot-avec-les-soeurs-egyptiennes-du-sacre-coeur\\\/214049\\\/\"]}]},{\"@type\":\"ImageObject\",\"inLanguage\":\"fr-FR\",\"@id\":\"https:\\\/\\\/www.webdo.tn\\\/fr\\\/actualite\\\/chroniques\\\/snapshot-avec-les-soeurs-egyptiennes-du-sacre-coeur\\\/214049\\\/#primaryimage\",\"url\":\"https:\\\/\\\/www.webdo.tn\\\/fr\\\/wp-content\\\/uploads\\\/2024\\\/05\\\/62e453e45d9a31973d941252c6f8daad.webp\",\"contentUrl\":\"https:\\\/\\\/www.webdo.tn\\\/fr\\\/wp-content\\\/uploads\\\/2024\\\/05\\\/62e453e45d9a31973d941252c6f8daad.webp\",\"width\":720,\"height\":384,\"caption\":\"Snapshot : Avec les s\u0153urs \u00e9gyptiennes du Sacr\u00e9-C\u0153ur\"},{\"@type\":\"BreadcrumbList\",\"@id\":\"https:\\\/\\\/www.webdo.tn\\\/fr\\\/actualite\\\/chroniques\\\/snapshot-avec-les-soeurs-egyptiennes-du-sacre-coeur\\\/214049\\\/#breadcrumb\",\"itemListElement\":[{\"@type\":\"ListItem\",\"position\":1,\"name\":\"Accueil\",\"item\":\"https:\\\/\\\/www.webdo.tn\\\/fr\\\/\"},{\"@type\":\"ListItem\",\"position\":2,\"name\":\"Snapshot : Avec les s\u0153urs \u00e9gyptiennes du Sacr\u00e9-C\u0153ur\"}]},{\"@type\":\"WebSite\",\"@id\":\"https:\\\/\\\/www.webdo.tn\\\/fr\\\/#website\",\"url\":\"https:\\\/\\\/www.webdo.tn\\\/fr\\\/\",\"name\":\"webdo\",\"description\":\"Tunisie - News en Tunisie et \u00e0 l&#039;international sur Webdo.tn\",\"publisher\":{\"@id\":\"https:\\\/\\\/www.webdo.tn\\\/fr\\\/#organization\"},\"potentialAction\":[{\"@type\":\"SearchAction\",\"target\":{\"@type\":\"EntryPoint\",\"urlTemplate\":\"https:\\\/\\\/www.webdo.tn\\\/fr\\\/?s={search_term_string}\"},\"query-input\":{\"@type\":\"PropertyValueSpecification\",\"valueRequired\":true,\"valueName\":\"search_term_string\"}}],\"inLanguage\":\"fr-FR\"},{\"@type\":\"Organization\",\"@id\":\"https:\\\/\\\/www.webdo.tn\\\/fr\\\/#organization\",\"name\":\"Webdo\",\"alternateName\":\"Webdo.tn\",\"url\":\"https:\\\/\\\/www.webdo.tn\\\/fr\\\/\",\"logo\":{\"@type\":\"ImageObject\",\"inLanguage\":\"fr-FR\",\"@id\":\"https:\\\/\\\/www.webdo.tn\\\/fr\\\/#\\\/schema\\\/logo\\\/image\\\/\",\"url\":\"https:\\\/\\\/www.webdo.tn\\\/fr\\\/wp-content\\\/uploads\\\/2025\\\/06\\\/Webdo-Tunisie_168377.jpg\",\"contentUrl\":\"https:\\\/\\\/www.webdo.tn\\\/fr\\\/wp-content\\\/uploads\\\/2025\\\/06\\\/Webdo-Tunisie_168377.jpg\",\"width\":301,\"height\":301,\"caption\":\"Webdo\"},\"image\":{\"@id\":\"https:\\\/\\\/www.webdo.tn\\\/fr\\\/#\\\/schema\\\/logo\\\/image\\\/\"},\"sameAs\":[\"https:\\\/\\\/www.facebook.com\\\/webdotn\",\"https:\\\/\\\/x.com\\\/webdo_tn\"],\"description\":\"Webdo est un m\u00e9dia num\u00e9rique tunisien fond\u00e9 en 2010, sp\u00e9cialis\u00e9 dans l\u2019actualit\u00e9 nationale et internationale, l\u2019\u00e9conomie, la soci\u00e9t\u00e9 et les analyses politiques. Le site s\u2019adresse \u00e0 un large public francophone et couvre l\u2019information tunisienne en temps r\u00e9el.\",\"email\":\"redac@webdo.tn\",\"legalName\":\"YNJ SARL\",\"foundingDate\":\"2010-09-06\",\"numberOfEmployees\":{\"@type\":\"QuantitativeValue\",\"minValue\":\"11\",\"maxValue\":\"50\"}},{\"@type\":\"Person\",\"@id\":\"https:\\\/\\\/www.webdo.tn\\\/fr\\\/#\\\/schema\\\/person\\\/6bc0beba2cd23aec27cb5df85ca2554f\",\"name\":\"Hatem Bourial\",\"image\":{\"@type\":\"ImageObject\",\"inLanguage\":\"fr-FR\",\"@id\":\"https:\\\/\\\/www.webdo.tn\\\/fr\\\/wp-content\\\/uploads\\\/2026\\\/04\\\/hatem-bourial_avatar-96x96.jpg\",\"url\":\"https:\\\/\\\/www.webdo.tn\\\/fr\\\/wp-content\\\/uploads\\\/2026\\\/04\\\/hatem-bourial_avatar-96x96.jpg\",\"contentUrl\":\"https:\\\/\\\/www.webdo.tn\\\/fr\\\/wp-content\\\/uploads\\\/2026\\\/04\\\/hatem-bourial_avatar-96x96.jpg\",\"caption\":\"Hatem Bourial\"},\"description\":\"Hatem Bourial est journaliste, \u00e9crivain et chroniqueur tunisien. Actif depuis plusieurs d\u00e9cennies, il s\u2019est impos\u00e9 comme un observateur attentif de la soci\u00e9t\u00e9 tunisienne, m\u00ealant dans ses \u00e9crits m\u00e9moire, culture et analyse du quotidien. Auteur de nombreux ouvrages, il d\u00e9veloppe une \u0153uvre \u00e0 la crois\u00e9e du r\u00e9cit, de la po\u00e9sie et de l\u2019observation sociologique. Parall\u00e8lement \u00e0 ses contributions dans la presse, il intervient r\u00e9guli\u00e8rement \u00e0 la radio et dans des espaces culturels, o\u00f9 il explore les enjeux li\u00e9s au patrimoine, \u00e0 l\u2019identit\u00e9 et aux transformations du monde contemporain. \u00c0 travers ses chroniques, Hatem Bourial propose une lecture sensible et approfondie de l\u2019actualit\u00e9, nourrie par une exp\u00e9rience journalistique et litt\u00e9raire reconnue. \ud83d\udd17 Facebook : https:\\\/\\\/www.facebook.com\\\/hatem.bourial.2025\",\"sameAs\":[\"https:\\\/\\\/www.facebook.com\\\/hatem.bourial.2025\",\"https:\\\/\\\/fr.wikipedia.org\\\/wiki\\\/Fichier:Hatem_Bourial.jpg\"],\"knowsAbout\":[\"Culture & patrimoine tunisien\",\"Chronique soci\u00e9tale\",\"Litt\u00e9rature & m\u00e9moire\",\"Cin\u00e9ma & critique culturelle\",\"Identit\u00e9 & mutations sociales\"],\"knowsLanguage\":[\"Arabe\",\"Fran\u00e7ais\",\"Anglais\",\"Italien\",\"Polonais\"],\"jobTitle\":\"Journaliste, \u00e9crivain et chroniqueur culturel\",\"worksFor\":\"Webdo\",\"url\":\"https:\\\/\\\/www.webdo.tn\\\/fr\\\/actualite\\\/author\\\/hatem-bourial-2\\\/\"}]}<\/script>\n<!-- \/ Yoast SEO Premium plugin. -->","yoast_head_json":{"title":"Snapshot : Avec les s\u0153urs \u00e9gyptiennes du Sacr\u00e9-C\u0153ur","description":"Invit\u00e9es \u00e0 servir en Tunisie par l'archev\u00eaque Fouad Twal, les s\u0153urs \u00e9gyptiennes du Sacr\u00e9-C\u0153ur ont pour vocation l'enseignement. Apr\u00e8s leur arriv\u00e9e en 1983, elle...","canonical":"https:\/\/www.webdo.tn\/fr\/actualite\/chroniques\/snapshot-avec-les-soeurs-egyptiennes-du-sacre-coeur\/214049\/","og_locale":"fr_FR","og_type":"article","og_title":"Snapshot : Avec les s\u0153urs \u00e9gyptiennes du Sacr\u00e9-C\u0153ur","og_description":"Invit\u00e9es \u00e0 servir en Tunisie par l'archev\u00eaque Fouad Twal, les s\u0153urs \u00e9gyptiennes du Sacr\u00e9-C\u0153ur ont pour vocation l'enseignement. Apr\u00e8s leur arriv\u00e9e en 1983, elle...","og_url":"https:\/\/www.webdo.tn\/fr\/actualite\/chroniques\/snapshot-avec-les-soeurs-egyptiennes-du-sacre-coeur\/214049\/","og_site_name":"webdo","article_publisher":"https:\/\/www.facebook.com\/webdotn","article_author":"https:\/\/www.facebook.com\/hatem.bourial.2025","article_published_time":"2024-05-09T10:32:00+00:00","og_image":[{"width":720,"height":384,"url":"https:\/\/www.webdo.tn\/fr\/wp-content\/uploads\/2024\/05\/62e453e45d9a31973d941252c6f8daad.webp","type":"image\/webp"}],"author":"Hatem Bourial","twitter_card":"summary_large_image","twitter_creator":"@webdo_tn","twitter_site":"@webdo_tn","twitter_misc":{"\u00c9crit par":"Hatem Bourial","Dur\u00e9e de lecture estim\u00e9e":"1 minute"},"schema":{"@context":"https:\/\/schema.org","@graph":[{"@type":"NewsArticle","@id":"https:\/\/www.webdo.tn\/fr\/actualite\/chroniques\/snapshot-avec-les-soeurs-egyptiennes-du-sacre-coeur\/214049\/#article","isPartOf":{"@id":"https:\/\/www.webdo.tn\/fr\/actualite\/chroniques\/snapshot-avec-les-soeurs-egyptiennes-du-sacre-coeur\/214049\/"},"author":{"name":"Hatem Bourial","@id":"https:\/\/www.webdo.tn\/fr\/#\/schema\/person\/6bc0beba2cd23aec27cb5df85ca2554f"},"headline":"Snapshot : Avec les s\u0153urs \u00e9gyptiennes du Sacr\u00e9-C\u0153ur","datePublished":"2024-05-09T10:32:00+00:00","mainEntityOfPage":{"@id":"https:\/\/www.webdo.tn\/fr\/actualite\/chroniques\/snapshot-avec-les-soeurs-egyptiennes-du-sacre-coeur\/214049\/"},"wordCount":267,"commentCount":0,"publisher":{"@id":"https:\/\/www.webdo.tn\/fr\/#organization"},"image":{"@id":"https:\/\/www.webdo.tn\/fr\/actualite\/chroniques\/snapshot-avec-les-soeurs-egyptiennes-du-sacre-coeur\/214049\/#primaryimage"},"thumbnailUrl":"https:\/\/www.webdo.tn\/fr\/wp-content\/uploads\/2024\/05\/62e453e45d9a31973d941252c6f8daad.webp","keywords":["\u00e9glise","Sacr\u00e9-C\u0153ur","Tunisie"],"articleSection":["Chroniques"],"inLanguage":"fr-FR"},{"@type":"WebPage","@id":"https:\/\/www.webdo.tn\/fr\/actualite\/chroniques\/snapshot-avec-les-soeurs-egyptiennes-du-sacre-coeur\/214049\/","url":"https:\/\/www.webdo.tn\/fr\/actualite\/chroniques\/snapshot-avec-les-soeurs-egyptiennes-du-sacre-coeur\/214049\/","name":"Snapshot : Avec les s\u0153urs \u00e9gyptiennes du Sacr\u00e9-C\u0153ur","isPartOf":{"@id":"https:\/\/www.webdo.tn\/fr\/#website"},"primaryImageOfPage":{"@id":"https:\/\/www.webdo.tn\/fr\/actualite\/chroniques\/snapshot-avec-les-soeurs-egyptiennes-du-sacre-coeur\/214049\/#primaryimage"},"image":{"@id":"https:\/\/www.webdo.tn\/fr\/actualite\/chroniques\/snapshot-avec-les-soeurs-egyptiennes-du-sacre-coeur\/214049\/#primaryimage"},"thumbnailUrl":"https:\/\/www.webdo.tn\/fr\/wp-content\/uploads\/2024\/05\/62e453e45d9a31973d941252c6f8daad.webp","datePublished":"2024-05-09T10:32:00+00:00","description":"Invit\u00e9es \u00e0 servir en Tunisie par l'archev\u00eaque Fouad Twal, les s\u0153urs \u00e9gyptiennes du Sacr\u00e9-C\u0153ur ont pour vocation l'enseignement. Apr\u00e8s leur arriv\u00e9e en 1983, elle...","breadcrumb":{"@id":"https:\/\/www.webdo.tn\/fr\/actualite\/chroniques\/snapshot-avec-les-soeurs-egyptiennes-du-sacre-coeur\/214049\/#breadcrumb"},"inLanguage":"fr-FR","potentialAction":[{"@type":"ReadAction","target":["https:\/\/www.webdo.tn\/fr\/actualite\/chroniques\/snapshot-avec-les-soeurs-egyptiennes-du-sacre-coeur\/214049\/"]}]},{"@type":"ImageObject","inLanguage":"fr-FR","@id":"https:\/\/www.webdo.tn\/fr\/actualite\/chroniques\/snapshot-avec-les-soeurs-egyptiennes-du-sacre-coeur\/214049\/#primaryimage","url":"https:\/\/www.webdo.tn\/fr\/wp-content\/uploads\/2024\/05\/62e453e45d9a31973d941252c6f8daad.webp","contentUrl":"https:\/\/www.webdo.tn\/fr\/wp-content\/uploads\/2024\/05\/62e453e45d9a31973d941252c6f8daad.webp","width":720,"height":384,"caption":"Snapshot : Avec les s\u0153urs \u00e9gyptiennes du Sacr\u00e9-C\u0153ur"},{"@type":"BreadcrumbList","@id":"https:\/\/www.webdo.tn\/fr\/actualite\/chroniques\/snapshot-avec-les-soeurs-egyptiennes-du-sacre-coeur\/214049\/#breadcrumb","itemListElement":[{"@type":"ListItem","position":1,"name":"Accueil","item":"https:\/\/www.webdo.tn\/fr\/"},{"@type":"ListItem","position":2,"name":"Snapshot : Avec les s\u0153urs \u00e9gyptiennes du Sacr\u00e9-C\u0153ur"}]},{"@type":"WebSite","@id":"https:\/\/www.webdo.tn\/fr\/#website","url":"https:\/\/www.webdo.tn\/fr\/","name":"webdo","description":"Tunisie - News en Tunisie et \u00e0 l&#039;international sur Webdo.tn","publisher":{"@id":"https:\/\/www.webdo.tn\/fr\/#organization"},"potentialAction":[{"@type":"SearchAction","target":{"@type":"EntryPoint","urlTemplate":"https:\/\/www.webdo.tn\/fr\/?s={search_term_string}"},"query-input":{"@type":"PropertyValueSpecification","valueRequired":true,"valueName":"search_term_string"}}],"inLanguage":"fr-FR"},{"@type":"Organization","@id":"https:\/\/www.webdo.tn\/fr\/#organization","name":"Webdo","alternateName":"Webdo.tn","url":"https:\/\/www.webdo.tn\/fr\/","logo":{"@type":"ImageObject","inLanguage":"fr-FR","@id":"https:\/\/www.webdo.tn\/fr\/#\/schema\/logo\/image\/","url":"https:\/\/www.webdo.tn\/fr\/wp-content\/uploads\/2025\/06\/Webdo-Tunisie_168377.jpg","contentUrl":"https:\/\/www.webdo.tn\/fr\/wp-content\/uploads\/2025\/06\/Webdo-Tunisie_168377.jpg","width":301,"height":301,"caption":"Webdo"},"image":{"@id":"https:\/\/www.webdo.tn\/fr\/#\/schema\/logo\/image\/"},"sameAs":["https:\/\/www.facebook.com\/webdotn","https:\/\/x.com\/webdo_tn"],"description":"Webdo est un m\u00e9dia num\u00e9rique tunisien fond\u00e9 en 2010, sp\u00e9cialis\u00e9 dans l\u2019actualit\u00e9 nationale et internationale, l\u2019\u00e9conomie, la soci\u00e9t\u00e9 et les analyses politiques. Le site s\u2019adresse \u00e0 un large public francophone et couvre l\u2019information tunisienne en temps r\u00e9el.","email":"redac@webdo.tn","legalName":"YNJ SARL","foundingDate":"2010-09-06","numberOfEmployees":{"@type":"QuantitativeValue","minValue":"11","maxValue":"50"}},{"@type":"Person","@id":"https:\/\/www.webdo.tn\/fr\/#\/schema\/person\/6bc0beba2cd23aec27cb5df85ca2554f","name":"Hatem Bourial","image":{"@type":"ImageObject","inLanguage":"fr-FR","@id":"https:\/\/www.webdo.tn\/fr\/wp-content\/uploads\/2026\/04\/hatem-bourial_avatar-96x96.jpg","url":"https:\/\/www.webdo.tn\/fr\/wp-content\/uploads\/2026\/04\/hatem-bourial_avatar-96x96.jpg","contentUrl":"https:\/\/www.webdo.tn\/fr\/wp-content\/uploads\/2026\/04\/hatem-bourial_avatar-96x96.jpg","caption":"Hatem Bourial"},"description":"Hatem Bourial est journaliste, \u00e9crivain et chroniqueur tunisien. Actif depuis plusieurs d\u00e9cennies, il s\u2019est impos\u00e9 comme un observateur attentif de la soci\u00e9t\u00e9 tunisienne, m\u00ealant dans ses \u00e9crits m\u00e9moire, culture et analyse du quotidien. Auteur de nombreux ouvrages, il d\u00e9veloppe une \u0153uvre \u00e0 la crois\u00e9e du r\u00e9cit, de la po\u00e9sie et de l\u2019observation sociologique. Parall\u00e8lement \u00e0 ses contributions dans la presse, il intervient r\u00e9guli\u00e8rement \u00e0 la radio et dans des espaces culturels, o\u00f9 il explore les enjeux li\u00e9s au patrimoine, \u00e0 l\u2019identit\u00e9 et aux transformations du monde contemporain. \u00c0 travers ses chroniques, Hatem Bourial propose une lecture sensible et approfondie de l\u2019actualit\u00e9, nourrie par une exp\u00e9rience journalistique et litt\u00e9raire reconnue. \ud83d\udd17 Facebook : https:\/\/www.facebook.com\/hatem.bourial.2025","sameAs":["https:\/\/www.facebook.com\/hatem.bourial.2025","https:\/\/fr.wikipedia.org\/wiki\/Fichier:Hatem_Bourial.jpg"],"knowsAbout":["Culture & patrimoine tunisien","Chronique soci\u00e9tale","Litt\u00e9rature & m\u00e9moire","Cin\u00e9ma & critique culturelle","Identit\u00e9 & mutations sociales"],"knowsLanguage":["Arabe","Fran\u00e7ais","Anglais","Italien","Polonais"],"jobTitle":"Journaliste, \u00e9crivain et chroniqueur culturel","worksFor":"Webdo","url":"https:\/\/www.webdo.tn\/fr\/actualite\/author\/hatem-bourial-2\/"}]}},"_links":{"self":[{"href":"https:\/\/www.webdo.tn\/fr\/wp-json\/wp\/v2\/posts\/214049","targetHints":{"allow":["GET"]}}],"collection":[{"href":"https:\/\/www.webdo.tn\/fr\/wp-json\/wp\/v2\/posts"}],"about":[{"href":"https:\/\/www.webdo.tn\/fr\/wp-json\/wp\/v2\/types\/post"}],"author":[{"embeddable":true,"href":"https:\/\/www.webdo.tn\/fr\/wp-json\/wp\/v2\/users\/3229"}],"replies":[{"embeddable":true,"href":"https:\/\/www.webdo.tn\/fr\/wp-json\/wp\/v2\/comments?post=214049"}],"version-history":[{"count":0,"href":"https:\/\/www.webdo.tn\/fr\/wp-json\/wp\/v2\/posts\/214049\/revisions"}],"wp:featuredmedia":[{"embeddable":true,"href":"https:\/\/www.webdo.tn\/fr\/wp-json\/wp\/v2\/media\/247408"}],"wp:attachment":[{"href":"https:\/\/www.webdo.tn\/fr\/wp-json\/wp\/v2\/media?parent=214049"}],"wp:term":[{"taxonomy":"category","embeddable":true,"href":"https:\/\/www.webdo.tn\/fr\/wp-json\/wp\/v2\/categories?post=214049"},{"taxonomy":"post_tag","embeddable":true,"href":"https:\/\/www.webdo.tn\/fr\/wp-json\/wp\/v2\/tags?post=214049"}],"curies":[{"name":"wp","href":"https:\/\/api.w.org\/{rel}","templated":true}]}}