{"id":214045,"date":"2024-05-09T09:01:00","date_gmt":"2024-05-09T09:01:00","guid":{"rendered":"https:\/\/www.webdo.tn\/fr\/blog\/tunisie-chaima-issa-condamnee-a-un-an-de-prison-ferme\/214045\/"},"modified":"2025-05-20T22:13:14","modified_gmt":"2025-05-20T22:13:14","slug":"tunisie-chaima-issa-condamnee-a-un-an-de-prison-ferme","status":"publish","type":"post","link":"https:\/\/www.webdo.tn\/fr\/actualite\/national\/tunisie-chaima-issa-condamnee-a-un-an-de-prison-ferme\/214045\/","title":{"rendered":"Tunisie : Chaima Issa condamn\u00e9e \u00e0 un an de prison ferme"},"content":{"rendered":"<p>Chaima Issa, membre du Front du Salut national, a vu sa peine  d\u2019un an de prison avec sursis commu\u00e9e en une peine d\u2019un an d\u2019incarc\u00e9ration.<\/p>\n<p>\t\t\t\t\t\t\t\t\tLa Chambre p\u00e9nale de la Cour d&rsquo;appel militaire de Tunis a d\u00e9cid\u00e9 de maintenir la condamnation de Chaima Issa \u00e0 un an de prison avec modification de la peine corporelle \u00e0 un an d\u2019incarc\u00e9ration au lieu du sursis, rapporte Mosaique fm, ce jeudi 9 mai 2024.<\/p>\n<p>Accus\u00e9e \u00ab\u00a0d&rsquo;offense \u00e0 la personne du pr\u00e9sident de la R\u00e9publique\u00a0\u00bb, \u00ab\u00a0d&rsquo;incitation des militaires \u00e0 la d\u00e9sob\u00e9issance\u00a0\u00bb et \u00ab\u00a0de propagation de rumeurs mena\u00e7ant la s\u00fbret\u00e9 publique\u00a0\u00bb sur fond de d\u00e9clarations accord\u00e9es \u00e0 une chaine radiophonique, Chaima Issa avait comparu, le 12 d\u00e9cembre 2023, devant la chambre criminelle pr\u00e8s le Tribunal militaire permanent de premi\u00e8re instance de Tunis qui l\u2019avait condamn\u00e9e \u00e0 un an de prison avec sursis.<\/p>\n<p>Mais le parquet militaire avait fait appel du jugement initial et le dossier avait \u00e9t\u00e9 transmis \u00e0 la Cour d&rsquo;appel, qui a confirm\u00e9 la condamnation de Chaima Issa \u00e0 un an de prison ferme. Il s&rsquo;agit d&rsquo;un jugement par contumace susceptible d&rsquo;appel.<\/p>\n<p>Le 22 f\u00e9vrier 2023, Chaima Issa avait \u00e9t\u00e9 arr\u00eat\u00e9e et accus\u00e9e de \u00ab\u00a0complot contre la s\u00fbret\u00e9 de l&rsquo;Etat\u00a0\u00bb. Elle avait \u00e9t\u00e9 lib\u00e9r\u00e9e le 13 juillet 2023 mais restait soumise \u00e0 une interdiction de voyager et d\u2019appara\u00eetre dans les espaces publics.<\/p>\n","protected":false},"excerpt":{"rendered":"<p>La Chambre p\u00e9nale de la Cour d&rsquo;appel militaire de Tunis a d\u00e9cid\u00e9 de maintenir la condamnation de Chaima Issa \u00e0 un an de prison avec modification de la peine cor&#8230;<\/p>\n","protected":false},"author":3162,"featured_media":290572,"comment_status":"open","ping_status":"closed","sticky":false,"template":"","format":"standard","meta":{"footnotes":""},"categories":[44],"tags":[4263,6357,2835,2619,3529,4585,2608],"class_list":["post-214045","post","type-post","status-publish","format-standard","has-post-thumbnail","hentry","category-national","tag-appel","tag-chaima-issa","tag-condamnation","tag-justice","tag-peine","tag-sursis","tag-tunisie"],"yoast_head":"<!-- This site is optimized with the Yoast SEO Premium plugin v27.5 (Yoast SEO v27.5) - https:\/\/yoast.com\/product\/yoast-seo-premium-wordpress\/ -->\n<title>Tunisie : Chaima Issa condamn\u00e9e \u00e0 un an de prison ferme<\/title>\n<meta name=\"description\" content=\"La Chambre p\u00e9nale de la Cour d&#039;appel militaire de Tunis a d\u00e9cid\u00e9 de maintenir la condamnation de Chaima Issa \u00e0 un an de prison avec modification de la peine cor...\" \/>\n<link rel=\"canonical\" href=\"https:\/\/www.webdo.tn\/fr\/actualite\/national\/tunisie-chaima-issa-condamnee-a-un-an-de-prison-ferme\/214045\/\" \/>\n<meta property=\"og:locale\" content=\"fr_FR\" \/>\n<meta property=\"og:type\" content=\"article\" \/>\n<meta property=\"og:title\" content=\"Tunisie : Chaima Issa condamn\u00e9e \u00e0 un an de prison ferme\" \/>\n<meta property=\"og:description\" content=\"La Chambre p\u00e9nale de la Cour d&#039;appel militaire de Tunis a d\u00e9cid\u00e9 de maintenir la condamnation de Chaima Issa \u00e0 un an de prison avec modification de la peine cor...\" \/>\n<meta property=\"og:url\" content=\"https:\/\/www.webdo.tn\/fr\/actualite\/national\/tunisie-chaima-issa-condamnee-a-un-an-de-prison-ferme\/214045\/\" \/>\n<meta property=\"og:site_name\" content=\"webdo\" \/>\n<meta property=\"article:publisher\" content=\"https:\/\/www.facebook.com\/webdotn\" \/>\n<meta property=\"article:published_time\" content=\"2024-05-09T09:01:00+00:00\" \/>\n<meta property=\"article:modified_time\" content=\"2025-05-20T22:13:14+00:00\" \/>\n<meta property=\"og:image\" content=\"https:\/\/www.webdo.tn\/fr\/wp-content\/uploads\/2024\/05\/84c80d0e3269724e199188707b68fdb2.webp\" \/>\n\t<meta property=\"og:image:width\" content=\"750\" \/>\n\t<meta property=\"og:image:height\" content=\"400\" \/>\n\t<meta property=\"og:image:type\" content=\"image\/webp\" \/>\n<meta name=\"author\" content=\"MC\" \/>\n<meta name=\"twitter:card\" content=\"summary_large_image\" \/>\n<meta name=\"twitter:creator\" content=\"@webdo_tn\" \/>\n<meta name=\"twitter:site\" content=\"@webdo_tn\" \/>\n<meta name=\"twitter:label1\" content=\"\u00c9crit par\" \/>\n\t<meta name=\"twitter:data1\" content=\"MC\" \/>\n\t<meta name=\"twitter:label2\" content=\"Dur\u00e9e de lecture estim\u00e9e\" \/>\n\t<meta name=\"twitter:data2\" content=\"1 minute\" \/>\n<script type=\"application\/ld+json\" class=\"yoast-schema-graph\">{\"@context\":\"https:\\\/\\\/schema.org\",\"@graph\":[{\"@type\":\"NewsArticle\",\"@id\":\"https:\\\/\\\/www.webdo.tn\\\/fr\\\/actualite\\\/national\\\/tunisie-chaima-issa-condamnee-a-un-an-de-prison-ferme\\\/214045\\\/#article\",\"isPartOf\":{\"@id\":\"https:\\\/\\\/www.webdo.tn\\\/fr\\\/actualite\\\/national\\\/tunisie-chaima-issa-condamnee-a-un-an-de-prison-ferme\\\/214045\\\/\"},\"author\":{\"name\":\"MC\",\"@id\":\"https:\\\/\\\/www.webdo.tn\\\/fr\\\/#\\\/schema\\\/person\\\/2c4929cbf5a809e3bd38617c6ce150f6\"},\"headline\":\"Tunisie : Chaima Issa condamn\u00e9e \u00e0 un an de prison ferme\",\"datePublished\":\"2024-05-09T09:01:00+00:00\",\"dateModified\":\"2025-05-20T22:13:14+00:00\",\"mainEntityOfPage\":{\"@id\":\"https:\\\/\\\/www.webdo.tn\\\/fr\\\/actualite\\\/national\\\/tunisie-chaima-issa-condamnee-a-un-an-de-prison-ferme\\\/214045\\\/\"},\"wordCount\":252,\"commentCount\":0,\"publisher\":{\"@id\":\"https:\\\/\\\/www.webdo.tn\\\/fr\\\/#organization\"},\"image\":{\"@id\":\"https:\\\/\\\/www.webdo.tn\\\/fr\\\/actualite\\\/national\\\/tunisie-chaima-issa-condamnee-a-un-an-de-prison-ferme\\\/214045\\\/#primaryimage\"},\"thumbnailUrl\":\"https:\\\/\\\/www.webdo.tn\\\/fr\\\/wp-content\\\/uploads\\\/2024\\\/05\\\/84c80d0e3269724e199188707b68fdb2.webp\",\"keywords\":[\"appel\",\"Chaima Issa\",\"condamnation\",\"justice\",\"peine\",\"sursis\",\"Tunisie\"],\"articleSection\":[\"National\"],\"inLanguage\":\"fr-FR\"},{\"@type\":\"WebPage\",\"@id\":\"https:\\\/\\\/www.webdo.tn\\\/fr\\\/actualite\\\/national\\\/tunisie-chaima-issa-condamnee-a-un-an-de-prison-ferme\\\/214045\\\/\",\"url\":\"https:\\\/\\\/www.webdo.tn\\\/fr\\\/actualite\\\/national\\\/tunisie-chaima-issa-condamnee-a-un-an-de-prison-ferme\\\/214045\\\/\",\"name\":\"Tunisie : Chaima Issa condamn\u00e9e \u00e0 un an de prison ferme\",\"isPartOf\":{\"@id\":\"https:\\\/\\\/www.webdo.tn\\\/fr\\\/#website\"},\"primaryImageOfPage\":{\"@id\":\"https:\\\/\\\/www.webdo.tn\\\/fr\\\/actualite\\\/national\\\/tunisie-chaima-issa-condamnee-a-un-an-de-prison-ferme\\\/214045\\\/#primaryimage\"},\"image\":{\"@id\":\"https:\\\/\\\/www.webdo.tn\\\/fr\\\/actualite\\\/national\\\/tunisie-chaima-issa-condamnee-a-un-an-de-prison-ferme\\\/214045\\\/#primaryimage\"},\"thumbnailUrl\":\"https:\\\/\\\/www.webdo.tn\\\/fr\\\/wp-content\\\/uploads\\\/2024\\\/05\\\/84c80d0e3269724e199188707b68fdb2.webp\",\"datePublished\":\"2024-05-09T09:01:00+00:00\",\"dateModified\":\"2025-05-20T22:13:14+00:00\",\"description\":\"La Chambre p\u00e9nale de la Cour d'appel militaire de Tunis a d\u00e9cid\u00e9 de maintenir la condamnation de Chaima Issa \u00e0 un an de prison avec modification de la peine cor...\",\"breadcrumb\":{\"@id\":\"https:\\\/\\\/www.webdo.tn\\\/fr\\\/actualite\\\/national\\\/tunisie-chaima-issa-condamnee-a-un-an-de-prison-ferme\\\/214045\\\/#breadcrumb\"},\"inLanguage\":\"fr-FR\",\"potentialAction\":[{\"@type\":\"ReadAction\",\"target\":[\"https:\\\/\\\/www.webdo.tn\\\/fr\\\/actualite\\\/national\\\/tunisie-chaima-issa-condamnee-a-un-an-de-prison-ferme\\\/214045\\\/\"]}]},{\"@type\":\"ImageObject\",\"inLanguage\":\"fr-FR\",\"@id\":\"https:\\\/\\\/www.webdo.tn\\\/fr\\\/actualite\\\/national\\\/tunisie-chaima-issa-condamnee-a-un-an-de-prison-ferme\\\/214045\\\/#primaryimage\",\"url\":\"https:\\\/\\\/www.webdo.tn\\\/fr\\\/wp-content\\\/uploads\\\/2024\\\/05\\\/84c80d0e3269724e199188707b68fdb2.webp\",\"contentUrl\":\"https:\\\/\\\/www.webdo.tn\\\/fr\\\/wp-content\\\/uploads\\\/2024\\\/05\\\/84c80d0e3269724e199188707b68fdb2.webp\",\"width\":750,\"height\":400,\"caption\":\"Tunisie : Chaima Issa condamn\u00e9e \u00e0 un an de prison ferme\"},{\"@type\":\"BreadcrumbList\",\"@id\":\"https:\\\/\\\/www.webdo.tn\\\/fr\\\/actualite\\\/national\\\/tunisie-chaima-issa-condamnee-a-un-an-de-prison-ferme\\\/214045\\\/#breadcrumb\",\"itemListElement\":[{\"@type\":\"ListItem\",\"position\":1,\"name\":\"Accueil\",\"item\":\"https:\\\/\\\/www.webdo.tn\\\/fr\\\/\"},{\"@type\":\"ListItem\",\"position\":2,\"name\":\"Tunisie : Chaima Issa condamn\u00e9e \u00e0 un an de prison ferme\"}]},{\"@type\":\"WebSite\",\"@id\":\"https:\\\/\\\/www.webdo.tn\\\/fr\\\/#website\",\"url\":\"https:\\\/\\\/www.webdo.tn\\\/fr\\\/\",\"name\":\"webdo\",\"description\":\"Tunisie - News en Tunisie et \u00e0 l&#039;international sur Webdo.tn\",\"publisher\":{\"@id\":\"https:\\\/\\\/www.webdo.tn\\\/fr\\\/#organization\"},\"potentialAction\":[{\"@type\":\"SearchAction\",\"target\":{\"@type\":\"EntryPoint\",\"urlTemplate\":\"https:\\\/\\\/www.webdo.tn\\\/fr\\\/?s={search_term_string}\"},\"query-input\":{\"@type\":\"PropertyValueSpecification\",\"valueRequired\":true,\"valueName\":\"search_term_string\"}}],\"inLanguage\":\"fr-FR\"},{\"@type\":\"Organization\",\"@id\":\"https:\\\/\\\/www.webdo.tn\\\/fr\\\/#organization\",\"name\":\"Webdo\",\"alternateName\":\"Webdo.tn\",\"url\":\"https:\\\/\\\/www.webdo.tn\\\/fr\\\/\",\"logo\":{\"@type\":\"ImageObject\",\"inLanguage\":\"fr-FR\",\"@id\":\"https:\\\/\\\/www.webdo.tn\\\/fr\\\/#\\\/schema\\\/logo\\\/image\\\/\",\"url\":\"https:\\\/\\\/www.webdo.tn\\\/fr\\\/wp-content\\\/uploads\\\/2025\\\/06\\\/Webdo-Tunisie_168377.jpg\",\"contentUrl\":\"https:\\\/\\\/www.webdo.tn\\\/fr\\\/wp-content\\\/uploads\\\/2025\\\/06\\\/Webdo-Tunisie_168377.jpg\",\"width\":301,\"height\":301,\"caption\":\"Webdo\"},\"image\":{\"@id\":\"https:\\\/\\\/www.webdo.tn\\\/fr\\\/#\\\/schema\\\/logo\\\/image\\\/\"},\"sameAs\":[\"https:\\\/\\\/www.facebook.com\\\/webdotn\",\"https:\\\/\\\/x.com\\\/webdo_tn\"],\"description\":\"Webdo est un m\u00e9dia num\u00e9rique tunisien fond\u00e9 en 2010, sp\u00e9cialis\u00e9 dans l\u2019actualit\u00e9 nationale et internationale, l\u2019\u00e9conomie, la soci\u00e9t\u00e9 et les analyses politiques. Le site s\u2019adresse \u00e0 un large public francophone et couvre l\u2019information tunisienne en temps r\u00e9el.\",\"email\":\"redac@webdo.tn\",\"legalName\":\"YNJ SARL\",\"foundingDate\":\"2010-09-06\",\"numberOfEmployees\":{\"@type\":\"QuantitativeValue\",\"minValue\":\"11\",\"maxValue\":\"50\"}},{\"@type\":\"Person\",\"@id\":\"https:\\\/\\\/www.webdo.tn\\\/fr\\\/#\\\/schema\\\/person\\\/2c4929cbf5a809e3bd38617c6ce150f6\",\"name\":\"MC\",\"image\":{\"@type\":\"ImageObject\",\"inLanguage\":\"fr-FR\",\"@id\":\"https:\\\/\\\/secure.gravatar.com\\\/avatar\\\/a545bbb6f84efdd5553dbbc2895e3ca8f1d12c5215e00a041c9670b54aa9b18a?s=96&d=mm&r=g\",\"url\":\"https:\\\/\\\/secure.gravatar.com\\\/avatar\\\/a545bbb6f84efdd5553dbbc2895e3ca8f1d12c5215e00a041c9670b54aa9b18a?s=96&d=mm&r=g\",\"contentUrl\":\"https:\\\/\\\/secure.gravatar.com\\\/avatar\\\/a545bbb6f84efdd5553dbbc2895e3ca8f1d12c5215e00a041c9670b54aa9b18a?s=96&d=mm&r=g\",\"caption\":\"MC\"},\"url\":\"https:\\\/\\\/www.webdo.tn\\\/fr\\\/actualite\\\/author\\\/mc\\\/\"}]}<\/script>\n<!-- \/ Yoast SEO Premium plugin. -->","yoast_head_json":{"title":"Tunisie : Chaima Issa condamn\u00e9e \u00e0 un an de prison ferme","description":"La Chambre p\u00e9nale de la Cour d'appel militaire de Tunis a d\u00e9cid\u00e9 de maintenir la condamnation de Chaima Issa \u00e0 un an de prison avec modification de la peine cor...","canonical":"https:\/\/www.webdo.tn\/fr\/actualite\/national\/tunisie-chaima-issa-condamnee-a-un-an-de-prison-ferme\/214045\/","og_locale":"fr_FR","og_type":"article","og_title":"Tunisie : Chaima Issa condamn\u00e9e \u00e0 un an de prison ferme","og_description":"La Chambre p\u00e9nale de la Cour d'appel militaire de Tunis a d\u00e9cid\u00e9 de maintenir la condamnation de Chaima Issa \u00e0 un an de prison avec modification de la peine cor...","og_url":"https:\/\/www.webdo.tn\/fr\/actualite\/national\/tunisie-chaima-issa-condamnee-a-un-an-de-prison-ferme\/214045\/","og_site_name":"webdo","article_publisher":"https:\/\/www.facebook.com\/webdotn","article_published_time":"2024-05-09T09:01:00+00:00","article_modified_time":"2025-05-20T22:13:14+00:00","og_image":[{"width":750,"height":400,"url":"https:\/\/www.webdo.tn\/fr\/wp-content\/uploads\/2024\/05\/84c80d0e3269724e199188707b68fdb2.webp","type":"image\/webp"}],"author":"MC","twitter_card":"summary_large_image","twitter_creator":"@webdo_tn","twitter_site":"@webdo_tn","twitter_misc":{"\u00c9crit par":"MC","Dur\u00e9e de lecture estim\u00e9e":"1 minute"},"schema":{"@context":"https:\/\/schema.org","@graph":[{"@type":"NewsArticle","@id":"https:\/\/www.webdo.tn\/fr\/actualite\/national\/tunisie-chaima-issa-condamnee-a-un-an-de-prison-ferme\/214045\/#article","isPartOf":{"@id":"https:\/\/www.webdo.tn\/fr\/actualite\/national\/tunisie-chaima-issa-condamnee-a-un-an-de-prison-ferme\/214045\/"},"author":{"name":"MC","@id":"https:\/\/www.webdo.tn\/fr\/#\/schema\/person\/2c4929cbf5a809e3bd38617c6ce150f6"},"headline":"Tunisie : Chaima Issa condamn\u00e9e \u00e0 un an de prison ferme","datePublished":"2024-05-09T09:01:00+00:00","dateModified":"2025-05-20T22:13:14+00:00","mainEntityOfPage":{"@id":"https:\/\/www.webdo.tn\/fr\/actualite\/national\/tunisie-chaima-issa-condamnee-a-un-an-de-prison-ferme\/214045\/"},"wordCount":252,"commentCount":0,"publisher":{"@id":"https:\/\/www.webdo.tn\/fr\/#organization"},"image":{"@id":"https:\/\/www.webdo.tn\/fr\/actualite\/national\/tunisie-chaima-issa-condamnee-a-un-an-de-prison-ferme\/214045\/#primaryimage"},"thumbnailUrl":"https:\/\/www.webdo.tn\/fr\/wp-content\/uploads\/2024\/05\/84c80d0e3269724e199188707b68fdb2.webp","keywords":["appel","Chaima Issa","condamnation","justice","peine","sursis","Tunisie"],"articleSection":["National"],"inLanguage":"fr-FR"},{"@type":"WebPage","@id":"https:\/\/www.webdo.tn\/fr\/actualite\/national\/tunisie-chaima-issa-condamnee-a-un-an-de-prison-ferme\/214045\/","url":"https:\/\/www.webdo.tn\/fr\/actualite\/national\/tunisie-chaima-issa-condamnee-a-un-an-de-prison-ferme\/214045\/","name":"Tunisie : Chaima Issa condamn\u00e9e \u00e0 un an de prison ferme","isPartOf":{"@id":"https:\/\/www.webdo.tn\/fr\/#website"},"primaryImageOfPage":{"@id":"https:\/\/www.webdo.tn\/fr\/actualite\/national\/tunisie-chaima-issa-condamnee-a-un-an-de-prison-ferme\/214045\/#primaryimage"},"image":{"@id":"https:\/\/www.webdo.tn\/fr\/actualite\/national\/tunisie-chaima-issa-condamnee-a-un-an-de-prison-ferme\/214045\/#primaryimage"},"thumbnailUrl":"https:\/\/www.webdo.tn\/fr\/wp-content\/uploads\/2024\/05\/84c80d0e3269724e199188707b68fdb2.webp","datePublished":"2024-05-09T09:01:00+00:00","dateModified":"2025-05-20T22:13:14+00:00","description":"La Chambre p\u00e9nale de la Cour d'appel militaire de Tunis a d\u00e9cid\u00e9 de maintenir la condamnation de Chaima Issa \u00e0 un an de prison avec modification de la peine cor...","breadcrumb":{"@id":"https:\/\/www.webdo.tn\/fr\/actualite\/national\/tunisie-chaima-issa-condamnee-a-un-an-de-prison-ferme\/214045\/#breadcrumb"},"inLanguage":"fr-FR","potentialAction":[{"@type":"ReadAction","target":["https:\/\/www.webdo.tn\/fr\/actualite\/national\/tunisie-chaima-issa-condamnee-a-un-an-de-prison-ferme\/214045\/"]}]},{"@type":"ImageObject","inLanguage":"fr-FR","@id":"https:\/\/www.webdo.tn\/fr\/actualite\/national\/tunisie-chaima-issa-condamnee-a-un-an-de-prison-ferme\/214045\/#primaryimage","url":"https:\/\/www.webdo.tn\/fr\/wp-content\/uploads\/2024\/05\/84c80d0e3269724e199188707b68fdb2.webp","contentUrl":"https:\/\/www.webdo.tn\/fr\/wp-content\/uploads\/2024\/05\/84c80d0e3269724e199188707b68fdb2.webp","width":750,"height":400,"caption":"Tunisie : Chaima Issa condamn\u00e9e \u00e0 un an de prison ferme"},{"@type":"BreadcrumbList","@id":"https:\/\/www.webdo.tn\/fr\/actualite\/national\/tunisie-chaima-issa-condamnee-a-un-an-de-prison-ferme\/214045\/#breadcrumb","itemListElement":[{"@type":"ListItem","position":1,"name":"Accueil","item":"https:\/\/www.webdo.tn\/fr\/"},{"@type":"ListItem","position":2,"name":"Tunisie : Chaima Issa condamn\u00e9e \u00e0 un an de prison ferme"}]},{"@type":"WebSite","@id":"https:\/\/www.webdo.tn\/fr\/#website","url":"https:\/\/www.webdo.tn\/fr\/","name":"webdo","description":"Tunisie - News en Tunisie et \u00e0 l&#039;international sur Webdo.tn","publisher":{"@id":"https:\/\/www.webdo.tn\/fr\/#organization"},"potentialAction":[{"@type":"SearchAction","target":{"@type":"EntryPoint","urlTemplate":"https:\/\/www.webdo.tn\/fr\/?s={search_term_string}"},"query-input":{"@type":"PropertyValueSpecification","valueRequired":true,"valueName":"search_term_string"}}],"inLanguage":"fr-FR"},{"@type":"Organization","@id":"https:\/\/www.webdo.tn\/fr\/#organization","name":"Webdo","alternateName":"Webdo.tn","url":"https:\/\/www.webdo.tn\/fr\/","logo":{"@type":"ImageObject","inLanguage":"fr-FR","@id":"https:\/\/www.webdo.tn\/fr\/#\/schema\/logo\/image\/","url":"https:\/\/www.webdo.tn\/fr\/wp-content\/uploads\/2025\/06\/Webdo-Tunisie_168377.jpg","contentUrl":"https:\/\/www.webdo.tn\/fr\/wp-content\/uploads\/2025\/06\/Webdo-Tunisie_168377.jpg","width":301,"height":301,"caption":"Webdo"},"image":{"@id":"https:\/\/www.webdo.tn\/fr\/#\/schema\/logo\/image\/"},"sameAs":["https:\/\/www.facebook.com\/webdotn","https:\/\/x.com\/webdo_tn"],"description":"Webdo est un m\u00e9dia num\u00e9rique tunisien fond\u00e9 en 2010, sp\u00e9cialis\u00e9 dans l\u2019actualit\u00e9 nationale et internationale, l\u2019\u00e9conomie, la soci\u00e9t\u00e9 et les analyses politiques. Le site s\u2019adresse \u00e0 un large public francophone et couvre l\u2019information tunisienne en temps r\u00e9el.","email":"redac@webdo.tn","legalName":"YNJ SARL","foundingDate":"2010-09-06","numberOfEmployees":{"@type":"QuantitativeValue","minValue":"11","maxValue":"50"}},{"@type":"Person","@id":"https:\/\/www.webdo.tn\/fr\/#\/schema\/person\/2c4929cbf5a809e3bd38617c6ce150f6","name":"MC","image":{"@type":"ImageObject","inLanguage":"fr-FR","@id":"https:\/\/secure.gravatar.com\/avatar\/a545bbb6f84efdd5553dbbc2895e3ca8f1d12c5215e00a041c9670b54aa9b18a?s=96&d=mm&r=g","url":"https:\/\/secure.gravatar.com\/avatar\/a545bbb6f84efdd5553dbbc2895e3ca8f1d12c5215e00a041c9670b54aa9b18a?s=96&d=mm&r=g","contentUrl":"https:\/\/secure.gravatar.com\/avatar\/a545bbb6f84efdd5553dbbc2895e3ca8f1d12c5215e00a041c9670b54aa9b18a?s=96&d=mm&r=g","caption":"MC"},"url":"https:\/\/www.webdo.tn\/fr\/actualite\/author\/mc\/"}]}},"_links":{"self":[{"href":"https:\/\/www.webdo.tn\/fr\/wp-json\/wp\/v2\/posts\/214045","targetHints":{"allow":["GET"]}}],"collection":[{"href":"https:\/\/www.webdo.tn\/fr\/wp-json\/wp\/v2\/posts"}],"about":[{"href":"https:\/\/www.webdo.tn\/fr\/wp-json\/wp\/v2\/types\/post"}],"author":[{"embeddable":true,"href":"https:\/\/www.webdo.tn\/fr\/wp-json\/wp\/v2\/users\/3162"}],"replies":[{"embeddable":true,"href":"https:\/\/www.webdo.tn\/fr\/wp-json\/wp\/v2\/comments?post=214045"}],"version-history":[{"count":0,"href":"https:\/\/www.webdo.tn\/fr\/wp-json\/wp\/v2\/posts\/214045\/revisions"}],"wp:featuredmedia":[{"embeddable":true,"href":"https:\/\/www.webdo.tn\/fr\/wp-json\/wp\/v2\/media\/290572"}],"wp:attachment":[{"href":"https:\/\/www.webdo.tn\/fr\/wp-json\/wp\/v2\/media?parent=214045"}],"wp:term":[{"taxonomy":"category","embeddable":true,"href":"https:\/\/www.webdo.tn\/fr\/wp-json\/wp\/v2\/categories?post=214045"},{"taxonomy":"post_tag","embeddable":true,"href":"https:\/\/www.webdo.tn\/fr\/wp-json\/wp\/v2\/tags?post=214045"}],"curies":[{"name":"wp","href":"https:\/\/api.w.org\/{rel}","templated":true}]}}