{"id":214043,"date":"2024-05-08T23:43:00","date_gmt":"2024-05-08T23:43:00","guid":{"rendered":"https:\/\/www.webdo.tn\/fr\/blog\/ayoub-hafnaoui-forfait-pour-les-jo-de-paris\/214043\/"},"modified":"2025-05-20T22:13:13","modified_gmt":"2025-05-20T22:13:13","slug":"ayoub-hafnaoui-forfait-pour-les-jo-de-paris","status":"publish","type":"post","link":"https:\/\/www.webdo.tn\/fr\/actualite\/sport\/ayoub-hafnaoui-forfait-pour-les-jo-de-paris\/214043\/","title":{"rendered":"Ayoub Hafnaoui forfait pour les JO de Paris"},"content":{"rendered":"<p>La confirmation est tomb\u00e9e ce mercredi 8 mai 2024. Le champion olympique Ahmed Ayoub Hafnaoui ne participera pas aux JO de Paris-2024, cet \u00e9t\u00e9.<\/p>\n<p>\t\t\t\t\t\t\t\t\tLe nageur tunisien Ahmed Ayoub Hafnaoui, 21 ans, sera le grand absent des Jeux Olympiques de Paris-2024, a annonc\u00e9, ce mercredi 8 mai 2024, le Comit\u00e9 International Olympique (CIO) sans \u00e9voquer les raisons de ce forfait.<\/p>\n<p>Le pr\u00e9sident du Comit\u00e9 Olympique Tunisien (CNOT), Mehrez Boussay\u00e8ne a confirm\u00e9 ce forfait \u00e0 la Conf\u00e9d\u00e9ration africaine de natation, pr\u00e9cise le CIO sur son site officiel, estimant que cette absence est une vraie surprise et que Hafnaoui faisait partie des principaux pr\u00e9tendants aux m\u00e9dailles olympiques dans les \u00e9preuves de 400 m, 800 m et 1500 m nage libre.<\/p>\n<p>Cette annonce met fin aux rumeurs qui se faisaient persistantes quant \u00e0 une \u00e9ventuelle absence du nageur au plus grand \u00e9v\u00e8nement sportif de la plan\u00e8te.<\/p>\n<p>Le pr\u00e9sident du Comit\u00e9 olympique tunisien, Mehrez Boussayene, a r\u00e9cemment r\u00e9v\u00e9l\u00e9 lors d&rsquo;une interview t\u00e9l\u00e9vis\u00e9e que le nageur pourrait manquer l&rsquo;\u00e9v\u00e9nement en raison d&rsquo;une blessure.<\/p>\n<p>Selon Boussayene, les m\u00e9decins du Centre de m\u00e9decine sportive ont recommand\u00e9 un repos prolong\u00e9 de six semaines \u00e0 Hafnaoui, rendant sa pr\u00e9paration pour les JO, incertaine.<\/p>\n<p>Selon d&rsquo;autres sources, Hafnaoui, qui s&rsquo;entra\u00eenait aux \u00c9tats-Unis, jusqu\u2019\u00e0 la fin de l\u2019ann\u00e9e 2023, a d\u00fb retourner en Tunisie, invoquant un probl\u00e8me de visa.<\/p>\n<p>Hafnaoui est d\u00e9sormais invit\u00e9 \u00e0 fournir \u00e0 la F\u00e9d\u00e9ration Tunisienne de Natation un rapport d\u00e9taill\u00e9 sur les raisons de son retrait, notamment s&rsquo;il est bless\u00e9.<\/p>\n<p>Ahmed Hafnaoui avait fait sensation aux Jeux Olympiques de Tokyo en 2021, en remportant le 400 m, \u00e0 seulement 18 ans et en ayant nag\u00e9 au couloir n\u00b0 8, apr\u00e8s avoir \u00e9t\u00e9 le plus lent des qualifi\u00e9s en s\u00e9ries.<\/p>\n<p>L&rsquo;ann\u00e9e derni\u00e8re, aux Mondiaux, il avait \u00e9t\u00e9 sacr\u00e9 sur 800 m et 1500 m et d\u00e9croch\u00e9 l\u2019argent du 400 m nage libre.<\/p>\n<p>Il est \u00e0 noter que la derni\u00e8re participation d&rsquo;Hafnaoui \u00e0 une comp\u00e9tition internationale \u00e9tait aux Championnats du monde de natation \u00e0 Doha en f\u00e9vrier dernier, o\u00f9 il a subi un \u00e9chec sur toute la ligne.<\/p>\n","protected":false},"excerpt":{"rendered":"<p>Le nageur tunisien Ahmed Ayoub Hafnaoui, 21 ans, sera le grand absent des Jeux Olympiques de Paris-2024, a annonc\u00e9, ce mercredi 8 mai 2024, le Comit\u00e9 Internatio&#8230;<\/p>\n","protected":false},"author":3162,"featured_media":290568,"comment_status":"open","ping_status":"closed","sticky":false,"template":"","format":"standard","meta":{"footnotes":""},"categories":[2593],"tags":[7350,5819,5881,6106,3252,5778],"class_list":["post-214043","post","type-post","status-publish","format-standard","has-post-thumbnail","hentry","category-sport","tag-ayoub-hafnaoui","tag-forfait","tag-jeux-olympiques","tag-jo","tag-natation","tag-paris-2024"],"yoast_head":"<!-- This site is optimized with the Yoast SEO Premium plugin v27.5 (Yoast SEO v27.5) - https:\/\/yoast.com\/product\/yoast-seo-premium-wordpress\/ -->\n<title>Ayoub Hafnaoui forfait pour les JO de Paris<\/title>\n<meta name=\"description\" content=\"Le nageur tunisien Ahmed Ayoub Hafnaoui, 21 ans, sera le grand absent des Jeux Olympiques de Paris-2024, a annonc\u00e9, ce mercredi 8 mai 2024, le Comit\u00e9 Internatio...\" \/>\n<link rel=\"canonical\" href=\"https:\/\/www.webdo.tn\/fr\/actualite\/sport\/ayoub-hafnaoui-forfait-pour-les-jo-de-paris\/214043\/\" \/>\n<meta property=\"og:locale\" content=\"fr_FR\" \/>\n<meta property=\"og:type\" content=\"article\" \/>\n<meta property=\"og:title\" content=\"Ayoub Hafnaoui forfait pour les JO de Paris\" \/>\n<meta property=\"og:description\" content=\"Le nageur tunisien Ahmed Ayoub Hafnaoui, 21 ans, sera le grand absent des Jeux Olympiques de Paris-2024, a annonc\u00e9, ce mercredi 8 mai 2024, le Comit\u00e9 Internatio...\" \/>\n<meta property=\"og:url\" content=\"https:\/\/www.webdo.tn\/fr\/actualite\/sport\/ayoub-hafnaoui-forfait-pour-les-jo-de-paris\/214043\/\" \/>\n<meta property=\"og:site_name\" content=\"webdo\" \/>\n<meta property=\"article:publisher\" content=\"https:\/\/www.facebook.com\/webdotn\" \/>\n<meta property=\"article:published_time\" content=\"2024-05-08T23:43:00+00:00\" \/>\n<meta property=\"article:modified_time\" content=\"2025-05-20T22:13:13+00:00\" \/>\n<meta property=\"og:image\" content=\"https:\/\/www.webdo.tn\/fr\/wp-content\/uploads\/2024\/05\/05032a877cabfb58360e8554b4749f5c.webp\" \/>\n\t<meta property=\"og:image:width\" content=\"750\" \/>\n\t<meta property=\"og:image:height\" content=\"400\" \/>\n\t<meta property=\"og:image:type\" content=\"image\/webp\" \/>\n<meta name=\"author\" content=\"MC\" \/>\n<meta name=\"twitter:card\" content=\"summary_large_image\" \/>\n<meta name=\"twitter:creator\" content=\"@webdo_tn\" \/>\n<meta name=\"twitter:site\" content=\"@webdo_tn\" \/>\n<meta name=\"twitter:label1\" content=\"\u00c9crit par\" \/>\n\t<meta name=\"twitter:data1\" content=\"MC\" \/>\n\t<meta name=\"twitter:label2\" content=\"Dur\u00e9e de lecture estim\u00e9e\" \/>\n\t<meta name=\"twitter:data2\" content=\"2 minutes\" \/>\n<script type=\"application\/ld+json\" class=\"yoast-schema-graph\">{\"@context\":\"https:\\\/\\\/schema.org\",\"@graph\":[{\"@type\":\"NewsArticle\",\"@id\":\"https:\\\/\\\/www.webdo.tn\\\/fr\\\/actualite\\\/sport\\\/ayoub-hafnaoui-forfait-pour-les-jo-de-paris\\\/214043\\\/#article\",\"isPartOf\":{\"@id\":\"https:\\\/\\\/www.webdo.tn\\\/fr\\\/actualite\\\/sport\\\/ayoub-hafnaoui-forfait-pour-les-jo-de-paris\\\/214043\\\/\"},\"author\":{\"name\":\"MC\",\"@id\":\"https:\\\/\\\/www.webdo.tn\\\/fr\\\/#\\\/schema\\\/person\\\/2c4929cbf5a809e3bd38617c6ce150f6\"},\"headline\":\"Ayoub Hafnaoui forfait pour les JO de Paris\",\"datePublished\":\"2024-05-08T23:43:00+00:00\",\"dateModified\":\"2025-05-20T22:13:13+00:00\",\"mainEntityOfPage\":{\"@id\":\"https:\\\/\\\/www.webdo.tn\\\/fr\\\/actualite\\\/sport\\\/ayoub-hafnaoui-forfait-pour-les-jo-de-paris\\\/214043\\\/\"},\"wordCount\":369,\"commentCount\":0,\"publisher\":{\"@id\":\"https:\\\/\\\/www.webdo.tn\\\/fr\\\/#organization\"},\"image\":{\"@id\":\"https:\\\/\\\/www.webdo.tn\\\/fr\\\/actualite\\\/sport\\\/ayoub-hafnaoui-forfait-pour-les-jo-de-paris\\\/214043\\\/#primaryimage\"},\"thumbnailUrl\":\"https:\\\/\\\/www.webdo.tn\\\/fr\\\/wp-content\\\/uploads\\\/2024\\\/05\\\/05032a877cabfb58360e8554b4749f5c.webp\",\"keywords\":[\"ayoub hafnaoui\",\"forfait\",\"jeux olympiques\",\"JO\",\"natation\",\"Paris 2024\"],\"articleSection\":[\"Sport\"],\"inLanguage\":\"fr-FR\"},{\"@type\":\"WebPage\",\"@id\":\"https:\\\/\\\/www.webdo.tn\\\/fr\\\/actualite\\\/sport\\\/ayoub-hafnaoui-forfait-pour-les-jo-de-paris\\\/214043\\\/\",\"url\":\"https:\\\/\\\/www.webdo.tn\\\/fr\\\/actualite\\\/sport\\\/ayoub-hafnaoui-forfait-pour-les-jo-de-paris\\\/214043\\\/\",\"name\":\"Ayoub Hafnaoui forfait pour les JO de Paris\",\"isPartOf\":{\"@id\":\"https:\\\/\\\/www.webdo.tn\\\/fr\\\/#website\"},\"primaryImageOfPage\":{\"@id\":\"https:\\\/\\\/www.webdo.tn\\\/fr\\\/actualite\\\/sport\\\/ayoub-hafnaoui-forfait-pour-les-jo-de-paris\\\/214043\\\/#primaryimage\"},\"image\":{\"@id\":\"https:\\\/\\\/www.webdo.tn\\\/fr\\\/actualite\\\/sport\\\/ayoub-hafnaoui-forfait-pour-les-jo-de-paris\\\/214043\\\/#primaryimage\"},\"thumbnailUrl\":\"https:\\\/\\\/www.webdo.tn\\\/fr\\\/wp-content\\\/uploads\\\/2024\\\/05\\\/05032a877cabfb58360e8554b4749f5c.webp\",\"datePublished\":\"2024-05-08T23:43:00+00:00\",\"dateModified\":\"2025-05-20T22:13:13+00:00\",\"description\":\"Le nageur tunisien Ahmed Ayoub Hafnaoui, 21 ans, sera le grand absent des Jeux Olympiques de Paris-2024, a annonc\u00e9, ce mercredi 8 mai 2024, le Comit\u00e9 Internatio...\",\"breadcrumb\":{\"@id\":\"https:\\\/\\\/www.webdo.tn\\\/fr\\\/actualite\\\/sport\\\/ayoub-hafnaoui-forfait-pour-les-jo-de-paris\\\/214043\\\/#breadcrumb\"},\"inLanguage\":\"fr-FR\",\"potentialAction\":[{\"@type\":\"ReadAction\",\"target\":[\"https:\\\/\\\/www.webdo.tn\\\/fr\\\/actualite\\\/sport\\\/ayoub-hafnaoui-forfait-pour-les-jo-de-paris\\\/214043\\\/\"]}]},{\"@type\":\"ImageObject\",\"inLanguage\":\"fr-FR\",\"@id\":\"https:\\\/\\\/www.webdo.tn\\\/fr\\\/actualite\\\/sport\\\/ayoub-hafnaoui-forfait-pour-les-jo-de-paris\\\/214043\\\/#primaryimage\",\"url\":\"https:\\\/\\\/www.webdo.tn\\\/fr\\\/wp-content\\\/uploads\\\/2024\\\/05\\\/05032a877cabfb58360e8554b4749f5c.webp\",\"contentUrl\":\"https:\\\/\\\/www.webdo.tn\\\/fr\\\/wp-content\\\/uploads\\\/2024\\\/05\\\/05032a877cabfb58360e8554b4749f5c.webp\",\"width\":750,\"height\":400,\"caption\":\"Ayoub Hafnaoui forfait pour les JO de Paris\"},{\"@type\":\"BreadcrumbList\",\"@id\":\"https:\\\/\\\/www.webdo.tn\\\/fr\\\/actualite\\\/sport\\\/ayoub-hafnaoui-forfait-pour-les-jo-de-paris\\\/214043\\\/#breadcrumb\",\"itemListElement\":[{\"@type\":\"ListItem\",\"position\":1,\"name\":\"Accueil\",\"item\":\"https:\\\/\\\/www.webdo.tn\\\/fr\\\/\"},{\"@type\":\"ListItem\",\"position\":2,\"name\":\"Ayoub Hafnaoui forfait pour les JO de Paris\"}]},{\"@type\":\"WebSite\",\"@id\":\"https:\\\/\\\/www.webdo.tn\\\/fr\\\/#website\",\"url\":\"https:\\\/\\\/www.webdo.tn\\\/fr\\\/\",\"name\":\"webdo\",\"description\":\"Tunisie - News en Tunisie et \u00e0 l&#039;international sur Webdo.tn\",\"publisher\":{\"@id\":\"https:\\\/\\\/www.webdo.tn\\\/fr\\\/#organization\"},\"potentialAction\":[{\"@type\":\"SearchAction\",\"target\":{\"@type\":\"EntryPoint\",\"urlTemplate\":\"https:\\\/\\\/www.webdo.tn\\\/fr\\\/?s={search_term_string}\"},\"query-input\":{\"@type\":\"PropertyValueSpecification\",\"valueRequired\":true,\"valueName\":\"search_term_string\"}}],\"inLanguage\":\"fr-FR\"},{\"@type\":\"Organization\",\"@id\":\"https:\\\/\\\/www.webdo.tn\\\/fr\\\/#organization\",\"name\":\"Webdo\",\"alternateName\":\"Webdo.tn\",\"url\":\"https:\\\/\\\/www.webdo.tn\\\/fr\\\/\",\"logo\":{\"@type\":\"ImageObject\",\"inLanguage\":\"fr-FR\",\"@id\":\"https:\\\/\\\/www.webdo.tn\\\/fr\\\/#\\\/schema\\\/logo\\\/image\\\/\",\"url\":\"https:\\\/\\\/www.webdo.tn\\\/fr\\\/wp-content\\\/uploads\\\/2025\\\/06\\\/Webdo-Tunisie_168377.jpg\",\"contentUrl\":\"https:\\\/\\\/www.webdo.tn\\\/fr\\\/wp-content\\\/uploads\\\/2025\\\/06\\\/Webdo-Tunisie_168377.jpg\",\"width\":301,\"height\":301,\"caption\":\"Webdo\"},\"image\":{\"@id\":\"https:\\\/\\\/www.webdo.tn\\\/fr\\\/#\\\/schema\\\/logo\\\/image\\\/\"},\"sameAs\":[\"https:\\\/\\\/www.facebook.com\\\/webdotn\",\"https:\\\/\\\/x.com\\\/webdo_tn\"],\"description\":\"Webdo est un m\u00e9dia num\u00e9rique tunisien fond\u00e9 en 2010, sp\u00e9cialis\u00e9 dans l\u2019actualit\u00e9 nationale et internationale, l\u2019\u00e9conomie, la soci\u00e9t\u00e9 et les analyses politiques. Le site s\u2019adresse \u00e0 un large public francophone et couvre l\u2019information tunisienne en temps r\u00e9el.\",\"email\":\"redac@webdo.tn\",\"legalName\":\"YNJ SARL\",\"foundingDate\":\"2010-09-06\",\"numberOfEmployees\":{\"@type\":\"QuantitativeValue\",\"minValue\":\"11\",\"maxValue\":\"50\"}},{\"@type\":\"Person\",\"@id\":\"https:\\\/\\\/www.webdo.tn\\\/fr\\\/#\\\/schema\\\/person\\\/2c4929cbf5a809e3bd38617c6ce150f6\",\"name\":\"MC\",\"image\":{\"@type\":\"ImageObject\",\"inLanguage\":\"fr-FR\",\"@id\":\"https:\\\/\\\/secure.gravatar.com\\\/avatar\\\/a545bbb6f84efdd5553dbbc2895e3ca8f1d12c5215e00a041c9670b54aa9b18a?s=96&d=mm&r=g\",\"url\":\"https:\\\/\\\/secure.gravatar.com\\\/avatar\\\/a545bbb6f84efdd5553dbbc2895e3ca8f1d12c5215e00a041c9670b54aa9b18a?s=96&d=mm&r=g\",\"contentUrl\":\"https:\\\/\\\/secure.gravatar.com\\\/avatar\\\/a545bbb6f84efdd5553dbbc2895e3ca8f1d12c5215e00a041c9670b54aa9b18a?s=96&d=mm&r=g\",\"caption\":\"MC\"},\"url\":\"https:\\\/\\\/www.webdo.tn\\\/fr\\\/actualite\\\/author\\\/mc\\\/\"}]}<\/script>\n<!-- \/ Yoast SEO Premium plugin. -->","yoast_head_json":{"title":"Ayoub Hafnaoui forfait pour les JO de Paris","description":"Le nageur tunisien Ahmed Ayoub Hafnaoui, 21 ans, sera le grand absent des Jeux Olympiques de Paris-2024, a annonc\u00e9, ce mercredi 8 mai 2024, le Comit\u00e9 Internatio...","canonical":"https:\/\/www.webdo.tn\/fr\/actualite\/sport\/ayoub-hafnaoui-forfait-pour-les-jo-de-paris\/214043\/","og_locale":"fr_FR","og_type":"article","og_title":"Ayoub Hafnaoui forfait pour les JO de Paris","og_description":"Le nageur tunisien Ahmed Ayoub Hafnaoui, 21 ans, sera le grand absent des Jeux Olympiques de Paris-2024, a annonc\u00e9, ce mercredi 8 mai 2024, le Comit\u00e9 Internatio...","og_url":"https:\/\/www.webdo.tn\/fr\/actualite\/sport\/ayoub-hafnaoui-forfait-pour-les-jo-de-paris\/214043\/","og_site_name":"webdo","article_publisher":"https:\/\/www.facebook.com\/webdotn","article_published_time":"2024-05-08T23:43:00+00:00","article_modified_time":"2025-05-20T22:13:13+00:00","og_image":[{"width":750,"height":400,"url":"https:\/\/www.webdo.tn\/fr\/wp-content\/uploads\/2024\/05\/05032a877cabfb58360e8554b4749f5c.webp","type":"image\/webp"}],"author":"MC","twitter_card":"summary_large_image","twitter_creator":"@webdo_tn","twitter_site":"@webdo_tn","twitter_misc":{"\u00c9crit par":"MC","Dur\u00e9e de lecture estim\u00e9e":"2 minutes"},"schema":{"@context":"https:\/\/schema.org","@graph":[{"@type":"NewsArticle","@id":"https:\/\/www.webdo.tn\/fr\/actualite\/sport\/ayoub-hafnaoui-forfait-pour-les-jo-de-paris\/214043\/#article","isPartOf":{"@id":"https:\/\/www.webdo.tn\/fr\/actualite\/sport\/ayoub-hafnaoui-forfait-pour-les-jo-de-paris\/214043\/"},"author":{"name":"MC","@id":"https:\/\/www.webdo.tn\/fr\/#\/schema\/person\/2c4929cbf5a809e3bd38617c6ce150f6"},"headline":"Ayoub Hafnaoui forfait pour les JO de Paris","datePublished":"2024-05-08T23:43:00+00:00","dateModified":"2025-05-20T22:13:13+00:00","mainEntityOfPage":{"@id":"https:\/\/www.webdo.tn\/fr\/actualite\/sport\/ayoub-hafnaoui-forfait-pour-les-jo-de-paris\/214043\/"},"wordCount":369,"commentCount":0,"publisher":{"@id":"https:\/\/www.webdo.tn\/fr\/#organization"},"image":{"@id":"https:\/\/www.webdo.tn\/fr\/actualite\/sport\/ayoub-hafnaoui-forfait-pour-les-jo-de-paris\/214043\/#primaryimage"},"thumbnailUrl":"https:\/\/www.webdo.tn\/fr\/wp-content\/uploads\/2024\/05\/05032a877cabfb58360e8554b4749f5c.webp","keywords":["ayoub hafnaoui","forfait","jeux olympiques","JO","natation","Paris 2024"],"articleSection":["Sport"],"inLanguage":"fr-FR"},{"@type":"WebPage","@id":"https:\/\/www.webdo.tn\/fr\/actualite\/sport\/ayoub-hafnaoui-forfait-pour-les-jo-de-paris\/214043\/","url":"https:\/\/www.webdo.tn\/fr\/actualite\/sport\/ayoub-hafnaoui-forfait-pour-les-jo-de-paris\/214043\/","name":"Ayoub Hafnaoui forfait pour les JO de Paris","isPartOf":{"@id":"https:\/\/www.webdo.tn\/fr\/#website"},"primaryImageOfPage":{"@id":"https:\/\/www.webdo.tn\/fr\/actualite\/sport\/ayoub-hafnaoui-forfait-pour-les-jo-de-paris\/214043\/#primaryimage"},"image":{"@id":"https:\/\/www.webdo.tn\/fr\/actualite\/sport\/ayoub-hafnaoui-forfait-pour-les-jo-de-paris\/214043\/#primaryimage"},"thumbnailUrl":"https:\/\/www.webdo.tn\/fr\/wp-content\/uploads\/2024\/05\/05032a877cabfb58360e8554b4749f5c.webp","datePublished":"2024-05-08T23:43:00+00:00","dateModified":"2025-05-20T22:13:13+00:00","description":"Le nageur tunisien Ahmed Ayoub Hafnaoui, 21 ans, sera le grand absent des Jeux Olympiques de Paris-2024, a annonc\u00e9, ce mercredi 8 mai 2024, le Comit\u00e9 Internatio...","breadcrumb":{"@id":"https:\/\/www.webdo.tn\/fr\/actualite\/sport\/ayoub-hafnaoui-forfait-pour-les-jo-de-paris\/214043\/#breadcrumb"},"inLanguage":"fr-FR","potentialAction":[{"@type":"ReadAction","target":["https:\/\/www.webdo.tn\/fr\/actualite\/sport\/ayoub-hafnaoui-forfait-pour-les-jo-de-paris\/214043\/"]}]},{"@type":"ImageObject","inLanguage":"fr-FR","@id":"https:\/\/www.webdo.tn\/fr\/actualite\/sport\/ayoub-hafnaoui-forfait-pour-les-jo-de-paris\/214043\/#primaryimage","url":"https:\/\/www.webdo.tn\/fr\/wp-content\/uploads\/2024\/05\/05032a877cabfb58360e8554b4749f5c.webp","contentUrl":"https:\/\/www.webdo.tn\/fr\/wp-content\/uploads\/2024\/05\/05032a877cabfb58360e8554b4749f5c.webp","width":750,"height":400,"caption":"Ayoub Hafnaoui forfait pour les JO de Paris"},{"@type":"BreadcrumbList","@id":"https:\/\/www.webdo.tn\/fr\/actualite\/sport\/ayoub-hafnaoui-forfait-pour-les-jo-de-paris\/214043\/#breadcrumb","itemListElement":[{"@type":"ListItem","position":1,"name":"Accueil","item":"https:\/\/www.webdo.tn\/fr\/"},{"@type":"ListItem","position":2,"name":"Ayoub Hafnaoui forfait pour les JO de Paris"}]},{"@type":"WebSite","@id":"https:\/\/www.webdo.tn\/fr\/#website","url":"https:\/\/www.webdo.tn\/fr\/","name":"webdo","description":"Tunisie - News en Tunisie et \u00e0 l&#039;international sur Webdo.tn","publisher":{"@id":"https:\/\/www.webdo.tn\/fr\/#organization"},"potentialAction":[{"@type":"SearchAction","target":{"@type":"EntryPoint","urlTemplate":"https:\/\/www.webdo.tn\/fr\/?s={search_term_string}"},"query-input":{"@type":"PropertyValueSpecification","valueRequired":true,"valueName":"search_term_string"}}],"inLanguage":"fr-FR"},{"@type":"Organization","@id":"https:\/\/www.webdo.tn\/fr\/#organization","name":"Webdo","alternateName":"Webdo.tn","url":"https:\/\/www.webdo.tn\/fr\/","logo":{"@type":"ImageObject","inLanguage":"fr-FR","@id":"https:\/\/www.webdo.tn\/fr\/#\/schema\/logo\/image\/","url":"https:\/\/www.webdo.tn\/fr\/wp-content\/uploads\/2025\/06\/Webdo-Tunisie_168377.jpg","contentUrl":"https:\/\/www.webdo.tn\/fr\/wp-content\/uploads\/2025\/06\/Webdo-Tunisie_168377.jpg","width":301,"height":301,"caption":"Webdo"},"image":{"@id":"https:\/\/www.webdo.tn\/fr\/#\/schema\/logo\/image\/"},"sameAs":["https:\/\/www.facebook.com\/webdotn","https:\/\/x.com\/webdo_tn"],"description":"Webdo est un m\u00e9dia num\u00e9rique tunisien fond\u00e9 en 2010, sp\u00e9cialis\u00e9 dans l\u2019actualit\u00e9 nationale et internationale, l\u2019\u00e9conomie, la soci\u00e9t\u00e9 et les analyses politiques. Le site s\u2019adresse \u00e0 un large public francophone et couvre l\u2019information tunisienne en temps r\u00e9el.","email":"redac@webdo.tn","legalName":"YNJ SARL","foundingDate":"2010-09-06","numberOfEmployees":{"@type":"QuantitativeValue","minValue":"11","maxValue":"50"}},{"@type":"Person","@id":"https:\/\/www.webdo.tn\/fr\/#\/schema\/person\/2c4929cbf5a809e3bd38617c6ce150f6","name":"MC","image":{"@type":"ImageObject","inLanguage":"fr-FR","@id":"https:\/\/secure.gravatar.com\/avatar\/a545bbb6f84efdd5553dbbc2895e3ca8f1d12c5215e00a041c9670b54aa9b18a?s=96&d=mm&r=g","url":"https:\/\/secure.gravatar.com\/avatar\/a545bbb6f84efdd5553dbbc2895e3ca8f1d12c5215e00a041c9670b54aa9b18a?s=96&d=mm&r=g","contentUrl":"https:\/\/secure.gravatar.com\/avatar\/a545bbb6f84efdd5553dbbc2895e3ca8f1d12c5215e00a041c9670b54aa9b18a?s=96&d=mm&r=g","caption":"MC"},"url":"https:\/\/www.webdo.tn\/fr\/actualite\/author\/mc\/"}]}},"_links":{"self":[{"href":"https:\/\/www.webdo.tn\/fr\/wp-json\/wp\/v2\/posts\/214043","targetHints":{"allow":["GET"]}}],"collection":[{"href":"https:\/\/www.webdo.tn\/fr\/wp-json\/wp\/v2\/posts"}],"about":[{"href":"https:\/\/www.webdo.tn\/fr\/wp-json\/wp\/v2\/types\/post"}],"author":[{"embeddable":true,"href":"https:\/\/www.webdo.tn\/fr\/wp-json\/wp\/v2\/users\/3162"}],"replies":[{"embeddable":true,"href":"https:\/\/www.webdo.tn\/fr\/wp-json\/wp\/v2\/comments?post=214043"}],"version-history":[{"count":0,"href":"https:\/\/www.webdo.tn\/fr\/wp-json\/wp\/v2\/posts\/214043\/revisions"}],"wp:featuredmedia":[{"embeddable":true,"href":"https:\/\/www.webdo.tn\/fr\/wp-json\/wp\/v2\/media\/290568"}],"wp:attachment":[{"href":"https:\/\/www.webdo.tn\/fr\/wp-json\/wp\/v2\/media?parent=214043"}],"wp:term":[{"taxonomy":"category","embeddable":true,"href":"https:\/\/www.webdo.tn\/fr\/wp-json\/wp\/v2\/categories?post=214043"},{"taxonomy":"post_tag","embeddable":true,"href":"https:\/\/www.webdo.tn\/fr\/wp-json\/wp\/v2\/tags?post=214043"}],"curies":[{"name":"wp","href":"https:\/\/api.w.org\/{rel}","templated":true}]}}