{"id":214040,"date":"2024-05-08T21:11:00","date_gmt":"2024-05-08T21:11:00","guid":{"rendered":"https:\/\/www.webdo.tn\/fr\/blog\/coup-d-eclat-de-l-oc-kerkennah-l-esperance-eliminee-de-la-coupe-de-tunisie\/214040\/"},"modified":"2025-05-20T22:13:12","modified_gmt":"2025-05-20T22:13:12","slug":"coup-d-eclat-de-l-oc-kerkennah-l-esperance-eliminee-de-la-coupe-de-tunisie","status":"publish","type":"post","link":"https:\/\/www.webdo.tn\/fr\/actualite\/sport\/coup-d-eclat-de-l-oc-kerkennah-l-esperance-eliminee-de-la-coupe-de-tunisie\/214040\/","title":{"rendered":"Coup d\u2019\u00e9clat de l&rsquo;OC Kerkennah : L&rsquo;Esp\u00e9rance \u00e9limin\u00e9e de la Coupe de Tunisie"},"content":{"rendered":"<p>C\u2019est un v\u00e9ritable coup d\u2019\u00e9clat qu\u2019a r\u00e9alis\u00e9 l\u2019Oceano Club de Kerkennah en \u00e9liminant l\u2019Esp\u00e9rance ST de la Coupe de Tunisie sur le score de 2-1 (AP).<\/p>\n<p>\t\t\t\t\t\t\t\t\tL\u2019OC Kerkennah, club de Ligue 2 et l\u2019Esp\u00e9rance, leader de la Ligue 1 et finaliste de la Ligue des Champions africaine, s\u2019affrontaient, ce mercredi 8 mai 2024 au stade Taieb Mhiri en match retard des seizi\u00e8mes de finale de la Coupe de Tunisie.<\/p>\n<p>Et l\u2019OC Kerkennah a r\u00e9alis\u00e9 la surprise en \u00e9liminant le plus s\u00e9rieux pr\u00e9tendant au titre, lui faisant subir au passage son deuxi\u00e8me revers d\u2019affil\u00e9e apr\u00e8s sa d\u00e9faite, dimanche dernier en Championnat face au Stade Tunisien.<\/p>\n<p>L&rsquo;OC Kerkennah s\u2019est impos\u00e9 2-1 au bout des prolongations. Jaafer Moussa a ouvert le score en faveur de l\u2019OCK \u00e0 la 69\u2019, profitant de l\u2019inf\u00e9riorit\u00e9 num\u00e9rique des \u00ab\u00a0Sang et or\u00a0\u00bb apr\u00e8s l\u2019expulsion d\u2019Amanallah Frikhi (57\u2019) et Heni Amamou (65\u2019), expuls\u00e9s pour des fautes commises en tant que derniers d\u00e9fenseurs.<\/p>\n<p>L\u2019EST, amoindrie, revient tout de m\u00eame \u00e0 la charge et parvient \u00e0 \u00e9galiser gr\u00e2ce \u00e0 un penalty transform\u00e9 par Yassine Meriah \u00e0 la 89\u2019.<\/p>\n<p>Au cours des prolongations, les co\u00e9quipiers de Meriah pressent leurs adversaires sans pour autant trouver la faille. Et c\u2019est gr\u00e2ce \u00e0 Mohamed Amine Zitouni, qui a pu tromper la vigilance de Moez Ben Cherifia que l\u2019OCK parvient \u00e0 inscrire le but de la victoire et de la qualification.<\/p>\n","protected":false},"excerpt":{"rendered":"<p>L\u2019OC Kerkennah, club de Ligue 2 et l\u2019Esp\u00e9rance, leader de la Ligue 1 et finaliste de la Ligue des Champions africaine, s\u2019affrontaient, ce mercredi 8 mai 2024 au&#8230;<\/p>\n","protected":false},"author":3162,"featured_media":290566,"comment_status":"open","ping_status":"closed","sticky":false,"template":"","format":"standard","meta":{"footnotes":""},"categories":[2593],"tags":[10167,3168,7138,3102,2622],"class_list":["post-214040","post","type-post","status-publish","format-standard","has-post-thumbnail","hentry","category-sport","tag-oc-kerkennah","tag-coupe-de-tunisie","tag-elimination","tag-esperance-st","tag-football"],"yoast_head":"<!-- This site is optimized with the Yoast SEO Premium plugin v27.5 (Yoast SEO v27.5) - https:\/\/yoast.com\/product\/yoast-seo-premium-wordpress\/ -->\n<title>Coup d\u2019\u00e9clat de l&#039;OC Kerkennah : L&#039;Esp\u00e9rance \u00e9limin\u00e9e de la Coupe de Tunisie<\/title>\n<meta name=\"description\" content=\"L\u2019OC Kerkennah, club de Ligue 2 et l\u2019Esp\u00e9rance, leader de la Ligue 1 et finaliste de la Ligue des Champions africaine, s\u2019affrontaient, ce mercredi 8 mai 2024 au...\" \/>\n<link rel=\"canonical\" href=\"https:\/\/www.webdo.tn\/fr\/actualite\/sport\/coup-d-eclat-de-l-oc-kerkennah-l-esperance-eliminee-de-la-coupe-de-tunisie\/214040\/\" \/>\n<meta property=\"og:locale\" content=\"fr_FR\" \/>\n<meta property=\"og:type\" content=\"article\" \/>\n<meta property=\"og:title\" content=\"Coup d\u2019\u00e9clat de l&#039;OC Kerkennah : L&#039;Esp\u00e9rance \u00e9limin\u00e9e de la Coupe de Tunisie\" \/>\n<meta property=\"og:description\" content=\"L\u2019OC Kerkennah, club de Ligue 2 et l\u2019Esp\u00e9rance, leader de la Ligue 1 et finaliste de la Ligue des Champions africaine, s\u2019affrontaient, ce mercredi 8 mai 2024 au...\" \/>\n<meta property=\"og:url\" content=\"https:\/\/www.webdo.tn\/fr\/actualite\/sport\/coup-d-eclat-de-l-oc-kerkennah-l-esperance-eliminee-de-la-coupe-de-tunisie\/214040\/\" \/>\n<meta property=\"og:site_name\" content=\"webdo\" \/>\n<meta property=\"article:publisher\" content=\"https:\/\/www.facebook.com\/webdotn\" \/>\n<meta property=\"article:published_time\" content=\"2024-05-08T21:11:00+00:00\" \/>\n<meta property=\"article:modified_time\" content=\"2025-05-20T22:13:12+00:00\" \/>\n<meta property=\"og:image\" content=\"https:\/\/www.webdo.tn\/fr\/wp-content\/uploads\/2024\/05\/ac2704f1b9c744026b0fe2b2613ae102.webp\" \/>\n\t<meta property=\"og:image:width\" content=\"750\" \/>\n\t<meta property=\"og:image:height\" content=\"400\" \/>\n\t<meta property=\"og:image:type\" content=\"image\/webp\" \/>\n<meta name=\"author\" content=\"MC\" \/>\n<meta name=\"twitter:card\" content=\"summary_large_image\" \/>\n<meta name=\"twitter:creator\" content=\"@webdo_tn\" \/>\n<meta name=\"twitter:site\" content=\"@webdo_tn\" \/>\n<meta name=\"twitter:label1\" content=\"\u00c9crit par\" \/>\n\t<meta name=\"twitter:data1\" content=\"MC\" \/>\n\t<meta name=\"twitter:label2\" content=\"Dur\u00e9e de lecture estim\u00e9e\" \/>\n\t<meta name=\"twitter:data2\" content=\"1 minute\" \/>\n<script type=\"application\/ld+json\" class=\"yoast-schema-graph\">{\"@context\":\"https:\\\/\\\/schema.org\",\"@graph\":[{\"@type\":\"NewsArticle\",\"@id\":\"https:\\\/\\\/www.webdo.tn\\\/fr\\\/actualite\\\/sport\\\/coup-d-eclat-de-l-oc-kerkennah-l-esperance-eliminee-de-la-coupe-de-tunisie\\\/214040\\\/#article\",\"isPartOf\":{\"@id\":\"https:\\\/\\\/www.webdo.tn\\\/fr\\\/actualite\\\/sport\\\/coup-d-eclat-de-l-oc-kerkennah-l-esperance-eliminee-de-la-coupe-de-tunisie\\\/214040\\\/\"},\"author\":{\"name\":\"MC\",\"@id\":\"https:\\\/\\\/www.webdo.tn\\\/fr\\\/#\\\/schema\\\/person\\\/2c4929cbf5a809e3bd38617c6ce150f6\"},\"headline\":\"Coup d\u2019\u00e9clat de l&rsquo;OC Kerkennah : L&rsquo;Esp\u00e9rance \u00e9limin\u00e9e de la Coupe de Tunisie\",\"datePublished\":\"2024-05-08T21:11:00+00:00\",\"dateModified\":\"2025-05-20T22:13:12+00:00\",\"mainEntityOfPage\":{\"@id\":\"https:\\\/\\\/www.webdo.tn\\\/fr\\\/actualite\\\/sport\\\/coup-d-eclat-de-l-oc-kerkennah-l-esperance-eliminee-de-la-coupe-de-tunisie\\\/214040\\\/\"},\"wordCount\":267,\"commentCount\":0,\"publisher\":{\"@id\":\"https:\\\/\\\/www.webdo.tn\\\/fr\\\/#organization\"},\"image\":{\"@id\":\"https:\\\/\\\/www.webdo.tn\\\/fr\\\/actualite\\\/sport\\\/coup-d-eclat-de-l-oc-kerkennah-l-esperance-eliminee-de-la-coupe-de-tunisie\\\/214040\\\/#primaryimage\"},\"thumbnailUrl\":\"https:\\\/\\\/www.webdo.tn\\\/fr\\\/wp-content\\\/uploads\\\/2024\\\/05\\\/ac2704f1b9c744026b0fe2b2613ae102.webp\",\"keywords\":[\"'OC Kerkennah']\",\"coupe de tunisie\",\"\u00e9limination\",\"esp\u00e9rance st\",\"football\"],\"articleSection\":[\"Sport\"],\"inLanguage\":\"fr-FR\"},{\"@type\":\"WebPage\",\"@id\":\"https:\\\/\\\/www.webdo.tn\\\/fr\\\/actualite\\\/sport\\\/coup-d-eclat-de-l-oc-kerkennah-l-esperance-eliminee-de-la-coupe-de-tunisie\\\/214040\\\/\",\"url\":\"https:\\\/\\\/www.webdo.tn\\\/fr\\\/actualite\\\/sport\\\/coup-d-eclat-de-l-oc-kerkennah-l-esperance-eliminee-de-la-coupe-de-tunisie\\\/214040\\\/\",\"name\":\"Coup d\u2019\u00e9clat de l'OC Kerkennah : L'Esp\u00e9rance \u00e9limin\u00e9e de la Coupe de Tunisie\",\"isPartOf\":{\"@id\":\"https:\\\/\\\/www.webdo.tn\\\/fr\\\/#website\"},\"primaryImageOfPage\":{\"@id\":\"https:\\\/\\\/www.webdo.tn\\\/fr\\\/actualite\\\/sport\\\/coup-d-eclat-de-l-oc-kerkennah-l-esperance-eliminee-de-la-coupe-de-tunisie\\\/214040\\\/#primaryimage\"},\"image\":{\"@id\":\"https:\\\/\\\/www.webdo.tn\\\/fr\\\/actualite\\\/sport\\\/coup-d-eclat-de-l-oc-kerkennah-l-esperance-eliminee-de-la-coupe-de-tunisie\\\/214040\\\/#primaryimage\"},\"thumbnailUrl\":\"https:\\\/\\\/www.webdo.tn\\\/fr\\\/wp-content\\\/uploads\\\/2024\\\/05\\\/ac2704f1b9c744026b0fe2b2613ae102.webp\",\"datePublished\":\"2024-05-08T21:11:00+00:00\",\"dateModified\":\"2025-05-20T22:13:12+00:00\",\"description\":\"L\u2019OC Kerkennah, club de Ligue 2 et l\u2019Esp\u00e9rance, leader de la Ligue 1 et finaliste de la Ligue des Champions africaine, s\u2019affrontaient, ce mercredi 8 mai 2024 au...\",\"breadcrumb\":{\"@id\":\"https:\\\/\\\/www.webdo.tn\\\/fr\\\/actualite\\\/sport\\\/coup-d-eclat-de-l-oc-kerkennah-l-esperance-eliminee-de-la-coupe-de-tunisie\\\/214040\\\/#breadcrumb\"},\"inLanguage\":\"fr-FR\",\"potentialAction\":[{\"@type\":\"ReadAction\",\"target\":[\"https:\\\/\\\/www.webdo.tn\\\/fr\\\/actualite\\\/sport\\\/coup-d-eclat-de-l-oc-kerkennah-l-esperance-eliminee-de-la-coupe-de-tunisie\\\/214040\\\/\"]}]},{\"@type\":\"ImageObject\",\"inLanguage\":\"fr-FR\",\"@id\":\"https:\\\/\\\/www.webdo.tn\\\/fr\\\/actualite\\\/sport\\\/coup-d-eclat-de-l-oc-kerkennah-l-esperance-eliminee-de-la-coupe-de-tunisie\\\/214040\\\/#primaryimage\",\"url\":\"https:\\\/\\\/www.webdo.tn\\\/fr\\\/wp-content\\\/uploads\\\/2024\\\/05\\\/ac2704f1b9c744026b0fe2b2613ae102.webp\",\"contentUrl\":\"https:\\\/\\\/www.webdo.tn\\\/fr\\\/wp-content\\\/uploads\\\/2024\\\/05\\\/ac2704f1b9c744026b0fe2b2613ae102.webp\",\"width\":750,\"height\":400,\"caption\":\"Coup d\u2019\u00e9clat de l'OC Kerkennah : L'Esp\u00e9rance \u00e9limin\u00e9e de la Coupe de Tunisie\"},{\"@type\":\"BreadcrumbList\",\"@id\":\"https:\\\/\\\/www.webdo.tn\\\/fr\\\/actualite\\\/sport\\\/coup-d-eclat-de-l-oc-kerkennah-l-esperance-eliminee-de-la-coupe-de-tunisie\\\/214040\\\/#breadcrumb\",\"itemListElement\":[{\"@type\":\"ListItem\",\"position\":1,\"name\":\"Accueil\",\"item\":\"https:\\\/\\\/www.webdo.tn\\\/fr\\\/\"},{\"@type\":\"ListItem\",\"position\":2,\"name\":\"Coup d\u2019\u00e9clat de l&rsquo;OC Kerkennah : L&rsquo;Esp\u00e9rance \u00e9limin\u00e9e de la Coupe de Tunisie\"}]},{\"@type\":\"WebSite\",\"@id\":\"https:\\\/\\\/www.webdo.tn\\\/fr\\\/#website\",\"url\":\"https:\\\/\\\/www.webdo.tn\\\/fr\\\/\",\"name\":\"webdo\",\"description\":\"Tunisie - News en Tunisie et \u00e0 l&#039;international sur Webdo.tn\",\"publisher\":{\"@id\":\"https:\\\/\\\/www.webdo.tn\\\/fr\\\/#organization\"},\"potentialAction\":[{\"@type\":\"SearchAction\",\"target\":{\"@type\":\"EntryPoint\",\"urlTemplate\":\"https:\\\/\\\/www.webdo.tn\\\/fr\\\/?s={search_term_string}\"},\"query-input\":{\"@type\":\"PropertyValueSpecification\",\"valueRequired\":true,\"valueName\":\"search_term_string\"}}],\"inLanguage\":\"fr-FR\"},{\"@type\":\"Organization\",\"@id\":\"https:\\\/\\\/www.webdo.tn\\\/fr\\\/#organization\",\"name\":\"Webdo\",\"alternateName\":\"Webdo.tn\",\"url\":\"https:\\\/\\\/www.webdo.tn\\\/fr\\\/\",\"logo\":{\"@type\":\"ImageObject\",\"inLanguage\":\"fr-FR\",\"@id\":\"https:\\\/\\\/www.webdo.tn\\\/fr\\\/#\\\/schema\\\/logo\\\/image\\\/\",\"url\":\"https:\\\/\\\/www.webdo.tn\\\/fr\\\/wp-content\\\/uploads\\\/2025\\\/06\\\/Webdo-Tunisie_168377.jpg\",\"contentUrl\":\"https:\\\/\\\/www.webdo.tn\\\/fr\\\/wp-content\\\/uploads\\\/2025\\\/06\\\/Webdo-Tunisie_168377.jpg\",\"width\":301,\"height\":301,\"caption\":\"Webdo\"},\"image\":{\"@id\":\"https:\\\/\\\/www.webdo.tn\\\/fr\\\/#\\\/schema\\\/logo\\\/image\\\/\"},\"sameAs\":[\"https:\\\/\\\/www.facebook.com\\\/webdotn\",\"https:\\\/\\\/x.com\\\/webdo_tn\"],\"description\":\"Webdo est un m\u00e9dia num\u00e9rique tunisien fond\u00e9 en 2010, sp\u00e9cialis\u00e9 dans l\u2019actualit\u00e9 nationale et internationale, l\u2019\u00e9conomie, la soci\u00e9t\u00e9 et les analyses politiques. Le site s\u2019adresse \u00e0 un large public francophone et couvre l\u2019information tunisienne en temps r\u00e9el.\",\"email\":\"redac@webdo.tn\",\"legalName\":\"YNJ SARL\",\"foundingDate\":\"2010-09-06\",\"numberOfEmployees\":{\"@type\":\"QuantitativeValue\",\"minValue\":\"11\",\"maxValue\":\"50\"}},{\"@type\":\"Person\",\"@id\":\"https:\\\/\\\/www.webdo.tn\\\/fr\\\/#\\\/schema\\\/person\\\/2c4929cbf5a809e3bd38617c6ce150f6\",\"name\":\"MC\",\"image\":{\"@type\":\"ImageObject\",\"inLanguage\":\"fr-FR\",\"@id\":\"https:\\\/\\\/secure.gravatar.com\\\/avatar\\\/a545bbb6f84efdd5553dbbc2895e3ca8f1d12c5215e00a041c9670b54aa9b18a?s=96&d=mm&r=g\",\"url\":\"https:\\\/\\\/secure.gravatar.com\\\/avatar\\\/a545bbb6f84efdd5553dbbc2895e3ca8f1d12c5215e00a041c9670b54aa9b18a?s=96&d=mm&r=g\",\"contentUrl\":\"https:\\\/\\\/secure.gravatar.com\\\/avatar\\\/a545bbb6f84efdd5553dbbc2895e3ca8f1d12c5215e00a041c9670b54aa9b18a?s=96&d=mm&r=g\",\"caption\":\"MC\"},\"url\":\"https:\\\/\\\/www.webdo.tn\\\/fr\\\/actualite\\\/author\\\/mc\\\/\"}]}<\/script>\n<!-- \/ Yoast SEO Premium plugin. -->","yoast_head_json":{"title":"Coup d\u2019\u00e9clat de l'OC Kerkennah : L'Esp\u00e9rance \u00e9limin\u00e9e de la Coupe de Tunisie","description":"L\u2019OC Kerkennah, club de Ligue 2 et l\u2019Esp\u00e9rance, leader de la Ligue 1 et finaliste de la Ligue des Champions africaine, s\u2019affrontaient, ce mercredi 8 mai 2024 au...","canonical":"https:\/\/www.webdo.tn\/fr\/actualite\/sport\/coup-d-eclat-de-l-oc-kerkennah-l-esperance-eliminee-de-la-coupe-de-tunisie\/214040\/","og_locale":"fr_FR","og_type":"article","og_title":"Coup d\u2019\u00e9clat de l'OC Kerkennah : L'Esp\u00e9rance \u00e9limin\u00e9e de la Coupe de Tunisie","og_description":"L\u2019OC Kerkennah, club de Ligue 2 et l\u2019Esp\u00e9rance, leader de la Ligue 1 et finaliste de la Ligue des Champions africaine, s\u2019affrontaient, ce mercredi 8 mai 2024 au...","og_url":"https:\/\/www.webdo.tn\/fr\/actualite\/sport\/coup-d-eclat-de-l-oc-kerkennah-l-esperance-eliminee-de-la-coupe-de-tunisie\/214040\/","og_site_name":"webdo","article_publisher":"https:\/\/www.facebook.com\/webdotn","article_published_time":"2024-05-08T21:11:00+00:00","article_modified_time":"2025-05-20T22:13:12+00:00","og_image":[{"width":750,"height":400,"url":"https:\/\/www.webdo.tn\/fr\/wp-content\/uploads\/2024\/05\/ac2704f1b9c744026b0fe2b2613ae102.webp","type":"image\/webp"}],"author":"MC","twitter_card":"summary_large_image","twitter_creator":"@webdo_tn","twitter_site":"@webdo_tn","twitter_misc":{"\u00c9crit par":"MC","Dur\u00e9e de lecture estim\u00e9e":"1 minute"},"schema":{"@context":"https:\/\/schema.org","@graph":[{"@type":"NewsArticle","@id":"https:\/\/www.webdo.tn\/fr\/actualite\/sport\/coup-d-eclat-de-l-oc-kerkennah-l-esperance-eliminee-de-la-coupe-de-tunisie\/214040\/#article","isPartOf":{"@id":"https:\/\/www.webdo.tn\/fr\/actualite\/sport\/coup-d-eclat-de-l-oc-kerkennah-l-esperance-eliminee-de-la-coupe-de-tunisie\/214040\/"},"author":{"name":"MC","@id":"https:\/\/www.webdo.tn\/fr\/#\/schema\/person\/2c4929cbf5a809e3bd38617c6ce150f6"},"headline":"Coup d\u2019\u00e9clat de l&rsquo;OC Kerkennah : L&rsquo;Esp\u00e9rance \u00e9limin\u00e9e de la Coupe de Tunisie","datePublished":"2024-05-08T21:11:00+00:00","dateModified":"2025-05-20T22:13:12+00:00","mainEntityOfPage":{"@id":"https:\/\/www.webdo.tn\/fr\/actualite\/sport\/coup-d-eclat-de-l-oc-kerkennah-l-esperance-eliminee-de-la-coupe-de-tunisie\/214040\/"},"wordCount":267,"commentCount":0,"publisher":{"@id":"https:\/\/www.webdo.tn\/fr\/#organization"},"image":{"@id":"https:\/\/www.webdo.tn\/fr\/actualite\/sport\/coup-d-eclat-de-l-oc-kerkennah-l-esperance-eliminee-de-la-coupe-de-tunisie\/214040\/#primaryimage"},"thumbnailUrl":"https:\/\/www.webdo.tn\/fr\/wp-content\/uploads\/2024\/05\/ac2704f1b9c744026b0fe2b2613ae102.webp","keywords":["'OC Kerkennah']","coupe de tunisie","\u00e9limination","esp\u00e9rance st","football"],"articleSection":["Sport"],"inLanguage":"fr-FR"},{"@type":"WebPage","@id":"https:\/\/www.webdo.tn\/fr\/actualite\/sport\/coup-d-eclat-de-l-oc-kerkennah-l-esperance-eliminee-de-la-coupe-de-tunisie\/214040\/","url":"https:\/\/www.webdo.tn\/fr\/actualite\/sport\/coup-d-eclat-de-l-oc-kerkennah-l-esperance-eliminee-de-la-coupe-de-tunisie\/214040\/","name":"Coup d\u2019\u00e9clat de l'OC Kerkennah : L'Esp\u00e9rance \u00e9limin\u00e9e de la Coupe de Tunisie","isPartOf":{"@id":"https:\/\/www.webdo.tn\/fr\/#website"},"primaryImageOfPage":{"@id":"https:\/\/www.webdo.tn\/fr\/actualite\/sport\/coup-d-eclat-de-l-oc-kerkennah-l-esperance-eliminee-de-la-coupe-de-tunisie\/214040\/#primaryimage"},"image":{"@id":"https:\/\/www.webdo.tn\/fr\/actualite\/sport\/coup-d-eclat-de-l-oc-kerkennah-l-esperance-eliminee-de-la-coupe-de-tunisie\/214040\/#primaryimage"},"thumbnailUrl":"https:\/\/www.webdo.tn\/fr\/wp-content\/uploads\/2024\/05\/ac2704f1b9c744026b0fe2b2613ae102.webp","datePublished":"2024-05-08T21:11:00+00:00","dateModified":"2025-05-20T22:13:12+00:00","description":"L\u2019OC Kerkennah, club de Ligue 2 et l\u2019Esp\u00e9rance, leader de la Ligue 1 et finaliste de la Ligue des Champions africaine, s\u2019affrontaient, ce mercredi 8 mai 2024 au...","breadcrumb":{"@id":"https:\/\/www.webdo.tn\/fr\/actualite\/sport\/coup-d-eclat-de-l-oc-kerkennah-l-esperance-eliminee-de-la-coupe-de-tunisie\/214040\/#breadcrumb"},"inLanguage":"fr-FR","potentialAction":[{"@type":"ReadAction","target":["https:\/\/www.webdo.tn\/fr\/actualite\/sport\/coup-d-eclat-de-l-oc-kerkennah-l-esperance-eliminee-de-la-coupe-de-tunisie\/214040\/"]}]},{"@type":"ImageObject","inLanguage":"fr-FR","@id":"https:\/\/www.webdo.tn\/fr\/actualite\/sport\/coup-d-eclat-de-l-oc-kerkennah-l-esperance-eliminee-de-la-coupe-de-tunisie\/214040\/#primaryimage","url":"https:\/\/www.webdo.tn\/fr\/wp-content\/uploads\/2024\/05\/ac2704f1b9c744026b0fe2b2613ae102.webp","contentUrl":"https:\/\/www.webdo.tn\/fr\/wp-content\/uploads\/2024\/05\/ac2704f1b9c744026b0fe2b2613ae102.webp","width":750,"height":400,"caption":"Coup d\u2019\u00e9clat de l'OC Kerkennah : L'Esp\u00e9rance \u00e9limin\u00e9e de la Coupe de Tunisie"},{"@type":"BreadcrumbList","@id":"https:\/\/www.webdo.tn\/fr\/actualite\/sport\/coup-d-eclat-de-l-oc-kerkennah-l-esperance-eliminee-de-la-coupe-de-tunisie\/214040\/#breadcrumb","itemListElement":[{"@type":"ListItem","position":1,"name":"Accueil","item":"https:\/\/www.webdo.tn\/fr\/"},{"@type":"ListItem","position":2,"name":"Coup d\u2019\u00e9clat de l&rsquo;OC Kerkennah : L&rsquo;Esp\u00e9rance \u00e9limin\u00e9e de la Coupe de Tunisie"}]},{"@type":"WebSite","@id":"https:\/\/www.webdo.tn\/fr\/#website","url":"https:\/\/www.webdo.tn\/fr\/","name":"webdo","description":"Tunisie - News en Tunisie et \u00e0 l&#039;international sur Webdo.tn","publisher":{"@id":"https:\/\/www.webdo.tn\/fr\/#organization"},"potentialAction":[{"@type":"SearchAction","target":{"@type":"EntryPoint","urlTemplate":"https:\/\/www.webdo.tn\/fr\/?s={search_term_string}"},"query-input":{"@type":"PropertyValueSpecification","valueRequired":true,"valueName":"search_term_string"}}],"inLanguage":"fr-FR"},{"@type":"Organization","@id":"https:\/\/www.webdo.tn\/fr\/#organization","name":"Webdo","alternateName":"Webdo.tn","url":"https:\/\/www.webdo.tn\/fr\/","logo":{"@type":"ImageObject","inLanguage":"fr-FR","@id":"https:\/\/www.webdo.tn\/fr\/#\/schema\/logo\/image\/","url":"https:\/\/www.webdo.tn\/fr\/wp-content\/uploads\/2025\/06\/Webdo-Tunisie_168377.jpg","contentUrl":"https:\/\/www.webdo.tn\/fr\/wp-content\/uploads\/2025\/06\/Webdo-Tunisie_168377.jpg","width":301,"height":301,"caption":"Webdo"},"image":{"@id":"https:\/\/www.webdo.tn\/fr\/#\/schema\/logo\/image\/"},"sameAs":["https:\/\/www.facebook.com\/webdotn","https:\/\/x.com\/webdo_tn"],"description":"Webdo est un m\u00e9dia num\u00e9rique tunisien fond\u00e9 en 2010, sp\u00e9cialis\u00e9 dans l\u2019actualit\u00e9 nationale et internationale, l\u2019\u00e9conomie, la soci\u00e9t\u00e9 et les analyses politiques. Le site s\u2019adresse \u00e0 un large public francophone et couvre l\u2019information tunisienne en temps r\u00e9el.","email":"redac@webdo.tn","legalName":"YNJ SARL","foundingDate":"2010-09-06","numberOfEmployees":{"@type":"QuantitativeValue","minValue":"11","maxValue":"50"}},{"@type":"Person","@id":"https:\/\/www.webdo.tn\/fr\/#\/schema\/person\/2c4929cbf5a809e3bd38617c6ce150f6","name":"MC","image":{"@type":"ImageObject","inLanguage":"fr-FR","@id":"https:\/\/secure.gravatar.com\/avatar\/a545bbb6f84efdd5553dbbc2895e3ca8f1d12c5215e00a041c9670b54aa9b18a?s=96&d=mm&r=g","url":"https:\/\/secure.gravatar.com\/avatar\/a545bbb6f84efdd5553dbbc2895e3ca8f1d12c5215e00a041c9670b54aa9b18a?s=96&d=mm&r=g","contentUrl":"https:\/\/secure.gravatar.com\/avatar\/a545bbb6f84efdd5553dbbc2895e3ca8f1d12c5215e00a041c9670b54aa9b18a?s=96&d=mm&r=g","caption":"MC"},"url":"https:\/\/www.webdo.tn\/fr\/actualite\/author\/mc\/"}]}},"_links":{"self":[{"href":"https:\/\/www.webdo.tn\/fr\/wp-json\/wp\/v2\/posts\/214040","targetHints":{"allow":["GET"]}}],"collection":[{"href":"https:\/\/www.webdo.tn\/fr\/wp-json\/wp\/v2\/posts"}],"about":[{"href":"https:\/\/www.webdo.tn\/fr\/wp-json\/wp\/v2\/types\/post"}],"author":[{"embeddable":true,"href":"https:\/\/www.webdo.tn\/fr\/wp-json\/wp\/v2\/users\/3162"}],"replies":[{"embeddable":true,"href":"https:\/\/www.webdo.tn\/fr\/wp-json\/wp\/v2\/comments?post=214040"}],"version-history":[{"count":0,"href":"https:\/\/www.webdo.tn\/fr\/wp-json\/wp\/v2\/posts\/214040\/revisions"}],"wp:featuredmedia":[{"embeddable":true,"href":"https:\/\/www.webdo.tn\/fr\/wp-json\/wp\/v2\/media\/290566"}],"wp:attachment":[{"href":"https:\/\/www.webdo.tn\/fr\/wp-json\/wp\/v2\/media?parent=214040"}],"wp:term":[{"taxonomy":"category","embeddable":true,"href":"https:\/\/www.webdo.tn\/fr\/wp-json\/wp\/v2\/categories?post=214040"},{"taxonomy":"post_tag","embeddable":true,"href":"https:\/\/www.webdo.tn\/fr\/wp-json\/wp\/v2\/tags?post=214040"}],"curies":[{"name":"wp","href":"https:\/\/api.w.org\/{rel}","templated":true}]}}