{"id":214037,"date":"2024-05-08T16:25:00","date_gmt":"2024-05-08T16:25:00","guid":{"rendered":"https:\/\/www.webdo.tn\/fr\/blog\/neila-driss-premiere-critique-tunisienne-selectionnee-comme-alternate-voter-pour-les-golden-globes-awards\/214037\/"},"modified":"2025-05-20T22:31:57","modified_gmt":"2025-05-20T22:31:57","slug":"neila-driss-premiere-critique-tunisienne-selectionnee-comme-alternate-voter-pour-les-golden-globes-awards","status":"publish","type":"post","link":"https:\/\/www.webdo.tn\/fr\/actualite\/culture\/neila-driss-premiere-critique-tunisienne-selectionnee-comme-alternate-voter-pour-les-golden-globes-awards\/214037\/","title":{"rendered":"Ne\u00efla Driss, premi\u00e8re critique tunisienne s\u00e9lectionn\u00e9e comme \u00ab\u00a0alternate voter\u00a0\u00bb pour les Golden Globes Awards"},"content":{"rendered":"<p>Ne\u00efla Driss, premi\u00e8re critique tunisienne s\u00e9lectionn\u00e9e comme \u00ab\u00a0alternate voter\u00a0\u00bb pour les Golden Globes Awards<\/p>\n<p>\t\t\t\t\t\t\t\t\tLa r\u00e9daction de Webdo.tn est heureuse d&rsquo;annoncer que notre coll\u00e8gue Ne\u00efla Driss, juriste de formation et critique de cin\u00e9ma renomm\u00e9e, a \u00e9t\u00e9 s\u00e9lectionn\u00e9e comme \u00ab\u00a0alternate voter\u00a0\u00bb pour les prestigieux Golden Globes Awards de l&rsquo;ann\u00e9e 2024\/2025. Cette nomination est une reconnaissance bien m\u00e9rit\u00e9e pour son travail acharn\u00e9 et sa passion pour le cin\u00e9ma, et constitue une fiert\u00e9 pour la Tunisie et son engagement dans le domaine cin\u00e9matographique. <\/p>\n<p>Ne\u00efla Driss s&rsquo;est distingu\u00e9e dans le monde de la critique cin\u00e9matographique, remportant des prix pour son blog d\u00e8s 2006 et contribuant \u00e0 des publications prestigieuses en Tunisie et en \u00c9gypte. Elle a \u00e9galement coanim\u00e9 des \u00e9missions de radio d\u00e9di\u00e9es au cin\u00e9ma, partageant ainsi sa passion et ses connaissances avec un public plus large. <\/p>\n<p>Depuis 2013, Ne\u00efla Driss couvre fid\u00e8lement le Festival de Cannes et les Journ\u00e9es Cin\u00e9matographiques de Carthage, et est une habitu\u00e9e du Festival International du Film du Caire depuis 2016. Elle a \u00e9galement particip\u00e9 \u00e0 d&rsquo;autres festivals de renom tels que le Festival du Film d\u2019El Gouna, Cin\u00e9alma, le Festival du Film Africain de Louxor, Manarat, le Festival International du Film de la Femme d\u2019Assouan et le Festival du Film Arabe de Malm\u00f6. <\/p>\n<p>En 2017, elle a \u00e9t\u00e9 membre du jury de la 12\u00e8me \u00e9dition du Festival CineAlma \u00e0 Carros, en France. En 2021, elle a fait partie des 70 critiques de cin\u00e9ma \u00e0 contribuer \u00e0 l&rsquo;\u00e9tablissement de la liste des 100 meilleurs films de femmes arabes de tous les temps, et a \u00e9t\u00e9 membre de la commission ind\u00e9pendante de s\u00e9lection des films tunisiens de fiction pour la comp\u00e9tition officielle des Journ\u00e9es Cin\u00e9matographiques de Carthage. En f\u00e9vrier 2022, elle a pr\u00e9sid\u00e9 le jury critique de la comp\u00e9tition longs-m\u00e9trages de la 26\u00e8me \u00e9dition du Festival International du Cin\u00e9ma d&rsquo;Auteur de Rabat, et en novembre 2022, elle est devenue membre active de l\u2019Association Tunisienne pour la Promotion de la Critique Cin\u00e9matographique (ATPCC). En ao\u00fbt 2023, elle est devenue membre de la FIPRESCI \u00e0 titre personnel. <\/p>\n<p>En avril 2021, Ne\u00efla Driss a fond\u00e9 \u00ab\u00a0Pink Popcorn\u00a0\u00bb, un groupe Facebook visant \u00e0 r\u00e9unir les femmes autour de leur passion pour le cin\u00e9ma. Cet espace dynamique encourage les \u00e9changes sur les films et les s\u00e9ries, tout en promouvant les sorties cin\u00e9ma. L&rsquo;objectif est de cr\u00e9er une communaut\u00e9 de cin\u00e9philes f\u00e9minines, enrichie par des discussions r\u00e9guli\u00e8res avec des professionnels du cin\u00e9ma via Zoom, dans une atmosph\u00e8re conviviale et inclusive.<\/p>\n<p>La nomination de Ne\u00efla Driss en tant qu'\u00a0\u00bbalternate voter\u00a0\u00bb aux Golden Globes Awards est une \u00e9tape importante dans sa carri\u00e8re. En tant que premi\u00e8re critique tunisienne s\u00e9lectionn\u00e9e pour ce r\u00f4le prestigieux, elle incarne l&rsquo;expertise et le d\u00e9vouement du pays dans le domaine cin\u00e9matographique. Nous sommes fiers de son engagement et sommes convaincus qu&rsquo;elle saura repr\u00e9senter dignement la Tunisie et la diversit\u00e9 du paysage cin\u00e9matographique mondial lors du processus d&rsquo;\u00e9lection des Golden Globes Awards. Il convient de noter que jusqu&rsquo;\u00e0 pr\u00e9sent, seul un \u00e9lecteur tunisien aux Golden Globes a \u00e9t\u00e9 recens\u00e9 : Ramzi Mallouki, install\u00e9 aux \u00c9tats-Unis. La s\u00e9lection de Ne\u00efla Driss constitue donc une premi\u00e8re pour une Tunisienne bas\u00e9e en Tunisie.<\/p>\n","protected":false},"excerpt":{"rendered":"<p>Ne\u00efla Driss, premi\u00e8re critique tunisienne s\u00e9lectionn\u00e9e comme  alternate voter  pour les Golden Globes Awards<\/p>\n","protected":false},"author":3169,"featured_media":247428,"comment_status":"open","ping_status":"closed","sticky":false,"template":"","format":"standard","meta":{"footnotes":""},"categories":[2594],"tags":[2626,6305,5828,6552],"class_list":["post-214037","post","type-post","status-publish","format-standard","has-post-thumbnail","hentry","category-culture","tag-cinema","tag-critique-de-cinema","tag-golden-globes-awards","tag-neila-driss"],"yoast_head":"<!-- This site is optimized with the Yoast SEO Premium plugin v27.5 (Yoast SEO v27.5) - https:\/\/yoast.com\/product\/yoast-seo-premium-wordpress\/ -->\n<title>Ne\u00efla Driss, premi\u00e8re critique tunisienne s\u00e9lectionn\u00e9e comme alternate voter pour les Golden Globes Awards<\/title>\n<meta name=\"description\" content=\"Ne\u00efla Driss, premi\u00e8re critique tunisienne s\u00e9lectionn\u00e9e comme alternate voter pour les Golden Globes Awards\" \/>\n<link rel=\"canonical\" href=\"https:\/\/www.webdo.tn\/fr\/actualite\/culture\/neila-driss-premiere-critique-tunisienne-selectionnee-comme-alternate-voter-pour-les-golden-globes-awards\/214037\/\" \/>\n<meta property=\"og:locale\" content=\"fr_FR\" \/>\n<meta property=\"og:type\" content=\"article\" \/>\n<meta property=\"og:title\" content=\"Ne\u00efla Driss, premi\u00e8re critique tunisienne s\u00e9lectionn\u00e9e comme &quot;alternate voter&quot; pour les Golden Globes Awards\" \/>\n<meta property=\"og:description\" content=\"Ne\u00efla Driss, premi\u00e8re critique tunisienne s\u00e9lectionn\u00e9e comme alternate voter pour les Golden Globes Awards\" \/>\n<meta property=\"og:url\" content=\"https:\/\/www.webdo.tn\/fr\/actualite\/culture\/neila-driss-premiere-critique-tunisienne-selectionnee-comme-alternate-voter-pour-les-golden-globes-awards\/214037\/\" \/>\n<meta property=\"og:site_name\" content=\"webdo\" \/>\n<meta property=\"article:publisher\" content=\"https:\/\/www.facebook.com\/webdotn\" \/>\n<meta property=\"article:published_time\" content=\"2024-05-08T16:25:00+00:00\" \/>\n<meta property=\"article:modified_time\" content=\"2025-05-20T22:31:57+00:00\" \/>\n<meta property=\"og:image\" content=\"https:\/\/www.webdo.tn\/fr\/wp-content\/uploads\/2024\/05\/Neila-Golden-Globes.jpg\" \/>\n\t<meta property=\"og:image:width\" content=\"1481\" \/>\n\t<meta property=\"og:image:height\" content=\"686\" \/>\n\t<meta property=\"og:image:type\" content=\"image\/jpeg\" \/>\n<meta name=\"author\" content=\"Webdo\" \/>\n<meta name=\"twitter:card\" content=\"summary_large_image\" \/>\n<meta name=\"twitter:creator\" content=\"@webdo_tn\" \/>\n<meta name=\"twitter:site\" content=\"@webdo_tn\" \/>\n<meta name=\"twitter:label1\" content=\"\u00c9crit par\" \/>\n\t<meta name=\"twitter:data1\" content=\"Webdo\" \/>\n\t<meta name=\"twitter:label2\" content=\"Dur\u00e9e de lecture estim\u00e9e\" \/>\n\t<meta name=\"twitter:data2\" content=\"3 minutes\" \/>\n<script type=\"application\/ld+json\" class=\"yoast-schema-graph\">{\"@context\":\"https:\\\/\\\/schema.org\",\"@graph\":[{\"@type\":\"NewsArticle\",\"@id\":\"https:\\\/\\\/www.webdo.tn\\\/fr\\\/actualite\\\/culture\\\/neila-driss-premiere-critique-tunisienne-selectionnee-comme-alternate-voter-pour-les-golden-globes-awards\\\/214037\\\/#article\",\"isPartOf\":{\"@id\":\"https:\\\/\\\/www.webdo.tn\\\/fr\\\/actualite\\\/culture\\\/neila-driss-premiere-critique-tunisienne-selectionnee-comme-alternate-voter-pour-les-golden-globes-awards\\\/214037\\\/\"},\"author\":{\"name\":\"Webdo\",\"@id\":\"https:\\\/\\\/www.webdo.tn\\\/fr\\\/#\\\/schema\\\/person\\\/1f4e491e0907b413d61089e8eb573acc\"},\"headline\":\"Ne\u00efla Driss, premi\u00e8re critique tunisienne s\u00e9lectionn\u00e9e comme \u00ab\u00a0alternate voter\u00a0\u00bb pour les Golden Globes Awards\",\"datePublished\":\"2024-05-08T16:25:00+00:00\",\"dateModified\":\"2025-05-20T22:31:57+00:00\",\"mainEntityOfPage\":{\"@id\":\"https:\\\/\\\/www.webdo.tn\\\/fr\\\/actualite\\\/culture\\\/neila-driss-premiere-critique-tunisienne-selectionnee-comme-alternate-voter-pour-les-golden-globes-awards\\\/214037\\\/\"},\"wordCount\":597,\"commentCount\":0,\"publisher\":{\"@id\":\"https:\\\/\\\/www.webdo.tn\\\/fr\\\/#organization\"},\"image\":{\"@id\":\"https:\\\/\\\/www.webdo.tn\\\/fr\\\/actualite\\\/culture\\\/neila-driss-premiere-critique-tunisienne-selectionnee-comme-alternate-voter-pour-les-golden-globes-awards\\\/214037\\\/#primaryimage\"},\"thumbnailUrl\":\"https:\\\/\\\/www.webdo.tn\\\/fr\\\/wp-content\\\/uploads\\\/2024\\\/05\\\/Neila-Golden-Globes.jpg\",\"keywords\":[\"Cin\u00e9ma\",\"Critique de Cin\u00e9ma\",\"Golden Globes Awards\",\"Ne\u00efla Driss\"],\"articleSection\":[\"Culture\"],\"inLanguage\":\"fr-FR\"},{\"@type\":\"WebPage\",\"@id\":\"https:\\\/\\\/www.webdo.tn\\\/fr\\\/actualite\\\/culture\\\/neila-driss-premiere-critique-tunisienne-selectionnee-comme-alternate-voter-pour-les-golden-globes-awards\\\/214037\\\/\",\"url\":\"https:\\\/\\\/www.webdo.tn\\\/fr\\\/actualite\\\/culture\\\/neila-driss-premiere-critique-tunisienne-selectionnee-comme-alternate-voter-pour-les-golden-globes-awards\\\/214037\\\/\",\"name\":\"Ne\u00efla Driss, premi\u00e8re critique tunisienne s\u00e9lectionn\u00e9e comme alternate voter pour les Golden Globes Awards\",\"isPartOf\":{\"@id\":\"https:\\\/\\\/www.webdo.tn\\\/fr\\\/#website\"},\"primaryImageOfPage\":{\"@id\":\"https:\\\/\\\/www.webdo.tn\\\/fr\\\/actualite\\\/culture\\\/neila-driss-premiere-critique-tunisienne-selectionnee-comme-alternate-voter-pour-les-golden-globes-awards\\\/214037\\\/#primaryimage\"},\"image\":{\"@id\":\"https:\\\/\\\/www.webdo.tn\\\/fr\\\/actualite\\\/culture\\\/neila-driss-premiere-critique-tunisienne-selectionnee-comme-alternate-voter-pour-les-golden-globes-awards\\\/214037\\\/#primaryimage\"},\"thumbnailUrl\":\"https:\\\/\\\/www.webdo.tn\\\/fr\\\/wp-content\\\/uploads\\\/2024\\\/05\\\/Neila-Golden-Globes.jpg\",\"datePublished\":\"2024-05-08T16:25:00+00:00\",\"dateModified\":\"2025-05-20T22:31:57+00:00\",\"description\":\"Ne\u00efla Driss, premi\u00e8re critique tunisienne s\u00e9lectionn\u00e9e comme alternate voter pour les Golden Globes Awards\",\"breadcrumb\":{\"@id\":\"https:\\\/\\\/www.webdo.tn\\\/fr\\\/actualite\\\/culture\\\/neila-driss-premiere-critique-tunisienne-selectionnee-comme-alternate-voter-pour-les-golden-globes-awards\\\/214037\\\/#breadcrumb\"},\"inLanguage\":\"fr-FR\",\"potentialAction\":[{\"@type\":\"ReadAction\",\"target\":[\"https:\\\/\\\/www.webdo.tn\\\/fr\\\/actualite\\\/culture\\\/neila-driss-premiere-critique-tunisienne-selectionnee-comme-alternate-voter-pour-les-golden-globes-awards\\\/214037\\\/\"]}]},{\"@type\":\"ImageObject\",\"inLanguage\":\"fr-FR\",\"@id\":\"https:\\\/\\\/www.webdo.tn\\\/fr\\\/actualite\\\/culture\\\/neila-driss-premiere-critique-tunisienne-selectionnee-comme-alternate-voter-pour-les-golden-globes-awards\\\/214037\\\/#primaryimage\",\"url\":\"https:\\\/\\\/www.webdo.tn\\\/fr\\\/wp-content\\\/uploads\\\/2024\\\/05\\\/Neila-Golden-Globes.jpg\",\"contentUrl\":\"https:\\\/\\\/www.webdo.tn\\\/fr\\\/wp-content\\\/uploads\\\/2024\\\/05\\\/Neila-Golden-Globes.jpg\",\"width\":1481,\"height\":686,\"caption\":\"Ne\u00efla Driss, premi\u00e8re critique tunisienne s\u00e9lectionn\u00e9e comme \\\"alternate voter\\\" pour les Golden Globes Awards\"},{\"@type\":\"BreadcrumbList\",\"@id\":\"https:\\\/\\\/www.webdo.tn\\\/fr\\\/actualite\\\/culture\\\/neila-driss-premiere-critique-tunisienne-selectionnee-comme-alternate-voter-pour-les-golden-globes-awards\\\/214037\\\/#breadcrumb\",\"itemListElement\":[{\"@type\":\"ListItem\",\"position\":1,\"name\":\"Accueil\",\"item\":\"https:\\\/\\\/www.webdo.tn\\\/fr\\\/\"},{\"@type\":\"ListItem\",\"position\":2,\"name\":\"Ne\u00efla Driss, premi\u00e8re critique tunisienne s\u00e9lectionn\u00e9e comme \u00ab\u00a0alternate voter\u00a0\u00bb pour les Golden Globes Awards\"}]},{\"@type\":\"WebSite\",\"@id\":\"https:\\\/\\\/www.webdo.tn\\\/fr\\\/#website\",\"url\":\"https:\\\/\\\/www.webdo.tn\\\/fr\\\/\",\"name\":\"webdo\",\"description\":\"Tunisie - News en Tunisie et \u00e0 l&#039;international sur Webdo.tn\",\"publisher\":{\"@id\":\"https:\\\/\\\/www.webdo.tn\\\/fr\\\/#organization\"},\"potentialAction\":[{\"@type\":\"SearchAction\",\"target\":{\"@type\":\"EntryPoint\",\"urlTemplate\":\"https:\\\/\\\/www.webdo.tn\\\/fr\\\/?s={search_term_string}\"},\"query-input\":{\"@type\":\"PropertyValueSpecification\",\"valueRequired\":true,\"valueName\":\"search_term_string\"}}],\"inLanguage\":\"fr-FR\"},{\"@type\":\"Organization\",\"@id\":\"https:\\\/\\\/www.webdo.tn\\\/fr\\\/#organization\",\"name\":\"Webdo\",\"alternateName\":\"Webdo.tn\",\"url\":\"https:\\\/\\\/www.webdo.tn\\\/fr\\\/\",\"logo\":{\"@type\":\"ImageObject\",\"inLanguage\":\"fr-FR\",\"@id\":\"https:\\\/\\\/www.webdo.tn\\\/fr\\\/#\\\/schema\\\/logo\\\/image\\\/\",\"url\":\"https:\\\/\\\/www.webdo.tn\\\/fr\\\/wp-content\\\/uploads\\\/2025\\\/06\\\/Webdo-Tunisie_168377.jpg\",\"contentUrl\":\"https:\\\/\\\/www.webdo.tn\\\/fr\\\/wp-content\\\/uploads\\\/2025\\\/06\\\/Webdo-Tunisie_168377.jpg\",\"width\":301,\"height\":301,\"caption\":\"Webdo\"},\"image\":{\"@id\":\"https:\\\/\\\/www.webdo.tn\\\/fr\\\/#\\\/schema\\\/logo\\\/image\\\/\"},\"sameAs\":[\"https:\\\/\\\/www.facebook.com\\\/webdotn\",\"https:\\\/\\\/x.com\\\/webdo_tn\"],\"description\":\"Webdo est un m\u00e9dia num\u00e9rique tunisien fond\u00e9 en 2010, sp\u00e9cialis\u00e9 dans l\u2019actualit\u00e9 nationale et internationale, l\u2019\u00e9conomie, la soci\u00e9t\u00e9 et les analyses politiques. Le site s\u2019adresse \u00e0 un large public francophone et couvre l\u2019information tunisienne en temps r\u00e9el.\",\"email\":\"redac@webdo.tn\",\"legalName\":\"YNJ SARL\",\"foundingDate\":\"2010-09-06\",\"numberOfEmployees\":{\"@type\":\"QuantitativeValue\",\"minValue\":\"11\",\"maxValue\":\"50\"}},{\"@type\":\"Person\",\"@id\":\"https:\\\/\\\/www.webdo.tn\\\/fr\\\/#\\\/schema\\\/person\\\/1f4e491e0907b413d61089e8eb573acc\",\"name\":\"Webdo\",\"image\":{\"@type\":\"ImageObject\",\"inLanguage\":\"fr-FR\",\"@id\":\"https:\\\/\\\/secure.gravatar.com\\\/avatar\\\/de97aeec1bb80978a9dbb127e47dfc88aaacb2f3c29aac907d8d3222e3495d49?s=96&d=mm&r=g\",\"url\":\"https:\\\/\\\/secure.gravatar.com\\\/avatar\\\/de97aeec1bb80978a9dbb127e47dfc88aaacb2f3c29aac907d8d3222e3495d49?s=96&d=mm&r=g\",\"contentUrl\":\"https:\\\/\\\/secure.gravatar.com\\\/avatar\\\/de97aeec1bb80978a9dbb127e47dfc88aaacb2f3c29aac907d8d3222e3495d49?s=96&d=mm&r=g\",\"caption\":\"Webdo\"},\"url\":\"https:\\\/\\\/www.webdo.tn\\\/fr\\\/actualite\\\/author\\\/webdo\\\/\"}]}<\/script>\n<!-- \/ Yoast SEO Premium plugin. -->","yoast_head_json":{"title":"Ne\u00efla Driss, premi\u00e8re critique tunisienne s\u00e9lectionn\u00e9e comme alternate voter pour les Golden Globes Awards","description":"Ne\u00efla Driss, premi\u00e8re critique tunisienne s\u00e9lectionn\u00e9e comme alternate voter pour les Golden Globes Awards","canonical":"https:\/\/www.webdo.tn\/fr\/actualite\/culture\/neila-driss-premiere-critique-tunisienne-selectionnee-comme-alternate-voter-pour-les-golden-globes-awards\/214037\/","og_locale":"fr_FR","og_type":"article","og_title":"Ne\u00efla Driss, premi\u00e8re critique tunisienne s\u00e9lectionn\u00e9e comme \"alternate voter\" pour les Golden Globes Awards","og_description":"Ne\u00efla Driss, premi\u00e8re critique tunisienne s\u00e9lectionn\u00e9e comme alternate voter pour les Golden Globes Awards","og_url":"https:\/\/www.webdo.tn\/fr\/actualite\/culture\/neila-driss-premiere-critique-tunisienne-selectionnee-comme-alternate-voter-pour-les-golden-globes-awards\/214037\/","og_site_name":"webdo","article_publisher":"https:\/\/www.facebook.com\/webdotn","article_published_time":"2024-05-08T16:25:00+00:00","article_modified_time":"2025-05-20T22:31:57+00:00","og_image":[{"width":1481,"height":686,"url":"https:\/\/www.webdo.tn\/fr\/wp-content\/uploads\/2024\/05\/Neila-Golden-Globes.jpg","type":"image\/jpeg"}],"author":"Webdo","twitter_card":"summary_large_image","twitter_creator":"@webdo_tn","twitter_site":"@webdo_tn","twitter_misc":{"\u00c9crit par":"Webdo","Dur\u00e9e de lecture estim\u00e9e":"3 minutes"},"schema":{"@context":"https:\/\/schema.org","@graph":[{"@type":"NewsArticle","@id":"https:\/\/www.webdo.tn\/fr\/actualite\/culture\/neila-driss-premiere-critique-tunisienne-selectionnee-comme-alternate-voter-pour-les-golden-globes-awards\/214037\/#article","isPartOf":{"@id":"https:\/\/www.webdo.tn\/fr\/actualite\/culture\/neila-driss-premiere-critique-tunisienne-selectionnee-comme-alternate-voter-pour-les-golden-globes-awards\/214037\/"},"author":{"name":"Webdo","@id":"https:\/\/www.webdo.tn\/fr\/#\/schema\/person\/1f4e491e0907b413d61089e8eb573acc"},"headline":"Ne\u00efla Driss, premi\u00e8re critique tunisienne s\u00e9lectionn\u00e9e comme \u00ab\u00a0alternate voter\u00a0\u00bb pour les Golden Globes Awards","datePublished":"2024-05-08T16:25:00+00:00","dateModified":"2025-05-20T22:31:57+00:00","mainEntityOfPage":{"@id":"https:\/\/www.webdo.tn\/fr\/actualite\/culture\/neila-driss-premiere-critique-tunisienne-selectionnee-comme-alternate-voter-pour-les-golden-globes-awards\/214037\/"},"wordCount":597,"commentCount":0,"publisher":{"@id":"https:\/\/www.webdo.tn\/fr\/#organization"},"image":{"@id":"https:\/\/www.webdo.tn\/fr\/actualite\/culture\/neila-driss-premiere-critique-tunisienne-selectionnee-comme-alternate-voter-pour-les-golden-globes-awards\/214037\/#primaryimage"},"thumbnailUrl":"https:\/\/www.webdo.tn\/fr\/wp-content\/uploads\/2024\/05\/Neila-Golden-Globes.jpg","keywords":["Cin\u00e9ma","Critique de Cin\u00e9ma","Golden Globes Awards","Ne\u00efla Driss"],"articleSection":["Culture"],"inLanguage":"fr-FR"},{"@type":"WebPage","@id":"https:\/\/www.webdo.tn\/fr\/actualite\/culture\/neila-driss-premiere-critique-tunisienne-selectionnee-comme-alternate-voter-pour-les-golden-globes-awards\/214037\/","url":"https:\/\/www.webdo.tn\/fr\/actualite\/culture\/neila-driss-premiere-critique-tunisienne-selectionnee-comme-alternate-voter-pour-les-golden-globes-awards\/214037\/","name":"Ne\u00efla Driss, premi\u00e8re critique tunisienne s\u00e9lectionn\u00e9e comme alternate voter pour les Golden Globes Awards","isPartOf":{"@id":"https:\/\/www.webdo.tn\/fr\/#website"},"primaryImageOfPage":{"@id":"https:\/\/www.webdo.tn\/fr\/actualite\/culture\/neila-driss-premiere-critique-tunisienne-selectionnee-comme-alternate-voter-pour-les-golden-globes-awards\/214037\/#primaryimage"},"image":{"@id":"https:\/\/www.webdo.tn\/fr\/actualite\/culture\/neila-driss-premiere-critique-tunisienne-selectionnee-comme-alternate-voter-pour-les-golden-globes-awards\/214037\/#primaryimage"},"thumbnailUrl":"https:\/\/www.webdo.tn\/fr\/wp-content\/uploads\/2024\/05\/Neila-Golden-Globes.jpg","datePublished":"2024-05-08T16:25:00+00:00","dateModified":"2025-05-20T22:31:57+00:00","description":"Ne\u00efla Driss, premi\u00e8re critique tunisienne s\u00e9lectionn\u00e9e comme alternate voter pour les Golden Globes Awards","breadcrumb":{"@id":"https:\/\/www.webdo.tn\/fr\/actualite\/culture\/neila-driss-premiere-critique-tunisienne-selectionnee-comme-alternate-voter-pour-les-golden-globes-awards\/214037\/#breadcrumb"},"inLanguage":"fr-FR","potentialAction":[{"@type":"ReadAction","target":["https:\/\/www.webdo.tn\/fr\/actualite\/culture\/neila-driss-premiere-critique-tunisienne-selectionnee-comme-alternate-voter-pour-les-golden-globes-awards\/214037\/"]}]},{"@type":"ImageObject","inLanguage":"fr-FR","@id":"https:\/\/www.webdo.tn\/fr\/actualite\/culture\/neila-driss-premiere-critique-tunisienne-selectionnee-comme-alternate-voter-pour-les-golden-globes-awards\/214037\/#primaryimage","url":"https:\/\/www.webdo.tn\/fr\/wp-content\/uploads\/2024\/05\/Neila-Golden-Globes.jpg","contentUrl":"https:\/\/www.webdo.tn\/fr\/wp-content\/uploads\/2024\/05\/Neila-Golden-Globes.jpg","width":1481,"height":686,"caption":"Ne\u00efla Driss, premi\u00e8re critique tunisienne s\u00e9lectionn\u00e9e comme \"alternate voter\" pour les Golden Globes Awards"},{"@type":"BreadcrumbList","@id":"https:\/\/www.webdo.tn\/fr\/actualite\/culture\/neila-driss-premiere-critique-tunisienne-selectionnee-comme-alternate-voter-pour-les-golden-globes-awards\/214037\/#breadcrumb","itemListElement":[{"@type":"ListItem","position":1,"name":"Accueil","item":"https:\/\/www.webdo.tn\/fr\/"},{"@type":"ListItem","position":2,"name":"Ne\u00efla Driss, premi\u00e8re critique tunisienne s\u00e9lectionn\u00e9e comme \u00ab\u00a0alternate voter\u00a0\u00bb pour les Golden Globes Awards"}]},{"@type":"WebSite","@id":"https:\/\/www.webdo.tn\/fr\/#website","url":"https:\/\/www.webdo.tn\/fr\/","name":"webdo","description":"Tunisie - News en Tunisie et \u00e0 l&#039;international sur Webdo.tn","publisher":{"@id":"https:\/\/www.webdo.tn\/fr\/#organization"},"potentialAction":[{"@type":"SearchAction","target":{"@type":"EntryPoint","urlTemplate":"https:\/\/www.webdo.tn\/fr\/?s={search_term_string}"},"query-input":{"@type":"PropertyValueSpecification","valueRequired":true,"valueName":"search_term_string"}}],"inLanguage":"fr-FR"},{"@type":"Organization","@id":"https:\/\/www.webdo.tn\/fr\/#organization","name":"Webdo","alternateName":"Webdo.tn","url":"https:\/\/www.webdo.tn\/fr\/","logo":{"@type":"ImageObject","inLanguage":"fr-FR","@id":"https:\/\/www.webdo.tn\/fr\/#\/schema\/logo\/image\/","url":"https:\/\/www.webdo.tn\/fr\/wp-content\/uploads\/2025\/06\/Webdo-Tunisie_168377.jpg","contentUrl":"https:\/\/www.webdo.tn\/fr\/wp-content\/uploads\/2025\/06\/Webdo-Tunisie_168377.jpg","width":301,"height":301,"caption":"Webdo"},"image":{"@id":"https:\/\/www.webdo.tn\/fr\/#\/schema\/logo\/image\/"},"sameAs":["https:\/\/www.facebook.com\/webdotn","https:\/\/x.com\/webdo_tn"],"description":"Webdo est un m\u00e9dia num\u00e9rique tunisien fond\u00e9 en 2010, sp\u00e9cialis\u00e9 dans l\u2019actualit\u00e9 nationale et internationale, l\u2019\u00e9conomie, la soci\u00e9t\u00e9 et les analyses politiques. Le site s\u2019adresse \u00e0 un large public francophone et couvre l\u2019information tunisienne en temps r\u00e9el.","email":"redac@webdo.tn","legalName":"YNJ SARL","foundingDate":"2010-09-06","numberOfEmployees":{"@type":"QuantitativeValue","minValue":"11","maxValue":"50"}},{"@type":"Person","@id":"https:\/\/www.webdo.tn\/fr\/#\/schema\/person\/1f4e491e0907b413d61089e8eb573acc","name":"Webdo","image":{"@type":"ImageObject","inLanguage":"fr-FR","@id":"https:\/\/secure.gravatar.com\/avatar\/de97aeec1bb80978a9dbb127e47dfc88aaacb2f3c29aac907d8d3222e3495d49?s=96&d=mm&r=g","url":"https:\/\/secure.gravatar.com\/avatar\/de97aeec1bb80978a9dbb127e47dfc88aaacb2f3c29aac907d8d3222e3495d49?s=96&d=mm&r=g","contentUrl":"https:\/\/secure.gravatar.com\/avatar\/de97aeec1bb80978a9dbb127e47dfc88aaacb2f3c29aac907d8d3222e3495d49?s=96&d=mm&r=g","caption":"Webdo"},"url":"https:\/\/www.webdo.tn\/fr\/actualite\/author\/webdo\/"}]}},"_links":{"self":[{"href":"https:\/\/www.webdo.tn\/fr\/wp-json\/wp\/v2\/posts\/214037","targetHints":{"allow":["GET"]}}],"collection":[{"href":"https:\/\/www.webdo.tn\/fr\/wp-json\/wp\/v2\/posts"}],"about":[{"href":"https:\/\/www.webdo.tn\/fr\/wp-json\/wp\/v2\/types\/post"}],"author":[{"embeddable":true,"href":"https:\/\/www.webdo.tn\/fr\/wp-json\/wp\/v2\/users\/3169"}],"replies":[{"embeddable":true,"href":"https:\/\/www.webdo.tn\/fr\/wp-json\/wp\/v2\/comments?post=214037"}],"version-history":[{"count":0,"href":"https:\/\/www.webdo.tn\/fr\/wp-json\/wp\/v2\/posts\/214037\/revisions"}],"wp:featuredmedia":[{"embeddable":true,"href":"https:\/\/www.webdo.tn\/fr\/wp-json\/wp\/v2\/media\/247428"}],"wp:attachment":[{"href":"https:\/\/www.webdo.tn\/fr\/wp-json\/wp\/v2\/media?parent=214037"}],"wp:term":[{"taxonomy":"category","embeddable":true,"href":"https:\/\/www.webdo.tn\/fr\/wp-json\/wp\/v2\/categories?post=214037"},{"taxonomy":"post_tag","embeddable":true,"href":"https:\/\/www.webdo.tn\/fr\/wp-json\/wp\/v2\/tags?post=214037"}],"curies":[{"name":"wp","href":"https:\/\/api.w.org\/{rel}","templated":true}]}}