{"id":213990,"date":"2024-05-06T14:23:00","date_gmt":"2024-05-06T14:23:00","guid":{"rendered":"https:\/\/www.webdo.tn\/fr\/blog\/bernard-pivot-est-mort-a-l-age-de-89-ans\/213990\/"},"modified":"2025-05-20T21:50:56","modified_gmt":"2025-05-20T21:50:56","slug":"bernard-pivot-est-mort-a-l-age-de-89-ans","status":"publish","type":"post","link":"https:\/\/www.webdo.tn\/fr\/actualite\/culture\/bernard-pivot-est-mort-a-l-age-de-89-ans\/213990\/","title":{"rendered":"Bernard Pivot est mort \u00e0 l\u2019\u00e2ge de 89 ans"},"content":{"rendered":"<p>Le pr\u00e9sentateur et \u00e9crivain Bernard Pivot est mort \u00e0 Neuilly-sur-Seine lundi 6 mai 2024 \u00e0 l\u2019\u00e2ge de 89 ans.<\/p>\n<p>\t\t\t\t\t\t\t\t\tLe pr\u00e9sentateur d\u2019\u00e9missions cultes telles que \u00ab\u00a0Apostrophes\u00a0\u00bb (de 1975 \u00e0 1990), \u00ab\u00a0Bouillon de culture\u00a0\u00bb (de 1991 \u00e0 2001), les \u00ab\u00a0Dicos d\u2019or\u00a0\u00bb, est mort, aujourd\u2019hui, lundi 6 mai 2024 \u00e0 l\u2019\u00e2ge de 89 ans, a annonc\u00e9 sa fille C\u00e9cile Pivot \u00e0 l\u2019AFP.<\/p>\n<p>Pr\u00e9sentateur mais aussi \u00e9crivain et journaliste, Bernard Pivot, a fait lire des millions de Fran\u00e7ais gr\u00e2ce \u00e0 son \u00e9mission \u00ab\u00a0Apostrophes\u00a0\u00bb, mais aussi \u00ab\u00a0Bouillon de culture\u00a0\u00bb. Il \u00e9tait \u00e9galement \u00e0 l\u2019origine des \u00ab\u00a0Dicos d\u2019or\u00a0\u00bb, championnat d\u2019orthographe vite devenu international.<\/p>\n","protected":false},"excerpt":{"rendered":"<p>Le pr\u00e9sentateur d\u2019\u00e9missions cultes telles que  Apostrophes  (de 1975 \u00e0 1990),  Bouillon de culture  (de 1991 \u00e0 2001), les  Dicos d\u2019or , est mort, aujourd\u2019hui, l&#8230;<\/p>\n","protected":false},"author":3162,"featured_media":247441,"comment_status":"open","ping_status":"closed","sticky":false,"template":"","format":"standard","meta":{"footnotes":""},"categories":[2594],"tags":[6560,6559,2830],"class_list":["post-213990","post","type-post","status-publish","format-standard","has-post-thumbnail","hentry","category-culture","tag-apostrophes","tag-bernard-pivot","tag-deces"],"yoast_head":"<!-- This site is optimized with the Yoast SEO Premium plugin v27.5 (Yoast SEO v27.5) - https:\/\/yoast.com\/product\/yoast-seo-premium-wordpress\/ -->\n<title>Bernard Pivot est mort \u00e0 l\u2019\u00e2ge de 89 ans<\/title>\n<meta name=\"description\" content=\"Le pr\u00e9sentateur d\u2019\u00e9missions cultes telles que Apostrophes (de 1975 \u00e0 1990), Bouillon de culture (de 1991 \u00e0 2001), les Dicos d\u2019or , est mort, aujourd\u2019hui, l...\" \/>\n<link rel=\"canonical\" href=\"https:\/\/www.webdo.tn\/fr\/actualite\/culture\/bernard-pivot-est-mort-a-l-age-de-89-ans\/213990\/\" \/>\n<meta property=\"og:locale\" content=\"fr_FR\" \/>\n<meta property=\"og:type\" content=\"article\" \/>\n<meta property=\"og:title\" content=\"Bernard Pivot est mort \u00e0 l\u2019\u00e2ge de 89 ans\" \/>\n<meta property=\"og:description\" content=\"Le pr\u00e9sentateur d\u2019\u00e9missions cultes telles que Apostrophes (de 1975 \u00e0 1990), Bouillon de culture (de 1991 \u00e0 2001), les Dicos d\u2019or , est mort, aujourd\u2019hui, l...\" \/>\n<meta property=\"og:url\" content=\"https:\/\/www.webdo.tn\/fr\/actualite\/culture\/bernard-pivot-est-mort-a-l-age-de-89-ans\/213990\/\" \/>\n<meta property=\"og:site_name\" content=\"webdo\" \/>\n<meta property=\"article:publisher\" content=\"https:\/\/www.facebook.com\/webdotn\" \/>\n<meta property=\"article:published_time\" content=\"2024-05-06T14:23:00+00:00\" \/>\n<meta property=\"article:modified_time\" content=\"2025-05-20T21:50:56+00:00\" \/>\n<meta property=\"og:image\" content=\"https:\/\/www.webdo.tn\/fr\/wp-content\/uploads\/2024\/05\/c469d8ea3c7e5bbc9808165bec2c594b.webp\" \/>\n\t<meta property=\"og:image:width\" content=\"750\" \/>\n\t<meta property=\"og:image:height\" content=\"400\" \/>\n\t<meta property=\"og:image:type\" content=\"image\/webp\" \/>\n<meta name=\"author\" content=\"MC\" \/>\n<meta name=\"twitter:card\" content=\"summary_large_image\" \/>\n<meta name=\"twitter:creator\" content=\"@webdo_tn\" \/>\n<meta name=\"twitter:site\" content=\"@webdo_tn\" \/>\n<meta name=\"twitter:label1\" content=\"\u00c9crit par\" \/>\n\t<meta name=\"twitter:data1\" content=\"MC\" \/>\n<script type=\"application\/ld+json\" class=\"yoast-schema-graph\">{\"@context\":\"https:\\\/\\\/schema.org\",\"@graph\":[{\"@type\":\"NewsArticle\",\"@id\":\"https:\\\/\\\/www.webdo.tn\\\/fr\\\/actualite\\\/culture\\\/bernard-pivot-est-mort-a-l-age-de-89-ans\\\/213990\\\/#article\",\"isPartOf\":{\"@id\":\"https:\\\/\\\/www.webdo.tn\\\/fr\\\/actualite\\\/culture\\\/bernard-pivot-est-mort-a-l-age-de-89-ans\\\/213990\\\/\"},\"author\":{\"name\":\"MC\",\"@id\":\"https:\\\/\\\/www.webdo.tn\\\/fr\\\/#\\\/schema\\\/person\\\/2c4929cbf5a809e3bd38617c6ce150f6\"},\"headline\":\"Bernard Pivot est mort \u00e0 l\u2019\u00e2ge de 89 ans\",\"datePublished\":\"2024-05-06T14:23:00+00:00\",\"dateModified\":\"2025-05-20T21:50:56+00:00\",\"mainEntityOfPage\":{\"@id\":\"https:\\\/\\\/www.webdo.tn\\\/fr\\\/actualite\\\/culture\\\/bernard-pivot-est-mort-a-l-age-de-89-ans\\\/213990\\\/\"},\"wordCount\":103,\"commentCount\":0,\"publisher\":{\"@id\":\"https:\\\/\\\/www.webdo.tn\\\/fr\\\/#organization\"},\"image\":{\"@id\":\"https:\\\/\\\/www.webdo.tn\\\/fr\\\/actualite\\\/culture\\\/bernard-pivot-est-mort-a-l-age-de-89-ans\\\/213990\\\/#primaryimage\"},\"thumbnailUrl\":\"https:\\\/\\\/www.webdo.tn\\\/fr\\\/wp-content\\\/uploads\\\/2024\\\/05\\\/c469d8ea3c7e5bbc9808165bec2c594b.webp\",\"keywords\":[\"apostrophes\",\"bernard pivot\",\"D\u00e9c\u00e8s\"],\"articleSection\":[\"Culture\"],\"inLanguage\":\"fr-FR\"},{\"@type\":\"WebPage\",\"@id\":\"https:\\\/\\\/www.webdo.tn\\\/fr\\\/actualite\\\/culture\\\/bernard-pivot-est-mort-a-l-age-de-89-ans\\\/213990\\\/\",\"url\":\"https:\\\/\\\/www.webdo.tn\\\/fr\\\/actualite\\\/culture\\\/bernard-pivot-est-mort-a-l-age-de-89-ans\\\/213990\\\/\",\"name\":\"Bernard Pivot est mort \u00e0 l\u2019\u00e2ge de 89 ans\",\"isPartOf\":{\"@id\":\"https:\\\/\\\/www.webdo.tn\\\/fr\\\/#website\"},\"primaryImageOfPage\":{\"@id\":\"https:\\\/\\\/www.webdo.tn\\\/fr\\\/actualite\\\/culture\\\/bernard-pivot-est-mort-a-l-age-de-89-ans\\\/213990\\\/#primaryimage\"},\"image\":{\"@id\":\"https:\\\/\\\/www.webdo.tn\\\/fr\\\/actualite\\\/culture\\\/bernard-pivot-est-mort-a-l-age-de-89-ans\\\/213990\\\/#primaryimage\"},\"thumbnailUrl\":\"https:\\\/\\\/www.webdo.tn\\\/fr\\\/wp-content\\\/uploads\\\/2024\\\/05\\\/c469d8ea3c7e5bbc9808165bec2c594b.webp\",\"datePublished\":\"2024-05-06T14:23:00+00:00\",\"dateModified\":\"2025-05-20T21:50:56+00:00\",\"description\":\"Le pr\u00e9sentateur d\u2019\u00e9missions cultes telles que Apostrophes (de 1975 \u00e0 1990), Bouillon de culture (de 1991 \u00e0 2001), les Dicos d\u2019or , est mort, aujourd\u2019hui, l...\",\"breadcrumb\":{\"@id\":\"https:\\\/\\\/www.webdo.tn\\\/fr\\\/actualite\\\/culture\\\/bernard-pivot-est-mort-a-l-age-de-89-ans\\\/213990\\\/#breadcrumb\"},\"inLanguage\":\"fr-FR\",\"potentialAction\":[{\"@type\":\"ReadAction\",\"target\":[\"https:\\\/\\\/www.webdo.tn\\\/fr\\\/actualite\\\/culture\\\/bernard-pivot-est-mort-a-l-age-de-89-ans\\\/213990\\\/\"]}]},{\"@type\":\"ImageObject\",\"inLanguage\":\"fr-FR\",\"@id\":\"https:\\\/\\\/www.webdo.tn\\\/fr\\\/actualite\\\/culture\\\/bernard-pivot-est-mort-a-l-age-de-89-ans\\\/213990\\\/#primaryimage\",\"url\":\"https:\\\/\\\/www.webdo.tn\\\/fr\\\/wp-content\\\/uploads\\\/2024\\\/05\\\/c469d8ea3c7e5bbc9808165bec2c594b.webp\",\"contentUrl\":\"https:\\\/\\\/www.webdo.tn\\\/fr\\\/wp-content\\\/uploads\\\/2024\\\/05\\\/c469d8ea3c7e5bbc9808165bec2c594b.webp\",\"width\":750,\"height\":400,\"caption\":\"Bernard Pivot est mort \u00e0 l\u2019\u00e2ge de 89 ans\"},{\"@type\":\"BreadcrumbList\",\"@id\":\"https:\\\/\\\/www.webdo.tn\\\/fr\\\/actualite\\\/culture\\\/bernard-pivot-est-mort-a-l-age-de-89-ans\\\/213990\\\/#breadcrumb\",\"itemListElement\":[{\"@type\":\"ListItem\",\"position\":1,\"name\":\"Accueil\",\"item\":\"https:\\\/\\\/www.webdo.tn\\\/fr\\\/\"},{\"@type\":\"ListItem\",\"position\":2,\"name\":\"Bernard Pivot est mort \u00e0 l\u2019\u00e2ge de 89 ans\"}]},{\"@type\":\"WebSite\",\"@id\":\"https:\\\/\\\/www.webdo.tn\\\/fr\\\/#website\",\"url\":\"https:\\\/\\\/www.webdo.tn\\\/fr\\\/\",\"name\":\"webdo\",\"description\":\"Tunisie - News en Tunisie et \u00e0 l&#039;international sur Webdo.tn\",\"publisher\":{\"@id\":\"https:\\\/\\\/www.webdo.tn\\\/fr\\\/#organization\"},\"potentialAction\":[{\"@type\":\"SearchAction\",\"target\":{\"@type\":\"EntryPoint\",\"urlTemplate\":\"https:\\\/\\\/www.webdo.tn\\\/fr\\\/?s={search_term_string}\"},\"query-input\":{\"@type\":\"PropertyValueSpecification\",\"valueRequired\":true,\"valueName\":\"search_term_string\"}}],\"inLanguage\":\"fr-FR\"},{\"@type\":\"Organization\",\"@id\":\"https:\\\/\\\/www.webdo.tn\\\/fr\\\/#organization\",\"name\":\"Webdo\",\"alternateName\":\"Webdo.tn\",\"url\":\"https:\\\/\\\/www.webdo.tn\\\/fr\\\/\",\"logo\":{\"@type\":\"ImageObject\",\"inLanguage\":\"fr-FR\",\"@id\":\"https:\\\/\\\/www.webdo.tn\\\/fr\\\/#\\\/schema\\\/logo\\\/image\\\/\",\"url\":\"https:\\\/\\\/www.webdo.tn\\\/fr\\\/wp-content\\\/uploads\\\/2025\\\/06\\\/Webdo-Tunisie_168377.jpg\",\"contentUrl\":\"https:\\\/\\\/www.webdo.tn\\\/fr\\\/wp-content\\\/uploads\\\/2025\\\/06\\\/Webdo-Tunisie_168377.jpg\",\"width\":301,\"height\":301,\"caption\":\"Webdo\"},\"image\":{\"@id\":\"https:\\\/\\\/www.webdo.tn\\\/fr\\\/#\\\/schema\\\/logo\\\/image\\\/\"},\"sameAs\":[\"https:\\\/\\\/www.facebook.com\\\/webdotn\",\"https:\\\/\\\/x.com\\\/webdo_tn\"],\"description\":\"Webdo est un m\u00e9dia num\u00e9rique tunisien fond\u00e9 en 2010, sp\u00e9cialis\u00e9 dans l\u2019actualit\u00e9 nationale et internationale, l\u2019\u00e9conomie, la soci\u00e9t\u00e9 et les analyses politiques. Le site s\u2019adresse \u00e0 un large public francophone et couvre l\u2019information tunisienne en temps r\u00e9el.\",\"email\":\"redac@webdo.tn\",\"legalName\":\"YNJ SARL\",\"foundingDate\":\"2010-09-06\",\"numberOfEmployees\":{\"@type\":\"QuantitativeValue\",\"minValue\":\"11\",\"maxValue\":\"50\"}},{\"@type\":\"Person\",\"@id\":\"https:\\\/\\\/www.webdo.tn\\\/fr\\\/#\\\/schema\\\/person\\\/2c4929cbf5a809e3bd38617c6ce150f6\",\"name\":\"MC\",\"image\":{\"@type\":\"ImageObject\",\"inLanguage\":\"fr-FR\",\"@id\":\"https:\\\/\\\/secure.gravatar.com\\\/avatar\\\/a545bbb6f84efdd5553dbbc2895e3ca8f1d12c5215e00a041c9670b54aa9b18a?s=96&d=mm&r=g\",\"url\":\"https:\\\/\\\/secure.gravatar.com\\\/avatar\\\/a545bbb6f84efdd5553dbbc2895e3ca8f1d12c5215e00a041c9670b54aa9b18a?s=96&d=mm&r=g\",\"contentUrl\":\"https:\\\/\\\/secure.gravatar.com\\\/avatar\\\/a545bbb6f84efdd5553dbbc2895e3ca8f1d12c5215e00a041c9670b54aa9b18a?s=96&d=mm&r=g\",\"caption\":\"MC\"},\"url\":\"https:\\\/\\\/www.webdo.tn\\\/fr\\\/actualite\\\/author\\\/mc\\\/\"}]}<\/script>\n<!-- \/ Yoast SEO Premium plugin. -->","yoast_head_json":{"title":"Bernard Pivot est mort \u00e0 l\u2019\u00e2ge de 89 ans","description":"Le pr\u00e9sentateur d\u2019\u00e9missions cultes telles que Apostrophes (de 1975 \u00e0 1990), Bouillon de culture (de 1991 \u00e0 2001), les Dicos d\u2019or , est mort, aujourd\u2019hui, l...","canonical":"https:\/\/www.webdo.tn\/fr\/actualite\/culture\/bernard-pivot-est-mort-a-l-age-de-89-ans\/213990\/","og_locale":"fr_FR","og_type":"article","og_title":"Bernard Pivot est mort \u00e0 l\u2019\u00e2ge de 89 ans","og_description":"Le pr\u00e9sentateur d\u2019\u00e9missions cultes telles que Apostrophes (de 1975 \u00e0 1990), Bouillon de culture (de 1991 \u00e0 2001), les Dicos d\u2019or , est mort, aujourd\u2019hui, l...","og_url":"https:\/\/www.webdo.tn\/fr\/actualite\/culture\/bernard-pivot-est-mort-a-l-age-de-89-ans\/213990\/","og_site_name":"webdo","article_publisher":"https:\/\/www.facebook.com\/webdotn","article_published_time":"2024-05-06T14:23:00+00:00","article_modified_time":"2025-05-20T21:50:56+00:00","og_image":[{"width":750,"height":400,"url":"https:\/\/www.webdo.tn\/fr\/wp-content\/uploads\/2024\/05\/c469d8ea3c7e5bbc9808165bec2c594b.webp","type":"image\/webp"}],"author":"MC","twitter_card":"summary_large_image","twitter_creator":"@webdo_tn","twitter_site":"@webdo_tn","twitter_misc":{"\u00c9crit par":"MC"},"schema":{"@context":"https:\/\/schema.org","@graph":[{"@type":"NewsArticle","@id":"https:\/\/www.webdo.tn\/fr\/actualite\/culture\/bernard-pivot-est-mort-a-l-age-de-89-ans\/213990\/#article","isPartOf":{"@id":"https:\/\/www.webdo.tn\/fr\/actualite\/culture\/bernard-pivot-est-mort-a-l-age-de-89-ans\/213990\/"},"author":{"name":"MC","@id":"https:\/\/www.webdo.tn\/fr\/#\/schema\/person\/2c4929cbf5a809e3bd38617c6ce150f6"},"headline":"Bernard Pivot est mort \u00e0 l\u2019\u00e2ge de 89 ans","datePublished":"2024-05-06T14:23:00+00:00","dateModified":"2025-05-20T21:50:56+00:00","mainEntityOfPage":{"@id":"https:\/\/www.webdo.tn\/fr\/actualite\/culture\/bernard-pivot-est-mort-a-l-age-de-89-ans\/213990\/"},"wordCount":103,"commentCount":0,"publisher":{"@id":"https:\/\/www.webdo.tn\/fr\/#organization"},"image":{"@id":"https:\/\/www.webdo.tn\/fr\/actualite\/culture\/bernard-pivot-est-mort-a-l-age-de-89-ans\/213990\/#primaryimage"},"thumbnailUrl":"https:\/\/www.webdo.tn\/fr\/wp-content\/uploads\/2024\/05\/c469d8ea3c7e5bbc9808165bec2c594b.webp","keywords":["apostrophes","bernard pivot","D\u00e9c\u00e8s"],"articleSection":["Culture"],"inLanguage":"fr-FR"},{"@type":"WebPage","@id":"https:\/\/www.webdo.tn\/fr\/actualite\/culture\/bernard-pivot-est-mort-a-l-age-de-89-ans\/213990\/","url":"https:\/\/www.webdo.tn\/fr\/actualite\/culture\/bernard-pivot-est-mort-a-l-age-de-89-ans\/213990\/","name":"Bernard Pivot est mort \u00e0 l\u2019\u00e2ge de 89 ans","isPartOf":{"@id":"https:\/\/www.webdo.tn\/fr\/#website"},"primaryImageOfPage":{"@id":"https:\/\/www.webdo.tn\/fr\/actualite\/culture\/bernard-pivot-est-mort-a-l-age-de-89-ans\/213990\/#primaryimage"},"image":{"@id":"https:\/\/www.webdo.tn\/fr\/actualite\/culture\/bernard-pivot-est-mort-a-l-age-de-89-ans\/213990\/#primaryimage"},"thumbnailUrl":"https:\/\/www.webdo.tn\/fr\/wp-content\/uploads\/2024\/05\/c469d8ea3c7e5bbc9808165bec2c594b.webp","datePublished":"2024-05-06T14:23:00+00:00","dateModified":"2025-05-20T21:50:56+00:00","description":"Le pr\u00e9sentateur d\u2019\u00e9missions cultes telles que Apostrophes (de 1975 \u00e0 1990), Bouillon de culture (de 1991 \u00e0 2001), les Dicos d\u2019or , est mort, aujourd\u2019hui, l...","breadcrumb":{"@id":"https:\/\/www.webdo.tn\/fr\/actualite\/culture\/bernard-pivot-est-mort-a-l-age-de-89-ans\/213990\/#breadcrumb"},"inLanguage":"fr-FR","potentialAction":[{"@type":"ReadAction","target":["https:\/\/www.webdo.tn\/fr\/actualite\/culture\/bernard-pivot-est-mort-a-l-age-de-89-ans\/213990\/"]}]},{"@type":"ImageObject","inLanguage":"fr-FR","@id":"https:\/\/www.webdo.tn\/fr\/actualite\/culture\/bernard-pivot-est-mort-a-l-age-de-89-ans\/213990\/#primaryimage","url":"https:\/\/www.webdo.tn\/fr\/wp-content\/uploads\/2024\/05\/c469d8ea3c7e5bbc9808165bec2c594b.webp","contentUrl":"https:\/\/www.webdo.tn\/fr\/wp-content\/uploads\/2024\/05\/c469d8ea3c7e5bbc9808165bec2c594b.webp","width":750,"height":400,"caption":"Bernard Pivot est mort \u00e0 l\u2019\u00e2ge de 89 ans"},{"@type":"BreadcrumbList","@id":"https:\/\/www.webdo.tn\/fr\/actualite\/culture\/bernard-pivot-est-mort-a-l-age-de-89-ans\/213990\/#breadcrumb","itemListElement":[{"@type":"ListItem","position":1,"name":"Accueil","item":"https:\/\/www.webdo.tn\/fr\/"},{"@type":"ListItem","position":2,"name":"Bernard Pivot est mort \u00e0 l\u2019\u00e2ge de 89 ans"}]},{"@type":"WebSite","@id":"https:\/\/www.webdo.tn\/fr\/#website","url":"https:\/\/www.webdo.tn\/fr\/","name":"webdo","description":"Tunisie - News en Tunisie et \u00e0 l&#039;international sur Webdo.tn","publisher":{"@id":"https:\/\/www.webdo.tn\/fr\/#organization"},"potentialAction":[{"@type":"SearchAction","target":{"@type":"EntryPoint","urlTemplate":"https:\/\/www.webdo.tn\/fr\/?s={search_term_string}"},"query-input":{"@type":"PropertyValueSpecification","valueRequired":true,"valueName":"search_term_string"}}],"inLanguage":"fr-FR"},{"@type":"Organization","@id":"https:\/\/www.webdo.tn\/fr\/#organization","name":"Webdo","alternateName":"Webdo.tn","url":"https:\/\/www.webdo.tn\/fr\/","logo":{"@type":"ImageObject","inLanguage":"fr-FR","@id":"https:\/\/www.webdo.tn\/fr\/#\/schema\/logo\/image\/","url":"https:\/\/www.webdo.tn\/fr\/wp-content\/uploads\/2025\/06\/Webdo-Tunisie_168377.jpg","contentUrl":"https:\/\/www.webdo.tn\/fr\/wp-content\/uploads\/2025\/06\/Webdo-Tunisie_168377.jpg","width":301,"height":301,"caption":"Webdo"},"image":{"@id":"https:\/\/www.webdo.tn\/fr\/#\/schema\/logo\/image\/"},"sameAs":["https:\/\/www.facebook.com\/webdotn","https:\/\/x.com\/webdo_tn"],"description":"Webdo est un m\u00e9dia num\u00e9rique tunisien fond\u00e9 en 2010, sp\u00e9cialis\u00e9 dans l\u2019actualit\u00e9 nationale et internationale, l\u2019\u00e9conomie, la soci\u00e9t\u00e9 et les analyses politiques. Le site s\u2019adresse \u00e0 un large public francophone et couvre l\u2019information tunisienne en temps r\u00e9el.","email":"redac@webdo.tn","legalName":"YNJ SARL","foundingDate":"2010-09-06","numberOfEmployees":{"@type":"QuantitativeValue","minValue":"11","maxValue":"50"}},{"@type":"Person","@id":"https:\/\/www.webdo.tn\/fr\/#\/schema\/person\/2c4929cbf5a809e3bd38617c6ce150f6","name":"MC","image":{"@type":"ImageObject","inLanguage":"fr-FR","@id":"https:\/\/secure.gravatar.com\/avatar\/a545bbb6f84efdd5553dbbc2895e3ca8f1d12c5215e00a041c9670b54aa9b18a?s=96&d=mm&r=g","url":"https:\/\/secure.gravatar.com\/avatar\/a545bbb6f84efdd5553dbbc2895e3ca8f1d12c5215e00a041c9670b54aa9b18a?s=96&d=mm&r=g","contentUrl":"https:\/\/secure.gravatar.com\/avatar\/a545bbb6f84efdd5553dbbc2895e3ca8f1d12c5215e00a041c9670b54aa9b18a?s=96&d=mm&r=g","caption":"MC"},"url":"https:\/\/www.webdo.tn\/fr\/actualite\/author\/mc\/"}]}},"_links":{"self":[{"href":"https:\/\/www.webdo.tn\/fr\/wp-json\/wp\/v2\/posts\/213990","targetHints":{"allow":["GET"]}}],"collection":[{"href":"https:\/\/www.webdo.tn\/fr\/wp-json\/wp\/v2\/posts"}],"about":[{"href":"https:\/\/www.webdo.tn\/fr\/wp-json\/wp\/v2\/types\/post"}],"author":[{"embeddable":true,"href":"https:\/\/www.webdo.tn\/fr\/wp-json\/wp\/v2\/users\/3162"}],"replies":[{"embeddable":true,"href":"https:\/\/www.webdo.tn\/fr\/wp-json\/wp\/v2\/comments?post=213990"}],"version-history":[{"count":0,"href":"https:\/\/www.webdo.tn\/fr\/wp-json\/wp\/v2\/posts\/213990\/revisions"}],"wp:featuredmedia":[{"embeddable":true,"href":"https:\/\/www.webdo.tn\/fr\/wp-json\/wp\/v2\/media\/247441"}],"wp:attachment":[{"href":"https:\/\/www.webdo.tn\/fr\/wp-json\/wp\/v2\/media?parent=213990"}],"wp:term":[{"taxonomy":"category","embeddable":true,"href":"https:\/\/www.webdo.tn\/fr\/wp-json\/wp\/v2\/categories?post=213990"},{"taxonomy":"post_tag","embeddable":true,"href":"https:\/\/www.webdo.tn\/fr\/wp-json\/wp\/v2\/tags?post=213990"}],"curies":[{"name":"wp","href":"https:\/\/api.w.org\/{rel}","templated":true}]}}