{"id":213969,"date":"2024-05-05T13:51:00","date_gmt":"2024-05-05T13:51:00","guid":{"rendered":"https:\/\/www.webdo.tn\/fr\/blog\/tunisie-la-steg-dement-toute-augmentation-des-tarifs-de-l-electricite-et-du-gaz\/213969\/"},"modified":"2025-05-20T21:50:51","modified_gmt":"2025-05-20T21:50:51","slug":"tunisie-la-steg-dement-toute-augmentation-des-tarifs-de-l-electricite-et-du-gaz","status":"publish","type":"post","link":"https:\/\/www.webdo.tn\/fr\/actualite\/national\/tunisie-la-steg-dement-toute-augmentation-des-tarifs-de-l-electricite-et-du-gaz\/213969\/","title":{"rendered":"Tunisie : La STEG d\u00e9ment toute augmentation des tarifs de l\u2019\u00e9lectricit\u00e9 et du gaz"},"content":{"rendered":"<p>La Soci\u00e9t\u00e9 Tunisienne de l\u2019\u00c9lectricit\u00e9 et du Gaz a publi\u00e9 un communiqu\u00e9, samedi 4 mai 2024 pour d\u00e9mentir l\u2019information selon laquelle les tarifs de l\u2019\u00e9lectricit\u00e9 et du gaz ont augment\u00e9 depuis le 1er mai 2022.<\/p>\n<p>\t\t\t\t\t\t\t\t\tDans son communiqu\u00e9, la STEG d\u00e9ment ce qu\u2019elle a qualifi\u00e9 de \u00ab\u00a0fausses all\u00e9gations accompagn\u00e9es d\u2019informations trompeuses\u00a0\u00bb.<\/p>\n<p>Elle explique que sa politique de rationalisation de la consommation a \u00e9t\u00e9 mise en \u0153uvre pour soutenir les consommateurs et pour appuyer les efforts de l\u2019\u00c9tat et de la STEG dans le but de faire face aux difficult\u00e9s financi\u00e8res et de respecter ses engagements envers les fournisseurs de mati\u00e8res premi\u00e8res pour la production d\u2019\u00e9nergie\u00a0\u00bb.<\/p>\n<p>La soci\u00e9t\u00e9 confirme d\u2019autre part qu\u2019il n\u2019y a aucune d\u00e9cision allant dans le sens de l\u2019augmentation des tarifs de l\u2019\u00e9lectricit\u00e9 et du gaz pour cette ann\u00e9e, conform\u00e9ment \u00e0 la loi de finances 2024.<\/p>\n<p>La soci\u00e9t\u00e9 a \u00e9galement expliqu\u00e9 que la m\u00e9thode de calcul adopt\u00e9e depuis le 1er mai 2022 vise \u00e0 orienter efficacement la compensation, soulignant que le citoyen dont la consommation mensuelle ne d\u00e9passe pas les 200 kilowattheures (kWh) b\u00e9n\u00e9ficie automatiquement d\u2019un tarif de 176 millimes pour la premi\u00e8re tranche.<\/p>\n<p>Quant au deuxi\u00e8me exemple concernant une consommation \u00e9lev\u00e9e de 2500 kWh (plus de 500 kWh par mois), le l\u00e9gislateur a fix\u00e9 le prix du kilowattheure \u00e0 414 millimes.<\/p>\n","protected":false},"excerpt":{"rendered":"<p>Dans son communiqu\u00e9, la STEG d\u00e9ment ce qu\u2019elle a qualifi\u00e9 de  fausses all\u00e9gations accompagn\u00e9es d\u2019informations trompeuses .<\/p>\n","protected":false},"author":3162,"featured_media":247430,"comment_status":"open","ping_status":"closed","sticky":false,"template":"","format":"standard","meta":{"footnotes":""},"categories":[44],"tags":[4682,2742,4464,2608],"class_list":["post-213969","post","type-post","status-publish","format-standard","has-post-thumbnail","hentry","category-national","tag-augmentation","tag-steg","tag-tarifs","tag-tunisie"],"yoast_head":"<!-- This site is optimized with the Yoast SEO Premium plugin v27.4 (Yoast SEO v27.5) - https:\/\/yoast.com\/product\/yoast-seo-premium-wordpress\/ -->\n<title>Tunisie : La STEG d\u00e9ment toute augmentation des tarifs de l\u2019\u00e9lectricit\u00e9 et du gaz<\/title>\n<meta name=\"description\" content=\"Dans son communiqu\u00e9, la STEG d\u00e9ment ce qu\u2019elle a qualifi\u00e9 de fausses all\u00e9gations accompagn\u00e9es d\u2019informations trompeuses .\" \/>\n<link rel=\"canonical\" href=\"https:\/\/www.webdo.tn\/fr\/actualite\/national\/tunisie-la-steg-dement-toute-augmentation-des-tarifs-de-l-electricite-et-du-gaz\/213969\/\" \/>\n<meta property=\"og:locale\" content=\"fr_FR\" \/>\n<meta property=\"og:type\" content=\"article\" \/>\n<meta property=\"og:title\" content=\"Tunisie : La STEG d\u00e9ment toute augmentation des tarifs de l\u2019\u00e9lectricit\u00e9 et du gaz\" \/>\n<meta property=\"og:description\" content=\"Dans son communiqu\u00e9, la STEG d\u00e9ment ce qu\u2019elle a qualifi\u00e9 de fausses all\u00e9gations accompagn\u00e9es d\u2019informations trompeuses .\" \/>\n<meta property=\"og:url\" content=\"https:\/\/www.webdo.tn\/fr\/actualite\/national\/tunisie-la-steg-dement-toute-augmentation-des-tarifs-de-l-electricite-et-du-gaz\/213969\/\" \/>\n<meta property=\"og:site_name\" content=\"webdo\" \/>\n<meta property=\"article:publisher\" content=\"https:\/\/www.facebook.com\/webdotn\" \/>\n<meta property=\"article:published_time\" content=\"2024-05-05T13:51:00+00:00\" \/>\n<meta property=\"article:modified_time\" content=\"2025-05-20T21:50:51+00:00\" \/>\n<meta property=\"og:image\" content=\"https:\/\/www.webdo.tn\/fr\/wp-content\/uploads\/2024\/05\/ed1fabd517d303a3d8b8e61731cd4311.webp\" \/>\n\t<meta property=\"og:image:width\" content=\"750\" \/>\n\t<meta property=\"og:image:height\" content=\"400\" \/>\n\t<meta property=\"og:image:type\" content=\"image\/webp\" \/>\n<meta name=\"author\" content=\"MC\" \/>\n<meta name=\"twitter:card\" content=\"summary_large_image\" \/>\n<meta name=\"twitter:creator\" content=\"@webdo_tn\" \/>\n<meta name=\"twitter:site\" content=\"@webdo_tn\" \/>\n<meta name=\"twitter:label1\" content=\"\u00c9crit par\" \/>\n\t<meta name=\"twitter:data1\" content=\"MC\" \/>\n\t<meta name=\"twitter:label2\" content=\"Dur\u00e9e de lecture estim\u00e9e\" \/>\n\t<meta name=\"twitter:data2\" content=\"1 minute\" \/>\n<script type=\"application\/ld+json\" class=\"yoast-schema-graph\">{\"@context\":\"https:\\\/\\\/schema.org\",\"@graph\":[{\"@type\":\"NewsArticle\",\"@id\":\"https:\\\/\\\/www.webdo.tn\\\/fr\\\/actualite\\\/national\\\/tunisie-la-steg-dement-toute-augmentation-des-tarifs-de-l-electricite-et-du-gaz\\\/213969\\\/#article\",\"isPartOf\":{\"@id\":\"https:\\\/\\\/www.webdo.tn\\\/fr\\\/actualite\\\/national\\\/tunisie-la-steg-dement-toute-augmentation-des-tarifs-de-l-electricite-et-du-gaz\\\/213969\\\/\"},\"author\":{\"name\":\"MC\",\"@id\":\"https:\\\/\\\/www.webdo.tn\\\/fr\\\/#\\\/schema\\\/person\\\/2c4929cbf5a809e3bd38617c6ce150f6\"},\"headline\":\"Tunisie : La STEG d\u00e9ment toute augmentation des tarifs de l\u2019\u00e9lectricit\u00e9 et du gaz\",\"datePublished\":\"2024-05-05T13:51:00+00:00\",\"dateModified\":\"2025-05-20T21:50:51+00:00\",\"mainEntityOfPage\":{\"@id\":\"https:\\\/\\\/www.webdo.tn\\\/fr\\\/actualite\\\/national\\\/tunisie-la-steg-dement-toute-augmentation-des-tarifs-de-l-electricite-et-du-gaz\\\/213969\\\/\"},\"wordCount\":252,\"commentCount\":0,\"publisher\":{\"@id\":\"https:\\\/\\\/www.webdo.tn\\\/fr\\\/#organization\"},\"image\":{\"@id\":\"https:\\\/\\\/www.webdo.tn\\\/fr\\\/actualite\\\/national\\\/tunisie-la-steg-dement-toute-augmentation-des-tarifs-de-l-electricite-et-du-gaz\\\/213969\\\/#primaryimage\"},\"thumbnailUrl\":\"https:\\\/\\\/www.webdo.tn\\\/fr\\\/wp-content\\\/uploads\\\/2024\\\/05\\\/ed1fabd517d303a3d8b8e61731cd4311.webp\",\"keywords\":[\"Augmentation\",\"steg\",\"tarifs\",\"Tunisie\"],\"articleSection\":[\"National\"],\"inLanguage\":\"fr-FR\"},{\"@type\":\"WebPage\",\"@id\":\"https:\\\/\\\/www.webdo.tn\\\/fr\\\/actualite\\\/national\\\/tunisie-la-steg-dement-toute-augmentation-des-tarifs-de-l-electricite-et-du-gaz\\\/213969\\\/\",\"url\":\"https:\\\/\\\/www.webdo.tn\\\/fr\\\/actualite\\\/national\\\/tunisie-la-steg-dement-toute-augmentation-des-tarifs-de-l-electricite-et-du-gaz\\\/213969\\\/\",\"name\":\"Tunisie : La STEG d\u00e9ment toute augmentation des tarifs de l\u2019\u00e9lectricit\u00e9 et du gaz\",\"isPartOf\":{\"@id\":\"https:\\\/\\\/www.webdo.tn\\\/fr\\\/#website\"},\"primaryImageOfPage\":{\"@id\":\"https:\\\/\\\/www.webdo.tn\\\/fr\\\/actualite\\\/national\\\/tunisie-la-steg-dement-toute-augmentation-des-tarifs-de-l-electricite-et-du-gaz\\\/213969\\\/#primaryimage\"},\"image\":{\"@id\":\"https:\\\/\\\/www.webdo.tn\\\/fr\\\/actualite\\\/national\\\/tunisie-la-steg-dement-toute-augmentation-des-tarifs-de-l-electricite-et-du-gaz\\\/213969\\\/#primaryimage\"},\"thumbnailUrl\":\"https:\\\/\\\/www.webdo.tn\\\/fr\\\/wp-content\\\/uploads\\\/2024\\\/05\\\/ed1fabd517d303a3d8b8e61731cd4311.webp\",\"datePublished\":\"2024-05-05T13:51:00+00:00\",\"dateModified\":\"2025-05-20T21:50:51+00:00\",\"description\":\"Dans son communiqu\u00e9, la STEG d\u00e9ment ce qu\u2019elle a qualifi\u00e9 de fausses all\u00e9gations accompagn\u00e9es d\u2019informations trompeuses .\",\"breadcrumb\":{\"@id\":\"https:\\\/\\\/www.webdo.tn\\\/fr\\\/actualite\\\/national\\\/tunisie-la-steg-dement-toute-augmentation-des-tarifs-de-l-electricite-et-du-gaz\\\/213969\\\/#breadcrumb\"},\"inLanguage\":\"fr-FR\",\"potentialAction\":[{\"@type\":\"ReadAction\",\"target\":[\"https:\\\/\\\/www.webdo.tn\\\/fr\\\/actualite\\\/national\\\/tunisie-la-steg-dement-toute-augmentation-des-tarifs-de-l-electricite-et-du-gaz\\\/213969\\\/\"]}]},{\"@type\":\"ImageObject\",\"inLanguage\":\"fr-FR\",\"@id\":\"https:\\\/\\\/www.webdo.tn\\\/fr\\\/actualite\\\/national\\\/tunisie-la-steg-dement-toute-augmentation-des-tarifs-de-l-electricite-et-du-gaz\\\/213969\\\/#primaryimage\",\"url\":\"https:\\\/\\\/www.webdo.tn\\\/fr\\\/wp-content\\\/uploads\\\/2024\\\/05\\\/ed1fabd517d303a3d8b8e61731cd4311.webp\",\"contentUrl\":\"https:\\\/\\\/www.webdo.tn\\\/fr\\\/wp-content\\\/uploads\\\/2024\\\/05\\\/ed1fabd517d303a3d8b8e61731cd4311.webp\",\"width\":750,\"height\":400,\"caption\":\"Tunisie : La STEG d\u00e9ment toute augmentation des tarifs de l\u2019\u00e9lectricit\u00e9 et du gaz\"},{\"@type\":\"BreadcrumbList\",\"@id\":\"https:\\\/\\\/www.webdo.tn\\\/fr\\\/actualite\\\/national\\\/tunisie-la-steg-dement-toute-augmentation-des-tarifs-de-l-electricite-et-du-gaz\\\/213969\\\/#breadcrumb\",\"itemListElement\":[{\"@type\":\"ListItem\",\"position\":1,\"name\":\"Accueil\",\"item\":\"https:\\\/\\\/www.webdo.tn\\\/fr\\\/\"},{\"@type\":\"ListItem\",\"position\":2,\"name\":\"Tunisie : La STEG d\u00e9ment toute augmentation des tarifs de l\u2019\u00e9lectricit\u00e9 et du gaz\"}]},{\"@type\":\"WebSite\",\"@id\":\"https:\\\/\\\/www.webdo.tn\\\/fr\\\/#website\",\"url\":\"https:\\\/\\\/www.webdo.tn\\\/fr\\\/\",\"name\":\"webdo\",\"description\":\"Tunisie - News en Tunisie et \u00e0 l&#039;international sur Webdo.tn\",\"publisher\":{\"@id\":\"https:\\\/\\\/www.webdo.tn\\\/fr\\\/#organization\"},\"potentialAction\":[{\"@type\":\"SearchAction\",\"target\":{\"@type\":\"EntryPoint\",\"urlTemplate\":\"https:\\\/\\\/www.webdo.tn\\\/fr\\\/?s={search_term_string}\"},\"query-input\":{\"@type\":\"PropertyValueSpecification\",\"valueRequired\":true,\"valueName\":\"search_term_string\"}}],\"inLanguage\":\"fr-FR\"},{\"@type\":\"Organization\",\"@id\":\"https:\\\/\\\/www.webdo.tn\\\/fr\\\/#organization\",\"name\":\"Webdo\",\"alternateName\":\"Webdo.tn\",\"url\":\"https:\\\/\\\/www.webdo.tn\\\/fr\\\/\",\"logo\":{\"@type\":\"ImageObject\",\"inLanguage\":\"fr-FR\",\"@id\":\"https:\\\/\\\/www.webdo.tn\\\/fr\\\/#\\\/schema\\\/logo\\\/image\\\/\",\"url\":\"https:\\\/\\\/www.webdo.tn\\\/fr\\\/wp-content\\\/uploads\\\/2025\\\/06\\\/Webdo-Tunisie_168377.jpg\",\"contentUrl\":\"https:\\\/\\\/www.webdo.tn\\\/fr\\\/wp-content\\\/uploads\\\/2025\\\/06\\\/Webdo-Tunisie_168377.jpg\",\"width\":301,\"height\":301,\"caption\":\"Webdo\"},\"image\":{\"@id\":\"https:\\\/\\\/www.webdo.tn\\\/fr\\\/#\\\/schema\\\/logo\\\/image\\\/\"},\"sameAs\":[\"https:\\\/\\\/www.facebook.com\\\/webdotn\",\"https:\\\/\\\/x.com\\\/webdo_tn\"],\"description\":\"Webdo est un m\u00e9dia num\u00e9rique tunisien fond\u00e9 en 2010, sp\u00e9cialis\u00e9 dans l\u2019actualit\u00e9 nationale et internationale, l\u2019\u00e9conomie, la soci\u00e9t\u00e9 et les analyses politiques. Le site s\u2019adresse \u00e0 un large public francophone et couvre l\u2019information tunisienne en temps r\u00e9el.\",\"email\":\"redac@webdo.tn\",\"legalName\":\"YNJ SARL\",\"foundingDate\":\"2010-09-06\",\"numberOfEmployees\":{\"@type\":\"QuantitativeValue\",\"minValue\":\"11\",\"maxValue\":\"50\"}},{\"@type\":\"Person\",\"@id\":\"https:\\\/\\\/www.webdo.tn\\\/fr\\\/#\\\/schema\\\/person\\\/2c4929cbf5a809e3bd38617c6ce150f6\",\"name\":\"MC\",\"image\":{\"@type\":\"ImageObject\",\"inLanguage\":\"fr-FR\",\"@id\":\"https:\\\/\\\/secure.gravatar.com\\\/avatar\\\/a545bbb6f84efdd5553dbbc2895e3ca8f1d12c5215e00a041c9670b54aa9b18a?s=96&d=mm&r=g\",\"url\":\"https:\\\/\\\/secure.gravatar.com\\\/avatar\\\/a545bbb6f84efdd5553dbbc2895e3ca8f1d12c5215e00a041c9670b54aa9b18a?s=96&d=mm&r=g\",\"contentUrl\":\"https:\\\/\\\/secure.gravatar.com\\\/avatar\\\/a545bbb6f84efdd5553dbbc2895e3ca8f1d12c5215e00a041c9670b54aa9b18a?s=96&d=mm&r=g\",\"caption\":\"MC\"},\"url\":\"https:\\\/\\\/www.webdo.tn\\\/fr\\\/actualite\\\/author\\\/mc\\\/\"}]}<\/script>\n<!-- \/ Yoast SEO Premium plugin. -->","yoast_head_json":{"title":"Tunisie : La STEG d\u00e9ment toute augmentation des tarifs de l\u2019\u00e9lectricit\u00e9 et du gaz","description":"Dans son communiqu\u00e9, la STEG d\u00e9ment ce qu\u2019elle a qualifi\u00e9 de fausses all\u00e9gations accompagn\u00e9es d\u2019informations trompeuses .","canonical":"https:\/\/www.webdo.tn\/fr\/actualite\/national\/tunisie-la-steg-dement-toute-augmentation-des-tarifs-de-l-electricite-et-du-gaz\/213969\/","og_locale":"fr_FR","og_type":"article","og_title":"Tunisie : La STEG d\u00e9ment toute augmentation des tarifs de l\u2019\u00e9lectricit\u00e9 et du gaz","og_description":"Dans son communiqu\u00e9, la STEG d\u00e9ment ce qu\u2019elle a qualifi\u00e9 de fausses all\u00e9gations accompagn\u00e9es d\u2019informations trompeuses .","og_url":"https:\/\/www.webdo.tn\/fr\/actualite\/national\/tunisie-la-steg-dement-toute-augmentation-des-tarifs-de-l-electricite-et-du-gaz\/213969\/","og_site_name":"webdo","article_publisher":"https:\/\/www.facebook.com\/webdotn","article_published_time":"2024-05-05T13:51:00+00:00","article_modified_time":"2025-05-20T21:50:51+00:00","og_image":[{"width":750,"height":400,"url":"https:\/\/www.webdo.tn\/fr\/wp-content\/uploads\/2024\/05\/ed1fabd517d303a3d8b8e61731cd4311.webp","type":"image\/webp"}],"author":"MC","twitter_card":"summary_large_image","twitter_creator":"@webdo_tn","twitter_site":"@webdo_tn","twitter_misc":{"\u00c9crit par":"MC","Dur\u00e9e de lecture estim\u00e9e":"1 minute"},"schema":{"@context":"https:\/\/schema.org","@graph":[{"@type":"NewsArticle","@id":"https:\/\/www.webdo.tn\/fr\/actualite\/national\/tunisie-la-steg-dement-toute-augmentation-des-tarifs-de-l-electricite-et-du-gaz\/213969\/#article","isPartOf":{"@id":"https:\/\/www.webdo.tn\/fr\/actualite\/national\/tunisie-la-steg-dement-toute-augmentation-des-tarifs-de-l-electricite-et-du-gaz\/213969\/"},"author":{"name":"MC","@id":"https:\/\/www.webdo.tn\/fr\/#\/schema\/person\/2c4929cbf5a809e3bd38617c6ce150f6"},"headline":"Tunisie : La STEG d\u00e9ment toute augmentation des tarifs de l\u2019\u00e9lectricit\u00e9 et du gaz","datePublished":"2024-05-05T13:51:00+00:00","dateModified":"2025-05-20T21:50:51+00:00","mainEntityOfPage":{"@id":"https:\/\/www.webdo.tn\/fr\/actualite\/national\/tunisie-la-steg-dement-toute-augmentation-des-tarifs-de-l-electricite-et-du-gaz\/213969\/"},"wordCount":252,"commentCount":0,"publisher":{"@id":"https:\/\/www.webdo.tn\/fr\/#organization"},"image":{"@id":"https:\/\/www.webdo.tn\/fr\/actualite\/national\/tunisie-la-steg-dement-toute-augmentation-des-tarifs-de-l-electricite-et-du-gaz\/213969\/#primaryimage"},"thumbnailUrl":"https:\/\/www.webdo.tn\/fr\/wp-content\/uploads\/2024\/05\/ed1fabd517d303a3d8b8e61731cd4311.webp","keywords":["Augmentation","steg","tarifs","Tunisie"],"articleSection":["National"],"inLanguage":"fr-FR"},{"@type":"WebPage","@id":"https:\/\/www.webdo.tn\/fr\/actualite\/national\/tunisie-la-steg-dement-toute-augmentation-des-tarifs-de-l-electricite-et-du-gaz\/213969\/","url":"https:\/\/www.webdo.tn\/fr\/actualite\/national\/tunisie-la-steg-dement-toute-augmentation-des-tarifs-de-l-electricite-et-du-gaz\/213969\/","name":"Tunisie : La STEG d\u00e9ment toute augmentation des tarifs de l\u2019\u00e9lectricit\u00e9 et du gaz","isPartOf":{"@id":"https:\/\/www.webdo.tn\/fr\/#website"},"primaryImageOfPage":{"@id":"https:\/\/www.webdo.tn\/fr\/actualite\/national\/tunisie-la-steg-dement-toute-augmentation-des-tarifs-de-l-electricite-et-du-gaz\/213969\/#primaryimage"},"image":{"@id":"https:\/\/www.webdo.tn\/fr\/actualite\/national\/tunisie-la-steg-dement-toute-augmentation-des-tarifs-de-l-electricite-et-du-gaz\/213969\/#primaryimage"},"thumbnailUrl":"https:\/\/www.webdo.tn\/fr\/wp-content\/uploads\/2024\/05\/ed1fabd517d303a3d8b8e61731cd4311.webp","datePublished":"2024-05-05T13:51:00+00:00","dateModified":"2025-05-20T21:50:51+00:00","description":"Dans son communiqu\u00e9, la STEG d\u00e9ment ce qu\u2019elle a qualifi\u00e9 de fausses all\u00e9gations accompagn\u00e9es d\u2019informations trompeuses .","breadcrumb":{"@id":"https:\/\/www.webdo.tn\/fr\/actualite\/national\/tunisie-la-steg-dement-toute-augmentation-des-tarifs-de-l-electricite-et-du-gaz\/213969\/#breadcrumb"},"inLanguage":"fr-FR","potentialAction":[{"@type":"ReadAction","target":["https:\/\/www.webdo.tn\/fr\/actualite\/national\/tunisie-la-steg-dement-toute-augmentation-des-tarifs-de-l-electricite-et-du-gaz\/213969\/"]}]},{"@type":"ImageObject","inLanguage":"fr-FR","@id":"https:\/\/www.webdo.tn\/fr\/actualite\/national\/tunisie-la-steg-dement-toute-augmentation-des-tarifs-de-l-electricite-et-du-gaz\/213969\/#primaryimage","url":"https:\/\/www.webdo.tn\/fr\/wp-content\/uploads\/2024\/05\/ed1fabd517d303a3d8b8e61731cd4311.webp","contentUrl":"https:\/\/www.webdo.tn\/fr\/wp-content\/uploads\/2024\/05\/ed1fabd517d303a3d8b8e61731cd4311.webp","width":750,"height":400,"caption":"Tunisie : La STEG d\u00e9ment toute augmentation des tarifs de l\u2019\u00e9lectricit\u00e9 et du gaz"},{"@type":"BreadcrumbList","@id":"https:\/\/www.webdo.tn\/fr\/actualite\/national\/tunisie-la-steg-dement-toute-augmentation-des-tarifs-de-l-electricite-et-du-gaz\/213969\/#breadcrumb","itemListElement":[{"@type":"ListItem","position":1,"name":"Accueil","item":"https:\/\/www.webdo.tn\/fr\/"},{"@type":"ListItem","position":2,"name":"Tunisie : La STEG d\u00e9ment toute augmentation des tarifs de l\u2019\u00e9lectricit\u00e9 et du gaz"}]},{"@type":"WebSite","@id":"https:\/\/www.webdo.tn\/fr\/#website","url":"https:\/\/www.webdo.tn\/fr\/","name":"webdo","description":"Tunisie - News en Tunisie et \u00e0 l&#039;international sur Webdo.tn","publisher":{"@id":"https:\/\/www.webdo.tn\/fr\/#organization"},"potentialAction":[{"@type":"SearchAction","target":{"@type":"EntryPoint","urlTemplate":"https:\/\/www.webdo.tn\/fr\/?s={search_term_string}"},"query-input":{"@type":"PropertyValueSpecification","valueRequired":true,"valueName":"search_term_string"}}],"inLanguage":"fr-FR"},{"@type":"Organization","@id":"https:\/\/www.webdo.tn\/fr\/#organization","name":"Webdo","alternateName":"Webdo.tn","url":"https:\/\/www.webdo.tn\/fr\/","logo":{"@type":"ImageObject","inLanguage":"fr-FR","@id":"https:\/\/www.webdo.tn\/fr\/#\/schema\/logo\/image\/","url":"https:\/\/www.webdo.tn\/fr\/wp-content\/uploads\/2025\/06\/Webdo-Tunisie_168377.jpg","contentUrl":"https:\/\/www.webdo.tn\/fr\/wp-content\/uploads\/2025\/06\/Webdo-Tunisie_168377.jpg","width":301,"height":301,"caption":"Webdo"},"image":{"@id":"https:\/\/www.webdo.tn\/fr\/#\/schema\/logo\/image\/"},"sameAs":["https:\/\/www.facebook.com\/webdotn","https:\/\/x.com\/webdo_tn"],"description":"Webdo est un m\u00e9dia num\u00e9rique tunisien fond\u00e9 en 2010, sp\u00e9cialis\u00e9 dans l\u2019actualit\u00e9 nationale et internationale, l\u2019\u00e9conomie, la soci\u00e9t\u00e9 et les analyses politiques. Le site s\u2019adresse \u00e0 un large public francophone et couvre l\u2019information tunisienne en temps r\u00e9el.","email":"redac@webdo.tn","legalName":"YNJ SARL","foundingDate":"2010-09-06","numberOfEmployees":{"@type":"QuantitativeValue","minValue":"11","maxValue":"50"}},{"@type":"Person","@id":"https:\/\/www.webdo.tn\/fr\/#\/schema\/person\/2c4929cbf5a809e3bd38617c6ce150f6","name":"MC","image":{"@type":"ImageObject","inLanguage":"fr-FR","@id":"https:\/\/secure.gravatar.com\/avatar\/a545bbb6f84efdd5553dbbc2895e3ca8f1d12c5215e00a041c9670b54aa9b18a?s=96&d=mm&r=g","url":"https:\/\/secure.gravatar.com\/avatar\/a545bbb6f84efdd5553dbbc2895e3ca8f1d12c5215e00a041c9670b54aa9b18a?s=96&d=mm&r=g","contentUrl":"https:\/\/secure.gravatar.com\/avatar\/a545bbb6f84efdd5553dbbc2895e3ca8f1d12c5215e00a041c9670b54aa9b18a?s=96&d=mm&r=g","caption":"MC"},"url":"https:\/\/www.webdo.tn\/fr\/actualite\/author\/mc\/"}]}},"_links":{"self":[{"href":"https:\/\/www.webdo.tn\/fr\/wp-json\/wp\/v2\/posts\/213969","targetHints":{"allow":["GET"]}}],"collection":[{"href":"https:\/\/www.webdo.tn\/fr\/wp-json\/wp\/v2\/posts"}],"about":[{"href":"https:\/\/www.webdo.tn\/fr\/wp-json\/wp\/v2\/types\/post"}],"author":[{"embeddable":true,"href":"https:\/\/www.webdo.tn\/fr\/wp-json\/wp\/v2\/users\/3162"}],"replies":[{"embeddable":true,"href":"https:\/\/www.webdo.tn\/fr\/wp-json\/wp\/v2\/comments?post=213969"}],"version-history":[{"count":0,"href":"https:\/\/www.webdo.tn\/fr\/wp-json\/wp\/v2\/posts\/213969\/revisions"}],"wp:featuredmedia":[{"embeddable":true,"href":"https:\/\/www.webdo.tn\/fr\/wp-json\/wp\/v2\/media\/247430"}],"wp:attachment":[{"href":"https:\/\/www.webdo.tn\/fr\/wp-json\/wp\/v2\/media?parent=213969"}],"wp:term":[{"taxonomy":"category","embeddable":true,"href":"https:\/\/www.webdo.tn\/fr\/wp-json\/wp\/v2\/categories?post=213969"},{"taxonomy":"post_tag","embeddable":true,"href":"https:\/\/www.webdo.tn\/fr\/wp-json\/wp\/v2\/tags?post=213969"}],"curies":[{"name":"wp","href":"https:\/\/api.w.org\/{rel}","templated":true}]}}