{"id":213960,"date":"2024-05-04T12:33:00","date_gmt":"2024-05-04T12:33:00","guid":{"rendered":"https:\/\/www.webdo.tn\/fr\/blog\/financement-etranger-l-appel-de-ghannouchi-et-abdessalem-examine-le-17-mai\/213960\/"},"modified":"2025-05-20T22:13:09","modified_gmt":"2025-05-20T22:13:09","slug":"financement-etranger-l-appel-de-ghannouchi-et-abdessalem-examine-le-17-mai","status":"publish","type":"post","link":"https:\/\/www.webdo.tn\/fr\/actualite\/national\/financement-etranger-l-appel-de-ghannouchi-et-abdessalem-examine-le-17-mai\/213960\/","title":{"rendered":"Financement \u00e9tranger : L\u2019appel de Ghannouchi et Abdessalem examin\u00e9 le 17 mai"},"content":{"rendered":"<p>Condamn\u00e9s \u00e0 trois ans de prison ferme, Rached Ghannouchi et Rafik Abdessalem verront leur appel examin\u00e9 le 17 mai prochain.<\/p>\n<p>\t\t\t\t\t\t\t\t\tLa Chambre p\u00e9nale de la Cour d&rsquo;appel de Tunis a en effet d\u00e9cid\u00e9 de reporter l&rsquo;examen de l&rsquo;affaire du financement \u00e9tranger \u00e0 l&rsquo;encontre du pr\u00e9sident du mouvement Ennahdha, Rached Ghannouchi et de son gendre Rafik Bouchlaka, au 17 mai prochain et de d\u00e9f\u00e9rer le dossier devant la Cour sp\u00e9cialis\u00e9e dans l&rsquo;examen des affaires de corruption financi\u00e8re.<\/p>\n<p>Rached Ghannouchi et Rafik Abdessalem ont \u00e9t\u00e9 condamn\u00e9s, le 1er f\u00e9vrier dernier, \u00e0 trois ans de prison ferme, avec effet imm\u00e9diat, dans l\u2019affaire du financement \u00e9tranger du parti Ennahdha dans un verdict rendu par la chambre correctionnelle sp\u00e9cialis\u00e9e dans les affaires de corruption pr\u00e8s le Tribunal de premi\u00e8re instance de Tunis.<\/p>\n<p>Rached Ghannouchi a \u00e9galement \u00e9t\u00e9 condamn\u00e9 \u00e0 payer une amende \u00e9quivalente au montant du financement \u00e9tranger obtenu, soit 1,17 million de dollars am\u00e9ricains.<\/p>\n<p>Pour rappel, le P\u00f4le judiciaire \u00e9conomique et financier a d\u00e9cid\u00e9, en 2021, d\u2019ouvrir une enqu\u00eate sur des financements \u00e9trangers et non identifi\u00e9s d&rsquo;Ennahdha, de Qalb Toun\u00e8s et de Ich Tounsi. Cette d\u00e9cision a \u00e9t\u00e9 prise suite une plainte d\u00e9pos\u00e9e par le parti du Courant D\u00e9mocratique en r\u00e9f\u00e9rence au rapport de la Cour des comptes.<\/p>\n","protected":false},"excerpt":{"rendered":"<p>La Chambre p\u00e9nale de la Cour d&rsquo;appel de Tunis a en effet d\u00e9cid\u00e9 de reporter l&rsquo;examen de l&rsquo;affaire du financement \u00e9tranger \u00e0 l&rsquo;encontre du pr\u00e9sident du mouvement&#8230;<\/p>\n","protected":false},"author":3162,"featured_media":290556,"comment_status":"open","ping_status":"closed","sticky":false,"template":"","format":"standard","meta":{"footnotes":""},"categories":[44],"tags":[10034,10161,3137,4263,3057,5634,2708,5644,2608],"class_list":["post-213960","post","type-post","status-publish","format-standard","has-post-thumbnail","hentry","category-national","tag-cour-des-comptes","tag-rafik-abssalem","tag-amende","tag-appel","tag-ennahdha","tag-financement-etranger","tag-prison","tag-rached-ghannouchi","tag-tunisie"],"yoast_head":"<!-- This site is optimized with the Yoast SEO Premium plugin v27.5 (Yoast SEO v27.5) - https:\/\/yoast.com\/product\/yoast-seo-premium-wordpress\/ -->\n<title>Financement \u00e9tranger : L\u2019appel de Ghannouchi et Abdessalem examin\u00e9 le 17 mai<\/title>\n<meta name=\"description\" content=\"La Chambre p\u00e9nale de la Cour d&#039;appel de Tunis a en effet d\u00e9cid\u00e9 de reporter l&#039;examen de l&#039;affaire du financement \u00e9tranger \u00e0 l&#039;encontre du pr\u00e9sident du mouvement...\" \/>\n<link rel=\"canonical\" href=\"https:\/\/www.webdo.tn\/fr\/actualite\/national\/financement-etranger-l-appel-de-ghannouchi-et-abdessalem-examine-le-17-mai\/213960\/\" \/>\n<meta property=\"og:locale\" content=\"fr_FR\" \/>\n<meta property=\"og:type\" content=\"article\" \/>\n<meta property=\"og:title\" content=\"Financement \u00e9tranger : L\u2019appel de Ghannouchi et Abdessalem examin\u00e9 le 17 mai\" \/>\n<meta property=\"og:description\" content=\"La Chambre p\u00e9nale de la Cour d&#039;appel de Tunis a en effet d\u00e9cid\u00e9 de reporter l&#039;examen de l&#039;affaire du financement \u00e9tranger \u00e0 l&#039;encontre du pr\u00e9sident du mouvement...\" \/>\n<meta property=\"og:url\" content=\"https:\/\/www.webdo.tn\/fr\/actualite\/national\/financement-etranger-l-appel-de-ghannouchi-et-abdessalem-examine-le-17-mai\/213960\/\" \/>\n<meta property=\"og:site_name\" content=\"webdo\" \/>\n<meta property=\"article:publisher\" content=\"https:\/\/www.facebook.com\/webdotn\" \/>\n<meta property=\"article:published_time\" content=\"2024-05-04T12:33:00+00:00\" \/>\n<meta property=\"article:modified_time\" content=\"2025-05-20T22:13:09+00:00\" \/>\n<meta property=\"og:image\" content=\"https:\/\/www.webdo.tn\/fr\/wp-content\/uploads\/2024\/05\/48e0313de2b6c16d0adffb86975fb2e3.webp\" \/>\n\t<meta property=\"og:image:width\" content=\"750\" \/>\n\t<meta property=\"og:image:height\" content=\"400\" \/>\n\t<meta property=\"og:image:type\" content=\"image\/webp\" \/>\n<meta name=\"author\" content=\"MC\" \/>\n<meta name=\"twitter:card\" content=\"summary_large_image\" \/>\n<meta name=\"twitter:creator\" content=\"@webdo_tn\" \/>\n<meta name=\"twitter:site\" content=\"@webdo_tn\" \/>\n<meta name=\"twitter:label1\" content=\"\u00c9crit par\" \/>\n\t<meta name=\"twitter:data1\" content=\"MC\" \/>\n\t<meta name=\"twitter:label2\" content=\"Dur\u00e9e de lecture estim\u00e9e\" \/>\n\t<meta name=\"twitter:data2\" content=\"1 minute\" \/>\n<script type=\"application\/ld+json\" class=\"yoast-schema-graph\">{\"@context\":\"https:\\\/\\\/schema.org\",\"@graph\":[{\"@type\":\"NewsArticle\",\"@id\":\"https:\\\/\\\/www.webdo.tn\\\/fr\\\/actualite\\\/national\\\/financement-etranger-l-appel-de-ghannouchi-et-abdessalem-examine-le-17-mai\\\/213960\\\/#article\",\"isPartOf\":{\"@id\":\"https:\\\/\\\/www.webdo.tn\\\/fr\\\/actualite\\\/national\\\/financement-etranger-l-appel-de-ghannouchi-et-abdessalem-examine-le-17-mai\\\/213960\\\/\"},\"author\":{\"name\":\"MC\",\"@id\":\"https:\\\/\\\/www.webdo.tn\\\/fr\\\/#\\\/schema\\\/person\\\/2c4929cbf5a809e3bd38617c6ce150f6\"},\"headline\":\"Financement \u00e9tranger : L\u2019appel de Ghannouchi et Abdessalem examin\u00e9 le 17 mai\",\"datePublished\":\"2024-05-04T12:33:00+00:00\",\"dateModified\":\"2025-05-20T22:13:09+00:00\",\"mainEntityOfPage\":{\"@id\":\"https:\\\/\\\/www.webdo.tn\\\/fr\\\/actualite\\\/national\\\/financement-etranger-l-appel-de-ghannouchi-et-abdessalem-examine-le-17-mai\\\/213960\\\/\"},\"wordCount\":243,\"commentCount\":0,\"publisher\":{\"@id\":\"https:\\\/\\\/www.webdo.tn\\\/fr\\\/#organization\"},\"image\":{\"@id\":\"https:\\\/\\\/www.webdo.tn\\\/fr\\\/actualite\\\/national\\\/financement-etranger-l-appel-de-ghannouchi-et-abdessalem-examine-le-17-mai\\\/213960\\\/#primaryimage\"},\"thumbnailUrl\":\"https:\\\/\\\/www.webdo.tn\\\/fr\\\/wp-content\\\/uploads\\\/2024\\\/05\\\/48e0313de2b6c16d0adffb86975fb2e3.webp\",\"keywords\":[\"'cour des comptes'\",\"'rafik abssalem']\",\"amende\",\"appel\",\"Ennahdha\",\"Financement \u00e9tranger\",\"Prison\",\"Rached Ghannouchi\",\"Tunisie\"],\"articleSection\":[\"National\"],\"inLanguage\":\"fr-FR\"},{\"@type\":\"WebPage\",\"@id\":\"https:\\\/\\\/www.webdo.tn\\\/fr\\\/actualite\\\/national\\\/financement-etranger-l-appel-de-ghannouchi-et-abdessalem-examine-le-17-mai\\\/213960\\\/\",\"url\":\"https:\\\/\\\/www.webdo.tn\\\/fr\\\/actualite\\\/national\\\/financement-etranger-l-appel-de-ghannouchi-et-abdessalem-examine-le-17-mai\\\/213960\\\/\",\"name\":\"Financement \u00e9tranger : L\u2019appel de Ghannouchi et Abdessalem examin\u00e9 le 17 mai\",\"isPartOf\":{\"@id\":\"https:\\\/\\\/www.webdo.tn\\\/fr\\\/#website\"},\"primaryImageOfPage\":{\"@id\":\"https:\\\/\\\/www.webdo.tn\\\/fr\\\/actualite\\\/national\\\/financement-etranger-l-appel-de-ghannouchi-et-abdessalem-examine-le-17-mai\\\/213960\\\/#primaryimage\"},\"image\":{\"@id\":\"https:\\\/\\\/www.webdo.tn\\\/fr\\\/actualite\\\/national\\\/financement-etranger-l-appel-de-ghannouchi-et-abdessalem-examine-le-17-mai\\\/213960\\\/#primaryimage\"},\"thumbnailUrl\":\"https:\\\/\\\/www.webdo.tn\\\/fr\\\/wp-content\\\/uploads\\\/2024\\\/05\\\/48e0313de2b6c16d0adffb86975fb2e3.webp\",\"datePublished\":\"2024-05-04T12:33:00+00:00\",\"dateModified\":\"2025-05-20T22:13:09+00:00\",\"description\":\"La Chambre p\u00e9nale de la Cour d'appel de Tunis a en effet d\u00e9cid\u00e9 de reporter l'examen de l'affaire du financement \u00e9tranger \u00e0 l'encontre du pr\u00e9sident du mouvement...\",\"breadcrumb\":{\"@id\":\"https:\\\/\\\/www.webdo.tn\\\/fr\\\/actualite\\\/national\\\/financement-etranger-l-appel-de-ghannouchi-et-abdessalem-examine-le-17-mai\\\/213960\\\/#breadcrumb\"},\"inLanguage\":\"fr-FR\",\"potentialAction\":[{\"@type\":\"ReadAction\",\"target\":[\"https:\\\/\\\/www.webdo.tn\\\/fr\\\/actualite\\\/national\\\/financement-etranger-l-appel-de-ghannouchi-et-abdessalem-examine-le-17-mai\\\/213960\\\/\"]}]},{\"@type\":\"ImageObject\",\"inLanguage\":\"fr-FR\",\"@id\":\"https:\\\/\\\/www.webdo.tn\\\/fr\\\/actualite\\\/national\\\/financement-etranger-l-appel-de-ghannouchi-et-abdessalem-examine-le-17-mai\\\/213960\\\/#primaryimage\",\"url\":\"https:\\\/\\\/www.webdo.tn\\\/fr\\\/wp-content\\\/uploads\\\/2024\\\/05\\\/48e0313de2b6c16d0adffb86975fb2e3.webp\",\"contentUrl\":\"https:\\\/\\\/www.webdo.tn\\\/fr\\\/wp-content\\\/uploads\\\/2024\\\/05\\\/48e0313de2b6c16d0adffb86975fb2e3.webp\",\"width\":750,\"height\":400,\"caption\":\"Financement \u00e9tranger : L\u2019appel de Ghannouchi et Abdessalem examin\u00e9 le 17 mai\"},{\"@type\":\"BreadcrumbList\",\"@id\":\"https:\\\/\\\/www.webdo.tn\\\/fr\\\/actualite\\\/national\\\/financement-etranger-l-appel-de-ghannouchi-et-abdessalem-examine-le-17-mai\\\/213960\\\/#breadcrumb\",\"itemListElement\":[{\"@type\":\"ListItem\",\"position\":1,\"name\":\"Accueil\",\"item\":\"https:\\\/\\\/www.webdo.tn\\\/fr\\\/\"},{\"@type\":\"ListItem\",\"position\":2,\"name\":\"Financement \u00e9tranger : L\u2019appel de Ghannouchi et Abdessalem examin\u00e9 le 17 mai\"}]},{\"@type\":\"WebSite\",\"@id\":\"https:\\\/\\\/www.webdo.tn\\\/fr\\\/#website\",\"url\":\"https:\\\/\\\/www.webdo.tn\\\/fr\\\/\",\"name\":\"webdo\",\"description\":\"Tunisie - News en Tunisie et \u00e0 l&#039;international sur Webdo.tn\",\"publisher\":{\"@id\":\"https:\\\/\\\/www.webdo.tn\\\/fr\\\/#organization\"},\"potentialAction\":[{\"@type\":\"SearchAction\",\"target\":{\"@type\":\"EntryPoint\",\"urlTemplate\":\"https:\\\/\\\/www.webdo.tn\\\/fr\\\/?s={search_term_string}\"},\"query-input\":{\"@type\":\"PropertyValueSpecification\",\"valueRequired\":true,\"valueName\":\"search_term_string\"}}],\"inLanguage\":\"fr-FR\"},{\"@type\":\"Organization\",\"@id\":\"https:\\\/\\\/www.webdo.tn\\\/fr\\\/#organization\",\"name\":\"Webdo\",\"alternateName\":\"Webdo.tn\",\"url\":\"https:\\\/\\\/www.webdo.tn\\\/fr\\\/\",\"logo\":{\"@type\":\"ImageObject\",\"inLanguage\":\"fr-FR\",\"@id\":\"https:\\\/\\\/www.webdo.tn\\\/fr\\\/#\\\/schema\\\/logo\\\/image\\\/\",\"url\":\"https:\\\/\\\/www.webdo.tn\\\/fr\\\/wp-content\\\/uploads\\\/2025\\\/06\\\/Webdo-Tunisie_168377.jpg\",\"contentUrl\":\"https:\\\/\\\/www.webdo.tn\\\/fr\\\/wp-content\\\/uploads\\\/2025\\\/06\\\/Webdo-Tunisie_168377.jpg\",\"width\":301,\"height\":301,\"caption\":\"Webdo\"},\"image\":{\"@id\":\"https:\\\/\\\/www.webdo.tn\\\/fr\\\/#\\\/schema\\\/logo\\\/image\\\/\"},\"sameAs\":[\"https:\\\/\\\/www.facebook.com\\\/webdotn\",\"https:\\\/\\\/x.com\\\/webdo_tn\"],\"description\":\"Webdo est un m\u00e9dia num\u00e9rique tunisien fond\u00e9 en 2010, sp\u00e9cialis\u00e9 dans l\u2019actualit\u00e9 nationale et internationale, l\u2019\u00e9conomie, la soci\u00e9t\u00e9 et les analyses politiques. Le site s\u2019adresse \u00e0 un large public francophone et couvre l\u2019information tunisienne en temps r\u00e9el.\",\"email\":\"redac@webdo.tn\",\"legalName\":\"YNJ SARL\",\"foundingDate\":\"2010-09-06\",\"numberOfEmployees\":{\"@type\":\"QuantitativeValue\",\"minValue\":\"11\",\"maxValue\":\"50\"}},{\"@type\":\"Person\",\"@id\":\"https:\\\/\\\/www.webdo.tn\\\/fr\\\/#\\\/schema\\\/person\\\/2c4929cbf5a809e3bd38617c6ce150f6\",\"name\":\"MC\",\"image\":{\"@type\":\"ImageObject\",\"inLanguage\":\"fr-FR\",\"@id\":\"https:\\\/\\\/secure.gravatar.com\\\/avatar\\\/a545bbb6f84efdd5553dbbc2895e3ca8f1d12c5215e00a041c9670b54aa9b18a?s=96&d=mm&r=g\",\"url\":\"https:\\\/\\\/secure.gravatar.com\\\/avatar\\\/a545bbb6f84efdd5553dbbc2895e3ca8f1d12c5215e00a041c9670b54aa9b18a?s=96&d=mm&r=g\",\"contentUrl\":\"https:\\\/\\\/secure.gravatar.com\\\/avatar\\\/a545bbb6f84efdd5553dbbc2895e3ca8f1d12c5215e00a041c9670b54aa9b18a?s=96&d=mm&r=g\",\"caption\":\"MC\"},\"url\":\"https:\\\/\\\/www.webdo.tn\\\/fr\\\/actualite\\\/author\\\/mc\\\/\"}]}<\/script>\n<!-- \/ Yoast SEO Premium plugin. -->","yoast_head_json":{"title":"Financement \u00e9tranger : L\u2019appel de Ghannouchi et Abdessalem examin\u00e9 le 17 mai","description":"La Chambre p\u00e9nale de la Cour d'appel de Tunis a en effet d\u00e9cid\u00e9 de reporter l'examen de l'affaire du financement \u00e9tranger \u00e0 l'encontre du pr\u00e9sident du mouvement...","canonical":"https:\/\/www.webdo.tn\/fr\/actualite\/national\/financement-etranger-l-appel-de-ghannouchi-et-abdessalem-examine-le-17-mai\/213960\/","og_locale":"fr_FR","og_type":"article","og_title":"Financement \u00e9tranger : L\u2019appel de Ghannouchi et Abdessalem examin\u00e9 le 17 mai","og_description":"La Chambre p\u00e9nale de la Cour d'appel de Tunis a en effet d\u00e9cid\u00e9 de reporter l'examen de l'affaire du financement \u00e9tranger \u00e0 l'encontre du pr\u00e9sident du mouvement...","og_url":"https:\/\/www.webdo.tn\/fr\/actualite\/national\/financement-etranger-l-appel-de-ghannouchi-et-abdessalem-examine-le-17-mai\/213960\/","og_site_name":"webdo","article_publisher":"https:\/\/www.facebook.com\/webdotn","article_published_time":"2024-05-04T12:33:00+00:00","article_modified_time":"2025-05-20T22:13:09+00:00","og_image":[{"width":750,"height":400,"url":"https:\/\/www.webdo.tn\/fr\/wp-content\/uploads\/2024\/05\/48e0313de2b6c16d0adffb86975fb2e3.webp","type":"image\/webp"}],"author":"MC","twitter_card":"summary_large_image","twitter_creator":"@webdo_tn","twitter_site":"@webdo_tn","twitter_misc":{"\u00c9crit par":"MC","Dur\u00e9e de lecture estim\u00e9e":"1 minute"},"schema":{"@context":"https:\/\/schema.org","@graph":[{"@type":"NewsArticle","@id":"https:\/\/www.webdo.tn\/fr\/actualite\/national\/financement-etranger-l-appel-de-ghannouchi-et-abdessalem-examine-le-17-mai\/213960\/#article","isPartOf":{"@id":"https:\/\/www.webdo.tn\/fr\/actualite\/national\/financement-etranger-l-appel-de-ghannouchi-et-abdessalem-examine-le-17-mai\/213960\/"},"author":{"name":"MC","@id":"https:\/\/www.webdo.tn\/fr\/#\/schema\/person\/2c4929cbf5a809e3bd38617c6ce150f6"},"headline":"Financement \u00e9tranger : L\u2019appel de Ghannouchi et Abdessalem examin\u00e9 le 17 mai","datePublished":"2024-05-04T12:33:00+00:00","dateModified":"2025-05-20T22:13:09+00:00","mainEntityOfPage":{"@id":"https:\/\/www.webdo.tn\/fr\/actualite\/national\/financement-etranger-l-appel-de-ghannouchi-et-abdessalem-examine-le-17-mai\/213960\/"},"wordCount":243,"commentCount":0,"publisher":{"@id":"https:\/\/www.webdo.tn\/fr\/#organization"},"image":{"@id":"https:\/\/www.webdo.tn\/fr\/actualite\/national\/financement-etranger-l-appel-de-ghannouchi-et-abdessalem-examine-le-17-mai\/213960\/#primaryimage"},"thumbnailUrl":"https:\/\/www.webdo.tn\/fr\/wp-content\/uploads\/2024\/05\/48e0313de2b6c16d0adffb86975fb2e3.webp","keywords":["'cour des comptes'","'rafik abssalem']","amende","appel","Ennahdha","Financement \u00e9tranger","Prison","Rached Ghannouchi","Tunisie"],"articleSection":["National"],"inLanguage":"fr-FR"},{"@type":"WebPage","@id":"https:\/\/www.webdo.tn\/fr\/actualite\/national\/financement-etranger-l-appel-de-ghannouchi-et-abdessalem-examine-le-17-mai\/213960\/","url":"https:\/\/www.webdo.tn\/fr\/actualite\/national\/financement-etranger-l-appel-de-ghannouchi-et-abdessalem-examine-le-17-mai\/213960\/","name":"Financement \u00e9tranger : L\u2019appel de Ghannouchi et Abdessalem examin\u00e9 le 17 mai","isPartOf":{"@id":"https:\/\/www.webdo.tn\/fr\/#website"},"primaryImageOfPage":{"@id":"https:\/\/www.webdo.tn\/fr\/actualite\/national\/financement-etranger-l-appel-de-ghannouchi-et-abdessalem-examine-le-17-mai\/213960\/#primaryimage"},"image":{"@id":"https:\/\/www.webdo.tn\/fr\/actualite\/national\/financement-etranger-l-appel-de-ghannouchi-et-abdessalem-examine-le-17-mai\/213960\/#primaryimage"},"thumbnailUrl":"https:\/\/www.webdo.tn\/fr\/wp-content\/uploads\/2024\/05\/48e0313de2b6c16d0adffb86975fb2e3.webp","datePublished":"2024-05-04T12:33:00+00:00","dateModified":"2025-05-20T22:13:09+00:00","description":"La Chambre p\u00e9nale de la Cour d'appel de Tunis a en effet d\u00e9cid\u00e9 de reporter l'examen de l'affaire du financement \u00e9tranger \u00e0 l'encontre du pr\u00e9sident du mouvement...","breadcrumb":{"@id":"https:\/\/www.webdo.tn\/fr\/actualite\/national\/financement-etranger-l-appel-de-ghannouchi-et-abdessalem-examine-le-17-mai\/213960\/#breadcrumb"},"inLanguage":"fr-FR","potentialAction":[{"@type":"ReadAction","target":["https:\/\/www.webdo.tn\/fr\/actualite\/national\/financement-etranger-l-appel-de-ghannouchi-et-abdessalem-examine-le-17-mai\/213960\/"]}]},{"@type":"ImageObject","inLanguage":"fr-FR","@id":"https:\/\/www.webdo.tn\/fr\/actualite\/national\/financement-etranger-l-appel-de-ghannouchi-et-abdessalem-examine-le-17-mai\/213960\/#primaryimage","url":"https:\/\/www.webdo.tn\/fr\/wp-content\/uploads\/2024\/05\/48e0313de2b6c16d0adffb86975fb2e3.webp","contentUrl":"https:\/\/www.webdo.tn\/fr\/wp-content\/uploads\/2024\/05\/48e0313de2b6c16d0adffb86975fb2e3.webp","width":750,"height":400,"caption":"Financement \u00e9tranger : L\u2019appel de Ghannouchi et Abdessalem examin\u00e9 le 17 mai"},{"@type":"BreadcrumbList","@id":"https:\/\/www.webdo.tn\/fr\/actualite\/national\/financement-etranger-l-appel-de-ghannouchi-et-abdessalem-examine-le-17-mai\/213960\/#breadcrumb","itemListElement":[{"@type":"ListItem","position":1,"name":"Accueil","item":"https:\/\/www.webdo.tn\/fr\/"},{"@type":"ListItem","position":2,"name":"Financement \u00e9tranger : L\u2019appel de Ghannouchi et Abdessalem examin\u00e9 le 17 mai"}]},{"@type":"WebSite","@id":"https:\/\/www.webdo.tn\/fr\/#website","url":"https:\/\/www.webdo.tn\/fr\/","name":"webdo","description":"Tunisie - News en Tunisie et \u00e0 l&#039;international sur Webdo.tn","publisher":{"@id":"https:\/\/www.webdo.tn\/fr\/#organization"},"potentialAction":[{"@type":"SearchAction","target":{"@type":"EntryPoint","urlTemplate":"https:\/\/www.webdo.tn\/fr\/?s={search_term_string}"},"query-input":{"@type":"PropertyValueSpecification","valueRequired":true,"valueName":"search_term_string"}}],"inLanguage":"fr-FR"},{"@type":"Organization","@id":"https:\/\/www.webdo.tn\/fr\/#organization","name":"Webdo","alternateName":"Webdo.tn","url":"https:\/\/www.webdo.tn\/fr\/","logo":{"@type":"ImageObject","inLanguage":"fr-FR","@id":"https:\/\/www.webdo.tn\/fr\/#\/schema\/logo\/image\/","url":"https:\/\/www.webdo.tn\/fr\/wp-content\/uploads\/2025\/06\/Webdo-Tunisie_168377.jpg","contentUrl":"https:\/\/www.webdo.tn\/fr\/wp-content\/uploads\/2025\/06\/Webdo-Tunisie_168377.jpg","width":301,"height":301,"caption":"Webdo"},"image":{"@id":"https:\/\/www.webdo.tn\/fr\/#\/schema\/logo\/image\/"},"sameAs":["https:\/\/www.facebook.com\/webdotn","https:\/\/x.com\/webdo_tn"],"description":"Webdo est un m\u00e9dia num\u00e9rique tunisien fond\u00e9 en 2010, sp\u00e9cialis\u00e9 dans l\u2019actualit\u00e9 nationale et internationale, l\u2019\u00e9conomie, la soci\u00e9t\u00e9 et les analyses politiques. Le site s\u2019adresse \u00e0 un large public francophone et couvre l\u2019information tunisienne en temps r\u00e9el.","email":"redac@webdo.tn","legalName":"YNJ SARL","foundingDate":"2010-09-06","numberOfEmployees":{"@type":"QuantitativeValue","minValue":"11","maxValue":"50"}},{"@type":"Person","@id":"https:\/\/www.webdo.tn\/fr\/#\/schema\/person\/2c4929cbf5a809e3bd38617c6ce150f6","name":"MC","image":{"@type":"ImageObject","inLanguage":"fr-FR","@id":"https:\/\/secure.gravatar.com\/avatar\/a545bbb6f84efdd5553dbbc2895e3ca8f1d12c5215e00a041c9670b54aa9b18a?s=96&d=mm&r=g","url":"https:\/\/secure.gravatar.com\/avatar\/a545bbb6f84efdd5553dbbc2895e3ca8f1d12c5215e00a041c9670b54aa9b18a?s=96&d=mm&r=g","contentUrl":"https:\/\/secure.gravatar.com\/avatar\/a545bbb6f84efdd5553dbbc2895e3ca8f1d12c5215e00a041c9670b54aa9b18a?s=96&d=mm&r=g","caption":"MC"},"url":"https:\/\/www.webdo.tn\/fr\/actualite\/author\/mc\/"}]}},"_links":{"self":[{"href":"https:\/\/www.webdo.tn\/fr\/wp-json\/wp\/v2\/posts\/213960","targetHints":{"allow":["GET"]}}],"collection":[{"href":"https:\/\/www.webdo.tn\/fr\/wp-json\/wp\/v2\/posts"}],"about":[{"href":"https:\/\/www.webdo.tn\/fr\/wp-json\/wp\/v2\/types\/post"}],"author":[{"embeddable":true,"href":"https:\/\/www.webdo.tn\/fr\/wp-json\/wp\/v2\/users\/3162"}],"replies":[{"embeddable":true,"href":"https:\/\/www.webdo.tn\/fr\/wp-json\/wp\/v2\/comments?post=213960"}],"version-history":[{"count":0,"href":"https:\/\/www.webdo.tn\/fr\/wp-json\/wp\/v2\/posts\/213960\/revisions"}],"wp:featuredmedia":[{"embeddable":true,"href":"https:\/\/www.webdo.tn\/fr\/wp-json\/wp\/v2\/media\/290556"}],"wp:attachment":[{"href":"https:\/\/www.webdo.tn\/fr\/wp-json\/wp\/v2\/media?parent=213960"}],"wp:term":[{"taxonomy":"category","embeddable":true,"href":"https:\/\/www.webdo.tn\/fr\/wp-json\/wp\/v2\/categories?post=213960"},{"taxonomy":"post_tag","embeddable":true,"href":"https:\/\/www.webdo.tn\/fr\/wp-json\/wp\/v2\/tags?post=213960"}],"curies":[{"name":"wp","href":"https:\/\/api.w.org\/{rel}","templated":true}]}}