{"id":213957,"date":"2024-05-04T10:52:00","date_gmt":"2024-05-04T10:52:00","guid":{"rendered":"https:\/\/www.webdo.tn\/fr\/blog\/sanctions-de-l-ama-medaillee-de-bronze-la-nageuse-habiba-belghith-privee-de-drapeau\/213957\/"},"modified":"2025-05-20T21:51:00","modified_gmt":"2025-05-20T21:51:00","slug":"sanctions-de-l-ama-medaillee-de-bronze-la-nageuse-habiba-belghith-privee-de-drapeau","status":"publish","type":"post","link":"https:\/\/www.webdo.tn\/fr\/actualite\/sport\/sanctions-de-l-ama-medaillee-de-bronze-la-nageuse-habiba-belghith-privee-de-drapeau\/213957\/","title":{"rendered":"Sanctions de l\u2019AMA : M\u00e9daill\u00e9e de bronze, la nageuse Habiba Belghith priv\u00e9e de drapeau"},"content":{"rendered":"<p>La nageuse Habiba Belghith a remport\u00e9 la m\u00e9daille de bronze du 100 m brasse aux championnats d\u2019Afrique de natation qui se d\u00e9roulent actuellement \u00e0 Luanda en Angola. Or, malgr\u00e9 sa victoire le drapeau tunisien n\u2019a pas \u00e9t\u00e9 hiss\u00e9 lors de la c\u00e9r\u00e9monie de remise des m\u00e9dailles, en raison des sanctions de l\u2019AMA \u00e0 l\u2019encontre de la Tunisie.<\/p>\n<p>\t\t\t\t\t\t\t\t\tLa nageuse Habiba Belghith a remport\u00e9 la m\u00e9daille de bronze du 100 m brasse aux championnats d\u2019Afrique de natation qui se d\u00e9roulent actuellement \u00e0 Luanda en Angola en 01:13:15.<\/p>\n<p>Malgr\u00e9 sa victoire la nageuse tunisienne a assist\u00e9, sans bouger, \u00e0 une c\u00e9r\u00e9monie de remise des m\u00e9dailles durant laquelle le drapeau tunisien est rest\u00e9 en berne. Le drapeau tunisien non hiss\u00e9, l\u2019explication tient du fait que la Tunisie est sous le coup des sanctions de l\u2019Agence mondiale antidopage (AMA).<\/p>\n<p>Il s\u2019agit de la premi\u00e8re fois dans l\u2019histoire du sport tunisien que le drapeau national est retir\u00e9 lors d\u2019une comp\u00e9tition internationale. De plus, le drapeau tunisien ne sera pas lev\u00e9 ni l\u2019hymne national jou\u00e9 lors de cette comp\u00e9tition en cas de victoire d\u2019un nageur tunisien pour la m\u00e9daille d\u2019or.<\/p>\n<p>Ces sanctions ont \u00e9t\u00e9 impos\u00e9es en raison du non-respect par les autorit\u00e9s sportives tunisiennes du code mondial antidopage. En vertu de la d\u00e9cision de l\u2019AMA, la Tunisie ne sera pas autoris\u00e9e \u00e0 organiser des comp\u00e9titions r\u00e9gionales, continentales ou mondiales dans n\u2019importe quelle discipline sportive.<\/p>\n<p>De m\u00eame, le drapeau tunisien ne sera pas hiss\u00e9 lors des prochains Jeux olympiques et paralympiques \u00e0 Paris durant l\u2019\u00e9t\u00e9 2024, tant que la Tunisie ne se conformera pas aux normes de l\u2019AMA.<\/p>\n<p>Ces sanctions sont d\u00e9finitives et avec \u00ab\u00a0effet imm\u00e9diat\u00a0\u00bb, selon le communiqu\u00e9 publi\u00e9 par l&rsquo;AMA cette semaine, qui reproche \u00e0 la Tunisie \u00ab\u00a0son incapacit\u00e9 \u00e0 mettre pleinement en \u0153uvre la version 2021 du code mondial antidopage au sein de son syst\u00e8me juridique\u00a0\u00bb.<\/p>\n<p>En effet, la Tunisie avait quatre mois, \u00e0 partir de novembre dernier, pour adopter un certain nombre de modifications aux textes l\u00e9gislatifs et r\u00e8glementaires pour se conformer au code du cadre juridique tunisien. Chose qui n&rsquo;a \u00e9videmment pas \u00e9t\u00e9 faite.<\/p>\n<p>En novembre 2023, lorsque l\u2019AMA avait envoy\u00e9 une correspondance \u00e0 la Tunisie l\u2019avertissant d\u2019\u00e9ventuelles sanctions, le porte-parole du minist\u00e8re de la Jeunesse et des Sports, Chokri Hamda, pr\u00e9cisait qu\u2019il ne s\u2019agissait que des conseils pour que que la Tunisie se conforme aux nouveaux amendements de l\u2019Agence.<\/p>\n<p>Le responsable avait insist\u00e9 sur le fait que la correspondance de l\u2019AMA est un acte de routine et tout ce que la presse a colport\u00e9 comme sanctions ne sont en d\u00e9finitive que des conseils adress\u00e9s \u00e0 la partie tunisienne pour se conformer au code mondial antidopage.<\/p>\n<p>Outre les sanctions cit\u00e9es ci-dessus et dont Chokri Hamda avait r\u00e9fut\u00e9 le caract\u00e8re ex\u00e9cutoire, l\u2019Agence Nationale Antidopage (ANAD) tunisienne perdra ses privil\u00e8ges de l&rsquo;AMA, jusqu&rsquo;\u00e0 ce que les conditions de r\u00e9int\u00e9gration \u00e9nonc\u00e9es soient remplies.<\/p>\n<p>Ses repr\u00e9sentants n&rsquo;auront plus le droit d&rsquo;\u00eatre \u00e9ligibles \u00e0 occuper un poste au sein de l&rsquo;AMA et ne pourront plus participer \u00e0 tout \u00e9v\u00e9nement organis\u00e9 par l&rsquo;Agence Mondiale Antidopage.<\/p>\n<p>L&rsquo;ANAD ne sera pas \u00e9ligible pour accueillir tout \u00e9v\u00e9nement h\u00e9berg\u00e9 ou organis\u00e9 ou co-organis\u00e9 par l&rsquo;AMA. Elle ne recevra aucun financement de l&rsquo;AMA (directement ou indirectement) li\u00e9 au d\u00e9veloppement d\u2019activit\u00e9s sp\u00e9cifiques ou la participation \u00e0 des programmes sp\u00e9cifiques.<\/p>\n","protected":false},"excerpt":{"rendered":"<p>La nageuse Habiba Belghith a remport\u00e9 la m\u00e9daille de bronze du 100 m brasse aux championnats d\u2019Afrique de natation qui se d\u00e9roulent actuellement \u00e0 Luanda en Ang&#8230;<\/p>\n","protected":false},"author":3162,"featured_media":247458,"comment_status":"open","ping_status":"closed","sticky":false,"template":"","format":"standard","meta":{"footnotes":""},"categories":[2593],"tags":[5792,6035,6070,3732,6584,6583,4987,2608],"class_list":["post-213957","post","type-post","status-publish","format-standard","has-post-thumbnail","hentry","category-sport","tag-ama","tag-anad","tag-dopage","tag-drapeau","tag-habiba-belghith","tag-medaille","tag-sanctions","tag-tunisie"],"yoast_head":"<!-- This site is optimized with the Yoast SEO Premium plugin v27.5 (Yoast SEO v27.5) - https:\/\/yoast.com\/product\/yoast-seo-premium-wordpress\/ -->\n<title>Sanctions de l\u2019AMA : M\u00e9daill\u00e9e de bronze, la nageuse Habiba Belghith priv\u00e9e de drapeau<\/title>\n<meta name=\"description\" content=\"La nageuse Habiba Belghith a remport\u00e9 la m\u00e9daille de bronze du 100 m brasse aux championnats d\u2019Afrique de natation qui se d\u00e9roulent actuellement \u00e0 Luanda en Ang...\" \/>\n<link rel=\"canonical\" href=\"https:\/\/www.webdo.tn\/fr\/actualite\/sport\/sanctions-de-l-ama-medaillee-de-bronze-la-nageuse-habiba-belghith-privee-de-drapeau\/213957\/\" \/>\n<meta property=\"og:locale\" content=\"fr_FR\" \/>\n<meta property=\"og:type\" content=\"article\" \/>\n<meta property=\"og:title\" content=\"Sanctions de l\u2019AMA : M\u00e9daill\u00e9e de bronze, la nageuse Habiba Belghith priv\u00e9e de drapeau\" \/>\n<meta property=\"og:description\" content=\"La nageuse Habiba Belghith a remport\u00e9 la m\u00e9daille de bronze du 100 m brasse aux championnats d\u2019Afrique de natation qui se d\u00e9roulent actuellement \u00e0 Luanda en Ang...\" \/>\n<meta property=\"og:url\" content=\"https:\/\/www.webdo.tn\/fr\/actualite\/sport\/sanctions-de-l-ama-medaillee-de-bronze-la-nageuse-habiba-belghith-privee-de-drapeau\/213957\/\" \/>\n<meta property=\"og:site_name\" content=\"webdo\" \/>\n<meta property=\"article:publisher\" content=\"https:\/\/www.facebook.com\/webdotn\" \/>\n<meta property=\"article:published_time\" content=\"2024-05-04T10:52:00+00:00\" \/>\n<meta property=\"article:modified_time\" content=\"2025-05-20T21:51:00+00:00\" \/>\n<meta property=\"og:image\" content=\"https:\/\/www.webdo.tn\/fr\/wp-content\/uploads\/2024\/05\/3053601d148c2fb2f24c32ae2e622070.webp\" \/>\n\t<meta property=\"og:image:width\" content=\"750\" \/>\n\t<meta property=\"og:image:height\" content=\"400\" \/>\n\t<meta property=\"og:image:type\" content=\"image\/webp\" \/>\n<meta name=\"author\" content=\"MC\" \/>\n<meta name=\"twitter:card\" content=\"summary_large_image\" \/>\n<meta name=\"twitter:creator\" content=\"@webdo_tn\" \/>\n<meta name=\"twitter:site\" content=\"@webdo_tn\" \/>\n<meta name=\"twitter:label1\" content=\"\u00c9crit par\" \/>\n\t<meta name=\"twitter:data1\" content=\"MC\" \/>\n\t<meta name=\"twitter:label2\" content=\"Dur\u00e9e de lecture estim\u00e9e\" \/>\n\t<meta name=\"twitter:data2\" content=\"3 minutes\" \/>\n<script type=\"application\/ld+json\" class=\"yoast-schema-graph\">{\"@context\":\"https:\\\/\\\/schema.org\",\"@graph\":[{\"@type\":\"NewsArticle\",\"@id\":\"https:\\\/\\\/www.webdo.tn\\\/fr\\\/actualite\\\/sport\\\/sanctions-de-l-ama-medaillee-de-bronze-la-nageuse-habiba-belghith-privee-de-drapeau\\\/213957\\\/#article\",\"isPartOf\":{\"@id\":\"https:\\\/\\\/www.webdo.tn\\\/fr\\\/actualite\\\/sport\\\/sanctions-de-l-ama-medaillee-de-bronze-la-nageuse-habiba-belghith-privee-de-drapeau\\\/213957\\\/\"},\"author\":{\"name\":\"MC\",\"@id\":\"https:\\\/\\\/www.webdo.tn\\\/fr\\\/#\\\/schema\\\/person\\\/2c4929cbf5a809e3bd38617c6ce150f6\"},\"headline\":\"Sanctions de l\u2019AMA : M\u00e9daill\u00e9e de bronze, la nageuse Habiba Belghith priv\u00e9e de drapeau\",\"datePublished\":\"2024-05-04T10:52:00+00:00\",\"dateModified\":\"2025-05-20T21:51:00+00:00\",\"mainEntityOfPage\":{\"@id\":\"https:\\\/\\\/www.webdo.tn\\\/fr\\\/actualite\\\/sport\\\/sanctions-de-l-ama-medaillee-de-bronze-la-nageuse-habiba-belghith-privee-de-drapeau\\\/213957\\\/\"},\"wordCount\":614,\"commentCount\":0,\"publisher\":{\"@id\":\"https:\\\/\\\/www.webdo.tn\\\/fr\\\/#organization\"},\"image\":{\"@id\":\"https:\\\/\\\/www.webdo.tn\\\/fr\\\/actualite\\\/sport\\\/sanctions-de-l-ama-medaillee-de-bronze-la-nageuse-habiba-belghith-privee-de-drapeau\\\/213957\\\/#primaryimage\"},\"thumbnailUrl\":\"https:\\\/\\\/www.webdo.tn\\\/fr\\\/wp-content\\\/uploads\\\/2024\\\/05\\\/3053601d148c2fb2f24c32ae2e622070.webp\",\"keywords\":[\"AMA\",\"ANAD\",\"dopage\",\"drapeau\",\"habiba belghith\",\"m\u00e9daille\",\"sanctions\",\"Tunisie\"],\"articleSection\":[\"Sport\"],\"inLanguage\":\"fr-FR\"},{\"@type\":\"WebPage\",\"@id\":\"https:\\\/\\\/www.webdo.tn\\\/fr\\\/actualite\\\/sport\\\/sanctions-de-l-ama-medaillee-de-bronze-la-nageuse-habiba-belghith-privee-de-drapeau\\\/213957\\\/\",\"url\":\"https:\\\/\\\/www.webdo.tn\\\/fr\\\/actualite\\\/sport\\\/sanctions-de-l-ama-medaillee-de-bronze-la-nageuse-habiba-belghith-privee-de-drapeau\\\/213957\\\/\",\"name\":\"Sanctions de l\u2019AMA : M\u00e9daill\u00e9e de bronze, la nageuse Habiba Belghith priv\u00e9e de drapeau\",\"isPartOf\":{\"@id\":\"https:\\\/\\\/www.webdo.tn\\\/fr\\\/#website\"},\"primaryImageOfPage\":{\"@id\":\"https:\\\/\\\/www.webdo.tn\\\/fr\\\/actualite\\\/sport\\\/sanctions-de-l-ama-medaillee-de-bronze-la-nageuse-habiba-belghith-privee-de-drapeau\\\/213957\\\/#primaryimage\"},\"image\":{\"@id\":\"https:\\\/\\\/www.webdo.tn\\\/fr\\\/actualite\\\/sport\\\/sanctions-de-l-ama-medaillee-de-bronze-la-nageuse-habiba-belghith-privee-de-drapeau\\\/213957\\\/#primaryimage\"},\"thumbnailUrl\":\"https:\\\/\\\/www.webdo.tn\\\/fr\\\/wp-content\\\/uploads\\\/2024\\\/05\\\/3053601d148c2fb2f24c32ae2e622070.webp\",\"datePublished\":\"2024-05-04T10:52:00+00:00\",\"dateModified\":\"2025-05-20T21:51:00+00:00\",\"description\":\"La nageuse Habiba Belghith a remport\u00e9 la m\u00e9daille de bronze du 100 m brasse aux championnats d\u2019Afrique de natation qui se d\u00e9roulent actuellement \u00e0 Luanda en Ang...\",\"breadcrumb\":{\"@id\":\"https:\\\/\\\/www.webdo.tn\\\/fr\\\/actualite\\\/sport\\\/sanctions-de-l-ama-medaillee-de-bronze-la-nageuse-habiba-belghith-privee-de-drapeau\\\/213957\\\/#breadcrumb\"},\"inLanguage\":\"fr-FR\",\"potentialAction\":[{\"@type\":\"ReadAction\",\"target\":[\"https:\\\/\\\/www.webdo.tn\\\/fr\\\/actualite\\\/sport\\\/sanctions-de-l-ama-medaillee-de-bronze-la-nageuse-habiba-belghith-privee-de-drapeau\\\/213957\\\/\"]}]},{\"@type\":\"ImageObject\",\"inLanguage\":\"fr-FR\",\"@id\":\"https:\\\/\\\/www.webdo.tn\\\/fr\\\/actualite\\\/sport\\\/sanctions-de-l-ama-medaillee-de-bronze-la-nageuse-habiba-belghith-privee-de-drapeau\\\/213957\\\/#primaryimage\",\"url\":\"https:\\\/\\\/www.webdo.tn\\\/fr\\\/wp-content\\\/uploads\\\/2024\\\/05\\\/3053601d148c2fb2f24c32ae2e622070.webp\",\"contentUrl\":\"https:\\\/\\\/www.webdo.tn\\\/fr\\\/wp-content\\\/uploads\\\/2024\\\/05\\\/3053601d148c2fb2f24c32ae2e622070.webp\",\"width\":750,\"height\":400,\"caption\":\"Sanctions de l\u2019AMA : M\u00e9daill\u00e9e de bronze, la nageuse Habiba Belghith priv\u00e9e de drapeau\"},{\"@type\":\"BreadcrumbList\",\"@id\":\"https:\\\/\\\/www.webdo.tn\\\/fr\\\/actualite\\\/sport\\\/sanctions-de-l-ama-medaillee-de-bronze-la-nageuse-habiba-belghith-privee-de-drapeau\\\/213957\\\/#breadcrumb\",\"itemListElement\":[{\"@type\":\"ListItem\",\"position\":1,\"name\":\"Accueil\",\"item\":\"https:\\\/\\\/www.webdo.tn\\\/fr\\\/\"},{\"@type\":\"ListItem\",\"position\":2,\"name\":\"Sanctions de l\u2019AMA : M\u00e9daill\u00e9e de bronze, la nageuse Habiba Belghith priv\u00e9e de drapeau\"}]},{\"@type\":\"WebSite\",\"@id\":\"https:\\\/\\\/www.webdo.tn\\\/fr\\\/#website\",\"url\":\"https:\\\/\\\/www.webdo.tn\\\/fr\\\/\",\"name\":\"webdo\",\"description\":\"Tunisie - News en Tunisie et \u00e0 l&#039;international sur Webdo.tn\",\"publisher\":{\"@id\":\"https:\\\/\\\/www.webdo.tn\\\/fr\\\/#organization\"},\"potentialAction\":[{\"@type\":\"SearchAction\",\"target\":{\"@type\":\"EntryPoint\",\"urlTemplate\":\"https:\\\/\\\/www.webdo.tn\\\/fr\\\/?s={search_term_string}\"},\"query-input\":{\"@type\":\"PropertyValueSpecification\",\"valueRequired\":true,\"valueName\":\"search_term_string\"}}],\"inLanguage\":\"fr-FR\"},{\"@type\":\"Organization\",\"@id\":\"https:\\\/\\\/www.webdo.tn\\\/fr\\\/#organization\",\"name\":\"Webdo\",\"alternateName\":\"Webdo.tn\",\"url\":\"https:\\\/\\\/www.webdo.tn\\\/fr\\\/\",\"logo\":{\"@type\":\"ImageObject\",\"inLanguage\":\"fr-FR\",\"@id\":\"https:\\\/\\\/www.webdo.tn\\\/fr\\\/#\\\/schema\\\/logo\\\/image\\\/\",\"url\":\"https:\\\/\\\/www.webdo.tn\\\/fr\\\/wp-content\\\/uploads\\\/2025\\\/06\\\/Webdo-Tunisie_168377.jpg\",\"contentUrl\":\"https:\\\/\\\/www.webdo.tn\\\/fr\\\/wp-content\\\/uploads\\\/2025\\\/06\\\/Webdo-Tunisie_168377.jpg\",\"width\":301,\"height\":301,\"caption\":\"Webdo\"},\"image\":{\"@id\":\"https:\\\/\\\/www.webdo.tn\\\/fr\\\/#\\\/schema\\\/logo\\\/image\\\/\"},\"sameAs\":[\"https:\\\/\\\/www.facebook.com\\\/webdotn\",\"https:\\\/\\\/x.com\\\/webdo_tn\"],\"description\":\"Webdo est un m\u00e9dia num\u00e9rique tunisien fond\u00e9 en 2010, sp\u00e9cialis\u00e9 dans l\u2019actualit\u00e9 nationale et internationale, l\u2019\u00e9conomie, la soci\u00e9t\u00e9 et les analyses politiques. Le site s\u2019adresse \u00e0 un large public francophone et couvre l\u2019information tunisienne en temps r\u00e9el.\",\"email\":\"redac@webdo.tn\",\"legalName\":\"YNJ SARL\",\"foundingDate\":\"2010-09-06\",\"numberOfEmployees\":{\"@type\":\"QuantitativeValue\",\"minValue\":\"11\",\"maxValue\":\"50\"}},{\"@type\":\"Person\",\"@id\":\"https:\\\/\\\/www.webdo.tn\\\/fr\\\/#\\\/schema\\\/person\\\/2c4929cbf5a809e3bd38617c6ce150f6\",\"name\":\"MC\",\"image\":{\"@type\":\"ImageObject\",\"inLanguage\":\"fr-FR\",\"@id\":\"https:\\\/\\\/secure.gravatar.com\\\/avatar\\\/a545bbb6f84efdd5553dbbc2895e3ca8f1d12c5215e00a041c9670b54aa9b18a?s=96&d=mm&r=g\",\"url\":\"https:\\\/\\\/secure.gravatar.com\\\/avatar\\\/a545bbb6f84efdd5553dbbc2895e3ca8f1d12c5215e00a041c9670b54aa9b18a?s=96&d=mm&r=g\",\"contentUrl\":\"https:\\\/\\\/secure.gravatar.com\\\/avatar\\\/a545bbb6f84efdd5553dbbc2895e3ca8f1d12c5215e00a041c9670b54aa9b18a?s=96&d=mm&r=g\",\"caption\":\"MC\"},\"url\":\"https:\\\/\\\/www.webdo.tn\\\/fr\\\/actualite\\\/author\\\/mc\\\/\"}]}<\/script>\n<!-- \/ Yoast SEO Premium plugin. -->","yoast_head_json":{"title":"Sanctions de l\u2019AMA : M\u00e9daill\u00e9e de bronze, la nageuse Habiba Belghith priv\u00e9e de drapeau","description":"La nageuse Habiba Belghith a remport\u00e9 la m\u00e9daille de bronze du 100 m brasse aux championnats d\u2019Afrique de natation qui se d\u00e9roulent actuellement \u00e0 Luanda en Ang...","canonical":"https:\/\/www.webdo.tn\/fr\/actualite\/sport\/sanctions-de-l-ama-medaillee-de-bronze-la-nageuse-habiba-belghith-privee-de-drapeau\/213957\/","og_locale":"fr_FR","og_type":"article","og_title":"Sanctions de l\u2019AMA : M\u00e9daill\u00e9e de bronze, la nageuse Habiba Belghith priv\u00e9e de drapeau","og_description":"La nageuse Habiba Belghith a remport\u00e9 la m\u00e9daille de bronze du 100 m brasse aux championnats d\u2019Afrique de natation qui se d\u00e9roulent actuellement \u00e0 Luanda en Ang...","og_url":"https:\/\/www.webdo.tn\/fr\/actualite\/sport\/sanctions-de-l-ama-medaillee-de-bronze-la-nageuse-habiba-belghith-privee-de-drapeau\/213957\/","og_site_name":"webdo","article_publisher":"https:\/\/www.facebook.com\/webdotn","article_published_time":"2024-05-04T10:52:00+00:00","article_modified_time":"2025-05-20T21:51:00+00:00","og_image":[{"width":750,"height":400,"url":"https:\/\/www.webdo.tn\/fr\/wp-content\/uploads\/2024\/05\/3053601d148c2fb2f24c32ae2e622070.webp","type":"image\/webp"}],"author":"MC","twitter_card":"summary_large_image","twitter_creator":"@webdo_tn","twitter_site":"@webdo_tn","twitter_misc":{"\u00c9crit par":"MC","Dur\u00e9e de lecture estim\u00e9e":"3 minutes"},"schema":{"@context":"https:\/\/schema.org","@graph":[{"@type":"NewsArticle","@id":"https:\/\/www.webdo.tn\/fr\/actualite\/sport\/sanctions-de-l-ama-medaillee-de-bronze-la-nageuse-habiba-belghith-privee-de-drapeau\/213957\/#article","isPartOf":{"@id":"https:\/\/www.webdo.tn\/fr\/actualite\/sport\/sanctions-de-l-ama-medaillee-de-bronze-la-nageuse-habiba-belghith-privee-de-drapeau\/213957\/"},"author":{"name":"MC","@id":"https:\/\/www.webdo.tn\/fr\/#\/schema\/person\/2c4929cbf5a809e3bd38617c6ce150f6"},"headline":"Sanctions de l\u2019AMA : M\u00e9daill\u00e9e de bronze, la nageuse Habiba Belghith priv\u00e9e de drapeau","datePublished":"2024-05-04T10:52:00+00:00","dateModified":"2025-05-20T21:51:00+00:00","mainEntityOfPage":{"@id":"https:\/\/www.webdo.tn\/fr\/actualite\/sport\/sanctions-de-l-ama-medaillee-de-bronze-la-nageuse-habiba-belghith-privee-de-drapeau\/213957\/"},"wordCount":614,"commentCount":0,"publisher":{"@id":"https:\/\/www.webdo.tn\/fr\/#organization"},"image":{"@id":"https:\/\/www.webdo.tn\/fr\/actualite\/sport\/sanctions-de-l-ama-medaillee-de-bronze-la-nageuse-habiba-belghith-privee-de-drapeau\/213957\/#primaryimage"},"thumbnailUrl":"https:\/\/www.webdo.tn\/fr\/wp-content\/uploads\/2024\/05\/3053601d148c2fb2f24c32ae2e622070.webp","keywords":["AMA","ANAD","dopage","drapeau","habiba belghith","m\u00e9daille","sanctions","Tunisie"],"articleSection":["Sport"],"inLanguage":"fr-FR"},{"@type":"WebPage","@id":"https:\/\/www.webdo.tn\/fr\/actualite\/sport\/sanctions-de-l-ama-medaillee-de-bronze-la-nageuse-habiba-belghith-privee-de-drapeau\/213957\/","url":"https:\/\/www.webdo.tn\/fr\/actualite\/sport\/sanctions-de-l-ama-medaillee-de-bronze-la-nageuse-habiba-belghith-privee-de-drapeau\/213957\/","name":"Sanctions de l\u2019AMA : M\u00e9daill\u00e9e de bronze, la nageuse Habiba Belghith priv\u00e9e de drapeau","isPartOf":{"@id":"https:\/\/www.webdo.tn\/fr\/#website"},"primaryImageOfPage":{"@id":"https:\/\/www.webdo.tn\/fr\/actualite\/sport\/sanctions-de-l-ama-medaillee-de-bronze-la-nageuse-habiba-belghith-privee-de-drapeau\/213957\/#primaryimage"},"image":{"@id":"https:\/\/www.webdo.tn\/fr\/actualite\/sport\/sanctions-de-l-ama-medaillee-de-bronze-la-nageuse-habiba-belghith-privee-de-drapeau\/213957\/#primaryimage"},"thumbnailUrl":"https:\/\/www.webdo.tn\/fr\/wp-content\/uploads\/2024\/05\/3053601d148c2fb2f24c32ae2e622070.webp","datePublished":"2024-05-04T10:52:00+00:00","dateModified":"2025-05-20T21:51:00+00:00","description":"La nageuse Habiba Belghith a remport\u00e9 la m\u00e9daille de bronze du 100 m brasse aux championnats d\u2019Afrique de natation qui se d\u00e9roulent actuellement \u00e0 Luanda en Ang...","breadcrumb":{"@id":"https:\/\/www.webdo.tn\/fr\/actualite\/sport\/sanctions-de-l-ama-medaillee-de-bronze-la-nageuse-habiba-belghith-privee-de-drapeau\/213957\/#breadcrumb"},"inLanguage":"fr-FR","potentialAction":[{"@type":"ReadAction","target":["https:\/\/www.webdo.tn\/fr\/actualite\/sport\/sanctions-de-l-ama-medaillee-de-bronze-la-nageuse-habiba-belghith-privee-de-drapeau\/213957\/"]}]},{"@type":"ImageObject","inLanguage":"fr-FR","@id":"https:\/\/www.webdo.tn\/fr\/actualite\/sport\/sanctions-de-l-ama-medaillee-de-bronze-la-nageuse-habiba-belghith-privee-de-drapeau\/213957\/#primaryimage","url":"https:\/\/www.webdo.tn\/fr\/wp-content\/uploads\/2024\/05\/3053601d148c2fb2f24c32ae2e622070.webp","contentUrl":"https:\/\/www.webdo.tn\/fr\/wp-content\/uploads\/2024\/05\/3053601d148c2fb2f24c32ae2e622070.webp","width":750,"height":400,"caption":"Sanctions de l\u2019AMA : M\u00e9daill\u00e9e de bronze, la nageuse Habiba Belghith priv\u00e9e de drapeau"},{"@type":"BreadcrumbList","@id":"https:\/\/www.webdo.tn\/fr\/actualite\/sport\/sanctions-de-l-ama-medaillee-de-bronze-la-nageuse-habiba-belghith-privee-de-drapeau\/213957\/#breadcrumb","itemListElement":[{"@type":"ListItem","position":1,"name":"Accueil","item":"https:\/\/www.webdo.tn\/fr\/"},{"@type":"ListItem","position":2,"name":"Sanctions de l\u2019AMA : M\u00e9daill\u00e9e de bronze, la nageuse Habiba Belghith priv\u00e9e de drapeau"}]},{"@type":"WebSite","@id":"https:\/\/www.webdo.tn\/fr\/#website","url":"https:\/\/www.webdo.tn\/fr\/","name":"webdo","description":"Tunisie - News en Tunisie et \u00e0 l&#039;international sur Webdo.tn","publisher":{"@id":"https:\/\/www.webdo.tn\/fr\/#organization"},"potentialAction":[{"@type":"SearchAction","target":{"@type":"EntryPoint","urlTemplate":"https:\/\/www.webdo.tn\/fr\/?s={search_term_string}"},"query-input":{"@type":"PropertyValueSpecification","valueRequired":true,"valueName":"search_term_string"}}],"inLanguage":"fr-FR"},{"@type":"Organization","@id":"https:\/\/www.webdo.tn\/fr\/#organization","name":"Webdo","alternateName":"Webdo.tn","url":"https:\/\/www.webdo.tn\/fr\/","logo":{"@type":"ImageObject","inLanguage":"fr-FR","@id":"https:\/\/www.webdo.tn\/fr\/#\/schema\/logo\/image\/","url":"https:\/\/www.webdo.tn\/fr\/wp-content\/uploads\/2025\/06\/Webdo-Tunisie_168377.jpg","contentUrl":"https:\/\/www.webdo.tn\/fr\/wp-content\/uploads\/2025\/06\/Webdo-Tunisie_168377.jpg","width":301,"height":301,"caption":"Webdo"},"image":{"@id":"https:\/\/www.webdo.tn\/fr\/#\/schema\/logo\/image\/"},"sameAs":["https:\/\/www.facebook.com\/webdotn","https:\/\/x.com\/webdo_tn"],"description":"Webdo est un m\u00e9dia num\u00e9rique tunisien fond\u00e9 en 2010, sp\u00e9cialis\u00e9 dans l\u2019actualit\u00e9 nationale et internationale, l\u2019\u00e9conomie, la soci\u00e9t\u00e9 et les analyses politiques. Le site s\u2019adresse \u00e0 un large public francophone et couvre l\u2019information tunisienne en temps r\u00e9el.","email":"redac@webdo.tn","legalName":"YNJ SARL","foundingDate":"2010-09-06","numberOfEmployees":{"@type":"QuantitativeValue","minValue":"11","maxValue":"50"}},{"@type":"Person","@id":"https:\/\/www.webdo.tn\/fr\/#\/schema\/person\/2c4929cbf5a809e3bd38617c6ce150f6","name":"MC","image":{"@type":"ImageObject","inLanguage":"fr-FR","@id":"https:\/\/secure.gravatar.com\/avatar\/a545bbb6f84efdd5553dbbc2895e3ca8f1d12c5215e00a041c9670b54aa9b18a?s=96&d=mm&r=g","url":"https:\/\/secure.gravatar.com\/avatar\/a545bbb6f84efdd5553dbbc2895e3ca8f1d12c5215e00a041c9670b54aa9b18a?s=96&d=mm&r=g","contentUrl":"https:\/\/secure.gravatar.com\/avatar\/a545bbb6f84efdd5553dbbc2895e3ca8f1d12c5215e00a041c9670b54aa9b18a?s=96&d=mm&r=g","caption":"MC"},"url":"https:\/\/www.webdo.tn\/fr\/actualite\/author\/mc\/"}]}},"_links":{"self":[{"href":"https:\/\/www.webdo.tn\/fr\/wp-json\/wp\/v2\/posts\/213957","targetHints":{"allow":["GET"]}}],"collection":[{"href":"https:\/\/www.webdo.tn\/fr\/wp-json\/wp\/v2\/posts"}],"about":[{"href":"https:\/\/www.webdo.tn\/fr\/wp-json\/wp\/v2\/types\/post"}],"author":[{"embeddable":true,"href":"https:\/\/www.webdo.tn\/fr\/wp-json\/wp\/v2\/users\/3162"}],"replies":[{"embeddable":true,"href":"https:\/\/www.webdo.tn\/fr\/wp-json\/wp\/v2\/comments?post=213957"}],"version-history":[{"count":0,"href":"https:\/\/www.webdo.tn\/fr\/wp-json\/wp\/v2\/posts\/213957\/revisions"}],"wp:featuredmedia":[{"embeddable":true,"href":"https:\/\/www.webdo.tn\/fr\/wp-json\/wp\/v2\/media\/247458"}],"wp:attachment":[{"href":"https:\/\/www.webdo.tn\/fr\/wp-json\/wp\/v2\/media?parent=213957"}],"wp:term":[{"taxonomy":"category","embeddable":true,"href":"https:\/\/www.webdo.tn\/fr\/wp-json\/wp\/v2\/categories?post=213957"},{"taxonomy":"post_tag","embeddable":true,"href":"https:\/\/www.webdo.tn\/fr\/wp-json\/wp\/v2\/tags?post=213957"}],"curies":[{"name":"wp","href":"https:\/\/api.w.org\/{rel}","templated":true}]}}