{"id":213941,"date":"2024-05-03T12:14:00","date_gmt":"2024-05-03T12:14:00","guid":{"rendered":"https:\/\/www.webdo.tn\/fr\/blog\/ldc-les-dates-de-la-finale-entre-l-es-tunis-et-al-ahly\/213941\/"},"modified":"2025-05-20T21:50:58","modified_gmt":"2025-05-20T21:50:58","slug":"ldc-les-dates-de-la-finale-entre-l-es-tunis-et-al-ahly","status":"publish","type":"post","link":"https:\/\/www.webdo.tn\/fr\/actualite\/sport\/ldc-les-dates-de-la-finale-entre-l-es-tunis-et-al-ahly\/213941\/","title":{"rendered":"LDC : Les dates de la finale entre l&rsquo;ES Tunis et Al Ahly"},"content":{"rendered":"<p>La Conf\u00e9d\u00e9ration africaine de football (CAF) a fix\u00e9 les dates de la finale de la Ligue des champions africaine qui va opposer l&rsquo;Esp\u00e9rance Sportive de Tunis \u00e0 Al Ahly du Caire.<\/p>\n<p>Le match aller se jouera au stade Hamadi Agrebi de Rad\u00e8s, samedi 18 mai \u00e0 20h00 alors que le match retour aura lieu au stade du Caire, une semaine apr\u00e8s, samedi 25 mai \u00e0 18h00, heure tunisienne.<\/p>\n","protected":false},"excerpt":{"rendered":"<p>La Conf\u00e9d\u00e9ration africaine de football (CAF) a fix\u00e9 les dates de la finale de la Ligue des champions africaine qui va opposer l&rsquo;Esp\u00e9rance Sportive de Tunis \u00e0 Al&#8230;<\/p>\n","protected":false},"author":3162,"featured_media":247449,"comment_status":"open","ping_status":"closed","sticky":false,"template":"","format":"standard","meta":{"footnotes":""},"categories":[2593],"tags":[6484,3135,3893,4676,2622,4790,3136],"class_list":["post-213941","post","type-post","status-publish","format-standard","has-post-thumbnail","hentry","category-sport","tag-al-ahly","tag-caf","tag-es-tunis","tag-finale","tag-football","tag-ldc","tag-ligue-des-champions"],"yoast_head":"<!-- This site is optimized with the Yoast SEO Premium plugin v27.4 (Yoast SEO v27.5) - https:\/\/yoast.com\/product\/yoast-seo-premium-wordpress\/ -->\n<title>LDC : Les dates de la finale entre l&#039;ES Tunis et Al Ahly<\/title>\n<meta name=\"description\" content=\"La Conf\u00e9d\u00e9ration africaine de football (CAF) a fix\u00e9 les dates de la finale de la Ligue des champions africaine qui va opposer l&#039;Esp\u00e9rance Sportive de Tunis \u00e0 Al...\" \/>\n<link rel=\"canonical\" href=\"https:\/\/www.webdo.tn\/fr\/actualite\/sport\/ldc-les-dates-de-la-finale-entre-l-es-tunis-et-al-ahly\/213941\/\" \/>\n<meta property=\"og:locale\" content=\"fr_FR\" \/>\n<meta property=\"og:type\" content=\"article\" \/>\n<meta property=\"og:title\" content=\"LDC : Les dates de la finale entre l&#039;ES Tunis et Al Ahly\" \/>\n<meta property=\"og:description\" content=\"La Conf\u00e9d\u00e9ration africaine de football (CAF) a fix\u00e9 les dates de la finale de la Ligue des champions africaine qui va opposer l&#039;Esp\u00e9rance Sportive de Tunis \u00e0 Al...\" \/>\n<meta property=\"og:url\" content=\"https:\/\/www.webdo.tn\/fr\/actualite\/sport\/ldc-les-dates-de-la-finale-entre-l-es-tunis-et-al-ahly\/213941\/\" \/>\n<meta property=\"og:site_name\" content=\"webdo\" \/>\n<meta property=\"article:publisher\" content=\"https:\/\/www.facebook.com\/webdotn\" \/>\n<meta property=\"article:published_time\" content=\"2024-05-03T12:14:00+00:00\" \/>\n<meta property=\"article:modified_time\" content=\"2025-05-20T21:50:58+00:00\" \/>\n<meta property=\"og:image\" content=\"https:\/\/www.webdo.tn\/fr\/wp-content\/uploads\/2024\/05\/eb8a5983f6a1f68b067a38b9ecadbd0c.webp\" \/>\n\t<meta property=\"og:image:width\" content=\"750\" \/>\n\t<meta property=\"og:image:height\" content=\"400\" \/>\n\t<meta property=\"og:image:type\" content=\"image\/webp\" \/>\n<meta name=\"author\" content=\"MC\" \/>\n<meta name=\"twitter:card\" content=\"summary_large_image\" \/>\n<meta name=\"twitter:creator\" content=\"@webdo_tn\" \/>\n<meta name=\"twitter:site\" content=\"@webdo_tn\" \/>\n<meta name=\"twitter:label1\" content=\"\u00c9crit par\" \/>\n\t<meta name=\"twitter:data1\" content=\"MC\" \/>\n<script type=\"application\/ld+json\" class=\"yoast-schema-graph\">{\"@context\":\"https:\\\/\\\/schema.org\",\"@graph\":[{\"@type\":\"NewsArticle\",\"@id\":\"https:\\\/\\\/www.webdo.tn\\\/fr\\\/actualite\\\/sport\\\/ldc-les-dates-de-la-finale-entre-l-es-tunis-et-al-ahly\\\/213941\\\/#article\",\"isPartOf\":{\"@id\":\"https:\\\/\\\/www.webdo.tn\\\/fr\\\/actualite\\\/sport\\\/ldc-les-dates-de-la-finale-entre-l-es-tunis-et-al-ahly\\\/213941\\\/\"},\"author\":{\"name\":\"MC\",\"@id\":\"https:\\\/\\\/www.webdo.tn\\\/fr\\\/#\\\/schema\\\/person\\\/2c4929cbf5a809e3bd38617c6ce150f6\"},\"headline\":\"LDC : Les dates de la finale entre l&rsquo;ES Tunis et Al Ahly\",\"datePublished\":\"2024-05-03T12:14:00+00:00\",\"dateModified\":\"2025-05-20T21:50:58+00:00\",\"mainEntityOfPage\":{\"@id\":\"https:\\\/\\\/www.webdo.tn\\\/fr\\\/actualite\\\/sport\\\/ldc-les-dates-de-la-finale-entre-l-es-tunis-et-al-ahly\\\/213941\\\/\"},\"wordCount\":82,\"commentCount\":0,\"publisher\":{\"@id\":\"https:\\\/\\\/www.webdo.tn\\\/fr\\\/#organization\"},\"image\":{\"@id\":\"https:\\\/\\\/www.webdo.tn\\\/fr\\\/actualite\\\/sport\\\/ldc-les-dates-de-la-finale-entre-l-es-tunis-et-al-ahly\\\/213941\\\/#primaryimage\"},\"thumbnailUrl\":\"https:\\\/\\\/www.webdo.tn\\\/fr\\\/wp-content\\\/uploads\\\/2024\\\/05\\\/eb8a5983f6a1f68b067a38b9ecadbd0c.webp\",\"keywords\":[\"al ahly\",\"CAF\",\"ES Tunis\",\"finale\",\"football\",\"LDC\",\"ligue des champions\"],\"articleSection\":[\"Sport\"],\"inLanguage\":\"fr-FR\"},{\"@type\":\"WebPage\",\"@id\":\"https:\\\/\\\/www.webdo.tn\\\/fr\\\/actualite\\\/sport\\\/ldc-les-dates-de-la-finale-entre-l-es-tunis-et-al-ahly\\\/213941\\\/\",\"url\":\"https:\\\/\\\/www.webdo.tn\\\/fr\\\/actualite\\\/sport\\\/ldc-les-dates-de-la-finale-entre-l-es-tunis-et-al-ahly\\\/213941\\\/\",\"name\":\"LDC : Les dates de la finale entre l'ES Tunis et Al Ahly\",\"isPartOf\":{\"@id\":\"https:\\\/\\\/www.webdo.tn\\\/fr\\\/#website\"},\"primaryImageOfPage\":{\"@id\":\"https:\\\/\\\/www.webdo.tn\\\/fr\\\/actualite\\\/sport\\\/ldc-les-dates-de-la-finale-entre-l-es-tunis-et-al-ahly\\\/213941\\\/#primaryimage\"},\"image\":{\"@id\":\"https:\\\/\\\/www.webdo.tn\\\/fr\\\/actualite\\\/sport\\\/ldc-les-dates-de-la-finale-entre-l-es-tunis-et-al-ahly\\\/213941\\\/#primaryimage\"},\"thumbnailUrl\":\"https:\\\/\\\/www.webdo.tn\\\/fr\\\/wp-content\\\/uploads\\\/2024\\\/05\\\/eb8a5983f6a1f68b067a38b9ecadbd0c.webp\",\"datePublished\":\"2024-05-03T12:14:00+00:00\",\"dateModified\":\"2025-05-20T21:50:58+00:00\",\"description\":\"La Conf\u00e9d\u00e9ration africaine de football (CAF) a fix\u00e9 les dates de la finale de la Ligue des champions africaine qui va opposer l'Esp\u00e9rance Sportive de Tunis \u00e0 Al...\",\"breadcrumb\":{\"@id\":\"https:\\\/\\\/www.webdo.tn\\\/fr\\\/actualite\\\/sport\\\/ldc-les-dates-de-la-finale-entre-l-es-tunis-et-al-ahly\\\/213941\\\/#breadcrumb\"},\"inLanguage\":\"fr-FR\",\"potentialAction\":[{\"@type\":\"ReadAction\",\"target\":[\"https:\\\/\\\/www.webdo.tn\\\/fr\\\/actualite\\\/sport\\\/ldc-les-dates-de-la-finale-entre-l-es-tunis-et-al-ahly\\\/213941\\\/\"]}]},{\"@type\":\"ImageObject\",\"inLanguage\":\"fr-FR\",\"@id\":\"https:\\\/\\\/www.webdo.tn\\\/fr\\\/actualite\\\/sport\\\/ldc-les-dates-de-la-finale-entre-l-es-tunis-et-al-ahly\\\/213941\\\/#primaryimage\",\"url\":\"https:\\\/\\\/www.webdo.tn\\\/fr\\\/wp-content\\\/uploads\\\/2024\\\/05\\\/eb8a5983f6a1f68b067a38b9ecadbd0c.webp\",\"contentUrl\":\"https:\\\/\\\/www.webdo.tn\\\/fr\\\/wp-content\\\/uploads\\\/2024\\\/05\\\/eb8a5983f6a1f68b067a38b9ecadbd0c.webp\",\"width\":750,\"height\":400,\"caption\":\"LDC : Les dates de la finale entre l'ES Tunis et Al Ahly\"},{\"@type\":\"BreadcrumbList\",\"@id\":\"https:\\\/\\\/www.webdo.tn\\\/fr\\\/actualite\\\/sport\\\/ldc-les-dates-de-la-finale-entre-l-es-tunis-et-al-ahly\\\/213941\\\/#breadcrumb\",\"itemListElement\":[{\"@type\":\"ListItem\",\"position\":1,\"name\":\"Accueil\",\"item\":\"https:\\\/\\\/www.webdo.tn\\\/fr\\\/\"},{\"@type\":\"ListItem\",\"position\":2,\"name\":\"LDC : Les dates de la finale entre l&rsquo;ES Tunis et Al Ahly\"}]},{\"@type\":\"WebSite\",\"@id\":\"https:\\\/\\\/www.webdo.tn\\\/fr\\\/#website\",\"url\":\"https:\\\/\\\/www.webdo.tn\\\/fr\\\/\",\"name\":\"webdo\",\"description\":\"Tunisie - News en Tunisie et \u00e0 l&#039;international sur Webdo.tn\",\"publisher\":{\"@id\":\"https:\\\/\\\/www.webdo.tn\\\/fr\\\/#organization\"},\"potentialAction\":[{\"@type\":\"SearchAction\",\"target\":{\"@type\":\"EntryPoint\",\"urlTemplate\":\"https:\\\/\\\/www.webdo.tn\\\/fr\\\/?s={search_term_string}\"},\"query-input\":{\"@type\":\"PropertyValueSpecification\",\"valueRequired\":true,\"valueName\":\"search_term_string\"}}],\"inLanguage\":\"fr-FR\"},{\"@type\":\"Organization\",\"@id\":\"https:\\\/\\\/www.webdo.tn\\\/fr\\\/#organization\",\"name\":\"Webdo\",\"alternateName\":\"Webdo.tn\",\"url\":\"https:\\\/\\\/www.webdo.tn\\\/fr\\\/\",\"logo\":{\"@type\":\"ImageObject\",\"inLanguage\":\"fr-FR\",\"@id\":\"https:\\\/\\\/www.webdo.tn\\\/fr\\\/#\\\/schema\\\/logo\\\/image\\\/\",\"url\":\"https:\\\/\\\/www.webdo.tn\\\/fr\\\/wp-content\\\/uploads\\\/2025\\\/06\\\/Webdo-Tunisie_168377.jpg\",\"contentUrl\":\"https:\\\/\\\/www.webdo.tn\\\/fr\\\/wp-content\\\/uploads\\\/2025\\\/06\\\/Webdo-Tunisie_168377.jpg\",\"width\":301,\"height\":301,\"caption\":\"Webdo\"},\"image\":{\"@id\":\"https:\\\/\\\/www.webdo.tn\\\/fr\\\/#\\\/schema\\\/logo\\\/image\\\/\"},\"sameAs\":[\"https:\\\/\\\/www.facebook.com\\\/webdotn\",\"https:\\\/\\\/x.com\\\/webdo_tn\"],\"description\":\"Webdo est un m\u00e9dia num\u00e9rique tunisien fond\u00e9 en 2010, sp\u00e9cialis\u00e9 dans l\u2019actualit\u00e9 nationale et internationale, l\u2019\u00e9conomie, la soci\u00e9t\u00e9 et les analyses politiques. Le site s\u2019adresse \u00e0 un large public francophone et couvre l\u2019information tunisienne en temps r\u00e9el.\",\"email\":\"redac@webdo.tn\",\"legalName\":\"YNJ SARL\",\"foundingDate\":\"2010-09-06\",\"numberOfEmployees\":{\"@type\":\"QuantitativeValue\",\"minValue\":\"11\",\"maxValue\":\"50\"}},{\"@type\":\"Person\",\"@id\":\"https:\\\/\\\/www.webdo.tn\\\/fr\\\/#\\\/schema\\\/person\\\/2c4929cbf5a809e3bd38617c6ce150f6\",\"name\":\"MC\",\"image\":{\"@type\":\"ImageObject\",\"inLanguage\":\"fr-FR\",\"@id\":\"https:\\\/\\\/secure.gravatar.com\\\/avatar\\\/a545bbb6f84efdd5553dbbc2895e3ca8f1d12c5215e00a041c9670b54aa9b18a?s=96&d=mm&r=g\",\"url\":\"https:\\\/\\\/secure.gravatar.com\\\/avatar\\\/a545bbb6f84efdd5553dbbc2895e3ca8f1d12c5215e00a041c9670b54aa9b18a?s=96&d=mm&r=g\",\"contentUrl\":\"https:\\\/\\\/secure.gravatar.com\\\/avatar\\\/a545bbb6f84efdd5553dbbc2895e3ca8f1d12c5215e00a041c9670b54aa9b18a?s=96&d=mm&r=g\",\"caption\":\"MC\"},\"url\":\"https:\\\/\\\/www.webdo.tn\\\/fr\\\/actualite\\\/author\\\/mc\\\/\"}]}<\/script>\n<!-- \/ Yoast SEO Premium plugin. -->","yoast_head_json":{"title":"LDC : Les dates de la finale entre l'ES Tunis et Al Ahly","description":"La Conf\u00e9d\u00e9ration africaine de football (CAF) a fix\u00e9 les dates de la finale de la Ligue des champions africaine qui va opposer l'Esp\u00e9rance Sportive de Tunis \u00e0 Al...","canonical":"https:\/\/www.webdo.tn\/fr\/actualite\/sport\/ldc-les-dates-de-la-finale-entre-l-es-tunis-et-al-ahly\/213941\/","og_locale":"fr_FR","og_type":"article","og_title":"LDC : Les dates de la finale entre l'ES Tunis et Al Ahly","og_description":"La Conf\u00e9d\u00e9ration africaine de football (CAF) a fix\u00e9 les dates de la finale de la Ligue des champions africaine qui va opposer l'Esp\u00e9rance Sportive de Tunis \u00e0 Al...","og_url":"https:\/\/www.webdo.tn\/fr\/actualite\/sport\/ldc-les-dates-de-la-finale-entre-l-es-tunis-et-al-ahly\/213941\/","og_site_name":"webdo","article_publisher":"https:\/\/www.facebook.com\/webdotn","article_published_time":"2024-05-03T12:14:00+00:00","article_modified_time":"2025-05-20T21:50:58+00:00","og_image":[{"width":750,"height":400,"url":"https:\/\/www.webdo.tn\/fr\/wp-content\/uploads\/2024\/05\/eb8a5983f6a1f68b067a38b9ecadbd0c.webp","type":"image\/webp"}],"author":"MC","twitter_card":"summary_large_image","twitter_creator":"@webdo_tn","twitter_site":"@webdo_tn","twitter_misc":{"\u00c9crit par":"MC"},"schema":{"@context":"https:\/\/schema.org","@graph":[{"@type":"NewsArticle","@id":"https:\/\/www.webdo.tn\/fr\/actualite\/sport\/ldc-les-dates-de-la-finale-entre-l-es-tunis-et-al-ahly\/213941\/#article","isPartOf":{"@id":"https:\/\/www.webdo.tn\/fr\/actualite\/sport\/ldc-les-dates-de-la-finale-entre-l-es-tunis-et-al-ahly\/213941\/"},"author":{"name":"MC","@id":"https:\/\/www.webdo.tn\/fr\/#\/schema\/person\/2c4929cbf5a809e3bd38617c6ce150f6"},"headline":"LDC : Les dates de la finale entre l&rsquo;ES Tunis et Al Ahly","datePublished":"2024-05-03T12:14:00+00:00","dateModified":"2025-05-20T21:50:58+00:00","mainEntityOfPage":{"@id":"https:\/\/www.webdo.tn\/fr\/actualite\/sport\/ldc-les-dates-de-la-finale-entre-l-es-tunis-et-al-ahly\/213941\/"},"wordCount":82,"commentCount":0,"publisher":{"@id":"https:\/\/www.webdo.tn\/fr\/#organization"},"image":{"@id":"https:\/\/www.webdo.tn\/fr\/actualite\/sport\/ldc-les-dates-de-la-finale-entre-l-es-tunis-et-al-ahly\/213941\/#primaryimage"},"thumbnailUrl":"https:\/\/www.webdo.tn\/fr\/wp-content\/uploads\/2024\/05\/eb8a5983f6a1f68b067a38b9ecadbd0c.webp","keywords":["al ahly","CAF","ES Tunis","finale","football","LDC","ligue des champions"],"articleSection":["Sport"],"inLanguage":"fr-FR"},{"@type":"WebPage","@id":"https:\/\/www.webdo.tn\/fr\/actualite\/sport\/ldc-les-dates-de-la-finale-entre-l-es-tunis-et-al-ahly\/213941\/","url":"https:\/\/www.webdo.tn\/fr\/actualite\/sport\/ldc-les-dates-de-la-finale-entre-l-es-tunis-et-al-ahly\/213941\/","name":"LDC : Les dates de la finale entre l'ES Tunis et Al Ahly","isPartOf":{"@id":"https:\/\/www.webdo.tn\/fr\/#website"},"primaryImageOfPage":{"@id":"https:\/\/www.webdo.tn\/fr\/actualite\/sport\/ldc-les-dates-de-la-finale-entre-l-es-tunis-et-al-ahly\/213941\/#primaryimage"},"image":{"@id":"https:\/\/www.webdo.tn\/fr\/actualite\/sport\/ldc-les-dates-de-la-finale-entre-l-es-tunis-et-al-ahly\/213941\/#primaryimage"},"thumbnailUrl":"https:\/\/www.webdo.tn\/fr\/wp-content\/uploads\/2024\/05\/eb8a5983f6a1f68b067a38b9ecadbd0c.webp","datePublished":"2024-05-03T12:14:00+00:00","dateModified":"2025-05-20T21:50:58+00:00","description":"La Conf\u00e9d\u00e9ration africaine de football (CAF) a fix\u00e9 les dates de la finale de la Ligue des champions africaine qui va opposer l'Esp\u00e9rance Sportive de Tunis \u00e0 Al...","breadcrumb":{"@id":"https:\/\/www.webdo.tn\/fr\/actualite\/sport\/ldc-les-dates-de-la-finale-entre-l-es-tunis-et-al-ahly\/213941\/#breadcrumb"},"inLanguage":"fr-FR","potentialAction":[{"@type":"ReadAction","target":["https:\/\/www.webdo.tn\/fr\/actualite\/sport\/ldc-les-dates-de-la-finale-entre-l-es-tunis-et-al-ahly\/213941\/"]}]},{"@type":"ImageObject","inLanguage":"fr-FR","@id":"https:\/\/www.webdo.tn\/fr\/actualite\/sport\/ldc-les-dates-de-la-finale-entre-l-es-tunis-et-al-ahly\/213941\/#primaryimage","url":"https:\/\/www.webdo.tn\/fr\/wp-content\/uploads\/2024\/05\/eb8a5983f6a1f68b067a38b9ecadbd0c.webp","contentUrl":"https:\/\/www.webdo.tn\/fr\/wp-content\/uploads\/2024\/05\/eb8a5983f6a1f68b067a38b9ecadbd0c.webp","width":750,"height":400,"caption":"LDC : Les dates de la finale entre l'ES Tunis et Al Ahly"},{"@type":"BreadcrumbList","@id":"https:\/\/www.webdo.tn\/fr\/actualite\/sport\/ldc-les-dates-de-la-finale-entre-l-es-tunis-et-al-ahly\/213941\/#breadcrumb","itemListElement":[{"@type":"ListItem","position":1,"name":"Accueil","item":"https:\/\/www.webdo.tn\/fr\/"},{"@type":"ListItem","position":2,"name":"LDC : Les dates de la finale entre l&rsquo;ES Tunis et Al Ahly"}]},{"@type":"WebSite","@id":"https:\/\/www.webdo.tn\/fr\/#website","url":"https:\/\/www.webdo.tn\/fr\/","name":"webdo","description":"Tunisie - News en Tunisie et \u00e0 l&#039;international sur Webdo.tn","publisher":{"@id":"https:\/\/www.webdo.tn\/fr\/#organization"},"potentialAction":[{"@type":"SearchAction","target":{"@type":"EntryPoint","urlTemplate":"https:\/\/www.webdo.tn\/fr\/?s={search_term_string}"},"query-input":{"@type":"PropertyValueSpecification","valueRequired":true,"valueName":"search_term_string"}}],"inLanguage":"fr-FR"},{"@type":"Organization","@id":"https:\/\/www.webdo.tn\/fr\/#organization","name":"Webdo","alternateName":"Webdo.tn","url":"https:\/\/www.webdo.tn\/fr\/","logo":{"@type":"ImageObject","inLanguage":"fr-FR","@id":"https:\/\/www.webdo.tn\/fr\/#\/schema\/logo\/image\/","url":"https:\/\/www.webdo.tn\/fr\/wp-content\/uploads\/2025\/06\/Webdo-Tunisie_168377.jpg","contentUrl":"https:\/\/www.webdo.tn\/fr\/wp-content\/uploads\/2025\/06\/Webdo-Tunisie_168377.jpg","width":301,"height":301,"caption":"Webdo"},"image":{"@id":"https:\/\/www.webdo.tn\/fr\/#\/schema\/logo\/image\/"},"sameAs":["https:\/\/www.facebook.com\/webdotn","https:\/\/x.com\/webdo_tn"],"description":"Webdo est un m\u00e9dia num\u00e9rique tunisien fond\u00e9 en 2010, sp\u00e9cialis\u00e9 dans l\u2019actualit\u00e9 nationale et internationale, l\u2019\u00e9conomie, la soci\u00e9t\u00e9 et les analyses politiques. Le site s\u2019adresse \u00e0 un large public francophone et couvre l\u2019information tunisienne en temps r\u00e9el.","email":"redac@webdo.tn","legalName":"YNJ SARL","foundingDate":"2010-09-06","numberOfEmployees":{"@type":"QuantitativeValue","minValue":"11","maxValue":"50"}},{"@type":"Person","@id":"https:\/\/www.webdo.tn\/fr\/#\/schema\/person\/2c4929cbf5a809e3bd38617c6ce150f6","name":"MC","image":{"@type":"ImageObject","inLanguage":"fr-FR","@id":"https:\/\/secure.gravatar.com\/avatar\/a545bbb6f84efdd5553dbbc2895e3ca8f1d12c5215e00a041c9670b54aa9b18a?s=96&d=mm&r=g","url":"https:\/\/secure.gravatar.com\/avatar\/a545bbb6f84efdd5553dbbc2895e3ca8f1d12c5215e00a041c9670b54aa9b18a?s=96&d=mm&r=g","contentUrl":"https:\/\/secure.gravatar.com\/avatar\/a545bbb6f84efdd5553dbbc2895e3ca8f1d12c5215e00a041c9670b54aa9b18a?s=96&d=mm&r=g","caption":"MC"},"url":"https:\/\/www.webdo.tn\/fr\/actualite\/author\/mc\/"}]}},"_links":{"self":[{"href":"https:\/\/www.webdo.tn\/fr\/wp-json\/wp\/v2\/posts\/213941","targetHints":{"allow":["GET"]}}],"collection":[{"href":"https:\/\/www.webdo.tn\/fr\/wp-json\/wp\/v2\/posts"}],"about":[{"href":"https:\/\/www.webdo.tn\/fr\/wp-json\/wp\/v2\/types\/post"}],"author":[{"embeddable":true,"href":"https:\/\/www.webdo.tn\/fr\/wp-json\/wp\/v2\/users\/3162"}],"replies":[{"embeddable":true,"href":"https:\/\/www.webdo.tn\/fr\/wp-json\/wp\/v2\/comments?post=213941"}],"version-history":[{"count":0,"href":"https:\/\/www.webdo.tn\/fr\/wp-json\/wp\/v2\/posts\/213941\/revisions"}],"wp:featuredmedia":[{"embeddable":true,"href":"https:\/\/www.webdo.tn\/fr\/wp-json\/wp\/v2\/media\/247449"}],"wp:attachment":[{"href":"https:\/\/www.webdo.tn\/fr\/wp-json\/wp\/v2\/media?parent=213941"}],"wp:term":[{"taxonomy":"category","embeddable":true,"href":"https:\/\/www.webdo.tn\/fr\/wp-json\/wp\/v2\/categories?post=213941"},{"taxonomy":"post_tag","embeddable":true,"href":"https:\/\/www.webdo.tn\/fr\/wp-json\/wp\/v2\/tags?post=213941"}],"curies":[{"name":"wp","href":"https:\/\/api.w.org\/{rel}","templated":true}]}}