{"id":213940,"date":"2024-05-03T12:12:00","date_gmt":"2024-05-03T12:12:00","guid":{"rendered":"https:\/\/www.webdo.tn\/fr\/blog\/cannes-2024-une-palme-d-or-d-honneur-pour-meryl-streep\/213940\/"},"modified":"2025-05-21T08:55:53","modified_gmt":"2025-05-21T08:55:53","slug":"cannes-2024-une-palme-d-or-d-honneur-pour-meryl-streep","status":"publish","type":"post","link":"https:\/\/www.webdo.tn\/fr\/actualite\/culture\/cannes-2024-une-palme-d-or-d-honneur-pour-meryl-streep\/213940\/","title":{"rendered":"Cannes 2024 \u2013 Une Palme d\u2019Or d\u2019Honneur pour Meryl Streep"},"content":{"rendered":"<div class=\"single-body entry-content typography-copy\" itemprop=\"articleBody\">\n<p style=\"font-weight: bold; text-align: justify\">\n\t\t\t\t\t\t\t\t\tMeryl Streep, figure incontournable du cin\u00e9ma am\u00e9ricain, sera l&rsquo;invit\u00e9e d&rsquo;honneur de la c\u00e9r\u00e9monie d&rsquo;ouverture du 77e Festival de Cannes, qui se tiendra le mardi 14 mai sur la prestigieuse sc\u00e8ne du Grand Th\u00e9\u00e2tre Lumi\u00e8re. Sa pr\u00e9sence marquera le d\u00e9but de cette nouvelle \u00e9dition du festival, qui s&rsquo;ach\u00e8vera le samedi 25 mai avec la r\u00e9v\u00e9lation du Palmar\u00e8s par la Pr\u00e9sidente du Jury, Greta Gerwig.\n\t\t\t\t\t\t\t\t<\/p>\n<div class=\"coprs\" style=\"text-align: center\"><\/div>\n<div class=\"coprs\" style=\"text-align: justify\">\n<p><span>35 ans apr\u00e8s son Prix d\u2019interpr\u00e9tation pour <em>Un cri dans la nuit<\/em> (1988), qui reste \u00e0 ce jour sa seule apparition au Festival de Cannes, Meryl Streep\u00a0fera un retour aussi r\u00eav\u00e9 qu\u2019esp\u00e9r\u00e9 sur la Croisette pour le plus grand bonheur\u00a0des cin\u00e9philes et des amateurs du septi\u00e8me art.<\/span><span><span>\u00a0La c\u00e9l\u00e8bre actrice am\u00e9ricaine recevra \u00e0 cette occasion une Palme d&rsquo;or d&rsquo;honneur, rejoignant ainsi la prestigieuse liste des laur\u00e9ats tels que <span><span>Jeanne Moreau, Marco Bellocchio, Catherine Deneuve, Jean-Pierre L\u00e9aud, Jane Fonda, Agn\u00e8s Varda, <a href=\"https:\/\/www.webdo.tn\/fr\/actualite\/culture\/cannes-2022-une-ceremonie-douverture-hommage-au-cinema-et-aux-cineastes\/200018\">Forest Whitaker<\/a><\/span><\/span>, <a href=\"https:\/\/www.webdo.tn\/fr\/actualite\/culture\/la-ceremonie-d-ouverture-de-cannes-2023-emotion-glamour-et-elegance\/205771\">Michael Douglas<\/a> ou encore <a href=\"https:\/\/www.webdo.tn\/fr\/actualite\/culture\/cannes-2021-une-ceremonie-qui-annonce-le-retour-a-la-vie-grace-a-la-magie-du-cinema\/200001\">Jodie Foster<\/a>. Cette distinction, d\u00e9cern\u00e9e en reconnaissance de son exceptionnelle contribution au cin\u00e9ma, symbolise le respect et l&rsquo;admiration que lui portent ses pairs ainsi que le public du monde entier.<\/span><\/span><\/p>\n<p><span><span>Meryl Streep a marqu\u00e9 de son empreinte pr\u00e8s de cinq d\u00e9cennies de cin\u00e9ma, traversant les \u00e9poques et les genres avec une maestria incomparable. Son parcours artistique impressionnant t\u00e9moigne de son talent incontestable et de sa capacit\u00e9 \u00e0 incarner une diversit\u00e9 de personnages avec une profondeur et une authenticit\u00e9 remarquables. \u00ab <em>Je suis extr\u00eamement honor\u00e9e d\u2019apprendre que je vais recevoir ce prix prestigieux. Remporter une r\u00e9compense \u00e0 Cannes, pour la communaut\u00e9 internationale des artistes, a toujours repr\u00e9sent\u00e9 la plus haute distinction dans l&rsquo;art de la r\u00e9alisation cin\u00e9matographique. Se tenir dans l&rsquo;ombre de ceux qui ont d\u00e9j\u00e0 \u00e9t\u00e9 r\u00e9compens\u00e9s est \u00e0 la fois une le\u00e7on d&rsquo;humilit\u00e9 et une exp\u00e9rience palpitante. J&rsquo;ai h\u00e2te de venir en France pour remercier en personne chacune et chacun en mai prochain ! <\/em>\u00bb, a d\u00e9clar\u00e9 Meryl Streep en r\u00e9action \u00e0 cette annonce.<\/span><\/span><\/p>\n<p><span><span>Iris Knobloch, Pr\u00e9sidente du Festival de Cannes, et Thierry Fr\u00e9maux, d\u00e9l\u00e9gu\u00e9 g\u00e9n\u00e9ral, ont soulign\u00e9 l&rsquo;impact ind\u00e9niable de Meryl Streep sur l&rsquo;imaginaire collectif et la cin\u00e9philie mondiale. \u00ab <em>Nous avons tous quelque chose en nous de Meryl Streep ! <\/em>\u00bb, ont-ils affirm\u00e9. \u00ab\u00a0<em>\u00c0 travers des r\u00f4les embl\u00e9matiques tels que ceux dans<\/em> Kramer contre Kramer<em> (1979), <\/em>Le Choix de Sophie<em> (1982), <\/em>Out of Africa<em> (1985), <\/em>Sur la route de Madison<em> (1995), <\/em>Le Diable s\u2019habille en Prada<em> (2006) ou encore <\/em>Mamma Mia<em> (2008), l&rsquo;actrice a su captiver les spectateurs et laisser une empreinte ind\u00e9l\u00e9bile dans l&rsquo;histoire du cin\u00e9ma\u00a0<\/em>\u00bb<em>.<\/em><\/span><\/span><\/p>\n<p><span><span>Le parcours cin\u00e9matographique de Meryl Streep est jalonn\u00e9 de performances remarquables et de collaborations avec des r\u00e9alisateurs de renom. Apr\u00e8s ses d\u00e9buts sur les planches new-yorkaises, elle fait ses premiers pas sur grand \u00e9cran en 1978 dans <em>Voyage au bout de l\u2019enfer <\/em>de Michael Cimino, aux c\u00f4t\u00e9s de Robert De Niro. Sa capacit\u00e9 \u00e0 donner vie \u00e0 des personnages complexes et nuanc\u00e9s lui a valu une reconnaissance internationale, avec pas moins de 21 nominations aux Oscars, un record dans l&rsquo;histoire de cette prestigieuse r\u00e9compense. Son engagement envers l&rsquo;art du cin\u00e9ma et sa volont\u00e9 de repousser les limites de son art ont \u00e9t\u00e9 salu\u00e9s \u00e0 maintes reprises par ses pairs et par le public.<\/span><\/span><\/p>\n<p><span><span>L&rsquo;actrice a \u00e9galement jou\u00e9 un r\u00f4le essentiel dans la promotion de la diversit\u00e9 et de la repr\u00e9sentation des femmes \u00e0 l&rsquo;\u00e9cran. Consciente des d\u00e9fis auxquels sont confront\u00e9es les femmes dans l&rsquo;industrie cin\u00e9matographique, elle a r\u00e9guli\u00e8rement utilis\u00e9 sa voix pour d\u00e9fendre l&rsquo;\u00e9galit\u00e9 des genres et la n\u00e9cessit\u00e9 de refl\u00e9ter la complexit\u00e9 et la diversit\u00e9 des exp\u00e9riences f\u00e9minines \u00e0 l&rsquo;\u00e9cran.<\/span><\/span><\/p>\n<p><span><span>Au-del\u00e0 de son engagement social, Meryl Streep demeure une artiste polyvalente et \u00e9clectique, capable de briller dans une multitude de genres et de registres. Que ce soit dans des drames historiques tels que <em>La Ma\u00eetresse du lieutenant fran\u00e7ais<\/em> (1981) de Karel Reisz, des com\u00e9dies satiriques comme <em>Le Diable s\u2019habille en Prada<\/em> (2006) de David Frankel, ou des biopics tels que <em>La Dame de fer<\/em> (2011) de Phyllida Lloyd, elle continue d&rsquo;\u00e9tonner et de captiver son public par sa virtuosit\u00e9 et son engagement.<\/span><\/span><\/p>\n<p><span><span>En r\u00e9digeant cet article et en \u00e9voquant les titres embl\u00e9matiques de sa filmographie, il devient \u00e9vident pour moi que les \u0153uvres de Meryl Streep ont transcend\u00e9 les simples limites du cin\u00e9ma pour devenir des piliers de nos existences. Ces films, devenus plus que des classiques, r\u00e9sonnent au plus profond de notre m\u00e9moire collective, \u00e9voquant des souvenirs pr\u00e9cieux et des \u00e9motions intenses. En effet, Meryl Streep d\u00e9passe le simple statut d&rsquo;actrice pour devenir une v\u00e9ritable compagne de vie, un exemple \u00e0 suivre et une amie dont le souvenir nous accompagne au fil des ans.<\/span><\/span><\/p>\n<p><span><span>Chacun de ses r\u00f4les r\u00e9sonne avec une sinc\u00e9rit\u00e9 et une authenticit\u00e9 qui touchent le c\u0153ur de millions de spectateurs \u00e0 travers le monde. Au-del\u00e0 de ses performances exceptionnelles, Meryl Streep incarne une force d&rsquo;esprit et une d\u00e9termination qui inspirent et guident chacun de ses admirateurs.<\/span><\/span><\/p>\n<p><span><span>Ainsi, \u00e0 travers ses r\u00f4les embl\u00e9matiques et son engagement en faveur de la repr\u00e9sentation des femmes dans l&rsquo;industrie cin\u00e9matographique, Meryl Streep laisse une empreinte ind\u00e9l\u00e9bile dans nos vies et dans notre culture. Elle est bien plus qu&rsquo;une simple actrice : elle est une ic\u00f4ne, une source d&rsquo;inspiration et une pr\u00e9sence r\u00e9confortante qui continue d&rsquo;illuminer nos \u00e9crans et nos c\u0153urs.<\/span><\/span><\/p>\n<p><span><span>La pr\u00e9sence de Meryl Streep \u00e0 la c\u00e9r\u00e9monie d&rsquo;ouverture du 77e Festival de Cannes est bien plus qu&rsquo;un simple \u00e9v\u00e9nement cin\u00e9matographique, c&rsquo;est l&rsquo;occasion de c\u00e9l\u00e9brer une carri\u00e8re exceptionnelle, marqu\u00e9e par le talent, la diversit\u00e9 et la passion. Meryl Streep, par ses performances magistrales et sa personnalit\u00e9 rayonnante, demeure une figure embl\u00e9matique du septi\u00e8me art, dont l&rsquo;influence perdurera bien au-del\u00e0 des projecteurs et des tapis rouges.<\/span><\/span><\/p>\n<p><span><span><strong><span>Ne\u00efla Driss<\/span><\/strong><\/span><\/span><\/p>\n<p><img decoding=\"async\" alt=\"\" height=\"320\" src=\"\/assets\/uploads\/images\/\/Neila\/CANNES%202024_SIGNATURES_WEB_800X160_1.jpeg\" width=\"1600\"><\/p>\n<p>\u00a0<\/p>\n<\/p><\/div>\n<div class=\"coprs\" style=\"text-align: center\"><\/div><\/div>\n","protected":false},"excerpt":{"rendered":"<p>Meryl Streep, figure incontournable du cin\u00e9ma am\u00e9ricain, sera l&rsquo;invit\u00e9e d&rsquo;honneur de la c\u00e9r\u00e9monie d&rsquo;ouverture du 77e Festival de Cannes, qui se tiendra le mardi&#8230;<\/p>\n","protected":false},"author":3164,"featured_media":247447,"comment_status":"open","ping_status":"closed","sticky":false,"template":"","format":"standard","meta":{"footnotes":""},"categories":[2594],"tags":[4180,2627,6565,3413,6564],"class_list":["post-213940","post","type-post","status-publish","format-standard","has-post-thumbnail","hentry","category-culture","tag-cannes-2024","tag-festival-de-cannes","tag-meryl-streep","tag-palme-dor","tag-palme-dor-dhonneur"],"yoast_head":"<!-- This site is optimized with the Yoast SEO Premium plugin v27.5 (Yoast SEO v27.5) - https:\/\/yoast.com\/product\/yoast-seo-premium-wordpress\/ -->\n<title>Cannes 2024 \u2013 Une Palme d\u2019Or d\u2019Honneur pour Meryl Streep<\/title>\n<meta name=\"description\" content=\"Meryl Streep, figure incontournable du cin\u00e9ma am\u00e9ricain, sera l&#039;invit\u00e9e d&#039;honneur de la c\u00e9r\u00e9monie d&#039;ouverture du 77e Festival de Cannes, qui se tiendra le mardi...\" \/>\n<link rel=\"canonical\" href=\"https:\/\/www.webdo.tn\/fr\/actualite\/culture\/cannes-2024-une-palme-d-or-d-honneur-pour-meryl-streep\/213940\/\" \/>\n<meta property=\"og:locale\" content=\"fr_FR\" \/>\n<meta property=\"og:type\" content=\"article\" \/>\n<meta property=\"og:title\" content=\"Cannes 2024 \u2013 Une Palme d\u2019Or d\u2019Honneur pour Meryl Streep\" \/>\n<meta property=\"og:description\" content=\"Meryl Streep, figure incontournable du cin\u00e9ma am\u00e9ricain, sera l&#039;invit\u00e9e d&#039;honneur de la c\u00e9r\u00e9monie d&#039;ouverture du 77e Festival de Cannes, qui se tiendra le mardi...\" \/>\n<meta property=\"og:url\" content=\"https:\/\/www.webdo.tn\/fr\/actualite\/culture\/cannes-2024-une-palme-d-or-d-honneur-pour-meryl-streep\/213940\/\" \/>\n<meta property=\"og:site_name\" content=\"webdo\" \/>\n<meta property=\"article:publisher\" content=\"https:\/\/www.facebook.com\/webdotn\" \/>\n<meta property=\"article:author\" content=\"https:\/\/www.facebook.com\/massir.destiniii\/\" \/>\n<meta property=\"article:published_time\" content=\"2024-05-03T12:12:00+00:00\" \/>\n<meta property=\"article:modified_time\" content=\"2025-05-21T08:55:53+00:00\" \/>\n<meta property=\"og:image\" content=\"https:\/\/www.webdo.tn\/fr\/wp-content\/uploads\/2024\/05\/c47ed5e0e15fe6d166243d196cbf45b0.webp\" \/>\n\t<meta property=\"og:image:width\" content=\"737\" \/>\n\t<meta property=\"og:image:height\" content=\"393\" \/>\n\t<meta property=\"og:image:type\" content=\"image\/webp\" \/>\n<meta name=\"author\" content=\"Ne\u00efla DRISS\" \/>\n<meta name=\"twitter:card\" content=\"summary_large_image\" \/>\n<meta name=\"twitter:creator\" content=\"@https:\/\/x.com\/MassirDestin\" \/>\n<meta name=\"twitter:site\" content=\"@webdo_tn\" \/>\n<meta name=\"twitter:label1\" content=\"\u00c9crit par\" \/>\n\t<meta name=\"twitter:data1\" content=\"Ne\u00efla DRISS\" \/>\n\t<meta name=\"twitter:label2\" content=\"Dur\u00e9e de lecture estim\u00e9e\" \/>\n\t<meta name=\"twitter:data2\" content=\"5 minutes\" \/>\n<script type=\"application\/ld+json\" class=\"yoast-schema-graph\">{\"@context\":\"https:\\\/\\\/schema.org\",\"@graph\":[{\"@type\":\"NewsArticle\",\"@id\":\"https:\\\/\\\/www.webdo.tn\\\/fr\\\/actualite\\\/culture\\\/cannes-2024-une-palme-d-or-d-honneur-pour-meryl-streep\\\/213940\\\/#article\",\"isPartOf\":{\"@id\":\"https:\\\/\\\/www.webdo.tn\\\/fr\\\/actualite\\\/culture\\\/cannes-2024-une-palme-d-or-d-honneur-pour-meryl-streep\\\/213940\\\/\"},\"author\":{\"name\":\"Ne\u00efla DRISS\",\"@id\":\"https:\\\/\\\/www.webdo.tn\\\/fr\\\/#\\\/schema\\\/person\\\/60d5ba619ed3f58783b0dc82b7dada80\"},\"headline\":\"Cannes 2024 \u2013 Une Palme d\u2019Or d\u2019Honneur pour Meryl Streep\",\"datePublished\":\"2024-05-03T12:12:00+00:00\",\"dateModified\":\"2025-05-21T08:55:53+00:00\",\"mainEntityOfPage\":{\"@id\":\"https:\\\/\\\/www.webdo.tn\\\/fr\\\/actualite\\\/culture\\\/cannes-2024-une-palme-d-or-d-honneur-pour-meryl-streep\\\/213940\\\/\"},\"wordCount\":1061,\"commentCount\":0,\"publisher\":{\"@id\":\"https:\\\/\\\/www.webdo.tn\\\/fr\\\/#organization\"},\"image\":{\"@id\":\"https:\\\/\\\/www.webdo.tn\\\/fr\\\/actualite\\\/culture\\\/cannes-2024-une-palme-d-or-d-honneur-pour-meryl-streep\\\/213940\\\/#primaryimage\"},\"thumbnailUrl\":\"https:\\\/\\\/www.webdo.tn\\\/fr\\\/wp-content\\\/uploads\\\/2024\\\/05\\\/c47ed5e0e15fe6d166243d196cbf45b0.webp\",\"keywords\":[\"Cannes 2024\",\"Festival de Cannes\",\"Meryl Streep\",\"Palme d'Or\",\"Palme d'Or d'honneur\"],\"articleSection\":[\"Culture\"],\"inLanguage\":\"fr-FR\"},{\"@type\":\"WebPage\",\"@id\":\"https:\\\/\\\/www.webdo.tn\\\/fr\\\/actualite\\\/culture\\\/cannes-2024-une-palme-d-or-d-honneur-pour-meryl-streep\\\/213940\\\/\",\"url\":\"https:\\\/\\\/www.webdo.tn\\\/fr\\\/actualite\\\/culture\\\/cannes-2024-une-palme-d-or-d-honneur-pour-meryl-streep\\\/213940\\\/\",\"name\":\"Cannes 2024 \u2013 Une Palme d\u2019Or d\u2019Honneur pour Meryl Streep\",\"isPartOf\":{\"@id\":\"https:\\\/\\\/www.webdo.tn\\\/fr\\\/#website\"},\"primaryImageOfPage\":{\"@id\":\"https:\\\/\\\/www.webdo.tn\\\/fr\\\/actualite\\\/culture\\\/cannes-2024-une-palme-d-or-d-honneur-pour-meryl-streep\\\/213940\\\/#primaryimage\"},\"image\":{\"@id\":\"https:\\\/\\\/www.webdo.tn\\\/fr\\\/actualite\\\/culture\\\/cannes-2024-une-palme-d-or-d-honneur-pour-meryl-streep\\\/213940\\\/#primaryimage\"},\"thumbnailUrl\":\"https:\\\/\\\/www.webdo.tn\\\/fr\\\/wp-content\\\/uploads\\\/2024\\\/05\\\/c47ed5e0e15fe6d166243d196cbf45b0.webp\",\"datePublished\":\"2024-05-03T12:12:00+00:00\",\"dateModified\":\"2025-05-21T08:55:53+00:00\",\"description\":\"Meryl Streep, figure incontournable du cin\u00e9ma am\u00e9ricain, sera l'invit\u00e9e d'honneur de la c\u00e9r\u00e9monie d'ouverture du 77e Festival de Cannes, qui se tiendra le mardi...\",\"breadcrumb\":{\"@id\":\"https:\\\/\\\/www.webdo.tn\\\/fr\\\/actualite\\\/culture\\\/cannes-2024-une-palme-d-or-d-honneur-pour-meryl-streep\\\/213940\\\/#breadcrumb\"},\"inLanguage\":\"fr-FR\",\"potentialAction\":[{\"@type\":\"ReadAction\",\"target\":[\"https:\\\/\\\/www.webdo.tn\\\/fr\\\/actualite\\\/culture\\\/cannes-2024-une-palme-d-or-d-honneur-pour-meryl-streep\\\/213940\\\/\"]}]},{\"@type\":\"ImageObject\",\"inLanguage\":\"fr-FR\",\"@id\":\"https:\\\/\\\/www.webdo.tn\\\/fr\\\/actualite\\\/culture\\\/cannes-2024-une-palme-d-or-d-honneur-pour-meryl-streep\\\/213940\\\/#primaryimage\",\"url\":\"https:\\\/\\\/www.webdo.tn\\\/fr\\\/wp-content\\\/uploads\\\/2024\\\/05\\\/c47ed5e0e15fe6d166243d196cbf45b0.webp\",\"contentUrl\":\"https:\\\/\\\/www.webdo.tn\\\/fr\\\/wp-content\\\/uploads\\\/2024\\\/05\\\/c47ed5e0e15fe6d166243d196cbf45b0.webp\",\"width\":737,\"height\":393,\"caption\":\"Cannes 2024 \u2013 Une Palme d\u2019Or d\u2019Honneur pour Meryl Streep\"},{\"@type\":\"BreadcrumbList\",\"@id\":\"https:\\\/\\\/www.webdo.tn\\\/fr\\\/actualite\\\/culture\\\/cannes-2024-une-palme-d-or-d-honneur-pour-meryl-streep\\\/213940\\\/#breadcrumb\",\"itemListElement\":[{\"@type\":\"ListItem\",\"position\":1,\"name\":\"Accueil\",\"item\":\"https:\\\/\\\/www.webdo.tn\\\/fr\\\/\"},{\"@type\":\"ListItem\",\"position\":2,\"name\":\"Cannes 2024 \u2013 Une Palme d\u2019Or d\u2019Honneur pour Meryl Streep\"}]},{\"@type\":\"WebSite\",\"@id\":\"https:\\\/\\\/www.webdo.tn\\\/fr\\\/#website\",\"url\":\"https:\\\/\\\/www.webdo.tn\\\/fr\\\/\",\"name\":\"webdo\",\"description\":\"Tunisie - News en Tunisie et \u00e0 l&#039;international sur Webdo.tn\",\"publisher\":{\"@id\":\"https:\\\/\\\/www.webdo.tn\\\/fr\\\/#organization\"},\"potentialAction\":[{\"@type\":\"SearchAction\",\"target\":{\"@type\":\"EntryPoint\",\"urlTemplate\":\"https:\\\/\\\/www.webdo.tn\\\/fr\\\/?s={search_term_string}\"},\"query-input\":{\"@type\":\"PropertyValueSpecification\",\"valueRequired\":true,\"valueName\":\"search_term_string\"}}],\"inLanguage\":\"fr-FR\"},{\"@type\":\"Organization\",\"@id\":\"https:\\\/\\\/www.webdo.tn\\\/fr\\\/#organization\",\"name\":\"Webdo\",\"alternateName\":\"Webdo.tn\",\"url\":\"https:\\\/\\\/www.webdo.tn\\\/fr\\\/\",\"logo\":{\"@type\":\"ImageObject\",\"inLanguage\":\"fr-FR\",\"@id\":\"https:\\\/\\\/www.webdo.tn\\\/fr\\\/#\\\/schema\\\/logo\\\/image\\\/\",\"url\":\"https:\\\/\\\/www.webdo.tn\\\/fr\\\/wp-content\\\/uploads\\\/2025\\\/06\\\/Webdo-Tunisie_168377.jpg\",\"contentUrl\":\"https:\\\/\\\/www.webdo.tn\\\/fr\\\/wp-content\\\/uploads\\\/2025\\\/06\\\/Webdo-Tunisie_168377.jpg\",\"width\":301,\"height\":301,\"caption\":\"Webdo\"},\"image\":{\"@id\":\"https:\\\/\\\/www.webdo.tn\\\/fr\\\/#\\\/schema\\\/logo\\\/image\\\/\"},\"sameAs\":[\"https:\\\/\\\/www.facebook.com\\\/webdotn\",\"https:\\\/\\\/x.com\\\/webdo_tn\"],\"description\":\"Webdo est un m\u00e9dia num\u00e9rique tunisien fond\u00e9 en 2010, sp\u00e9cialis\u00e9 dans l\u2019actualit\u00e9 nationale et internationale, l\u2019\u00e9conomie, la soci\u00e9t\u00e9 et les analyses politiques. Le site s\u2019adresse \u00e0 un large public francophone et couvre l\u2019information tunisienne en temps r\u00e9el.\",\"email\":\"redac@webdo.tn\",\"legalName\":\"YNJ SARL\",\"foundingDate\":\"2010-09-06\",\"numberOfEmployees\":{\"@type\":\"QuantitativeValue\",\"minValue\":\"11\",\"maxValue\":\"50\"}},{\"@type\":\"Person\",\"@id\":\"https:\\\/\\\/www.webdo.tn\\\/fr\\\/#\\\/schema\\\/person\\\/60d5ba619ed3f58783b0dc82b7dada80\",\"name\":\"Ne\u00efla DRISS\",\"image\":{\"@type\":\"ImageObject\",\"inLanguage\":\"fr-FR\",\"@id\":\"https:\\\/\\\/www.webdo.tn\\\/fr\\\/wp-content\\\/uploads\\\/2026\\\/04\\\/neila-driss_avatar-96x96.jpg\",\"url\":\"https:\\\/\\\/www.webdo.tn\\\/fr\\\/wp-content\\\/uploads\\\/2026\\\/04\\\/neila-driss_avatar-96x96.jpg\",\"contentUrl\":\"https:\\\/\\\/www.webdo.tn\\\/fr\\\/wp-content\\\/uploads\\\/2026\\\/04\\\/neila-driss_avatar-96x96.jpg\",\"caption\":\"Ne\u00efla DRISS\"},\"description\":\"Ne\u00efla Driss est juriste, journaliste culturelle et critique de cin\u00e9ma tunisienne. Titulaire d\u2019un DEA en droit priv\u00e9 de l\u2019Universit\u00e9 Paris II et d\u2019un DESS de l\u2019IHEC Carthage, elle d\u00e9bute sa carri\u00e8re comme juriste sp\u00e9cialis\u00e9e en gestion de patrimoine immobilier. Elle s\u2019oriente ensuite vers l\u2019\u00e9criture en ligne, o\u00f9 elle se distingue d\u00e8s 2006 aux Tunisia Blog Awards, avant de se consacrer au journalisme culturel, avec une sp\u00e9cialisation dans la critique cin\u00e9matographique. Elle couvre r\u00e9guli\u00e8rement les grands festivals internationaux, notamment le Festival de Cannes, les Journ\u00e9es Cin\u00e9matographiques de Carthage et le Festival du film du Caire. Membre de l\u2019ATPCC et de la FIPRESCI, elle participe \u00e0 des jurys et initiatives internationales de critique. Depuis 2024, elle est \u00e9lectrice internationale aux Golden Globes. Facebook : https:\\\/\\\/www.facebook.com\\\/massir.destiniii\\\/ X : https:\\\/\\\/x.com\\\/MassirDestin\",\"sameAs\":[\"https:\\\/\\\/www.facebook.com\\\/massir.destiniii\\\/\",\"https:\\\/\\\/www.instagram.com\\\/neila.driss\\\/?hl=fr\",\"https:\\\/\\\/www.linkedin.com\\\/in\\\/neila-driss-22606a80\\\/\",\"https:\\\/\\\/x.com\\\/https:\\\/\\\/x.com\\\/MassirDestin\"],\"knowsAbout\":[\"Cin\u00e9ma international\",\"critique cin\u00e9matographique\",\"festivals de cin\u00e9ma\",\"journalisme culturel\"],\"knowsLanguage\":[\"Fran\u00e7ais\",\"Arabe\",\"Anglais\"],\"jobTitle\":\"Journaliste culturelle et critique de cin\u00e9ma\",\"worksFor\":\"Webdo\",\"url\":\"https:\\\/\\\/www.webdo.tn\\\/fr\\\/actualite\\\/author\\\/neila-driss\\\/\"}]}<\/script>\n<!-- \/ Yoast SEO Premium plugin. -->","yoast_head_json":{"title":"Cannes 2024 \u2013 Une Palme d\u2019Or d\u2019Honneur pour Meryl Streep","description":"Meryl Streep, figure incontournable du cin\u00e9ma am\u00e9ricain, sera l'invit\u00e9e d'honneur de la c\u00e9r\u00e9monie d'ouverture du 77e Festival de Cannes, qui se tiendra le mardi...","canonical":"https:\/\/www.webdo.tn\/fr\/actualite\/culture\/cannes-2024-une-palme-d-or-d-honneur-pour-meryl-streep\/213940\/","og_locale":"fr_FR","og_type":"article","og_title":"Cannes 2024 \u2013 Une Palme d\u2019Or d\u2019Honneur pour Meryl Streep","og_description":"Meryl Streep, figure incontournable du cin\u00e9ma am\u00e9ricain, sera l'invit\u00e9e d'honneur de la c\u00e9r\u00e9monie d'ouverture du 77e Festival de Cannes, qui se tiendra le mardi...","og_url":"https:\/\/www.webdo.tn\/fr\/actualite\/culture\/cannes-2024-une-palme-d-or-d-honneur-pour-meryl-streep\/213940\/","og_site_name":"webdo","article_publisher":"https:\/\/www.facebook.com\/webdotn","article_author":"https:\/\/www.facebook.com\/massir.destiniii\/","article_published_time":"2024-05-03T12:12:00+00:00","article_modified_time":"2025-05-21T08:55:53+00:00","og_image":[{"width":737,"height":393,"url":"https:\/\/www.webdo.tn\/fr\/wp-content\/uploads\/2024\/05\/c47ed5e0e15fe6d166243d196cbf45b0.webp","type":"image\/webp"}],"author":"Ne\u00efla DRISS","twitter_card":"summary_large_image","twitter_creator":"@https:\/\/x.com\/MassirDestin","twitter_site":"@webdo_tn","twitter_misc":{"\u00c9crit par":"Ne\u00efla DRISS","Dur\u00e9e de lecture estim\u00e9e":"5 minutes"},"schema":{"@context":"https:\/\/schema.org","@graph":[{"@type":"NewsArticle","@id":"https:\/\/www.webdo.tn\/fr\/actualite\/culture\/cannes-2024-une-palme-d-or-d-honneur-pour-meryl-streep\/213940\/#article","isPartOf":{"@id":"https:\/\/www.webdo.tn\/fr\/actualite\/culture\/cannes-2024-une-palme-d-or-d-honneur-pour-meryl-streep\/213940\/"},"author":{"name":"Ne\u00efla DRISS","@id":"https:\/\/www.webdo.tn\/fr\/#\/schema\/person\/60d5ba619ed3f58783b0dc82b7dada80"},"headline":"Cannes 2024 \u2013 Une Palme d\u2019Or d\u2019Honneur pour Meryl Streep","datePublished":"2024-05-03T12:12:00+00:00","dateModified":"2025-05-21T08:55:53+00:00","mainEntityOfPage":{"@id":"https:\/\/www.webdo.tn\/fr\/actualite\/culture\/cannes-2024-une-palme-d-or-d-honneur-pour-meryl-streep\/213940\/"},"wordCount":1061,"commentCount":0,"publisher":{"@id":"https:\/\/www.webdo.tn\/fr\/#organization"},"image":{"@id":"https:\/\/www.webdo.tn\/fr\/actualite\/culture\/cannes-2024-une-palme-d-or-d-honneur-pour-meryl-streep\/213940\/#primaryimage"},"thumbnailUrl":"https:\/\/www.webdo.tn\/fr\/wp-content\/uploads\/2024\/05\/c47ed5e0e15fe6d166243d196cbf45b0.webp","keywords":["Cannes 2024","Festival de Cannes","Meryl Streep","Palme d'Or","Palme d'Or d'honneur"],"articleSection":["Culture"],"inLanguage":"fr-FR"},{"@type":"WebPage","@id":"https:\/\/www.webdo.tn\/fr\/actualite\/culture\/cannes-2024-une-palme-d-or-d-honneur-pour-meryl-streep\/213940\/","url":"https:\/\/www.webdo.tn\/fr\/actualite\/culture\/cannes-2024-une-palme-d-or-d-honneur-pour-meryl-streep\/213940\/","name":"Cannes 2024 \u2013 Une Palme d\u2019Or d\u2019Honneur pour Meryl Streep","isPartOf":{"@id":"https:\/\/www.webdo.tn\/fr\/#website"},"primaryImageOfPage":{"@id":"https:\/\/www.webdo.tn\/fr\/actualite\/culture\/cannes-2024-une-palme-d-or-d-honneur-pour-meryl-streep\/213940\/#primaryimage"},"image":{"@id":"https:\/\/www.webdo.tn\/fr\/actualite\/culture\/cannes-2024-une-palme-d-or-d-honneur-pour-meryl-streep\/213940\/#primaryimage"},"thumbnailUrl":"https:\/\/www.webdo.tn\/fr\/wp-content\/uploads\/2024\/05\/c47ed5e0e15fe6d166243d196cbf45b0.webp","datePublished":"2024-05-03T12:12:00+00:00","dateModified":"2025-05-21T08:55:53+00:00","description":"Meryl Streep, figure incontournable du cin\u00e9ma am\u00e9ricain, sera l'invit\u00e9e d'honneur de la c\u00e9r\u00e9monie d'ouverture du 77e Festival de Cannes, qui se tiendra le mardi...","breadcrumb":{"@id":"https:\/\/www.webdo.tn\/fr\/actualite\/culture\/cannes-2024-une-palme-d-or-d-honneur-pour-meryl-streep\/213940\/#breadcrumb"},"inLanguage":"fr-FR","potentialAction":[{"@type":"ReadAction","target":["https:\/\/www.webdo.tn\/fr\/actualite\/culture\/cannes-2024-une-palme-d-or-d-honneur-pour-meryl-streep\/213940\/"]}]},{"@type":"ImageObject","inLanguage":"fr-FR","@id":"https:\/\/www.webdo.tn\/fr\/actualite\/culture\/cannes-2024-une-palme-d-or-d-honneur-pour-meryl-streep\/213940\/#primaryimage","url":"https:\/\/www.webdo.tn\/fr\/wp-content\/uploads\/2024\/05\/c47ed5e0e15fe6d166243d196cbf45b0.webp","contentUrl":"https:\/\/www.webdo.tn\/fr\/wp-content\/uploads\/2024\/05\/c47ed5e0e15fe6d166243d196cbf45b0.webp","width":737,"height":393,"caption":"Cannes 2024 \u2013 Une Palme d\u2019Or d\u2019Honneur pour Meryl Streep"},{"@type":"BreadcrumbList","@id":"https:\/\/www.webdo.tn\/fr\/actualite\/culture\/cannes-2024-une-palme-d-or-d-honneur-pour-meryl-streep\/213940\/#breadcrumb","itemListElement":[{"@type":"ListItem","position":1,"name":"Accueil","item":"https:\/\/www.webdo.tn\/fr\/"},{"@type":"ListItem","position":2,"name":"Cannes 2024 \u2013 Une Palme d\u2019Or d\u2019Honneur pour Meryl Streep"}]},{"@type":"WebSite","@id":"https:\/\/www.webdo.tn\/fr\/#website","url":"https:\/\/www.webdo.tn\/fr\/","name":"webdo","description":"Tunisie - News en Tunisie et \u00e0 l&#039;international sur Webdo.tn","publisher":{"@id":"https:\/\/www.webdo.tn\/fr\/#organization"},"potentialAction":[{"@type":"SearchAction","target":{"@type":"EntryPoint","urlTemplate":"https:\/\/www.webdo.tn\/fr\/?s={search_term_string}"},"query-input":{"@type":"PropertyValueSpecification","valueRequired":true,"valueName":"search_term_string"}}],"inLanguage":"fr-FR"},{"@type":"Organization","@id":"https:\/\/www.webdo.tn\/fr\/#organization","name":"Webdo","alternateName":"Webdo.tn","url":"https:\/\/www.webdo.tn\/fr\/","logo":{"@type":"ImageObject","inLanguage":"fr-FR","@id":"https:\/\/www.webdo.tn\/fr\/#\/schema\/logo\/image\/","url":"https:\/\/www.webdo.tn\/fr\/wp-content\/uploads\/2025\/06\/Webdo-Tunisie_168377.jpg","contentUrl":"https:\/\/www.webdo.tn\/fr\/wp-content\/uploads\/2025\/06\/Webdo-Tunisie_168377.jpg","width":301,"height":301,"caption":"Webdo"},"image":{"@id":"https:\/\/www.webdo.tn\/fr\/#\/schema\/logo\/image\/"},"sameAs":["https:\/\/www.facebook.com\/webdotn","https:\/\/x.com\/webdo_tn"],"description":"Webdo est un m\u00e9dia num\u00e9rique tunisien fond\u00e9 en 2010, sp\u00e9cialis\u00e9 dans l\u2019actualit\u00e9 nationale et internationale, l\u2019\u00e9conomie, la soci\u00e9t\u00e9 et les analyses politiques. Le site s\u2019adresse \u00e0 un large public francophone et couvre l\u2019information tunisienne en temps r\u00e9el.","email":"redac@webdo.tn","legalName":"YNJ SARL","foundingDate":"2010-09-06","numberOfEmployees":{"@type":"QuantitativeValue","minValue":"11","maxValue":"50"}},{"@type":"Person","@id":"https:\/\/www.webdo.tn\/fr\/#\/schema\/person\/60d5ba619ed3f58783b0dc82b7dada80","name":"Ne\u00efla DRISS","image":{"@type":"ImageObject","inLanguage":"fr-FR","@id":"https:\/\/www.webdo.tn\/fr\/wp-content\/uploads\/2026\/04\/neila-driss_avatar-96x96.jpg","url":"https:\/\/www.webdo.tn\/fr\/wp-content\/uploads\/2026\/04\/neila-driss_avatar-96x96.jpg","contentUrl":"https:\/\/www.webdo.tn\/fr\/wp-content\/uploads\/2026\/04\/neila-driss_avatar-96x96.jpg","caption":"Ne\u00efla DRISS"},"description":"Ne\u00efla Driss est juriste, journaliste culturelle et critique de cin\u00e9ma tunisienne. Titulaire d\u2019un DEA en droit priv\u00e9 de l\u2019Universit\u00e9 Paris II et d\u2019un DESS de l\u2019IHEC Carthage, elle d\u00e9bute sa carri\u00e8re comme juriste sp\u00e9cialis\u00e9e en gestion de patrimoine immobilier. Elle s\u2019oriente ensuite vers l\u2019\u00e9criture en ligne, o\u00f9 elle se distingue d\u00e8s 2006 aux Tunisia Blog Awards, avant de se consacrer au journalisme culturel, avec une sp\u00e9cialisation dans la critique cin\u00e9matographique. Elle couvre r\u00e9guli\u00e8rement les grands festivals internationaux, notamment le Festival de Cannes, les Journ\u00e9es Cin\u00e9matographiques de Carthage et le Festival du film du Caire. Membre de l\u2019ATPCC et de la FIPRESCI, elle participe \u00e0 des jurys et initiatives internationales de critique. Depuis 2024, elle est \u00e9lectrice internationale aux Golden Globes. Facebook : https:\/\/www.facebook.com\/massir.destiniii\/ X : https:\/\/x.com\/MassirDestin","sameAs":["https:\/\/www.facebook.com\/massir.destiniii\/","https:\/\/www.instagram.com\/neila.driss\/?hl=fr","https:\/\/www.linkedin.com\/in\/neila-driss-22606a80\/","https:\/\/x.com\/https:\/\/x.com\/MassirDestin"],"knowsAbout":["Cin\u00e9ma international","critique cin\u00e9matographique","festivals de cin\u00e9ma","journalisme culturel"],"knowsLanguage":["Fran\u00e7ais","Arabe","Anglais"],"jobTitle":"Journaliste culturelle et critique de cin\u00e9ma","worksFor":"Webdo","url":"https:\/\/www.webdo.tn\/fr\/actualite\/author\/neila-driss\/"}]}},"_links":{"self":[{"href":"https:\/\/www.webdo.tn\/fr\/wp-json\/wp\/v2\/posts\/213940","targetHints":{"allow":["GET"]}}],"collection":[{"href":"https:\/\/www.webdo.tn\/fr\/wp-json\/wp\/v2\/posts"}],"about":[{"href":"https:\/\/www.webdo.tn\/fr\/wp-json\/wp\/v2\/types\/post"}],"author":[{"embeddable":true,"href":"https:\/\/www.webdo.tn\/fr\/wp-json\/wp\/v2\/users\/3164"}],"replies":[{"embeddable":true,"href":"https:\/\/www.webdo.tn\/fr\/wp-json\/wp\/v2\/comments?post=213940"}],"version-history":[{"count":0,"href":"https:\/\/www.webdo.tn\/fr\/wp-json\/wp\/v2\/posts\/213940\/revisions"}],"wp:featuredmedia":[{"embeddable":true,"href":"https:\/\/www.webdo.tn\/fr\/wp-json\/wp\/v2\/media\/247447"}],"wp:attachment":[{"href":"https:\/\/www.webdo.tn\/fr\/wp-json\/wp\/v2\/media?parent=213940"}],"wp:term":[{"taxonomy":"category","embeddable":true,"href":"https:\/\/www.webdo.tn\/fr\/wp-json\/wp\/v2\/categories?post=213940"},{"taxonomy":"post_tag","embeddable":true,"href":"https:\/\/www.webdo.tn\/fr\/wp-json\/wp\/v2\/tags?post=213940"}],"curies":[{"name":"wp","href":"https:\/\/api.w.org\/{rel}","templated":true}]}}