{"id":213936,"date":"2024-05-03T11:20:00","date_gmt":"2024-05-03T11:20:00","guid":{"rendered":"https:\/\/www.webdo.tn\/fr\/blog\/tunisie-kais-saied-se-penche-sur-le-conseil-superieur-de-l-education\/213936\/"},"modified":"2025-05-20T21:50:58","modified_gmt":"2025-05-20T21:50:58","slug":"tunisie-kais-saied-se-penche-sur-le-conseil-superieur-de-l-education","status":"publish","type":"post","link":"https:\/\/www.webdo.tn\/fr\/actualite\/national\/tunisie-kais-saied-se-penche-sur-le-conseil-superieur-de-l-education\/213936\/","title":{"rendered":"Tunisie : Kais Saied se penche sur le Conseil sup\u00e9rieur de l\u2019Education"},"content":{"rendered":"<p>Lors d\u2019une r\u00e9union qui s\u2019est tenue jeudi 2 mai 2024 au Palais de Carthage, le pr\u00e9sident de la R\u00e9publique, Kais Saied, s\u2019est entretenu avec deux ministres, celle de l\u2019Education et celui de l\u2019Enseignement sup\u00e9rieur et de la recherche scientifique.<\/p>\n<p>\t\t\t\t\t\t\t\t\tA la veille des examens nationaux, le pr\u00e9sident de la R\u00e9publique a convi\u00e9 deux ministres \u00e0 une r\u00e9union ax\u00e9e sur l\u2019enseignement. C\u2019est dans ce contexte qu\u2019une r\u00e9union s\u2019est tenue ce jeudi 2 mai 2024 au palais de Carthage en pr\u00e9sence de la ministre de l\u2019Education Saloua Abassi et du ministre de l\u2019Enseignement sup\u00e9rieur et de la recherche scientifique, charg\u00e9 des affaires culturelles,\u00a0 Moncef Boukthir, respectivement.<\/p>\n<p>Plusieurs points ont \u00e9t\u00e9 abord\u00e9s dont principalement l\u2019organisation des examens nationaux qui approchent \u00e0 grands pas, les pr\u00e9paratifs, etc. Dans ce contexte pr\u00e9cis, Kais Saied a tenu \u00e0 rappeler que \u00ab\u00a0les examens nationaux restent une ligne rouge, et que l\u2019on ne saura tol\u00e9rer un quelconque blocage ou marchandage, \u00e0 ce sujet\u00a0\u00bb en r\u00e9f\u00e9rence notamment au ph\u00e9nom\u00e8ne de fraudes et fuites de sujets notamment en ce qui concerne le baccalaur\u00e9at.<\/p>\n<p>Il a \u00e9galement abord\u00e9 la question du projet de loi inscrit dans la constitution du 25 juillet 2022, et portant sur la composition du Conseil sup\u00e9rieur de l\u2019Education, qui rev\u00eat, selon lui une importance<\/p>\n<p>Le chef de l\u2019Etat a, par ailleurs r\u00e9it\u00e9r\u00e9 \u00ab\u00a0la n\u00e9cessit\u00e9 de parvenir \u00e0 des solutions d\u00e9finitives \u00e0 la situation des enseignants suppl\u00e9ants, sur la base de crit\u00e8res objectifs pr\u00e9servant, en m\u00eame temps, leurs droits et ceux des \u00e9l\u00e8ves\u00a0\u00bb.<\/p>\n<p>Le pr\u00e9sident a, \u00e9galement exprim\u00e9 \u00ab\u00a0la n\u00e9cessit\u00e9 de revoir la politique culturelle en Tunisie, en vue d\u2019une culture fond\u00e9e sur une vraie libert\u00e9 de penser, et de cr\u00e9ation, et immunisant la soci\u00e9t\u00e9 contre l\u2019extr\u00e9misme et la vulgarit\u00e9. Nul avenir pour un peuple sans enseignement national, et sans culture nationale\u00a0\u00bb.<\/p>\n","protected":false},"excerpt":{"rendered":"<p>A la veille des examens nationaux, le pr\u00e9sident de la R\u00e9publique a convi\u00e9 deux ministres \u00e0 une r\u00e9union ax\u00e9e sur l\u2019enseignement. C\u2019est dans ce contexte qu\u2019une r\u00e9&#8230;<\/p>\n","protected":false},"author":3162,"featured_media":247448,"comment_status":"open","ping_status":"closed","sticky":false,"template":"","format":"standard","meta":{"footnotes":""},"categories":[44],"tags":[2634,2828,3264,2614,2608],"class_list":["post-213936","post","type-post","status-publish","format-standard","has-post-thumbnail","hentry","category-national","tag-education","tag-enseignement","tag-examens","tag-kais-saied","tag-tunisie"],"yoast_head":"<!-- This site is optimized with the Yoast SEO Premium plugin v27.5 (Yoast SEO v27.5) - https:\/\/yoast.com\/product\/yoast-seo-premium-wordpress\/ -->\n<title>Tunisie : Kais Saied se penche sur le Conseil sup\u00e9rieur de l\u2019Education<\/title>\n<meta name=\"description\" content=\"A la veille des examens nationaux, le pr\u00e9sident de la R\u00e9publique a convi\u00e9 deux ministres \u00e0 une r\u00e9union ax\u00e9e sur l\u2019enseignement. C\u2019est dans ce contexte qu\u2019une r\u00e9...\" \/>\n<link rel=\"canonical\" href=\"https:\/\/www.webdo.tn\/fr\/actualite\/national\/tunisie-kais-saied-se-penche-sur-le-conseil-superieur-de-l-education\/213936\/\" \/>\n<meta property=\"og:locale\" content=\"fr_FR\" \/>\n<meta property=\"og:type\" content=\"article\" \/>\n<meta property=\"og:title\" content=\"Tunisie : Kais Saied se penche sur le Conseil sup\u00e9rieur de l\u2019Education\" \/>\n<meta property=\"og:description\" content=\"A la veille des examens nationaux, le pr\u00e9sident de la R\u00e9publique a convi\u00e9 deux ministres \u00e0 une r\u00e9union ax\u00e9e sur l\u2019enseignement. C\u2019est dans ce contexte qu\u2019une r\u00e9...\" \/>\n<meta property=\"og:url\" content=\"https:\/\/www.webdo.tn\/fr\/actualite\/national\/tunisie-kais-saied-se-penche-sur-le-conseil-superieur-de-l-education\/213936\/\" \/>\n<meta property=\"og:site_name\" content=\"webdo\" \/>\n<meta property=\"article:publisher\" content=\"https:\/\/www.facebook.com\/webdotn\" \/>\n<meta property=\"article:published_time\" content=\"2024-05-03T11:20:00+00:00\" \/>\n<meta property=\"article:modified_time\" content=\"2025-05-20T21:50:58+00:00\" \/>\n<meta property=\"og:image\" content=\"https:\/\/www.webdo.tn\/fr\/wp-content\/uploads\/2024\/05\/4cf8ddee4899f1bbc660267025093ff4.webp\" \/>\n\t<meta property=\"og:image:width\" content=\"750\" \/>\n\t<meta property=\"og:image:height\" content=\"400\" \/>\n\t<meta property=\"og:image:type\" content=\"image\/webp\" \/>\n<meta name=\"author\" content=\"MC\" \/>\n<meta name=\"twitter:card\" content=\"summary_large_image\" \/>\n<meta name=\"twitter:creator\" content=\"@webdo_tn\" \/>\n<meta name=\"twitter:site\" content=\"@webdo_tn\" \/>\n<meta name=\"twitter:label1\" content=\"\u00c9crit par\" \/>\n\t<meta name=\"twitter:data1\" content=\"MC\" \/>\n\t<meta name=\"twitter:label2\" content=\"Dur\u00e9e de lecture estim\u00e9e\" \/>\n\t<meta name=\"twitter:data2\" content=\"2 minutes\" \/>\n<script type=\"application\/ld+json\" class=\"yoast-schema-graph\">{\"@context\":\"https:\\\/\\\/schema.org\",\"@graph\":[{\"@type\":\"NewsArticle\",\"@id\":\"https:\\\/\\\/www.webdo.tn\\\/fr\\\/actualite\\\/national\\\/tunisie-kais-saied-se-penche-sur-le-conseil-superieur-de-l-education\\\/213936\\\/#article\",\"isPartOf\":{\"@id\":\"https:\\\/\\\/www.webdo.tn\\\/fr\\\/actualite\\\/national\\\/tunisie-kais-saied-se-penche-sur-le-conseil-superieur-de-l-education\\\/213936\\\/\"},\"author\":{\"name\":\"MC\",\"@id\":\"https:\\\/\\\/www.webdo.tn\\\/fr\\\/#\\\/schema\\\/person\\\/2c4929cbf5a809e3bd38617c6ce150f6\"},\"headline\":\"Tunisie : Kais Saied se penche sur le Conseil sup\u00e9rieur de l\u2019Education\",\"datePublished\":\"2024-05-03T11:20:00+00:00\",\"dateModified\":\"2025-05-20T21:50:58+00:00\",\"mainEntityOfPage\":{\"@id\":\"https:\\\/\\\/www.webdo.tn\\\/fr\\\/actualite\\\/national\\\/tunisie-kais-saied-se-penche-sur-le-conseil-superieur-de-l-education\\\/213936\\\/\"},\"wordCount\":349,\"commentCount\":0,\"publisher\":{\"@id\":\"https:\\\/\\\/www.webdo.tn\\\/fr\\\/#organization\"},\"image\":{\"@id\":\"https:\\\/\\\/www.webdo.tn\\\/fr\\\/actualite\\\/national\\\/tunisie-kais-saied-se-penche-sur-le-conseil-superieur-de-l-education\\\/213936\\\/#primaryimage\"},\"thumbnailUrl\":\"https:\\\/\\\/www.webdo.tn\\\/fr\\\/wp-content\\\/uploads\\\/2024\\\/05\\\/4cf8ddee4899f1bbc660267025093ff4.webp\",\"keywords\":[\"\u00e9ducation\",\"enseignement\",\"examens\",\"Kais Saied\",\"Tunisie\"],\"articleSection\":[\"National\"],\"inLanguage\":\"fr-FR\"},{\"@type\":\"WebPage\",\"@id\":\"https:\\\/\\\/www.webdo.tn\\\/fr\\\/actualite\\\/national\\\/tunisie-kais-saied-se-penche-sur-le-conseil-superieur-de-l-education\\\/213936\\\/\",\"url\":\"https:\\\/\\\/www.webdo.tn\\\/fr\\\/actualite\\\/national\\\/tunisie-kais-saied-se-penche-sur-le-conseil-superieur-de-l-education\\\/213936\\\/\",\"name\":\"Tunisie : Kais Saied se penche sur le Conseil sup\u00e9rieur de l\u2019Education\",\"isPartOf\":{\"@id\":\"https:\\\/\\\/www.webdo.tn\\\/fr\\\/#website\"},\"primaryImageOfPage\":{\"@id\":\"https:\\\/\\\/www.webdo.tn\\\/fr\\\/actualite\\\/national\\\/tunisie-kais-saied-se-penche-sur-le-conseil-superieur-de-l-education\\\/213936\\\/#primaryimage\"},\"image\":{\"@id\":\"https:\\\/\\\/www.webdo.tn\\\/fr\\\/actualite\\\/national\\\/tunisie-kais-saied-se-penche-sur-le-conseil-superieur-de-l-education\\\/213936\\\/#primaryimage\"},\"thumbnailUrl\":\"https:\\\/\\\/www.webdo.tn\\\/fr\\\/wp-content\\\/uploads\\\/2024\\\/05\\\/4cf8ddee4899f1bbc660267025093ff4.webp\",\"datePublished\":\"2024-05-03T11:20:00+00:00\",\"dateModified\":\"2025-05-20T21:50:58+00:00\",\"description\":\"A la veille des examens nationaux, le pr\u00e9sident de la R\u00e9publique a convi\u00e9 deux ministres \u00e0 une r\u00e9union ax\u00e9e sur l\u2019enseignement. C\u2019est dans ce contexte qu\u2019une r\u00e9...\",\"breadcrumb\":{\"@id\":\"https:\\\/\\\/www.webdo.tn\\\/fr\\\/actualite\\\/national\\\/tunisie-kais-saied-se-penche-sur-le-conseil-superieur-de-l-education\\\/213936\\\/#breadcrumb\"},\"inLanguage\":\"fr-FR\",\"potentialAction\":[{\"@type\":\"ReadAction\",\"target\":[\"https:\\\/\\\/www.webdo.tn\\\/fr\\\/actualite\\\/national\\\/tunisie-kais-saied-se-penche-sur-le-conseil-superieur-de-l-education\\\/213936\\\/\"]}]},{\"@type\":\"ImageObject\",\"inLanguage\":\"fr-FR\",\"@id\":\"https:\\\/\\\/www.webdo.tn\\\/fr\\\/actualite\\\/national\\\/tunisie-kais-saied-se-penche-sur-le-conseil-superieur-de-l-education\\\/213936\\\/#primaryimage\",\"url\":\"https:\\\/\\\/www.webdo.tn\\\/fr\\\/wp-content\\\/uploads\\\/2024\\\/05\\\/4cf8ddee4899f1bbc660267025093ff4.webp\",\"contentUrl\":\"https:\\\/\\\/www.webdo.tn\\\/fr\\\/wp-content\\\/uploads\\\/2024\\\/05\\\/4cf8ddee4899f1bbc660267025093ff4.webp\",\"width\":750,\"height\":400,\"caption\":\"Tunisie : Kais Saied se penche sur le Conseil sup\u00e9rieur de l\u2019Education\"},{\"@type\":\"BreadcrumbList\",\"@id\":\"https:\\\/\\\/www.webdo.tn\\\/fr\\\/actualite\\\/national\\\/tunisie-kais-saied-se-penche-sur-le-conseil-superieur-de-l-education\\\/213936\\\/#breadcrumb\",\"itemListElement\":[{\"@type\":\"ListItem\",\"position\":1,\"name\":\"Accueil\",\"item\":\"https:\\\/\\\/www.webdo.tn\\\/fr\\\/\"},{\"@type\":\"ListItem\",\"position\":2,\"name\":\"Tunisie : Kais Saied se penche sur le Conseil sup\u00e9rieur de l\u2019Education\"}]},{\"@type\":\"WebSite\",\"@id\":\"https:\\\/\\\/www.webdo.tn\\\/fr\\\/#website\",\"url\":\"https:\\\/\\\/www.webdo.tn\\\/fr\\\/\",\"name\":\"webdo\",\"description\":\"Tunisie - News en Tunisie et \u00e0 l&#039;international sur Webdo.tn\",\"publisher\":{\"@id\":\"https:\\\/\\\/www.webdo.tn\\\/fr\\\/#organization\"},\"potentialAction\":[{\"@type\":\"SearchAction\",\"target\":{\"@type\":\"EntryPoint\",\"urlTemplate\":\"https:\\\/\\\/www.webdo.tn\\\/fr\\\/?s={search_term_string}\"},\"query-input\":{\"@type\":\"PropertyValueSpecification\",\"valueRequired\":true,\"valueName\":\"search_term_string\"}}],\"inLanguage\":\"fr-FR\"},{\"@type\":\"Organization\",\"@id\":\"https:\\\/\\\/www.webdo.tn\\\/fr\\\/#organization\",\"name\":\"Webdo\",\"alternateName\":\"Webdo.tn\",\"url\":\"https:\\\/\\\/www.webdo.tn\\\/fr\\\/\",\"logo\":{\"@type\":\"ImageObject\",\"inLanguage\":\"fr-FR\",\"@id\":\"https:\\\/\\\/www.webdo.tn\\\/fr\\\/#\\\/schema\\\/logo\\\/image\\\/\",\"url\":\"https:\\\/\\\/www.webdo.tn\\\/fr\\\/wp-content\\\/uploads\\\/2025\\\/06\\\/Webdo-Tunisie_168377.jpg\",\"contentUrl\":\"https:\\\/\\\/www.webdo.tn\\\/fr\\\/wp-content\\\/uploads\\\/2025\\\/06\\\/Webdo-Tunisie_168377.jpg\",\"width\":301,\"height\":301,\"caption\":\"Webdo\"},\"image\":{\"@id\":\"https:\\\/\\\/www.webdo.tn\\\/fr\\\/#\\\/schema\\\/logo\\\/image\\\/\"},\"sameAs\":[\"https:\\\/\\\/www.facebook.com\\\/webdotn\",\"https:\\\/\\\/x.com\\\/webdo_tn\"],\"description\":\"Webdo est un m\u00e9dia num\u00e9rique tunisien fond\u00e9 en 2010, sp\u00e9cialis\u00e9 dans l\u2019actualit\u00e9 nationale et internationale, l\u2019\u00e9conomie, la soci\u00e9t\u00e9 et les analyses politiques. Le site s\u2019adresse \u00e0 un large public francophone et couvre l\u2019information tunisienne en temps r\u00e9el.\",\"email\":\"redac@webdo.tn\",\"legalName\":\"YNJ SARL\",\"foundingDate\":\"2010-09-06\",\"numberOfEmployees\":{\"@type\":\"QuantitativeValue\",\"minValue\":\"11\",\"maxValue\":\"50\"}},{\"@type\":\"Person\",\"@id\":\"https:\\\/\\\/www.webdo.tn\\\/fr\\\/#\\\/schema\\\/person\\\/2c4929cbf5a809e3bd38617c6ce150f6\",\"name\":\"MC\",\"image\":{\"@type\":\"ImageObject\",\"inLanguage\":\"fr-FR\",\"@id\":\"https:\\\/\\\/secure.gravatar.com\\\/avatar\\\/a545bbb6f84efdd5553dbbc2895e3ca8f1d12c5215e00a041c9670b54aa9b18a?s=96&d=mm&r=g\",\"url\":\"https:\\\/\\\/secure.gravatar.com\\\/avatar\\\/a545bbb6f84efdd5553dbbc2895e3ca8f1d12c5215e00a041c9670b54aa9b18a?s=96&d=mm&r=g\",\"contentUrl\":\"https:\\\/\\\/secure.gravatar.com\\\/avatar\\\/a545bbb6f84efdd5553dbbc2895e3ca8f1d12c5215e00a041c9670b54aa9b18a?s=96&d=mm&r=g\",\"caption\":\"MC\"},\"url\":\"https:\\\/\\\/www.webdo.tn\\\/fr\\\/actualite\\\/author\\\/mc\\\/\"}]}<\/script>\n<!-- \/ Yoast SEO Premium plugin. -->","yoast_head_json":{"title":"Tunisie : Kais Saied se penche sur le Conseil sup\u00e9rieur de l\u2019Education","description":"A la veille des examens nationaux, le pr\u00e9sident de la R\u00e9publique a convi\u00e9 deux ministres \u00e0 une r\u00e9union ax\u00e9e sur l\u2019enseignement. C\u2019est dans ce contexte qu\u2019une r\u00e9...","canonical":"https:\/\/www.webdo.tn\/fr\/actualite\/national\/tunisie-kais-saied-se-penche-sur-le-conseil-superieur-de-l-education\/213936\/","og_locale":"fr_FR","og_type":"article","og_title":"Tunisie : Kais Saied se penche sur le Conseil sup\u00e9rieur de l\u2019Education","og_description":"A la veille des examens nationaux, le pr\u00e9sident de la R\u00e9publique a convi\u00e9 deux ministres \u00e0 une r\u00e9union ax\u00e9e sur l\u2019enseignement. C\u2019est dans ce contexte qu\u2019une r\u00e9...","og_url":"https:\/\/www.webdo.tn\/fr\/actualite\/national\/tunisie-kais-saied-se-penche-sur-le-conseil-superieur-de-l-education\/213936\/","og_site_name":"webdo","article_publisher":"https:\/\/www.facebook.com\/webdotn","article_published_time":"2024-05-03T11:20:00+00:00","article_modified_time":"2025-05-20T21:50:58+00:00","og_image":[{"width":750,"height":400,"url":"https:\/\/www.webdo.tn\/fr\/wp-content\/uploads\/2024\/05\/4cf8ddee4899f1bbc660267025093ff4.webp","type":"image\/webp"}],"author":"MC","twitter_card":"summary_large_image","twitter_creator":"@webdo_tn","twitter_site":"@webdo_tn","twitter_misc":{"\u00c9crit par":"MC","Dur\u00e9e de lecture estim\u00e9e":"2 minutes"},"schema":{"@context":"https:\/\/schema.org","@graph":[{"@type":"NewsArticle","@id":"https:\/\/www.webdo.tn\/fr\/actualite\/national\/tunisie-kais-saied-se-penche-sur-le-conseil-superieur-de-l-education\/213936\/#article","isPartOf":{"@id":"https:\/\/www.webdo.tn\/fr\/actualite\/national\/tunisie-kais-saied-se-penche-sur-le-conseil-superieur-de-l-education\/213936\/"},"author":{"name":"MC","@id":"https:\/\/www.webdo.tn\/fr\/#\/schema\/person\/2c4929cbf5a809e3bd38617c6ce150f6"},"headline":"Tunisie : Kais Saied se penche sur le Conseil sup\u00e9rieur de l\u2019Education","datePublished":"2024-05-03T11:20:00+00:00","dateModified":"2025-05-20T21:50:58+00:00","mainEntityOfPage":{"@id":"https:\/\/www.webdo.tn\/fr\/actualite\/national\/tunisie-kais-saied-se-penche-sur-le-conseil-superieur-de-l-education\/213936\/"},"wordCount":349,"commentCount":0,"publisher":{"@id":"https:\/\/www.webdo.tn\/fr\/#organization"},"image":{"@id":"https:\/\/www.webdo.tn\/fr\/actualite\/national\/tunisie-kais-saied-se-penche-sur-le-conseil-superieur-de-l-education\/213936\/#primaryimage"},"thumbnailUrl":"https:\/\/www.webdo.tn\/fr\/wp-content\/uploads\/2024\/05\/4cf8ddee4899f1bbc660267025093ff4.webp","keywords":["\u00e9ducation","enseignement","examens","Kais Saied","Tunisie"],"articleSection":["National"],"inLanguage":"fr-FR"},{"@type":"WebPage","@id":"https:\/\/www.webdo.tn\/fr\/actualite\/national\/tunisie-kais-saied-se-penche-sur-le-conseil-superieur-de-l-education\/213936\/","url":"https:\/\/www.webdo.tn\/fr\/actualite\/national\/tunisie-kais-saied-se-penche-sur-le-conseil-superieur-de-l-education\/213936\/","name":"Tunisie : Kais Saied se penche sur le Conseil sup\u00e9rieur de l\u2019Education","isPartOf":{"@id":"https:\/\/www.webdo.tn\/fr\/#website"},"primaryImageOfPage":{"@id":"https:\/\/www.webdo.tn\/fr\/actualite\/national\/tunisie-kais-saied-se-penche-sur-le-conseil-superieur-de-l-education\/213936\/#primaryimage"},"image":{"@id":"https:\/\/www.webdo.tn\/fr\/actualite\/national\/tunisie-kais-saied-se-penche-sur-le-conseil-superieur-de-l-education\/213936\/#primaryimage"},"thumbnailUrl":"https:\/\/www.webdo.tn\/fr\/wp-content\/uploads\/2024\/05\/4cf8ddee4899f1bbc660267025093ff4.webp","datePublished":"2024-05-03T11:20:00+00:00","dateModified":"2025-05-20T21:50:58+00:00","description":"A la veille des examens nationaux, le pr\u00e9sident de la R\u00e9publique a convi\u00e9 deux ministres \u00e0 une r\u00e9union ax\u00e9e sur l\u2019enseignement. C\u2019est dans ce contexte qu\u2019une r\u00e9...","breadcrumb":{"@id":"https:\/\/www.webdo.tn\/fr\/actualite\/national\/tunisie-kais-saied-se-penche-sur-le-conseil-superieur-de-l-education\/213936\/#breadcrumb"},"inLanguage":"fr-FR","potentialAction":[{"@type":"ReadAction","target":["https:\/\/www.webdo.tn\/fr\/actualite\/national\/tunisie-kais-saied-se-penche-sur-le-conseil-superieur-de-l-education\/213936\/"]}]},{"@type":"ImageObject","inLanguage":"fr-FR","@id":"https:\/\/www.webdo.tn\/fr\/actualite\/national\/tunisie-kais-saied-se-penche-sur-le-conseil-superieur-de-l-education\/213936\/#primaryimage","url":"https:\/\/www.webdo.tn\/fr\/wp-content\/uploads\/2024\/05\/4cf8ddee4899f1bbc660267025093ff4.webp","contentUrl":"https:\/\/www.webdo.tn\/fr\/wp-content\/uploads\/2024\/05\/4cf8ddee4899f1bbc660267025093ff4.webp","width":750,"height":400,"caption":"Tunisie : Kais Saied se penche sur le Conseil sup\u00e9rieur de l\u2019Education"},{"@type":"BreadcrumbList","@id":"https:\/\/www.webdo.tn\/fr\/actualite\/national\/tunisie-kais-saied-se-penche-sur-le-conseil-superieur-de-l-education\/213936\/#breadcrumb","itemListElement":[{"@type":"ListItem","position":1,"name":"Accueil","item":"https:\/\/www.webdo.tn\/fr\/"},{"@type":"ListItem","position":2,"name":"Tunisie : Kais Saied se penche sur le Conseil sup\u00e9rieur de l\u2019Education"}]},{"@type":"WebSite","@id":"https:\/\/www.webdo.tn\/fr\/#website","url":"https:\/\/www.webdo.tn\/fr\/","name":"webdo","description":"Tunisie - News en Tunisie et \u00e0 l&#039;international sur Webdo.tn","publisher":{"@id":"https:\/\/www.webdo.tn\/fr\/#organization"},"potentialAction":[{"@type":"SearchAction","target":{"@type":"EntryPoint","urlTemplate":"https:\/\/www.webdo.tn\/fr\/?s={search_term_string}"},"query-input":{"@type":"PropertyValueSpecification","valueRequired":true,"valueName":"search_term_string"}}],"inLanguage":"fr-FR"},{"@type":"Organization","@id":"https:\/\/www.webdo.tn\/fr\/#organization","name":"Webdo","alternateName":"Webdo.tn","url":"https:\/\/www.webdo.tn\/fr\/","logo":{"@type":"ImageObject","inLanguage":"fr-FR","@id":"https:\/\/www.webdo.tn\/fr\/#\/schema\/logo\/image\/","url":"https:\/\/www.webdo.tn\/fr\/wp-content\/uploads\/2025\/06\/Webdo-Tunisie_168377.jpg","contentUrl":"https:\/\/www.webdo.tn\/fr\/wp-content\/uploads\/2025\/06\/Webdo-Tunisie_168377.jpg","width":301,"height":301,"caption":"Webdo"},"image":{"@id":"https:\/\/www.webdo.tn\/fr\/#\/schema\/logo\/image\/"},"sameAs":["https:\/\/www.facebook.com\/webdotn","https:\/\/x.com\/webdo_tn"],"description":"Webdo est un m\u00e9dia num\u00e9rique tunisien fond\u00e9 en 2010, sp\u00e9cialis\u00e9 dans l\u2019actualit\u00e9 nationale et internationale, l\u2019\u00e9conomie, la soci\u00e9t\u00e9 et les analyses politiques. Le site s\u2019adresse \u00e0 un large public francophone et couvre l\u2019information tunisienne en temps r\u00e9el.","email":"redac@webdo.tn","legalName":"YNJ SARL","foundingDate":"2010-09-06","numberOfEmployees":{"@type":"QuantitativeValue","minValue":"11","maxValue":"50"}},{"@type":"Person","@id":"https:\/\/www.webdo.tn\/fr\/#\/schema\/person\/2c4929cbf5a809e3bd38617c6ce150f6","name":"MC","image":{"@type":"ImageObject","inLanguage":"fr-FR","@id":"https:\/\/secure.gravatar.com\/avatar\/a545bbb6f84efdd5553dbbc2895e3ca8f1d12c5215e00a041c9670b54aa9b18a?s=96&d=mm&r=g","url":"https:\/\/secure.gravatar.com\/avatar\/a545bbb6f84efdd5553dbbc2895e3ca8f1d12c5215e00a041c9670b54aa9b18a?s=96&d=mm&r=g","contentUrl":"https:\/\/secure.gravatar.com\/avatar\/a545bbb6f84efdd5553dbbc2895e3ca8f1d12c5215e00a041c9670b54aa9b18a?s=96&d=mm&r=g","caption":"MC"},"url":"https:\/\/www.webdo.tn\/fr\/actualite\/author\/mc\/"}]}},"_links":{"self":[{"href":"https:\/\/www.webdo.tn\/fr\/wp-json\/wp\/v2\/posts\/213936","targetHints":{"allow":["GET"]}}],"collection":[{"href":"https:\/\/www.webdo.tn\/fr\/wp-json\/wp\/v2\/posts"}],"about":[{"href":"https:\/\/www.webdo.tn\/fr\/wp-json\/wp\/v2\/types\/post"}],"author":[{"embeddable":true,"href":"https:\/\/www.webdo.tn\/fr\/wp-json\/wp\/v2\/users\/3162"}],"replies":[{"embeddable":true,"href":"https:\/\/www.webdo.tn\/fr\/wp-json\/wp\/v2\/comments?post=213936"}],"version-history":[{"count":0,"href":"https:\/\/www.webdo.tn\/fr\/wp-json\/wp\/v2\/posts\/213936\/revisions"}],"wp:featuredmedia":[{"embeddable":true,"href":"https:\/\/www.webdo.tn\/fr\/wp-json\/wp\/v2\/media\/247448"}],"wp:attachment":[{"href":"https:\/\/www.webdo.tn\/fr\/wp-json\/wp\/v2\/media?parent=213936"}],"wp:term":[{"taxonomy":"category","embeddable":true,"href":"https:\/\/www.webdo.tn\/fr\/wp-json\/wp\/v2\/categories?post=213936"},{"taxonomy":"post_tag","embeddable":true,"href":"https:\/\/www.webdo.tn\/fr\/wp-json\/wp\/v2\/tags?post=213936"}],"curies":[{"name":"wp","href":"https:\/\/api.w.org\/{rel}","templated":true}]}}